{"id":101885,"date":"2026-09-04T11:26:53","date_gmt":"2026-09-04T09:26:53","guid":{"rendered":"https:\/\/royalfamily.org\/?p=101885"},"modified":"2026-09-04T11:26:53","modified_gmt":"2026-09-04T09:26:53","slug":"princeza-katarina-urucila-pomoc-ustanovi-za-decu-i-mlade-sremcica","status":"publish","type":"post","link":"https:\/\/royalfamily.org\/lat\/princeza-katarina-urucila-pomoc-ustanovi-za-decu-i-mlade-sremcica\/","title":{"rendered":"PRINCEZA KATARINA URU\u010cILA POMO\u0106 USTANOVI ZA DECU I MLADE \u201eSREM\u010cICA\u201c"},"content":{"rendered":"<p><div class=\"fusion-fullwidth fullwidth-box fusion-builder-row-1 fusion-flex-container has-pattern-background has-mask-background nonhundred-percent-fullwidth non-hundred-percent-height-scrolling\" style=\"--awb-border-radius-top-left:0px;--awb-border-radius-top-right:0px;--awb-border-radius-bottom-right:0px;--awb-border-radius-bottom-left:0px;--awb-flex-wrap:wrap;\" ><div class=\"fusion-builder-row fusion-row fusion-flex-align-items-flex-start fusion-flex-content-wrap\" style=\"max-width:1664px;margin-left: calc(-4% \/ 2 );margin-right: calc(-4% \/ 2 );\"><div class=\"fusion-layout-column fusion_builder_column fusion-builder-column-0 fusion_builder_column_1_1 1_1 fusion-flex-column\" style=\"--awb-bg-size:cover;--awb-width-large:100%;--awb-margin-top-large:0px;--awb-spacing-right-large:1.92%;--awb-margin-bottom-large:20px;--awb-spacing-left-large:1.92%;--awb-width-medium:100%;--awb-order-medium:0;--awb-spacing-right-medium:1.92%;--awb-spacing-left-medium:1.92%;--awb-width-small:100%;--awb-order-small:0;--awb-spacing-right-small:1.92%;--awb-spacing-left-small:1.92%;\"><div class=\"fusion-column-wrapper fusion-column-has-shadow fusion-flex-justify-content-flex-start fusion-content-layout-column\"><div class=\"fusion-text fusion-text-1\"><p>Njihova Kraljevska Viso\u010danstva Prestolonaslednik Aleksandar i Princeza Katarina posetili su Ustanovu za decu i mlade \u201eSrem\u010dica\u201c i zvani\u010dno uru\u010dili veoma vrednu i preko potrebnu donaciju, koja \u0107e zna\u010dajno doprineti pobolj\u0161anju uslova \u017eivota korisnica\u00a0ove ustanove.<\/p>\n<p>Realizacija ovog projekta omogu\u0107ena je zahvaljuju\u0107i velikodu\u0161noj donaciji kompanije Tauk u iznosu od 100.000 dolara, kojom je podr\u017ean humanitarni rad organizacije Lajflajn \u010cikago, koja se ve\u0107 vi\u0161e od 30 godina nalazi pod pokroviteljstvom NJ.K.V. Princeze Katarine.<\/p>\n<p>Sredstvima iz ove donacije u potpunosti su renovirana \u010detiri velika kupatila i \u010detiri toaleta u\u00a0\u017eenskom paviljonu ustanove, koji su od otvaranja objekta 1969. godine ostali gotovo nepromenjeni. Radovi su obuhvatili uklanjanje postoje\u0107e opreme i instalacija, pripremu i rekonstrukciju prostorija, postavljanje novih vodovodnih i kanalizacionih instalacija, unapre\u0111enje elektri\u010dnih instalacija i postavljanje nove rasvete, kao i izvo\u0111enje hidroizolacionih i kerami\u010darskih radova i ugradnju nove sanitarne opreme.<\/p>\n<p>U okviru renoviranja\u00a0postavljeno je 12 novih tu\u0161-kabina, 32 umivaonika, 8 WC \u0161olja, 16 novih vrata, 4 drvene police i 8 novih bojlera, uz sve ostale neophodne radove kako bi prostorije bile uskla\u0111ene sa vi\u0161im standardima bezbednosti i higijene. Projekat je zna\u010dajno unapredio funkcionalnost ovih prostorija i uslove \u017eivota korisnica, obezbe\u0111uju\u0107i im ve\u0107e dostojanstvo, bezbednost i udobnost, u skladu sa osnovnim na\u010delima ljudskih prava i standardima brige o osetljivim kategorijama stanovni\u0161tva.<\/p>\n<p>\u201eDuboko smo zahvalni kompaniji Tauk na izuzetnoj velikodu\u0161nosti i na tome \u0161to je prepoznala da unapre\u0111enje osnovnih uslova mo\u017ee doneti zna\u010dajnu i dragocenu promenu u svakodnevnom \u017eivotu ljudi. Ovaj uspe\u0161no zavr\u0161en projekat odli\u010dan je primer onoga \u0161to se mo\u017ee posti\u0107i kada humanitarne organizacije i dru\u0161tveno odgovorne kompanije udru\u017ee snage za dobrobit onih kojima je pomo\u0107 potrebna, ali i \u010ditavog na\u0161eg dru\u0161tva\u201c, rekla je NJ.K.V. Princeza Katarina.<\/p>\n<p>\u201eOvakvi radovi mo\u017eda na prvi pogled deluju kao jednostavno pobolj\u0161anje uslova, ali za korisnice ove ustanove oni predstavljaju mnogo vi\u0161e: dostojanstvo, udobnost, bezbednost i po\u0161tovanje. Veoma smo sre\u0107ni \u0161to je ovaj va\u017ean projekat zavr\u0161en i \u0161to znamo da \u0107e mladim \u017eenama koje ovde \u017eive biti od koristi jo\u0161 mnogo godina.\u201d<\/p>\n<p>Partnerstvo kompanije Tauk i Humanitarne organizacije Lajflajn \u010cikago zasniva se na zajedni\u010dkim vrednostima saose\u0107anja, integriteta i po\u0161tovanja, kao i na uverenju da svaki \u010dovek zaslu\u017euje da \u017eivi dostojanstveno i uz odgovaraju\u0107u brigu. Zahvaljuju\u0107i partnerstvima poput ovog sa kompanijom Tauk, Lajflajn nastavlja svoju misiju pru\u017eanja konkretne pomo\u0107i i zna\u010dajne podr\u0161ke onima kojima je ona najpotrebnija.<\/p>\n<p>Kao \u0161to glasi vode\u0107e na\u010delo na\u0161e organizacije: \u201eZa patnju ne postoje granice\u201c, nastavi\u0107emo da poma\u017eemo gde god i kad god je to mogu\u0107e\u201c, zaklju\u010dila je Princeza Katarina.<\/p>\n<p>\u201cU ime svih korisnica i zaposlenih Ustanove za decu i mlade \u201eSrem\u010dica\u201c, upu\u0107ujem iskrenu zahvalnost kompaniji Tauk,\u00a0 Humanitarnoj organizaciji Lajflajn \u010cikago i porodici Kara\u0111or\u0111evi\u0107 na velikodu\u0161noj i kontinuiranoj podr\u0161ci koja je omogu\u0107ila zna\u010dajno unapre\u0111enje uslova \u017eivota na\u0161ih korisnica.<\/p>\n<p>Obnovljeni prostori predstavljaju va\u017ean korak ka obezbe\u0111ivanju ve\u0107eg komfora, bezbednosti i dostojanstva za korisnike koji \u017eive u na\u0161oj ustanovi. Posebno cenimo njihovu dugogodi\u0161nju posve\u0107enost i spremnost da prepoznaju na\u0161e potrebe i pru\u017ee konkretnu podr\u0161ku tamo gde je ona najpotrebnija. Hvala im na poverenju, humanosti i kontinuiranoj brizi\u201d\u2013 rekla je dr Marina Vidojevi\u0107.<\/p>\n<\/div><\/div><\/div><\/div><\/div><div class=\"fusion-fullwidth fullwidth-box fusion-builder-row-2 fusion-flex-container has-pattern-background has-mask-background nonhundred-percent-fullwidth non-hundred-percent-height-scrolling\" style=\"--awb-border-radius-top-left:0px;--awb-border-radius-top-right:0px;--awb-border-radius-bottom-right:0px;--awb-border-radius-bottom-left:0px;--awb-flex-wrap:wrap;\" ><div class=\"fusion-builder-row fusion-row fusion-flex-align-items-flex-start fusion-flex-content-wrap\" style=\"max-width:1664px;margin-left: calc(-4% \/ 2 );margin-right: calc(-4% \/ 2 );\"><div class=\"fusion-layout-column fusion_builder_column fusion-builder-column-1 fusion_builder_column_1_1 1_1 fusion-flex-column\" style=\"--awb-bg-size:cover;--awb-width-large:100%;--awb-margin-top-large:0px;--awb-spacing-right-large:1.92%;--awb-margin-bottom-large:20px;--awb-spacing-left-large:1.92%;--awb-width-medium:100%;--awb-order-medium:0;--awb-spacing-right-medium:1.92%;--awb-spacing-left-medium:1.92%;--awb-width-small:100%;--awb-order-small:0;--awb-spacing-right-small:1.92%;--awb-spacing-left-small:1.92%;\"><div class=\"fusion-column-wrapper fusion-column-has-shadow fusion-flex-justify-content-flex-start fusion-content-layout-column\"><div class=\"awb-gallery-wrapper awb-gallery-wrapper-1 button-span-no\" style=\"--more-btn-alignment:center;\" data-limit=\"20\" data-page=\"1\"><div style=\"margin:-5px;--awb-bordersize:0px;\" class=\"fusion-gallery fusion-gallery-container fusion-grid-3 fusion-columns-total-19 fusion-gallery-layout-grid fusion-gallery-1\"><div style=\"padding:5px;\" class=\"fusion-grid-column fusion-gallery-column fusion-gallery-column-3 hover-type-zoomin\"><div class=\"fusion-gallery-image\"><a href=\"https:\/\/royalfamily.org\/wp-content\/uploads\/2026\/09\/1-scaled.jpg\" rel=\"noreferrer\" data-rel=\"iLightbox[gallery_image_1]\" class=\"fusion-lightbox\" target=\"_self\"><img decoding=\"async\" src=\"https:\/\/royalfamily.org\/wp-content\/uploads\/2026\/09\/1-scaled.jpg\" width=\"2560\" height=\"1707\" alt=\"\" title=\"1\" aria-label=\"1\" class=\"img-responsive wp-image-101818\" srcset=\"https:\/\/royalfamily.org\/wp-content\/uploads\/2026\/09\/1-200x133.jpg 200w, https:\/\/royalfamily.org\/wp-content\/uploads\/2026\/09\/1-400x267.jpg 400w, https:\/\/royalfamily.org\/wp-content\/uploads\/2026\/09\/1-600x400.jpg 600w, https:\/\/royalfamily.org\/wp-content\/uploads\/2026\/09\/1-800x533.jpg 800w, https:\/\/royalfamily.org\/wp-content\/uploads\/2026\/09\/1-1200x800.jpg 1200w, https:\/\/royalfamily.org\/wp-content\/uploads\/2026\/09\/1-scaled.jpg 2560w\" sizes=\"(min-width: 2200px) 100vw, (min-width: 824px) 530px, (min-width: 732px) 824px, (min-width: 640px) 732px, \" \/><\/a><\/div><\/div><div style=\"padding:5px;\" class=\"fusion-grid-column fusion-gallery-column fusion-gallery-column-3 hover-type-zoomin\"><div class=\"fusion-gallery-image\"><a href=\"https:\/\/royalfamily.org\/wp-content\/uploads\/2026\/09\/2-scaled.jpg\" rel=\"noreferrer\" data-rel=\"iLightbox[gallery_image_1]\" class=\"fusion-lightbox\" target=\"_self\"><img decoding=\"async\" src=\"https:\/\/royalfamily.org\/wp-content\/uploads\/2026\/09\/2-scaled.jpg\" width=\"2560\" height=\"1707\" alt=\"\" title=\"2\" aria-label=\"2\" class=\"img-responsive wp-image-101821\" srcset=\"https:\/\/royalfamily.org\/wp-content\/uploads\/2026\/09\/2-200x133.jpg 200w, https:\/\/royalfamily.org\/wp-content\/uploads\/2026\/09\/2-400x267.jpg 400w, https:\/\/royalfamily.org\/wp-content\/uploads\/2026\/09\/2-600x400.jpg 600w, https:\/\/royalfamily.org\/wp-content\/uploads\/2026\/09\/2-800x533.jpg 800w, https:\/\/royalfamily.org\/wp-content\/uploads\/2026\/09\/2-1200x800.jpg 1200w, https:\/\/royalfamily.org\/wp-content\/uploads\/2026\/09\/2-scaled.jpg 2560w\" sizes=\"(min-width: 2200px) 100vw, (min-width: 824px) 530px, (min-width: 732px) 824px, (min-width: 640px) 732px, \" \/><\/a><\/div><\/div><div style=\"padding:5px;\" class=\"fusion-grid-column fusion-gallery-column fusion-gallery-column-3 hover-type-zoomin\"><div class=\"fusion-gallery-image\"><a href=\"https:\/\/royalfamily.org\/wp-content\/uploads\/2026\/09\/3-scaled.jpg\" rel=\"noreferrer\" data-rel=\"iLightbox[gallery_image_1]\" class=\"fusion-lightbox\" target=\"_self\"><img decoding=\"async\" src=\"https:\/\/royalfamily.org\/wp-content\/uploads\/2026\/09\/3-scaled.jpg\" width=\"2560\" height=\"1707\" alt=\"\" title=\"3\" aria-label=\"3\" class=\"img-responsive wp-image-101824\" srcset=\"https:\/\/royalfamily.org\/wp-content\/uploads\/2026\/09\/3-200x133.jpg 200w, https:\/\/royalfamily.org\/wp-content\/uploads\/2026\/09\/3-400x267.jpg 400w, https:\/\/royalfamily.org\/wp-content\/uploads\/2026\/09\/3-600x400.jpg 600w, https:\/\/royalfamily.org\/wp-content\/uploads\/2026\/09\/3-800x533.jpg 800w, https:\/\/royalfamily.org\/wp-content\/uploads\/2026\/09\/3-1200x800.jpg 1200w, https:\/\/royalfamily.org\/wp-content\/uploads\/2026\/09\/3-scaled.jpg 2560w\" sizes=\"(min-width: 2200px) 100vw, (min-width: 824px) 530px, (min-width: 732px) 824px, (min-width: 640px) 732px, \" \/><\/a><\/div><\/div><div class=\"clearfix\"><\/div><div style=\"padding:5px;\" class=\"fusion-grid-column fusion-gallery-column fusion-gallery-column-3 hover-type-zoomin\"><div class=\"fusion-gallery-image\"><a href=\"https:\/\/royalfamily.org\/wp-content\/uploads\/2026\/09\/4-scaled.jpg\" rel=\"noreferrer\" data-rel=\"iLightbox[gallery_image_1]\" class=\"fusion-lightbox\" target=\"_self\"><img decoding=\"async\" src=\"https:\/\/royalfamily.org\/wp-content\/uploads\/2026\/09\/4-scaled.jpg\" width=\"2560\" height=\"1707\" alt=\"\" title=\"4\" aria-label=\"4\" class=\"img-responsive wp-image-101827\" srcset=\"https:\/\/royalfamily.org\/wp-content\/uploads\/2026\/09\/4-200x133.jpg 200w, https:\/\/royalfamily.org\/wp-content\/uploads\/2026\/09\/4-400x267.jpg 400w, https:\/\/royalfamily.org\/wp-content\/uploads\/2026\/09\/4-600x400.jpg 600w, https:\/\/royalfamily.org\/wp-content\/uploads\/2026\/09\/4-800x533.jpg 800w, https:\/\/royalfamily.org\/wp-content\/uploads\/2026\/09\/4-1200x800.jpg 1200w, https:\/\/royalfamily.org\/wp-content\/uploads\/2026\/09\/4-scaled.jpg 2560w\" sizes=\"(min-width: 2200px) 100vw, (min-width: 824px) 530px, (min-width: 732px) 824px, (min-width: 640px) 732px, \" \/><\/a><\/div><\/div><div style=\"padding:5px;\" class=\"fusion-grid-column fusion-gallery-column fusion-gallery-column-3 hover-type-zoomin\"><div class=\"fusion-gallery-image\"><a href=\"https:\/\/royalfamily.org\/wp-content\/uploads\/2026\/09\/5-scaled.jpg\" rel=\"noreferrer\" data-rel=\"iLightbox[gallery_image_1]\" class=\"fusion-lightbox\" target=\"_self\"><img decoding=\"async\" src=\"https:\/\/royalfamily.org\/wp-content\/uploads\/2026\/09\/5-scaled.jpg\" width=\"2560\" height=\"1707\" alt=\"\" title=\"5\" aria-label=\"5\" class=\"img-responsive wp-image-101830\" srcset=\"https:\/\/royalfamily.org\/wp-content\/uploads\/2026\/09\/5-200x133.jpg 200w, https:\/\/royalfamily.org\/wp-content\/uploads\/2026\/09\/5-400x267.jpg 400w, https:\/\/royalfamily.org\/wp-content\/uploads\/2026\/09\/5-600x400.jpg 600w, https:\/\/royalfamily.org\/wp-content\/uploads\/2026\/09\/5-800x533.jpg 800w, https:\/\/royalfamily.org\/wp-content\/uploads\/2026\/09\/5-1200x800.jpg 1200w, https:\/\/royalfamily.org\/wp-content\/uploads\/2026\/09\/5-scaled.jpg 2560w\" sizes=\"(min-width: 2200px) 100vw, (min-width: 824px) 530px, (min-width: 732px) 824px, (min-width: 640px) 732px, \" \/><\/a><\/div><\/div><div style=\"padding:5px;\" class=\"fusion-grid-column fusion-gallery-column fusion-gallery-column-3 hover-type-zoomin\"><div class=\"fusion-gallery-image\"><a href=\"https:\/\/royalfamily.org\/wp-content\/uploads\/2026\/09\/6-scaled.jpg\" rel=\"noreferrer\" data-rel=\"iLightbox[gallery_image_1]\" class=\"fusion-lightbox\" target=\"_self\"><img decoding=\"async\" src=\"https:\/\/royalfamily.org\/wp-content\/uploads\/2026\/09\/6-scaled.jpg\" width=\"2560\" height=\"1707\" alt=\"\" title=\"6\" aria-label=\"6\" class=\"img-responsive wp-image-101833\" srcset=\"https:\/\/royalfamily.org\/wp-content\/uploads\/2026\/09\/6-200x133.jpg 200w, https:\/\/royalfamily.org\/wp-content\/uploads\/2026\/09\/6-400x267.jpg 400w, https:\/\/royalfamily.org\/wp-content\/uploads\/2026\/09\/6-600x400.jpg 600w, https:\/\/royalfamily.org\/wp-content\/uploads\/2026\/09\/6-800x533.jpg 800w, https:\/\/royalfamily.org\/wp-content\/uploads\/2026\/09\/6-1200x800.jpg 1200w, https:\/\/royalfamily.org\/wp-content\/uploads\/2026\/09\/6-scaled.jpg 2560w\" sizes=\"(min-width: 2200px) 100vw, (min-width: 824px) 530px, (min-width: 732px) 824px, (min-width: 640px) 732px, \" \/><\/a><\/div><\/div><div class=\"clearfix\"><\/div><div style=\"padding:5px;\" class=\"fusion-grid-column fusion-gallery-column fusion-gallery-column-3 hover-type-zoomin\"><div class=\"fusion-gallery-image\"><a href=\"https:\/\/royalfamily.org\/wp-content\/uploads\/2026\/09\/7-scaled.jpg\" rel=\"noreferrer\" data-rel=\"iLightbox[gallery_image_1]\" class=\"fusion-lightbox\" target=\"_self\"><img decoding=\"async\" src=\"https:\/\/royalfamily.org\/wp-content\/uploads\/2026\/09\/7-scaled.jpg\" width=\"2560\" height=\"1707\" alt=\"\" title=\"7\" aria-label=\"7\" class=\"img-responsive wp-image-101836\" srcset=\"https:\/\/royalfamily.org\/wp-content\/uploads\/2026\/09\/7-200x133.jpg 200w, https:\/\/royalfamily.org\/wp-content\/uploads\/2026\/09\/7-400x267.jpg 400w, https:\/\/royalfamily.org\/wp-content\/uploads\/2026\/09\/7-600x400.jpg 600w, https:\/\/royalfamily.org\/wp-content\/uploads\/2026\/09\/7-800x533.jpg 800w, https:\/\/royalfamily.org\/wp-content\/uploads\/2026\/09\/7-1200x800.jpg 1200w, https:\/\/royalfamily.org\/wp-content\/uploads\/2026\/09\/7-scaled.jpg 2560w\" sizes=\"(min-width: 2200px) 100vw, (min-width: 824px) 530px, (min-width: 732px) 824px, (min-width: 640px) 732px, \" \/><\/a><\/div><\/div><div style=\"padding:5px;\" class=\"fusion-grid-column fusion-gallery-column fusion-gallery-column-3 hover-type-zoomin\"><div class=\"fusion-gallery-image\"><a href=\"https:\/\/royalfamily.org\/wp-content\/uploads\/2026\/09\/8-scaled.jpg\" rel=\"noreferrer\" data-rel=\"iLightbox[gallery_image_1]\" class=\"fusion-lightbox\" target=\"_self\"><img decoding=\"async\" src=\"https:\/\/royalfamily.org\/wp-content\/uploads\/2026\/09\/8-scaled.jpg\" width=\"2560\" height=\"1707\" alt=\"\" title=\"8\" aria-label=\"8\" class=\"img-responsive wp-image-101839\" srcset=\"https:\/\/royalfamily.org\/wp-content\/uploads\/2026\/09\/8-200x133.jpg 200w, https:\/\/royalfamily.org\/wp-content\/uploads\/2026\/09\/8-400x267.jpg 400w, https:\/\/royalfamily.org\/wp-content\/uploads\/2026\/09\/8-600x400.jpg 600w, https:\/\/royalfamily.org\/wp-content\/uploads\/2026\/09\/8-800x533.jpg 800w, https:\/\/royalfamily.org\/wp-content\/uploads\/2026\/09\/8-1200x800.jpg 1200w, https:\/\/royalfamily.org\/wp-content\/uploads\/2026\/09\/8-scaled.jpg 2560w\" sizes=\"(min-width: 2200px) 100vw, (min-width: 824px) 530px, (min-width: 732px) 824px, (min-width: 640px) 732px, \" \/><\/a><\/div><\/div><div style=\"padding:5px;\" class=\"fusion-grid-column fusion-gallery-column fusion-gallery-column-3 hover-type-zoomin\"><div class=\"fusion-gallery-image\"><a href=\"https:\/\/royalfamily.org\/wp-content\/uploads\/2026\/09\/9-scaled.jpg\" rel=\"noreferrer\" data-rel=\"iLightbox[gallery_image_1]\" class=\"fusion-lightbox\" target=\"_self\"><img decoding=\"async\" src=\"https:\/\/royalfamily.org\/wp-content\/uploads\/2026\/09\/9-scaled.jpg\" width=\"2560\" height=\"1707\" alt=\"\" title=\"9\" aria-label=\"9\" class=\"img-responsive wp-image-101842\" srcset=\"https:\/\/royalfamily.org\/wp-content\/uploads\/2026\/09\/9-200x133.jpg 200w, https:\/\/royalfamily.org\/wp-content\/uploads\/2026\/09\/9-400x267.jpg 400w, https:\/\/royalfamily.org\/wp-content\/uploads\/2026\/09\/9-600x400.jpg 600w, https:\/\/royalfamily.org\/wp-content\/uploads\/2026\/09\/9-800x533.jpg 800w, https:\/\/royalfamily.org\/wp-content\/uploads\/2026\/09\/9-1200x800.jpg 1200w, https:\/\/royalfamily.org\/wp-content\/uploads\/2026\/09\/9-scaled.jpg 2560w\" sizes=\"(min-width: 2200px) 100vw, (min-width: 824px) 530px, (min-width: 732px) 824px, (min-width: 640px) 732px, \" \/><\/a><\/div><\/div><div class=\"clearfix\"><\/div><div style=\"padding:5px;\" class=\"fusion-grid-column fusion-gallery-column fusion-gallery-column-3 hover-type-zoomin\"><div class=\"fusion-gallery-image\"><a href=\"https:\/\/royalfamily.org\/wp-content\/uploads\/2026\/09\/10-scaled.jpg\" rel=\"noreferrer\" data-rel=\"iLightbox[gallery_image_1]\" class=\"fusion-lightbox\" target=\"_self\"><img decoding=\"async\" src=\"https:\/\/royalfamily.org\/wp-content\/uploads\/2026\/09\/10-scaled.jpg\" width=\"2560\" height=\"1707\" alt=\"\" title=\"10\" aria-label=\"10\" class=\"img-responsive wp-image-101845\" srcset=\"https:\/\/royalfamily.org\/wp-content\/uploads\/2026\/09\/10-200x133.jpg 200w, https:\/\/royalfamily.org\/wp-content\/uploads\/2026\/09\/10-400x267.jpg 400w, https:\/\/royalfamily.org\/wp-content\/uploads\/2026\/09\/10-600x400.jpg 600w, https:\/\/royalfamily.org\/wp-content\/uploads\/2026\/09\/10-800x533.jpg 800w, https:\/\/royalfamily.org\/wp-content\/uploads\/2026\/09\/10-1200x800.jpg 1200w, https:\/\/royalfamily.org\/wp-content\/uploads\/2026\/09\/10-scaled.jpg 2560w\" sizes=\"(min-width: 2200px) 100vw, (min-width: 824px) 530px, (min-width: 732px) 824px, (min-width: 640px) 732px, \" \/><\/a><\/div><\/div><div style=\"padding:5px;\" class=\"fusion-grid-column fusion-gallery-column fusion-gallery-column-3 hover-type-zoomin\"><div class=\"fusion-gallery-image\"><a href=\"https:\/\/royalfamily.org\/wp-content\/uploads\/2026\/09\/11-scaled.jpg\" rel=\"noreferrer\" data-rel=\"iLightbox[gallery_image_1]\" class=\"fusion-lightbox\" target=\"_self\"><img decoding=\"async\" src=\"https:\/\/royalfamily.org\/wp-content\/uploads\/2026\/09\/11-scaled.jpg\" width=\"2560\" height=\"1707\" alt=\"\" title=\"11\" aria-label=\"11\" class=\"img-responsive wp-image-101848\" srcset=\"https:\/\/royalfamily.org\/wp-content\/uploads\/2026\/09\/11-200x133.jpg 200w, https:\/\/royalfamily.org\/wp-content\/uploads\/2026\/09\/11-400x267.jpg 400w, https:\/\/royalfamily.org\/wp-content\/uploads\/2026\/09\/11-600x400.jpg 600w, https:\/\/royalfamily.org\/wp-content\/uploads\/2026\/09\/11-800x533.jpg 800w, https:\/\/royalfamily.org\/wp-content\/uploads\/2026\/09\/11-1200x800.jpg 1200w, https:\/\/royalfamily.org\/wp-content\/uploads\/2026\/09\/11-scaled.jpg 2560w\" sizes=\"(min-width: 2200px) 100vw, (min-width: 824px) 530px, (min-width: 732px) 824px, (min-width: 640px) 732px, \" \/><\/a><\/div><\/div><div style=\"padding:5px;\" class=\"fusion-grid-column fusion-gallery-column fusion-gallery-column-3 hover-type-zoomin\"><div class=\"fusion-gallery-image\"><a href=\"https:\/\/royalfamily.org\/wp-content\/uploads\/2026\/09\/12-scaled.jpg\" rel=\"noreferrer\" data-rel=\"iLightbox[gallery_image_1]\" class=\"fusion-lightbox\" target=\"_self\"><img decoding=\"async\" src=\"https:\/\/royalfamily.org\/wp-content\/uploads\/2026\/09\/12-scaled.jpg\" width=\"2560\" height=\"1707\" alt=\"\" title=\"12\" aria-label=\"12\" class=\"img-responsive wp-image-101851\" srcset=\"https:\/\/royalfamily.org\/wp-content\/uploads\/2026\/09\/12-200x133.jpg 200w, https:\/\/royalfamily.org\/wp-content\/uploads\/2026\/09\/12-400x267.jpg 400w, https:\/\/royalfamily.org\/wp-content\/uploads\/2026\/09\/12-600x400.jpg 600w, https:\/\/royalfamily.org\/wp-content\/uploads\/2026\/09\/12-800x533.jpg 800w, https:\/\/royalfamily.org\/wp-content\/uploads\/2026\/09\/12-1200x800.jpg 1200w, https:\/\/royalfamily.org\/wp-content\/uploads\/2026\/09\/12-scaled.jpg 2560w\" sizes=\"(min-width: 2200px) 100vw, (min-width: 824px) 530px, (min-width: 732px) 824px, (min-width: 640px) 732px, \" \/><\/a><\/div><\/div><div class=\"clearfix\"><\/div><div style=\"padding:5px;\" class=\"fusion-grid-column fusion-gallery-column fusion-gallery-column-3 hover-type-zoomin\"><div class=\"fusion-gallery-image\"><a href=\"https:\/\/royalfamily.org\/wp-content\/uploads\/2026\/09\/13-scaled.jpg\" rel=\"noreferrer\" data-rel=\"iLightbox[gallery_image_1]\" class=\"fusion-lightbox\" target=\"_self\"><img decoding=\"async\" src=\"https:\/\/royalfamily.org\/wp-content\/uploads\/2026\/09\/13-scaled.jpg\" width=\"2560\" height=\"1707\" alt=\"\" title=\"13\" aria-label=\"13\" class=\"img-responsive wp-image-101854\" srcset=\"https:\/\/royalfamily.org\/wp-content\/uploads\/2026\/09\/13-200x133.jpg 200w, https:\/\/royalfamily.org\/wp-content\/uploads\/2026\/09\/13-400x267.jpg 400w, https:\/\/royalfamily.org\/wp-content\/uploads\/2026\/09\/13-600x400.jpg 600w, https:\/\/royalfamily.org\/wp-content\/uploads\/2026\/09\/13-800x533.jpg 800w, https:\/\/royalfamily.org\/wp-content\/uploads\/2026\/09\/13-1200x800.jpg 1200w, https:\/\/royalfamily.org\/wp-content\/uploads\/2026\/09\/13-scaled.jpg 2560w\" sizes=\"(min-width: 2200px) 100vw, (min-width: 824px) 530px, (min-width: 732px) 824px, (min-width: 640px) 732px, \" \/><\/a><\/div><\/div><div style=\"padding:5px;\" class=\"fusion-grid-column fusion-gallery-column fusion-gallery-column-3 hover-type-zoomin\"><div class=\"fusion-gallery-image\"><a href=\"https:\/\/royalfamily.org\/wp-content\/uploads\/2026\/09\/14-scaled.jpg\" rel=\"noreferrer\" data-rel=\"iLightbox[gallery_image_1]\" class=\"fusion-lightbox\" target=\"_self\"><img decoding=\"async\" src=\"https:\/\/royalfamily.org\/wp-content\/uploads\/2026\/09\/14-scaled.jpg\" width=\"2560\" height=\"1707\" alt=\"\" title=\"14\" aria-label=\"14\" class=\"img-responsive wp-image-101857\" srcset=\"https:\/\/royalfamily.org\/wp-content\/uploads\/2026\/09\/14-200x133.jpg 200w, https:\/\/royalfamily.org\/wp-content\/uploads\/2026\/09\/14-400x267.jpg 400w, https:\/\/royalfamily.org\/wp-content\/uploads\/2026\/09\/14-600x400.jpg 600w, https:\/\/royalfamily.org\/wp-content\/uploads\/2026\/09\/14-800x533.jpg 800w, https:\/\/royalfamily.org\/wp-content\/uploads\/2026\/09\/14-1200x800.jpg 1200w, https:\/\/royalfamily.org\/wp-content\/uploads\/2026\/09\/14-scaled.jpg 2560w\" sizes=\"(min-width: 2200px) 100vw, (min-width: 824px) 530px, (min-width: 732px) 824px, (min-width: 640px) 732px, \" \/><\/a><\/div><\/div><div style=\"padding:5px;\" class=\"fusion-grid-column fusion-gallery-column fusion-gallery-column-3 hover-type-zoomin\"><div class=\"fusion-gallery-image\"><a href=\"https:\/\/royalfamily.org\/wp-content\/uploads\/2026\/09\/15-scaled.jpg\" rel=\"noreferrer\" data-rel=\"iLightbox[gallery_image_1]\" class=\"fusion-lightbox\" target=\"_self\"><img decoding=\"async\" src=\"https:\/\/royalfamily.org\/wp-content\/uploads\/2026\/09\/15-scaled.jpg\" width=\"2560\" height=\"1707\" alt=\"\" title=\"15\" aria-label=\"15\" class=\"img-responsive wp-image-101860\" srcset=\"https:\/\/royalfamily.org\/wp-content\/uploads\/2026\/09\/15-200x133.jpg 200w, https:\/\/royalfamily.org\/wp-content\/uploads\/2026\/09\/15-400x267.jpg 400w, https:\/\/royalfamily.org\/wp-content\/uploads\/2026\/09\/15-600x400.jpg 600w, https:\/\/royalfamily.org\/wp-content\/uploads\/2026\/09\/15-800x533.jpg 800w, https:\/\/royalfamily.org\/wp-content\/uploads\/2026\/09\/15-1200x800.jpg 1200w, https:\/\/royalfamily.org\/wp-content\/uploads\/2026\/09\/15-scaled.jpg 2560w\" sizes=\"(min-width: 2200px) 100vw, (min-width: 824px) 530px, (min-width: 732px) 824px, (min-width: 640px) 732px, \" \/><\/a><\/div><\/div><div class=\"clearfix\"><\/div><div style=\"padding:5px;\" class=\"fusion-grid-column fusion-gallery-column fusion-gallery-column-3 hover-type-zoomin\"><div class=\"fusion-gallery-image\"><a href=\"https:\/\/royalfamily.org\/wp-content\/uploads\/2026\/09\/16-scaled.jpg\" rel=\"noreferrer\" data-rel=\"iLightbox[gallery_image_1]\" class=\"fusion-lightbox\" target=\"_self\"><img decoding=\"async\" src=\"https:\/\/royalfamily.org\/wp-content\/uploads\/2026\/09\/16-scaled.jpg\" width=\"2560\" height=\"1707\" alt=\"\" title=\"16\" aria-label=\"16\" class=\"img-responsive wp-image-101863\" srcset=\"https:\/\/royalfamily.org\/wp-content\/uploads\/2026\/09\/16-200x133.jpg 200w, https:\/\/royalfamily.org\/wp-content\/uploads\/2026\/09\/16-400x267.jpg 400w, https:\/\/royalfamily.org\/wp-content\/uploads\/2026\/09\/16-600x400.jpg 600w, https:\/\/royalfamily.org\/wp-content\/uploads\/2026\/09\/16-800x533.jpg 800w, https:\/\/royalfamily.org\/wp-content\/uploads\/2026\/09\/16-1200x800.jpg 1200w, https:\/\/royalfamily.org\/wp-content\/uploads\/2026\/09\/16-scaled.jpg 2560w\" sizes=\"(min-width: 2200px) 100vw, (min-width: 824px) 530px, (min-width: 732px) 824px, (min-width: 640px) 732px, \" \/><\/a><\/div><\/div><div style=\"padding:5px;\" class=\"fusion-grid-column fusion-gallery-column fusion-gallery-column-3 hover-type-zoomin\"><div class=\"fusion-gallery-image\"><a href=\"https:\/\/royalfamily.org\/wp-content\/uploads\/2026\/09\/17-scaled.jpg\" rel=\"noreferrer\" data-rel=\"iLightbox[gallery_image_1]\" class=\"fusion-lightbox\" target=\"_self\"><img decoding=\"async\" src=\"https:\/\/royalfamily.org\/wp-content\/uploads\/2026\/09\/17-scaled.jpg\" width=\"2560\" height=\"1707\" alt=\"\" title=\"17\" aria-label=\"17\" class=\"img-responsive wp-image-101866\" srcset=\"https:\/\/royalfamily.org\/wp-content\/uploads\/2026\/09\/17-200x133.jpg 200w, https:\/\/royalfamily.org\/wp-content\/uploads\/2026\/09\/17-400x267.jpg 400w, https:\/\/royalfamily.org\/wp-content\/uploads\/2026\/09\/17-600x400.jpg 600w, https:\/\/royalfamily.org\/wp-content\/uploads\/2026\/09\/17-800x533.jpg 800w, https:\/\/royalfamily.org\/wp-content\/uploads\/2026\/09\/17-1200x800.jpg 1200w, https:\/\/royalfamily.org\/wp-content\/uploads\/2026\/09\/17-scaled.jpg 2560w\" sizes=\"(min-width: 2200px) 100vw, (min-width: 824px) 530px, (min-width: 732px) 824px, (min-width: 640px) 732px, \" \/><\/a><\/div><\/div><div style=\"padding:5px;\" class=\"fusion-grid-column fusion-gallery-column fusion-gallery-column-3 hover-type-zoomin\"><div class=\"fusion-gallery-image\"><a href=\"https:\/\/royalfamily.org\/wp-content\/uploads\/2026\/09\/18-scaled.jpg\" rel=\"noreferrer\" data-rel=\"iLightbox[gallery_image_1]\" class=\"fusion-lightbox\" target=\"_self\"><img decoding=\"async\" src=\"https:\/\/royalfamily.org\/wp-content\/uploads\/2026\/09\/18-scaled.jpg\" width=\"2560\" height=\"1707\" alt=\"\" title=\"18\" aria-label=\"18\" class=\"img-responsive wp-image-101869\" srcset=\"https:\/\/royalfamily.org\/wp-content\/uploads\/2026\/09\/18-200x133.jpg 200w, https:\/\/royalfamily.org\/wp-content\/uploads\/2026\/09\/18-400x267.jpg 400w, https:\/\/royalfamily.org\/wp-content\/uploads\/2026\/09\/18-600x400.jpg 600w, https:\/\/royalfamily.org\/wp-content\/uploads\/2026\/09\/18-800x533.jpg 800w, https:\/\/royalfamily.org\/wp-content\/uploads\/2026\/09\/18-1200x800.jpg 1200w, https:\/\/royalfamily.org\/wp-content\/uploads\/2026\/09\/18-scaled.jpg 2560w\" sizes=\"(min-width: 2200px) 100vw, (min-width: 824px) 530px, (min-width: 732px) 824px, (min-width: 640px) 732px, \" \/><\/a><\/div><\/div><div class=\"clearfix\"><\/div><div style=\"padding:5px;\" class=\"fusion-grid-column fusion-gallery-column fusion-gallery-column-3 hover-type-zoomin\"><div class=\"fusion-gallery-image\"><a href=\"https:\/\/royalfamily.org\/wp-content\/uploads\/2026\/09\/PRE-LAT.jpg\" rel=\"noreferrer\" data-rel=\"iLightbox[gallery_image_1]\" class=\"fusion-lightbox\" target=\"_self\"><img decoding=\"async\" src=\"https:\/\/royalfamily.org\/wp-content\/uploads\/2026\/09\/PRE-LAT.jpg\" width=\"1800\" height=\"1200\" alt=\"\" title=\"PRE &#8211; LAT\" aria-label=\"PRE &#8211; LAT\" class=\"img-responsive wp-image-101881\" srcset=\"https:\/\/royalfamily.org\/wp-content\/uploads\/2026\/09\/PRE-LAT-200x133.jpg 200w, https:\/\/royalfamily.org\/wp-content\/uploads\/2026\/09\/PRE-LAT-400x267.jpg 400w, https:\/\/royalfamily.org\/wp-content\/uploads\/2026\/09\/PRE-LAT-600x400.jpg 600w, https:\/\/royalfamily.org\/wp-content\/uploads\/2026\/09\/PRE-LAT-800x533.jpg 800w, https:\/\/royalfamily.org\/wp-content\/uploads\/2026\/09\/PRE-LAT-1200x800.jpg 1200w, https:\/\/royalfamily.org\/wp-content\/uploads\/2026\/09\/PRE-LAT.jpg 1800w\" sizes=\"(min-width: 2200px) 100vw, (min-width: 824px) 530px, (min-width: 732px) 824px, (min-width: 640px) 732px, \" \/><\/a><\/div><\/div><\/div><\/div><\/div><\/div><\/div><\/div><\/p>\n","protected":false},"excerpt":{"rendered":"","protected":false},"author":1001015,"featured_media":101872,"comment_status":"closed","ping_status":"closed","sticky":false,"template":"","format":"standard","meta":{"_acf_changed":false,"footnotes":""},"categories":[22],"tags":[],"class_list":["post-101885","post","type-post","status-publish","format-standard","has-post-thumbnail","hentry","category-vesti"],"acf":[],"yoast_head":"<!-- This site is optimized with the Yoast SEO Premium plugin v28.4 (Yoast SEO v28.4) - https:\/\/yoast.com\/product\/yoast-seo-premium-wordpress\/ -->\n<title>PRINCEZA KATARINA URU\u010cILA POMO\u0106 USTANOVI ZA DECU I MLADE \u201eSREM\u010cICA\u201c - The Royal Family of Serbia<\/title>\n<meta name=\"robots\" content=\"index, follow, max-snippet:-1, max-image-preview:large, max-video-preview:-1\" \/>\n<link rel=\"canonical\" href=\"https:\/\/royalfamily.org\/lat\/princeza-katarina-urucila-pomoc-ustanovi-za-decu-i-mlade-sremcica\/\" \/>\n<meta property=\"og:locale\" content=\"en_US\" \/>\n<meta property=\"og:type\" content=\"article\" \/>\n<meta property=\"og:title\" content=\"PRINCEZA KATARINA URU\u010cILA POMO\u0106 USTANOVI ZA DECU I MLADE \u201eSREM\u010cICA\u201c\" \/>\n<meta property=\"og:url\" content=\"https:\/\/royalfamily.org\/lat\/princeza-katarina-urucila-pomoc-ustanovi-za-decu-i-mlade-sremcica\/\" \/>\n<meta property=\"og:site_name\" content=\"The Royal Family of Serbia\" \/>\n<meta property=\"article:publisher\" content=\"https:\/\/www.facebook.com\/Prestolonaslednik.Aleksandar\" \/>\n<meta property=\"article:published_time\" content=\"2026-09-04T09:26:53+00:00\" \/>\n<meta property=\"og:image\" content=\"https:\/\/royalfamily.org\/wp-content\/uploads\/2026\/09\/COVER-PA.jpg\" \/>\n\t<meta property=\"og:image:width\" content=\"1480\" \/>\n\t<meta property=\"og:image:height\" content=\"720\" \/>\n\t<meta property=\"og:image:type\" content=\"image\/jpeg\" \/>\n<meta name=\"author\" content=\"Stefan Milanovic\" \/>\n<meta name=\"twitter:card\" content=\"summary_large_image\" \/>\n<meta name=\"twitter:label1\" content=\"Written by\" \/>\n\t<meta name=\"twitter:data1\" content=\"Stefan Milanovic\" \/>\n\t<meta name=\"twitter:label2\" content=\"Est. reading time\" \/>\n\t<meta name=\"twitter:data2\" content=\"7 minutes\" \/>\n<script type=\"application\/ld+json\" class=\"yoast-schema-graph\">{\"@context\":\"https:\\\/\\\/schema.org\",\"@graph\":[{\"@type\":\"Article\",\"@id\":\"https:\\\/\\\/royalfamily.org\\\/lat\\\/princeza-katarina-urucila-pomoc-ustanovi-za-decu-i-mlade-sremcica\\\/#article\",\"isPartOf\":{\"@id\":\"https:\\\/\\\/royalfamily.org\\\/lat\\\/princeza-katarina-urucila-pomoc-ustanovi-za-decu-i-mlade-sremcica\\\/\"},\"author\":{\"name\":\"Stefan Milanovic\",\"@id\":\"https:\\\/\\\/royalfamily.org\\\/#\\\/schema\\\/person\\\/4ad3296a6a8a35eed333b6a785e9f648\"},\"headline\":\"PRINCEZA KATARINA URU\u010cILA POMO\u0106 USTANOVI ZA DECU I MLADE \u201eSREM\u010cICA\u201c\",\"datePublished\":\"2026-09-04T09:26:53+00:00\",\"mainEntityOfPage\":{\"@id\":\"https:\\\/\\\/royalfamily.org\\\/lat\\\/princeza-katarina-urucila-pomoc-ustanovi-za-decu-i-mlade-sremcica\\\/\"},\"wordCount\":3945,\"publisher\":{\"@id\":\"https:\\\/\\\/royalfamily.org\\\/#organization\"},\"image\":{\"@id\":\"https:\\\/\\\/royalfamily.org\\\/lat\\\/princeza-katarina-urucila-pomoc-ustanovi-za-decu-i-mlade-sremcica\\\/#primaryimage\"},\"thumbnailUrl\":\"https:\\\/\\\/royalfamily.org\\\/wp-content\\\/uploads\\\/2026\\\/09\\\/COVER-PA.jpg\",\"articleSection\":[\"Vesti\"],\"inLanguage\":\"sr-LT\"},{\"@type\":\"WebPage\",\"@id\":\"https:\\\/\\\/royalfamily.org\\\/lat\\\/princeza-katarina-urucila-pomoc-ustanovi-za-decu-i-mlade-sremcica\\\/\",\"url\":\"https:\\\/\\\/royalfamily.org\\\/lat\\\/princeza-katarina-urucila-pomoc-ustanovi-za-decu-i-mlade-sremcica\\\/\",\"name\":\"PRINCEZA KATARINA URU\u010cILA POMO\u0106 USTANOVI ZA DECU I MLADE \u201eSREM\u010cICA\u201c - The Royal Family of Serbia\",\"isPartOf\":{\"@id\":\"https:\\\/\\\/royalfamily.org\\\/#website\"},\"primaryImageOfPage\":{\"@id\":\"https:\\\/\\\/royalfamily.org\\\/lat\\\/princeza-katarina-urucila-pomoc-ustanovi-za-decu-i-mlade-sremcica\\\/#primaryimage\"},\"image\":{\"@id\":\"https:\\\/\\\/royalfamily.org\\\/lat\\\/princeza-katarina-urucila-pomoc-ustanovi-za-decu-i-mlade-sremcica\\\/#primaryimage\"},\"thumbnailUrl\":\"https:\\\/\\\/royalfamily.org\\\/wp-content\\\/uploads\\\/2026\\\/09\\\/COVER-PA.jpg\",\"datePublished\":\"2026-09-04T09:26:53+00:00\",\"breadcrumb\":{\"@id\":\"https:\\\/\\\/royalfamily.org\\\/lat\\\/princeza-katarina-urucila-pomoc-ustanovi-za-decu-i-mlade-sremcica\\\/#breadcrumb\"},\"inLanguage\":\"sr-LT\",\"potentialAction\":[{\"@type\":\"ReadAction\",\"target\":[\"https:\\\/\\\/royalfamily.org\\\/lat\\\/princeza-katarina-urucila-pomoc-ustanovi-za-decu-i-mlade-sremcica\\\/\"]}]},{\"@type\":\"ImageObject\",\"inLanguage\":\"sr-LT\",\"@id\":\"https:\\\/\\\/royalfamily.org\\\/lat\\\/princeza-katarina-urucila-pomoc-ustanovi-za-decu-i-mlade-sremcica\\\/#primaryimage\",\"url\":\"https:\\\/\\\/royalfamily.org\\\/wp-content\\\/uploads\\\/2026\\\/09\\\/COVER-PA.jpg\",\"contentUrl\":\"https:\\\/\\\/royalfamily.org\\\/wp-content\\\/uploads\\\/2026\\\/09\\\/COVER-PA.jpg\",\"width\":1480,\"height\":720,\"caption\":\"CROWN PRINCESS KATHERINE DELIVERS HELP TO SREM\u010cICA INSTITUTION FOR CHILDREN AND YOUTH\"},{\"@type\":\"BreadcrumbList\",\"@id\":\"https:\\\/\\\/royalfamily.org\\\/lat\\\/princeza-katarina-urucila-pomoc-ustanovi-za-decu-i-mlade-sremcica\\\/#breadcrumb\",\"itemListElement\":[{\"@type\":\"ListItem\",\"position\":1,\"name\":\"Home\",\"item\":\"https:\\\/\\\/royalfamily.org\\\/lat\\\/\"},{\"@type\":\"ListItem\",\"position\":2,\"name\":\"PRINCEZA KATARINA URU\u010cILA POMO\u0106 USTANOVI ZA DECU I MLADE \u201eSREM\u010cICA\u201c\"}]},{\"@type\":\"WebSite\",\"@id\":\"https:\\\/\\\/royalfamily.org\\\/#website\",\"url\":\"https:\\\/\\\/royalfamily.org\\\/\",\"name\":\"The Royal Family of Serbia\",\"description\":\"From the people, for the people\",\"publisher\":{\"@id\":\"https:\\\/\\\/royalfamily.org\\\/#organization\"},\"potentialAction\":[{\"@type\":\"SearchAction\",\"target\":{\"@type\":\"EntryPoint\",\"urlTemplate\":\"https:\\\/\\\/royalfamily.org\\\/?s={search_term_string}\"},\"query-input\":{\"@type\":\"PropertyValueSpecification\",\"valueRequired\":true,\"valueName\":\"search_term_string\"}}],\"inLanguage\":\"sr-LT\"},{\"@type\":\"Organization\",\"@id\":\"https:\\\/\\\/royalfamily.org\\\/#organization\",\"name\":\"Royal Family\",\"url\":\"https:\\\/\\\/royalfamily.org\\\/\",\"logo\":{\"@type\":\"ImageObject\",\"inLanguage\":\"sr-LT\",\"@id\":\"https:\\\/\\\/royalfamily.org\\\/#\\\/schema\\\/logo\\\/image\\\/\",\"url\":\"https:\\\/\\\/royalfamily.org\\\/wp-content\\\/uploads\\\/2019\\\/04\\\/logo-vector-02-V-latinica.png\",\"contentUrl\":\"https:\\\/\\\/royalfamily.org\\\/wp-content\\\/uploads\\\/2019\\\/04\\\/logo-vector-02-V-latinica.png\",\"width\":552,\"height\":99,\"caption\":\"Royal Family\"},\"image\":{\"@id\":\"https:\\\/\\\/royalfamily.org\\\/#\\\/schema\\\/logo\\\/image\\\/\"},\"sameAs\":[\"https:\\\/\\\/www.facebook.com\\\/Prestolonaslednik.Aleksandar\"]},{\"@type\":\"Person\",\"@id\":\"https:\\\/\\\/royalfamily.org\\\/#\\\/schema\\\/person\\\/4ad3296a6a8a35eed333b6a785e9f648\",\"name\":\"Stefan Milanovic\",\"image\":{\"@type\":\"ImageObject\",\"inLanguage\":\"sr-LT\",\"@id\":\"https:\\\/\\\/secure.gravatar.com\\\/avatar\\\/92dcbdcf3e32112a9ceb1e41665b1f44c69382d014cacfe12c701f6af7c40259?s=96&d=mm&r=g\",\"url\":\"https:\\\/\\\/secure.gravatar.com\\\/avatar\\\/92dcbdcf3e32112a9ceb1e41665b1f44c69382d014cacfe12c701f6af7c40259?s=96&d=mm&r=g\",\"contentUrl\":\"https:\\\/\\\/secure.gravatar.com\\\/avatar\\\/92dcbdcf3e32112a9ceb1e41665b1f44c69382d014cacfe12c701f6af7c40259?s=96&d=mm&r=g\",\"caption\":\"Stefan Milanovic\"}}]}<\/script>\n<!-- \/ Yoast SEO Premium plugin. -->","yoast_head_json":{"title":"PRINCEZA KATARINA URU\u010cILA POMO\u0106 USTANOVI ZA DECU I MLADE \u201eSREM\u010cICA\u201c - The Royal Family of Serbia","robots":{"index":"index","follow":"follow","max-snippet":"max-snippet:-1","max-image-preview":"max-image-preview:large","max-video-preview":"max-video-preview:-1"},"canonical":"https:\/\/royalfamily.org\/lat\/princeza-katarina-urucila-pomoc-ustanovi-za-decu-i-mlade-sremcica\/","og_locale":"en_US","og_type":"article","og_title":"PRINCEZA KATARINA URU\u010cILA POMO\u0106 USTANOVI ZA DECU I MLADE \u201eSREM\u010cICA\u201c","og_url":"https:\/\/royalfamily.org\/lat\/princeza-katarina-urucila-pomoc-ustanovi-za-decu-i-mlade-sremcica\/","og_site_name":"The Royal Family of Serbia","article_publisher":"https:\/\/www.facebook.com\/Prestolonaslednik.Aleksandar","article_published_time":"2026-09-04T09:26:53+00:00","og_image":[{"width":1480,"height":720,"url":"https:\/\/royalfamily.org\/wp-content\/uploads\/2026\/09\/COVER-PA.jpg","type":"image\/jpeg"}],"author":"Stefan Milanovic","twitter_card":"summary_large_image","twitter_misc":{"Written by":"Stefan Milanovic","Est. reading time":"7 minutes"},"schema":{"@context":"https:\/\/schema.org","@graph":[{"@type":"Article","@id":"https:\/\/royalfamily.org\/lat\/princeza-katarina-urucila-pomoc-ustanovi-za-decu-i-mlade-sremcica\/#article","isPartOf":{"@id":"https:\/\/royalfamily.org\/lat\/princeza-katarina-urucila-pomoc-ustanovi-za-decu-i-mlade-sremcica\/"},"author":{"name":"Stefan Milanovic","@id":"https:\/\/royalfamily.org\/#\/schema\/person\/4ad3296a6a8a35eed333b6a785e9f648"},"headline":"PRINCEZA KATARINA URU\u010cILA POMO\u0106 USTANOVI ZA DECU I MLADE \u201eSREM\u010cICA\u201c","datePublished":"2026-09-04T09:26:53+00:00","mainEntityOfPage":{"@id":"https:\/\/royalfamily.org\/lat\/princeza-katarina-urucila-pomoc-ustanovi-za-decu-i-mlade-sremcica\/"},"wordCount":3945,"publisher":{"@id":"https:\/\/royalfamily.org\/#organization"},"image":{"@id":"https:\/\/royalfamily.org\/lat\/princeza-katarina-urucila-pomoc-ustanovi-za-decu-i-mlade-sremcica\/#primaryimage"},"thumbnailUrl":"https:\/\/royalfamily.org\/wp-content\/uploads\/2026\/09\/COVER-PA.jpg","articleSection":["Vesti"],"inLanguage":"sr-LT"},{"@type":"WebPage","@id":"https:\/\/royalfamily.org\/lat\/princeza-katarina-urucila-pomoc-ustanovi-za-decu-i-mlade-sremcica\/","url":"https:\/\/royalfamily.org\/lat\/princeza-katarina-urucila-pomoc-ustanovi-za-decu-i-mlade-sremcica\/","name":"PRINCEZA KATARINA URU\u010cILA POMO\u0106 USTANOVI ZA DECU I MLADE \u201eSREM\u010cICA\u201c - The Royal Family of Serbia","isPartOf":{"@id":"https:\/\/royalfamily.org\/#website"},"primaryImageOfPage":{"@id":"https:\/\/royalfamily.org\/lat\/princeza-katarina-urucila-pomoc-ustanovi-za-decu-i-mlade-sremcica\/#primaryimage"},"image":{"@id":"https:\/\/royalfamily.org\/lat\/princeza-katarina-urucila-pomoc-ustanovi-za-decu-i-mlade-sremcica\/#primaryimage"},"thumbnailUrl":"https:\/\/royalfamily.org\/wp-content\/uploads\/2026\/09\/COVER-PA.jpg","datePublished":"2026-09-04T09:26:53+00:00","breadcrumb":{"@id":"https:\/\/royalfamily.org\/lat\/princeza-katarina-urucila-pomoc-ustanovi-za-decu-i-mlade-sremcica\/#breadcrumb"},"inLanguage":"sr-LT","potentialAction":[{"@type":"ReadAction","target":["https:\/\/royalfamily.org\/lat\/princeza-katarina-urucila-pomoc-ustanovi-za-decu-i-mlade-sremcica\/"]}]},{"@type":"ImageObject","inLanguage":"sr-LT","@id":"https:\/\/royalfamily.org\/lat\/princeza-katarina-urucila-pomoc-ustanovi-za-decu-i-mlade-sremcica\/#primaryimage","url":"https:\/\/royalfamily.org\/wp-content\/uploads\/2026\/09\/COVER-PA.jpg","contentUrl":"https:\/\/royalfamily.org\/wp-content\/uploads\/2026\/09\/COVER-PA.jpg","width":1480,"height":720,"caption":"CROWN PRINCESS KATHERINE DELIVERS HELP TO SREM\u010cICA INSTITUTION FOR CHILDREN AND YOUTH"},{"@type":"BreadcrumbList","@id":"https:\/\/royalfamily.org\/lat\/princeza-katarina-urucila-pomoc-ustanovi-za-decu-i-mlade-sremcica\/#breadcrumb","itemListElement":[{"@type":"ListItem","position":1,"name":"Home","item":"https:\/\/royalfamily.org\/lat\/"},{"@type":"ListItem","position":2,"name":"PRINCEZA KATARINA URU\u010cILA POMO\u0106 USTANOVI ZA DECU I MLADE \u201eSREM\u010cICA\u201c"}]},{"@type":"WebSite","@id":"https:\/\/royalfamily.org\/#website","url":"https:\/\/royalfamily.org\/","name":"The Royal Family of Serbia","description":"From the people, for the people","publisher":{"@id":"https:\/\/royalfamily.org\/#organization"},"potentialAction":[{"@type":"SearchAction","target":{"@type":"EntryPoint","urlTemplate":"https:\/\/royalfamily.org\/?s={search_term_string}"},"query-input":{"@type":"PropertyValueSpecification","valueRequired":true,"valueName":"search_term_string"}}],"inLanguage":"sr-LT"},{"@type":"Organization","@id":"https:\/\/royalfamily.org\/#organization","name":"Royal Family","url":"https:\/\/royalfamily.org\/","logo":{"@type":"ImageObject","inLanguage":"sr-LT","@id":"https:\/\/royalfamily.org\/#\/schema\/logo\/image\/","url":"https:\/\/royalfamily.org\/wp-content\/uploads\/2019\/04\/logo-vector-02-V-latinica.png","contentUrl":"https:\/\/royalfamily.org\/wp-content\/uploads\/2019\/04\/logo-vector-02-V-latinica.png","width":552,"height":99,"caption":"Royal Family"},"image":{"@id":"https:\/\/royalfamily.org\/#\/schema\/logo\/image\/"},"sameAs":["https:\/\/www.facebook.com\/Prestolonaslednik.Aleksandar"]},{"@type":"Person","@id":"https:\/\/royalfamily.org\/#\/schema\/person\/4ad3296a6a8a35eed333b6a785e9f648","name":"Stefan Milanovic","image":{"@type":"ImageObject","inLanguage":"sr-LT","@id":"https:\/\/secure.gravatar.com\/avatar\/92dcbdcf3e32112a9ceb1e41665b1f44c69382d014cacfe12c701f6af7c40259?s=96&d=mm&r=g","url":"https:\/\/secure.gravatar.com\/avatar\/92dcbdcf3e32112a9ceb1e41665b1f44c69382d014cacfe12c701f6af7c40259?s=96&d=mm&r=g","contentUrl":"https:\/\/secure.gravatar.com\/avatar\/92dcbdcf3e32112a9ceb1e41665b1f44c69382d014cacfe12c701f6af7c40259?s=96&d=mm&r=g","caption":"Stefan Milanovic"}}]}},"_links":{"self":[{"href":"https:\/\/royalfamily.org\/lat\/wp-json\/wp\/v2\/posts\/101885","targetHints":{"allow":["GET"]}}],"collection":[{"href":"https:\/\/royalfamily.org\/lat\/wp-json\/wp\/v2\/posts"}],"about":[{"href":"https:\/\/royalfamily.org\/lat\/wp-json\/wp\/v2\/types\/post"}],"author":[{"embeddable":true,"href":"https:\/\/royalfamily.org\/lat\/wp-json\/wp\/v2\/users\/1001015"}],"replies":[{"embeddable":true,"href":"https:\/\/royalfamily.org\/lat\/wp-json\/wp\/v2\/comments?post=101885"}],"version-history":[{"count":1,"href":"https:\/\/royalfamily.org\/lat\/wp-json\/wp\/v2\/posts\/101885\/revisions"}],"predecessor-version":[{"id":101886,"href":"https:\/\/royalfamily.org\/lat\/wp-json\/wp\/v2\/posts\/101885\/revisions\/101886"}],"wp:featuredmedia":[{"embeddable":true,"href":"https:\/\/royalfamily.org\/lat\/wp-json\/wp\/v2\/media\/101872"}],"wp:attachment":[{"href":"https:\/\/royalfamily.org\/lat\/wp-json\/wp\/v2\/media?parent=101885"}],"wp:term":[{"taxonomy":"category","embeddable":true,"href":"https:\/\/royalfamily.org\/lat\/wp-json\/wp\/v2\/categories?post=101885"},{"taxonomy":"post_tag","embeddable":true,"href":"https:\/\/royalfamily.org\/lat\/wp-json\/wp\/v2\/tags?post=101885"}],"curies":[{"name":"wp","href":"https:\/\/api.w.org\/{rel}","templated":true}]}}