{"id":101924,"date":"2026-09-04T21:05:02","date_gmt":"2026-09-04T19:05:02","guid":{"rendered":"https:\/\/royalfamily.org\/?p=101924"},"modified":"2026-09-04T21:05:02","modified_gmt":"2026-09-04T19:05:02","slug":"prestolonaslednik-odao-pocast-srpskim-junacima-povodom-220-godisnjice-bitke-na-deligradu","status":"publish","type":"post","link":"https:\/\/royalfamily.org\/lat\/prestolonaslednik-odao-pocast-srpskim-junacima-povodom-220-godisnjice-bitke-na-deligradu\/","title":{"rendered":"PRESTOLONASLEDNIK ODAO PO\u010cAST SRPSKIM JUNACIMA POVODOM 220. GODI\u0160NjICE BITKE NA DELIGRADU"},"content":{"rendered":"<p><div class=\"fusion-fullwidth fullwidth-box fusion-builder-row-1 fusion-flex-container has-pattern-background has-mask-background nonhundred-percent-fullwidth non-hundred-percent-height-scrolling\" style=\"--awb-border-radius-top-left:0px;--awb-border-radius-top-right:0px;--awb-border-radius-bottom-right:0px;--awb-border-radius-bottom-left:0px;--awb-flex-wrap:wrap;\" ><div class=\"fusion-builder-row fusion-row fusion-flex-align-items-flex-start fusion-flex-content-wrap\" style=\"max-width:1664px;margin-left: calc(-4% \/ 2 );margin-right: calc(-4% \/ 2 );\"><div class=\"fusion-layout-column fusion_builder_column fusion-builder-column-0 fusion_builder_column_1_1 1_1 fusion-flex-column\" style=\"--awb-bg-size:cover;--awb-width-large:100%;--awb-margin-top-large:0px;--awb-spacing-right-large:1.92%;--awb-margin-bottom-large:20px;--awb-spacing-left-large:1.92%;--awb-width-medium:100%;--awb-order-medium:0;--awb-spacing-right-medium:1.92%;--awb-spacing-left-medium:1.92%;--awb-width-small:100%;--awb-order-small:0;--awb-spacing-right-small:1.92%;--awb-spacing-left-small:1.92%;\"><div class=\"fusion-column-wrapper fusion-column-has-shadow fusion-flex-justify-content-flex-start fusion-content-layout-column\"><div class=\"fusion-text fusion-text-1\"><p align=\"justify\"><span style=\"color: #000080;\"><span style=\"font-size: large;\"><span lang=\"sr-RS\">Nj.K.V.<\/span><\/span><\/span><span style=\"color: #000080;\"><span style=\"font-size: large;\"><span lang=\"en-GB\"> Prestolonaslednik Aleksandar i <\/span><\/span><\/span><span style=\"color: #000080;\"><span style=\"font-size: large;\"><span lang=\"sr-RS\">Nj.K.V.<\/span><\/span><\/span><span style=\"color: #000080;\"><span style=\"font-size: large;\"><span lang=\"en-GB\"> Princeza Katarina prisustvovali su danas <\/span><\/span><\/span><span style=\"color: #000080;\"><span style=\"font-size: large;\"><span lang=\"sr-Latn-RS\">dr\u017eavnoj ceremoniji i <\/span><\/span><\/span><span style=\"color: #000080;\"><span style=\"font-size: large;\"><span lang=\"en-GB\">zvani\u010dnom obele\u017eavanju 220. godi\u0161njice Bitke na Deligradu, jedne od najva\u017enijih pobeda Prvog srpskog ustanka.<\/span><\/span><\/span><\/p>\n<p align=\"justify\"><span style=\"color: #000080;\"><span style=\"font-size: large;\"><span lang=\"en-GB\">Tom prilikom, Njegovo Kraljevsko Viso\u010danstvo polo\u017eio je venac u ime Kraljevske porodice Srbije, odaju\u0107i po\u010dast herojima na\u0161eg naroda. \u201eDeligrad zauzima posebno mesto u istoriji Srbije i u borbi na\u0161eg naroda da skine okove ropstva i ugnjetavanja i izgradi na\u0161u nezavisnu dr\u017eavu.<\/span><\/span><\/span><\/p>\n<p align=\"justify\"><span style=\"color: #000080;\"><span style=\"font-size: large;\"><span lang=\"en-GB\">Hrabrost srpskih ustanika koji su se ovde borili, pod vo\u0111stvom mog pretka, Vrhovnog vo\u017eda Kara\u0111or\u0111a, podse\u0107a nas da se sloboda nikada ne sti\u010de lako i da se mora platiti veoma visoka cena da bi se ona obezbedila. Ali kada se jednom osvoji, <\/span><\/span><\/span><span style=\"color: #000080;\"><span style=\"font-size: large;\"><span lang=\"sr-RS\">ona<\/span><\/span><\/span><span style=\"color: #000080;\"><span style=\"font-size: large;\"><span lang=\"en-GB\"> se \u010duva i <\/span><\/span><\/span><span style=\"color: #000080;\"><span style=\"font-size: large;\"><span lang=\"sr-RS\">brani<\/span><\/span><\/span><span style=\"color: #000080;\"><span style=\"font-size: large;\"><span lang=\"en-GB\"> kao najve\u0107e blago jedn<\/span><\/span><\/span><span style=\"color: #000080;\"><span style=\"font-size: large;\"><span lang=\"sr-RS\">og<\/span><\/span><\/span><span style=\"color: #000080;\"><span style=\"font-size: large;\"><span lang=\"en-GB\"> na<\/span><\/span><\/span><span style=\"color: #000080;\"><span style=\"font-size: large;\"><span lang=\"sr-RS\">roda<\/span><\/span><\/span><span style=\"color: #000080;\"><span style=\"font-size: large;\"><span lang=\"en-GB\">. <\/span><\/span><\/span><span style=\"color: #000080;\"><span style=\"font-size: large;\"><span lang=\"sr-RS\">Neka je ve\u010dan pomen junacima Deligrada,<\/span><\/span><\/span> <span style=\"color: #000080;\"><span style=\"font-size: large;\"><span lang=\"sr-RS\">da zauvek \u010duvamo<\/span><\/span><\/span><span style=\"color: #000080;\"><span style=\"font-size: large;\"><span lang=\"en-GB\"> se\u0107anje<\/span><\/span><\/span><span style=\"color: #000080;\"><span style=\"font-size: large;\"><span lang=\"sr-RS\"> na njih<\/span><\/span><\/span><span style=\"color: #000080;\"><span style=\"font-size: large;\"><span lang=\"en-GB\"> i prenosimo njihovo nasle\u0111e ljubavi prema Srbiji i posve\u0107enosti njenom blagostanju generacijama koje dolaze\u201c, izjavio je Prestolonaslednik Aleksandar.<\/span><\/span><\/span><\/p>\n<p align=\"justify\"><span style=\"color: #000080;\"><span style=\"font-size: large;\"><span lang=\"en-GB\">Program obele\u017eavanja ove va\u017ene godi\u0161njice po\u010deo je <\/span><\/span><\/span><span style=\"color: #000080;\"><span style=\"font-size: large;\"><span lang=\"sr-RS\">Svetom Liturgijom i <\/span><\/span><\/span><span style=\"color: #000080;\"><span style=\"font-size: large;\"><span lang=\"en-GB\">parastosom u crkvi Svetih Arhan\u0111ela Gavrila i Mihaila u Deligradu, <\/span><\/span><\/span><span style=\"color: #000080;\"><span style=\"font-size: large;\"><span lang=\"sr-RS\">koje je slu\u017eio Njegovo Visokopreosve\u0161tenstvo Arhiepiskop i Mitropolit ni\u0161ki g. Arsenije, <\/span><\/span><\/span><span style=\"color: #000080;\"><span style=\"font-size: large;\"><span lang=\"en-GB\">nakon \u010dega je usledila ceremonija polaganja venaca. Sve\u010dan<\/span><\/span><\/span><span style=\"color: #000080;\"><span style=\"font-size: large;\"><span lang=\"sr-RS\">a<\/span><\/span><\/span> <span style=\"color: #000080;\"><span style=\"font-size: large;\"><span lang=\"sr-RS\">akademija<\/span><\/span><\/span> <span style=\"color: #000080;\"><span style=\"font-size: large;\"><span lang=\"sr-RS\">na kojoj su se obratili Nj.E. Milica \u0110ur\u0111evi\u0107 Stamenkovski, ministarka za rad, zapo\u0161ljavanje, bora\u010dka i socijalna pitanja Srbije i drugi zvani\u010dnici, sa<\/span><\/span><\/span><span style=\"color: #000080;\"><span style=\"font-size: large;\"><span lang=\"en-GB\"> umetni\u010dkim programom odr\u017ean<\/span><\/span><\/span><span style=\"color: #000080;\"><span style=\"font-size: large;\"><span lang=\"sr-RS\">a<\/span><\/span><\/span><span style=\"color: #000080;\"><span style=\"font-size: large;\"><span lang=\"en-GB\"> je kasnije u Aleksina\u010dkom centru za kulturu i umetnost. <\/span><\/span><\/span><\/p>\n<\/div><\/div><\/div><\/div><\/div><div class=\"fusion-fullwidth fullwidth-box fusion-builder-row-2 fusion-flex-container has-pattern-background has-mask-background nonhundred-percent-fullwidth non-hundred-percent-height-scrolling\" style=\"--awb-border-radius-top-left:0px;--awb-border-radius-top-right:0px;--awb-border-radius-bottom-right:0px;--awb-border-radius-bottom-left:0px;--awb-flex-wrap:wrap;\" ><div class=\"fusion-builder-row fusion-row fusion-flex-align-items-flex-start fusion-flex-content-wrap\" style=\"max-width:1664px;margin-left: calc(-4% \/ 2 );margin-right: calc(-4% \/ 2 );\"><div class=\"fusion-layout-column fusion_builder_column fusion-builder-column-1 fusion_builder_column_1_1 1_1 fusion-flex-column\" style=\"--awb-bg-size:cover;--awb-width-large:100%;--awb-margin-top-large:0px;--awb-spacing-right-large:1.92%;--awb-margin-bottom-large:20px;--awb-spacing-left-large:1.92%;--awb-width-medium:100%;--awb-order-medium:0;--awb-spacing-right-medium:1.92%;--awb-spacing-left-medium:1.92%;--awb-width-small:100%;--awb-order-small:0;--awb-spacing-right-small:1.92%;--awb-spacing-left-small:1.92%;\"><div class=\"fusion-column-wrapper fusion-column-has-shadow fusion-flex-justify-content-flex-start fusion-content-layout-column\"><div class=\"awb-gallery-wrapper awb-gallery-wrapper-1 button-span-no\" style=\"--more-btn-alignment:center;\" data-limit=\"20\" data-page=\"1\"><div style=\"margin:-5px;--awb-bordersize:0px;\" class=\"fusion-gallery fusion-gallery-container fusion-grid-3 fusion-columns-total-10 fusion-gallery-layout-grid fusion-gallery-1\"><div style=\"padding:5px;\" class=\"fusion-grid-column fusion-gallery-column fusion-gallery-column-3 hover-type-none\"><div class=\"fusion-gallery-image\"><a href=\"https:\/\/royalfamily.org\/wp-content\/uploads\/2026\/09\/1-8F2A7895w.jpg\" rel=\"noreferrer\" data-rel=\"iLightbox[gallery_image_1]\" class=\"fusion-lightbox\" target=\"_self\"><img decoding=\"async\" src=\"https:\/\/royalfamily.org\/wp-content\/uploads\/2026\/09\/1-8F2A7895w.jpg\" width=\"1772\" height=\"1181\" alt=\"\" title=\"1 8F2A7895w\" aria-label=\"1 8F2A7895w\" class=\"img-responsive wp-image-101891\" srcset=\"https:\/\/royalfamily.org\/wp-content\/uploads\/2026\/09\/1-8F2A7895w-200x133.jpg 200w, https:\/\/royalfamily.org\/wp-content\/uploads\/2026\/09\/1-8F2A7895w-400x267.jpg 400w, https:\/\/royalfamily.org\/wp-content\/uploads\/2026\/09\/1-8F2A7895w-600x400.jpg 600w, https:\/\/royalfamily.org\/wp-content\/uploads\/2026\/09\/1-8F2A7895w-800x533.jpg 800w, https:\/\/royalfamily.org\/wp-content\/uploads\/2026\/09\/1-8F2A7895w-1200x800.jpg 1200w, https:\/\/royalfamily.org\/wp-content\/uploads\/2026\/09\/1-8F2A7895w.jpg 1772w\" sizes=\"(min-width: 2200px) 100vw, (min-width: 824px) 530px, (min-width: 732px) 824px, (min-width: 640px) 732px, \" \/><\/a><\/div><\/div><div style=\"padding:5px;\" class=\"fusion-grid-column fusion-gallery-column fusion-gallery-column-3 hover-type-none\"><div class=\"fusion-gallery-image\"><a href=\"https:\/\/royalfamily.org\/wp-content\/uploads\/2026\/09\/2-8F2A7863w.jpg\" rel=\"noreferrer\" data-rel=\"iLightbox[gallery_image_1]\" class=\"fusion-lightbox\" target=\"_self\"><img decoding=\"async\" src=\"https:\/\/royalfamily.org\/wp-content\/uploads\/2026\/09\/2-8F2A7863w.jpg\" width=\"1772\" height=\"1181\" alt=\"\" title=\"2 8F2A7863w\" aria-label=\"2 8F2A7863w\" class=\"img-responsive wp-image-101894\" srcset=\"https:\/\/royalfamily.org\/wp-content\/uploads\/2026\/09\/2-8F2A7863w-200x133.jpg 200w, https:\/\/royalfamily.org\/wp-content\/uploads\/2026\/09\/2-8F2A7863w-400x267.jpg 400w, https:\/\/royalfamily.org\/wp-content\/uploads\/2026\/09\/2-8F2A7863w-600x400.jpg 600w, https:\/\/royalfamily.org\/wp-content\/uploads\/2026\/09\/2-8F2A7863w-800x533.jpg 800w, https:\/\/royalfamily.org\/wp-content\/uploads\/2026\/09\/2-8F2A7863w-1200x800.jpg 1200w, https:\/\/royalfamily.org\/wp-content\/uploads\/2026\/09\/2-8F2A7863w.jpg 1772w\" sizes=\"(min-width: 2200px) 100vw, (min-width: 824px) 530px, (min-width: 732px) 824px, (min-width: 640px) 732px, \" \/><\/a><\/div><\/div><div style=\"padding:5px;\" class=\"fusion-grid-column fusion-gallery-column fusion-gallery-column-3 hover-type-none\"><div class=\"fusion-gallery-image\"><a href=\"https:\/\/royalfamily.org\/wp-content\/uploads\/2026\/09\/3-8F2A7991w-scaled.jpg\" rel=\"noreferrer\" data-rel=\"iLightbox[gallery_image_1]\" class=\"fusion-lightbox\" target=\"_self\"><img decoding=\"async\" src=\"https:\/\/royalfamily.org\/wp-content\/uploads\/2026\/09\/3-8F2A7991w-scaled.jpg\" width=\"1707\" height=\"2560\" alt=\"\" title=\"3 8F2A7991w\" aria-label=\"3 8F2A7991w\" class=\"img-responsive wp-image-101897\" srcset=\"https:\/\/royalfamily.org\/wp-content\/uploads\/2026\/09\/3-8F2A7991w-200x300.jpg 200w, https:\/\/royalfamily.org\/wp-content\/uploads\/2026\/09\/3-8F2A7991w-400x600.jpg 400w, https:\/\/royalfamily.org\/wp-content\/uploads\/2026\/09\/3-8F2A7991w-600x900.jpg 600w, https:\/\/royalfamily.org\/wp-content\/uploads\/2026\/09\/3-8F2A7991w-800x1200.jpg 800w, https:\/\/royalfamily.org\/wp-content\/uploads\/2026\/09\/3-8F2A7991w-1200x1800.jpg 1200w, https:\/\/royalfamily.org\/wp-content\/uploads\/2026\/09\/3-8F2A7991w-scaled.jpg 1707w\" sizes=\"(min-width: 2200px) 100vw, (min-width: 824px) 530px, (min-width: 732px) 824px, (min-width: 640px) 732px, \" \/><\/a><\/div><\/div><div class=\"clearfix\"><\/div><div style=\"padding:5px;\" class=\"fusion-grid-column fusion-gallery-column fusion-gallery-column-3 hover-type-none\"><div class=\"fusion-gallery-image\"><a href=\"https:\/\/royalfamily.org\/wp-content\/uploads\/2026\/09\/4-8F2A8005w-scaled.jpg\" rel=\"noreferrer\" data-rel=\"iLightbox[gallery_image_1]\" class=\"fusion-lightbox\" target=\"_self\"><img decoding=\"async\" src=\"https:\/\/royalfamily.org\/wp-content\/uploads\/2026\/09\/4-8F2A8005w-scaled.jpg\" width=\"2560\" height=\"1707\" alt=\"\" title=\"4 8F2A8005w\" aria-label=\"4 8F2A8005w\" class=\"img-responsive wp-image-101900\" srcset=\"https:\/\/royalfamily.org\/wp-content\/uploads\/2026\/09\/4-8F2A8005w-200x133.jpg 200w, https:\/\/royalfamily.org\/wp-content\/uploads\/2026\/09\/4-8F2A8005w-400x267.jpg 400w, https:\/\/royalfamily.org\/wp-content\/uploads\/2026\/09\/4-8F2A8005w-600x400.jpg 600w, https:\/\/royalfamily.org\/wp-content\/uploads\/2026\/09\/4-8F2A8005w-800x533.jpg 800w, https:\/\/royalfamily.org\/wp-content\/uploads\/2026\/09\/4-8F2A8005w-1200x800.jpg 1200w, https:\/\/royalfamily.org\/wp-content\/uploads\/2026\/09\/4-8F2A8005w-scaled.jpg 2560w\" sizes=\"(min-width: 2200px) 100vw, (min-width: 824px) 530px, (min-width: 732px) 824px, (min-width: 640px) 732px, \" \/><\/a><\/div><\/div><div style=\"padding:5px;\" class=\"fusion-grid-column fusion-gallery-column fusion-gallery-column-3 hover-type-none\"><div class=\"fusion-gallery-image\"><a href=\"https:\/\/royalfamily.org\/wp-content\/uploads\/2026\/09\/5-8F2A7902w-scaled.jpg\" rel=\"noreferrer\" data-rel=\"iLightbox[gallery_image_1]\" class=\"fusion-lightbox\" target=\"_self\"><img decoding=\"async\" src=\"https:\/\/royalfamily.org\/wp-content\/uploads\/2026\/09\/5-8F2A7902w-scaled.jpg\" width=\"2560\" height=\"1707\" alt=\"\" title=\"5 8F2A7902w\" aria-label=\"5 8F2A7902w\" class=\"img-responsive wp-image-101903\" srcset=\"https:\/\/royalfamily.org\/wp-content\/uploads\/2026\/09\/5-8F2A7902w-200x133.jpg 200w, https:\/\/royalfamily.org\/wp-content\/uploads\/2026\/09\/5-8F2A7902w-400x267.jpg 400w, https:\/\/royalfamily.org\/wp-content\/uploads\/2026\/09\/5-8F2A7902w-600x400.jpg 600w, https:\/\/royalfamily.org\/wp-content\/uploads\/2026\/09\/5-8F2A7902w-800x533.jpg 800w, https:\/\/royalfamily.org\/wp-content\/uploads\/2026\/09\/5-8F2A7902w-1200x800.jpg 1200w, https:\/\/royalfamily.org\/wp-content\/uploads\/2026\/09\/5-8F2A7902w-scaled.jpg 2560w\" sizes=\"(min-width: 2200px) 100vw, (min-width: 824px) 530px, (min-width: 732px) 824px, (min-width: 640px) 732px, \" \/><\/a><\/div><\/div><div style=\"padding:5px;\" class=\"fusion-grid-column fusion-gallery-column fusion-gallery-column-3 hover-type-none\"><div class=\"fusion-gallery-image\"><a href=\"https:\/\/royalfamily.org\/wp-content\/uploads\/2026\/09\/6-8F2A8023w-scaled.jpg\" rel=\"noreferrer\" data-rel=\"iLightbox[gallery_image_1]\" class=\"fusion-lightbox\" target=\"_self\"><img decoding=\"async\" src=\"https:\/\/royalfamily.org\/wp-content\/uploads\/2026\/09\/6-8F2A8023w-scaled.jpg\" width=\"2560\" height=\"1707\" alt=\"\" title=\"6 8F2A8023w\" aria-label=\"6 8F2A8023w\" class=\"img-responsive wp-image-101906\" srcset=\"https:\/\/royalfamily.org\/wp-content\/uploads\/2026\/09\/6-8F2A8023w-200x133.jpg 200w, https:\/\/royalfamily.org\/wp-content\/uploads\/2026\/09\/6-8F2A8023w-400x267.jpg 400w, https:\/\/royalfamily.org\/wp-content\/uploads\/2026\/09\/6-8F2A8023w-600x400.jpg 600w, https:\/\/royalfamily.org\/wp-content\/uploads\/2026\/09\/6-8F2A8023w-800x533.jpg 800w, https:\/\/royalfamily.org\/wp-content\/uploads\/2026\/09\/6-8F2A8023w-1200x800.jpg 1200w, https:\/\/royalfamily.org\/wp-content\/uploads\/2026\/09\/6-8F2A8023w-scaled.jpg 2560w\" sizes=\"(min-width: 2200px) 100vw, (min-width: 824px) 530px, (min-width: 732px) 824px, (min-width: 640px) 732px, \" \/><\/a><\/div><\/div><div class=\"clearfix\"><\/div><div style=\"padding:5px;\" class=\"fusion-grid-column fusion-gallery-column fusion-gallery-column-3 hover-type-none\"><div class=\"fusion-gallery-image\"><a href=\"https:\/\/royalfamily.org\/wp-content\/uploads\/2026\/09\/7-8F2A8012w-scaled.jpg\" rel=\"noreferrer\" data-rel=\"iLightbox[gallery_image_1]\" class=\"fusion-lightbox\" target=\"_self\"><img decoding=\"async\" src=\"https:\/\/royalfamily.org\/wp-content\/uploads\/2026\/09\/7-8F2A8012w-scaled.jpg\" width=\"2560\" height=\"1707\" alt=\"\" title=\"7 8F2A8012w\" aria-label=\"7 8F2A8012w\" class=\"img-responsive wp-image-101909\" srcset=\"https:\/\/royalfamily.org\/wp-content\/uploads\/2026\/09\/7-8F2A8012w-200x133.jpg 200w, https:\/\/royalfamily.org\/wp-content\/uploads\/2026\/09\/7-8F2A8012w-400x267.jpg 400w, https:\/\/royalfamily.org\/wp-content\/uploads\/2026\/09\/7-8F2A8012w-600x400.jpg 600w, https:\/\/royalfamily.org\/wp-content\/uploads\/2026\/09\/7-8F2A8012w-800x533.jpg 800w, https:\/\/royalfamily.org\/wp-content\/uploads\/2026\/09\/7-8F2A8012w-1200x800.jpg 1200w, https:\/\/royalfamily.org\/wp-content\/uploads\/2026\/09\/7-8F2A8012w-scaled.jpg 2560w\" sizes=\"(min-width: 2200px) 100vw, (min-width: 824px) 530px, (min-width: 732px) 824px, (min-width: 640px) 732px, \" \/><\/a><\/div><\/div><div style=\"padding:5px;\" class=\"fusion-grid-column fusion-gallery-column fusion-gallery-column-3 hover-type-none\"><div class=\"fusion-gallery-image\"><a href=\"https:\/\/royalfamily.org\/wp-content\/uploads\/2026\/09\/8-8F2A7845m.jpg\" rel=\"noreferrer\" data-rel=\"iLightbox[gallery_image_1]\" class=\"fusion-lightbox\" target=\"_self\"><img decoding=\"async\" src=\"https:\/\/royalfamily.org\/wp-content\/uploads\/2026\/09\/8-8F2A7845m.jpg\" width=\"1772\" height=\"1181\" alt=\"\" title=\"8 8F2A7845m\" aria-label=\"8 8F2A7845m\" class=\"img-responsive wp-image-101912\" srcset=\"https:\/\/royalfamily.org\/wp-content\/uploads\/2026\/09\/8-8F2A7845m-200x133.jpg 200w, https:\/\/royalfamily.org\/wp-content\/uploads\/2026\/09\/8-8F2A7845m-400x267.jpg 400w, https:\/\/royalfamily.org\/wp-content\/uploads\/2026\/09\/8-8F2A7845m-600x400.jpg 600w, https:\/\/royalfamily.org\/wp-content\/uploads\/2026\/09\/8-8F2A7845m-800x533.jpg 800w, https:\/\/royalfamily.org\/wp-content\/uploads\/2026\/09\/8-8F2A7845m-1200x800.jpg 1200w, https:\/\/royalfamily.org\/wp-content\/uploads\/2026\/09\/8-8F2A7845m.jpg 1772w\" sizes=\"(min-width: 2200px) 100vw, (min-width: 824px) 530px, (min-width: 732px) 824px, (min-width: 640px) 732px, \" \/><\/a><\/div><\/div><div style=\"padding:5px;\" class=\"fusion-grid-column fusion-gallery-column fusion-gallery-column-3 hover-type-none\"><div class=\"fusion-gallery-image\"><a href=\"https:\/\/royalfamily.org\/wp-content\/uploads\/2026\/09\/9-8F2A7848w.jpg\" rel=\"noreferrer\" data-rel=\"iLightbox[gallery_image_1]\" class=\"fusion-lightbox\" target=\"_self\"><img decoding=\"async\" src=\"https:\/\/royalfamily.org\/wp-content\/uploads\/2026\/09\/9-8F2A7848w.jpg\" width=\"1772\" height=\"1181\" alt=\"\" title=\"9 8F2A7848w\" aria-label=\"9 8F2A7848w\" class=\"img-responsive wp-image-101915\" srcset=\"https:\/\/royalfamily.org\/wp-content\/uploads\/2026\/09\/9-8F2A7848w-200x133.jpg 200w, https:\/\/royalfamily.org\/wp-content\/uploads\/2026\/09\/9-8F2A7848w-400x267.jpg 400w, https:\/\/royalfamily.org\/wp-content\/uploads\/2026\/09\/9-8F2A7848w-600x400.jpg 600w, https:\/\/royalfamily.org\/wp-content\/uploads\/2026\/09\/9-8F2A7848w-800x533.jpg 800w, https:\/\/royalfamily.org\/wp-content\/uploads\/2026\/09\/9-8F2A7848w-1200x800.jpg 1200w, https:\/\/royalfamily.org\/wp-content\/uploads\/2026\/09\/9-8F2A7848w.jpg 1772w\" sizes=\"(min-width: 2200px) 100vw, (min-width: 824px) 530px, (min-width: 732px) 824px, (min-width: 640px) 732px, \" \/><\/a><\/div><\/div><div class=\"clearfix\"><\/div><div style=\"padding:5px;\" class=\"fusion-grid-column fusion-gallery-column fusion-gallery-column-3 hover-type-none\"><div class=\"fusion-gallery-image\"><a href=\"https:\/\/royalfamily.org\/wp-content\/uploads\/2026\/09\/10-8F2A8019w-scaled.jpg\" rel=\"noreferrer\" data-rel=\"iLightbox[gallery_image_1]\" class=\"fusion-lightbox\" target=\"_self\"><img decoding=\"async\" src=\"https:\/\/royalfamily.org\/wp-content\/uploads\/2026\/09\/10-8F2A8019w-scaled.jpg\" width=\"2560\" height=\"1707\" alt=\"\" title=\"10 8F2A8019w\" aria-label=\"10 8F2A8019w\" class=\"img-responsive wp-image-101918\" srcset=\"https:\/\/royalfamily.org\/wp-content\/uploads\/2026\/09\/10-8F2A8019w-200x133.jpg 200w, https:\/\/royalfamily.org\/wp-content\/uploads\/2026\/09\/10-8F2A8019w-400x267.jpg 400w, https:\/\/royalfamily.org\/wp-content\/uploads\/2026\/09\/10-8F2A8019w-600x400.jpg 600w, https:\/\/royalfamily.org\/wp-content\/uploads\/2026\/09\/10-8F2A8019w-800x533.jpg 800w, https:\/\/royalfamily.org\/wp-content\/uploads\/2026\/09\/10-8F2A8019w-1200x800.jpg 1200w, https:\/\/royalfamily.org\/wp-content\/uploads\/2026\/09\/10-8F2A8019w-scaled.jpg 2560w\" sizes=\"(min-width: 2200px) 100vw, (min-width: 824px) 530px, (min-width: 732px) 824px, (min-width: 640px) 732px, \" \/><\/a><\/div><\/div><\/div><\/div><\/div><\/div><\/div><\/div><\/p>\n","protected":false},"excerpt":{"rendered":"","protected":false},"author":1001015,"featured_media":101921,"comment_status":"closed","ping_status":"closed","sticky":false,"template":"","format":"standard","meta":{"_acf_changed":false,"footnotes":""},"categories":[22],"tags":[],"class_list":["post-101924","post","type-post","status-publish","format-standard","has-post-thumbnail","hentry","category-vesti"],"acf":[],"yoast_head":"<!-- This site is optimized with the Yoast SEO Premium plugin v28.4 (Yoast SEO v28.4) - https:\/\/yoast.com\/product\/yoast-seo-premium-wordpress\/ -->\n<title>PRESTOLONASLEDNIK ODAO PO\u010cAST SRPSKIM JUNACIMA POVODOM 220. GODI\u0160NjICE BITKE NA DELIGRADU - The Royal Family of Serbia<\/title>\n<meta name=\"robots\" content=\"index, follow, max-snippet:-1, max-image-preview:large, max-video-preview:-1\" \/>\n<link rel=\"canonical\" href=\"https:\/\/royalfamily.org\/lat\/prestolonaslednik-odao-pocast-srpskim-junacima-povodom-220-godisnjice-bitke-na-deligradu\/\" \/>\n<meta property=\"og:locale\" content=\"en_US\" \/>\n<meta property=\"og:type\" content=\"article\" \/>\n<meta property=\"og:title\" content=\"PRESTOLONASLEDNIK ODAO PO\u010cAST SRPSKIM JUNACIMA POVODOM 220. GODI\u0160NjICE BITKE NA DELIGRADU\" \/>\n<meta property=\"og:url\" content=\"https:\/\/royalfamily.org\/lat\/prestolonaslednik-odao-pocast-srpskim-junacima-povodom-220-godisnjice-bitke-na-deligradu\/\" \/>\n<meta property=\"og:site_name\" content=\"The Royal Family of Serbia\" \/>\n<meta property=\"article:publisher\" content=\"https:\/\/www.facebook.com\/Prestolonaslednik.Aleksandar\" \/>\n<meta property=\"article:published_time\" content=\"2026-09-04T19:05:02+00:00\" \/>\n<meta property=\"og:image\" content=\"https:\/\/royalfamily.org\/wp-content\/uploads\/2026\/09\/COVER-Deligrad.jpg\" \/>\n\t<meta property=\"og:image:width\" content=\"1542\" \/>\n\t<meta property=\"og:image:height\" content=\"750\" \/>\n\t<meta property=\"og:image:type\" content=\"image\/jpeg\" \/>\n<meta name=\"author\" content=\"Stefan Milanovic\" \/>\n<meta name=\"twitter:card\" content=\"summary_large_image\" \/>\n<meta name=\"twitter:label1\" content=\"Written by\" \/>\n\t<meta name=\"twitter:data1\" content=\"Stefan Milanovic\" \/>\n\t<meta name=\"twitter:label2\" content=\"Est. reading time\" \/>\n\t<meta name=\"twitter:data2\" content=\"4 minutes\" \/>\n<script type=\"application\/ld+json\" class=\"yoast-schema-graph\">{\"@context\":\"https:\\\/\\\/schema.org\",\"@graph\":[{\"@type\":\"Article\",\"@id\":\"https:\\\/\\\/royalfamily.org\\\/lat\\\/prestolonaslednik-odao-pocast-srpskim-junacima-povodom-220-godisnjice-bitke-na-deligradu\\\/#article\",\"isPartOf\":{\"@id\":\"https:\\\/\\\/royalfamily.org\\\/lat\\\/prestolonaslednik-odao-pocast-srpskim-junacima-povodom-220-godisnjice-bitke-na-deligradu\\\/\"},\"author\":{\"name\":\"Stefan Milanovic\",\"@id\":\"https:\\\/\\\/royalfamily.org\\\/#\\\/schema\\\/person\\\/4ad3296a6a8a35eed333b6a785e9f648\"},\"headline\":\"PRESTOLONASLEDNIK ODAO PO\u010cAST SRPSKIM JUNACIMA POVODOM 220. GODI\u0160NjICE BITKE NA DELIGRADU\",\"datePublished\":\"2026-09-04T19:05:02+00:00\",\"mainEntityOfPage\":{\"@id\":\"https:\\\/\\\/royalfamily.org\\\/lat\\\/prestolonaslednik-odao-pocast-srpskim-junacima-povodom-220-godisnjice-bitke-na-deligradu\\\/\"},\"wordCount\":3442,\"publisher\":{\"@id\":\"https:\\\/\\\/royalfamily.org\\\/#organization\"},\"image\":{\"@id\":\"https:\\\/\\\/royalfamily.org\\\/lat\\\/prestolonaslednik-odao-pocast-srpskim-junacima-povodom-220-godisnjice-bitke-na-deligradu\\\/#primaryimage\"},\"thumbnailUrl\":\"https:\\\/\\\/royalfamily.org\\\/wp-content\\\/uploads\\\/2026\\\/09\\\/COVER-Deligrad.jpg\",\"articleSection\":[\"Vesti\"],\"inLanguage\":\"sr-LT\"},{\"@type\":\"WebPage\",\"@id\":\"https:\\\/\\\/royalfamily.org\\\/lat\\\/prestolonaslednik-odao-pocast-srpskim-junacima-povodom-220-godisnjice-bitke-na-deligradu\\\/\",\"url\":\"https:\\\/\\\/royalfamily.org\\\/lat\\\/prestolonaslednik-odao-pocast-srpskim-junacima-povodom-220-godisnjice-bitke-na-deligradu\\\/\",\"name\":\"PRESTOLONASLEDNIK ODAO PO\u010cAST SRPSKIM JUNACIMA POVODOM 220. GODI\u0160NjICE BITKE NA DELIGRADU - The Royal Family of Serbia\",\"isPartOf\":{\"@id\":\"https:\\\/\\\/royalfamily.org\\\/#website\"},\"primaryImageOfPage\":{\"@id\":\"https:\\\/\\\/royalfamily.org\\\/lat\\\/prestolonaslednik-odao-pocast-srpskim-junacima-povodom-220-godisnjice-bitke-na-deligradu\\\/#primaryimage\"},\"image\":{\"@id\":\"https:\\\/\\\/royalfamily.org\\\/lat\\\/prestolonaslednik-odao-pocast-srpskim-junacima-povodom-220-godisnjice-bitke-na-deligradu\\\/#primaryimage\"},\"thumbnailUrl\":\"https:\\\/\\\/royalfamily.org\\\/wp-content\\\/uploads\\\/2026\\\/09\\\/COVER-Deligrad.jpg\",\"datePublished\":\"2026-09-04T19:05:02+00:00\",\"breadcrumb\":{\"@id\":\"https:\\\/\\\/royalfamily.org\\\/lat\\\/prestolonaslednik-odao-pocast-srpskim-junacima-povodom-220-godisnjice-bitke-na-deligradu\\\/#breadcrumb\"},\"inLanguage\":\"sr-LT\",\"potentialAction\":[{\"@type\":\"ReadAction\",\"target\":[\"https:\\\/\\\/royalfamily.org\\\/lat\\\/prestolonaslednik-odao-pocast-srpskim-junacima-povodom-220-godisnjice-bitke-na-deligradu\\\/\"]}]},{\"@type\":\"ImageObject\",\"inLanguage\":\"sr-LT\",\"@id\":\"https:\\\/\\\/royalfamily.org\\\/lat\\\/prestolonaslednik-odao-pocast-srpskim-junacima-povodom-220-godisnjice-bitke-na-deligradu\\\/#primaryimage\",\"url\":\"https:\\\/\\\/royalfamily.org\\\/wp-content\\\/uploads\\\/2026\\\/09\\\/COVER-Deligrad.jpg\",\"contentUrl\":\"https:\\\/\\\/royalfamily.org\\\/wp-content\\\/uploads\\\/2026\\\/09\\\/COVER-Deligrad.jpg\",\"width\":1542,\"height\":750,\"caption\":\"CROWN PRINCE HONOURS SERBIAN HEROES ON THE 220TH ANNIVERSARY OF DELIGRAD BATTLE\"},{\"@type\":\"BreadcrumbList\",\"@id\":\"https:\\\/\\\/royalfamily.org\\\/lat\\\/prestolonaslednik-odao-pocast-srpskim-junacima-povodom-220-godisnjice-bitke-na-deligradu\\\/#breadcrumb\",\"itemListElement\":[{\"@type\":\"ListItem\",\"position\":1,\"name\":\"Home\",\"item\":\"https:\\\/\\\/royalfamily.org\\\/lat\\\/\"},{\"@type\":\"ListItem\",\"position\":2,\"name\":\"PRESTOLONASLEDNIK ODAO PO\u010cAST SRPSKIM JUNACIMA POVODOM 220. GODI\u0160NjICE BITKE NA DELIGRADU\"}]},{\"@type\":\"WebSite\",\"@id\":\"https:\\\/\\\/royalfamily.org\\\/#website\",\"url\":\"https:\\\/\\\/royalfamily.org\\\/\",\"name\":\"The Royal Family of Serbia\",\"description\":\"From the people, for the people\",\"publisher\":{\"@id\":\"https:\\\/\\\/royalfamily.org\\\/#organization\"},\"potentialAction\":[{\"@type\":\"SearchAction\",\"target\":{\"@type\":\"EntryPoint\",\"urlTemplate\":\"https:\\\/\\\/royalfamily.org\\\/?s={search_term_string}\"},\"query-input\":{\"@type\":\"PropertyValueSpecification\",\"valueRequired\":true,\"valueName\":\"search_term_string\"}}],\"inLanguage\":\"sr-LT\"},{\"@type\":\"Organization\",\"@id\":\"https:\\\/\\\/royalfamily.org\\\/#organization\",\"name\":\"Royal Family\",\"url\":\"https:\\\/\\\/royalfamily.org\\\/\",\"logo\":{\"@type\":\"ImageObject\",\"inLanguage\":\"sr-LT\",\"@id\":\"https:\\\/\\\/royalfamily.org\\\/#\\\/schema\\\/logo\\\/image\\\/\",\"url\":\"https:\\\/\\\/royalfamily.org\\\/wp-content\\\/uploads\\\/2019\\\/04\\\/logo-vector-02-V-latinica.png\",\"contentUrl\":\"https:\\\/\\\/royalfamily.org\\\/wp-content\\\/uploads\\\/2019\\\/04\\\/logo-vector-02-V-latinica.png\",\"width\":552,\"height\":99,\"caption\":\"Royal Family\"},\"image\":{\"@id\":\"https:\\\/\\\/royalfamily.org\\\/#\\\/schema\\\/logo\\\/image\\\/\"},\"sameAs\":[\"https:\\\/\\\/www.facebook.com\\\/Prestolonaslednik.Aleksandar\"]},{\"@type\":\"Person\",\"@id\":\"https:\\\/\\\/royalfamily.org\\\/#\\\/schema\\\/person\\\/4ad3296a6a8a35eed333b6a785e9f648\",\"name\":\"Stefan Milanovic\",\"image\":{\"@type\":\"ImageObject\",\"inLanguage\":\"sr-LT\",\"@id\":\"https:\\\/\\\/secure.gravatar.com\\\/avatar\\\/92dcbdcf3e32112a9ceb1e41665b1f44c69382d014cacfe12c701f6af7c40259?s=96&d=mm&r=g\",\"url\":\"https:\\\/\\\/secure.gravatar.com\\\/avatar\\\/92dcbdcf3e32112a9ceb1e41665b1f44c69382d014cacfe12c701f6af7c40259?s=96&d=mm&r=g\",\"contentUrl\":\"https:\\\/\\\/secure.gravatar.com\\\/avatar\\\/92dcbdcf3e32112a9ceb1e41665b1f44c69382d014cacfe12c701f6af7c40259?s=96&d=mm&r=g\",\"caption\":\"Stefan Milanovic\"}}]}<\/script>\n<!-- \/ Yoast SEO Premium plugin. -->","yoast_head_json":{"title":"PRESTOLONASLEDNIK ODAO PO\u010cAST SRPSKIM JUNACIMA POVODOM 220. GODI\u0160NjICE BITKE NA DELIGRADU - The Royal Family of Serbia","robots":{"index":"index","follow":"follow","max-snippet":"max-snippet:-1","max-image-preview":"max-image-preview:large","max-video-preview":"max-video-preview:-1"},"canonical":"https:\/\/royalfamily.org\/lat\/prestolonaslednik-odao-pocast-srpskim-junacima-povodom-220-godisnjice-bitke-na-deligradu\/","og_locale":"en_US","og_type":"article","og_title":"PRESTOLONASLEDNIK ODAO PO\u010cAST SRPSKIM JUNACIMA POVODOM 220. GODI\u0160NjICE BITKE NA DELIGRADU","og_url":"https:\/\/royalfamily.org\/lat\/prestolonaslednik-odao-pocast-srpskim-junacima-povodom-220-godisnjice-bitke-na-deligradu\/","og_site_name":"The Royal Family of Serbia","article_publisher":"https:\/\/www.facebook.com\/Prestolonaslednik.Aleksandar","article_published_time":"2026-09-04T19:05:02+00:00","og_image":[{"width":1542,"height":750,"url":"https:\/\/royalfamily.org\/wp-content\/uploads\/2026\/09\/COVER-Deligrad.jpg","type":"image\/jpeg"}],"author":"Stefan Milanovic","twitter_card":"summary_large_image","twitter_misc":{"Written by":"Stefan Milanovic","Est. reading time":"4 minutes"},"schema":{"@context":"https:\/\/schema.org","@graph":[{"@type":"Article","@id":"https:\/\/royalfamily.org\/lat\/prestolonaslednik-odao-pocast-srpskim-junacima-povodom-220-godisnjice-bitke-na-deligradu\/#article","isPartOf":{"@id":"https:\/\/royalfamily.org\/lat\/prestolonaslednik-odao-pocast-srpskim-junacima-povodom-220-godisnjice-bitke-na-deligradu\/"},"author":{"name":"Stefan Milanovic","@id":"https:\/\/royalfamily.org\/#\/schema\/person\/4ad3296a6a8a35eed333b6a785e9f648"},"headline":"PRESTOLONASLEDNIK ODAO PO\u010cAST SRPSKIM JUNACIMA POVODOM 220. GODI\u0160NjICE BITKE NA DELIGRADU","datePublished":"2026-09-04T19:05:02+00:00","mainEntityOfPage":{"@id":"https:\/\/royalfamily.org\/lat\/prestolonaslednik-odao-pocast-srpskim-junacima-povodom-220-godisnjice-bitke-na-deligradu\/"},"wordCount":3442,"publisher":{"@id":"https:\/\/royalfamily.org\/#organization"},"image":{"@id":"https:\/\/royalfamily.org\/lat\/prestolonaslednik-odao-pocast-srpskim-junacima-povodom-220-godisnjice-bitke-na-deligradu\/#primaryimage"},"thumbnailUrl":"https:\/\/royalfamily.org\/wp-content\/uploads\/2026\/09\/COVER-Deligrad.jpg","articleSection":["Vesti"],"inLanguage":"sr-LT"},{"@type":"WebPage","@id":"https:\/\/royalfamily.org\/lat\/prestolonaslednik-odao-pocast-srpskim-junacima-povodom-220-godisnjice-bitke-na-deligradu\/","url":"https:\/\/royalfamily.org\/lat\/prestolonaslednik-odao-pocast-srpskim-junacima-povodom-220-godisnjice-bitke-na-deligradu\/","name":"PRESTOLONASLEDNIK ODAO PO\u010cAST SRPSKIM JUNACIMA POVODOM 220. GODI\u0160NjICE BITKE NA DELIGRADU - The Royal Family of Serbia","isPartOf":{"@id":"https:\/\/royalfamily.org\/#website"},"primaryImageOfPage":{"@id":"https:\/\/royalfamily.org\/lat\/prestolonaslednik-odao-pocast-srpskim-junacima-povodom-220-godisnjice-bitke-na-deligradu\/#primaryimage"},"image":{"@id":"https:\/\/royalfamily.org\/lat\/prestolonaslednik-odao-pocast-srpskim-junacima-povodom-220-godisnjice-bitke-na-deligradu\/#primaryimage"},"thumbnailUrl":"https:\/\/royalfamily.org\/wp-content\/uploads\/2026\/09\/COVER-Deligrad.jpg","datePublished":"2026-09-04T19:05:02+00:00","breadcrumb":{"@id":"https:\/\/royalfamily.org\/lat\/prestolonaslednik-odao-pocast-srpskim-junacima-povodom-220-godisnjice-bitke-na-deligradu\/#breadcrumb"},"inLanguage":"sr-LT","potentialAction":[{"@type":"ReadAction","target":["https:\/\/royalfamily.org\/lat\/prestolonaslednik-odao-pocast-srpskim-junacima-povodom-220-godisnjice-bitke-na-deligradu\/"]}]},{"@type":"ImageObject","inLanguage":"sr-LT","@id":"https:\/\/royalfamily.org\/lat\/prestolonaslednik-odao-pocast-srpskim-junacima-povodom-220-godisnjice-bitke-na-deligradu\/#primaryimage","url":"https:\/\/royalfamily.org\/wp-content\/uploads\/2026\/09\/COVER-Deligrad.jpg","contentUrl":"https:\/\/royalfamily.org\/wp-content\/uploads\/2026\/09\/COVER-Deligrad.jpg","width":1542,"height":750,"caption":"CROWN PRINCE HONOURS SERBIAN HEROES ON THE 220TH ANNIVERSARY OF DELIGRAD BATTLE"},{"@type":"BreadcrumbList","@id":"https:\/\/royalfamily.org\/lat\/prestolonaslednik-odao-pocast-srpskim-junacima-povodom-220-godisnjice-bitke-na-deligradu\/#breadcrumb","itemListElement":[{"@type":"ListItem","position":1,"name":"Home","item":"https:\/\/royalfamily.org\/lat\/"},{"@type":"ListItem","position":2,"name":"PRESTOLONASLEDNIK ODAO PO\u010cAST SRPSKIM JUNACIMA POVODOM 220. GODI\u0160NjICE BITKE NA DELIGRADU"}]},{"@type":"WebSite","@id":"https:\/\/royalfamily.org\/#website","url":"https:\/\/royalfamily.org\/","name":"The Royal Family of Serbia","description":"From the people, for the people","publisher":{"@id":"https:\/\/royalfamily.org\/#organization"},"potentialAction":[{"@type":"SearchAction","target":{"@type":"EntryPoint","urlTemplate":"https:\/\/royalfamily.org\/?s={search_term_string}"},"query-input":{"@type":"PropertyValueSpecification","valueRequired":true,"valueName":"search_term_string"}}],"inLanguage":"sr-LT"},{"@type":"Organization","@id":"https:\/\/royalfamily.org\/#organization","name":"Royal Family","url":"https:\/\/royalfamily.org\/","logo":{"@type":"ImageObject","inLanguage":"sr-LT","@id":"https:\/\/royalfamily.org\/#\/schema\/logo\/image\/","url":"https:\/\/royalfamily.org\/wp-content\/uploads\/2019\/04\/logo-vector-02-V-latinica.png","contentUrl":"https:\/\/royalfamily.org\/wp-content\/uploads\/2019\/04\/logo-vector-02-V-latinica.png","width":552,"height":99,"caption":"Royal Family"},"image":{"@id":"https:\/\/royalfamily.org\/#\/schema\/logo\/image\/"},"sameAs":["https:\/\/www.facebook.com\/Prestolonaslednik.Aleksandar"]},{"@type":"Person","@id":"https:\/\/royalfamily.org\/#\/schema\/person\/4ad3296a6a8a35eed333b6a785e9f648","name":"Stefan Milanovic","image":{"@type":"ImageObject","inLanguage":"sr-LT","@id":"https:\/\/secure.gravatar.com\/avatar\/92dcbdcf3e32112a9ceb1e41665b1f44c69382d014cacfe12c701f6af7c40259?s=96&d=mm&r=g","url":"https:\/\/secure.gravatar.com\/avatar\/92dcbdcf3e32112a9ceb1e41665b1f44c69382d014cacfe12c701f6af7c40259?s=96&d=mm&r=g","contentUrl":"https:\/\/secure.gravatar.com\/avatar\/92dcbdcf3e32112a9ceb1e41665b1f44c69382d014cacfe12c701f6af7c40259?s=96&d=mm&r=g","caption":"Stefan Milanovic"}}]}},"_links":{"self":[{"href":"https:\/\/royalfamily.org\/lat\/wp-json\/wp\/v2\/posts\/101924","targetHints":{"allow":["GET"]}}],"collection":[{"href":"https:\/\/royalfamily.org\/lat\/wp-json\/wp\/v2\/posts"}],"about":[{"href":"https:\/\/royalfamily.org\/lat\/wp-json\/wp\/v2\/types\/post"}],"author":[{"embeddable":true,"href":"https:\/\/royalfamily.org\/lat\/wp-json\/wp\/v2\/users\/1001015"}],"replies":[{"embeddable":true,"href":"https:\/\/royalfamily.org\/lat\/wp-json\/wp\/v2\/comments?post=101924"}],"version-history":[{"count":1,"href":"https:\/\/royalfamily.org\/lat\/wp-json\/wp\/v2\/posts\/101924\/revisions"}],"predecessor-version":[{"id":101925,"href":"https:\/\/royalfamily.org\/lat\/wp-json\/wp\/v2\/posts\/101924\/revisions\/101925"}],"wp:featuredmedia":[{"embeddable":true,"href":"https:\/\/royalfamily.org\/lat\/wp-json\/wp\/v2\/media\/101921"}],"wp:attachment":[{"href":"https:\/\/royalfamily.org\/lat\/wp-json\/wp\/v2\/media?parent=101924"}],"wp:term":[{"taxonomy":"category","embeddable":true,"href":"https:\/\/royalfamily.org\/lat\/wp-json\/wp\/v2\/categories?post=101924"},{"taxonomy":"post_tag","embeddable":true,"href":"https:\/\/royalfamily.org\/lat\/wp-json\/wp\/v2\/tags?post=101924"}],"curies":[{"name":"wp","href":"https:\/\/api.w.org\/{rel}","templated":true}]}}