{"id":16031,"date":"2015-03-19T14:24:35","date_gmt":"2015-03-19T14:24:35","guid":{"rendered":"https:\/\/royalfamily.org\/crown-princess-katherine-foundation-hosts-reception-on-the-occasion-of-the-national-day-against-breast-cancer-at-the-royal-palace-2\/"},"modified":"2015-03-19T14:24:35","modified_gmt":"2015-03-19T14:24:35","slug":"crown-princess-katherine-foundation-hosts-reception-on-the-occasion-of-the-national-day-against-breast-cancer-at-the-royal-palace","status":"publish","type":"post","link":"https:\/\/royalfamily.org\/lat\/crown-princess-katherine-foundation-hosts-reception-on-the-occasion-of-the-national-day-against-breast-cancer-at-the-royal-palace\/","title":{"rendered":"Fondacija Princeze Katarine doma\u0107in prijema povodom Nacionalnog dana borbe protiv raka dojke u Kraljevskom dvoru"},"content":{"rendered":"<p><strong>Nj.K.V. Princeza Katarina i njena Humanitarna Fondacija organizovali su prijem kojim je obele\u017een Nacionalni dan borbe protiv raka dojke na Kraljevskom dvoru u Beogradu. Tom prilikom predstavljena je i knjiga \u201e\u017diveti kao pre\u201c, koja prenosi \u017eivotne pri\u010de \u010dlanica Dru\u0161tva za borbu protiv raka iz Sombora koje su pre\u017eivele ovu \u010desto smrtonosnu bolest.<\/strong><\/p>\n<p>Pored Njenog Kraljevskog Viso\u010danstva Princeze Katarine koja je u Kraljevskom Dvoru bila doma\u0107in ovog doga\u0111aja, prisustvovali su i dr \u0110er\u0111i \u0160ari\u0107, predstavnica NALOR-a iz Sombora, g-\u0111a Sara Gojkovi\u0107, istaknuta \u010dlanica Kola Srpskih sestara (majka predsednice Narodne skup\u0161tine Srbije), dr Tamara Klikovac, psiholog Instituta za onkologiju i radiologiju, g-din Jovan Kne\u017eevi\u0107, pomo\u0107nik sekretara za zdravstvo grada Beograda, g-\u0111a Ljiljana Habjanovi\u0107 \u0110urovi\u0107, spisateljica, g-\u0111a Ljiljana Stjepanovi\u0107, istaknuta dramska umetnica,\u00a0 \u010dlanice asocijacije NALOR \u010dije su pri\u010de ispri\u010dane u knjizi, kao i veliki broj predstavnica diplomatskog kora.<\/p>\n<p>U svom obra\u0107anju prisutnima, Nj.K.V. Princeza Katarina je istakla: \u201eRak dojke je bolest koja poga\u0111a mnoge \u017eene, ali zahvaljuju\u0107i ovim divnim \u017eenama znamo da nijedna bitka nije unapred izgubljena. \u017delim da vam ka\u017eem da moja Fondacija nastavlja rad na projektima koji \u0107e\u00a0 omogu\u0107iti da se stopa oboljevanja od raka dojke smanji. Klju\u010d za uspe\u0161nu borbu protiv raka dojke je rano otkrivanje ,zato \u017eene treba redovno trebaju raditi sve preglede.\u201c<\/p>\n<p>Humanitarna Fondacija Nj.K.V. Princeze Katarine je veoma anga\u017eovana na polju prvencije i le\u010denja raka dojke u Srbiji. Do sada je donirala prvi moblni digitalni mamograf u Srbiji vredan preko 700.000 evra Klini\u010dkom centru Ni\u0161 2009. godine, na kome je pregledano preko 100.000 \u017eena iz ju\u017ene Srbije. Analogni mamograf doniran je Klini\u010dkom centru Be\u017eanijska kosa 2007. godine, a poklonila ga je organizacija Radiology Mammography International iz Akrona u Ohaju, SAD. Osniva\u010d ove organizacije, prof. dr Ri\u010dard Hir\u0161, zajedno sa svojim timom, organizovao je i obuku za na\u0161e radiologe i tehni\u010dare tokom svoje posete Srbiji. Jo\u0161 jedan analogni mamograf doniran je Zdravstvenom centru u \u0106upriji 2009. godine. Ultrazvu\u010dni aparat sa biopsijom doniran je Institutu za onkologiju i radiologiju Srbije u Beogradu u januaru 2012, dok je jo\u0161 jedna takva ma\u0161ina donirana Klini\u010dkom centru Ni\u0161 u maju 2013.<\/p>\n<p>U saradnji sa Memorijalnim Sloan Ketering centrom za rak u Njujorku, i pod pokroviteljstvom Ministarstva zdravlja Srbije, organizovane su tri medicinske konferencije, 2008, 2009 i 2011. godine, posve\u0107ene skriningu raka dojke, raka grli\u0107a materice i raka plu\u0107a, na kojima je u\u010destvovalo preko 1.000 lekara iz na\u0161e zemlje.<\/p>\n<p>Zahvaljuju\u0107i Memorijalnom Sloan Ketering centru za rak iz Njujorka, Suzan G. Komen Fondaciji i humanitarnoj organizaciji Lajflajn Njujork, obezbe\u0111ene su donacije od 100.000 ameri\u010dkih dolara, zahvaljuju\u0107i kojima je 15 na\u0161ih lekara oti\u0161lo na usavr\u0161avanje u Njujorku.<\/p>\n<p>Jo\u0161 dvadeset lekara bilo je na obuci u Anderson i Memorijalnoj Herman bolnici u Hjustonu u Teksasu, a ova saradnja bi\u0107e nastavljena\u00a0 i u budu\u0107nosti.\u00a0 Drago nam je \u0161to mo\u017eemo da najavimo da \u0107e prvi sekvenator za BRKA testiranje gena za rak dojke biti u Srbiji za manje od mesec dana na Institutu za Onkologiju i radiologiju. Ova vredna masina je kupljena zajednickim naporima\u00a0 Foncaije Princeze katarine, Hemofarm Fondacije, kompanije Astra Zeneka i stipendijom Stavros Niarhos Fondacije iz Njujorka.<\/p>\n<p>Organizovanjem ovog doga\u0111aja, Nj.K.V. Princeza Katarina i njena Fondacija \u017eele da naglase zna\u010daj prevencije i potrebu redovnih pregleda. Tako\u0111e, zna\u010daj podr\u0161ke koju \u017eene koje pate od ove te\u0161ke bolesti treba da dobiju od svojih porodica, kao i od dru\u0161tva, tokom njihovog le\u010denja i oporavka.<\/p>\n<p><a href=\"https:\/\/royalfamily.org\/wp-content\/uploads\/2015\/03\/IMG_5719m.jpg\"><img decoding=\"async\" width=\"150\" height=\"150\" class=\"alignnone size-thumbnail wp-image-16026\" src=\"https:\/\/royalfamily.org\/wp-content\/uploads\/2015\/03\/IMG_5719m-150x150.jpg\" alt=\"IMG_5719m\" srcset=\"https:\/\/royalfamily.org\/wp-content\/uploads\/2015\/03\/IMG_5719m-50x50.jpg 50w, https:\/\/royalfamily.org\/wp-content\/uploads\/2015\/03\/IMG_5719m-95x95.jpg 95w, https:\/\/royalfamily.org\/wp-content\/uploads\/2015\/03\/IMG_5719m-110x110.jpg 110w, https:\/\/royalfamily.org\/wp-content\/uploads\/2015\/03\/IMG_5719m-150x150.jpg 150w, https:\/\/royalfamily.org\/wp-content\/uploads\/2015\/03\/IMG_5719m-200x200.jpg 200w\" sizes=\"(max-width: 150px) 100vw, 150px\" \/><\/a> <a href=\"https:\/\/royalfamily.org\/wp-content\/uploads\/2015\/03\/IMG_5628m.jpg\"><img decoding=\"async\" width=\"150\" height=\"150\" class=\"alignnone size-thumbnail wp-image-16023\" src=\"https:\/\/royalfamily.org\/wp-content\/uploads\/2015\/03\/IMG_5628m-150x150.jpg\" alt=\"IMG_5628m\" srcset=\"https:\/\/royalfamily.org\/wp-content\/uploads\/2015\/03\/IMG_5628m-50x50.jpg 50w, https:\/\/royalfamily.org\/wp-content\/uploads\/2015\/03\/IMG_5628m-95x95.jpg 95w, https:\/\/royalfamily.org\/wp-content\/uploads\/2015\/03\/IMG_5628m-110x110.jpg 110w, https:\/\/royalfamily.org\/wp-content\/uploads\/2015\/03\/IMG_5628m-150x150.jpg 150w, https:\/\/royalfamily.org\/wp-content\/uploads\/2015\/03\/IMG_5628m-200x200.jpg 200w\" sizes=\"(max-width: 150px) 100vw, 150px\" \/><\/a> <a href=\"https:\/\/royalfamily.org\/wp-content\/uploads\/2015\/03\/IMG_5583m.jpg\"><img decoding=\"async\" width=\"150\" height=\"150\" class=\"alignnone size-thumbnail wp-image-16020\" src=\"https:\/\/royalfamily.org\/wp-content\/uploads\/2015\/03\/IMG_5583m-150x150.jpg\" alt=\"IMG_5583m\" srcset=\"https:\/\/royalfamily.org\/wp-content\/uploads\/2015\/03\/IMG_5583m-50x50.jpg 50w, https:\/\/royalfamily.org\/wp-content\/uploads\/2015\/03\/IMG_5583m-95x95.jpg 95w, https:\/\/royalfamily.org\/wp-content\/uploads\/2015\/03\/IMG_5583m-110x110.jpg 110w, https:\/\/royalfamily.org\/wp-content\/uploads\/2015\/03\/IMG_5583m-150x150.jpg 150w, https:\/\/royalfamily.org\/wp-content\/uploads\/2015\/03\/IMG_5583m-200x200.jpg 200w\" sizes=\"(max-width: 150px) 100vw, 150px\" \/><\/a> <a href=\"https:\/\/royalfamily.org\/wp-content\/uploads\/2015\/03\/IMG_5472m.jpg\"><img decoding=\"async\" width=\"150\" height=\"150\" class=\"alignnone size-thumbnail wp-image-16014\" src=\"https:\/\/royalfamily.org\/wp-content\/uploads\/2015\/03\/IMG_5472m-150x150.jpg\" alt=\"IMG_5472m\" srcset=\"https:\/\/royalfamily.org\/wp-content\/uploads\/2015\/03\/IMG_5472m-50x50.jpg 50w, https:\/\/royalfamily.org\/wp-content\/uploads\/2015\/03\/IMG_5472m-95x95.jpg 95w, https:\/\/royalfamily.org\/wp-content\/uploads\/2015\/03\/IMG_5472m-110x110.jpg 110w, https:\/\/royalfamily.org\/wp-content\/uploads\/2015\/03\/IMG_5472m-150x150.jpg 150w, https:\/\/royalfamily.org\/wp-content\/uploads\/2015\/03\/IMG_5472m-200x200.jpg 200w\" sizes=\"(max-width: 150px) 100vw, 150px\" \/><\/a><\/p>\n<p>&nbsp;<\/p>\n","protected":false},"excerpt":{"rendered":"<p>Nj.K.V. Princeza Katarina i njena Humanitarna Fondacija organizovali su prijem kojim je obele\u017een Nacionalni dan  [&#8230;]<\/p>\n","protected":false},"author":1001015,"featured_media":16019,"comment_status":"closed","ping_status":"closed","sticky":false,"template":"","format":"standard","meta":{"_acf_changed":false,"footnotes":""},"categories":[22],"tags":[],"class_list":["post-16031","post","type-post","status-publish","format-standard","has-post-thumbnail","hentry","category-vesti"],"acf":[],"yoast_head":"<!-- This site is optimized with the Yoast SEO Premium plugin v27.5 (Yoast SEO v27.5) - https:\/\/yoast.com\/product\/yoast-seo-premium-wordpress\/ -->\n<title>Fondacija Princeze Katarine doma\u0107in prijema povodom Nacionalnog dana borbe protiv raka dojke u Kraljevskom dvoru - The Royal Family of Serbia<\/title>\n<meta name=\"description\" content=\"Nj.K.V. Princeza Katarina i njena Humanitarna Fondacija organizovali su prijem kojim je obele\u017een Nacionalni dan borbe protiv raka dojke na Kraljevskom\" \/>\n<meta name=\"robots\" content=\"index, follow, max-snippet:-1, max-image-preview:large, max-video-preview:-1\" \/>\n<link rel=\"canonical\" href=\"https:\/\/royalfamily.org\/lat\/crown-princess-katherine-foundation-hosts-reception-on-the-occasion-of-the-national-day-against-breast-cancer-at-the-royal-palace\/\" \/>\n<meta property=\"og:locale\" content=\"en_US\" \/>\n<meta property=\"og:type\" content=\"article\" \/>\n<meta property=\"og:title\" content=\"Fondacija Princeze Katarine doma\u0107in prijema povodom Nacionalnog dana borbe protiv raka dojke u Kraljevskom dvoru\" \/>\n<meta property=\"og:description\" content=\"Nj.K.V. Princeza Katarina i njena Humanitarna Fondacija organizovali su prijem kojim je obele\u017een Nacionalni dan borbe protiv raka dojke na Kraljevskom\" \/>\n<meta property=\"og:url\" content=\"https:\/\/royalfamily.org\/lat\/crown-princess-katherine-foundation-hosts-reception-on-the-occasion-of-the-national-day-against-breast-cancer-at-the-royal-palace\/\" \/>\n<meta property=\"og:site_name\" content=\"The Royal Family of Serbia\" \/>\n<meta property=\"article:publisher\" content=\"https:\/\/www.facebook.com\/Prestolonaslednik.Aleksandar\" \/>\n<meta property=\"article:published_time\" content=\"2015-03-19T14:24:35+00:00\" \/>\n<meta property=\"og:image\" content=\"https:\/\/royalfamily.org\/wp-content\/uploads\/2015\/03\/IMG_5554m.jpg\" \/>\n\t<meta property=\"og:image:width\" content=\"740\" \/>\n\t<meta property=\"og:image:height\" content=\"350\" \/>\n\t<meta property=\"og:image:type\" content=\"image\/jpeg\" \/>\n<meta name=\"author\" content=\"Stefan Milanovic\" \/>\n<meta name=\"twitter:card\" content=\"summary_large_image\" \/>\n<meta name=\"twitter:label1\" content=\"Written by\" \/>\n\t<meta name=\"twitter:data1\" content=\"Stefan Milanovic\" \/>\n\t<meta name=\"twitter:label2\" content=\"Est. reading time\" \/>\n\t<meta name=\"twitter:data2\" content=\"3 minutes\" \/>\n<script type=\"application\/ld+json\" class=\"yoast-schema-graph\">{\"@context\":\"https:\\\/\\\/schema.org\",\"@graph\":[{\"@type\":\"Article\",\"@id\":\"https:\\\/\\\/royalfamily.org\\\/lat\\\/crown-princess-katherine-foundation-hosts-reception-on-the-occasion-of-the-national-day-against-breast-cancer-at-the-royal-palace\\\/#article\",\"isPartOf\":{\"@id\":\"https:\\\/\\\/royalfamily.org\\\/lat\\\/crown-princess-katherine-foundation-hosts-reception-on-the-occasion-of-the-national-day-against-breast-cancer-at-the-royal-palace\\\/\"},\"author\":{\"name\":\"Stefan Milanovic\",\"@id\":\"https:\\\/\\\/royalfamily.org\\\/#\\\/schema\\\/person\\\/4ad3296a6a8a35eed333b6a785e9f648\"},\"headline\":\"Fondacija Princeze Katarine doma\u0107in prijema povodom Nacionalnog dana borbe protiv raka dojke u Kraljevskom dvoru\",\"datePublished\":\"2015-03-19T14:24:35+00:00\",\"mainEntityOfPage\":{\"@id\":\"https:\\\/\\\/royalfamily.org\\\/lat\\\/crown-princess-katherine-foundation-hosts-reception-on-the-occasion-of-the-national-day-against-breast-cancer-at-the-royal-palace\\\/\"},\"wordCount\":614,\"publisher\":{\"@id\":\"https:\\\/\\\/royalfamily.org\\\/#organization\"},\"image\":{\"@id\":\"https:\\\/\\\/royalfamily.org\\\/lat\\\/crown-princess-katherine-foundation-hosts-reception-on-the-occasion-of-the-national-day-against-breast-cancer-at-the-royal-palace\\\/#primaryimage\"},\"thumbnailUrl\":\"https:\\\/\\\/royalfamily.org\\\/wp-content\\\/uploads\\\/2015\\\/03\\\/IMG_5554m.jpg\",\"articleSection\":[\"Vesti\"],\"inLanguage\":\"sr-LT\"},{\"@type\":\"WebPage\",\"@id\":\"https:\\\/\\\/royalfamily.org\\\/lat\\\/crown-princess-katherine-foundation-hosts-reception-on-the-occasion-of-the-national-day-against-breast-cancer-at-the-royal-palace\\\/\",\"url\":\"https:\\\/\\\/royalfamily.org\\\/lat\\\/crown-princess-katherine-foundation-hosts-reception-on-the-occasion-of-the-national-day-against-breast-cancer-at-the-royal-palace\\\/\",\"name\":\"Fondacija Princeze Katarine doma\u0107in prijema povodom Nacionalnog dana borbe protiv raka dojke u Kraljevskom dvoru - The Royal Family of Serbia\",\"isPartOf\":{\"@id\":\"https:\\\/\\\/royalfamily.org\\\/#website\"},\"primaryImageOfPage\":{\"@id\":\"https:\\\/\\\/royalfamily.org\\\/lat\\\/crown-princess-katherine-foundation-hosts-reception-on-the-occasion-of-the-national-day-against-breast-cancer-at-the-royal-palace\\\/#primaryimage\"},\"image\":{\"@id\":\"https:\\\/\\\/royalfamily.org\\\/lat\\\/crown-princess-katherine-foundation-hosts-reception-on-the-occasion-of-the-national-day-against-breast-cancer-at-the-royal-palace\\\/#primaryimage\"},\"thumbnailUrl\":\"https:\\\/\\\/royalfamily.org\\\/wp-content\\\/uploads\\\/2015\\\/03\\\/IMG_5554m.jpg\",\"datePublished\":\"2015-03-19T14:24:35+00:00\",\"description\":\"Nj.K.V. Princeza Katarina i njena Humanitarna Fondacija organizovali su prijem kojim je obele\u017een Nacionalni dan borbe protiv raka dojke na Kraljevskom\",\"breadcrumb\":{\"@id\":\"https:\\\/\\\/royalfamily.org\\\/lat\\\/crown-princess-katherine-foundation-hosts-reception-on-the-occasion-of-the-national-day-against-breast-cancer-at-the-royal-palace\\\/#breadcrumb\"},\"inLanguage\":\"sr-LT\",\"potentialAction\":[{\"@type\":\"ReadAction\",\"target\":[\"https:\\\/\\\/royalfamily.org\\\/lat\\\/crown-princess-katherine-foundation-hosts-reception-on-the-occasion-of-the-national-day-against-breast-cancer-at-the-royal-palace\\\/\"]}]},{\"@type\":\"ImageObject\",\"inLanguage\":\"sr-LT\",\"@id\":\"https:\\\/\\\/royalfamily.org\\\/lat\\\/crown-princess-katherine-foundation-hosts-reception-on-the-occasion-of-the-national-day-against-breast-cancer-at-the-royal-palace\\\/#primaryimage\",\"url\":\"https:\\\/\\\/royalfamily.org\\\/wp-content\\\/uploads\\\/2015\\\/03\\\/IMG_5554m.jpg\",\"contentUrl\":\"https:\\\/\\\/royalfamily.org\\\/wp-content\\\/uploads\\\/2015\\\/03\\\/IMG_5554m.jpg\",\"width\":740,\"height\":350},{\"@type\":\"BreadcrumbList\",\"@id\":\"https:\\\/\\\/royalfamily.org\\\/lat\\\/crown-princess-katherine-foundation-hosts-reception-on-the-occasion-of-the-national-day-against-breast-cancer-at-the-royal-palace\\\/#breadcrumb\",\"itemListElement\":[{\"@type\":\"ListItem\",\"position\":1,\"name\":\"Home\",\"item\":\"https:\\\/\\\/royalfamily.org\\\/lat\\\/\"},{\"@type\":\"ListItem\",\"position\":2,\"name\":\"Fondacija Princeze Katarine doma\u0107in prijema povodom Nacionalnog dana borbe protiv raka dojke u Kraljevskom dvoru\"}]},{\"@type\":\"WebSite\",\"@id\":\"https:\\\/\\\/royalfamily.org\\\/#website\",\"url\":\"https:\\\/\\\/royalfamily.org\\\/\",\"name\":\"The Royal Family of Serbia\",\"description\":\"From the people, for the people\",\"publisher\":{\"@id\":\"https:\\\/\\\/royalfamily.org\\\/#organization\"},\"potentialAction\":[{\"@type\":\"SearchAction\",\"target\":{\"@type\":\"EntryPoint\",\"urlTemplate\":\"https:\\\/\\\/royalfamily.org\\\/?s={search_term_string}\"},\"query-input\":{\"@type\":\"PropertyValueSpecification\",\"valueRequired\":true,\"valueName\":\"search_term_string\"}}],\"inLanguage\":\"sr-LT\"},{\"@type\":\"Organization\",\"@id\":\"https:\\\/\\\/royalfamily.org\\\/#organization\",\"name\":\"Royal Family\",\"url\":\"https:\\\/\\\/royalfamily.org\\\/\",\"logo\":{\"@type\":\"ImageObject\",\"inLanguage\":\"sr-LT\",\"@id\":\"https:\\\/\\\/royalfamily.org\\\/#\\\/schema\\\/logo\\\/image\\\/\",\"url\":\"https:\\\/\\\/royalfamily.org\\\/wp-content\\\/uploads\\\/2019\\\/04\\\/logo-vector-02-V-latinica.png\",\"contentUrl\":\"https:\\\/\\\/royalfamily.org\\\/wp-content\\\/uploads\\\/2019\\\/04\\\/logo-vector-02-V-latinica.png\",\"width\":552,\"height\":99,\"caption\":\"Royal Family\"},\"image\":{\"@id\":\"https:\\\/\\\/royalfamily.org\\\/#\\\/schema\\\/logo\\\/image\\\/\"},\"sameAs\":[\"https:\\\/\\\/www.facebook.com\\\/Prestolonaslednik.Aleksandar\"]},{\"@type\":\"Person\",\"@id\":\"https:\\\/\\\/royalfamily.org\\\/#\\\/schema\\\/person\\\/4ad3296a6a8a35eed333b6a785e9f648\",\"name\":\"Stefan Milanovic\",\"image\":{\"@type\":\"ImageObject\",\"inLanguage\":\"sr-LT\",\"@id\":\"https:\\\/\\\/secure.gravatar.com\\\/avatar\\\/92dcbdcf3e32112a9ceb1e41665b1f44c69382d014cacfe12c701f6af7c40259?s=96&d=mm&r=g\",\"url\":\"https:\\\/\\\/secure.gravatar.com\\\/avatar\\\/92dcbdcf3e32112a9ceb1e41665b1f44c69382d014cacfe12c701f6af7c40259?s=96&d=mm&r=g\",\"contentUrl\":\"https:\\\/\\\/secure.gravatar.com\\\/avatar\\\/92dcbdcf3e32112a9ceb1e41665b1f44c69382d014cacfe12c701f6af7c40259?s=96&d=mm&r=g\",\"caption\":\"Stefan Milanovic\"}}]}<\/script>\n<!-- \/ Yoast SEO Premium plugin. -->","yoast_head_json":{"title":"Fondacija Princeze Katarine doma\u0107in prijema povodom Nacionalnog dana borbe protiv raka dojke u Kraljevskom dvoru - The Royal Family of Serbia","description":"Nj.K.V. Princeza Katarina i njena Humanitarna Fondacija organizovali su prijem kojim je obele\u017een Nacionalni dan borbe protiv raka dojke na Kraljevskom","robots":{"index":"index","follow":"follow","max-snippet":"max-snippet:-1","max-image-preview":"max-image-preview:large","max-video-preview":"max-video-preview:-1"},"canonical":"https:\/\/royalfamily.org\/lat\/crown-princess-katherine-foundation-hosts-reception-on-the-occasion-of-the-national-day-against-breast-cancer-at-the-royal-palace\/","og_locale":"en_US","og_type":"article","og_title":"Fondacija Princeze Katarine doma\u0107in prijema povodom Nacionalnog dana borbe protiv raka dojke u Kraljevskom dvoru","og_description":"Nj.K.V. Princeza Katarina i njena Humanitarna Fondacija organizovali su prijem kojim je obele\u017een Nacionalni dan borbe protiv raka dojke na Kraljevskom","og_url":"https:\/\/royalfamily.org\/lat\/crown-princess-katherine-foundation-hosts-reception-on-the-occasion-of-the-national-day-against-breast-cancer-at-the-royal-palace\/","og_site_name":"The Royal Family of Serbia","article_publisher":"https:\/\/www.facebook.com\/Prestolonaslednik.Aleksandar","article_published_time":"2015-03-19T14:24:35+00:00","og_image":[{"width":740,"height":350,"url":"https:\/\/royalfamily.org\/wp-content\/uploads\/2015\/03\/IMG_5554m.jpg","type":"image\/jpeg"}],"author":"Stefan Milanovic","twitter_card":"summary_large_image","twitter_misc":{"Written by":"Stefan Milanovic","Est. reading time":"3 minutes"},"schema":{"@context":"https:\/\/schema.org","@graph":[{"@type":"Article","@id":"https:\/\/royalfamily.org\/lat\/crown-princess-katherine-foundation-hosts-reception-on-the-occasion-of-the-national-day-against-breast-cancer-at-the-royal-palace\/#article","isPartOf":{"@id":"https:\/\/royalfamily.org\/lat\/crown-princess-katherine-foundation-hosts-reception-on-the-occasion-of-the-national-day-against-breast-cancer-at-the-royal-palace\/"},"author":{"name":"Stefan Milanovic","@id":"https:\/\/royalfamily.org\/#\/schema\/person\/4ad3296a6a8a35eed333b6a785e9f648"},"headline":"Fondacija Princeze Katarine doma\u0107in prijema povodom Nacionalnog dana borbe protiv raka dojke u Kraljevskom dvoru","datePublished":"2015-03-19T14:24:35+00:00","mainEntityOfPage":{"@id":"https:\/\/royalfamily.org\/lat\/crown-princess-katherine-foundation-hosts-reception-on-the-occasion-of-the-national-day-against-breast-cancer-at-the-royal-palace\/"},"wordCount":614,"publisher":{"@id":"https:\/\/royalfamily.org\/#organization"},"image":{"@id":"https:\/\/royalfamily.org\/lat\/crown-princess-katherine-foundation-hosts-reception-on-the-occasion-of-the-national-day-against-breast-cancer-at-the-royal-palace\/#primaryimage"},"thumbnailUrl":"https:\/\/royalfamily.org\/wp-content\/uploads\/2015\/03\/IMG_5554m.jpg","articleSection":["Vesti"],"inLanguage":"sr-LT"},{"@type":"WebPage","@id":"https:\/\/royalfamily.org\/lat\/crown-princess-katherine-foundation-hosts-reception-on-the-occasion-of-the-national-day-against-breast-cancer-at-the-royal-palace\/","url":"https:\/\/royalfamily.org\/lat\/crown-princess-katherine-foundation-hosts-reception-on-the-occasion-of-the-national-day-against-breast-cancer-at-the-royal-palace\/","name":"Fondacija Princeze Katarine doma\u0107in prijema povodom Nacionalnog dana borbe protiv raka dojke u Kraljevskom dvoru - The Royal Family of Serbia","isPartOf":{"@id":"https:\/\/royalfamily.org\/#website"},"primaryImageOfPage":{"@id":"https:\/\/royalfamily.org\/lat\/crown-princess-katherine-foundation-hosts-reception-on-the-occasion-of-the-national-day-against-breast-cancer-at-the-royal-palace\/#primaryimage"},"image":{"@id":"https:\/\/royalfamily.org\/lat\/crown-princess-katherine-foundation-hosts-reception-on-the-occasion-of-the-national-day-against-breast-cancer-at-the-royal-palace\/#primaryimage"},"thumbnailUrl":"https:\/\/royalfamily.org\/wp-content\/uploads\/2015\/03\/IMG_5554m.jpg","datePublished":"2015-03-19T14:24:35+00:00","description":"Nj.K.V. Princeza Katarina i njena Humanitarna Fondacija organizovali su prijem kojim je obele\u017een Nacionalni dan borbe protiv raka dojke na Kraljevskom","breadcrumb":{"@id":"https:\/\/royalfamily.org\/lat\/crown-princess-katherine-foundation-hosts-reception-on-the-occasion-of-the-national-day-against-breast-cancer-at-the-royal-palace\/#breadcrumb"},"inLanguage":"sr-LT","potentialAction":[{"@type":"ReadAction","target":["https:\/\/royalfamily.org\/lat\/crown-princess-katherine-foundation-hosts-reception-on-the-occasion-of-the-national-day-against-breast-cancer-at-the-royal-palace\/"]}]},{"@type":"ImageObject","inLanguage":"sr-LT","@id":"https:\/\/royalfamily.org\/lat\/crown-princess-katherine-foundation-hosts-reception-on-the-occasion-of-the-national-day-against-breast-cancer-at-the-royal-palace\/#primaryimage","url":"https:\/\/royalfamily.org\/wp-content\/uploads\/2015\/03\/IMG_5554m.jpg","contentUrl":"https:\/\/royalfamily.org\/wp-content\/uploads\/2015\/03\/IMG_5554m.jpg","width":740,"height":350},{"@type":"BreadcrumbList","@id":"https:\/\/royalfamily.org\/lat\/crown-princess-katherine-foundation-hosts-reception-on-the-occasion-of-the-national-day-against-breast-cancer-at-the-royal-palace\/#breadcrumb","itemListElement":[{"@type":"ListItem","position":1,"name":"Home","item":"https:\/\/royalfamily.org\/lat\/"},{"@type":"ListItem","position":2,"name":"Fondacija Princeze Katarine doma\u0107in prijema povodom Nacionalnog dana borbe protiv raka dojke u Kraljevskom dvoru"}]},{"@type":"WebSite","@id":"https:\/\/royalfamily.org\/#website","url":"https:\/\/royalfamily.org\/","name":"The Royal Family of Serbia","description":"From the people, for the people","publisher":{"@id":"https:\/\/royalfamily.org\/#organization"},"potentialAction":[{"@type":"SearchAction","target":{"@type":"EntryPoint","urlTemplate":"https:\/\/royalfamily.org\/?s={search_term_string}"},"query-input":{"@type":"PropertyValueSpecification","valueRequired":true,"valueName":"search_term_string"}}],"inLanguage":"sr-LT"},{"@type":"Organization","@id":"https:\/\/royalfamily.org\/#organization","name":"Royal Family","url":"https:\/\/royalfamily.org\/","logo":{"@type":"ImageObject","inLanguage":"sr-LT","@id":"https:\/\/royalfamily.org\/#\/schema\/logo\/image\/","url":"https:\/\/royalfamily.org\/wp-content\/uploads\/2019\/04\/logo-vector-02-V-latinica.png","contentUrl":"https:\/\/royalfamily.org\/wp-content\/uploads\/2019\/04\/logo-vector-02-V-latinica.png","width":552,"height":99,"caption":"Royal Family"},"image":{"@id":"https:\/\/royalfamily.org\/#\/schema\/logo\/image\/"},"sameAs":["https:\/\/www.facebook.com\/Prestolonaslednik.Aleksandar"]},{"@type":"Person","@id":"https:\/\/royalfamily.org\/#\/schema\/person\/4ad3296a6a8a35eed333b6a785e9f648","name":"Stefan Milanovic","image":{"@type":"ImageObject","inLanguage":"sr-LT","@id":"https:\/\/secure.gravatar.com\/avatar\/92dcbdcf3e32112a9ceb1e41665b1f44c69382d014cacfe12c701f6af7c40259?s=96&d=mm&r=g","url":"https:\/\/secure.gravatar.com\/avatar\/92dcbdcf3e32112a9ceb1e41665b1f44c69382d014cacfe12c701f6af7c40259?s=96&d=mm&r=g","contentUrl":"https:\/\/secure.gravatar.com\/avatar\/92dcbdcf3e32112a9ceb1e41665b1f44c69382d014cacfe12c701f6af7c40259?s=96&d=mm&r=g","caption":"Stefan Milanovic"}}]}},"_links":{"self":[{"href":"https:\/\/royalfamily.org\/lat\/wp-json\/wp\/v2\/posts\/16031","targetHints":{"allow":["GET"]}}],"collection":[{"href":"https:\/\/royalfamily.org\/lat\/wp-json\/wp\/v2\/posts"}],"about":[{"href":"https:\/\/royalfamily.org\/lat\/wp-json\/wp\/v2\/types\/post"}],"author":[{"embeddable":true,"href":"https:\/\/royalfamily.org\/lat\/wp-json\/wp\/v2\/users\/1001015"}],"replies":[{"embeddable":true,"href":"https:\/\/royalfamily.org\/lat\/wp-json\/wp\/v2\/comments?post=16031"}],"version-history":[{"count":0,"href":"https:\/\/royalfamily.org\/lat\/wp-json\/wp\/v2\/posts\/16031\/revisions"}],"wp:featuredmedia":[{"embeddable":true,"href":"https:\/\/royalfamily.org\/lat\/wp-json\/wp\/v2\/media\/16019"}],"wp:attachment":[{"href":"https:\/\/royalfamily.org\/lat\/wp-json\/wp\/v2\/media?parent=16031"}],"wp:term":[{"taxonomy":"category","embeddable":true,"href":"https:\/\/royalfamily.org\/lat\/wp-json\/wp\/v2\/categories?post=16031"},{"taxonomy":"post_tag","embeddable":true,"href":"https:\/\/royalfamily.org\/lat\/wp-json\/wp\/v2\/tags?post=16031"}],"curies":[{"name":"wp","href":"https:\/\/api.w.org\/{rel}","templated":true}]}}