{"id":16079,"date":"2015-03-23T22:09:46","date_gmt":"2015-03-23T22:09:46","guid":{"rendered":"https:\/\/royalfamily.org\/crown-prince-alexander-opens-exhibition-general-mihailovic-the-first-freedom-fighter-in-occupied-europe-at-the-white-palace-2\/"},"modified":"2015-03-23T22:09:46","modified_gmt":"2015-03-23T22:09:46","slug":"crown-prince-alexander-opens-exhibition-general-mihailovic-the-first-freedom-fighter-in-occupied-europe-at-the-white-palace","status":"publish","type":"post","link":"https:\/\/royalfamily.org\/lat\/crown-prince-alexander-opens-exhibition-general-mihailovic-the-first-freedom-fighter-in-occupied-europe-at-the-white-palace\/","title":{"rendered":"Prestolonaslednik Aleksandar otvorio izlo\u017ebu \u201eGeneral Mihailovi\u0107 \u2013 prvi borac za slobodu u okupiranoj Evropi\u201c u Belom Dvoru"},"content":{"rendered":"<p><strong>Njihova Kraljevska Viso\u010danstva Prestolonaslednik Aleksandar i Princeza Katarina bili su doma\u0107ini otvaranja izlo\u017ebe \u201eGeneral Mihailovi\u0107 \u2013 prvi borac za slobodu u okupiranoj Evropi\u201c danas u Belom Dvoru u Beogradu. Sve\u010dani prijem u Belom Dvoru prire\u0111en je u \u010dast premijere filma \u201eZa Kralja i Otad\u017ebinu\u201c autora Rado\u0161a Baji\u0107a.<\/strong><\/p>\n<p>Pozdravljaju\u0107i goste, Nj.K.V. Prestolonaslednik Aleksandar je istakao: \u201eMojoj supruzi i meni veliko je zadovoljstvo da vam po\u017eelimo dobrodo\u0161licu ve\u010deras, na otvaranju izlo\u017ebe \u201eGeneral Mihailovi\u0107 &#8211; prvi borac za slobodu u okupiranoj Evropi\u201c, autora Du\u0161ana Babca, \u010dlana Krunskog ve\u0107a. Ve\u010deras \u0107emo svi zajedno u Sava Centru prisustvovati premijeri filma \u201eZa Kralja i Otad\u017ebinu\u201c.\u00a0 \u017delim da se posebno zahvalim autoru filma gospodinu Rado\u0161u Baji\u0107u, na njegovom izuzetnom umetni\u010dkom delu. Siguran sam da \u0107e ovaj film zna\u010dajno doprineti daljem rasvetljavanju uloge generala Mihailovi\u0107a i jugoslovenske vojske u otad\u017ebini u srpskoj istoriji. Aprila hiljadu devetsto \u010detrdeset prve, zajedno sa nekoliko stotina oficira i vojnika, pukovnik Mihailovi\u0107 stvorio je prvi pokret otpora u Drugom svetskom ratu, ne samo u Jugoslaviji nego i u celoj Evropi. Kao \u0161to je bio prvi koji je pru\u017eio otpor nacisti\u010dkoj okupaciji, general Mihailovi\u0107 bio je i prvi koji se suprotstavio brutalnoj posleratnoj komunisti\u010dkoj diktaturi. Proces njegove sudske rehabilitacije zapo\u010deo je dve hiljade \u0161este godine i ja se iskreno nadam da \u0107e u \u0161to skorije vreme biti okon\u010dan. Nacionalno pomirenje mo\u017ee da po\u010diva samo na istini, ispravljanju nepravdi i pra\u0161tanju. Na\u0161oj zemlji je neophodno vi\u0161e jedinstva, pravde i pravi\u010dnosti za sve. Molimo se za sve koji su izgubili svoje \u017eivote na svim stranama!\u201c, istakao je Prestolonaslednik.<\/p>\n<p>Obra\u0107aju\u0107i se prisutnima, autor filma \u201eZa Kralja i Otad\u017ebinu\u201c g-din Rado\u0161 Baji\u0107 je istakao: \u201eNa kraju te\u0161kog i trnovitog puta na kojem sam se valjda Bo\u017eijom voljom na\u0161ao \u2013 posle deset epizoda TV Serije \u201eRavna Gora\u201c, kojoj su tek \u0161to je uzletela sase\u010dena krila \u2013 filmom \u201eZa Kralja i Otad\u017ebinu\u201c opra\u0161tam se od teme koja je vi\u0161e od sedam decenija bila zabranjena, skrajnuta i zatrpana la\u017eima, jednoumljem i be\u0161\u010da\u0161\u0107em. Opra\u0161tam se, a tek smo po\u010deli. Kada Vas ve\u010deras vidim, u ovolikom broju, sa srcima za istinu i za pravdu \u2013 ne \u017ealim \u0161to sam po\u010dinjao\u201c- istakao je g-din Baji\u0107.<\/p>\n<p>Specijalnu \u010dast svojim prisustvom na otvaranju ukazao je NJ.E. g-din Hajnc Vilhelm, ambasador Savezne Republike Nema\u010dke u Srbiji.<\/p>\n<p>Njihova Kraljevska Viso\u010danstva Prestolonaslednik Aleksandar i Princeza Katarina prisustvova\u0107e ve\u010deras od 20:30 \u010dasova premijeri filma \u201eZa Kralja i otad\u017ebinu\u201c u beogradskom Sava centru.<\/p>\n<p>Po zavr\u0161enoj projekciji, prisutnima \u0107e se obratiti Njegovo Kraljevsko Viso\u010danstvo Prestolonaslednik Aleksandar koji \u0107e odlikovati g-dina Rado\u0161a Baji\u0107a, autora filma \u201eZa Kralja i otad\u017ebinu\u201c Ordenom Krune III reda, za zasluge za Kraljevski Dom, za narodno i op\u0161te dobro.<\/p>\n<p>Izlo\u017eba \u201eGeneral Mihailovi\u0107 \u2013 Prvi borac za slobodu u okupiranoj Evropi\u201c bi\u0107e otvorena svakog radnog dana do 3. aprila 2015. godine. Svi gra\u0111ani koji su zainteresovani da posete ovu interesantnu izlo\u017ebu, mogu to da u\u010dine u okviru grupnih obilazaka, u terminu od 10:00 \u010dasova uz obaveznu najavu na telefon: 011 306 4000 ili putem e-po\u0161te na <a href=\"https:\/\/royalfamily.org\/Sendy\/l\/PgvUQzLKseS8ZyAxjaieOw\/eJFkugO6Qy763j93v8892GkOkA\/UGf2eASbgHs6ZuGuv1B4uw\" target=\"_blank\"><span style=\"color: navy;\">kancelarija@dvor.rs<\/span><\/a><\/p>\n<p>Fond Kraljevski Dvor \u017eeli da se zahvali Arhivu Jugoslavije, Arhivu SANU, ambasadi Republike Francuske u Srbiji, ambasadi Sjedinjenih Ameri\u010dkih Dr\u017eava u Srbiji, \u010dlanovima Krunskog saveta akademiku Matiji Be\u0107kovi\u0107u i g-dinu Slobodanu Markovi\u0107u, g-dinu Miloslavu Samard\u017ei\u0107u, g-dinu Branku Jevti\u0107u, g-dinu Aleksandru \u010coli\u0107u, i g-\u0111i Aleksandri Rebi\u0107 i g-dinu Branku Petrovi\u0107u iz Sjedinjenih Ameri\u010dkih Dr\u017eava na nesebi\u010dnoj pomo\u0107i i doprinosu u pripremi izlo\u017ebe.<br \/>\n<a href=\"https:\/\/royalfamily.org\/wp-content\/uploads\/2015\/03\/IMG_6387m.jpg\"><img decoding=\"async\" width=\"150\" height=\"150\" class=\"alignnone size-thumbnail wp-image-16083\" src=\"https:\/\/royalfamily.org\/wp-content\/uploads\/2015\/03\/IMG_6387m-150x150.jpg\" alt=\"IMG_6387m\" srcset=\"https:\/\/royalfamily.org\/wp-content\/uploads\/2015\/03\/IMG_6387m-50x50.jpg 50w, https:\/\/royalfamily.org\/wp-content\/uploads\/2015\/03\/IMG_6387m-95x95.jpg 95w, https:\/\/royalfamily.org\/wp-content\/uploads\/2015\/03\/IMG_6387m-110x110.jpg 110w, https:\/\/royalfamily.org\/wp-content\/uploads\/2015\/03\/IMG_6387m-150x150.jpg 150w, https:\/\/royalfamily.org\/wp-content\/uploads\/2015\/03\/IMG_6387m-200x200.jpg 200w\" sizes=\"(max-width: 150px) 100vw, 150px\" \/><\/a> <a href=\"https:\/\/royalfamily.org\/wp-content\/uploads\/2015\/03\/IMG_6708m.jpg\"><img decoding=\"async\" width=\"150\" height=\"150\" class=\"alignnone size-thumbnail wp-image-16095\" src=\"https:\/\/royalfamily.org\/wp-content\/uploads\/2015\/03\/IMG_6708m-150x150.jpg\" alt=\"IMG_6708m\" srcset=\"https:\/\/royalfamily.org\/wp-content\/uploads\/2015\/03\/IMG_6708m-50x50.jpg 50w, https:\/\/royalfamily.org\/wp-content\/uploads\/2015\/03\/IMG_6708m-95x95.jpg 95w, https:\/\/royalfamily.org\/wp-content\/uploads\/2015\/03\/IMG_6708m-110x110.jpg 110w, https:\/\/royalfamily.org\/wp-content\/uploads\/2015\/03\/IMG_6708m-150x150.jpg 150w, https:\/\/royalfamily.org\/wp-content\/uploads\/2015\/03\/IMG_6708m-200x200.jpg 200w\" sizes=\"(max-width: 150px) 100vw, 150px\" \/><\/a> \u00a0<a href=\"https:\/\/royalfamily.org\/wp-content\/uploads\/2015\/03\/IMG_6583m.jpg\"><img decoding=\"async\" width=\"150\" height=\"150\" class=\"alignnone size-thumbnail wp-image-16089\" src=\"https:\/\/royalfamily.org\/wp-content\/uploads\/2015\/03\/IMG_6583m-150x150.jpg\" alt=\"IMG_6583m\" srcset=\"https:\/\/royalfamily.org\/wp-content\/uploads\/2015\/03\/IMG_6583m-50x50.jpg 50w, https:\/\/royalfamily.org\/wp-content\/uploads\/2015\/03\/IMG_6583m-95x95.jpg 95w, https:\/\/royalfamily.org\/wp-content\/uploads\/2015\/03\/IMG_6583m-110x110.jpg 110w, https:\/\/royalfamily.org\/wp-content\/uploads\/2015\/03\/IMG_6583m-150x150.jpg 150w, https:\/\/royalfamily.org\/wp-content\/uploads\/2015\/03\/IMG_6583m-200x200.jpg 200w\" sizes=\"(max-width: 150px) 100vw, 150px\" \/><\/a><\/p>\n","protected":false},"excerpt":{"rendered":"<p>Njihova Kraljevska Viso\u010danstva Prestolonaslednik Aleksandar i Princeza Katarina bili su doma\u0107ini otvaranja izlo\u017ebe \u201eGeneral Mihailovi\u0107  [&#8230;]<\/p>\n","protected":false},"author":1001015,"featured_media":16121,"comment_status":"closed","ping_status":"closed","sticky":false,"template":"","format":"standard","meta":{"_acf_changed":false,"footnotes":""},"categories":[22],"tags":[],"class_list":["post-16079","post","type-post","status-publish","format-standard","has-post-thumbnail","hentry","category-vesti"],"acf":[],"yoast_head":"<!-- This site is optimized with the Yoast SEO Premium plugin v27.5 (Yoast SEO v27.5) - https:\/\/yoast.com\/product\/yoast-seo-premium-wordpress\/ -->\n<title>Prestolonaslednik Aleksandar otvorio izlo\u017ebu \u201eGeneral Mihailovi\u0107 \u2013 prvi borac za slobodu u okupiranoj Evropi\u201c u Belom Dvoru - The Royal Family of Serbia<\/title>\n<meta name=\"description\" content=\"Njihova Kraljevska Viso\u010danstva Prestolonaslednik Aleksandar i Princeza Katarina bili su doma\u0107ini otvaranja izlo\u017ebe \u201eGeneral Mihailovi\u0107 \u2013 prvi borac za\" \/>\n<meta name=\"robots\" content=\"index, follow, max-snippet:-1, max-image-preview:large, max-video-preview:-1\" \/>\n<link rel=\"canonical\" href=\"https:\/\/royalfamily.org\/lat\/crown-prince-alexander-opens-exhibition-general-mihailovic-the-first-freedom-fighter-in-occupied-europe-at-the-white-palace\/\" \/>\n<meta property=\"og:locale\" content=\"en_US\" \/>\n<meta property=\"og:type\" content=\"article\" \/>\n<meta property=\"og:title\" content=\"Prestolonaslednik Aleksandar otvorio izlo\u017ebu \u201eGeneral Mihailovi\u0107 \u2013 prvi borac za slobodu u okupiranoj Evropi\u201c u Belom Dvoru\" \/>\n<meta property=\"og:description\" content=\"Njihova Kraljevska Viso\u010danstva Prestolonaslednik Aleksandar i Princeza Katarina bili su doma\u0107ini otvaranja izlo\u017ebe \u201eGeneral Mihailovi\u0107 \u2013 prvi borac za\" \/>\n<meta property=\"og:url\" content=\"https:\/\/royalfamily.org\/lat\/crown-prince-alexander-opens-exhibition-general-mihailovic-the-first-freedom-fighter-in-occupied-europe-at-the-white-palace\/\" \/>\n<meta property=\"og:site_name\" content=\"The Royal Family of Serbia\" \/>\n<meta property=\"article:publisher\" content=\"https:\/\/www.facebook.com\/Prestolonaslednik.Aleksandar\" \/>\n<meta property=\"article:published_time\" content=\"2015-03-23T22:09:46+00:00\" \/>\n<meta property=\"og:image\" content=\"https:\/\/royalfamily.org\/wp-content\/uploads\/2015\/03\/IMG_6596m1.jpg\" \/>\n\t<meta property=\"og:image:width\" content=\"740\" \/>\n\t<meta property=\"og:image:height\" content=\"350\" \/>\n\t<meta property=\"og:image:type\" content=\"image\/jpeg\" \/>\n<meta name=\"author\" content=\"Stefan Milanovic\" \/>\n<meta name=\"twitter:card\" content=\"summary_large_image\" \/>\n<meta name=\"twitter:label1\" content=\"Written by\" \/>\n\t<meta name=\"twitter:data1\" content=\"Stefan Milanovic\" \/>\n\t<meta name=\"twitter:label2\" content=\"Est. reading time\" \/>\n\t<meta name=\"twitter:data2\" content=\"3 minutes\" \/>\n<script type=\"application\/ld+json\" class=\"yoast-schema-graph\">{\"@context\":\"https:\\\/\\\/schema.org\",\"@graph\":[{\"@type\":\"Article\",\"@id\":\"https:\\\/\\\/royalfamily.org\\\/lat\\\/crown-prince-alexander-opens-exhibition-general-mihailovic-the-first-freedom-fighter-in-occupied-europe-at-the-white-palace\\\/#article\",\"isPartOf\":{\"@id\":\"https:\\\/\\\/royalfamily.org\\\/lat\\\/crown-prince-alexander-opens-exhibition-general-mihailovic-the-first-freedom-fighter-in-occupied-europe-at-the-white-palace\\\/\"},\"author\":{\"name\":\"Stefan Milanovic\",\"@id\":\"https:\\\/\\\/royalfamily.org\\\/#\\\/schema\\\/person\\\/4ad3296a6a8a35eed333b6a785e9f648\"},\"headline\":\"Prestolonaslednik Aleksandar otvorio izlo\u017ebu \u201eGeneral Mihailovi\u0107 \u2013 prvi borac za slobodu u okupiranoj Evropi\u201c u Belom Dvoru\",\"datePublished\":\"2015-03-23T22:09:46+00:00\",\"mainEntityOfPage\":{\"@id\":\"https:\\\/\\\/royalfamily.org\\\/lat\\\/crown-prince-alexander-opens-exhibition-general-mihailovic-the-first-freedom-fighter-in-occupied-europe-at-the-white-palace\\\/\"},\"wordCount\":643,\"publisher\":{\"@id\":\"https:\\\/\\\/royalfamily.org\\\/#organization\"},\"image\":{\"@id\":\"https:\\\/\\\/royalfamily.org\\\/lat\\\/crown-prince-alexander-opens-exhibition-general-mihailovic-the-first-freedom-fighter-in-occupied-europe-at-the-white-palace\\\/#primaryimage\"},\"thumbnailUrl\":\"https:\\\/\\\/royalfamily.org\\\/wp-content\\\/uploads\\\/2015\\\/03\\\/IMG_6596m1.jpg\",\"articleSection\":[\"Vesti\"],\"inLanguage\":\"sr-LT\"},{\"@type\":\"WebPage\",\"@id\":\"https:\\\/\\\/royalfamily.org\\\/lat\\\/crown-prince-alexander-opens-exhibition-general-mihailovic-the-first-freedom-fighter-in-occupied-europe-at-the-white-palace\\\/\",\"url\":\"https:\\\/\\\/royalfamily.org\\\/lat\\\/crown-prince-alexander-opens-exhibition-general-mihailovic-the-first-freedom-fighter-in-occupied-europe-at-the-white-palace\\\/\",\"name\":\"Prestolonaslednik Aleksandar otvorio izlo\u017ebu \u201eGeneral Mihailovi\u0107 \u2013 prvi borac za slobodu u okupiranoj Evropi\u201c u Belom Dvoru - The Royal Family of Serbia\",\"isPartOf\":{\"@id\":\"https:\\\/\\\/royalfamily.org\\\/#website\"},\"primaryImageOfPage\":{\"@id\":\"https:\\\/\\\/royalfamily.org\\\/lat\\\/crown-prince-alexander-opens-exhibition-general-mihailovic-the-first-freedom-fighter-in-occupied-europe-at-the-white-palace\\\/#primaryimage\"},\"image\":{\"@id\":\"https:\\\/\\\/royalfamily.org\\\/lat\\\/crown-prince-alexander-opens-exhibition-general-mihailovic-the-first-freedom-fighter-in-occupied-europe-at-the-white-palace\\\/#primaryimage\"},\"thumbnailUrl\":\"https:\\\/\\\/royalfamily.org\\\/wp-content\\\/uploads\\\/2015\\\/03\\\/IMG_6596m1.jpg\",\"datePublished\":\"2015-03-23T22:09:46+00:00\",\"description\":\"Njihova Kraljevska Viso\u010danstva Prestolonaslednik Aleksandar i Princeza Katarina bili su doma\u0107ini otvaranja izlo\u017ebe \u201eGeneral Mihailovi\u0107 \u2013 prvi borac za\",\"breadcrumb\":{\"@id\":\"https:\\\/\\\/royalfamily.org\\\/lat\\\/crown-prince-alexander-opens-exhibition-general-mihailovic-the-first-freedom-fighter-in-occupied-europe-at-the-white-palace\\\/#breadcrumb\"},\"inLanguage\":\"sr-LT\",\"potentialAction\":[{\"@type\":\"ReadAction\",\"target\":[\"https:\\\/\\\/royalfamily.org\\\/lat\\\/crown-prince-alexander-opens-exhibition-general-mihailovic-the-first-freedom-fighter-in-occupied-europe-at-the-white-palace\\\/\"]}]},{\"@type\":\"ImageObject\",\"inLanguage\":\"sr-LT\",\"@id\":\"https:\\\/\\\/royalfamily.org\\\/lat\\\/crown-prince-alexander-opens-exhibition-general-mihailovic-the-first-freedom-fighter-in-occupied-europe-at-the-white-palace\\\/#primaryimage\",\"url\":\"https:\\\/\\\/royalfamily.org\\\/wp-content\\\/uploads\\\/2015\\\/03\\\/IMG_6596m1.jpg\",\"contentUrl\":\"https:\\\/\\\/royalfamily.org\\\/wp-content\\\/uploads\\\/2015\\\/03\\\/IMG_6596m1.jpg\",\"width\":740,\"height\":350},{\"@type\":\"BreadcrumbList\",\"@id\":\"https:\\\/\\\/royalfamily.org\\\/lat\\\/crown-prince-alexander-opens-exhibition-general-mihailovic-the-first-freedom-fighter-in-occupied-europe-at-the-white-palace\\\/#breadcrumb\",\"itemListElement\":[{\"@type\":\"ListItem\",\"position\":1,\"name\":\"Home\",\"item\":\"https:\\\/\\\/royalfamily.org\\\/lat\\\/\"},{\"@type\":\"ListItem\",\"position\":2,\"name\":\"Prestolonaslednik Aleksandar otvorio izlo\u017ebu \u201eGeneral Mihailovi\u0107 \u2013 prvi borac za slobodu u okupiranoj Evropi\u201c u Belom Dvoru\"}]},{\"@type\":\"WebSite\",\"@id\":\"https:\\\/\\\/royalfamily.org\\\/#website\",\"url\":\"https:\\\/\\\/royalfamily.org\\\/\",\"name\":\"The Royal Family of Serbia\",\"description\":\"From the people, for the people\",\"publisher\":{\"@id\":\"https:\\\/\\\/royalfamily.org\\\/#organization\"},\"potentialAction\":[{\"@type\":\"SearchAction\",\"target\":{\"@type\":\"EntryPoint\",\"urlTemplate\":\"https:\\\/\\\/royalfamily.org\\\/?s={search_term_string}\"},\"query-input\":{\"@type\":\"PropertyValueSpecification\",\"valueRequired\":true,\"valueName\":\"search_term_string\"}}],\"inLanguage\":\"sr-LT\"},{\"@type\":\"Organization\",\"@id\":\"https:\\\/\\\/royalfamily.org\\\/#organization\",\"name\":\"Royal Family\",\"url\":\"https:\\\/\\\/royalfamily.org\\\/\",\"logo\":{\"@type\":\"ImageObject\",\"inLanguage\":\"sr-LT\",\"@id\":\"https:\\\/\\\/royalfamily.org\\\/#\\\/schema\\\/logo\\\/image\\\/\",\"url\":\"https:\\\/\\\/royalfamily.org\\\/wp-content\\\/uploads\\\/2019\\\/04\\\/logo-vector-02-V-latinica.png\",\"contentUrl\":\"https:\\\/\\\/royalfamily.org\\\/wp-content\\\/uploads\\\/2019\\\/04\\\/logo-vector-02-V-latinica.png\",\"width\":552,\"height\":99,\"caption\":\"Royal Family\"},\"image\":{\"@id\":\"https:\\\/\\\/royalfamily.org\\\/#\\\/schema\\\/logo\\\/image\\\/\"},\"sameAs\":[\"https:\\\/\\\/www.facebook.com\\\/Prestolonaslednik.Aleksandar\"]},{\"@type\":\"Person\",\"@id\":\"https:\\\/\\\/royalfamily.org\\\/#\\\/schema\\\/person\\\/4ad3296a6a8a35eed333b6a785e9f648\",\"name\":\"Stefan Milanovic\",\"image\":{\"@type\":\"ImageObject\",\"inLanguage\":\"sr-LT\",\"@id\":\"https:\\\/\\\/secure.gravatar.com\\\/avatar\\\/92dcbdcf3e32112a9ceb1e41665b1f44c69382d014cacfe12c701f6af7c40259?s=96&d=mm&r=g\",\"url\":\"https:\\\/\\\/secure.gravatar.com\\\/avatar\\\/92dcbdcf3e32112a9ceb1e41665b1f44c69382d014cacfe12c701f6af7c40259?s=96&d=mm&r=g\",\"contentUrl\":\"https:\\\/\\\/secure.gravatar.com\\\/avatar\\\/92dcbdcf3e32112a9ceb1e41665b1f44c69382d014cacfe12c701f6af7c40259?s=96&d=mm&r=g\",\"caption\":\"Stefan Milanovic\"}}]}<\/script>\n<!-- \/ Yoast SEO Premium plugin. -->","yoast_head_json":{"title":"Prestolonaslednik Aleksandar otvorio izlo\u017ebu \u201eGeneral Mihailovi\u0107 \u2013 prvi borac za slobodu u okupiranoj Evropi\u201c u Belom Dvoru - The Royal Family of Serbia","description":"Njihova Kraljevska Viso\u010danstva Prestolonaslednik Aleksandar i Princeza Katarina bili su doma\u0107ini otvaranja izlo\u017ebe \u201eGeneral Mihailovi\u0107 \u2013 prvi borac za","robots":{"index":"index","follow":"follow","max-snippet":"max-snippet:-1","max-image-preview":"max-image-preview:large","max-video-preview":"max-video-preview:-1"},"canonical":"https:\/\/royalfamily.org\/lat\/crown-prince-alexander-opens-exhibition-general-mihailovic-the-first-freedom-fighter-in-occupied-europe-at-the-white-palace\/","og_locale":"en_US","og_type":"article","og_title":"Prestolonaslednik Aleksandar otvorio izlo\u017ebu \u201eGeneral Mihailovi\u0107 \u2013 prvi borac za slobodu u okupiranoj Evropi\u201c u Belom Dvoru","og_description":"Njihova Kraljevska Viso\u010danstva Prestolonaslednik Aleksandar i Princeza Katarina bili su doma\u0107ini otvaranja izlo\u017ebe \u201eGeneral Mihailovi\u0107 \u2013 prvi borac za","og_url":"https:\/\/royalfamily.org\/lat\/crown-prince-alexander-opens-exhibition-general-mihailovic-the-first-freedom-fighter-in-occupied-europe-at-the-white-palace\/","og_site_name":"The Royal Family of Serbia","article_publisher":"https:\/\/www.facebook.com\/Prestolonaslednik.Aleksandar","article_published_time":"2015-03-23T22:09:46+00:00","og_image":[{"width":740,"height":350,"url":"https:\/\/royalfamily.org\/wp-content\/uploads\/2015\/03\/IMG_6596m1.jpg","type":"image\/jpeg"}],"author":"Stefan Milanovic","twitter_card":"summary_large_image","twitter_misc":{"Written by":"Stefan Milanovic","Est. reading time":"3 minutes"},"schema":{"@context":"https:\/\/schema.org","@graph":[{"@type":"Article","@id":"https:\/\/royalfamily.org\/lat\/crown-prince-alexander-opens-exhibition-general-mihailovic-the-first-freedom-fighter-in-occupied-europe-at-the-white-palace\/#article","isPartOf":{"@id":"https:\/\/royalfamily.org\/lat\/crown-prince-alexander-opens-exhibition-general-mihailovic-the-first-freedom-fighter-in-occupied-europe-at-the-white-palace\/"},"author":{"name":"Stefan Milanovic","@id":"https:\/\/royalfamily.org\/#\/schema\/person\/4ad3296a6a8a35eed333b6a785e9f648"},"headline":"Prestolonaslednik Aleksandar otvorio izlo\u017ebu \u201eGeneral Mihailovi\u0107 \u2013 prvi borac za slobodu u okupiranoj Evropi\u201c u Belom Dvoru","datePublished":"2015-03-23T22:09:46+00:00","mainEntityOfPage":{"@id":"https:\/\/royalfamily.org\/lat\/crown-prince-alexander-opens-exhibition-general-mihailovic-the-first-freedom-fighter-in-occupied-europe-at-the-white-palace\/"},"wordCount":643,"publisher":{"@id":"https:\/\/royalfamily.org\/#organization"},"image":{"@id":"https:\/\/royalfamily.org\/lat\/crown-prince-alexander-opens-exhibition-general-mihailovic-the-first-freedom-fighter-in-occupied-europe-at-the-white-palace\/#primaryimage"},"thumbnailUrl":"https:\/\/royalfamily.org\/wp-content\/uploads\/2015\/03\/IMG_6596m1.jpg","articleSection":["Vesti"],"inLanguage":"sr-LT"},{"@type":"WebPage","@id":"https:\/\/royalfamily.org\/lat\/crown-prince-alexander-opens-exhibition-general-mihailovic-the-first-freedom-fighter-in-occupied-europe-at-the-white-palace\/","url":"https:\/\/royalfamily.org\/lat\/crown-prince-alexander-opens-exhibition-general-mihailovic-the-first-freedom-fighter-in-occupied-europe-at-the-white-palace\/","name":"Prestolonaslednik Aleksandar otvorio izlo\u017ebu \u201eGeneral Mihailovi\u0107 \u2013 prvi borac za slobodu u okupiranoj Evropi\u201c u Belom Dvoru - The Royal Family of Serbia","isPartOf":{"@id":"https:\/\/royalfamily.org\/#website"},"primaryImageOfPage":{"@id":"https:\/\/royalfamily.org\/lat\/crown-prince-alexander-opens-exhibition-general-mihailovic-the-first-freedom-fighter-in-occupied-europe-at-the-white-palace\/#primaryimage"},"image":{"@id":"https:\/\/royalfamily.org\/lat\/crown-prince-alexander-opens-exhibition-general-mihailovic-the-first-freedom-fighter-in-occupied-europe-at-the-white-palace\/#primaryimage"},"thumbnailUrl":"https:\/\/royalfamily.org\/wp-content\/uploads\/2015\/03\/IMG_6596m1.jpg","datePublished":"2015-03-23T22:09:46+00:00","description":"Njihova Kraljevska Viso\u010danstva Prestolonaslednik Aleksandar i Princeza Katarina bili su doma\u0107ini otvaranja izlo\u017ebe \u201eGeneral Mihailovi\u0107 \u2013 prvi borac za","breadcrumb":{"@id":"https:\/\/royalfamily.org\/lat\/crown-prince-alexander-opens-exhibition-general-mihailovic-the-first-freedom-fighter-in-occupied-europe-at-the-white-palace\/#breadcrumb"},"inLanguage":"sr-LT","potentialAction":[{"@type":"ReadAction","target":["https:\/\/royalfamily.org\/lat\/crown-prince-alexander-opens-exhibition-general-mihailovic-the-first-freedom-fighter-in-occupied-europe-at-the-white-palace\/"]}]},{"@type":"ImageObject","inLanguage":"sr-LT","@id":"https:\/\/royalfamily.org\/lat\/crown-prince-alexander-opens-exhibition-general-mihailovic-the-first-freedom-fighter-in-occupied-europe-at-the-white-palace\/#primaryimage","url":"https:\/\/royalfamily.org\/wp-content\/uploads\/2015\/03\/IMG_6596m1.jpg","contentUrl":"https:\/\/royalfamily.org\/wp-content\/uploads\/2015\/03\/IMG_6596m1.jpg","width":740,"height":350},{"@type":"BreadcrumbList","@id":"https:\/\/royalfamily.org\/lat\/crown-prince-alexander-opens-exhibition-general-mihailovic-the-first-freedom-fighter-in-occupied-europe-at-the-white-palace\/#breadcrumb","itemListElement":[{"@type":"ListItem","position":1,"name":"Home","item":"https:\/\/royalfamily.org\/lat\/"},{"@type":"ListItem","position":2,"name":"Prestolonaslednik Aleksandar otvorio izlo\u017ebu \u201eGeneral Mihailovi\u0107 \u2013 prvi borac za slobodu u okupiranoj Evropi\u201c u Belom Dvoru"}]},{"@type":"WebSite","@id":"https:\/\/royalfamily.org\/#website","url":"https:\/\/royalfamily.org\/","name":"The Royal Family of Serbia","description":"From the people, for the people","publisher":{"@id":"https:\/\/royalfamily.org\/#organization"},"potentialAction":[{"@type":"SearchAction","target":{"@type":"EntryPoint","urlTemplate":"https:\/\/royalfamily.org\/?s={search_term_string}"},"query-input":{"@type":"PropertyValueSpecification","valueRequired":true,"valueName":"search_term_string"}}],"inLanguage":"sr-LT"},{"@type":"Organization","@id":"https:\/\/royalfamily.org\/#organization","name":"Royal Family","url":"https:\/\/royalfamily.org\/","logo":{"@type":"ImageObject","inLanguage":"sr-LT","@id":"https:\/\/royalfamily.org\/#\/schema\/logo\/image\/","url":"https:\/\/royalfamily.org\/wp-content\/uploads\/2019\/04\/logo-vector-02-V-latinica.png","contentUrl":"https:\/\/royalfamily.org\/wp-content\/uploads\/2019\/04\/logo-vector-02-V-latinica.png","width":552,"height":99,"caption":"Royal Family"},"image":{"@id":"https:\/\/royalfamily.org\/#\/schema\/logo\/image\/"},"sameAs":["https:\/\/www.facebook.com\/Prestolonaslednik.Aleksandar"]},{"@type":"Person","@id":"https:\/\/royalfamily.org\/#\/schema\/person\/4ad3296a6a8a35eed333b6a785e9f648","name":"Stefan Milanovic","image":{"@type":"ImageObject","inLanguage":"sr-LT","@id":"https:\/\/secure.gravatar.com\/avatar\/92dcbdcf3e32112a9ceb1e41665b1f44c69382d014cacfe12c701f6af7c40259?s=96&d=mm&r=g","url":"https:\/\/secure.gravatar.com\/avatar\/92dcbdcf3e32112a9ceb1e41665b1f44c69382d014cacfe12c701f6af7c40259?s=96&d=mm&r=g","contentUrl":"https:\/\/secure.gravatar.com\/avatar\/92dcbdcf3e32112a9ceb1e41665b1f44c69382d014cacfe12c701f6af7c40259?s=96&d=mm&r=g","caption":"Stefan Milanovic"}}]}},"_links":{"self":[{"href":"https:\/\/royalfamily.org\/lat\/wp-json\/wp\/v2\/posts\/16079","targetHints":{"allow":["GET"]}}],"collection":[{"href":"https:\/\/royalfamily.org\/lat\/wp-json\/wp\/v2\/posts"}],"about":[{"href":"https:\/\/royalfamily.org\/lat\/wp-json\/wp\/v2\/types\/post"}],"author":[{"embeddable":true,"href":"https:\/\/royalfamily.org\/lat\/wp-json\/wp\/v2\/users\/1001015"}],"replies":[{"embeddable":true,"href":"https:\/\/royalfamily.org\/lat\/wp-json\/wp\/v2\/comments?post=16079"}],"version-history":[{"count":0,"href":"https:\/\/royalfamily.org\/lat\/wp-json\/wp\/v2\/posts\/16079\/revisions"}],"wp:featuredmedia":[{"embeddable":true,"href":"https:\/\/royalfamily.org\/lat\/wp-json\/wp\/v2\/media\/16121"}],"wp:attachment":[{"href":"https:\/\/royalfamily.org\/lat\/wp-json\/wp\/v2\/media?parent=16079"}],"wp:term":[{"taxonomy":"category","embeddable":true,"href":"https:\/\/royalfamily.org\/lat\/wp-json\/wp\/v2\/categories?post=16079"},{"taxonomy":"post_tag","embeddable":true,"href":"https:\/\/royalfamily.org\/lat\/wp-json\/wp\/v2\/tags?post=16079"}],"curies":[{"name":"wp","href":"https:\/\/api.w.org\/{rel}","templated":true}]}}