{"id":16128,"date":"2015-03-24T08:47:46","date_gmt":"2015-03-24T08:47:46","guid":{"rendered":"https:\/\/royalfamily.org\/royal-couple-at-the-film-premiere-of-for-king-and-country-at-the-sava-centre-in-belgrade-2\/"},"modified":"2015-03-24T08:47:46","modified_gmt":"2015-03-24T08:47:46","slug":"royal-couple-at-the-film-premiere-of-for-king-and-country-at-the-sava-centre-in-belgrade","status":"publish","type":"post","link":"https:\/\/royalfamily.org\/lat\/royal-couple-at-the-film-premiere-of-for-king-and-country-at-the-sava-centre-in-belgrade\/","title":{"rendered":"Kraljevski par na premijeri filma \u201eZa kralja i otad\u017ebinu\u201c u Sava centru u Beogradu"},"content":{"rendered":"<p><strong>Njihova Kraljevska Viso\u010danstva Prestolonaslednik Aleksandar i Princeza Katarina prisustvovala su sino\u0107 premijeri filma \u201eZa kralja i otad\u017ebinu\u201c autora Rado\u0161a Baji\u0107a prikazanog u prepunoj velikoj dvorani Sava centra u Beogradu.<\/strong><\/p>\n<p>Njegovo Kraljevsko Viso\u010danstvo Prestolonaslednik Aleksandar je odlikovao autora Rado\u0161a Baji\u0107a Ordenom Krune III reda, za zasluge za Kraljevski Dom, za narodno i op\u0161te dobro.<\/p>\n<p>U svom obra\u0107anju, Prestolonaslednik Aleksandar je istakao: \u201eVeoma sam sre\u0107an i ponosan \u0161to je premijera filma \u201eZa kralja i otad\u017ebinu\u201c izazvala ovoliku pa\u017enju javnosti. Istoriju niko ne mo\u017ee da izbri\u0161e, i ona uvek sve doga\u0111aje i sve li\u010dnosti postavi na pravo mesto. \u017delim da se posebno zahvalim autoru filma gospodinu Rado\u0161u Baji\u0107u na njegovom izuzetnom umetni\u010dkom delu. Siguran sam da \u0107e ovaj film zna\u010dajno doprineti daljem rasvetljavanju novije srpske istorije. Zato sam odlu\u010dio da gospodinu Rado\u0161u Baji\u0107u dodelim Orden Krune! Molimo se za sve koji su izgubili svoje \u017eivote na svim stranama!\u201c<\/p>\n<p>Prestolonaslednik je \u017eenskim \u010dlanovima ekipe poklonio cve\u0107e, \u0161to je izazvalo gromoglasan aplauz.<\/p>\n<p>Rado\u0161 Baji\u0107 se srda\u010dno zahvalio Prestolonasledniku na ukazanoj \u010dasti.<\/p>\n<p>Film \u201eZa kralja i otad\u017ebinu\u201c nosi sna\u017enu antiratnu i humanu poruku. Posve\u0107en je svim rodoljubima i patriotama koji su 1941. godine branili svoju zemlju i odaje po\u010dast najboljim slobodarskim tradicijama i te\u017enjama srpskog naroda, ma kako on u Drugom svetskom ratu bio organizovan.<\/p>\n<p><a href=\"https:\/\/royalfamily.org\/wp-content\/uploads\/2015\/03\/IMG_6943m.jpg\"><img decoding=\"async\" width=\"150\" height=\"150\" class=\"alignnone size-thumbnail wp-image-16106\" src=\"https:\/\/royalfamily.org\/wp-content\/uploads\/2015\/03\/IMG_6943m-150x150.jpg\" alt=\"IMG_6943m\" srcset=\"https:\/\/royalfamily.org\/wp-content\/uploads\/2015\/03\/IMG_6943m-50x50.jpg 50w, https:\/\/royalfamily.org\/wp-content\/uploads\/2015\/03\/IMG_6943m-95x95.jpg 95w, https:\/\/royalfamily.org\/wp-content\/uploads\/2015\/03\/IMG_6943m-110x110.jpg 110w, https:\/\/royalfamily.org\/wp-content\/uploads\/2015\/03\/IMG_6943m-150x150.jpg 150w, https:\/\/royalfamily.org\/wp-content\/uploads\/2015\/03\/IMG_6943m-200x200.jpg 200w\" sizes=\"(max-width: 150px) 100vw, 150px\" \/><\/a> <a href=\"https:\/\/royalfamily.org\/wp-content\/uploads\/2015\/03\/IMG_6815m.jpg\"><img decoding=\"async\" width=\"150\" height=\"150\" class=\"alignnone size-thumbnail wp-image-16100\" src=\"https:\/\/royalfamily.org\/wp-content\/uploads\/2015\/03\/IMG_6815m-150x150.jpg\" alt=\"IMG_6815m\" srcset=\"https:\/\/royalfamily.org\/wp-content\/uploads\/2015\/03\/IMG_6815m-50x50.jpg 50w, https:\/\/royalfamily.org\/wp-content\/uploads\/2015\/03\/IMG_6815m-95x95.jpg 95w, https:\/\/royalfamily.org\/wp-content\/uploads\/2015\/03\/IMG_6815m-110x110.jpg 110w, https:\/\/royalfamily.org\/wp-content\/uploads\/2015\/03\/IMG_6815m-150x150.jpg 150w, https:\/\/royalfamily.org\/wp-content\/uploads\/2015\/03\/IMG_6815m-200x200.jpg 200w\" sizes=\"(max-width: 150px) 100vw, 150px\" \/><\/a> <a href=\"https:\/\/royalfamily.org\/wp-content\/uploads\/2015\/03\/IMG_6719m.jpg\"><img decoding=\"async\" width=\"150\" height=\"150\" class=\"alignnone size-thumbnail wp-image-16097\" src=\"https:\/\/royalfamily.org\/wp-content\/uploads\/2015\/03\/IMG_6719m-150x150.jpg\" alt=\"IMG_6719m\" srcset=\"https:\/\/royalfamily.org\/wp-content\/uploads\/2015\/03\/IMG_6719m-50x50.jpg 50w, https:\/\/royalfamily.org\/wp-content\/uploads\/2015\/03\/IMG_6719m-95x95.jpg 95w, https:\/\/royalfamily.org\/wp-content\/uploads\/2015\/03\/IMG_6719m-110x110.jpg 110w, https:\/\/royalfamily.org\/wp-content\/uploads\/2015\/03\/IMG_6719m-150x150.jpg 150w, https:\/\/royalfamily.org\/wp-content\/uploads\/2015\/03\/IMG_6719m-200x200.jpg 200w\" sizes=\"(max-width: 150px) 100vw, 150px\" \/><\/a>\u00a0<a href=\"https:\/\/royalfamily.org\/wp-content\/uploads\/2015\/03\/IMG_6953m.jpg\"><img decoding=\"async\" width=\"150\" height=\"150\" class=\"alignnone size-thumbnail wp-image-16131\" src=\"https:\/\/royalfamily.org\/wp-content\/uploads\/2015\/03\/IMG_6953m-150x150.jpg\" alt=\"IMG_6953m\" srcset=\"https:\/\/royalfamily.org\/wp-content\/uploads\/2015\/03\/IMG_6953m-50x50.jpg 50w, https:\/\/royalfamily.org\/wp-content\/uploads\/2015\/03\/IMG_6953m-95x95.jpg 95w, https:\/\/royalfamily.org\/wp-content\/uploads\/2015\/03\/IMG_6953m-110x110.jpg 110w, https:\/\/royalfamily.org\/wp-content\/uploads\/2015\/03\/IMG_6953m-150x150.jpg 150w, https:\/\/royalfamily.org\/wp-content\/uploads\/2015\/03\/IMG_6953m-200x200.jpg 200w\" sizes=\"(max-width: 150px) 100vw, 150px\" \/><\/a><\/p>\n","protected":false},"excerpt":{"rendered":"<p>Njihova Kraljevska Viso\u010danstva Prestolonaslednik Aleksandar i Princeza Katarina prisustvovala su sino\u0107 premijeri filma \u201eZa kralja  [&#8230;]<\/p>\n","protected":false},"author":1001015,"featured_media":16105,"comment_status":"closed","ping_status":"closed","sticky":false,"template":"","format":"standard","meta":{"_acf_changed":false,"footnotes":""},"categories":[22],"tags":[],"class_list":["post-16128","post","type-post","status-publish","format-standard","has-post-thumbnail","hentry","category-vesti"],"acf":[],"yoast_head":"<!-- This site is optimized with the Yoast SEO Premium plugin v27.5 (Yoast SEO v27.5) - https:\/\/yoast.com\/product\/yoast-seo-premium-wordpress\/ -->\n<title>Kraljevski par na premijeri filma \u201eZa kralja i otad\u017ebinu\u201c u Sava centru u Beogradu - The Royal Family of Serbia<\/title>\n<meta name=\"description\" content=\"Njihova Kraljevska Viso\u010danstva Prestolonaslednik Aleksandar i Princeza Katarina prisustvovala su sino\u0107 premijeri filma \u201eZa kralja i otad\u017ebinu\u201c autora\" \/>\n<meta name=\"robots\" content=\"index, follow, max-snippet:-1, max-image-preview:large, max-video-preview:-1\" \/>\n<link rel=\"canonical\" href=\"https:\/\/royalfamily.org\/lat\/royal-couple-at-the-film-premiere-of-for-king-and-country-at-the-sava-centre-in-belgrade\/\" \/>\n<meta property=\"og:locale\" content=\"en_US\" \/>\n<meta property=\"og:type\" content=\"article\" \/>\n<meta property=\"og:title\" content=\"Kraljevski par na premijeri filma \u201eZa kralja i otad\u017ebinu\u201c u Sava centru u Beogradu\" \/>\n<meta property=\"og:description\" content=\"Njihova Kraljevska Viso\u010danstva Prestolonaslednik Aleksandar i Princeza Katarina prisustvovala su sino\u0107 premijeri filma \u201eZa kralja i otad\u017ebinu\u201c autora\" \/>\n<meta property=\"og:url\" content=\"https:\/\/royalfamily.org\/lat\/royal-couple-at-the-film-premiere-of-for-king-and-country-at-the-sava-centre-in-belgrade\/\" \/>\n<meta property=\"og:site_name\" content=\"The Royal Family of Serbia\" \/>\n<meta property=\"article:publisher\" content=\"https:\/\/www.facebook.com\/Prestolonaslednik.Aleksandar\" \/>\n<meta property=\"article:published_time\" content=\"2015-03-24T08:47:46+00:00\" \/>\n<meta property=\"og:image\" content=\"https:\/\/royalfamily.org\/wp-content\/uploads\/2015\/03\/IMG_6923m.jpg\" \/>\n\t<meta property=\"og:image:width\" content=\"740\" \/>\n\t<meta property=\"og:image:height\" content=\"350\" \/>\n\t<meta property=\"og:image:type\" content=\"image\/jpeg\" \/>\n<meta name=\"author\" content=\"Stefan Milanovic\" \/>\n<meta name=\"twitter:card\" content=\"summary_large_image\" \/>\n<meta name=\"twitter:label1\" content=\"Written by\" \/>\n\t<meta name=\"twitter:data1\" content=\"Stefan Milanovic\" \/>\n\t<meta name=\"twitter:label2\" content=\"Est. reading time\" \/>\n\t<meta name=\"twitter:data2\" content=\"1 minute\" \/>\n<script type=\"application\/ld+json\" class=\"yoast-schema-graph\">{\"@context\":\"https:\\\/\\\/schema.org\",\"@graph\":[{\"@type\":\"Article\",\"@id\":\"https:\\\/\\\/royalfamily.org\\\/lat\\\/royal-couple-at-the-film-premiere-of-for-king-and-country-at-the-sava-centre-in-belgrade\\\/#article\",\"isPartOf\":{\"@id\":\"https:\\\/\\\/royalfamily.org\\\/lat\\\/royal-couple-at-the-film-premiere-of-for-king-and-country-at-the-sava-centre-in-belgrade\\\/\"},\"author\":{\"name\":\"Stefan Milanovic\",\"@id\":\"https:\\\/\\\/royalfamily.org\\\/#\\\/schema\\\/person\\\/4ad3296a6a8a35eed333b6a785e9f648\"},\"headline\":\"Kraljevski par na premijeri filma \u201eZa kralja i otad\u017ebinu\u201c u Sava centru u Beogradu\",\"datePublished\":\"2015-03-24T08:47:46+00:00\",\"mainEntityOfPage\":{\"@id\":\"https:\\\/\\\/royalfamily.org\\\/lat\\\/royal-couple-at-the-film-premiere-of-for-king-and-country-at-the-sava-centre-in-belgrade\\\/\"},\"wordCount\":253,\"publisher\":{\"@id\":\"https:\\\/\\\/royalfamily.org\\\/#organization\"},\"image\":{\"@id\":\"https:\\\/\\\/royalfamily.org\\\/lat\\\/royal-couple-at-the-film-premiere-of-for-king-and-country-at-the-sava-centre-in-belgrade\\\/#primaryimage\"},\"thumbnailUrl\":\"https:\\\/\\\/royalfamily.org\\\/wp-content\\\/uploads\\\/2015\\\/03\\\/IMG_6923m.jpg\",\"articleSection\":[\"Vesti\"],\"inLanguage\":\"sr-LT\"},{\"@type\":\"WebPage\",\"@id\":\"https:\\\/\\\/royalfamily.org\\\/lat\\\/royal-couple-at-the-film-premiere-of-for-king-and-country-at-the-sava-centre-in-belgrade\\\/\",\"url\":\"https:\\\/\\\/royalfamily.org\\\/lat\\\/royal-couple-at-the-film-premiere-of-for-king-and-country-at-the-sava-centre-in-belgrade\\\/\",\"name\":\"Kraljevski par na premijeri filma \u201eZa kralja i otad\u017ebinu\u201c u Sava centru u Beogradu - The Royal Family of Serbia\",\"isPartOf\":{\"@id\":\"https:\\\/\\\/royalfamily.org\\\/#website\"},\"primaryImageOfPage\":{\"@id\":\"https:\\\/\\\/royalfamily.org\\\/lat\\\/royal-couple-at-the-film-premiere-of-for-king-and-country-at-the-sava-centre-in-belgrade\\\/#primaryimage\"},\"image\":{\"@id\":\"https:\\\/\\\/royalfamily.org\\\/lat\\\/royal-couple-at-the-film-premiere-of-for-king-and-country-at-the-sava-centre-in-belgrade\\\/#primaryimage\"},\"thumbnailUrl\":\"https:\\\/\\\/royalfamily.org\\\/wp-content\\\/uploads\\\/2015\\\/03\\\/IMG_6923m.jpg\",\"datePublished\":\"2015-03-24T08:47:46+00:00\",\"description\":\"Njihova Kraljevska Viso\u010danstva Prestolonaslednik Aleksandar i Princeza Katarina prisustvovala su sino\u0107 premijeri filma \u201eZa kralja i otad\u017ebinu\u201c autora\",\"breadcrumb\":{\"@id\":\"https:\\\/\\\/royalfamily.org\\\/lat\\\/royal-couple-at-the-film-premiere-of-for-king-and-country-at-the-sava-centre-in-belgrade\\\/#breadcrumb\"},\"inLanguage\":\"sr-LT\",\"potentialAction\":[{\"@type\":\"ReadAction\",\"target\":[\"https:\\\/\\\/royalfamily.org\\\/lat\\\/royal-couple-at-the-film-premiere-of-for-king-and-country-at-the-sava-centre-in-belgrade\\\/\"]}]},{\"@type\":\"ImageObject\",\"inLanguage\":\"sr-LT\",\"@id\":\"https:\\\/\\\/royalfamily.org\\\/lat\\\/royal-couple-at-the-film-premiere-of-for-king-and-country-at-the-sava-centre-in-belgrade\\\/#primaryimage\",\"url\":\"https:\\\/\\\/royalfamily.org\\\/wp-content\\\/uploads\\\/2015\\\/03\\\/IMG_6923m.jpg\",\"contentUrl\":\"https:\\\/\\\/royalfamily.org\\\/wp-content\\\/uploads\\\/2015\\\/03\\\/IMG_6923m.jpg\",\"width\":740,\"height\":350},{\"@type\":\"BreadcrumbList\",\"@id\":\"https:\\\/\\\/royalfamily.org\\\/lat\\\/royal-couple-at-the-film-premiere-of-for-king-and-country-at-the-sava-centre-in-belgrade\\\/#breadcrumb\",\"itemListElement\":[{\"@type\":\"ListItem\",\"position\":1,\"name\":\"Home\",\"item\":\"https:\\\/\\\/royalfamily.org\\\/lat\\\/\"},{\"@type\":\"ListItem\",\"position\":2,\"name\":\"Kraljevski par na premijeri filma \u201eZa kralja i otad\u017ebinu\u201c u Sava centru u Beogradu\"}]},{\"@type\":\"WebSite\",\"@id\":\"https:\\\/\\\/royalfamily.org\\\/#website\",\"url\":\"https:\\\/\\\/royalfamily.org\\\/\",\"name\":\"The Royal Family of Serbia\",\"description\":\"From the people, for the people\",\"publisher\":{\"@id\":\"https:\\\/\\\/royalfamily.org\\\/#organization\"},\"potentialAction\":[{\"@type\":\"SearchAction\",\"target\":{\"@type\":\"EntryPoint\",\"urlTemplate\":\"https:\\\/\\\/royalfamily.org\\\/?s={search_term_string}\"},\"query-input\":{\"@type\":\"PropertyValueSpecification\",\"valueRequired\":true,\"valueName\":\"search_term_string\"}}],\"inLanguage\":\"sr-LT\"},{\"@type\":\"Organization\",\"@id\":\"https:\\\/\\\/royalfamily.org\\\/#organization\",\"name\":\"Royal Family\",\"url\":\"https:\\\/\\\/royalfamily.org\\\/\",\"logo\":{\"@type\":\"ImageObject\",\"inLanguage\":\"sr-LT\",\"@id\":\"https:\\\/\\\/royalfamily.org\\\/#\\\/schema\\\/logo\\\/image\\\/\",\"url\":\"https:\\\/\\\/royalfamily.org\\\/wp-content\\\/uploads\\\/2019\\\/04\\\/logo-vector-02-V-latinica.png\",\"contentUrl\":\"https:\\\/\\\/royalfamily.org\\\/wp-content\\\/uploads\\\/2019\\\/04\\\/logo-vector-02-V-latinica.png\",\"width\":552,\"height\":99,\"caption\":\"Royal Family\"},\"image\":{\"@id\":\"https:\\\/\\\/royalfamily.org\\\/#\\\/schema\\\/logo\\\/image\\\/\"},\"sameAs\":[\"https:\\\/\\\/www.facebook.com\\\/Prestolonaslednik.Aleksandar\"]},{\"@type\":\"Person\",\"@id\":\"https:\\\/\\\/royalfamily.org\\\/#\\\/schema\\\/person\\\/4ad3296a6a8a35eed333b6a785e9f648\",\"name\":\"Stefan Milanovic\",\"image\":{\"@type\":\"ImageObject\",\"inLanguage\":\"sr-LT\",\"@id\":\"https:\\\/\\\/secure.gravatar.com\\\/avatar\\\/92dcbdcf3e32112a9ceb1e41665b1f44c69382d014cacfe12c701f6af7c40259?s=96&d=mm&r=g\",\"url\":\"https:\\\/\\\/secure.gravatar.com\\\/avatar\\\/92dcbdcf3e32112a9ceb1e41665b1f44c69382d014cacfe12c701f6af7c40259?s=96&d=mm&r=g\",\"contentUrl\":\"https:\\\/\\\/secure.gravatar.com\\\/avatar\\\/92dcbdcf3e32112a9ceb1e41665b1f44c69382d014cacfe12c701f6af7c40259?s=96&d=mm&r=g\",\"caption\":\"Stefan Milanovic\"}}]}<\/script>\n<!-- \/ Yoast SEO Premium plugin. -->","yoast_head_json":{"title":"Kraljevski par na premijeri filma \u201eZa kralja i otad\u017ebinu\u201c u Sava centru u Beogradu - The Royal Family of Serbia","description":"Njihova Kraljevska Viso\u010danstva Prestolonaslednik Aleksandar i Princeza Katarina prisustvovala su sino\u0107 premijeri filma \u201eZa kralja i otad\u017ebinu\u201c autora","robots":{"index":"index","follow":"follow","max-snippet":"max-snippet:-1","max-image-preview":"max-image-preview:large","max-video-preview":"max-video-preview:-1"},"canonical":"https:\/\/royalfamily.org\/lat\/royal-couple-at-the-film-premiere-of-for-king-and-country-at-the-sava-centre-in-belgrade\/","og_locale":"en_US","og_type":"article","og_title":"Kraljevski par na premijeri filma \u201eZa kralja i otad\u017ebinu\u201c u Sava centru u Beogradu","og_description":"Njihova Kraljevska Viso\u010danstva Prestolonaslednik Aleksandar i Princeza Katarina prisustvovala su sino\u0107 premijeri filma \u201eZa kralja i otad\u017ebinu\u201c autora","og_url":"https:\/\/royalfamily.org\/lat\/royal-couple-at-the-film-premiere-of-for-king-and-country-at-the-sava-centre-in-belgrade\/","og_site_name":"The Royal Family of Serbia","article_publisher":"https:\/\/www.facebook.com\/Prestolonaslednik.Aleksandar","article_published_time":"2015-03-24T08:47:46+00:00","og_image":[{"width":740,"height":350,"url":"https:\/\/royalfamily.org\/wp-content\/uploads\/2015\/03\/IMG_6923m.jpg","type":"image\/jpeg"}],"author":"Stefan Milanovic","twitter_card":"summary_large_image","twitter_misc":{"Written by":"Stefan Milanovic","Est. reading time":"1 minute"},"schema":{"@context":"https:\/\/schema.org","@graph":[{"@type":"Article","@id":"https:\/\/royalfamily.org\/lat\/royal-couple-at-the-film-premiere-of-for-king-and-country-at-the-sava-centre-in-belgrade\/#article","isPartOf":{"@id":"https:\/\/royalfamily.org\/lat\/royal-couple-at-the-film-premiere-of-for-king-and-country-at-the-sava-centre-in-belgrade\/"},"author":{"name":"Stefan Milanovic","@id":"https:\/\/royalfamily.org\/#\/schema\/person\/4ad3296a6a8a35eed333b6a785e9f648"},"headline":"Kraljevski par na premijeri filma \u201eZa kralja i otad\u017ebinu\u201c u Sava centru u Beogradu","datePublished":"2015-03-24T08:47:46+00:00","mainEntityOfPage":{"@id":"https:\/\/royalfamily.org\/lat\/royal-couple-at-the-film-premiere-of-for-king-and-country-at-the-sava-centre-in-belgrade\/"},"wordCount":253,"publisher":{"@id":"https:\/\/royalfamily.org\/#organization"},"image":{"@id":"https:\/\/royalfamily.org\/lat\/royal-couple-at-the-film-premiere-of-for-king-and-country-at-the-sava-centre-in-belgrade\/#primaryimage"},"thumbnailUrl":"https:\/\/royalfamily.org\/wp-content\/uploads\/2015\/03\/IMG_6923m.jpg","articleSection":["Vesti"],"inLanguage":"sr-LT"},{"@type":"WebPage","@id":"https:\/\/royalfamily.org\/lat\/royal-couple-at-the-film-premiere-of-for-king-and-country-at-the-sava-centre-in-belgrade\/","url":"https:\/\/royalfamily.org\/lat\/royal-couple-at-the-film-premiere-of-for-king-and-country-at-the-sava-centre-in-belgrade\/","name":"Kraljevski par na premijeri filma \u201eZa kralja i otad\u017ebinu\u201c u Sava centru u Beogradu - The Royal Family of Serbia","isPartOf":{"@id":"https:\/\/royalfamily.org\/#website"},"primaryImageOfPage":{"@id":"https:\/\/royalfamily.org\/lat\/royal-couple-at-the-film-premiere-of-for-king-and-country-at-the-sava-centre-in-belgrade\/#primaryimage"},"image":{"@id":"https:\/\/royalfamily.org\/lat\/royal-couple-at-the-film-premiere-of-for-king-and-country-at-the-sava-centre-in-belgrade\/#primaryimage"},"thumbnailUrl":"https:\/\/royalfamily.org\/wp-content\/uploads\/2015\/03\/IMG_6923m.jpg","datePublished":"2015-03-24T08:47:46+00:00","description":"Njihova Kraljevska Viso\u010danstva Prestolonaslednik Aleksandar i Princeza Katarina prisustvovala su sino\u0107 premijeri filma \u201eZa kralja i otad\u017ebinu\u201c autora","breadcrumb":{"@id":"https:\/\/royalfamily.org\/lat\/royal-couple-at-the-film-premiere-of-for-king-and-country-at-the-sava-centre-in-belgrade\/#breadcrumb"},"inLanguage":"sr-LT","potentialAction":[{"@type":"ReadAction","target":["https:\/\/royalfamily.org\/lat\/royal-couple-at-the-film-premiere-of-for-king-and-country-at-the-sava-centre-in-belgrade\/"]}]},{"@type":"ImageObject","inLanguage":"sr-LT","@id":"https:\/\/royalfamily.org\/lat\/royal-couple-at-the-film-premiere-of-for-king-and-country-at-the-sava-centre-in-belgrade\/#primaryimage","url":"https:\/\/royalfamily.org\/wp-content\/uploads\/2015\/03\/IMG_6923m.jpg","contentUrl":"https:\/\/royalfamily.org\/wp-content\/uploads\/2015\/03\/IMG_6923m.jpg","width":740,"height":350},{"@type":"BreadcrumbList","@id":"https:\/\/royalfamily.org\/lat\/royal-couple-at-the-film-premiere-of-for-king-and-country-at-the-sava-centre-in-belgrade\/#breadcrumb","itemListElement":[{"@type":"ListItem","position":1,"name":"Home","item":"https:\/\/royalfamily.org\/lat\/"},{"@type":"ListItem","position":2,"name":"Kraljevski par na premijeri filma \u201eZa kralja i otad\u017ebinu\u201c u Sava centru u Beogradu"}]},{"@type":"WebSite","@id":"https:\/\/royalfamily.org\/#website","url":"https:\/\/royalfamily.org\/","name":"The Royal Family of Serbia","description":"From the people, for the people","publisher":{"@id":"https:\/\/royalfamily.org\/#organization"},"potentialAction":[{"@type":"SearchAction","target":{"@type":"EntryPoint","urlTemplate":"https:\/\/royalfamily.org\/?s={search_term_string}"},"query-input":{"@type":"PropertyValueSpecification","valueRequired":true,"valueName":"search_term_string"}}],"inLanguage":"sr-LT"},{"@type":"Organization","@id":"https:\/\/royalfamily.org\/#organization","name":"Royal Family","url":"https:\/\/royalfamily.org\/","logo":{"@type":"ImageObject","inLanguage":"sr-LT","@id":"https:\/\/royalfamily.org\/#\/schema\/logo\/image\/","url":"https:\/\/royalfamily.org\/wp-content\/uploads\/2019\/04\/logo-vector-02-V-latinica.png","contentUrl":"https:\/\/royalfamily.org\/wp-content\/uploads\/2019\/04\/logo-vector-02-V-latinica.png","width":552,"height":99,"caption":"Royal Family"},"image":{"@id":"https:\/\/royalfamily.org\/#\/schema\/logo\/image\/"},"sameAs":["https:\/\/www.facebook.com\/Prestolonaslednik.Aleksandar"]},{"@type":"Person","@id":"https:\/\/royalfamily.org\/#\/schema\/person\/4ad3296a6a8a35eed333b6a785e9f648","name":"Stefan Milanovic","image":{"@type":"ImageObject","inLanguage":"sr-LT","@id":"https:\/\/secure.gravatar.com\/avatar\/92dcbdcf3e32112a9ceb1e41665b1f44c69382d014cacfe12c701f6af7c40259?s=96&d=mm&r=g","url":"https:\/\/secure.gravatar.com\/avatar\/92dcbdcf3e32112a9ceb1e41665b1f44c69382d014cacfe12c701f6af7c40259?s=96&d=mm&r=g","contentUrl":"https:\/\/secure.gravatar.com\/avatar\/92dcbdcf3e32112a9ceb1e41665b1f44c69382d014cacfe12c701f6af7c40259?s=96&d=mm&r=g","caption":"Stefan Milanovic"}}]}},"_links":{"self":[{"href":"https:\/\/royalfamily.org\/lat\/wp-json\/wp\/v2\/posts\/16128","targetHints":{"allow":["GET"]}}],"collection":[{"href":"https:\/\/royalfamily.org\/lat\/wp-json\/wp\/v2\/posts"}],"about":[{"href":"https:\/\/royalfamily.org\/lat\/wp-json\/wp\/v2\/types\/post"}],"author":[{"embeddable":true,"href":"https:\/\/royalfamily.org\/lat\/wp-json\/wp\/v2\/users\/1001015"}],"replies":[{"embeddable":true,"href":"https:\/\/royalfamily.org\/lat\/wp-json\/wp\/v2\/comments?post=16128"}],"version-history":[{"count":0,"href":"https:\/\/royalfamily.org\/lat\/wp-json\/wp\/v2\/posts\/16128\/revisions"}],"wp:featuredmedia":[{"embeddable":true,"href":"https:\/\/royalfamily.org\/lat\/wp-json\/wp\/v2\/media\/16105"}],"wp:attachment":[{"href":"https:\/\/royalfamily.org\/lat\/wp-json\/wp\/v2\/media?parent=16128"}],"wp:term":[{"taxonomy":"category","embeddable":true,"href":"https:\/\/royalfamily.org\/lat\/wp-json\/wp\/v2\/categories?post=16128"},{"taxonomy":"post_tag","embeddable":true,"href":"https:\/\/royalfamily.org\/lat\/wp-json\/wp\/v2\/tags?post=16128"}],"curies":[{"name":"wp","href":"https:\/\/api.w.org\/{rel}","templated":true}]}}