{"id":16195,"date":"2015-03-26T18:04:25","date_gmt":"2015-03-26T18:04:25","guid":{"rendered":"https:\/\/royalfamily.org\/children-from-international-schools-guests-at-the-royal-palace-on-an-educational-tour-and-children-helping-children-2\/"},"modified":"2015-03-26T18:04:25","modified_gmt":"2015-03-26T18:04:25","slug":"children-from-international-schools-guests-at-the-royal-palace-on-an-educational-tour-and-children-helping-children","status":"publish","type":"post","link":"https:\/\/royalfamily.org\/lat\/children-from-international-schools-guests-at-the-royal-palace-on-an-educational-tour-and-children-helping-children\/","title":{"rendered":"Deca iz me\u0111unarodnih \u0161kola gosti Kraljevskog Dvora na obrazovnoj turi \u201eDeca poma\u017eu deci&#8221;"},"content":{"rendered":"<p><strong>Deca iz Beogradskih me\u0111unarodnih \u0161kola posetila su Kraljevski Dvor u protekla dva dana, u okviru dobrotvorne \u00a0akcije \u201eDeca poma\u017eu deci\u201c, koju svake godine pred Vaskr\u0161nje praznike organizuje Fondacija Princeze Katarine.<\/strong><\/p>\n<p>\u0110aci iz Me\u0111unarodne \u0161kole Beograd, Me\u0111unarodne britanske \u0161kole, Nema\u010dke me\u0111unarodne \u0161kole, Bruk Hil me\u0111unarodne \u0161kole i Me\u0111unarodnog obdani\u0161ta Beograd bili su u prilici da slu\u0161aju profesionalnog turisti\u010dkog vodi\u010da koja im je u okviru ture Dvorskog kompleksa pri\u010dala o zanimljivostima iz istorije dvora i\u00a0 umetni\u010dkim delima koja ga krase, u okviru obilaska Dvorskog kompleksa. \u0110aci su\u00a0 ujedno osetili lepotu dobro\u010dinstva darivanjem poklona za svoje vr\u0161njake iz domova za nezbrinutu decu. Ideja projekta je bila da se deca upoznaju sa dobrotvornim aktivnostima i nau\u010de kako da pomognu svojim vr\u0161njacima iz domova za decu bez roditeljskog staranja, deci sa invaliditetom i romskoj deci.<\/p>\n<p>Darovi koje su \u0111aci velikodu\u0161no poklonili za svoje drugare bi\u0107e uru\u010deni na tradicionalnim Vaskr\u0161njim prijemima koja \u0107e Njihova Kraljevska Viso\u010danstva Prestolonaslednik Aleksandar i Princeza Katarina organizovati u Belom Dvoru, u utorak, 7. aprila 2015.<\/p>\n<p>Prestolonaslednik Aleksandar i Princeza Katarina primili su mali\u0161ane i razgovarali sa njima o va\u017enosti darivanja istakav\u0161i da su ponosni na njih, jer i tako mladi imaju svest i saose\u0107anje da pomognu svojim vr\u0161njacima i ulep\u0161aju im prazni\u010dne dane\u00a0 najraznovrsnijim igra\u010dkama, naglasiv\u0161i da je ta saose\u0107ajnost preduslov da kada porastu budu dobri ljudi.<\/p>\n<p><a href=\"https:\/\/royalfamily.org\/wp-content\/uploads\/2015\/03\/IMG_7521m.jpg\"><img decoding=\"async\" width=\"150\" height=\"150\" class=\"alignnone size-thumbnail wp-image-16190\" src=\"https:\/\/royalfamily.org\/wp-content\/uploads\/2015\/03\/IMG_7521m-150x150.jpg\" alt=\"IMG_7521m\" srcset=\"https:\/\/royalfamily.org\/wp-content\/uploads\/2015\/03\/IMG_7521m-50x50.jpg 50w, https:\/\/royalfamily.org\/wp-content\/uploads\/2015\/03\/IMG_7521m-95x95.jpg 95w, https:\/\/royalfamily.org\/wp-content\/uploads\/2015\/03\/IMG_7521m-110x110.jpg 110w, https:\/\/royalfamily.org\/wp-content\/uploads\/2015\/03\/IMG_7521m-150x150.jpg 150w, https:\/\/royalfamily.org\/wp-content\/uploads\/2015\/03\/IMG_7521m-200x200.jpg 200w\" sizes=\"(max-width: 150px) 100vw, 150px\" \/><\/a> <a href=\"https:\/\/royalfamily.org\/wp-content\/uploads\/2015\/03\/IMG_7139m.jpg\"><img decoding=\"async\" width=\"150\" height=\"150\" class=\"alignnone size-thumbnail wp-image-16184\" src=\"https:\/\/royalfamily.org\/wp-content\/uploads\/2015\/03\/IMG_7139m-150x150.jpg\" alt=\"IMG_7139m\" srcset=\"https:\/\/royalfamily.org\/wp-content\/uploads\/2015\/03\/IMG_7139m-50x50.jpg 50w, https:\/\/royalfamily.org\/wp-content\/uploads\/2015\/03\/IMG_7139m-95x95.jpg 95w, https:\/\/royalfamily.org\/wp-content\/uploads\/2015\/03\/IMG_7139m-110x110.jpg 110w, https:\/\/royalfamily.org\/wp-content\/uploads\/2015\/03\/IMG_7139m-150x150.jpg 150w, https:\/\/royalfamily.org\/wp-content\/uploads\/2015\/03\/IMG_7139m-200x200.jpg 200w\" sizes=\"(max-width: 150px) 100vw, 150px\" \/><\/a> <a href=\"https:\/\/royalfamily.org\/wp-content\/uploads\/2015\/03\/IMG_7119m.jpg\"><img decoding=\"async\" width=\"150\" height=\"150\" class=\"alignnone size-thumbnail wp-image-16181\" src=\"https:\/\/royalfamily.org\/wp-content\/uploads\/2015\/03\/IMG_7119m-150x150.jpg\" alt=\"IMG_7119m\" srcset=\"https:\/\/royalfamily.org\/wp-content\/uploads\/2015\/03\/IMG_7119m-50x50.jpg 50w, https:\/\/royalfamily.org\/wp-content\/uploads\/2015\/03\/IMG_7119m-95x95.jpg 95w, https:\/\/royalfamily.org\/wp-content\/uploads\/2015\/03\/IMG_7119m-110x110.jpg 110w, https:\/\/royalfamily.org\/wp-content\/uploads\/2015\/03\/IMG_7119m-150x150.jpg 150w, https:\/\/royalfamily.org\/wp-content\/uploads\/2015\/03\/IMG_7119m-200x200.jpg 200w\" sizes=\"(max-width: 150px) 100vw, 150px\" \/><\/a> <a href=\"https:\/\/royalfamily.org\/wp-content\/uploads\/2015\/03\/IMG_7113m.jpg\"><img decoding=\"async\" width=\"150\" height=\"150\" class=\"alignnone size-thumbnail wp-image-16178\" src=\"https:\/\/royalfamily.org\/wp-content\/uploads\/2015\/03\/IMG_7113m-150x150.jpg\" alt=\"IMG_7113m\" srcset=\"https:\/\/royalfamily.org\/wp-content\/uploads\/2015\/03\/IMG_7113m-50x50.jpg 50w, https:\/\/royalfamily.org\/wp-content\/uploads\/2015\/03\/IMG_7113m-95x95.jpg 95w, https:\/\/royalfamily.org\/wp-content\/uploads\/2015\/03\/IMG_7113m-110x110.jpg 110w, https:\/\/royalfamily.org\/wp-content\/uploads\/2015\/03\/IMG_7113m-150x150.jpg 150w, https:\/\/royalfamily.org\/wp-content\/uploads\/2015\/03\/IMG_7113m-200x200.jpg 200w\" sizes=\"(max-width: 150px) 100vw, 150px\" \/><\/a><\/p>\n","protected":false},"excerpt":{"rendered":"<p>Deca iz Beogradskih me\u0111unarodnih \u0161kola posetila su Kraljevski Dvor u protekla dva dana, u okviru  [&#8230;]<\/p>\n","protected":false},"author":1001015,"featured_media":16189,"comment_status":"closed","ping_status":"closed","sticky":false,"template":"","format":"standard","meta":{"_acf_changed":false,"footnotes":""},"categories":[22],"tags":[],"class_list":["post-16195","post","type-post","status-publish","format-standard","has-post-thumbnail","hentry","category-vesti"],"acf":[],"yoast_head":"<!-- This site is optimized with the Yoast SEO Premium plugin v27.5 (Yoast SEO v27.5) - https:\/\/yoast.com\/product\/yoast-seo-premium-wordpress\/ -->\n<title>Deca iz me\u0111unarodnih \u0161kola gosti Kraljevskog Dvora na obrazovnoj turi \u201eDeca poma\u017eu deci&quot; - The Royal Family of Serbia<\/title>\n<meta name=\"description\" content=\"Deca iz Beogradskih me\u0111unarodnih \u0161kola posetila su Kraljevski Dvor u protekla dva dana, u okviru dobrotvorne \u00a0akcije \u201eDeca poma\u017eu deci\u201c, koju svake godine\" \/>\n<meta name=\"robots\" content=\"index, follow, max-snippet:-1, max-image-preview:large, max-video-preview:-1\" \/>\n<link rel=\"canonical\" href=\"https:\/\/royalfamily.org\/lat\/children-from-international-schools-guests-at-the-royal-palace-on-an-educational-tour-and-children-helping-children\/\" \/>\n<meta property=\"og:locale\" content=\"en_US\" \/>\n<meta property=\"og:type\" content=\"article\" \/>\n<meta property=\"og:title\" content=\"Deca iz me\u0111unarodnih \u0161kola gosti Kraljevskog Dvora na obrazovnoj turi \u201eDeca poma\u017eu deci&quot;\" \/>\n<meta property=\"og:description\" content=\"Deca iz Beogradskih me\u0111unarodnih \u0161kola posetila su Kraljevski Dvor u protekla dva dana, u okviru dobrotvorne \u00a0akcije \u201eDeca poma\u017eu deci\u201c, koju svake godine\" \/>\n<meta property=\"og:url\" content=\"https:\/\/royalfamily.org\/lat\/children-from-international-schools-guests-at-the-royal-palace-on-an-educational-tour-and-children-helping-children\/\" \/>\n<meta property=\"og:site_name\" content=\"The Royal Family of Serbia\" \/>\n<meta property=\"article:publisher\" content=\"https:\/\/www.facebook.com\/Prestolonaslednik.Aleksandar\" \/>\n<meta property=\"article:published_time\" content=\"2015-03-26T18:04:25+00:00\" \/>\n<meta property=\"og:image\" content=\"https:\/\/royalfamily.org\/wp-content\/uploads\/2015\/03\/IMG_7509m.jpg\" \/>\n\t<meta property=\"og:image:width\" content=\"740\" \/>\n\t<meta property=\"og:image:height\" content=\"350\" \/>\n\t<meta property=\"og:image:type\" content=\"image\/jpeg\" \/>\n<meta name=\"author\" content=\"Stefan Milanovic\" \/>\n<meta name=\"twitter:card\" content=\"summary_large_image\" \/>\n<meta name=\"twitter:label1\" content=\"Written by\" \/>\n\t<meta name=\"twitter:data1\" content=\"Stefan Milanovic\" \/>\n\t<meta name=\"twitter:label2\" content=\"Est. reading time\" \/>\n\t<meta name=\"twitter:data2\" content=\"1 minute\" \/>\n<script type=\"application\/ld+json\" class=\"yoast-schema-graph\">{\"@context\":\"https:\\\/\\\/schema.org\",\"@graph\":[{\"@type\":\"Article\",\"@id\":\"https:\\\/\\\/royalfamily.org\\\/lat\\\/children-from-international-schools-guests-at-the-royal-palace-on-an-educational-tour-and-children-helping-children\\\/#article\",\"isPartOf\":{\"@id\":\"https:\\\/\\\/royalfamily.org\\\/lat\\\/children-from-international-schools-guests-at-the-royal-palace-on-an-educational-tour-and-children-helping-children\\\/\"},\"author\":{\"name\":\"Stefan Milanovic\",\"@id\":\"https:\\\/\\\/royalfamily.org\\\/#\\\/schema\\\/person\\\/4ad3296a6a8a35eed333b6a785e9f648\"},\"headline\":\"Deca iz me\u0111unarodnih \u0161kola gosti Kraljevskog Dvora na obrazovnoj turi \u201eDeca poma\u017eu deci&#8221;\",\"datePublished\":\"2015-03-26T18:04:25+00:00\",\"mainEntityOfPage\":{\"@id\":\"https:\\\/\\\/royalfamily.org\\\/lat\\\/children-from-international-schools-guests-at-the-royal-palace-on-an-educational-tour-and-children-helping-children\\\/\"},\"wordCount\":263,\"publisher\":{\"@id\":\"https:\\\/\\\/royalfamily.org\\\/#organization\"},\"image\":{\"@id\":\"https:\\\/\\\/royalfamily.org\\\/lat\\\/children-from-international-schools-guests-at-the-royal-palace-on-an-educational-tour-and-children-helping-children\\\/#primaryimage\"},\"thumbnailUrl\":\"https:\\\/\\\/royalfamily.org\\\/wp-content\\\/uploads\\\/2015\\\/03\\\/IMG_7509m.jpg\",\"articleSection\":[\"Vesti\"],\"inLanguage\":\"sr-LT\"},{\"@type\":\"WebPage\",\"@id\":\"https:\\\/\\\/royalfamily.org\\\/lat\\\/children-from-international-schools-guests-at-the-royal-palace-on-an-educational-tour-and-children-helping-children\\\/\",\"url\":\"https:\\\/\\\/royalfamily.org\\\/lat\\\/children-from-international-schools-guests-at-the-royal-palace-on-an-educational-tour-and-children-helping-children\\\/\",\"name\":\"Deca iz me\u0111unarodnih \u0161kola gosti Kraljevskog Dvora na obrazovnoj turi \u201eDeca poma\u017eu deci\\\" - The Royal Family of Serbia\",\"isPartOf\":{\"@id\":\"https:\\\/\\\/royalfamily.org\\\/#website\"},\"primaryImageOfPage\":{\"@id\":\"https:\\\/\\\/royalfamily.org\\\/lat\\\/children-from-international-schools-guests-at-the-royal-palace-on-an-educational-tour-and-children-helping-children\\\/#primaryimage\"},\"image\":{\"@id\":\"https:\\\/\\\/royalfamily.org\\\/lat\\\/children-from-international-schools-guests-at-the-royal-palace-on-an-educational-tour-and-children-helping-children\\\/#primaryimage\"},\"thumbnailUrl\":\"https:\\\/\\\/royalfamily.org\\\/wp-content\\\/uploads\\\/2015\\\/03\\\/IMG_7509m.jpg\",\"datePublished\":\"2015-03-26T18:04:25+00:00\",\"description\":\"Deca iz Beogradskih me\u0111unarodnih \u0161kola posetila su Kraljevski Dvor u protekla dva dana, u okviru dobrotvorne \u00a0akcije \u201eDeca poma\u017eu deci\u201c, koju svake godine\",\"breadcrumb\":{\"@id\":\"https:\\\/\\\/royalfamily.org\\\/lat\\\/children-from-international-schools-guests-at-the-royal-palace-on-an-educational-tour-and-children-helping-children\\\/#breadcrumb\"},\"inLanguage\":\"sr-LT\",\"potentialAction\":[{\"@type\":\"ReadAction\",\"target\":[\"https:\\\/\\\/royalfamily.org\\\/lat\\\/children-from-international-schools-guests-at-the-royal-palace-on-an-educational-tour-and-children-helping-children\\\/\"]}]},{\"@type\":\"ImageObject\",\"inLanguage\":\"sr-LT\",\"@id\":\"https:\\\/\\\/royalfamily.org\\\/lat\\\/children-from-international-schools-guests-at-the-royal-palace-on-an-educational-tour-and-children-helping-children\\\/#primaryimage\",\"url\":\"https:\\\/\\\/royalfamily.org\\\/wp-content\\\/uploads\\\/2015\\\/03\\\/IMG_7509m.jpg\",\"contentUrl\":\"https:\\\/\\\/royalfamily.org\\\/wp-content\\\/uploads\\\/2015\\\/03\\\/IMG_7509m.jpg\",\"width\":740,\"height\":350},{\"@type\":\"BreadcrumbList\",\"@id\":\"https:\\\/\\\/royalfamily.org\\\/lat\\\/children-from-international-schools-guests-at-the-royal-palace-on-an-educational-tour-and-children-helping-children\\\/#breadcrumb\",\"itemListElement\":[{\"@type\":\"ListItem\",\"position\":1,\"name\":\"Home\",\"item\":\"https:\\\/\\\/royalfamily.org\\\/lat\\\/\"},{\"@type\":\"ListItem\",\"position\":2,\"name\":\"Deca iz me\u0111unarodnih \u0161kola gosti Kraljevskog Dvora na obrazovnoj turi \u201eDeca poma\u017eu deci&#8221;\"}]},{\"@type\":\"WebSite\",\"@id\":\"https:\\\/\\\/royalfamily.org\\\/#website\",\"url\":\"https:\\\/\\\/royalfamily.org\\\/\",\"name\":\"The Royal Family of Serbia\",\"description\":\"From the people, for the people\",\"publisher\":{\"@id\":\"https:\\\/\\\/royalfamily.org\\\/#organization\"},\"potentialAction\":[{\"@type\":\"SearchAction\",\"target\":{\"@type\":\"EntryPoint\",\"urlTemplate\":\"https:\\\/\\\/royalfamily.org\\\/?s={search_term_string}\"},\"query-input\":{\"@type\":\"PropertyValueSpecification\",\"valueRequired\":true,\"valueName\":\"search_term_string\"}}],\"inLanguage\":\"sr-LT\"},{\"@type\":\"Organization\",\"@id\":\"https:\\\/\\\/royalfamily.org\\\/#organization\",\"name\":\"Royal Family\",\"url\":\"https:\\\/\\\/royalfamily.org\\\/\",\"logo\":{\"@type\":\"ImageObject\",\"inLanguage\":\"sr-LT\",\"@id\":\"https:\\\/\\\/royalfamily.org\\\/#\\\/schema\\\/logo\\\/image\\\/\",\"url\":\"https:\\\/\\\/royalfamily.org\\\/wp-content\\\/uploads\\\/2019\\\/04\\\/logo-vector-02-V-latinica.png\",\"contentUrl\":\"https:\\\/\\\/royalfamily.org\\\/wp-content\\\/uploads\\\/2019\\\/04\\\/logo-vector-02-V-latinica.png\",\"width\":552,\"height\":99,\"caption\":\"Royal Family\"},\"image\":{\"@id\":\"https:\\\/\\\/royalfamily.org\\\/#\\\/schema\\\/logo\\\/image\\\/\"},\"sameAs\":[\"https:\\\/\\\/www.facebook.com\\\/Prestolonaslednik.Aleksandar\"]},{\"@type\":\"Person\",\"@id\":\"https:\\\/\\\/royalfamily.org\\\/#\\\/schema\\\/person\\\/4ad3296a6a8a35eed333b6a785e9f648\",\"name\":\"Stefan Milanovic\",\"image\":{\"@type\":\"ImageObject\",\"inLanguage\":\"sr-LT\",\"@id\":\"https:\\\/\\\/secure.gravatar.com\\\/avatar\\\/92dcbdcf3e32112a9ceb1e41665b1f44c69382d014cacfe12c701f6af7c40259?s=96&d=mm&r=g\",\"url\":\"https:\\\/\\\/secure.gravatar.com\\\/avatar\\\/92dcbdcf3e32112a9ceb1e41665b1f44c69382d014cacfe12c701f6af7c40259?s=96&d=mm&r=g\",\"contentUrl\":\"https:\\\/\\\/secure.gravatar.com\\\/avatar\\\/92dcbdcf3e32112a9ceb1e41665b1f44c69382d014cacfe12c701f6af7c40259?s=96&d=mm&r=g\",\"caption\":\"Stefan Milanovic\"}}]}<\/script>\n<!-- \/ Yoast SEO Premium plugin. -->","yoast_head_json":{"title":"Deca iz me\u0111unarodnih \u0161kola gosti Kraljevskog Dvora na obrazovnoj turi \u201eDeca poma\u017eu deci\" - The Royal Family of Serbia","description":"Deca iz Beogradskih me\u0111unarodnih \u0161kola posetila su Kraljevski Dvor u protekla dva dana, u okviru dobrotvorne \u00a0akcije \u201eDeca poma\u017eu deci\u201c, koju svake godine","robots":{"index":"index","follow":"follow","max-snippet":"max-snippet:-1","max-image-preview":"max-image-preview:large","max-video-preview":"max-video-preview:-1"},"canonical":"https:\/\/royalfamily.org\/lat\/children-from-international-schools-guests-at-the-royal-palace-on-an-educational-tour-and-children-helping-children\/","og_locale":"en_US","og_type":"article","og_title":"Deca iz me\u0111unarodnih \u0161kola gosti Kraljevskog Dvora na obrazovnoj turi \u201eDeca poma\u017eu deci\"","og_description":"Deca iz Beogradskih me\u0111unarodnih \u0161kola posetila su Kraljevski Dvor u protekla dva dana, u okviru dobrotvorne \u00a0akcije \u201eDeca poma\u017eu deci\u201c, koju svake godine","og_url":"https:\/\/royalfamily.org\/lat\/children-from-international-schools-guests-at-the-royal-palace-on-an-educational-tour-and-children-helping-children\/","og_site_name":"The Royal Family of Serbia","article_publisher":"https:\/\/www.facebook.com\/Prestolonaslednik.Aleksandar","article_published_time":"2015-03-26T18:04:25+00:00","og_image":[{"width":740,"height":350,"url":"https:\/\/royalfamily.org\/wp-content\/uploads\/2015\/03\/IMG_7509m.jpg","type":"image\/jpeg"}],"author":"Stefan Milanovic","twitter_card":"summary_large_image","twitter_misc":{"Written by":"Stefan Milanovic","Est. reading time":"1 minute"},"schema":{"@context":"https:\/\/schema.org","@graph":[{"@type":"Article","@id":"https:\/\/royalfamily.org\/lat\/children-from-international-schools-guests-at-the-royal-palace-on-an-educational-tour-and-children-helping-children\/#article","isPartOf":{"@id":"https:\/\/royalfamily.org\/lat\/children-from-international-schools-guests-at-the-royal-palace-on-an-educational-tour-and-children-helping-children\/"},"author":{"name":"Stefan Milanovic","@id":"https:\/\/royalfamily.org\/#\/schema\/person\/4ad3296a6a8a35eed333b6a785e9f648"},"headline":"Deca iz me\u0111unarodnih \u0161kola gosti Kraljevskog Dvora na obrazovnoj turi \u201eDeca poma\u017eu deci&#8221;","datePublished":"2015-03-26T18:04:25+00:00","mainEntityOfPage":{"@id":"https:\/\/royalfamily.org\/lat\/children-from-international-schools-guests-at-the-royal-palace-on-an-educational-tour-and-children-helping-children\/"},"wordCount":263,"publisher":{"@id":"https:\/\/royalfamily.org\/#organization"},"image":{"@id":"https:\/\/royalfamily.org\/lat\/children-from-international-schools-guests-at-the-royal-palace-on-an-educational-tour-and-children-helping-children\/#primaryimage"},"thumbnailUrl":"https:\/\/royalfamily.org\/wp-content\/uploads\/2015\/03\/IMG_7509m.jpg","articleSection":["Vesti"],"inLanguage":"sr-LT"},{"@type":"WebPage","@id":"https:\/\/royalfamily.org\/lat\/children-from-international-schools-guests-at-the-royal-palace-on-an-educational-tour-and-children-helping-children\/","url":"https:\/\/royalfamily.org\/lat\/children-from-international-schools-guests-at-the-royal-palace-on-an-educational-tour-and-children-helping-children\/","name":"Deca iz me\u0111unarodnih \u0161kola gosti Kraljevskog Dvora na obrazovnoj turi \u201eDeca poma\u017eu deci\" - The Royal Family of Serbia","isPartOf":{"@id":"https:\/\/royalfamily.org\/#website"},"primaryImageOfPage":{"@id":"https:\/\/royalfamily.org\/lat\/children-from-international-schools-guests-at-the-royal-palace-on-an-educational-tour-and-children-helping-children\/#primaryimage"},"image":{"@id":"https:\/\/royalfamily.org\/lat\/children-from-international-schools-guests-at-the-royal-palace-on-an-educational-tour-and-children-helping-children\/#primaryimage"},"thumbnailUrl":"https:\/\/royalfamily.org\/wp-content\/uploads\/2015\/03\/IMG_7509m.jpg","datePublished":"2015-03-26T18:04:25+00:00","description":"Deca iz Beogradskih me\u0111unarodnih \u0161kola posetila su Kraljevski Dvor u protekla dva dana, u okviru dobrotvorne \u00a0akcije \u201eDeca poma\u017eu deci\u201c, koju svake godine","breadcrumb":{"@id":"https:\/\/royalfamily.org\/lat\/children-from-international-schools-guests-at-the-royal-palace-on-an-educational-tour-and-children-helping-children\/#breadcrumb"},"inLanguage":"sr-LT","potentialAction":[{"@type":"ReadAction","target":["https:\/\/royalfamily.org\/lat\/children-from-international-schools-guests-at-the-royal-palace-on-an-educational-tour-and-children-helping-children\/"]}]},{"@type":"ImageObject","inLanguage":"sr-LT","@id":"https:\/\/royalfamily.org\/lat\/children-from-international-schools-guests-at-the-royal-palace-on-an-educational-tour-and-children-helping-children\/#primaryimage","url":"https:\/\/royalfamily.org\/wp-content\/uploads\/2015\/03\/IMG_7509m.jpg","contentUrl":"https:\/\/royalfamily.org\/wp-content\/uploads\/2015\/03\/IMG_7509m.jpg","width":740,"height":350},{"@type":"BreadcrumbList","@id":"https:\/\/royalfamily.org\/lat\/children-from-international-schools-guests-at-the-royal-palace-on-an-educational-tour-and-children-helping-children\/#breadcrumb","itemListElement":[{"@type":"ListItem","position":1,"name":"Home","item":"https:\/\/royalfamily.org\/lat\/"},{"@type":"ListItem","position":2,"name":"Deca iz me\u0111unarodnih \u0161kola gosti Kraljevskog Dvora na obrazovnoj turi \u201eDeca poma\u017eu deci&#8221;"}]},{"@type":"WebSite","@id":"https:\/\/royalfamily.org\/#website","url":"https:\/\/royalfamily.org\/","name":"The Royal Family of Serbia","description":"From the people, for the people","publisher":{"@id":"https:\/\/royalfamily.org\/#organization"},"potentialAction":[{"@type":"SearchAction","target":{"@type":"EntryPoint","urlTemplate":"https:\/\/royalfamily.org\/?s={search_term_string}"},"query-input":{"@type":"PropertyValueSpecification","valueRequired":true,"valueName":"search_term_string"}}],"inLanguage":"sr-LT"},{"@type":"Organization","@id":"https:\/\/royalfamily.org\/#organization","name":"Royal Family","url":"https:\/\/royalfamily.org\/","logo":{"@type":"ImageObject","inLanguage":"sr-LT","@id":"https:\/\/royalfamily.org\/#\/schema\/logo\/image\/","url":"https:\/\/royalfamily.org\/wp-content\/uploads\/2019\/04\/logo-vector-02-V-latinica.png","contentUrl":"https:\/\/royalfamily.org\/wp-content\/uploads\/2019\/04\/logo-vector-02-V-latinica.png","width":552,"height":99,"caption":"Royal Family"},"image":{"@id":"https:\/\/royalfamily.org\/#\/schema\/logo\/image\/"},"sameAs":["https:\/\/www.facebook.com\/Prestolonaslednik.Aleksandar"]},{"@type":"Person","@id":"https:\/\/royalfamily.org\/#\/schema\/person\/4ad3296a6a8a35eed333b6a785e9f648","name":"Stefan Milanovic","image":{"@type":"ImageObject","inLanguage":"sr-LT","@id":"https:\/\/secure.gravatar.com\/avatar\/92dcbdcf3e32112a9ceb1e41665b1f44c69382d014cacfe12c701f6af7c40259?s=96&d=mm&r=g","url":"https:\/\/secure.gravatar.com\/avatar\/92dcbdcf3e32112a9ceb1e41665b1f44c69382d014cacfe12c701f6af7c40259?s=96&d=mm&r=g","contentUrl":"https:\/\/secure.gravatar.com\/avatar\/92dcbdcf3e32112a9ceb1e41665b1f44c69382d014cacfe12c701f6af7c40259?s=96&d=mm&r=g","caption":"Stefan Milanovic"}}]}},"_links":{"self":[{"href":"https:\/\/royalfamily.org\/lat\/wp-json\/wp\/v2\/posts\/16195","targetHints":{"allow":["GET"]}}],"collection":[{"href":"https:\/\/royalfamily.org\/lat\/wp-json\/wp\/v2\/posts"}],"about":[{"href":"https:\/\/royalfamily.org\/lat\/wp-json\/wp\/v2\/types\/post"}],"author":[{"embeddable":true,"href":"https:\/\/royalfamily.org\/lat\/wp-json\/wp\/v2\/users\/1001015"}],"replies":[{"embeddable":true,"href":"https:\/\/royalfamily.org\/lat\/wp-json\/wp\/v2\/comments?post=16195"}],"version-history":[{"count":0,"href":"https:\/\/royalfamily.org\/lat\/wp-json\/wp\/v2\/posts\/16195\/revisions"}],"wp:featuredmedia":[{"embeddable":true,"href":"https:\/\/royalfamily.org\/lat\/wp-json\/wp\/v2\/media\/16189"}],"wp:attachment":[{"href":"https:\/\/royalfamily.org\/lat\/wp-json\/wp\/v2\/media?parent=16195"}],"wp:term":[{"taxonomy":"category","embeddable":true,"href":"https:\/\/royalfamily.org\/lat\/wp-json\/wp\/v2\/categories?post=16195"},{"taxonomy":"post_tag","embeddable":true,"href":"https:\/\/royalfamily.org\/lat\/wp-json\/wp\/v2\/tags?post=16195"}],"curies":[{"name":"wp","href":"https:\/\/api.w.org\/{rel}","templated":true}]}}