{"id":16271,"date":"2015-03-29T05:08:58","date_gmt":"2015-03-29T05:08:58","guid":{"rendered":"https:\/\/royalfamily.org\/royal-couple-in-vrnjacka-banja-and-kraljevo-2\/"},"modified":"2015-03-29T05:08:58","modified_gmt":"2015-03-29T05:08:58","slug":"royal-couple-in-vrnjacka-banja-and-kraljevo","status":"publish","type":"post","link":"https:\/\/royalfamily.org\/lat\/royal-couple-in-vrnjacka-banja-and-kraljevo\/","title":{"rendered":"Kraljevski par u Vrnja\u010dkoj Banji i Kraljevu"},"content":{"rendered":"<p><strong>Njihova Kraljevska Viso\u010danstva Prestolonaslednik Aleksandar i Princeza Katarina posetili su danas Vrnja\u010dku Banju i Kraljevo. Po dolasku u Vrnja\u010dku Banju sastali su se sa gradona\u010delnikom g-dinom Bobanom \u0110urovi\u0107em, sa kojim su razgovarali o situaciji u ovoj op\u0161tini, i planovima za budu\u0107nost.<\/strong><\/p>\n<p>Njihova Kraljevska Viso\u010danstva su zatim u pratnji gradona\u010delnika i \u010dlanova vi\u0161e kulturno \u2013 umetni\u010dkih dru\u0161tava u narodnoj no\u0161nji pro\u0161li centrom Vrnja\u010dke Banje do spomenika NJ.V. Kralju Aleksandru I od Jugoslavije, dedi Nj.K.V. Prestolonaslednika Aleksandra, gde su polo\u017eili vence. Zatim su obi\u0161li \u201ekraljevsko kupatilo\u201c. Potom su Njihova Kraljevska Viso\u010danstva posetila Turisti\u010dko \u2013 ugostiteljsku \u0161kolu i Gimnaziju. U\u010denici Turisti\u010dko \u2013 ugostiteljske \u0161kole predstavili su dragim gostima neka od svojih jela za koja su dobili nagrade na mnogobrojnim takmi\u010denjima.<\/p>\n<p>Potom se Kraljevski par uputio u hotel \u201eZvezda\u201c gde su obi\u0161li tradicionalnu manifestaciju sajam narodnog stvarala\u0161tva prela i posela, koja se odr\u017eava po dvanaesti put. Posle obilaska nekih od vi\u0161e od 120 \u0161tandova, NJ.K.V. Prestolonaslednik Aleksandar je izjavio: \u201eVeoma mi je drago \u0161to smo moja supruga i ja danas sa vama u Vrnja\u010dkoj Banji, na tradicionalnom sajmu narodnog stvarala\u0161tva. Ovakvi doga\u0111aji oboga\u0107uju na\u0161u kulturnu i umetni\u010dku ba\u0161tinu i predstavljaju Srbiju u najboljem svetlu. Ja sam ponosan na na\u0161u tradiciju, jer to je \u010dvrst temelj na kome treba da gradimo modernu Srbiju. Svim organizatorima i u\u010desnicima dvanaestog sajma narodnog stvarala\u0161tva \u201eprela i posela\u201c \u017eelim uspe\u0161nu manifestaciju!\u201c<\/p>\n<p>Njeno Kraljevsko Viso\u010danstvo Princeza Katarina je pozdravil\u0430 u\u010desnike i goste i istakla: \u201eVeoma mi je drago \u0161to tradicionalni sajam narodnog stvarala\u0161tva organizuje dru\u0161tvo \u017eena \u201eZlatne niti\u201c. Uloga \u017eene u na\u0161em dru\u0161tvu uvek je bila ogromna, i ja podr\u017eavam napore dana\u0161njih \u017eena koje nas podse\u0107aju na to. Sigurna sam da \u0107e tradicija narodnog stvarala\u0161tva nastaviti da na najlep\u0161i na\u010din predstavlja Srbiju u svetu.\u201c Nj.K.V. Princeza Katarina dobila je posebnu povelju od udru\u017eenja \u201eZlatne niti\u201c za pomo\u0107 i podr\u0161ku.<\/p>\n<p>Njihova Kraljevska Viso\u010danstva su u popodnevin \u010dasovima posetila Kraljevo gde su otvorila senzornu sobu u \u0161koli za decu sa posebnim potrebama \u201eIvo Lola Ribar\u201c. Ovu vrednu donaciju obezbedila je humanitarna organizacija Lajflajn Njujork koja radi pod pokroviteljstvom NJ.K.V. Princeze Katarine. G-\u0111a Mariana Mini\u0107, direktor \u0161kole do\u010dekala je uva\u017eene goste i pokazala im \u0161kolu, a Prestolonaslednik Aleksandar i Princeza Katarina su porazgovarali sa prisutnim u\u010denicima i njihovim roditeljima.<\/p>\n<p>Nj.K.V. Princeza Katarina se obratila u\u010denicima, njihovim roditeljima i nastavnicima, i istakla: \u201eMoj suprug Prestolonaslednik Aleksandar i ja smo sre\u0107ni \u0161to smo ponovo do\u0161li u va\u0161u \u0161kolu da vam uru\u010dimo obe\u0107anu senzornu sobu. Ovaj vredan poklon smo obezbedili zahvaljuju\u0107i donacijama Lajflajn Njujork prikupljenim na humanitanim doga\u0111ajima koje smo imali na Floridi u februaru ove godine. \u017delim da im se zahvalim na humanosti i dobroj volji koju godinama pokazuju poma\u017eu\u0107i na\u0161em narodu. Sigurna sam da \u0107e vam ova vredna donacija omogu\u0107iti da br\u017ee i lak\u0161e u\u010dite i da \u0107ete je vi i va\u0161i nastavnici koristiti sa zadovoljstvom. Draga deco vi ste na\u0161a budu\u0107nost i uvek ste u na\u0161im srcima. Moj suprug Prestolonaslednik Aleksandar i ja nastavi\u0107emo da poma\u017eemo op\u0161tinu Kraljevo, i druge op\u0161tine u Srbiji uz pomo\u0107 na\u0161ih plemenitih prijatelja, kao i do sada\u201c, naglasila je Princeza Katarina.<\/p>\n<p><a href=\"https:\/\/royalfamily.org\/wp-content\/uploads\/2015\/03\/IMG_8072m.jpg\"><img decoding=\"async\" width=\"150\" height=\"150\" class=\"alignnone size-thumbnail wp-image-16266\" src=\"https:\/\/royalfamily.org\/wp-content\/uploads\/2015\/03\/IMG_8072m-150x150.jpg\" alt=\"IMG_8072m\" srcset=\"https:\/\/royalfamily.org\/wp-content\/uploads\/2015\/03\/IMG_8072m-50x50.jpg 50w, https:\/\/royalfamily.org\/wp-content\/uploads\/2015\/03\/IMG_8072m-95x95.jpg 95w, https:\/\/royalfamily.org\/wp-content\/uploads\/2015\/03\/IMG_8072m-110x110.jpg 110w, https:\/\/royalfamily.org\/wp-content\/uploads\/2015\/03\/IMG_8072m-150x150.jpg 150w, https:\/\/royalfamily.org\/wp-content\/uploads\/2015\/03\/IMG_8072m-200x200.jpg 200w\" sizes=\"(max-width: 150px) 100vw, 150px\" \/><\/a> <a href=\"https:\/\/royalfamily.org\/wp-content\/uploads\/2015\/03\/IMG_8001m.jpg\"><img decoding=\"async\" width=\"150\" height=\"150\" class=\"alignnone size-thumbnail wp-image-16263\" src=\"https:\/\/royalfamily.org\/wp-content\/uploads\/2015\/03\/IMG_8001m-150x150.jpg\" alt=\"IMG_8001m\" srcset=\"https:\/\/royalfamily.org\/wp-content\/uploads\/2015\/03\/IMG_8001m-50x50.jpg 50w, https:\/\/royalfamily.org\/wp-content\/uploads\/2015\/03\/IMG_8001m-95x95.jpg 95w, https:\/\/royalfamily.org\/wp-content\/uploads\/2015\/03\/IMG_8001m-110x110.jpg 110w, https:\/\/royalfamily.org\/wp-content\/uploads\/2015\/03\/IMG_8001m-150x150.jpg 150w, https:\/\/royalfamily.org\/wp-content\/uploads\/2015\/03\/IMG_8001m-200x200.jpg 200w\" sizes=\"(max-width: 150px) 100vw, 150px\" \/><\/a> <a href=\"https:\/\/royalfamily.org\/wp-content\/uploads\/2015\/03\/IMG_7926m.jpg\"><img decoding=\"async\" width=\"150\" height=\"150\" class=\"alignnone size-thumbnail wp-image-16260\" src=\"https:\/\/royalfamily.org\/wp-content\/uploads\/2015\/03\/IMG_7926m-150x150.jpg\" alt=\"IMG_7926m\" srcset=\"https:\/\/royalfamily.org\/wp-content\/uploads\/2015\/03\/IMG_7926m-50x50.jpg 50w, https:\/\/royalfamily.org\/wp-content\/uploads\/2015\/03\/IMG_7926m-95x95.jpg 95w, https:\/\/royalfamily.org\/wp-content\/uploads\/2015\/03\/IMG_7926m-110x110.jpg 110w, https:\/\/royalfamily.org\/wp-content\/uploads\/2015\/03\/IMG_7926m-150x150.jpg 150w, https:\/\/royalfamily.org\/wp-content\/uploads\/2015\/03\/IMG_7926m-200x200.jpg 200w\" sizes=\"(max-width: 150px) 100vw, 150px\" \/><\/a> <a href=\"https:\/\/royalfamily.org\/wp-content\/uploads\/2015\/03\/IMG_7899m.jpg\"><img decoding=\"async\" width=\"150\" height=\"150\" class=\"alignnone size-thumbnail wp-image-16257\" src=\"https:\/\/royalfamily.org\/wp-content\/uploads\/2015\/03\/IMG_7899m-150x150.jpg\" alt=\"IMG_7899m\" srcset=\"https:\/\/royalfamily.org\/wp-content\/uploads\/2015\/03\/IMG_7899m-50x50.jpg 50w, https:\/\/royalfamily.org\/wp-content\/uploads\/2015\/03\/IMG_7899m-95x95.jpg 95w, https:\/\/royalfamily.org\/wp-content\/uploads\/2015\/03\/IMG_7899m-110x110.jpg 110w, https:\/\/royalfamily.org\/wp-content\/uploads\/2015\/03\/IMG_7899m-150x150.jpg 150w, https:\/\/royalfamily.org\/wp-content\/uploads\/2015\/03\/IMG_7899m-200x200.jpg 200w\" sizes=\"(max-width: 150px) 100vw, 150px\" \/><\/a><\/p>\n<p><a href=\"https:\/\/royalfamily.org\/wp-content\/uploads\/2015\/03\/IMG_7864m.jpg\"><img decoding=\"async\" width=\"150\" height=\"150\" class=\"alignnone size-thumbnail wp-image-16254\" src=\"https:\/\/royalfamily.org\/wp-content\/uploads\/2015\/03\/IMG_7864m-150x150.jpg\" alt=\"IMG_7864m\" srcset=\"https:\/\/royalfamily.org\/wp-content\/uploads\/2015\/03\/IMG_7864m-50x50.jpg 50w, https:\/\/royalfamily.org\/wp-content\/uploads\/2015\/03\/IMG_7864m-95x95.jpg 95w, https:\/\/royalfamily.org\/wp-content\/uploads\/2015\/03\/IMG_7864m-110x110.jpg 110w, https:\/\/royalfamily.org\/wp-content\/uploads\/2015\/03\/IMG_7864m-150x150.jpg 150w, https:\/\/royalfamily.org\/wp-content\/uploads\/2015\/03\/IMG_7864m-200x200.jpg 200w\" sizes=\"(max-width: 150px) 100vw, 150px\" \/><\/a> <a href=\"https:\/\/royalfamily.org\/wp-content\/uploads\/2015\/03\/IMG_7823m.jpg\"><img decoding=\"async\" width=\"150\" height=\"150\" class=\"alignnone size-thumbnail wp-image-16251\" src=\"https:\/\/royalfamily.org\/wp-content\/uploads\/2015\/03\/IMG_7823m-150x150.jpg\" alt=\"IMG_7823m\" srcset=\"https:\/\/royalfamily.org\/wp-content\/uploads\/2015\/03\/IMG_7823m-50x50.jpg 50w, https:\/\/royalfamily.org\/wp-content\/uploads\/2015\/03\/IMG_7823m-95x95.jpg 95w, https:\/\/royalfamily.org\/wp-content\/uploads\/2015\/03\/IMG_7823m-110x110.jpg 110w, https:\/\/royalfamily.org\/wp-content\/uploads\/2015\/03\/IMG_7823m-150x150.jpg 150w, https:\/\/royalfamily.org\/wp-content\/uploads\/2015\/03\/IMG_7823m-200x200.jpg 200w\" sizes=\"(max-width: 150px) 100vw, 150px\" \/><\/a> <a href=\"https:\/\/royalfamily.org\/wp-content\/uploads\/2015\/03\/IMG_7789m.jpg\"><img decoding=\"async\" width=\"150\" height=\"150\" class=\"alignnone size-thumbnail wp-image-16248\" src=\"https:\/\/royalfamily.org\/wp-content\/uploads\/2015\/03\/IMG_7789m-150x150.jpg\" alt=\"IMG_7789m\" srcset=\"https:\/\/royalfamily.org\/wp-content\/uploads\/2015\/03\/IMG_7789m-50x50.jpg 50w, https:\/\/royalfamily.org\/wp-content\/uploads\/2015\/03\/IMG_7789m-95x95.jpg 95w, https:\/\/royalfamily.org\/wp-content\/uploads\/2015\/03\/IMG_7789m-110x110.jpg 110w, https:\/\/royalfamily.org\/wp-content\/uploads\/2015\/03\/IMG_7789m-150x150.jpg 150w, https:\/\/royalfamily.org\/wp-content\/uploads\/2015\/03\/IMG_7789m-200x200.jpg 200w\" sizes=\"(max-width: 150px) 100vw, 150px\" \/><\/a> <a href=\"https:\/\/royalfamily.org\/wp-content\/uploads\/2015\/03\/IMG_7731m.jpg\"><img decoding=\"async\" width=\"150\" height=\"150\" class=\"alignnone size-thumbnail wp-image-16245\" src=\"https:\/\/royalfamily.org\/wp-content\/uploads\/2015\/03\/IMG_7731m-150x150.jpg\" alt=\"IMG_7731m\" srcset=\"https:\/\/royalfamily.org\/wp-content\/uploads\/2015\/03\/IMG_7731m-50x50.jpg 50w, https:\/\/royalfamily.org\/wp-content\/uploads\/2015\/03\/IMG_7731m-95x95.jpg 95w, https:\/\/royalfamily.org\/wp-content\/uploads\/2015\/03\/IMG_7731m-110x110.jpg 110w, https:\/\/royalfamily.org\/wp-content\/uploads\/2015\/03\/IMG_7731m-150x150.jpg 150w, https:\/\/royalfamily.org\/wp-content\/uploads\/2015\/03\/IMG_7731m-200x200.jpg 200w\" sizes=\"(max-width: 150px) 100vw, 150px\" \/><\/a><\/p>\n<p><a href=\"https:\/\/royalfamily.org\/wp-content\/uploads\/2015\/03\/IMG_7593m.jpg\"><img decoding=\"async\" width=\"150\" height=\"150\" class=\"alignnone size-thumbnail wp-image-16242\" src=\"https:\/\/royalfamily.org\/wp-content\/uploads\/2015\/03\/IMG_7593m-150x150.jpg\" alt=\"IMG_7593m\" srcset=\"https:\/\/royalfamily.org\/wp-content\/uploads\/2015\/03\/IMG_7593m-50x50.jpg 50w, https:\/\/royalfamily.org\/wp-content\/uploads\/2015\/03\/IMG_7593m-95x95.jpg 95w, https:\/\/royalfamily.org\/wp-content\/uploads\/2015\/03\/IMG_7593m-110x110.jpg 110w, https:\/\/royalfamily.org\/wp-content\/uploads\/2015\/03\/IMG_7593m-150x150.jpg 150w, https:\/\/royalfamily.org\/wp-content\/uploads\/2015\/03\/IMG_7593m-200x200.jpg 200w\" sizes=\"(max-width: 150px) 100vw, 150px\" \/><\/a> <a href=\"https:\/\/royalfamily.org\/wp-content\/uploads\/2015\/03\/IMG_7578m.jpg\"><img decoding=\"async\" width=\"150\" height=\"150\" class=\"alignnone size-thumbnail wp-image-16239\" src=\"https:\/\/royalfamily.org\/wp-content\/uploads\/2015\/03\/IMG_7578m-150x150.jpg\" alt=\"IMG_7578m\" srcset=\"https:\/\/royalfamily.org\/wp-content\/uploads\/2015\/03\/IMG_7578m-50x50.jpg 50w, https:\/\/royalfamily.org\/wp-content\/uploads\/2015\/03\/IMG_7578m-95x95.jpg 95w, https:\/\/royalfamily.org\/wp-content\/uploads\/2015\/03\/IMG_7578m-110x110.jpg 110w, https:\/\/royalfamily.org\/wp-content\/uploads\/2015\/03\/IMG_7578m-150x150.jpg 150w, https:\/\/royalfamily.org\/wp-content\/uploads\/2015\/03\/IMG_7578m-200x200.jpg 200w\" sizes=\"(max-width: 150px) 100vw, 150px\" \/><\/a> <a href=\"https:\/\/royalfamily.org\/wp-content\/uploads\/2015\/03\/IMG_7562m.jpg\"><img decoding=\"async\" width=\"150\" height=\"150\" class=\"alignnone size-thumbnail wp-image-16236\" src=\"https:\/\/royalfamily.org\/wp-content\/uploads\/2015\/03\/IMG_7562m-150x150.jpg\" alt=\"IMG_7562m\" srcset=\"https:\/\/royalfamily.org\/wp-content\/uploads\/2015\/03\/IMG_7562m-50x50.jpg 50w, https:\/\/royalfamily.org\/wp-content\/uploads\/2015\/03\/IMG_7562m-95x95.jpg 95w, https:\/\/royalfamily.org\/wp-content\/uploads\/2015\/03\/IMG_7562m-110x110.jpg 110w, https:\/\/royalfamily.org\/wp-content\/uploads\/2015\/03\/IMG_7562m-150x150.jpg 150w, https:\/\/royalfamily.org\/wp-content\/uploads\/2015\/03\/IMG_7562m-200x200.jpg 200w\" sizes=\"(max-width: 150px) 100vw, 150px\" \/><\/a> <a href=\"https:\/\/royalfamily.org\/wp-content\/uploads\/2015\/03\/IMG_7540m.jpg\"><img decoding=\"async\" width=\"150\" height=\"150\" class=\"alignnone size-thumbnail wp-image-16233\" src=\"https:\/\/royalfamily.org\/wp-content\/uploads\/2015\/03\/IMG_7540m-150x150.jpg\" alt=\"IMG_7540m\" srcset=\"https:\/\/royalfamily.org\/wp-content\/uploads\/2015\/03\/IMG_7540m-50x50.jpg 50w, https:\/\/royalfamily.org\/wp-content\/uploads\/2015\/03\/IMG_7540m-95x95.jpg 95w, https:\/\/royalfamily.org\/wp-content\/uploads\/2015\/03\/IMG_7540m-110x110.jpg 110w, https:\/\/royalfamily.org\/wp-content\/uploads\/2015\/03\/IMG_7540m-150x150.jpg 150w, https:\/\/royalfamily.org\/wp-content\/uploads\/2015\/03\/IMG_7540m-200x200.jpg 200w\" sizes=\"(max-width: 150px) 100vw, 150px\" \/><\/a><\/p>\n<p><a href=\"https:\/\/royalfamily.org\/wp-content\/uploads\/2015\/03\/IMG_7487m.jpg\"><img decoding=\"async\" width=\"150\" height=\"150\" class=\"alignnone size-thumbnail wp-image-16230\" src=\"https:\/\/royalfamily.org\/wp-content\/uploads\/2015\/03\/IMG_7487m-150x150.jpg\" alt=\"IMG_7487m\" srcset=\"https:\/\/royalfamily.org\/wp-content\/uploads\/2015\/03\/IMG_7487m-50x50.jpg 50w, https:\/\/royalfamily.org\/wp-content\/uploads\/2015\/03\/IMG_7487m-95x95.jpg 95w, https:\/\/royalfamily.org\/wp-content\/uploads\/2015\/03\/IMG_7487m-110x110.jpg 110w, https:\/\/royalfamily.org\/wp-content\/uploads\/2015\/03\/IMG_7487m-150x150.jpg 150w, https:\/\/royalfamily.org\/wp-content\/uploads\/2015\/03\/IMG_7487m-200x200.jpg 200w\" sizes=\"(max-width: 150px) 100vw, 150px\" \/><\/a> <a href=\"https:\/\/royalfamily.org\/wp-content\/uploads\/2015\/03\/IMG_7478m.jpg\"><img decoding=\"async\" width=\"150\" height=\"150\" class=\"alignnone size-thumbnail wp-image-16227\" src=\"https:\/\/royalfamily.org\/wp-content\/uploads\/2015\/03\/IMG_7478m-150x150.jpg\" alt=\"IMG_7478m\" srcset=\"https:\/\/royalfamily.org\/wp-content\/uploads\/2015\/03\/IMG_7478m-50x50.jpg 50w, https:\/\/royalfamily.org\/wp-content\/uploads\/2015\/03\/IMG_7478m-95x95.jpg 95w, https:\/\/royalfamily.org\/wp-content\/uploads\/2015\/03\/IMG_7478m-110x110.jpg 110w, https:\/\/royalfamily.org\/wp-content\/uploads\/2015\/03\/IMG_7478m-150x150.jpg 150w, https:\/\/royalfamily.org\/wp-content\/uploads\/2015\/03\/IMG_7478m-200x200.jpg 200w\" sizes=\"(max-width: 150px) 100vw, 150px\" \/><\/a> <a href=\"https:\/\/royalfamily.org\/wp-content\/uploads\/2015\/03\/IMG_7426m.jpg\"><img decoding=\"async\" width=\"150\" height=\"150\" class=\"alignnone size-thumbnail wp-image-16224\" src=\"https:\/\/royalfamily.org\/wp-content\/uploads\/2015\/03\/IMG_7426m-150x150.jpg\" alt=\"IMG_7426m\" srcset=\"https:\/\/royalfamily.org\/wp-content\/uploads\/2015\/03\/IMG_7426m-50x50.jpg 50w, https:\/\/royalfamily.org\/wp-content\/uploads\/2015\/03\/IMG_7426m-95x95.jpg 95w, https:\/\/royalfamily.org\/wp-content\/uploads\/2015\/03\/IMG_7426m-110x110.jpg 110w, https:\/\/royalfamily.org\/wp-content\/uploads\/2015\/03\/IMG_7426m-150x150.jpg 150w, https:\/\/royalfamily.org\/wp-content\/uploads\/2015\/03\/IMG_7426m-200x200.jpg 200w\" sizes=\"(max-width: 150px) 100vw, 150px\" \/><\/a><\/p>\n","protected":false},"excerpt":{"rendered":"<p>Njihova Kraljevska Viso\u010danstva Prestolonaslednik Aleksandar i Princeza Katarina posetili su danas Vrnja\u010dku Banju i Kraljevo.  [&#8230;]<\/p>\n","protected":false},"author":1001015,"featured_media":16223,"comment_status":"closed","ping_status":"closed","sticky":false,"template":"","format":"standard","meta":{"_acf_changed":false,"footnotes":""},"categories":[22],"tags":[],"class_list":["post-16271","post","type-post","status-publish","format-standard","has-post-thumbnail","hentry","category-vesti"],"acf":[],"yoast_head":"<!-- This site is optimized with the Yoast SEO Premium plugin v27.5 (Yoast SEO v27.5) - https:\/\/yoast.com\/product\/yoast-seo-premium-wordpress\/ -->\n<title>Kraljevski par u Vrnja\u010dkoj Banji i Kraljevu - The Royal Family of Serbia<\/title>\n<meta name=\"description\" content=\"Njihova Kraljevska Viso\u010danstva Prestolonaslednik Aleksandar i Princeza Katarina posetili su danas Vrnja\u010dku Banju i Kraljevo. Po dolasku u Vrnja\u010dku Banju\" \/>\n<meta name=\"robots\" content=\"index, follow, max-snippet:-1, max-image-preview:large, max-video-preview:-1\" \/>\n<link rel=\"canonical\" href=\"https:\/\/royalfamily.org\/lat\/royal-couple-in-vrnjacka-banja-and-kraljevo\/\" \/>\n<meta property=\"og:locale\" content=\"en_US\" \/>\n<meta property=\"og:type\" content=\"article\" \/>\n<meta property=\"og:title\" content=\"Kraljevski par u Vrnja\u010dkoj Banji i Kraljevu\" \/>\n<meta property=\"og:description\" content=\"Njihova Kraljevska Viso\u010danstva Prestolonaslednik Aleksandar i Princeza Katarina posetili su danas Vrnja\u010dku Banju i Kraljevo. Po dolasku u Vrnja\u010dku Banju\" \/>\n<meta property=\"og:url\" content=\"https:\/\/royalfamily.org\/lat\/royal-couple-in-vrnjacka-banja-and-kraljevo\/\" \/>\n<meta property=\"og:site_name\" content=\"The Royal Family of Serbia\" \/>\n<meta property=\"article:publisher\" content=\"https:\/\/www.facebook.com\/Prestolonaslednik.Aleksandar\" \/>\n<meta property=\"article:published_time\" content=\"2015-03-29T05:08:58+00:00\" \/>\n<meta property=\"og:image\" content=\"https:\/\/royalfamily.org\/wp-content\/uploads\/2015\/03\/01.jpg\" \/>\n\t<meta property=\"og:image:width\" content=\"740\" \/>\n\t<meta property=\"og:image:height\" content=\"350\" \/>\n\t<meta property=\"og:image:type\" content=\"image\/jpeg\" \/>\n<meta name=\"author\" content=\"Stefan Milanovic\" \/>\n<meta name=\"twitter:card\" content=\"summary_large_image\" \/>\n<meta name=\"twitter:label1\" content=\"Written by\" \/>\n\t<meta name=\"twitter:data1\" content=\"Stefan Milanovic\" \/>\n\t<meta name=\"twitter:label2\" content=\"Est. reading time\" \/>\n\t<meta name=\"twitter:data2\" content=\"3 minutes\" \/>\n<script type=\"application\/ld+json\" class=\"yoast-schema-graph\">{\"@context\":\"https:\\\/\\\/schema.org\",\"@graph\":[{\"@type\":\"Article\",\"@id\":\"https:\\\/\\\/royalfamily.org\\\/lat\\\/royal-couple-in-vrnjacka-banja-and-kraljevo\\\/#article\",\"isPartOf\":{\"@id\":\"https:\\\/\\\/royalfamily.org\\\/lat\\\/royal-couple-in-vrnjacka-banja-and-kraljevo\\\/\"},\"author\":{\"name\":\"Stefan Milanovic\",\"@id\":\"https:\\\/\\\/royalfamily.org\\\/#\\\/schema\\\/person\\\/4ad3296a6a8a35eed333b6a785e9f648\"},\"headline\":\"Kraljevski par u Vrnja\u010dkoj Banji i Kraljevu\",\"datePublished\":\"2015-03-29T05:08:58+00:00\",\"mainEntityOfPage\":{\"@id\":\"https:\\\/\\\/royalfamily.org\\\/lat\\\/royal-couple-in-vrnjacka-banja-and-kraljevo\\\/\"},\"wordCount\":601,\"publisher\":{\"@id\":\"https:\\\/\\\/royalfamily.org\\\/#organization\"},\"image\":{\"@id\":\"https:\\\/\\\/royalfamily.org\\\/lat\\\/royal-couple-in-vrnjacka-banja-and-kraljevo\\\/#primaryimage\"},\"thumbnailUrl\":\"https:\\\/\\\/royalfamily.org\\\/wp-content\\\/uploads\\\/2015\\\/03\\\/01.jpg\",\"articleSection\":[\"Vesti\"],\"inLanguage\":\"sr-LT\"},{\"@type\":\"WebPage\",\"@id\":\"https:\\\/\\\/royalfamily.org\\\/lat\\\/royal-couple-in-vrnjacka-banja-and-kraljevo\\\/\",\"url\":\"https:\\\/\\\/royalfamily.org\\\/lat\\\/royal-couple-in-vrnjacka-banja-and-kraljevo\\\/\",\"name\":\"Kraljevski par u Vrnja\u010dkoj Banji i Kraljevu - The Royal Family of Serbia\",\"isPartOf\":{\"@id\":\"https:\\\/\\\/royalfamily.org\\\/#website\"},\"primaryImageOfPage\":{\"@id\":\"https:\\\/\\\/royalfamily.org\\\/lat\\\/royal-couple-in-vrnjacka-banja-and-kraljevo\\\/#primaryimage\"},\"image\":{\"@id\":\"https:\\\/\\\/royalfamily.org\\\/lat\\\/royal-couple-in-vrnjacka-banja-and-kraljevo\\\/#primaryimage\"},\"thumbnailUrl\":\"https:\\\/\\\/royalfamily.org\\\/wp-content\\\/uploads\\\/2015\\\/03\\\/01.jpg\",\"datePublished\":\"2015-03-29T05:08:58+00:00\",\"description\":\"Njihova Kraljevska Viso\u010danstva Prestolonaslednik Aleksandar i Princeza Katarina posetili su danas Vrnja\u010dku Banju i Kraljevo. Po dolasku u Vrnja\u010dku Banju\",\"breadcrumb\":{\"@id\":\"https:\\\/\\\/royalfamily.org\\\/lat\\\/royal-couple-in-vrnjacka-banja-and-kraljevo\\\/#breadcrumb\"},\"inLanguage\":\"sr-LT\",\"potentialAction\":[{\"@type\":\"ReadAction\",\"target\":[\"https:\\\/\\\/royalfamily.org\\\/lat\\\/royal-couple-in-vrnjacka-banja-and-kraljevo\\\/\"]}]},{\"@type\":\"ImageObject\",\"inLanguage\":\"sr-LT\",\"@id\":\"https:\\\/\\\/royalfamily.org\\\/lat\\\/royal-couple-in-vrnjacka-banja-and-kraljevo\\\/#primaryimage\",\"url\":\"https:\\\/\\\/royalfamily.org\\\/wp-content\\\/uploads\\\/2015\\\/03\\\/01.jpg\",\"contentUrl\":\"https:\\\/\\\/royalfamily.org\\\/wp-content\\\/uploads\\\/2015\\\/03\\\/01.jpg\",\"width\":740,\"height\":350},{\"@type\":\"BreadcrumbList\",\"@id\":\"https:\\\/\\\/royalfamily.org\\\/lat\\\/royal-couple-in-vrnjacka-banja-and-kraljevo\\\/#breadcrumb\",\"itemListElement\":[{\"@type\":\"ListItem\",\"position\":1,\"name\":\"Home\",\"item\":\"https:\\\/\\\/royalfamily.org\\\/lat\\\/\"},{\"@type\":\"ListItem\",\"position\":2,\"name\":\"Kraljevski par u Vrnja\u010dkoj Banji i Kraljevu\"}]},{\"@type\":\"WebSite\",\"@id\":\"https:\\\/\\\/royalfamily.org\\\/#website\",\"url\":\"https:\\\/\\\/royalfamily.org\\\/\",\"name\":\"The Royal Family of Serbia\",\"description\":\"From the people, for the people\",\"publisher\":{\"@id\":\"https:\\\/\\\/royalfamily.org\\\/#organization\"},\"potentialAction\":[{\"@type\":\"SearchAction\",\"target\":{\"@type\":\"EntryPoint\",\"urlTemplate\":\"https:\\\/\\\/royalfamily.org\\\/?s={search_term_string}\"},\"query-input\":{\"@type\":\"PropertyValueSpecification\",\"valueRequired\":true,\"valueName\":\"search_term_string\"}}],\"inLanguage\":\"sr-LT\"},{\"@type\":\"Organization\",\"@id\":\"https:\\\/\\\/royalfamily.org\\\/#organization\",\"name\":\"Royal Family\",\"url\":\"https:\\\/\\\/royalfamily.org\\\/\",\"logo\":{\"@type\":\"ImageObject\",\"inLanguage\":\"sr-LT\",\"@id\":\"https:\\\/\\\/royalfamily.org\\\/#\\\/schema\\\/logo\\\/image\\\/\",\"url\":\"https:\\\/\\\/royalfamily.org\\\/wp-content\\\/uploads\\\/2019\\\/04\\\/logo-vector-02-V-latinica.png\",\"contentUrl\":\"https:\\\/\\\/royalfamily.org\\\/wp-content\\\/uploads\\\/2019\\\/04\\\/logo-vector-02-V-latinica.png\",\"width\":552,\"height\":99,\"caption\":\"Royal Family\"},\"image\":{\"@id\":\"https:\\\/\\\/royalfamily.org\\\/#\\\/schema\\\/logo\\\/image\\\/\"},\"sameAs\":[\"https:\\\/\\\/www.facebook.com\\\/Prestolonaslednik.Aleksandar\"]},{\"@type\":\"Person\",\"@id\":\"https:\\\/\\\/royalfamily.org\\\/#\\\/schema\\\/person\\\/4ad3296a6a8a35eed333b6a785e9f648\",\"name\":\"Stefan Milanovic\",\"image\":{\"@type\":\"ImageObject\",\"inLanguage\":\"sr-LT\",\"@id\":\"https:\\\/\\\/secure.gravatar.com\\\/avatar\\\/92dcbdcf3e32112a9ceb1e41665b1f44c69382d014cacfe12c701f6af7c40259?s=96&d=mm&r=g\",\"url\":\"https:\\\/\\\/secure.gravatar.com\\\/avatar\\\/92dcbdcf3e32112a9ceb1e41665b1f44c69382d014cacfe12c701f6af7c40259?s=96&d=mm&r=g\",\"contentUrl\":\"https:\\\/\\\/secure.gravatar.com\\\/avatar\\\/92dcbdcf3e32112a9ceb1e41665b1f44c69382d014cacfe12c701f6af7c40259?s=96&d=mm&r=g\",\"caption\":\"Stefan Milanovic\"}}]}<\/script>\n<!-- \/ Yoast SEO Premium plugin. -->","yoast_head_json":{"title":"Kraljevski par u Vrnja\u010dkoj Banji i Kraljevu - The Royal Family of Serbia","description":"Njihova Kraljevska Viso\u010danstva Prestolonaslednik Aleksandar i Princeza Katarina posetili su danas Vrnja\u010dku Banju i Kraljevo. Po dolasku u Vrnja\u010dku Banju","robots":{"index":"index","follow":"follow","max-snippet":"max-snippet:-1","max-image-preview":"max-image-preview:large","max-video-preview":"max-video-preview:-1"},"canonical":"https:\/\/royalfamily.org\/lat\/royal-couple-in-vrnjacka-banja-and-kraljevo\/","og_locale":"en_US","og_type":"article","og_title":"Kraljevski par u Vrnja\u010dkoj Banji i Kraljevu","og_description":"Njihova Kraljevska Viso\u010danstva Prestolonaslednik Aleksandar i Princeza Katarina posetili su danas Vrnja\u010dku Banju i Kraljevo. Po dolasku u Vrnja\u010dku Banju","og_url":"https:\/\/royalfamily.org\/lat\/royal-couple-in-vrnjacka-banja-and-kraljevo\/","og_site_name":"The Royal Family of Serbia","article_publisher":"https:\/\/www.facebook.com\/Prestolonaslednik.Aleksandar","article_published_time":"2015-03-29T05:08:58+00:00","og_image":[{"width":740,"height":350,"url":"https:\/\/royalfamily.org\/wp-content\/uploads\/2015\/03\/01.jpg","type":"image\/jpeg"}],"author":"Stefan Milanovic","twitter_card":"summary_large_image","twitter_misc":{"Written by":"Stefan Milanovic","Est. reading time":"3 minutes"},"schema":{"@context":"https:\/\/schema.org","@graph":[{"@type":"Article","@id":"https:\/\/royalfamily.org\/lat\/royal-couple-in-vrnjacka-banja-and-kraljevo\/#article","isPartOf":{"@id":"https:\/\/royalfamily.org\/lat\/royal-couple-in-vrnjacka-banja-and-kraljevo\/"},"author":{"name":"Stefan Milanovic","@id":"https:\/\/royalfamily.org\/#\/schema\/person\/4ad3296a6a8a35eed333b6a785e9f648"},"headline":"Kraljevski par u Vrnja\u010dkoj Banji i Kraljevu","datePublished":"2015-03-29T05:08:58+00:00","mainEntityOfPage":{"@id":"https:\/\/royalfamily.org\/lat\/royal-couple-in-vrnjacka-banja-and-kraljevo\/"},"wordCount":601,"publisher":{"@id":"https:\/\/royalfamily.org\/#organization"},"image":{"@id":"https:\/\/royalfamily.org\/lat\/royal-couple-in-vrnjacka-banja-and-kraljevo\/#primaryimage"},"thumbnailUrl":"https:\/\/royalfamily.org\/wp-content\/uploads\/2015\/03\/01.jpg","articleSection":["Vesti"],"inLanguage":"sr-LT"},{"@type":"WebPage","@id":"https:\/\/royalfamily.org\/lat\/royal-couple-in-vrnjacka-banja-and-kraljevo\/","url":"https:\/\/royalfamily.org\/lat\/royal-couple-in-vrnjacka-banja-and-kraljevo\/","name":"Kraljevski par u Vrnja\u010dkoj Banji i Kraljevu - The Royal Family of Serbia","isPartOf":{"@id":"https:\/\/royalfamily.org\/#website"},"primaryImageOfPage":{"@id":"https:\/\/royalfamily.org\/lat\/royal-couple-in-vrnjacka-banja-and-kraljevo\/#primaryimage"},"image":{"@id":"https:\/\/royalfamily.org\/lat\/royal-couple-in-vrnjacka-banja-and-kraljevo\/#primaryimage"},"thumbnailUrl":"https:\/\/royalfamily.org\/wp-content\/uploads\/2015\/03\/01.jpg","datePublished":"2015-03-29T05:08:58+00:00","description":"Njihova Kraljevska Viso\u010danstva Prestolonaslednik Aleksandar i Princeza Katarina posetili su danas Vrnja\u010dku Banju i Kraljevo. Po dolasku u Vrnja\u010dku Banju","breadcrumb":{"@id":"https:\/\/royalfamily.org\/lat\/royal-couple-in-vrnjacka-banja-and-kraljevo\/#breadcrumb"},"inLanguage":"sr-LT","potentialAction":[{"@type":"ReadAction","target":["https:\/\/royalfamily.org\/lat\/royal-couple-in-vrnjacka-banja-and-kraljevo\/"]}]},{"@type":"ImageObject","inLanguage":"sr-LT","@id":"https:\/\/royalfamily.org\/lat\/royal-couple-in-vrnjacka-banja-and-kraljevo\/#primaryimage","url":"https:\/\/royalfamily.org\/wp-content\/uploads\/2015\/03\/01.jpg","contentUrl":"https:\/\/royalfamily.org\/wp-content\/uploads\/2015\/03\/01.jpg","width":740,"height":350},{"@type":"BreadcrumbList","@id":"https:\/\/royalfamily.org\/lat\/royal-couple-in-vrnjacka-banja-and-kraljevo\/#breadcrumb","itemListElement":[{"@type":"ListItem","position":1,"name":"Home","item":"https:\/\/royalfamily.org\/lat\/"},{"@type":"ListItem","position":2,"name":"Kraljevski par u Vrnja\u010dkoj Banji i Kraljevu"}]},{"@type":"WebSite","@id":"https:\/\/royalfamily.org\/#website","url":"https:\/\/royalfamily.org\/","name":"The Royal Family of Serbia","description":"From the people, for the people","publisher":{"@id":"https:\/\/royalfamily.org\/#organization"},"potentialAction":[{"@type":"SearchAction","target":{"@type":"EntryPoint","urlTemplate":"https:\/\/royalfamily.org\/?s={search_term_string}"},"query-input":{"@type":"PropertyValueSpecification","valueRequired":true,"valueName":"search_term_string"}}],"inLanguage":"sr-LT"},{"@type":"Organization","@id":"https:\/\/royalfamily.org\/#organization","name":"Royal Family","url":"https:\/\/royalfamily.org\/","logo":{"@type":"ImageObject","inLanguage":"sr-LT","@id":"https:\/\/royalfamily.org\/#\/schema\/logo\/image\/","url":"https:\/\/royalfamily.org\/wp-content\/uploads\/2019\/04\/logo-vector-02-V-latinica.png","contentUrl":"https:\/\/royalfamily.org\/wp-content\/uploads\/2019\/04\/logo-vector-02-V-latinica.png","width":552,"height":99,"caption":"Royal Family"},"image":{"@id":"https:\/\/royalfamily.org\/#\/schema\/logo\/image\/"},"sameAs":["https:\/\/www.facebook.com\/Prestolonaslednik.Aleksandar"]},{"@type":"Person","@id":"https:\/\/royalfamily.org\/#\/schema\/person\/4ad3296a6a8a35eed333b6a785e9f648","name":"Stefan Milanovic","image":{"@type":"ImageObject","inLanguage":"sr-LT","@id":"https:\/\/secure.gravatar.com\/avatar\/92dcbdcf3e32112a9ceb1e41665b1f44c69382d014cacfe12c701f6af7c40259?s=96&d=mm&r=g","url":"https:\/\/secure.gravatar.com\/avatar\/92dcbdcf3e32112a9ceb1e41665b1f44c69382d014cacfe12c701f6af7c40259?s=96&d=mm&r=g","contentUrl":"https:\/\/secure.gravatar.com\/avatar\/92dcbdcf3e32112a9ceb1e41665b1f44c69382d014cacfe12c701f6af7c40259?s=96&d=mm&r=g","caption":"Stefan Milanovic"}}]}},"_links":{"self":[{"href":"https:\/\/royalfamily.org\/lat\/wp-json\/wp\/v2\/posts\/16271","targetHints":{"allow":["GET"]}}],"collection":[{"href":"https:\/\/royalfamily.org\/lat\/wp-json\/wp\/v2\/posts"}],"about":[{"href":"https:\/\/royalfamily.org\/lat\/wp-json\/wp\/v2\/types\/post"}],"author":[{"embeddable":true,"href":"https:\/\/royalfamily.org\/lat\/wp-json\/wp\/v2\/users\/1001015"}],"replies":[{"embeddable":true,"href":"https:\/\/royalfamily.org\/lat\/wp-json\/wp\/v2\/comments?post=16271"}],"version-history":[{"count":0,"href":"https:\/\/royalfamily.org\/lat\/wp-json\/wp\/v2\/posts\/16271\/revisions"}],"wp:featuredmedia":[{"embeddable":true,"href":"https:\/\/royalfamily.org\/lat\/wp-json\/wp\/v2\/media\/16223"}],"wp:attachment":[{"href":"https:\/\/royalfamily.org\/lat\/wp-json\/wp\/v2\/media?parent=16271"}],"wp:term":[{"taxonomy":"category","embeddable":true,"href":"https:\/\/royalfamily.org\/lat\/wp-json\/wp\/v2\/categories?post=16271"},{"taxonomy":"post_tag","embeddable":true,"href":"https:\/\/royalfamily.org\/lat\/wp-json\/wp\/v2\/tags?post=16271"}],"curies":[{"name":"wp","href":"https:\/\/api.w.org\/{rel}","templated":true}]}}