{"id":16292,"date":"2015-03-30T15:36:26","date_gmt":"2015-03-30T15:36:26","guid":{"rendered":"https:\/\/royalfamily.org\/sensory-room-and-interactive-board-gifts-of-princess-katherine-foundation-to-the-school-for-special-education-ivo-lola-ribar-in-kraljevo-2\/"},"modified":"2015-03-30T15:36:26","modified_gmt":"2015-03-30T15:36:26","slug":"sensory-room-and-interactive-board-gifts-of-princess-katherine-foundation-to-the-school-for-special-education-ivo-lola-ribar-in-kraljevo","status":"publish","type":"post","link":"https:\/\/royalfamily.org\/lat\/sensory-room-and-interactive-board-gifts-of-princess-katherine-foundation-to-the-school-for-special-education-ivo-lola-ribar-in-kraljevo\/","title":{"rendered":"Senzorna soba i Interaktivna tabla dar Princeze Katarine \u0161koli za specijalno obrazovanje \u201cIvo Lola Ribar\u201d u Kraljevu"},"content":{"rendered":"<p><strong>Prestolonaslednik Aleksandar i Princeza Katarina posetili su proteklog vikenda Kraljevo. Ovo je bila druga poseta Njihovih Kraljevskih Viso\u010danstava Kraljevu u poslednja dva meseca. Prilikom pretposlednje posete Kraljevu, Princeza Katarina posetila je i \u0161kolu za specijalno osnovno obrazovanje \u201cIvo Lola Ribar\u201d i poklonila im interaktivnu tablu<\/strong> <strong>koja je obezbe\u0111ena zahvaljuju\u0107i humanitarnoj organizaciji Lajflajn Njujork, koja se nalazi pod pokroviteljstvom Princeze Katarine. Ovoga puta, Princeza Katarina je zajedno sa Nj.K.V. Prestolonaslednikom Aleksandrom i g-\u0111om Marianom Mini\u0107,<\/strong> <strong>direktorkom \u0161kole, zvani\u010dno otvorila i senzornu sobu u okviru ove obrazovne institucije.<\/strong><\/p>\n<p>Nj.K.V. Princeza Katarina se obratila u\u010denicima, njihovim roditeljima i nastavnicima, i istakla: \u201eMoj suprug Prestolonaslednik Aleksandar i ja smo sre\u0107ni \u0161to smo ponovo do\u0161li u va\u0161u \u0161kolu da vam uru\u010dimo obe\u0107anu senzornu sobu. Ovaj vredan poklon smo obezbedili zahvaljuju\u0107i donacijama Lajflajn Njujork prikupljenim na humanitanim doga\u0111ajima koje smo imali na Floridi u februaru ove godine. \u017delim da im se zahvalim na humanosti i dobroj volji koju godinama pokazuju poma\u017eu\u0107i na\u0161em narodu. Sigurna sam da \u0107e vam ova vredna donacija omogu\u0107iti da br\u017ee i lak\u0161e u\u010dite i da \u0107ete je vi i va\u0161i nastavnici koristiti sa zadovoljstvom. Draga deco vi ste na\u0161a budu\u0107nost i uvek ste u na\u0161im srcima. Moj suprug Prestolonaslednik Aleksandar i ja nastavi\u0107emo da poma\u017eemo op\u0161tinu Kraljevo, i druge op\u0161tine u Srbiji uz pomo\u0107 na\u0161ih plemenitih prijatelja, kao i do sada\u201c, naglasila je Princeza Katarina.<\/p>\n<p><a href=\"https:\/\/royalfamily.org\/wp-content\/uploads\/2015\/03\/IMG_8095m.jpg\"><img decoding=\"async\" class=\"alignnone wp-image-16287 size-thumbnail\" src=\"https:\/\/royalfamily.org\/wp-content\/uploads\/2015\/03\/IMG_8095m-150x150.jpg\" alt=\"Prestolonaslednik Aleksandar sa jednim od u\u010denika \u0161kole za specijalno osnovno obrazovanje Ivo Lola Ribar u Kraljevu\" width=\"150\" height=\"150\" srcset=\"https:\/\/royalfamily.org\/wp-content\/uploads\/2015\/03\/IMG_8095m-50x50.jpg 50w, https:\/\/royalfamily.org\/wp-content\/uploads\/2015\/03\/IMG_8095m-95x95.jpg 95w, https:\/\/royalfamily.org\/wp-content\/uploads\/2015\/03\/IMG_8095m-110x110.jpg 110w, https:\/\/royalfamily.org\/wp-content\/uploads\/2015\/03\/IMG_8095m-150x150.jpg 150w, https:\/\/royalfamily.org\/wp-content\/uploads\/2015\/03\/IMG_8095m-200x200.jpg 200w\" sizes=\"(max-width: 150px) 100vw, 150px\" \/><\/a> <a href=\"https:\/\/royalfamily.org\/wp-content\/uploads\/2015\/03\/IMG_8072m1.jpg\"><img decoding=\"async\" class=\"alignnone wp-image-16284 size-thumbnail\" src=\"https:\/\/royalfamily.org\/wp-content\/uploads\/2015\/03\/IMG_8072m1-150x150.jpg\" alt=\"Kraljevski par sa u\u010denicima \u0161kole za specijalno obrazovanje Ivo Lola Ribar u senzornoj sobi\" width=\"150\" height=\"150\" srcset=\"https:\/\/royalfamily.org\/wp-content\/uploads\/2015\/03\/IMG_8072m1-50x50.jpg 50w, https:\/\/royalfamily.org\/wp-content\/uploads\/2015\/03\/IMG_8072m1-95x95.jpg 95w, https:\/\/royalfamily.org\/wp-content\/uploads\/2015\/03\/IMG_8072m1-110x110.jpg 110w, https:\/\/royalfamily.org\/wp-content\/uploads\/2015\/03\/IMG_8072m1-150x150.jpg 150w, https:\/\/royalfamily.org\/wp-content\/uploads\/2015\/03\/IMG_8072m1-200x200.jpg 200w\" sizes=\"(max-width: 150px) 100vw, 150px\" \/><\/a> <a href=\"https:\/\/royalfamily.org\/wp-content\/uploads\/2015\/03\/IMG_8058m.jpg\"><img decoding=\"async\" class=\"alignnone wp-image-16281 size-thumbnail\" src=\"https:\/\/royalfamily.org\/wp-content\/uploads\/2015\/03\/IMG_8058m-150x150.jpg\" alt=\"Kraljevski par sa u\u010denicima \u0161kole za specijalno obrazovanje Ivo Lola Ribar u senzornoj sobi\" width=\"150\" height=\"150\" srcset=\"https:\/\/royalfamily.org\/wp-content\/uploads\/2015\/03\/IMG_8058m-50x50.jpg 50w, https:\/\/royalfamily.org\/wp-content\/uploads\/2015\/03\/IMG_8058m-95x95.jpg 95w, https:\/\/royalfamily.org\/wp-content\/uploads\/2015\/03\/IMG_8058m-110x110.jpg 110w, https:\/\/royalfamily.org\/wp-content\/uploads\/2015\/03\/IMG_8058m-150x150.jpg 150w, https:\/\/royalfamily.org\/wp-content\/uploads\/2015\/03\/IMG_8058m-200x200.jpg 200w\" sizes=\"(max-width: 150px) 100vw, 150px\" \/><\/a><\/p>\n","protected":false},"excerpt":{"rendered":"<p>Prestolonaslednik Aleksandar i Princeza Katarina posetili su proteklog vikenda Kraljevo. Ovo je bila druga poseta  [&#8230;]<\/p>\n","protected":false},"author":1001015,"featured_media":16280,"comment_status":"closed","ping_status":"closed","sticky":false,"template":"","format":"standard","meta":{"_acf_changed":false,"footnotes":""},"categories":[22],"tags":[],"class_list":["post-16292","post","type-post","status-publish","format-standard","has-post-thumbnail","hentry","category-vesti"],"acf":[],"yoast_head":"<!-- This site is optimized with the Yoast SEO Premium plugin v27.5 (Yoast SEO v27.5) - https:\/\/yoast.com\/product\/yoast-seo-premium-wordpress\/ -->\n<title>Senzorna soba i Interaktivna tabla dar Princeze Katarine \u0161koli za specijalno obrazovanje \u201cIvo Lola Ribar\u201d u Kraljevu - The Royal Family of Serbia<\/title>\n<meta name=\"description\" content=\"Prestolonaslednik Aleksandar i Princeza Katarina posetili su proteklog vikenda Kraljevo. Ovo je bila druga poseta Njihovih Kraljevskih Viso\u010danstava\" \/>\n<meta name=\"robots\" content=\"index, follow, max-snippet:-1, max-image-preview:large, max-video-preview:-1\" \/>\n<link rel=\"canonical\" href=\"https:\/\/royalfamily.org\/lat\/sensory-room-and-interactive-board-gifts-of-princess-katherine-foundation-to-the-school-for-special-education-ivo-lola-ribar-in-kraljevo\/\" \/>\n<meta property=\"og:locale\" content=\"en_US\" \/>\n<meta property=\"og:type\" content=\"article\" \/>\n<meta property=\"og:title\" content=\"Senzorna soba i Interaktivna tabla dar Princeze Katarine \u0161koli za specijalno obrazovanje \u201cIvo Lola Ribar\u201d u Kraljevu\" \/>\n<meta property=\"og:description\" content=\"Prestolonaslednik Aleksandar i Princeza Katarina posetili su proteklog vikenda Kraljevo. Ovo je bila druga poseta Njihovih Kraljevskih Viso\u010danstava\" \/>\n<meta property=\"og:url\" content=\"https:\/\/royalfamily.org\/lat\/sensory-room-and-interactive-board-gifts-of-princess-katherine-foundation-to-the-school-for-special-education-ivo-lola-ribar-in-kraljevo\/\" \/>\n<meta property=\"og:site_name\" content=\"The Royal Family of Serbia\" \/>\n<meta property=\"article:publisher\" content=\"https:\/\/www.facebook.com\/Prestolonaslednik.Aleksandar\" \/>\n<meta property=\"article:published_time\" content=\"2015-03-30T15:36:26+00:00\" \/>\n<meta property=\"og:image\" content=\"https:\/\/royalfamily.org\/wp-content\/uploads\/2015\/03\/IMG_8001m1.jpg\" \/>\n\t<meta property=\"og:image:width\" content=\"740\" \/>\n\t<meta property=\"og:image:height\" content=\"350\" \/>\n\t<meta property=\"og:image:type\" content=\"image\/jpeg\" \/>\n<meta name=\"author\" content=\"Stefan Milanovic\" \/>\n<meta name=\"twitter:card\" content=\"summary_large_image\" \/>\n<meta name=\"twitter:label1\" content=\"Written by\" \/>\n\t<meta name=\"twitter:data1\" content=\"Stefan Milanovic\" \/>\n\t<meta name=\"twitter:label2\" content=\"Est. reading time\" \/>\n\t<meta name=\"twitter:data2\" content=\"1 minute\" \/>\n<script type=\"application\/ld+json\" class=\"yoast-schema-graph\">{\"@context\":\"https:\\\/\\\/schema.org\",\"@graph\":[{\"@type\":\"Article\",\"@id\":\"https:\\\/\\\/royalfamily.org\\\/lat\\\/sensory-room-and-interactive-board-gifts-of-princess-katherine-foundation-to-the-school-for-special-education-ivo-lola-ribar-in-kraljevo\\\/#article\",\"isPartOf\":{\"@id\":\"https:\\\/\\\/royalfamily.org\\\/lat\\\/sensory-room-and-interactive-board-gifts-of-princess-katherine-foundation-to-the-school-for-special-education-ivo-lola-ribar-in-kraljevo\\\/\"},\"author\":{\"name\":\"Stefan Milanovic\",\"@id\":\"https:\\\/\\\/royalfamily.org\\\/#\\\/schema\\\/person\\\/4ad3296a6a8a35eed333b6a785e9f648\"},\"headline\":\"Senzorna soba i Interaktivna tabla dar Princeze Katarine \u0161koli za specijalno obrazovanje \u201cIvo Lola Ribar\u201d u Kraljevu\",\"datePublished\":\"2015-03-30T15:36:26+00:00\",\"mainEntityOfPage\":{\"@id\":\"https:\\\/\\\/royalfamily.org\\\/lat\\\/sensory-room-and-interactive-board-gifts-of-princess-katherine-foundation-to-the-school-for-special-education-ivo-lola-ribar-in-kraljevo\\\/\"},\"wordCount\":273,\"publisher\":{\"@id\":\"https:\\\/\\\/royalfamily.org\\\/#organization\"},\"image\":{\"@id\":\"https:\\\/\\\/royalfamily.org\\\/lat\\\/sensory-room-and-interactive-board-gifts-of-princess-katherine-foundation-to-the-school-for-special-education-ivo-lola-ribar-in-kraljevo\\\/#primaryimage\"},\"thumbnailUrl\":\"https:\\\/\\\/royalfamily.org\\\/wp-content\\\/uploads\\\/2015\\\/03\\\/IMG_8001m1.jpg\",\"articleSection\":[\"Vesti\"],\"inLanguage\":\"sr-LT\"},{\"@type\":\"WebPage\",\"@id\":\"https:\\\/\\\/royalfamily.org\\\/lat\\\/sensory-room-and-interactive-board-gifts-of-princess-katherine-foundation-to-the-school-for-special-education-ivo-lola-ribar-in-kraljevo\\\/\",\"url\":\"https:\\\/\\\/royalfamily.org\\\/lat\\\/sensory-room-and-interactive-board-gifts-of-princess-katherine-foundation-to-the-school-for-special-education-ivo-lola-ribar-in-kraljevo\\\/\",\"name\":\"Senzorna soba i Interaktivna tabla dar Princeze Katarine \u0161koli za specijalno obrazovanje \u201cIvo Lola Ribar\u201d u Kraljevu - The Royal Family of Serbia\",\"isPartOf\":{\"@id\":\"https:\\\/\\\/royalfamily.org\\\/#website\"},\"primaryImageOfPage\":{\"@id\":\"https:\\\/\\\/royalfamily.org\\\/lat\\\/sensory-room-and-interactive-board-gifts-of-princess-katherine-foundation-to-the-school-for-special-education-ivo-lola-ribar-in-kraljevo\\\/#primaryimage\"},\"image\":{\"@id\":\"https:\\\/\\\/royalfamily.org\\\/lat\\\/sensory-room-and-interactive-board-gifts-of-princess-katherine-foundation-to-the-school-for-special-education-ivo-lola-ribar-in-kraljevo\\\/#primaryimage\"},\"thumbnailUrl\":\"https:\\\/\\\/royalfamily.org\\\/wp-content\\\/uploads\\\/2015\\\/03\\\/IMG_8001m1.jpg\",\"datePublished\":\"2015-03-30T15:36:26+00:00\",\"description\":\"Prestolonaslednik Aleksandar i Princeza Katarina posetili su proteklog vikenda Kraljevo. Ovo je bila druga poseta Njihovih Kraljevskih Viso\u010danstava\",\"breadcrumb\":{\"@id\":\"https:\\\/\\\/royalfamily.org\\\/lat\\\/sensory-room-and-interactive-board-gifts-of-princess-katherine-foundation-to-the-school-for-special-education-ivo-lola-ribar-in-kraljevo\\\/#breadcrumb\"},\"inLanguage\":\"sr-LT\",\"potentialAction\":[{\"@type\":\"ReadAction\",\"target\":[\"https:\\\/\\\/royalfamily.org\\\/lat\\\/sensory-room-and-interactive-board-gifts-of-princess-katherine-foundation-to-the-school-for-special-education-ivo-lola-ribar-in-kraljevo\\\/\"]}]},{\"@type\":\"ImageObject\",\"inLanguage\":\"sr-LT\",\"@id\":\"https:\\\/\\\/royalfamily.org\\\/lat\\\/sensory-room-and-interactive-board-gifts-of-princess-katherine-foundation-to-the-school-for-special-education-ivo-lola-ribar-in-kraljevo\\\/#primaryimage\",\"url\":\"https:\\\/\\\/royalfamily.org\\\/wp-content\\\/uploads\\\/2015\\\/03\\\/IMG_8001m1.jpg\",\"contentUrl\":\"https:\\\/\\\/royalfamily.org\\\/wp-content\\\/uploads\\\/2015\\\/03\\\/IMG_8001m1.jpg\",\"width\":740,\"height\":350},{\"@type\":\"BreadcrumbList\",\"@id\":\"https:\\\/\\\/royalfamily.org\\\/lat\\\/sensory-room-and-interactive-board-gifts-of-princess-katherine-foundation-to-the-school-for-special-education-ivo-lola-ribar-in-kraljevo\\\/#breadcrumb\",\"itemListElement\":[{\"@type\":\"ListItem\",\"position\":1,\"name\":\"Home\",\"item\":\"https:\\\/\\\/royalfamily.org\\\/lat\\\/\"},{\"@type\":\"ListItem\",\"position\":2,\"name\":\"Senzorna soba i Interaktivna tabla dar Princeze Katarine \u0161koli za specijalno obrazovanje \u201cIvo Lola Ribar\u201d u Kraljevu\"}]},{\"@type\":\"WebSite\",\"@id\":\"https:\\\/\\\/royalfamily.org\\\/#website\",\"url\":\"https:\\\/\\\/royalfamily.org\\\/\",\"name\":\"The Royal Family of Serbia\",\"description\":\"From the people, for the people\",\"publisher\":{\"@id\":\"https:\\\/\\\/royalfamily.org\\\/#organization\"},\"potentialAction\":[{\"@type\":\"SearchAction\",\"target\":{\"@type\":\"EntryPoint\",\"urlTemplate\":\"https:\\\/\\\/royalfamily.org\\\/?s={search_term_string}\"},\"query-input\":{\"@type\":\"PropertyValueSpecification\",\"valueRequired\":true,\"valueName\":\"search_term_string\"}}],\"inLanguage\":\"sr-LT\"},{\"@type\":\"Organization\",\"@id\":\"https:\\\/\\\/royalfamily.org\\\/#organization\",\"name\":\"Royal Family\",\"url\":\"https:\\\/\\\/royalfamily.org\\\/\",\"logo\":{\"@type\":\"ImageObject\",\"inLanguage\":\"sr-LT\",\"@id\":\"https:\\\/\\\/royalfamily.org\\\/#\\\/schema\\\/logo\\\/image\\\/\",\"url\":\"https:\\\/\\\/royalfamily.org\\\/wp-content\\\/uploads\\\/2019\\\/04\\\/logo-vector-02-V-latinica.png\",\"contentUrl\":\"https:\\\/\\\/royalfamily.org\\\/wp-content\\\/uploads\\\/2019\\\/04\\\/logo-vector-02-V-latinica.png\",\"width\":552,\"height\":99,\"caption\":\"Royal Family\"},\"image\":{\"@id\":\"https:\\\/\\\/royalfamily.org\\\/#\\\/schema\\\/logo\\\/image\\\/\"},\"sameAs\":[\"https:\\\/\\\/www.facebook.com\\\/Prestolonaslednik.Aleksandar\"]},{\"@type\":\"Person\",\"@id\":\"https:\\\/\\\/royalfamily.org\\\/#\\\/schema\\\/person\\\/4ad3296a6a8a35eed333b6a785e9f648\",\"name\":\"Stefan Milanovic\",\"image\":{\"@type\":\"ImageObject\",\"inLanguage\":\"sr-LT\",\"@id\":\"https:\\\/\\\/secure.gravatar.com\\\/avatar\\\/92dcbdcf3e32112a9ceb1e41665b1f44c69382d014cacfe12c701f6af7c40259?s=96&d=mm&r=g\",\"url\":\"https:\\\/\\\/secure.gravatar.com\\\/avatar\\\/92dcbdcf3e32112a9ceb1e41665b1f44c69382d014cacfe12c701f6af7c40259?s=96&d=mm&r=g\",\"contentUrl\":\"https:\\\/\\\/secure.gravatar.com\\\/avatar\\\/92dcbdcf3e32112a9ceb1e41665b1f44c69382d014cacfe12c701f6af7c40259?s=96&d=mm&r=g\",\"caption\":\"Stefan Milanovic\"}}]}<\/script>\n<!-- \/ Yoast SEO Premium plugin. -->","yoast_head_json":{"title":"Senzorna soba i Interaktivna tabla dar Princeze Katarine \u0161koli za specijalno obrazovanje \u201cIvo Lola Ribar\u201d u Kraljevu - The Royal Family of Serbia","description":"Prestolonaslednik Aleksandar i Princeza Katarina posetili su proteklog vikenda Kraljevo. Ovo je bila druga poseta Njihovih Kraljevskih Viso\u010danstava","robots":{"index":"index","follow":"follow","max-snippet":"max-snippet:-1","max-image-preview":"max-image-preview:large","max-video-preview":"max-video-preview:-1"},"canonical":"https:\/\/royalfamily.org\/lat\/sensory-room-and-interactive-board-gifts-of-princess-katherine-foundation-to-the-school-for-special-education-ivo-lola-ribar-in-kraljevo\/","og_locale":"en_US","og_type":"article","og_title":"Senzorna soba i Interaktivna tabla dar Princeze Katarine \u0161koli za specijalno obrazovanje \u201cIvo Lola Ribar\u201d u Kraljevu","og_description":"Prestolonaslednik Aleksandar i Princeza Katarina posetili su proteklog vikenda Kraljevo. Ovo je bila druga poseta Njihovih Kraljevskih Viso\u010danstava","og_url":"https:\/\/royalfamily.org\/lat\/sensory-room-and-interactive-board-gifts-of-princess-katherine-foundation-to-the-school-for-special-education-ivo-lola-ribar-in-kraljevo\/","og_site_name":"The Royal Family of Serbia","article_publisher":"https:\/\/www.facebook.com\/Prestolonaslednik.Aleksandar","article_published_time":"2015-03-30T15:36:26+00:00","og_image":[{"width":740,"height":350,"url":"https:\/\/royalfamily.org\/wp-content\/uploads\/2015\/03\/IMG_8001m1.jpg","type":"image\/jpeg"}],"author":"Stefan Milanovic","twitter_card":"summary_large_image","twitter_misc":{"Written by":"Stefan Milanovic","Est. reading time":"1 minute"},"schema":{"@context":"https:\/\/schema.org","@graph":[{"@type":"Article","@id":"https:\/\/royalfamily.org\/lat\/sensory-room-and-interactive-board-gifts-of-princess-katherine-foundation-to-the-school-for-special-education-ivo-lola-ribar-in-kraljevo\/#article","isPartOf":{"@id":"https:\/\/royalfamily.org\/lat\/sensory-room-and-interactive-board-gifts-of-princess-katherine-foundation-to-the-school-for-special-education-ivo-lola-ribar-in-kraljevo\/"},"author":{"name":"Stefan Milanovic","@id":"https:\/\/royalfamily.org\/#\/schema\/person\/4ad3296a6a8a35eed333b6a785e9f648"},"headline":"Senzorna soba i Interaktivna tabla dar Princeze Katarine \u0161koli za specijalno obrazovanje \u201cIvo Lola Ribar\u201d u Kraljevu","datePublished":"2015-03-30T15:36:26+00:00","mainEntityOfPage":{"@id":"https:\/\/royalfamily.org\/lat\/sensory-room-and-interactive-board-gifts-of-princess-katherine-foundation-to-the-school-for-special-education-ivo-lola-ribar-in-kraljevo\/"},"wordCount":273,"publisher":{"@id":"https:\/\/royalfamily.org\/#organization"},"image":{"@id":"https:\/\/royalfamily.org\/lat\/sensory-room-and-interactive-board-gifts-of-princess-katherine-foundation-to-the-school-for-special-education-ivo-lola-ribar-in-kraljevo\/#primaryimage"},"thumbnailUrl":"https:\/\/royalfamily.org\/wp-content\/uploads\/2015\/03\/IMG_8001m1.jpg","articleSection":["Vesti"],"inLanguage":"sr-LT"},{"@type":"WebPage","@id":"https:\/\/royalfamily.org\/lat\/sensory-room-and-interactive-board-gifts-of-princess-katherine-foundation-to-the-school-for-special-education-ivo-lola-ribar-in-kraljevo\/","url":"https:\/\/royalfamily.org\/lat\/sensory-room-and-interactive-board-gifts-of-princess-katherine-foundation-to-the-school-for-special-education-ivo-lola-ribar-in-kraljevo\/","name":"Senzorna soba i Interaktivna tabla dar Princeze Katarine \u0161koli za specijalno obrazovanje \u201cIvo Lola Ribar\u201d u Kraljevu - The Royal Family of Serbia","isPartOf":{"@id":"https:\/\/royalfamily.org\/#website"},"primaryImageOfPage":{"@id":"https:\/\/royalfamily.org\/lat\/sensory-room-and-interactive-board-gifts-of-princess-katherine-foundation-to-the-school-for-special-education-ivo-lola-ribar-in-kraljevo\/#primaryimage"},"image":{"@id":"https:\/\/royalfamily.org\/lat\/sensory-room-and-interactive-board-gifts-of-princess-katherine-foundation-to-the-school-for-special-education-ivo-lola-ribar-in-kraljevo\/#primaryimage"},"thumbnailUrl":"https:\/\/royalfamily.org\/wp-content\/uploads\/2015\/03\/IMG_8001m1.jpg","datePublished":"2015-03-30T15:36:26+00:00","description":"Prestolonaslednik Aleksandar i Princeza Katarina posetili su proteklog vikenda Kraljevo. Ovo je bila druga poseta Njihovih Kraljevskih Viso\u010danstava","breadcrumb":{"@id":"https:\/\/royalfamily.org\/lat\/sensory-room-and-interactive-board-gifts-of-princess-katherine-foundation-to-the-school-for-special-education-ivo-lola-ribar-in-kraljevo\/#breadcrumb"},"inLanguage":"sr-LT","potentialAction":[{"@type":"ReadAction","target":["https:\/\/royalfamily.org\/lat\/sensory-room-and-interactive-board-gifts-of-princess-katherine-foundation-to-the-school-for-special-education-ivo-lola-ribar-in-kraljevo\/"]}]},{"@type":"ImageObject","inLanguage":"sr-LT","@id":"https:\/\/royalfamily.org\/lat\/sensory-room-and-interactive-board-gifts-of-princess-katherine-foundation-to-the-school-for-special-education-ivo-lola-ribar-in-kraljevo\/#primaryimage","url":"https:\/\/royalfamily.org\/wp-content\/uploads\/2015\/03\/IMG_8001m1.jpg","contentUrl":"https:\/\/royalfamily.org\/wp-content\/uploads\/2015\/03\/IMG_8001m1.jpg","width":740,"height":350},{"@type":"BreadcrumbList","@id":"https:\/\/royalfamily.org\/lat\/sensory-room-and-interactive-board-gifts-of-princess-katherine-foundation-to-the-school-for-special-education-ivo-lola-ribar-in-kraljevo\/#breadcrumb","itemListElement":[{"@type":"ListItem","position":1,"name":"Home","item":"https:\/\/royalfamily.org\/lat\/"},{"@type":"ListItem","position":2,"name":"Senzorna soba i Interaktivna tabla dar Princeze Katarine \u0161koli za specijalno obrazovanje \u201cIvo Lola Ribar\u201d u Kraljevu"}]},{"@type":"WebSite","@id":"https:\/\/royalfamily.org\/#website","url":"https:\/\/royalfamily.org\/","name":"The Royal Family of Serbia","description":"From the people, for the people","publisher":{"@id":"https:\/\/royalfamily.org\/#organization"},"potentialAction":[{"@type":"SearchAction","target":{"@type":"EntryPoint","urlTemplate":"https:\/\/royalfamily.org\/?s={search_term_string}"},"query-input":{"@type":"PropertyValueSpecification","valueRequired":true,"valueName":"search_term_string"}}],"inLanguage":"sr-LT"},{"@type":"Organization","@id":"https:\/\/royalfamily.org\/#organization","name":"Royal Family","url":"https:\/\/royalfamily.org\/","logo":{"@type":"ImageObject","inLanguage":"sr-LT","@id":"https:\/\/royalfamily.org\/#\/schema\/logo\/image\/","url":"https:\/\/royalfamily.org\/wp-content\/uploads\/2019\/04\/logo-vector-02-V-latinica.png","contentUrl":"https:\/\/royalfamily.org\/wp-content\/uploads\/2019\/04\/logo-vector-02-V-latinica.png","width":552,"height":99,"caption":"Royal Family"},"image":{"@id":"https:\/\/royalfamily.org\/#\/schema\/logo\/image\/"},"sameAs":["https:\/\/www.facebook.com\/Prestolonaslednik.Aleksandar"]},{"@type":"Person","@id":"https:\/\/royalfamily.org\/#\/schema\/person\/4ad3296a6a8a35eed333b6a785e9f648","name":"Stefan Milanovic","image":{"@type":"ImageObject","inLanguage":"sr-LT","@id":"https:\/\/secure.gravatar.com\/avatar\/92dcbdcf3e32112a9ceb1e41665b1f44c69382d014cacfe12c701f6af7c40259?s=96&d=mm&r=g","url":"https:\/\/secure.gravatar.com\/avatar\/92dcbdcf3e32112a9ceb1e41665b1f44c69382d014cacfe12c701f6af7c40259?s=96&d=mm&r=g","contentUrl":"https:\/\/secure.gravatar.com\/avatar\/92dcbdcf3e32112a9ceb1e41665b1f44c69382d014cacfe12c701f6af7c40259?s=96&d=mm&r=g","caption":"Stefan Milanovic"}}]}},"_links":{"self":[{"href":"https:\/\/royalfamily.org\/lat\/wp-json\/wp\/v2\/posts\/16292","targetHints":{"allow":["GET"]}}],"collection":[{"href":"https:\/\/royalfamily.org\/lat\/wp-json\/wp\/v2\/posts"}],"about":[{"href":"https:\/\/royalfamily.org\/lat\/wp-json\/wp\/v2\/types\/post"}],"author":[{"embeddable":true,"href":"https:\/\/royalfamily.org\/lat\/wp-json\/wp\/v2\/users\/1001015"}],"replies":[{"embeddable":true,"href":"https:\/\/royalfamily.org\/lat\/wp-json\/wp\/v2\/comments?post=16292"}],"version-history":[{"count":0,"href":"https:\/\/royalfamily.org\/lat\/wp-json\/wp\/v2\/posts\/16292\/revisions"}],"wp:featuredmedia":[{"embeddable":true,"href":"https:\/\/royalfamily.org\/lat\/wp-json\/wp\/v2\/media\/16280"}],"wp:attachment":[{"href":"https:\/\/royalfamily.org\/lat\/wp-json\/wp\/v2\/media?parent=16292"}],"wp:term":[{"taxonomy":"category","embeddable":true,"href":"https:\/\/royalfamily.org\/lat\/wp-json\/wp\/v2\/categories?post=16292"},{"taxonomy":"post_tag","embeddable":true,"href":"https:\/\/royalfamily.org\/lat\/wp-json\/wp\/v2\/tags?post=16292"}],"curies":[{"name":"wp","href":"https:\/\/api.w.org\/{rel}","templated":true}]}}