{"id":19171,"date":"2015-04-01T16:40:23","date_gmt":"2015-04-01T16:40:23","guid":{"rendered":"https:\/\/royalfamily.org\/crown-prince-and-crown-princess-45th-anniversary-of-rtv-studio-b-2\/"},"modified":"2015-04-01T16:40:23","modified_gmt":"2015-04-01T16:40:23","slug":"crown-prince-and-crown-princess-45th-anniversary-of-rtv-studio-b","status":"publish","type":"post","link":"https:\/\/royalfamily.org\/lat\/crown-prince-and-crown-princess-45th-anniversary-of-rtv-studio-b\/","title":{"rendered":"Prestolonaslednik i Princeza na proslavi 45. ro\u0111endana RTV Studio B"},"content":{"rendered":"<p><strong>Njihova Kraljevska Viso\u010danstva Prestolonaslednik Aleksandar i Princeza Katarina prisustvovali su dana u Starom dvoru proslavi 45. ro\u0111endana RTV Studio B.<\/strong><\/p>\n<p>&#8220;Studio B je tokom proteklih 45 godina bio simbol Beograda, a ja Vam \u017eelim da to ostane i dalje, a da u isto vreme budete mla\u0111i, moderniji i nezavisniji nego ikad\u201d \u2013 istakao je Prestolonaslednik Aleksandar u \u010destitki koju je uputio g-\u0111i Ivani Vu\u010di\u0107evi\u0107, direktorki i glavnoj i odgovornoj urednici Studija B.<\/p>\n<p>Direktorka Studija B, g-\u0111a Ivana Vu\u010di\u0107evi\u0107 navela je da ta medijska ku\u0107a Beogra\u0111anima mnogo zna\u010di, ali da je uvek najvi\u0161e brinula o najmla\u0111im i najstarijim sugra\u0111anima \u0161to \u0107e i ubudu\u0107e biti slu\u010daj.<\/p>\n<p>Pored Kraljevskog para sve\u010danosti u Starom Dvoru prisustvovali su i Nj.E. g-din Bratislav Ga\u0161i\u0107, minister odbrane, Nj.E. g-din Neboj\u0161a Stefanovi\u0107, minister unutra\u0161njih poslova, g-din Sini\u0161a Mali, gradona\u010delnik Beograda, g-din Goran Vesi\u0107, gradski menad\u017eer grada Beograda, kao i veliki broj predstavnika kulturnog i javnog \u017eivota Srbije.<\/p>\n<p>U okviru sve\u010danosti uru\u010dena je i tradicionalna nagrada \u201cNaj Beogra\u0111anin\u201d koja se tradicionalno dodeljuje pojedincima ili timovima ljudi koji su unapredili \u017eivot u Beogradu. Ovogodi\u0161nji dobitnik ove presti\u017ene nagrade je g-din Radoje Simi\u0107, direktor Instituta za majku i dete \u201dDr Vukan \u010cupi\u0107\u201d.<\/p>\n<p><a href=\"https:\/\/royalfamily.org\/wp-content\/uploads\/2015\/04\/1.jpg\"><img decoding=\"async\" class=\"alignnone wp-image-19163 size-thumbnail\" src=\"https:\/\/royalfamily.org\/wp-content\/uploads\/2015\/04\/1-150x150.jpg\" alt=\"Njihova Kraljevska Viso\u010danstva Prestolonaslednik Aleksandar i Princeza Katarina sa kolektivom RTV Studio B\" width=\"150\" height=\"150\" srcset=\"https:\/\/royalfamily.org\/wp-content\/uploads\/2015\/04\/1-50x50.jpg 50w, https:\/\/royalfamily.org\/wp-content\/uploads\/2015\/04\/1-95x95.jpg 95w, https:\/\/royalfamily.org\/wp-content\/uploads\/2015\/04\/1-110x110.jpg 110w, https:\/\/royalfamily.org\/wp-content\/uploads\/2015\/04\/1-150x150.jpg 150w, https:\/\/royalfamily.org\/wp-content\/uploads\/2015\/04\/1-200x200.jpg 200w\" sizes=\"(max-width: 150px) 100vw, 150px\" \/><\/a><\/p>\n","protected":false},"excerpt":{"rendered":"<p>Njihova Kraljevska Viso\u010danstva Prestolonaslednik Aleksandar i Princeza Katarina prisustvovali su dana u Starom dvoru proslavi  [&#8230;]<\/p>\n","protected":false},"author":1001015,"featured_media":19166,"comment_status":"closed","ping_status":"closed","sticky":false,"template":"","format":"standard","meta":{"_acf_changed":false,"footnotes":""},"categories":[22],"tags":[],"class_list":["post-19171","post","type-post","status-publish","format-standard","has-post-thumbnail","hentry","category-vesti"],"acf":[],"yoast_head":"<!-- This site is optimized with the Yoast SEO Premium plugin v27.5 (Yoast SEO v27.5) - https:\/\/yoast.com\/product\/yoast-seo-premium-wordpress\/ -->\n<title>Prestolonaslednik i Princeza na proslavi 45. ro\u0111endana RTV Studio B - The Royal Family of Serbia<\/title>\n<meta name=\"description\" content=\"Njihova Kraljevska Viso\u010danstva Prestolonaslednik Aleksandar i Princeza Katarina prisustvovali su dana u Starom dvoru proslavi 45. ro\u0111endana RTV Studio B.\" \/>\n<meta name=\"robots\" content=\"index, follow, max-snippet:-1, max-image-preview:large, max-video-preview:-1\" \/>\n<link rel=\"canonical\" href=\"https:\/\/royalfamily.org\/lat\/crown-prince-and-crown-princess-45th-anniversary-of-rtv-studio-b\/\" \/>\n<meta property=\"og:locale\" content=\"en_US\" \/>\n<meta property=\"og:type\" content=\"article\" \/>\n<meta property=\"og:title\" content=\"Prestolonaslednik i Princeza na proslavi 45. ro\u0111endana RTV Studio B\" \/>\n<meta property=\"og:description\" content=\"Njihova Kraljevska Viso\u010danstva Prestolonaslednik Aleksandar i Princeza Katarina prisustvovali su dana u Starom dvoru proslavi 45. ro\u0111endana RTV Studio B.\" \/>\n<meta property=\"og:url\" content=\"https:\/\/royalfamily.org\/lat\/crown-prince-and-crown-princess-45th-anniversary-of-rtv-studio-b\/\" \/>\n<meta property=\"og:site_name\" content=\"The Royal Family of Serbia\" \/>\n<meta property=\"article:publisher\" content=\"https:\/\/www.facebook.com\/Prestolonaslednik.Aleksandar\" \/>\n<meta property=\"article:published_time\" content=\"2015-04-01T16:40:23+00:00\" \/>\n<meta property=\"og:image\" content=\"https:\/\/royalfamily.org\/wp-content\/uploads\/2015\/04\/2.jpg\" \/>\n\t<meta property=\"og:image:width\" content=\"740\" \/>\n\t<meta property=\"og:image:height\" content=\"350\" \/>\n\t<meta property=\"og:image:type\" content=\"image\/jpeg\" \/>\n<meta name=\"author\" content=\"Stefan Milanovic\" \/>\n<meta name=\"twitter:card\" content=\"summary_large_image\" \/>\n<meta name=\"twitter:label1\" content=\"Written by\" \/>\n\t<meta name=\"twitter:data1\" content=\"Stefan Milanovic\" \/>\n\t<meta name=\"twitter:label2\" content=\"Est. reading time\" \/>\n\t<meta name=\"twitter:data2\" content=\"1 minute\" \/>\n<script type=\"application\/ld+json\" class=\"yoast-schema-graph\">{\"@context\":\"https:\\\/\\\/schema.org\",\"@graph\":[{\"@type\":\"Article\",\"@id\":\"https:\\\/\\\/royalfamily.org\\\/lat\\\/crown-prince-and-crown-princess-45th-anniversary-of-rtv-studio-b\\\/#article\",\"isPartOf\":{\"@id\":\"https:\\\/\\\/royalfamily.org\\\/lat\\\/crown-prince-and-crown-princess-45th-anniversary-of-rtv-studio-b\\\/\"},\"author\":{\"name\":\"Stefan Milanovic\",\"@id\":\"https:\\\/\\\/royalfamily.org\\\/#\\\/schema\\\/person\\\/4ad3296a6a8a35eed333b6a785e9f648\"},\"headline\":\"Prestolonaslednik i Princeza na proslavi 45. ro\u0111endana RTV Studio B\",\"datePublished\":\"2015-04-01T16:40:23+00:00\",\"mainEntityOfPage\":{\"@id\":\"https:\\\/\\\/royalfamily.org\\\/lat\\\/crown-prince-and-crown-princess-45th-anniversary-of-rtv-studio-b\\\/\"},\"wordCount\":229,\"publisher\":{\"@id\":\"https:\\\/\\\/royalfamily.org\\\/#organization\"},\"image\":{\"@id\":\"https:\\\/\\\/royalfamily.org\\\/lat\\\/crown-prince-and-crown-princess-45th-anniversary-of-rtv-studio-b\\\/#primaryimage\"},\"thumbnailUrl\":\"https:\\\/\\\/royalfamily.org\\\/wp-content\\\/uploads\\\/2015\\\/04\\\/2.jpg\",\"articleSection\":[\"Vesti\"],\"inLanguage\":\"sr-LT\"},{\"@type\":\"WebPage\",\"@id\":\"https:\\\/\\\/royalfamily.org\\\/lat\\\/crown-prince-and-crown-princess-45th-anniversary-of-rtv-studio-b\\\/\",\"url\":\"https:\\\/\\\/royalfamily.org\\\/lat\\\/crown-prince-and-crown-princess-45th-anniversary-of-rtv-studio-b\\\/\",\"name\":\"Prestolonaslednik i Princeza na proslavi 45. ro\u0111endana RTV Studio B - The Royal Family of Serbia\",\"isPartOf\":{\"@id\":\"https:\\\/\\\/royalfamily.org\\\/#website\"},\"primaryImageOfPage\":{\"@id\":\"https:\\\/\\\/royalfamily.org\\\/lat\\\/crown-prince-and-crown-princess-45th-anniversary-of-rtv-studio-b\\\/#primaryimage\"},\"image\":{\"@id\":\"https:\\\/\\\/royalfamily.org\\\/lat\\\/crown-prince-and-crown-princess-45th-anniversary-of-rtv-studio-b\\\/#primaryimage\"},\"thumbnailUrl\":\"https:\\\/\\\/royalfamily.org\\\/wp-content\\\/uploads\\\/2015\\\/04\\\/2.jpg\",\"datePublished\":\"2015-04-01T16:40:23+00:00\",\"description\":\"Njihova Kraljevska Viso\u010danstva Prestolonaslednik Aleksandar i Princeza Katarina prisustvovali su dana u Starom dvoru proslavi 45. ro\u0111endana RTV Studio B.\",\"breadcrumb\":{\"@id\":\"https:\\\/\\\/royalfamily.org\\\/lat\\\/crown-prince-and-crown-princess-45th-anniversary-of-rtv-studio-b\\\/#breadcrumb\"},\"inLanguage\":\"sr-LT\",\"potentialAction\":[{\"@type\":\"ReadAction\",\"target\":[\"https:\\\/\\\/royalfamily.org\\\/lat\\\/crown-prince-and-crown-princess-45th-anniversary-of-rtv-studio-b\\\/\"]}]},{\"@type\":\"ImageObject\",\"inLanguage\":\"sr-LT\",\"@id\":\"https:\\\/\\\/royalfamily.org\\\/lat\\\/crown-prince-and-crown-princess-45th-anniversary-of-rtv-studio-b\\\/#primaryimage\",\"url\":\"https:\\\/\\\/royalfamily.org\\\/wp-content\\\/uploads\\\/2015\\\/04\\\/2.jpg\",\"contentUrl\":\"https:\\\/\\\/royalfamily.org\\\/wp-content\\\/uploads\\\/2015\\\/04\\\/2.jpg\",\"width\":740,\"height\":350},{\"@type\":\"BreadcrumbList\",\"@id\":\"https:\\\/\\\/royalfamily.org\\\/lat\\\/crown-prince-and-crown-princess-45th-anniversary-of-rtv-studio-b\\\/#breadcrumb\",\"itemListElement\":[{\"@type\":\"ListItem\",\"position\":1,\"name\":\"Home\",\"item\":\"https:\\\/\\\/royalfamily.org\\\/lat\\\/\"},{\"@type\":\"ListItem\",\"position\":2,\"name\":\"Prestolonaslednik i Princeza na proslavi 45. ro\u0111endana RTV Studio B\"}]},{\"@type\":\"WebSite\",\"@id\":\"https:\\\/\\\/royalfamily.org\\\/#website\",\"url\":\"https:\\\/\\\/royalfamily.org\\\/\",\"name\":\"The Royal Family of Serbia\",\"description\":\"From the people, for the people\",\"publisher\":{\"@id\":\"https:\\\/\\\/royalfamily.org\\\/#organization\"},\"potentialAction\":[{\"@type\":\"SearchAction\",\"target\":{\"@type\":\"EntryPoint\",\"urlTemplate\":\"https:\\\/\\\/royalfamily.org\\\/?s={search_term_string}\"},\"query-input\":{\"@type\":\"PropertyValueSpecification\",\"valueRequired\":true,\"valueName\":\"search_term_string\"}}],\"inLanguage\":\"sr-LT\"},{\"@type\":\"Organization\",\"@id\":\"https:\\\/\\\/royalfamily.org\\\/#organization\",\"name\":\"Royal Family\",\"url\":\"https:\\\/\\\/royalfamily.org\\\/\",\"logo\":{\"@type\":\"ImageObject\",\"inLanguage\":\"sr-LT\",\"@id\":\"https:\\\/\\\/royalfamily.org\\\/#\\\/schema\\\/logo\\\/image\\\/\",\"url\":\"https:\\\/\\\/royalfamily.org\\\/wp-content\\\/uploads\\\/2019\\\/04\\\/logo-vector-02-V-latinica.png\",\"contentUrl\":\"https:\\\/\\\/royalfamily.org\\\/wp-content\\\/uploads\\\/2019\\\/04\\\/logo-vector-02-V-latinica.png\",\"width\":552,\"height\":99,\"caption\":\"Royal Family\"},\"image\":{\"@id\":\"https:\\\/\\\/royalfamily.org\\\/#\\\/schema\\\/logo\\\/image\\\/\"},\"sameAs\":[\"https:\\\/\\\/www.facebook.com\\\/Prestolonaslednik.Aleksandar\"]},{\"@type\":\"Person\",\"@id\":\"https:\\\/\\\/royalfamily.org\\\/#\\\/schema\\\/person\\\/4ad3296a6a8a35eed333b6a785e9f648\",\"name\":\"Stefan Milanovic\",\"image\":{\"@type\":\"ImageObject\",\"inLanguage\":\"sr-LT\",\"@id\":\"https:\\\/\\\/secure.gravatar.com\\\/avatar\\\/92dcbdcf3e32112a9ceb1e41665b1f44c69382d014cacfe12c701f6af7c40259?s=96&d=mm&r=g\",\"url\":\"https:\\\/\\\/secure.gravatar.com\\\/avatar\\\/92dcbdcf3e32112a9ceb1e41665b1f44c69382d014cacfe12c701f6af7c40259?s=96&d=mm&r=g\",\"contentUrl\":\"https:\\\/\\\/secure.gravatar.com\\\/avatar\\\/92dcbdcf3e32112a9ceb1e41665b1f44c69382d014cacfe12c701f6af7c40259?s=96&d=mm&r=g\",\"caption\":\"Stefan Milanovic\"}}]}<\/script>\n<!-- \/ Yoast SEO Premium plugin. -->","yoast_head_json":{"title":"Prestolonaslednik i Princeza na proslavi 45. ro\u0111endana RTV Studio B - The Royal Family of Serbia","description":"Njihova Kraljevska Viso\u010danstva Prestolonaslednik Aleksandar i Princeza Katarina prisustvovali su dana u Starom dvoru proslavi 45. ro\u0111endana RTV Studio B.","robots":{"index":"index","follow":"follow","max-snippet":"max-snippet:-1","max-image-preview":"max-image-preview:large","max-video-preview":"max-video-preview:-1"},"canonical":"https:\/\/royalfamily.org\/lat\/crown-prince-and-crown-princess-45th-anniversary-of-rtv-studio-b\/","og_locale":"en_US","og_type":"article","og_title":"Prestolonaslednik i Princeza na proslavi 45. ro\u0111endana RTV Studio B","og_description":"Njihova Kraljevska Viso\u010danstva Prestolonaslednik Aleksandar i Princeza Katarina prisustvovali su dana u Starom dvoru proslavi 45. ro\u0111endana RTV Studio B.","og_url":"https:\/\/royalfamily.org\/lat\/crown-prince-and-crown-princess-45th-anniversary-of-rtv-studio-b\/","og_site_name":"The Royal Family of Serbia","article_publisher":"https:\/\/www.facebook.com\/Prestolonaslednik.Aleksandar","article_published_time":"2015-04-01T16:40:23+00:00","og_image":[{"width":740,"height":350,"url":"https:\/\/royalfamily.org\/wp-content\/uploads\/2015\/04\/2.jpg","type":"image\/jpeg"}],"author":"Stefan Milanovic","twitter_card":"summary_large_image","twitter_misc":{"Written by":"Stefan Milanovic","Est. reading time":"1 minute"},"schema":{"@context":"https:\/\/schema.org","@graph":[{"@type":"Article","@id":"https:\/\/royalfamily.org\/lat\/crown-prince-and-crown-princess-45th-anniversary-of-rtv-studio-b\/#article","isPartOf":{"@id":"https:\/\/royalfamily.org\/lat\/crown-prince-and-crown-princess-45th-anniversary-of-rtv-studio-b\/"},"author":{"name":"Stefan Milanovic","@id":"https:\/\/royalfamily.org\/#\/schema\/person\/4ad3296a6a8a35eed333b6a785e9f648"},"headline":"Prestolonaslednik i Princeza na proslavi 45. ro\u0111endana RTV Studio B","datePublished":"2015-04-01T16:40:23+00:00","mainEntityOfPage":{"@id":"https:\/\/royalfamily.org\/lat\/crown-prince-and-crown-princess-45th-anniversary-of-rtv-studio-b\/"},"wordCount":229,"publisher":{"@id":"https:\/\/royalfamily.org\/#organization"},"image":{"@id":"https:\/\/royalfamily.org\/lat\/crown-prince-and-crown-princess-45th-anniversary-of-rtv-studio-b\/#primaryimage"},"thumbnailUrl":"https:\/\/royalfamily.org\/wp-content\/uploads\/2015\/04\/2.jpg","articleSection":["Vesti"],"inLanguage":"sr-LT"},{"@type":"WebPage","@id":"https:\/\/royalfamily.org\/lat\/crown-prince-and-crown-princess-45th-anniversary-of-rtv-studio-b\/","url":"https:\/\/royalfamily.org\/lat\/crown-prince-and-crown-princess-45th-anniversary-of-rtv-studio-b\/","name":"Prestolonaslednik i Princeza na proslavi 45. ro\u0111endana RTV Studio B - The Royal Family of Serbia","isPartOf":{"@id":"https:\/\/royalfamily.org\/#website"},"primaryImageOfPage":{"@id":"https:\/\/royalfamily.org\/lat\/crown-prince-and-crown-princess-45th-anniversary-of-rtv-studio-b\/#primaryimage"},"image":{"@id":"https:\/\/royalfamily.org\/lat\/crown-prince-and-crown-princess-45th-anniversary-of-rtv-studio-b\/#primaryimage"},"thumbnailUrl":"https:\/\/royalfamily.org\/wp-content\/uploads\/2015\/04\/2.jpg","datePublished":"2015-04-01T16:40:23+00:00","description":"Njihova Kraljevska Viso\u010danstva Prestolonaslednik Aleksandar i Princeza Katarina prisustvovali su dana u Starom dvoru proslavi 45. ro\u0111endana RTV Studio B.","breadcrumb":{"@id":"https:\/\/royalfamily.org\/lat\/crown-prince-and-crown-princess-45th-anniversary-of-rtv-studio-b\/#breadcrumb"},"inLanguage":"sr-LT","potentialAction":[{"@type":"ReadAction","target":["https:\/\/royalfamily.org\/lat\/crown-prince-and-crown-princess-45th-anniversary-of-rtv-studio-b\/"]}]},{"@type":"ImageObject","inLanguage":"sr-LT","@id":"https:\/\/royalfamily.org\/lat\/crown-prince-and-crown-princess-45th-anniversary-of-rtv-studio-b\/#primaryimage","url":"https:\/\/royalfamily.org\/wp-content\/uploads\/2015\/04\/2.jpg","contentUrl":"https:\/\/royalfamily.org\/wp-content\/uploads\/2015\/04\/2.jpg","width":740,"height":350},{"@type":"BreadcrumbList","@id":"https:\/\/royalfamily.org\/lat\/crown-prince-and-crown-princess-45th-anniversary-of-rtv-studio-b\/#breadcrumb","itemListElement":[{"@type":"ListItem","position":1,"name":"Home","item":"https:\/\/royalfamily.org\/lat\/"},{"@type":"ListItem","position":2,"name":"Prestolonaslednik i Princeza na proslavi 45. ro\u0111endana RTV Studio B"}]},{"@type":"WebSite","@id":"https:\/\/royalfamily.org\/#website","url":"https:\/\/royalfamily.org\/","name":"The Royal Family of Serbia","description":"From the people, for the people","publisher":{"@id":"https:\/\/royalfamily.org\/#organization"},"potentialAction":[{"@type":"SearchAction","target":{"@type":"EntryPoint","urlTemplate":"https:\/\/royalfamily.org\/?s={search_term_string}"},"query-input":{"@type":"PropertyValueSpecification","valueRequired":true,"valueName":"search_term_string"}}],"inLanguage":"sr-LT"},{"@type":"Organization","@id":"https:\/\/royalfamily.org\/#organization","name":"Royal Family","url":"https:\/\/royalfamily.org\/","logo":{"@type":"ImageObject","inLanguage":"sr-LT","@id":"https:\/\/royalfamily.org\/#\/schema\/logo\/image\/","url":"https:\/\/royalfamily.org\/wp-content\/uploads\/2019\/04\/logo-vector-02-V-latinica.png","contentUrl":"https:\/\/royalfamily.org\/wp-content\/uploads\/2019\/04\/logo-vector-02-V-latinica.png","width":552,"height":99,"caption":"Royal Family"},"image":{"@id":"https:\/\/royalfamily.org\/#\/schema\/logo\/image\/"},"sameAs":["https:\/\/www.facebook.com\/Prestolonaslednik.Aleksandar"]},{"@type":"Person","@id":"https:\/\/royalfamily.org\/#\/schema\/person\/4ad3296a6a8a35eed333b6a785e9f648","name":"Stefan Milanovic","image":{"@type":"ImageObject","inLanguage":"sr-LT","@id":"https:\/\/secure.gravatar.com\/avatar\/92dcbdcf3e32112a9ceb1e41665b1f44c69382d014cacfe12c701f6af7c40259?s=96&d=mm&r=g","url":"https:\/\/secure.gravatar.com\/avatar\/92dcbdcf3e32112a9ceb1e41665b1f44c69382d014cacfe12c701f6af7c40259?s=96&d=mm&r=g","contentUrl":"https:\/\/secure.gravatar.com\/avatar\/92dcbdcf3e32112a9ceb1e41665b1f44c69382d014cacfe12c701f6af7c40259?s=96&d=mm&r=g","caption":"Stefan Milanovic"}}]}},"_links":{"self":[{"href":"https:\/\/royalfamily.org\/lat\/wp-json\/wp\/v2\/posts\/19171","targetHints":{"allow":["GET"]}}],"collection":[{"href":"https:\/\/royalfamily.org\/lat\/wp-json\/wp\/v2\/posts"}],"about":[{"href":"https:\/\/royalfamily.org\/lat\/wp-json\/wp\/v2\/types\/post"}],"author":[{"embeddable":true,"href":"https:\/\/royalfamily.org\/lat\/wp-json\/wp\/v2\/users\/1001015"}],"replies":[{"embeddable":true,"href":"https:\/\/royalfamily.org\/lat\/wp-json\/wp\/v2\/comments?post=19171"}],"version-history":[{"count":0,"href":"https:\/\/royalfamily.org\/lat\/wp-json\/wp\/v2\/posts\/19171\/revisions"}],"wp:featuredmedia":[{"embeddable":true,"href":"https:\/\/royalfamily.org\/lat\/wp-json\/wp\/v2\/media\/19166"}],"wp:attachment":[{"href":"https:\/\/royalfamily.org\/lat\/wp-json\/wp\/v2\/media?parent=19171"}],"wp:term":[{"taxonomy":"category","embeddable":true,"href":"https:\/\/royalfamily.org\/lat\/wp-json\/wp\/v2\/categories?post=19171"},{"taxonomy":"post_tag","embeddable":true,"href":"https:\/\/royalfamily.org\/lat\/wp-json\/wp\/v2\/tags?post=19171"}],"curies":[{"name":"wp","href":"https:\/\/api.w.org\/{rel}","templated":true}]}}