{"id":19198,"date":"2015-04-02T14:29:29","date_gmt":"2015-04-02T14:29:29","guid":{"rendered":"https:\/\/royalfamily.org\/crown-prince-and-crown-princess-invite-citizens-to-visit-the-royal-compound-in-dedinje-2\/"},"modified":"2015-04-02T14:29:29","modified_gmt":"2015-04-02T14:29:29","slug":"crown-prince-and-crown-princess-invite-citizens-to-visit-the-royal-compound-in-dedinje","status":"publish","type":"post","link":"https:\/\/royalfamily.org\/lat\/crown-prince-and-crown-princess-invite-citizens-to-visit-the-royal-compound-in-dedinje\/","title":{"rendered":"Prestolonaslednik Aleksandar i Princeza Katarina pozivaju gra\u0111ane da posete Dvorski kompleks na Dedinju"},"content":{"rendered":"<p><strong>Njihova Kraljevska Viso\u010da<span style=\"color: #000000;\">nstva <\/span><\/strong><span style=\"color: #000000;\"><a href=\"https:\/\/royalfamily.org\/Sendy\/l\/u0kqlsyTRrgrYHH54nWcuA\/CKJTKHF61rWzrEEanrZf0A\/GqVvKfZ79D6uEG9H4OpsdA\"><span style=\"color: #000000;\"><strong><span style=\"color: navy;\">Prestolonaslednik Aleksandar<\/span><\/strong><\/span><\/a><strong> i <\/strong><a href=\"https:\/\/royalfamily.org\/Sendy\/l\/u0kqlsyTRrgrYHH54nWcuA\/8VRskScstLhirgeAMgczlw\/GqVvKfZ79D6uEG9H4OpsdA\"><span style=\"color: #000000;\"><strong><span style=\"color: navy;\">Princeza Katarina<\/span><\/strong><\/span><\/a><strong> ugostili su danas u <\/strong><a href=\"https:\/\/royalfamily.org\/Sendy\/l\/u0kqlsyTRrgrYHH54nWcuA\/esjz1g4Brwkqo763bww763892FRg\/GqVvKfZ79D6uEG9H4OpsdA\"><span style=\"color: #000000;\"><strong><span style=\"color: navy;\">Kraljevskom dvoru<\/span><\/strong><\/span><\/a><strong> predstavnike medija, na prvom ovogodi\u0161njem zvani\u010dnom obilasku Dvorskog kompleksa, i tom prilikom uputili poziv svim zainteresovanim gra\u0111anima da posete Dvorski kompleks, spomenik kulture od izuzetnog zna\u010daja za Srbiju, srpsku istoriju i srpsku tradiciju. Kraljevski par je predstavnike medija u Kraljevskom<\/strong> <strong>Dvoru<\/strong> <strong>do\u010dekao u skladu sa na\u0161om nacionalnom tradicijom. Devojke u narodnim no\u0161njama iz kulturno umetni\u010dkog dru\u0161tva \u201eGradimir\u201d su novinare poslu\u017eile poga\u010dom i solju.<\/strong><\/span><\/p>\n<p>Obilasci Kraljevskog i Belog Dvora organizovani su tako da se posetioci uz pratnju profesionalnih turisti\u010dkih vodi\u010da upoznaju sa istorijom, umetno\u0161\u0107u i kulturom u prijatnoj dvo\u010dasovnoj \u0161etnji Dvorskim kompleksom. U turi se obilaze velelepna zdanja Kraljevskog i Belog Dvora, kao i Dvorska kapela posve\u0107ena Svetom Andreju Prvozvanom, Krsnoj slavi Kraljevske Porodice.<\/p>\n<p>Svake subote i nedelje od 2. aprila do 31. oktobra u dva redovna termina, od 10.30 i od 13.30 \u010dasova, Dvorski kompleks \u0107e biti otvoren za javnost. Ulaznica uklju\u010duje organizovan autobuski prevoz sa Trga Nikole Pa\u0161i\u0107a.<\/p>\n<p><strong>Za sve informacije i rezervacije<\/strong> posetioci se mogu obratiti Turisti\u010dkom informativnom centru u Beogradu, Knez Mihailova 6, 11000 Beograd<\/p>\n<p>Tel: 011\/ 2635 622; Faks: 011\/2635 343<\/p>\n<p>Kontakt osoba:\u00a0 Sanja Pavlovi\u0107<\/p>\n<p>E-po\u0161ta: <a href=\"mailto:dvorskikompleks@tob.co.rs\"><span style=\"color: navy;\">dvorskikompleks@tob.co.rs<\/span><\/a><span style=\"color: navy;\">;\u00a0 <\/span><span style=\"color: navy;\"><a href=\"https:\/\/royalfamily.org\/Sendy\/l\/u0kqlsyTRrgrYHH54nWcuA\/XunirNEhzEy892bnJfFi892yBg\/GqVvKfZ79D6uEG9H4OpsdA\">www.tob.co.rs<\/a><\/span><\/p>\n<p>Kao i prethodnih godina \u0161kole, studentske organizacije i penzionerska udru\u017eenja zainteresovana za posetu Dvorskom kompleksu mogu se najaviti direktno Kancelariji Nj.K.V. Prestolonaslednika Aleksandra na telefon 011\/306-4014 ili putem elektronske po\u0161te <a title=\"mailto:kancelarija@dvor.rs\" href=\"mailto:kancelarija@dvor.rs\"><span style=\"color: navy;\">kancelarija@dvor.rs<\/span><\/a><\/p>\n<p>Jedna grupa mo\u017ee da bude sa\u010dinjena od najmanje 15 i najvi\u0161e 50 posetilaca.<\/p>\n<p>Kontakt osoba: Jana Vujnovi\u0107<\/p>\n<p>E-po\u0161ta: : <a href=\"mailto:j.vujnovic@dvor.rs\"><span style=\"color: navy;\">j.vujnovic@dvor.rs<\/span><\/a><span style=\"color: navy;\">\u00a0\u00a0 <\/span><a href=\"https:\/\/royalfamily.org\/Sendy\/l\/u0kqlsyTRrgrYHH54nWcuA\/thfonf3JmmiGc763bXka7634ZA\/GqVvKfZ79D6uEG9H4OpsdA\"><span style=\"color: navy;\">www.dvor.rs<\/span><\/a><\/p>\n<p><a href=\"https:\/\/royalfamily.org\/wp-content\/uploads\/2015\/04\/IMG_8474m.jpg\"><img decoding=\"async\" width=\"150\" height=\"150\" class=\"alignnone size-thumbnail wp-image-19190\" src=\"https:\/\/royalfamily.org\/wp-content\/uploads\/2015\/04\/IMG_8474m-150x150.jpg\" alt=\"IMG_8474m\" srcset=\"https:\/\/royalfamily.org\/wp-content\/uploads\/2015\/04\/IMG_8474m-50x50.jpg 50w, https:\/\/royalfamily.org\/wp-content\/uploads\/2015\/04\/IMG_8474m-95x95.jpg 95w, https:\/\/royalfamily.org\/wp-content\/uploads\/2015\/04\/IMG_8474m-110x110.jpg 110w, https:\/\/royalfamily.org\/wp-content\/uploads\/2015\/04\/IMG_8474m-150x150.jpg 150w, https:\/\/royalfamily.org\/wp-content\/uploads\/2015\/04\/IMG_8474m-200x200.jpg 200w\" sizes=\"(max-width: 150px) 100vw, 150px\" \/><\/a> <a href=\"https:\/\/royalfamily.org\/wp-content\/uploads\/2015\/04\/IMG_8389m.jpg\"><img decoding=\"async\" width=\"150\" height=\"150\" class=\"alignnone size-thumbnail wp-image-19187\" src=\"https:\/\/royalfamily.org\/wp-content\/uploads\/2015\/04\/IMG_8389m-150x150.jpg\" alt=\"IMG_8389m\" srcset=\"https:\/\/royalfamily.org\/wp-content\/uploads\/2015\/04\/IMG_8389m-50x50.jpg 50w, https:\/\/royalfamily.org\/wp-content\/uploads\/2015\/04\/IMG_8389m-95x95.jpg 95w, https:\/\/royalfamily.org\/wp-content\/uploads\/2015\/04\/IMG_8389m-110x110.jpg 110w, https:\/\/royalfamily.org\/wp-content\/uploads\/2015\/04\/IMG_8389m-150x150.jpg 150w, https:\/\/royalfamily.org\/wp-content\/uploads\/2015\/04\/IMG_8389m-200x200.jpg 200w\" sizes=\"(max-width: 150px) 100vw, 150px\" \/><\/a> <a href=\"https:\/\/royalfamily.org\/wp-content\/uploads\/2015\/04\/IMG_8351m.jpg\"><img decoding=\"async\" width=\"150\" height=\"150\" class=\"alignnone size-thumbnail wp-image-19184\" src=\"https:\/\/royalfamily.org\/wp-content\/uploads\/2015\/04\/IMG_8351m-150x150.jpg\" alt=\"IMG_8351m\" srcset=\"https:\/\/royalfamily.org\/wp-content\/uploads\/2015\/04\/IMG_8351m-50x50.jpg 50w, https:\/\/royalfamily.org\/wp-content\/uploads\/2015\/04\/IMG_8351m-95x95.jpg 95w, https:\/\/royalfamily.org\/wp-content\/uploads\/2015\/04\/IMG_8351m-110x110.jpg 110w, https:\/\/royalfamily.org\/wp-content\/uploads\/2015\/04\/IMG_8351m-150x150.jpg 150w, https:\/\/royalfamily.org\/wp-content\/uploads\/2015\/04\/IMG_8351m-200x200.jpg 200w\" sizes=\"(max-width: 150px) 100vw, 150px\" \/><\/a> <a href=\"https:\/\/royalfamily.org\/wp-content\/uploads\/2015\/04\/IMG_8335m.jpg\"><img decoding=\"async\" width=\"150\" height=\"150\" class=\"alignnone size-thumbnail wp-image-19181\" src=\"https:\/\/royalfamily.org\/wp-content\/uploads\/2015\/04\/IMG_8335m-150x150.jpg\" alt=\"IMG_8335m\" srcset=\"https:\/\/royalfamily.org\/wp-content\/uploads\/2015\/04\/IMG_8335m-50x50.jpg 50w, https:\/\/royalfamily.org\/wp-content\/uploads\/2015\/04\/IMG_8335m-95x95.jpg 95w, https:\/\/royalfamily.org\/wp-content\/uploads\/2015\/04\/IMG_8335m-110x110.jpg 110w, https:\/\/royalfamily.org\/wp-content\/uploads\/2015\/04\/IMG_8335m-150x150.jpg 150w, https:\/\/royalfamily.org\/wp-content\/uploads\/2015\/04\/IMG_8335m-200x200.jpg 200w\" sizes=\"(max-width: 150px) 100vw, 150px\" \/><\/a><\/p>\n","protected":false},"excerpt":{"rendered":"<p>Njihova Kraljevska Viso\u010danstva Prestolonaslednik Aleksandar i Princeza Katarina ugostili su danas u Kraljevskom dvoru predstavnike  [&#8230;]<\/p>\n","protected":false},"author":1001015,"featured_media":19195,"comment_status":"closed","ping_status":"closed","sticky":false,"template":"","format":"standard","meta":{"_acf_changed":false,"footnotes":""},"categories":[22],"tags":[],"class_list":["post-19198","post","type-post","status-publish","format-standard","has-post-thumbnail","hentry","category-vesti"],"acf":[],"yoast_head":"<!-- This site is optimized with the Yoast SEO Premium plugin v27.5 (Yoast SEO v27.5) - https:\/\/yoast.com\/product\/yoast-seo-premium-wordpress\/ -->\n<title>Prestolonaslednik Aleksandar i Princeza Katarina pozivaju gra\u0111ane da posete Dvorski kompleks na Dedinju - The Royal Family of Serbia<\/title>\n<meta name=\"description\" content=\"Njihova Kraljevska Viso\u010danstva Prestolonaslednik Aleksandar i Princeza Katarina ugostili su danas u Kraljevskom dvoru predstavnike medija, na prvom\" \/>\n<meta name=\"robots\" content=\"index, follow, max-snippet:-1, max-image-preview:large, max-video-preview:-1\" \/>\n<link rel=\"canonical\" href=\"https:\/\/royalfamily.org\/lat\/crown-prince-and-crown-princess-invite-citizens-to-visit-the-royal-compound-in-dedinje\/\" \/>\n<meta property=\"og:locale\" content=\"en_US\" \/>\n<meta property=\"og:type\" content=\"article\" \/>\n<meta property=\"og:title\" content=\"Prestolonaslednik Aleksandar i Princeza Katarina pozivaju gra\u0111ane da posete Dvorski kompleks na Dedinju\" \/>\n<meta property=\"og:description\" content=\"Njihova Kraljevska Viso\u010danstva Prestolonaslednik Aleksandar i Princeza Katarina ugostili su danas u Kraljevskom dvoru predstavnike medija, na prvom\" \/>\n<meta property=\"og:url\" content=\"https:\/\/royalfamily.org\/lat\/crown-prince-and-crown-princess-invite-citizens-to-visit-the-royal-compound-in-dedinje\/\" \/>\n<meta property=\"og:site_name\" content=\"The Royal Family of Serbia\" \/>\n<meta property=\"article:publisher\" content=\"https:\/\/www.facebook.com\/Prestolonaslednik.Aleksandar\" \/>\n<meta property=\"article:published_time\" content=\"2015-04-02T14:29:29+00:00\" \/>\n<meta property=\"og:image\" content=\"https:\/\/royalfamily.org\/wp-content\/uploads\/2015\/04\/IMG_8485m.jpg\" \/>\n\t<meta property=\"og:image:width\" content=\"740\" \/>\n\t<meta property=\"og:image:height\" content=\"350\" \/>\n\t<meta property=\"og:image:type\" content=\"image\/jpeg\" \/>\n<meta name=\"author\" content=\"Stefan Milanovic\" \/>\n<meta name=\"twitter:card\" content=\"summary_large_image\" \/>\n<meta name=\"twitter:label1\" content=\"Written by\" \/>\n\t<meta name=\"twitter:data1\" content=\"Stefan Milanovic\" \/>\n\t<meta name=\"twitter:label2\" content=\"Est. reading time\" \/>\n\t<meta name=\"twitter:data2\" content=\"1 minute\" \/>\n<script type=\"application\/ld+json\" class=\"yoast-schema-graph\">{\"@context\":\"https:\\\/\\\/schema.org\",\"@graph\":[{\"@type\":\"Article\",\"@id\":\"https:\\\/\\\/royalfamily.org\\\/lat\\\/crown-prince-and-crown-princess-invite-citizens-to-visit-the-royal-compound-in-dedinje\\\/#article\",\"isPartOf\":{\"@id\":\"https:\\\/\\\/royalfamily.org\\\/lat\\\/crown-prince-and-crown-princess-invite-citizens-to-visit-the-royal-compound-in-dedinje\\\/\"},\"author\":{\"name\":\"Stefan Milanovic\",\"@id\":\"https:\\\/\\\/royalfamily.org\\\/#\\\/schema\\\/person\\\/4ad3296a6a8a35eed333b6a785e9f648\"},\"headline\":\"Prestolonaslednik Aleksandar i Princeza Katarina pozivaju gra\u0111ane da posete Dvorski kompleks na Dedinju\",\"datePublished\":\"2015-04-02T14:29:29+00:00\",\"mainEntityOfPage\":{\"@id\":\"https:\\\/\\\/royalfamily.org\\\/lat\\\/crown-prince-and-crown-princess-invite-citizens-to-visit-the-royal-compound-in-dedinje\\\/\"},\"wordCount\":291,\"publisher\":{\"@id\":\"https:\\\/\\\/royalfamily.org\\\/#organization\"},\"image\":{\"@id\":\"https:\\\/\\\/royalfamily.org\\\/lat\\\/crown-prince-and-crown-princess-invite-citizens-to-visit-the-royal-compound-in-dedinje\\\/#primaryimage\"},\"thumbnailUrl\":\"https:\\\/\\\/royalfamily.org\\\/wp-content\\\/uploads\\\/2015\\\/04\\\/IMG_8485m.jpg\",\"articleSection\":[\"Vesti\"],\"inLanguage\":\"sr-LT\"},{\"@type\":\"WebPage\",\"@id\":\"https:\\\/\\\/royalfamily.org\\\/lat\\\/crown-prince-and-crown-princess-invite-citizens-to-visit-the-royal-compound-in-dedinje\\\/\",\"url\":\"https:\\\/\\\/royalfamily.org\\\/lat\\\/crown-prince-and-crown-princess-invite-citizens-to-visit-the-royal-compound-in-dedinje\\\/\",\"name\":\"Prestolonaslednik Aleksandar i Princeza Katarina pozivaju gra\u0111ane da posete Dvorski kompleks na Dedinju - The Royal Family of Serbia\",\"isPartOf\":{\"@id\":\"https:\\\/\\\/royalfamily.org\\\/#website\"},\"primaryImageOfPage\":{\"@id\":\"https:\\\/\\\/royalfamily.org\\\/lat\\\/crown-prince-and-crown-princess-invite-citizens-to-visit-the-royal-compound-in-dedinje\\\/#primaryimage\"},\"image\":{\"@id\":\"https:\\\/\\\/royalfamily.org\\\/lat\\\/crown-prince-and-crown-princess-invite-citizens-to-visit-the-royal-compound-in-dedinje\\\/#primaryimage\"},\"thumbnailUrl\":\"https:\\\/\\\/royalfamily.org\\\/wp-content\\\/uploads\\\/2015\\\/04\\\/IMG_8485m.jpg\",\"datePublished\":\"2015-04-02T14:29:29+00:00\",\"description\":\"Njihova Kraljevska Viso\u010danstva Prestolonaslednik Aleksandar i Princeza Katarina ugostili su danas u Kraljevskom dvoru predstavnike medija, na prvom\",\"breadcrumb\":{\"@id\":\"https:\\\/\\\/royalfamily.org\\\/lat\\\/crown-prince-and-crown-princess-invite-citizens-to-visit-the-royal-compound-in-dedinje\\\/#breadcrumb\"},\"inLanguage\":\"sr-LT\",\"potentialAction\":[{\"@type\":\"ReadAction\",\"target\":[\"https:\\\/\\\/royalfamily.org\\\/lat\\\/crown-prince-and-crown-princess-invite-citizens-to-visit-the-royal-compound-in-dedinje\\\/\"]}]},{\"@type\":\"ImageObject\",\"inLanguage\":\"sr-LT\",\"@id\":\"https:\\\/\\\/royalfamily.org\\\/lat\\\/crown-prince-and-crown-princess-invite-citizens-to-visit-the-royal-compound-in-dedinje\\\/#primaryimage\",\"url\":\"https:\\\/\\\/royalfamily.org\\\/wp-content\\\/uploads\\\/2015\\\/04\\\/IMG_8485m.jpg\",\"contentUrl\":\"https:\\\/\\\/royalfamily.org\\\/wp-content\\\/uploads\\\/2015\\\/04\\\/IMG_8485m.jpg\",\"width\":740,\"height\":350},{\"@type\":\"BreadcrumbList\",\"@id\":\"https:\\\/\\\/royalfamily.org\\\/lat\\\/crown-prince-and-crown-princess-invite-citizens-to-visit-the-royal-compound-in-dedinje\\\/#breadcrumb\",\"itemListElement\":[{\"@type\":\"ListItem\",\"position\":1,\"name\":\"Home\",\"item\":\"https:\\\/\\\/royalfamily.org\\\/lat\\\/\"},{\"@type\":\"ListItem\",\"position\":2,\"name\":\"Prestolonaslednik Aleksandar i Princeza Katarina pozivaju gra\u0111ane da posete Dvorski kompleks na Dedinju\"}]},{\"@type\":\"WebSite\",\"@id\":\"https:\\\/\\\/royalfamily.org\\\/#website\",\"url\":\"https:\\\/\\\/royalfamily.org\\\/\",\"name\":\"The Royal Family of Serbia\",\"description\":\"From the people, for the people\",\"publisher\":{\"@id\":\"https:\\\/\\\/royalfamily.org\\\/#organization\"},\"potentialAction\":[{\"@type\":\"SearchAction\",\"target\":{\"@type\":\"EntryPoint\",\"urlTemplate\":\"https:\\\/\\\/royalfamily.org\\\/?s={search_term_string}\"},\"query-input\":{\"@type\":\"PropertyValueSpecification\",\"valueRequired\":true,\"valueName\":\"search_term_string\"}}],\"inLanguage\":\"sr-LT\"},{\"@type\":\"Organization\",\"@id\":\"https:\\\/\\\/royalfamily.org\\\/#organization\",\"name\":\"Royal Family\",\"url\":\"https:\\\/\\\/royalfamily.org\\\/\",\"logo\":{\"@type\":\"ImageObject\",\"inLanguage\":\"sr-LT\",\"@id\":\"https:\\\/\\\/royalfamily.org\\\/#\\\/schema\\\/logo\\\/image\\\/\",\"url\":\"https:\\\/\\\/royalfamily.org\\\/wp-content\\\/uploads\\\/2019\\\/04\\\/logo-vector-02-V-latinica.png\",\"contentUrl\":\"https:\\\/\\\/royalfamily.org\\\/wp-content\\\/uploads\\\/2019\\\/04\\\/logo-vector-02-V-latinica.png\",\"width\":552,\"height\":99,\"caption\":\"Royal Family\"},\"image\":{\"@id\":\"https:\\\/\\\/royalfamily.org\\\/#\\\/schema\\\/logo\\\/image\\\/\"},\"sameAs\":[\"https:\\\/\\\/www.facebook.com\\\/Prestolonaslednik.Aleksandar\"]},{\"@type\":\"Person\",\"@id\":\"https:\\\/\\\/royalfamily.org\\\/#\\\/schema\\\/person\\\/4ad3296a6a8a35eed333b6a785e9f648\",\"name\":\"Stefan Milanovic\",\"image\":{\"@type\":\"ImageObject\",\"inLanguage\":\"sr-LT\",\"@id\":\"https:\\\/\\\/secure.gravatar.com\\\/avatar\\\/92dcbdcf3e32112a9ceb1e41665b1f44c69382d014cacfe12c701f6af7c40259?s=96&d=mm&r=g\",\"url\":\"https:\\\/\\\/secure.gravatar.com\\\/avatar\\\/92dcbdcf3e32112a9ceb1e41665b1f44c69382d014cacfe12c701f6af7c40259?s=96&d=mm&r=g\",\"contentUrl\":\"https:\\\/\\\/secure.gravatar.com\\\/avatar\\\/92dcbdcf3e32112a9ceb1e41665b1f44c69382d014cacfe12c701f6af7c40259?s=96&d=mm&r=g\",\"caption\":\"Stefan Milanovic\"}}]}<\/script>\n<!-- \/ Yoast SEO Premium plugin. -->","yoast_head_json":{"title":"Prestolonaslednik Aleksandar i Princeza Katarina pozivaju gra\u0111ane da posete Dvorski kompleks na Dedinju - The Royal Family of Serbia","description":"Njihova Kraljevska Viso\u010danstva Prestolonaslednik Aleksandar i Princeza Katarina ugostili su danas u Kraljevskom dvoru predstavnike medija, na prvom","robots":{"index":"index","follow":"follow","max-snippet":"max-snippet:-1","max-image-preview":"max-image-preview:large","max-video-preview":"max-video-preview:-1"},"canonical":"https:\/\/royalfamily.org\/lat\/crown-prince-and-crown-princess-invite-citizens-to-visit-the-royal-compound-in-dedinje\/","og_locale":"en_US","og_type":"article","og_title":"Prestolonaslednik Aleksandar i Princeza Katarina pozivaju gra\u0111ane da posete Dvorski kompleks na Dedinju","og_description":"Njihova Kraljevska Viso\u010danstva Prestolonaslednik Aleksandar i Princeza Katarina ugostili su danas u Kraljevskom dvoru predstavnike medija, na prvom","og_url":"https:\/\/royalfamily.org\/lat\/crown-prince-and-crown-princess-invite-citizens-to-visit-the-royal-compound-in-dedinje\/","og_site_name":"The Royal Family of Serbia","article_publisher":"https:\/\/www.facebook.com\/Prestolonaslednik.Aleksandar","article_published_time":"2015-04-02T14:29:29+00:00","og_image":[{"width":740,"height":350,"url":"https:\/\/royalfamily.org\/wp-content\/uploads\/2015\/04\/IMG_8485m.jpg","type":"image\/jpeg"}],"author":"Stefan Milanovic","twitter_card":"summary_large_image","twitter_misc":{"Written by":"Stefan Milanovic","Est. reading time":"1 minute"},"schema":{"@context":"https:\/\/schema.org","@graph":[{"@type":"Article","@id":"https:\/\/royalfamily.org\/lat\/crown-prince-and-crown-princess-invite-citizens-to-visit-the-royal-compound-in-dedinje\/#article","isPartOf":{"@id":"https:\/\/royalfamily.org\/lat\/crown-prince-and-crown-princess-invite-citizens-to-visit-the-royal-compound-in-dedinje\/"},"author":{"name":"Stefan Milanovic","@id":"https:\/\/royalfamily.org\/#\/schema\/person\/4ad3296a6a8a35eed333b6a785e9f648"},"headline":"Prestolonaslednik Aleksandar i Princeza Katarina pozivaju gra\u0111ane da posete Dvorski kompleks na Dedinju","datePublished":"2015-04-02T14:29:29+00:00","mainEntityOfPage":{"@id":"https:\/\/royalfamily.org\/lat\/crown-prince-and-crown-princess-invite-citizens-to-visit-the-royal-compound-in-dedinje\/"},"wordCount":291,"publisher":{"@id":"https:\/\/royalfamily.org\/#organization"},"image":{"@id":"https:\/\/royalfamily.org\/lat\/crown-prince-and-crown-princess-invite-citizens-to-visit-the-royal-compound-in-dedinje\/#primaryimage"},"thumbnailUrl":"https:\/\/royalfamily.org\/wp-content\/uploads\/2015\/04\/IMG_8485m.jpg","articleSection":["Vesti"],"inLanguage":"sr-LT"},{"@type":"WebPage","@id":"https:\/\/royalfamily.org\/lat\/crown-prince-and-crown-princess-invite-citizens-to-visit-the-royal-compound-in-dedinje\/","url":"https:\/\/royalfamily.org\/lat\/crown-prince-and-crown-princess-invite-citizens-to-visit-the-royal-compound-in-dedinje\/","name":"Prestolonaslednik Aleksandar i Princeza Katarina pozivaju gra\u0111ane da posete Dvorski kompleks na Dedinju - The Royal Family of Serbia","isPartOf":{"@id":"https:\/\/royalfamily.org\/#website"},"primaryImageOfPage":{"@id":"https:\/\/royalfamily.org\/lat\/crown-prince-and-crown-princess-invite-citizens-to-visit-the-royal-compound-in-dedinje\/#primaryimage"},"image":{"@id":"https:\/\/royalfamily.org\/lat\/crown-prince-and-crown-princess-invite-citizens-to-visit-the-royal-compound-in-dedinje\/#primaryimage"},"thumbnailUrl":"https:\/\/royalfamily.org\/wp-content\/uploads\/2015\/04\/IMG_8485m.jpg","datePublished":"2015-04-02T14:29:29+00:00","description":"Njihova Kraljevska Viso\u010danstva Prestolonaslednik Aleksandar i Princeza Katarina ugostili su danas u Kraljevskom dvoru predstavnike medija, na prvom","breadcrumb":{"@id":"https:\/\/royalfamily.org\/lat\/crown-prince-and-crown-princess-invite-citizens-to-visit-the-royal-compound-in-dedinje\/#breadcrumb"},"inLanguage":"sr-LT","potentialAction":[{"@type":"ReadAction","target":["https:\/\/royalfamily.org\/lat\/crown-prince-and-crown-princess-invite-citizens-to-visit-the-royal-compound-in-dedinje\/"]}]},{"@type":"ImageObject","inLanguage":"sr-LT","@id":"https:\/\/royalfamily.org\/lat\/crown-prince-and-crown-princess-invite-citizens-to-visit-the-royal-compound-in-dedinje\/#primaryimage","url":"https:\/\/royalfamily.org\/wp-content\/uploads\/2015\/04\/IMG_8485m.jpg","contentUrl":"https:\/\/royalfamily.org\/wp-content\/uploads\/2015\/04\/IMG_8485m.jpg","width":740,"height":350},{"@type":"BreadcrumbList","@id":"https:\/\/royalfamily.org\/lat\/crown-prince-and-crown-princess-invite-citizens-to-visit-the-royal-compound-in-dedinje\/#breadcrumb","itemListElement":[{"@type":"ListItem","position":1,"name":"Home","item":"https:\/\/royalfamily.org\/lat\/"},{"@type":"ListItem","position":2,"name":"Prestolonaslednik Aleksandar i Princeza Katarina pozivaju gra\u0111ane da posete Dvorski kompleks na Dedinju"}]},{"@type":"WebSite","@id":"https:\/\/royalfamily.org\/#website","url":"https:\/\/royalfamily.org\/","name":"The Royal Family of Serbia","description":"From the people, for the people","publisher":{"@id":"https:\/\/royalfamily.org\/#organization"},"potentialAction":[{"@type":"SearchAction","target":{"@type":"EntryPoint","urlTemplate":"https:\/\/royalfamily.org\/?s={search_term_string}"},"query-input":{"@type":"PropertyValueSpecification","valueRequired":true,"valueName":"search_term_string"}}],"inLanguage":"sr-LT"},{"@type":"Organization","@id":"https:\/\/royalfamily.org\/#organization","name":"Royal Family","url":"https:\/\/royalfamily.org\/","logo":{"@type":"ImageObject","inLanguage":"sr-LT","@id":"https:\/\/royalfamily.org\/#\/schema\/logo\/image\/","url":"https:\/\/royalfamily.org\/wp-content\/uploads\/2019\/04\/logo-vector-02-V-latinica.png","contentUrl":"https:\/\/royalfamily.org\/wp-content\/uploads\/2019\/04\/logo-vector-02-V-latinica.png","width":552,"height":99,"caption":"Royal Family"},"image":{"@id":"https:\/\/royalfamily.org\/#\/schema\/logo\/image\/"},"sameAs":["https:\/\/www.facebook.com\/Prestolonaslednik.Aleksandar"]},{"@type":"Person","@id":"https:\/\/royalfamily.org\/#\/schema\/person\/4ad3296a6a8a35eed333b6a785e9f648","name":"Stefan Milanovic","image":{"@type":"ImageObject","inLanguage":"sr-LT","@id":"https:\/\/secure.gravatar.com\/avatar\/92dcbdcf3e32112a9ceb1e41665b1f44c69382d014cacfe12c701f6af7c40259?s=96&d=mm&r=g","url":"https:\/\/secure.gravatar.com\/avatar\/92dcbdcf3e32112a9ceb1e41665b1f44c69382d014cacfe12c701f6af7c40259?s=96&d=mm&r=g","contentUrl":"https:\/\/secure.gravatar.com\/avatar\/92dcbdcf3e32112a9ceb1e41665b1f44c69382d014cacfe12c701f6af7c40259?s=96&d=mm&r=g","caption":"Stefan Milanovic"}}]}},"_links":{"self":[{"href":"https:\/\/royalfamily.org\/lat\/wp-json\/wp\/v2\/posts\/19198","targetHints":{"allow":["GET"]}}],"collection":[{"href":"https:\/\/royalfamily.org\/lat\/wp-json\/wp\/v2\/posts"}],"about":[{"href":"https:\/\/royalfamily.org\/lat\/wp-json\/wp\/v2\/types\/post"}],"author":[{"embeddable":true,"href":"https:\/\/royalfamily.org\/lat\/wp-json\/wp\/v2\/users\/1001015"}],"replies":[{"embeddable":true,"href":"https:\/\/royalfamily.org\/lat\/wp-json\/wp\/v2\/comments?post=19198"}],"version-history":[{"count":0,"href":"https:\/\/royalfamily.org\/lat\/wp-json\/wp\/v2\/posts\/19198\/revisions"}],"wp:featuredmedia":[{"embeddable":true,"href":"https:\/\/royalfamily.org\/lat\/wp-json\/wp\/v2\/media\/19195"}],"wp:attachment":[{"href":"https:\/\/royalfamily.org\/lat\/wp-json\/wp\/v2\/media?parent=19198"}],"wp:term":[{"taxonomy":"category","embeddable":true,"href":"https:\/\/royalfamily.org\/lat\/wp-json\/wp\/v2\/categories?post=19198"},{"taxonomy":"post_tag","embeddable":true,"href":"https:\/\/royalfamily.org\/lat\/wp-json\/wp\/v2\/tags?post=19198"}],"curies":[{"name":"wp","href":"https:\/\/api.w.org\/{rel}","templated":true}]}}