{"id":19219,"date":"2015-04-03T14:21:30","date_gmt":"2015-04-03T14:21:30","guid":{"rendered":"https:\/\/royalfamily.org\/politika-newspaper-madrid-talks-crown-is-in-europes-genes-2\/"},"modified":"2015-04-03T14:21:30","modified_gmt":"2015-04-03T14:21:30","slug":"politika-newspaper-madrid-talks-crown-is-in-europes-genes","status":"publish","type":"post","link":"https:\/\/royalfamily.org\/lat\/politika-newspaper-madrid-talks-crown-is-in-europes-genes\/","title":{"rendered":"Dnevni list Politika: MADRIDSKI RAZGOVORI &#8211; Kruna je u genima Evrope"},"content":{"rendered":"<p>Politika, 2. april 2015.<\/p>\n<p>&nbsp;<\/p>\n<p>MADRIDSKI RAZGOVORI<\/p>\n<p><strong>Kruna je u genima Evrope<\/strong><\/p>\n<p>&nbsp;<\/p>\n<p>Huan Luna, jedan od direktora muzeja Prado, vidi u monarhijama spas za Evropu i njeno jedinstvo<\/p>\n<p>Od na\u0161eg specijalnog izve\u0161ta\u010da<\/p>\n<p>Madrid \u2013 Sve profesije su izgubile ugled, a novinari i sudije su dva zanimanja u koje dana\u0161nji stanovnici Iberijskog poluostrva, najmanje veruju. Diktat tr\u017ei\u0161ta i deficit demokratije razlupali su mnoge institucije, ali \u0161panska monarhija je u celom ovom vihoru odli\u010dno pro\u0161la. Cunami je samo okrznuo dvor, a mladi kralj Felipe \u0160esti i biv\u0161a televizijska novinarka kraljica Letisija u\u017eivaju u ovim turbulentnim vremenima neuobi\u010dajeno uva\u017eavanje.<\/p>\n<p>Kada sam sa ushi\u0107enjem krenula na sastanak sa akademikom Huanom Lunom, \u0161efom odeljenja za umetnost 18. veka u Pradu, nisam o\u010dekivala da \u0107e ovaj profesor i filozof tako o\u0161tro kritikovati muzej u kome je sme\u0161tena jedna od najzna\u010dajnijih kolekcija evropske umetnosti od 12. do 19. veka, u kome se posetilac mo\u017ee satima diviti platnima Goje, Dijega Velaskeza, El Greka, Ticijana&#8230; A jo\u0161 manje mi je bilo na pameti da bi ovaj ekspert za Goju i Velaskeza mogao sa toliko ube\u0111enja da govori o odlu\u010duju\u0107oj ulozi monarhija za budu\u0107nost Evrope.<\/p>\n<p>Tek \u0161to su stigli u Pariz, u prvu zvani\u010dnu dr\u017eavnu posetu otkako su seli na presto, kralj Felipe \u0160esti i kraljica Letisija odlu\u010dili su da prekinu putovanje i vrate se u Madrid zbog vesti o padu aviona \u201eD\u017eermanvingsa&#8221; i pogibiji desetina \u0161panskih dr\u017eavljana. Trebalo je da kraljevski par bude i na otvaranju velike izlo\u017ebene postavke Velaskeza u Parizu, ali zbog nesre\u0107e ova umetni\u010dka fe\u0161ta pro\u0161la je bez prisustva njihovih viso\u010danstava.<\/p>\n<p>Profesor Huan Luna poznaje Felipea i Letisiju odavno.<\/p>\n<p>\u201eOzbiljni su, uravnote\u017eeni, njihov zna\u010daj za \u0160paniju je ogroman, siguran sam da \u0107e Felipe \u0160esti odigrati veliku ulogu i za jedinstvo Evrope.&#8221; Luna je ube\u0111eni monarhista i za to ima svoje obrazlo\u017eenje:<\/p>\n<p>\u201eSvaki kralj dolazi iz daleke pro\u0161losti, to je jedna linija koja se ne prekida. Kralju njegova kruna pripada samim ro\u0111enjem, Predsednika republike bira jedna nacija ili partija. I on \u0107e uvek biti pristrastan. Kralj sa druge strane misli na sve, na celu zemlju. On je ravnote\u017ea, centar, a to je va\u017eno i za kulturu i za napredak cele nacije&#8221;, ka\u017ee profesor Luna. \u0160panski akademik o\u010dekuje da \u201eFelipe \u0160esti bude veliki evropski kralj&#8217;. Naslednik je \u0161panskog kralja Huana Karlosa i gr\u010dko-danske princeze. \u201eNjemu je Evropa u genima kao \u0161to Evropa u genima nosi monarhiju&#8221;, izri\u010dit je Huan Luna.<\/p>\n<p>Da se posle Drugog svetskog rata Jugoslavija, Rumunija, Bugarska i Italija nisu odrekle monarhija, po njegovom mi\u0161ljenju, bolje bi im i\u0161lo.<\/p>\n<p>A da su se isto\u010dnoevropske zemlje posle pada Berlinskog zida vratile monarhijama, lak\u0161e bi i uspe\u0161nije pro\u0161le kroz tranziciju.<\/p>\n<p>Iako je u Pradu jedan od velikih \u0161efova, Huan Luna o\u0161tro kritikuje ovaj muzej i boji se da on ne izgubi du\u0161u.<\/p>\n<p>\u201eTr\u010di se za tematskim spektaklima, podre\u0111uje se uloga nauke&#8221;, ka\u017ee \u0161ef odeljenja u Pradu, pa se tako \u201epreseljenje Gojinih platana sa tre\u0107eg sprata u prizemlje, predstavlja kao posebna izlo\u017eba&#8221;.<\/p>\n<p>Ne dopada mu se ni to \u0161to za ulaznicu u Prado danas treba platiti 18 evra, a devedesetih je najpoznatiji \u0161panski muzej bio besplatan. \u201eDuhovna ba\u0161tina treba da bude svima dostupna, koncept muzeja je da se u njega ulazi vi\u0161e puta, da se u njega vra\u0107a\u0161 kad god to po\u017eeli\u0161.&#8221;<\/p>\n<p>Kad je o monarhiji re\u010d, \u010dak ni Podemos, nova politi\u010dka snaga spremna da osporava partijske kaste i okamenjene institucije, ne dira u dvor. \u010celni ljudi Podemosa potvrdili su mi ovih dana da jo\u0161 nisu doneli svoj stav o monarhiji, da jo\u0161 ne znaju da li \u0107e se, do\u0111u li na vlast, zalagati da \u0160panija postane republika.<\/p>\n<p>U me\u0111uvremenu Pablo Iglesijas, kao generalni sekretar stranke koja pretenduje da osvoji vlast na izborima krajem godine, zatra\u017eio je prijem kod kralja. Jo\u0161 nije dobio nikakav odgovor sa dvora. Iz dosada\u0161nje retorike Podemosa jasno je da ni ova stranka ne \u017eeli da dira u \u201eevropsku monarhisti\u010dku genetiku&#8221;. Niti joj je cilj da \u0160panija iza\u0111e iz Evrope iako je tradicionalne partije optu\u017euju da ho\u0107e da izoluje Iberijsko poluostrvo. Naprotiv, kako su mi vi\u0161e puta potvrdili \u010delnici Podemosa, njihov cilj je da \u201eEvropu vrate u demokratiju&#8221; i izbave je partijskih kasta. Monarhiju nekako ne pominju kad govore elitama, kao da se sla\u017eu sa Huanom Lunom da je to linija koju u ovoj eri prekinutih veza ne treba lomiti.<\/p>\n<p>Zorana \u0160uvakovi\u0107<\/p>\n","protected":false},"excerpt":{"rendered":"<p>Politika, 2. april 2015. &nbsp; MADRIDSKI RAZGOVORI Kruna je u genima Evrope &nbsp; Huan Luna,  [&#8230;]<\/p>\n","protected":false},"author":1001015,"featured_media":7615,"comment_status":"closed","ping_status":"closed","sticky":false,"template":"","format":"standard","meta":{"_acf_changed":false,"footnotes":""},"categories":[22],"tags":[],"class_list":["post-19219","post","type-post","status-publish","format-standard","has-post-thumbnail","hentry","category-vesti"],"acf":[],"yoast_head":"<!-- This site is optimized with the Yoast SEO Premium plugin v27.5 (Yoast SEO v27.5) - https:\/\/yoast.com\/product\/yoast-seo-premium-wordpress\/ -->\n<title>Dnevni list Politika: MADRIDSKI RAZGOVORI - Kruna je u genima Evrope - The Royal Family of Serbia<\/title>\n<meta name=\"description\" content=\"Politika, 2. april 2015. &nbsp; MADRIDSKI RAZGOVORI Kruna je u genima Evrope &nbsp; Huan Luna, jedan od direktora muzeja Prado, vidi u monarhijama spas za\" \/>\n<meta name=\"robots\" content=\"index, follow, max-snippet:-1, max-image-preview:large, max-video-preview:-1\" \/>\n<link rel=\"canonical\" href=\"https:\/\/royalfamily.org\/lat\/politika-newspaper-madrid-talks-crown-is-in-europes-genes\/\" \/>\n<meta property=\"og:locale\" content=\"en_US\" \/>\n<meta property=\"og:type\" content=\"article\" \/>\n<meta property=\"og:title\" content=\"Dnevni list Politika: MADRIDSKI RAZGOVORI - Kruna je u genima Evrope\" \/>\n<meta property=\"og:description\" content=\"Politika, 2. april 2015. &nbsp; MADRIDSKI RAZGOVORI Kruna je u genima Evrope &nbsp; Huan Luna, jedan od direktora muzeja Prado, vidi u monarhijama spas za\" \/>\n<meta property=\"og:url\" content=\"https:\/\/royalfamily.org\/lat\/politika-newspaper-madrid-talks-crown-is-in-europes-genes\/\" \/>\n<meta property=\"og:site_name\" content=\"The Royal Family of Serbia\" \/>\n<meta property=\"article:publisher\" content=\"https:\/\/www.facebook.com\/Prestolonaslednik.Aleksandar\" \/>\n<meta property=\"article:published_time\" content=\"2015-04-03T14:21:30+00:00\" \/>\n<meta property=\"og:image\" content=\"https:\/\/royalfamily.org\/wp-content\/uploads\/2014\/02\/kruna.jpg\" \/>\n\t<meta property=\"og:image:width\" content=\"740\" \/>\n\t<meta property=\"og:image:height\" content=\"350\" \/>\n\t<meta property=\"og:image:type\" content=\"image\/jpeg\" \/>\n<meta name=\"author\" content=\"Stefan Milanovic\" \/>\n<meta name=\"twitter:card\" content=\"summary_large_image\" \/>\n<meta name=\"twitter:label1\" content=\"Written by\" \/>\n\t<meta name=\"twitter:data1\" content=\"Stefan Milanovic\" \/>\n\t<meta name=\"twitter:label2\" content=\"Est. reading time\" \/>\n\t<meta name=\"twitter:data2\" content=\"4 minutes\" \/>\n<script type=\"application\/ld+json\" class=\"yoast-schema-graph\">{\"@context\":\"https:\\\/\\\/schema.org\",\"@graph\":[{\"@type\":\"Article\",\"@id\":\"https:\\\/\\\/royalfamily.org\\\/lat\\\/politika-newspaper-madrid-talks-crown-is-in-europes-genes\\\/#article\",\"isPartOf\":{\"@id\":\"https:\\\/\\\/royalfamily.org\\\/lat\\\/politika-newspaper-madrid-talks-crown-is-in-europes-genes\\\/\"},\"author\":{\"name\":\"Stefan Milanovic\",\"@id\":\"https:\\\/\\\/royalfamily.org\\\/#\\\/schema\\\/person\\\/4ad3296a6a8a35eed333b6a785e9f648\"},\"headline\":\"Dnevni list Politika: MADRIDSKI RAZGOVORI &#8211; Kruna je u genima Evrope\",\"datePublished\":\"2015-04-03T14:21:30+00:00\",\"mainEntityOfPage\":{\"@id\":\"https:\\\/\\\/royalfamily.org\\\/lat\\\/politika-newspaper-madrid-talks-crown-is-in-europes-genes\\\/\"},\"wordCount\":785,\"publisher\":{\"@id\":\"https:\\\/\\\/royalfamily.org\\\/#organization\"},\"image\":{\"@id\":\"https:\\\/\\\/royalfamily.org\\\/lat\\\/politika-newspaper-madrid-talks-crown-is-in-europes-genes\\\/#primaryimage\"},\"thumbnailUrl\":\"https:\\\/\\\/royalfamily.org\\\/wp-content\\\/uploads\\\/2014\\\/02\\\/kruna.jpg\",\"articleSection\":[\"Vesti\"],\"inLanguage\":\"sr-LT\"},{\"@type\":\"WebPage\",\"@id\":\"https:\\\/\\\/royalfamily.org\\\/lat\\\/politika-newspaper-madrid-talks-crown-is-in-europes-genes\\\/\",\"url\":\"https:\\\/\\\/royalfamily.org\\\/lat\\\/politika-newspaper-madrid-talks-crown-is-in-europes-genes\\\/\",\"name\":\"Dnevni list Politika: MADRIDSKI RAZGOVORI - Kruna je u genima Evrope - The Royal Family of Serbia\",\"isPartOf\":{\"@id\":\"https:\\\/\\\/royalfamily.org\\\/#website\"},\"primaryImageOfPage\":{\"@id\":\"https:\\\/\\\/royalfamily.org\\\/lat\\\/politika-newspaper-madrid-talks-crown-is-in-europes-genes\\\/#primaryimage\"},\"image\":{\"@id\":\"https:\\\/\\\/royalfamily.org\\\/lat\\\/politika-newspaper-madrid-talks-crown-is-in-europes-genes\\\/#primaryimage\"},\"thumbnailUrl\":\"https:\\\/\\\/royalfamily.org\\\/wp-content\\\/uploads\\\/2014\\\/02\\\/kruna.jpg\",\"datePublished\":\"2015-04-03T14:21:30+00:00\",\"description\":\"Politika, 2. april 2015. &nbsp; MADRIDSKI RAZGOVORI Kruna je u genima Evrope &nbsp; Huan Luna, jedan od direktora muzeja Prado, vidi u monarhijama spas za\",\"breadcrumb\":{\"@id\":\"https:\\\/\\\/royalfamily.org\\\/lat\\\/politika-newspaper-madrid-talks-crown-is-in-europes-genes\\\/#breadcrumb\"},\"inLanguage\":\"sr-LT\",\"potentialAction\":[{\"@type\":\"ReadAction\",\"target\":[\"https:\\\/\\\/royalfamily.org\\\/lat\\\/politika-newspaper-madrid-talks-crown-is-in-europes-genes\\\/\"]}]},{\"@type\":\"ImageObject\",\"inLanguage\":\"sr-LT\",\"@id\":\"https:\\\/\\\/royalfamily.org\\\/lat\\\/politika-newspaper-madrid-talks-crown-is-in-europes-genes\\\/#primaryimage\",\"url\":\"https:\\\/\\\/royalfamily.org\\\/wp-content\\\/uploads\\\/2014\\\/02\\\/kruna.jpg\",\"contentUrl\":\"https:\\\/\\\/royalfamily.org\\\/wp-content\\\/uploads\\\/2014\\\/02\\\/kruna.jpg\",\"width\":740,\"height\":350},{\"@type\":\"BreadcrumbList\",\"@id\":\"https:\\\/\\\/royalfamily.org\\\/lat\\\/politika-newspaper-madrid-talks-crown-is-in-europes-genes\\\/#breadcrumb\",\"itemListElement\":[{\"@type\":\"ListItem\",\"position\":1,\"name\":\"Home\",\"item\":\"https:\\\/\\\/royalfamily.org\\\/lat\\\/\"},{\"@type\":\"ListItem\",\"position\":2,\"name\":\"Dnevni list Politika: MADRIDSKI RAZGOVORI &#8211; Kruna je u genima Evrope\"}]},{\"@type\":\"WebSite\",\"@id\":\"https:\\\/\\\/royalfamily.org\\\/#website\",\"url\":\"https:\\\/\\\/royalfamily.org\\\/\",\"name\":\"The Royal Family of Serbia\",\"description\":\"From the people, for the people\",\"publisher\":{\"@id\":\"https:\\\/\\\/royalfamily.org\\\/#organization\"},\"potentialAction\":[{\"@type\":\"SearchAction\",\"target\":{\"@type\":\"EntryPoint\",\"urlTemplate\":\"https:\\\/\\\/royalfamily.org\\\/?s={search_term_string}\"},\"query-input\":{\"@type\":\"PropertyValueSpecification\",\"valueRequired\":true,\"valueName\":\"search_term_string\"}}],\"inLanguage\":\"sr-LT\"},{\"@type\":\"Organization\",\"@id\":\"https:\\\/\\\/royalfamily.org\\\/#organization\",\"name\":\"Royal Family\",\"url\":\"https:\\\/\\\/royalfamily.org\\\/\",\"logo\":{\"@type\":\"ImageObject\",\"inLanguage\":\"sr-LT\",\"@id\":\"https:\\\/\\\/royalfamily.org\\\/#\\\/schema\\\/logo\\\/image\\\/\",\"url\":\"https:\\\/\\\/royalfamily.org\\\/wp-content\\\/uploads\\\/2019\\\/04\\\/logo-vector-02-V-latinica.png\",\"contentUrl\":\"https:\\\/\\\/royalfamily.org\\\/wp-content\\\/uploads\\\/2019\\\/04\\\/logo-vector-02-V-latinica.png\",\"width\":552,\"height\":99,\"caption\":\"Royal Family\"},\"image\":{\"@id\":\"https:\\\/\\\/royalfamily.org\\\/#\\\/schema\\\/logo\\\/image\\\/\"},\"sameAs\":[\"https:\\\/\\\/www.facebook.com\\\/Prestolonaslednik.Aleksandar\"]},{\"@type\":\"Person\",\"@id\":\"https:\\\/\\\/royalfamily.org\\\/#\\\/schema\\\/person\\\/4ad3296a6a8a35eed333b6a785e9f648\",\"name\":\"Stefan Milanovic\",\"image\":{\"@type\":\"ImageObject\",\"inLanguage\":\"sr-LT\",\"@id\":\"https:\\\/\\\/secure.gravatar.com\\\/avatar\\\/92dcbdcf3e32112a9ceb1e41665b1f44c69382d014cacfe12c701f6af7c40259?s=96&d=mm&r=g\",\"url\":\"https:\\\/\\\/secure.gravatar.com\\\/avatar\\\/92dcbdcf3e32112a9ceb1e41665b1f44c69382d014cacfe12c701f6af7c40259?s=96&d=mm&r=g\",\"contentUrl\":\"https:\\\/\\\/secure.gravatar.com\\\/avatar\\\/92dcbdcf3e32112a9ceb1e41665b1f44c69382d014cacfe12c701f6af7c40259?s=96&d=mm&r=g\",\"caption\":\"Stefan Milanovic\"}}]}<\/script>\n<!-- \/ Yoast SEO Premium plugin. -->","yoast_head_json":{"title":"Dnevni list Politika: MADRIDSKI RAZGOVORI - Kruna je u genima Evrope - The Royal Family of Serbia","description":"Politika, 2. april 2015. &nbsp; MADRIDSKI RAZGOVORI Kruna je u genima Evrope &nbsp; Huan Luna, jedan od direktora muzeja Prado, vidi u monarhijama spas za","robots":{"index":"index","follow":"follow","max-snippet":"max-snippet:-1","max-image-preview":"max-image-preview:large","max-video-preview":"max-video-preview:-1"},"canonical":"https:\/\/royalfamily.org\/lat\/politika-newspaper-madrid-talks-crown-is-in-europes-genes\/","og_locale":"en_US","og_type":"article","og_title":"Dnevni list Politika: MADRIDSKI RAZGOVORI - Kruna je u genima Evrope","og_description":"Politika, 2. april 2015. &nbsp; MADRIDSKI RAZGOVORI Kruna je u genima Evrope &nbsp; Huan Luna, jedan od direktora muzeja Prado, vidi u monarhijama spas za","og_url":"https:\/\/royalfamily.org\/lat\/politika-newspaper-madrid-talks-crown-is-in-europes-genes\/","og_site_name":"The Royal Family of Serbia","article_publisher":"https:\/\/www.facebook.com\/Prestolonaslednik.Aleksandar","article_published_time":"2015-04-03T14:21:30+00:00","og_image":[{"width":740,"height":350,"url":"https:\/\/royalfamily.org\/wp-content\/uploads\/2014\/02\/kruna.jpg","type":"image\/jpeg"}],"author":"Stefan Milanovic","twitter_card":"summary_large_image","twitter_misc":{"Written by":"Stefan Milanovic","Est. reading time":"4 minutes"},"schema":{"@context":"https:\/\/schema.org","@graph":[{"@type":"Article","@id":"https:\/\/royalfamily.org\/lat\/politika-newspaper-madrid-talks-crown-is-in-europes-genes\/#article","isPartOf":{"@id":"https:\/\/royalfamily.org\/lat\/politika-newspaper-madrid-talks-crown-is-in-europes-genes\/"},"author":{"name":"Stefan Milanovic","@id":"https:\/\/royalfamily.org\/#\/schema\/person\/4ad3296a6a8a35eed333b6a785e9f648"},"headline":"Dnevni list Politika: MADRIDSKI RAZGOVORI &#8211; Kruna je u genima Evrope","datePublished":"2015-04-03T14:21:30+00:00","mainEntityOfPage":{"@id":"https:\/\/royalfamily.org\/lat\/politika-newspaper-madrid-talks-crown-is-in-europes-genes\/"},"wordCount":785,"publisher":{"@id":"https:\/\/royalfamily.org\/#organization"},"image":{"@id":"https:\/\/royalfamily.org\/lat\/politika-newspaper-madrid-talks-crown-is-in-europes-genes\/#primaryimage"},"thumbnailUrl":"https:\/\/royalfamily.org\/wp-content\/uploads\/2014\/02\/kruna.jpg","articleSection":["Vesti"],"inLanguage":"sr-LT"},{"@type":"WebPage","@id":"https:\/\/royalfamily.org\/lat\/politika-newspaper-madrid-talks-crown-is-in-europes-genes\/","url":"https:\/\/royalfamily.org\/lat\/politika-newspaper-madrid-talks-crown-is-in-europes-genes\/","name":"Dnevni list Politika: MADRIDSKI RAZGOVORI - Kruna je u genima Evrope - The Royal Family of Serbia","isPartOf":{"@id":"https:\/\/royalfamily.org\/#website"},"primaryImageOfPage":{"@id":"https:\/\/royalfamily.org\/lat\/politika-newspaper-madrid-talks-crown-is-in-europes-genes\/#primaryimage"},"image":{"@id":"https:\/\/royalfamily.org\/lat\/politika-newspaper-madrid-talks-crown-is-in-europes-genes\/#primaryimage"},"thumbnailUrl":"https:\/\/royalfamily.org\/wp-content\/uploads\/2014\/02\/kruna.jpg","datePublished":"2015-04-03T14:21:30+00:00","description":"Politika, 2. april 2015. &nbsp; MADRIDSKI RAZGOVORI Kruna je u genima Evrope &nbsp; Huan Luna, jedan od direktora muzeja Prado, vidi u monarhijama spas za","breadcrumb":{"@id":"https:\/\/royalfamily.org\/lat\/politika-newspaper-madrid-talks-crown-is-in-europes-genes\/#breadcrumb"},"inLanguage":"sr-LT","potentialAction":[{"@type":"ReadAction","target":["https:\/\/royalfamily.org\/lat\/politika-newspaper-madrid-talks-crown-is-in-europes-genes\/"]}]},{"@type":"ImageObject","inLanguage":"sr-LT","@id":"https:\/\/royalfamily.org\/lat\/politika-newspaper-madrid-talks-crown-is-in-europes-genes\/#primaryimage","url":"https:\/\/royalfamily.org\/wp-content\/uploads\/2014\/02\/kruna.jpg","contentUrl":"https:\/\/royalfamily.org\/wp-content\/uploads\/2014\/02\/kruna.jpg","width":740,"height":350},{"@type":"BreadcrumbList","@id":"https:\/\/royalfamily.org\/lat\/politika-newspaper-madrid-talks-crown-is-in-europes-genes\/#breadcrumb","itemListElement":[{"@type":"ListItem","position":1,"name":"Home","item":"https:\/\/royalfamily.org\/lat\/"},{"@type":"ListItem","position":2,"name":"Dnevni list Politika: MADRIDSKI RAZGOVORI &#8211; Kruna je u genima Evrope"}]},{"@type":"WebSite","@id":"https:\/\/royalfamily.org\/#website","url":"https:\/\/royalfamily.org\/","name":"The Royal Family of Serbia","description":"From the people, for the people","publisher":{"@id":"https:\/\/royalfamily.org\/#organization"},"potentialAction":[{"@type":"SearchAction","target":{"@type":"EntryPoint","urlTemplate":"https:\/\/royalfamily.org\/?s={search_term_string}"},"query-input":{"@type":"PropertyValueSpecification","valueRequired":true,"valueName":"search_term_string"}}],"inLanguage":"sr-LT"},{"@type":"Organization","@id":"https:\/\/royalfamily.org\/#organization","name":"Royal Family","url":"https:\/\/royalfamily.org\/","logo":{"@type":"ImageObject","inLanguage":"sr-LT","@id":"https:\/\/royalfamily.org\/#\/schema\/logo\/image\/","url":"https:\/\/royalfamily.org\/wp-content\/uploads\/2019\/04\/logo-vector-02-V-latinica.png","contentUrl":"https:\/\/royalfamily.org\/wp-content\/uploads\/2019\/04\/logo-vector-02-V-latinica.png","width":552,"height":99,"caption":"Royal Family"},"image":{"@id":"https:\/\/royalfamily.org\/#\/schema\/logo\/image\/"},"sameAs":["https:\/\/www.facebook.com\/Prestolonaslednik.Aleksandar"]},{"@type":"Person","@id":"https:\/\/royalfamily.org\/#\/schema\/person\/4ad3296a6a8a35eed333b6a785e9f648","name":"Stefan Milanovic","image":{"@type":"ImageObject","inLanguage":"sr-LT","@id":"https:\/\/secure.gravatar.com\/avatar\/92dcbdcf3e32112a9ceb1e41665b1f44c69382d014cacfe12c701f6af7c40259?s=96&d=mm&r=g","url":"https:\/\/secure.gravatar.com\/avatar\/92dcbdcf3e32112a9ceb1e41665b1f44c69382d014cacfe12c701f6af7c40259?s=96&d=mm&r=g","contentUrl":"https:\/\/secure.gravatar.com\/avatar\/92dcbdcf3e32112a9ceb1e41665b1f44c69382d014cacfe12c701f6af7c40259?s=96&d=mm&r=g","caption":"Stefan Milanovic"}}]}},"_links":{"self":[{"href":"https:\/\/royalfamily.org\/lat\/wp-json\/wp\/v2\/posts\/19219","targetHints":{"allow":["GET"]}}],"collection":[{"href":"https:\/\/royalfamily.org\/lat\/wp-json\/wp\/v2\/posts"}],"about":[{"href":"https:\/\/royalfamily.org\/lat\/wp-json\/wp\/v2\/types\/post"}],"author":[{"embeddable":true,"href":"https:\/\/royalfamily.org\/lat\/wp-json\/wp\/v2\/users\/1001015"}],"replies":[{"embeddable":true,"href":"https:\/\/royalfamily.org\/lat\/wp-json\/wp\/v2\/comments?post=19219"}],"version-history":[{"count":0,"href":"https:\/\/royalfamily.org\/lat\/wp-json\/wp\/v2\/posts\/19219\/revisions"}],"wp:featuredmedia":[{"embeddable":true,"href":"https:\/\/royalfamily.org\/lat\/wp-json\/wp\/v2\/media\/7615"}],"wp:attachment":[{"href":"https:\/\/royalfamily.org\/lat\/wp-json\/wp\/v2\/media?parent=19219"}],"wp:term":[{"taxonomy":"category","embeddable":true,"href":"https:\/\/royalfamily.org\/lat\/wp-json\/wp\/v2\/categories?post=19219"},{"taxonomy":"post_tag","embeddable":true,"href":"https:\/\/royalfamily.org\/lat\/wp-json\/wp\/v2\/tags?post=19219"}],"curies":[{"name":"wp","href":"https:\/\/api.w.org\/{rel}","templated":true}]}}