{"id":24053,"date":"2015-11-05T14:16:18","date_gmt":"2015-11-05T14:16:18","guid":{"rendered":"https:\/\/royalfamily.org\/crown-prince-alexanders-statement-on-serbian-heritage-in-kosovo-and-metohija-2\/"},"modified":"2015-11-05T14:16:18","modified_gmt":"2015-11-05T14:16:18","slug":"crown-prince-alexanders-statement-on-serbian-heritage-in-kosovo-and-metohija","status":"publish","type":"post","link":"https:\/\/royalfamily.org\/lat\/crown-prince-alexanders-statement-on-serbian-heritage-in-kosovo-and-metohija\/","title":{"rendered":"Stav Prestolonaslednika Aleksandra o srpskom nasle\u0111u na Kosovu i Metohiji"},"content":{"rendered":"<p><strong>\u201eU\u010dinimo srpsko nasle\u0111e vidljivim. Po\u0111imo bar jednom godi\u0161nje do na\u0161ih manastira na Kosovu i Metohiji.\u201c<\/strong><\/p>\n<p><strong>Povodom zahteva samoprogla\u0161ene dr\u017eave Kosovo za prijem u UNESKO, Njegovo Kraljevsko Viso\u010danstvo Prestolonaslednik Aleksandardaje daje slede\u0107u izjavu:<\/strong><\/p>\n<p>Izborili smo se da Srbija zauzima ugledno mesto u jednoj od najva\u017enijih svetskih organizacija UNESKO-u. I za to sam zahvalan svim odgovornim ljudima u na\u0161oj i svetskoj kulturi. A opet, ve\u0107 drugi put za pet godina moramo da branimo svoje vekovno nasle\u0111e od licemerja politike.<\/p>\n<p>Pre pet godina smo uspeli. Tada se poku\u0161avalo da se preimenuje naziv srpskog nasle\u0111a na listi za\u0161tite. Uspeli smo jer smo umesto politi\u010dkog branili nesporno civilizacijsko na\u010delo da naziv nasle\u0111a koje se \u0161titi MORA da ostane pod onim imenom pod kojim je i upisano na listu UNESKO-a.<\/p>\n<p>\u017delim da znate, da ja li\u010dno, moja porodica i savetodavna tela Krune ve\u0107 mesecima \u010dinimo sve \u0161to je u na\u0161oj mo\u0107i da se predlo\u017eena odluka na Generalnoj konferenciji UNESKO-a naredne nedelje ne usvoji. I to ne \u010dinimo zbog toga \u0161to je skoro celokupno srpsko nasle\u0111e na Kosovu i Metohiji ostav\u0161tina srpskih kraljeva ve\u0107 zato \u0161to je to nasle\u0111e ve\u0107 decenijama i bez me\u0111unarodnih politi\u010dkih igara mo\u0107i ugro\u017eeno kao civilizacijsko nasle\u0111e.<\/p>\n<p>I imam nadu da \u0107emo, svi zajedno, i ovog puta uspeti. Ali moram da ka\u017eem da to ne\u0107e biti dovoljno. I ne\u0107e biti trajno ako se ovde u Srbiji prema srpskom nasle\u0111u pona\u0161amo politi\u010dki licemerno dele\u0107i ga na crkveno i kraljevsko, na na\u0161e i tu\u0111e.<\/p>\n<p>Za po\u010detak, koliko god bilo te\u0161ko, moja porodica i ja smo to mnogo puta iskusili, molim Vas hajde da u\u010dinimo na\u0161e nasle\u0111e \u017eivim. U\u010dinimo ga vidljivim. Po\u0111imo bar jednom godi\u0161nje do na\u0161ih manastira na Kosovu i Metohiji.<\/p>\n","protected":false},"excerpt":{"rendered":"<p>\u201eU\u010dinimo srpsko nasle\u0111e vidljivim. Po\u0111imo bar jednom godi\u0161nje do na\u0161ih manastira na Kosovu i Metohiji.\u201c  [&#8230;]<\/p>\n","protected":false},"author":1001015,"featured_media":14586,"comment_status":"closed","ping_status":"closed","sticky":false,"template":"","format":"standard","meta":{"_acf_changed":false,"footnotes":""},"categories":[22],"tags":[],"class_list":["post-24053","post","type-post","status-publish","format-standard","has-post-thumbnail","hentry","category-vesti"],"acf":[],"yoast_head":"<!-- This site is optimized with the Yoast SEO Premium plugin v27.5 (Yoast SEO v27.5) - https:\/\/yoast.com\/product\/yoast-seo-premium-wordpress\/ -->\n<title>Stav Prestolonaslednika Aleksandra o srpskom nasle\u0111u na Kosovu i Metohiji - The Royal Family of Serbia<\/title>\n<meta name=\"description\" content=\"\u201eU\u010dinimo srpsko nasle\u0111e vidljivim. Po\u0111imo bar jednom godi\u0161nje do na\u0161ih manastira na Kosovu i Metohiji.\u201c Povodom zahteva samoprogla\u0161ene dr\u017eave Kosovo za\" \/>\n<meta name=\"robots\" content=\"index, follow, max-snippet:-1, max-image-preview:large, max-video-preview:-1\" \/>\n<link rel=\"canonical\" href=\"https:\/\/royalfamily.org\/lat\/crown-prince-alexanders-statement-on-serbian-heritage-in-kosovo-and-metohija\/\" \/>\n<meta property=\"og:locale\" content=\"en_US\" \/>\n<meta property=\"og:type\" content=\"article\" \/>\n<meta property=\"og:title\" content=\"Stav Prestolonaslednika Aleksandra o srpskom nasle\u0111u na Kosovu i Metohiji\" \/>\n<meta property=\"og:description\" content=\"\u201eU\u010dinimo srpsko nasle\u0111e vidljivim. Po\u0111imo bar jednom godi\u0161nje do na\u0161ih manastira na Kosovu i Metohiji.\u201c Povodom zahteva samoprogla\u0161ene dr\u017eave Kosovo za\" \/>\n<meta property=\"og:url\" content=\"https:\/\/royalfamily.org\/lat\/crown-prince-alexanders-statement-on-serbian-heritage-in-kosovo-and-metohija\/\" \/>\n<meta property=\"og:site_name\" content=\"The Royal Family of Serbia\" \/>\n<meta property=\"article:publisher\" content=\"https:\/\/www.facebook.com\/Prestolonaslednik.Aleksandar\" \/>\n<meta property=\"article:published_time\" content=\"2015-11-05T14:16:18+00:00\" \/>\n<meta property=\"og:image\" content=\"https:\/\/royalfamily.org\/wp-content\/uploads\/2015\/01\/Princ.jpg\" \/>\n\t<meta property=\"og:image:width\" content=\"740\" \/>\n\t<meta property=\"og:image:height\" content=\"350\" \/>\n\t<meta property=\"og:image:type\" content=\"image\/jpeg\" \/>\n<meta name=\"author\" content=\"Stefan Milanovic\" \/>\n<meta name=\"twitter:card\" content=\"summary_large_image\" \/>\n<meta name=\"twitter:label1\" content=\"Written by\" \/>\n\t<meta name=\"twitter:data1\" content=\"Stefan Milanovic\" \/>\n\t<meta name=\"twitter:label2\" content=\"Est. reading time\" \/>\n\t<meta name=\"twitter:data2\" content=\"2 minutes\" \/>\n<script type=\"application\/ld+json\" class=\"yoast-schema-graph\">{\"@context\":\"https:\\\/\\\/schema.org\",\"@graph\":[{\"@type\":\"Article\",\"@id\":\"https:\\\/\\\/royalfamily.org\\\/lat\\\/crown-prince-alexanders-statement-on-serbian-heritage-in-kosovo-and-metohija\\\/#article\",\"isPartOf\":{\"@id\":\"https:\\\/\\\/royalfamily.org\\\/lat\\\/crown-prince-alexanders-statement-on-serbian-heritage-in-kosovo-and-metohija\\\/\"},\"author\":{\"name\":\"Stefan Milanovic\",\"@id\":\"https:\\\/\\\/royalfamily.org\\\/#\\\/schema\\\/person\\\/4ad3296a6a8a35eed333b6a785e9f648\"},\"headline\":\"Stav Prestolonaslednika Aleksandra o srpskom nasle\u0111u na Kosovu i Metohiji\",\"datePublished\":\"2015-11-05T14:16:18+00:00\",\"mainEntityOfPage\":{\"@id\":\"https:\\\/\\\/royalfamily.org\\\/lat\\\/crown-prince-alexanders-statement-on-serbian-heritage-in-kosovo-and-metohija\\\/\"},\"wordCount\":335,\"publisher\":{\"@id\":\"https:\\\/\\\/royalfamily.org\\\/#organization\"},\"image\":{\"@id\":\"https:\\\/\\\/royalfamily.org\\\/lat\\\/crown-prince-alexanders-statement-on-serbian-heritage-in-kosovo-and-metohija\\\/#primaryimage\"},\"thumbnailUrl\":\"https:\\\/\\\/royalfamily.org\\\/wp-content\\\/uploads\\\/2015\\\/01\\\/Princ.jpg\",\"articleSection\":[\"Vesti\"],\"inLanguage\":\"sr-LT\"},{\"@type\":\"WebPage\",\"@id\":\"https:\\\/\\\/royalfamily.org\\\/lat\\\/crown-prince-alexanders-statement-on-serbian-heritage-in-kosovo-and-metohija\\\/\",\"url\":\"https:\\\/\\\/royalfamily.org\\\/lat\\\/crown-prince-alexanders-statement-on-serbian-heritage-in-kosovo-and-metohija\\\/\",\"name\":\"Stav Prestolonaslednika Aleksandra o srpskom nasle\u0111u na Kosovu i Metohiji - The Royal Family of Serbia\",\"isPartOf\":{\"@id\":\"https:\\\/\\\/royalfamily.org\\\/#website\"},\"primaryImageOfPage\":{\"@id\":\"https:\\\/\\\/royalfamily.org\\\/lat\\\/crown-prince-alexanders-statement-on-serbian-heritage-in-kosovo-and-metohija\\\/#primaryimage\"},\"image\":{\"@id\":\"https:\\\/\\\/royalfamily.org\\\/lat\\\/crown-prince-alexanders-statement-on-serbian-heritage-in-kosovo-and-metohija\\\/#primaryimage\"},\"thumbnailUrl\":\"https:\\\/\\\/royalfamily.org\\\/wp-content\\\/uploads\\\/2015\\\/01\\\/Princ.jpg\",\"datePublished\":\"2015-11-05T14:16:18+00:00\",\"description\":\"\u201eU\u010dinimo srpsko nasle\u0111e vidljivim. Po\u0111imo bar jednom godi\u0161nje do na\u0161ih manastira na Kosovu i Metohiji.\u201c Povodom zahteva samoprogla\u0161ene dr\u017eave Kosovo za\",\"breadcrumb\":{\"@id\":\"https:\\\/\\\/royalfamily.org\\\/lat\\\/crown-prince-alexanders-statement-on-serbian-heritage-in-kosovo-and-metohija\\\/#breadcrumb\"},\"inLanguage\":\"sr-LT\",\"potentialAction\":[{\"@type\":\"ReadAction\",\"target\":[\"https:\\\/\\\/royalfamily.org\\\/lat\\\/crown-prince-alexanders-statement-on-serbian-heritage-in-kosovo-and-metohija\\\/\"]}]},{\"@type\":\"ImageObject\",\"inLanguage\":\"sr-LT\",\"@id\":\"https:\\\/\\\/royalfamily.org\\\/lat\\\/crown-prince-alexanders-statement-on-serbian-heritage-in-kosovo-and-metohija\\\/#primaryimage\",\"url\":\"https:\\\/\\\/royalfamily.org\\\/wp-content\\\/uploads\\\/2015\\\/01\\\/Princ.jpg\",\"contentUrl\":\"https:\\\/\\\/royalfamily.org\\\/wp-content\\\/uploads\\\/2015\\\/01\\\/Princ.jpg\",\"width\":740,\"height\":350},{\"@type\":\"BreadcrumbList\",\"@id\":\"https:\\\/\\\/royalfamily.org\\\/lat\\\/crown-prince-alexanders-statement-on-serbian-heritage-in-kosovo-and-metohija\\\/#breadcrumb\",\"itemListElement\":[{\"@type\":\"ListItem\",\"position\":1,\"name\":\"Home\",\"item\":\"https:\\\/\\\/royalfamily.org\\\/lat\\\/\"},{\"@type\":\"ListItem\",\"position\":2,\"name\":\"Stav Prestolonaslednika Aleksandra o srpskom nasle\u0111u na Kosovu i Metohiji\"}]},{\"@type\":\"WebSite\",\"@id\":\"https:\\\/\\\/royalfamily.org\\\/#website\",\"url\":\"https:\\\/\\\/royalfamily.org\\\/\",\"name\":\"The Royal Family of Serbia\",\"description\":\"From the people, for the people\",\"publisher\":{\"@id\":\"https:\\\/\\\/royalfamily.org\\\/#organization\"},\"potentialAction\":[{\"@type\":\"SearchAction\",\"target\":{\"@type\":\"EntryPoint\",\"urlTemplate\":\"https:\\\/\\\/royalfamily.org\\\/?s={search_term_string}\"},\"query-input\":{\"@type\":\"PropertyValueSpecification\",\"valueRequired\":true,\"valueName\":\"search_term_string\"}}],\"inLanguage\":\"sr-LT\"},{\"@type\":\"Organization\",\"@id\":\"https:\\\/\\\/royalfamily.org\\\/#organization\",\"name\":\"Royal Family\",\"url\":\"https:\\\/\\\/royalfamily.org\\\/\",\"logo\":{\"@type\":\"ImageObject\",\"inLanguage\":\"sr-LT\",\"@id\":\"https:\\\/\\\/royalfamily.org\\\/#\\\/schema\\\/logo\\\/image\\\/\",\"url\":\"https:\\\/\\\/royalfamily.org\\\/wp-content\\\/uploads\\\/2019\\\/04\\\/logo-vector-02-V-latinica.png\",\"contentUrl\":\"https:\\\/\\\/royalfamily.org\\\/wp-content\\\/uploads\\\/2019\\\/04\\\/logo-vector-02-V-latinica.png\",\"width\":552,\"height\":99,\"caption\":\"Royal Family\"},\"image\":{\"@id\":\"https:\\\/\\\/royalfamily.org\\\/#\\\/schema\\\/logo\\\/image\\\/\"},\"sameAs\":[\"https:\\\/\\\/www.facebook.com\\\/Prestolonaslednik.Aleksandar\"]},{\"@type\":\"Person\",\"@id\":\"https:\\\/\\\/royalfamily.org\\\/#\\\/schema\\\/person\\\/4ad3296a6a8a35eed333b6a785e9f648\",\"name\":\"Stefan Milanovic\",\"image\":{\"@type\":\"ImageObject\",\"inLanguage\":\"sr-LT\",\"@id\":\"https:\\\/\\\/secure.gravatar.com\\\/avatar\\\/92dcbdcf3e32112a9ceb1e41665b1f44c69382d014cacfe12c701f6af7c40259?s=96&d=mm&r=g\",\"url\":\"https:\\\/\\\/secure.gravatar.com\\\/avatar\\\/92dcbdcf3e32112a9ceb1e41665b1f44c69382d014cacfe12c701f6af7c40259?s=96&d=mm&r=g\",\"contentUrl\":\"https:\\\/\\\/secure.gravatar.com\\\/avatar\\\/92dcbdcf3e32112a9ceb1e41665b1f44c69382d014cacfe12c701f6af7c40259?s=96&d=mm&r=g\",\"caption\":\"Stefan Milanovic\"}}]}<\/script>\n<!-- \/ Yoast SEO Premium plugin. -->","yoast_head_json":{"title":"Stav Prestolonaslednika Aleksandra o srpskom nasle\u0111u na Kosovu i Metohiji - The Royal Family of Serbia","description":"\u201eU\u010dinimo srpsko nasle\u0111e vidljivim. Po\u0111imo bar jednom godi\u0161nje do na\u0161ih manastira na Kosovu i Metohiji.\u201c Povodom zahteva samoprogla\u0161ene dr\u017eave Kosovo za","robots":{"index":"index","follow":"follow","max-snippet":"max-snippet:-1","max-image-preview":"max-image-preview:large","max-video-preview":"max-video-preview:-1"},"canonical":"https:\/\/royalfamily.org\/lat\/crown-prince-alexanders-statement-on-serbian-heritage-in-kosovo-and-metohija\/","og_locale":"en_US","og_type":"article","og_title":"Stav Prestolonaslednika Aleksandra o srpskom nasle\u0111u na Kosovu i Metohiji","og_description":"\u201eU\u010dinimo srpsko nasle\u0111e vidljivim. Po\u0111imo bar jednom godi\u0161nje do na\u0161ih manastira na Kosovu i Metohiji.\u201c Povodom zahteva samoprogla\u0161ene dr\u017eave Kosovo za","og_url":"https:\/\/royalfamily.org\/lat\/crown-prince-alexanders-statement-on-serbian-heritage-in-kosovo-and-metohija\/","og_site_name":"The Royal Family of Serbia","article_publisher":"https:\/\/www.facebook.com\/Prestolonaslednik.Aleksandar","article_published_time":"2015-11-05T14:16:18+00:00","og_image":[{"width":740,"height":350,"url":"https:\/\/royalfamily.org\/wp-content\/uploads\/2015\/01\/Princ.jpg","type":"image\/jpeg"}],"author":"Stefan Milanovic","twitter_card":"summary_large_image","twitter_misc":{"Written by":"Stefan Milanovic","Est. reading time":"2 minutes"},"schema":{"@context":"https:\/\/schema.org","@graph":[{"@type":"Article","@id":"https:\/\/royalfamily.org\/lat\/crown-prince-alexanders-statement-on-serbian-heritage-in-kosovo-and-metohija\/#article","isPartOf":{"@id":"https:\/\/royalfamily.org\/lat\/crown-prince-alexanders-statement-on-serbian-heritage-in-kosovo-and-metohija\/"},"author":{"name":"Stefan Milanovic","@id":"https:\/\/royalfamily.org\/#\/schema\/person\/4ad3296a6a8a35eed333b6a785e9f648"},"headline":"Stav Prestolonaslednika Aleksandra o srpskom nasle\u0111u na Kosovu i Metohiji","datePublished":"2015-11-05T14:16:18+00:00","mainEntityOfPage":{"@id":"https:\/\/royalfamily.org\/lat\/crown-prince-alexanders-statement-on-serbian-heritage-in-kosovo-and-metohija\/"},"wordCount":335,"publisher":{"@id":"https:\/\/royalfamily.org\/#organization"},"image":{"@id":"https:\/\/royalfamily.org\/lat\/crown-prince-alexanders-statement-on-serbian-heritage-in-kosovo-and-metohija\/#primaryimage"},"thumbnailUrl":"https:\/\/royalfamily.org\/wp-content\/uploads\/2015\/01\/Princ.jpg","articleSection":["Vesti"],"inLanguage":"sr-LT"},{"@type":"WebPage","@id":"https:\/\/royalfamily.org\/lat\/crown-prince-alexanders-statement-on-serbian-heritage-in-kosovo-and-metohija\/","url":"https:\/\/royalfamily.org\/lat\/crown-prince-alexanders-statement-on-serbian-heritage-in-kosovo-and-metohija\/","name":"Stav Prestolonaslednika Aleksandra o srpskom nasle\u0111u na Kosovu i Metohiji - The Royal Family of Serbia","isPartOf":{"@id":"https:\/\/royalfamily.org\/#website"},"primaryImageOfPage":{"@id":"https:\/\/royalfamily.org\/lat\/crown-prince-alexanders-statement-on-serbian-heritage-in-kosovo-and-metohija\/#primaryimage"},"image":{"@id":"https:\/\/royalfamily.org\/lat\/crown-prince-alexanders-statement-on-serbian-heritage-in-kosovo-and-metohija\/#primaryimage"},"thumbnailUrl":"https:\/\/royalfamily.org\/wp-content\/uploads\/2015\/01\/Princ.jpg","datePublished":"2015-11-05T14:16:18+00:00","description":"\u201eU\u010dinimo srpsko nasle\u0111e vidljivim. Po\u0111imo bar jednom godi\u0161nje do na\u0161ih manastira na Kosovu i Metohiji.\u201c Povodom zahteva samoprogla\u0161ene dr\u017eave Kosovo za","breadcrumb":{"@id":"https:\/\/royalfamily.org\/lat\/crown-prince-alexanders-statement-on-serbian-heritage-in-kosovo-and-metohija\/#breadcrumb"},"inLanguage":"sr-LT","potentialAction":[{"@type":"ReadAction","target":["https:\/\/royalfamily.org\/lat\/crown-prince-alexanders-statement-on-serbian-heritage-in-kosovo-and-metohija\/"]}]},{"@type":"ImageObject","inLanguage":"sr-LT","@id":"https:\/\/royalfamily.org\/lat\/crown-prince-alexanders-statement-on-serbian-heritage-in-kosovo-and-metohija\/#primaryimage","url":"https:\/\/royalfamily.org\/wp-content\/uploads\/2015\/01\/Princ.jpg","contentUrl":"https:\/\/royalfamily.org\/wp-content\/uploads\/2015\/01\/Princ.jpg","width":740,"height":350},{"@type":"BreadcrumbList","@id":"https:\/\/royalfamily.org\/lat\/crown-prince-alexanders-statement-on-serbian-heritage-in-kosovo-and-metohija\/#breadcrumb","itemListElement":[{"@type":"ListItem","position":1,"name":"Home","item":"https:\/\/royalfamily.org\/lat\/"},{"@type":"ListItem","position":2,"name":"Stav Prestolonaslednika Aleksandra o srpskom nasle\u0111u na Kosovu i Metohiji"}]},{"@type":"WebSite","@id":"https:\/\/royalfamily.org\/#website","url":"https:\/\/royalfamily.org\/","name":"The Royal Family of Serbia","description":"From the people, for the people","publisher":{"@id":"https:\/\/royalfamily.org\/#organization"},"potentialAction":[{"@type":"SearchAction","target":{"@type":"EntryPoint","urlTemplate":"https:\/\/royalfamily.org\/?s={search_term_string}"},"query-input":{"@type":"PropertyValueSpecification","valueRequired":true,"valueName":"search_term_string"}}],"inLanguage":"sr-LT"},{"@type":"Organization","@id":"https:\/\/royalfamily.org\/#organization","name":"Royal Family","url":"https:\/\/royalfamily.org\/","logo":{"@type":"ImageObject","inLanguage":"sr-LT","@id":"https:\/\/royalfamily.org\/#\/schema\/logo\/image\/","url":"https:\/\/royalfamily.org\/wp-content\/uploads\/2019\/04\/logo-vector-02-V-latinica.png","contentUrl":"https:\/\/royalfamily.org\/wp-content\/uploads\/2019\/04\/logo-vector-02-V-latinica.png","width":552,"height":99,"caption":"Royal Family"},"image":{"@id":"https:\/\/royalfamily.org\/#\/schema\/logo\/image\/"},"sameAs":["https:\/\/www.facebook.com\/Prestolonaslednik.Aleksandar"]},{"@type":"Person","@id":"https:\/\/royalfamily.org\/#\/schema\/person\/4ad3296a6a8a35eed333b6a785e9f648","name":"Stefan Milanovic","image":{"@type":"ImageObject","inLanguage":"sr-LT","@id":"https:\/\/secure.gravatar.com\/avatar\/92dcbdcf3e32112a9ceb1e41665b1f44c69382d014cacfe12c701f6af7c40259?s=96&d=mm&r=g","url":"https:\/\/secure.gravatar.com\/avatar\/92dcbdcf3e32112a9ceb1e41665b1f44c69382d014cacfe12c701f6af7c40259?s=96&d=mm&r=g","contentUrl":"https:\/\/secure.gravatar.com\/avatar\/92dcbdcf3e32112a9ceb1e41665b1f44c69382d014cacfe12c701f6af7c40259?s=96&d=mm&r=g","caption":"Stefan Milanovic"}}]}},"_links":{"self":[{"href":"https:\/\/royalfamily.org\/lat\/wp-json\/wp\/v2\/posts\/24053","targetHints":{"allow":["GET"]}}],"collection":[{"href":"https:\/\/royalfamily.org\/lat\/wp-json\/wp\/v2\/posts"}],"about":[{"href":"https:\/\/royalfamily.org\/lat\/wp-json\/wp\/v2\/types\/post"}],"author":[{"embeddable":true,"href":"https:\/\/royalfamily.org\/lat\/wp-json\/wp\/v2\/users\/1001015"}],"replies":[{"embeddable":true,"href":"https:\/\/royalfamily.org\/lat\/wp-json\/wp\/v2\/comments?post=24053"}],"version-history":[{"count":0,"href":"https:\/\/royalfamily.org\/lat\/wp-json\/wp\/v2\/posts\/24053\/revisions"}],"wp:featuredmedia":[{"embeddable":true,"href":"https:\/\/royalfamily.org\/lat\/wp-json\/wp\/v2\/media\/14586"}],"wp:attachment":[{"href":"https:\/\/royalfamily.org\/lat\/wp-json\/wp\/v2\/media?parent=24053"}],"wp:term":[{"taxonomy":"category","embeddable":true,"href":"https:\/\/royalfamily.org\/lat\/wp-json\/wp\/v2\/categories?post=24053"},{"taxonomy":"post_tag","embeddable":true,"href":"https:\/\/royalfamily.org\/lat\/wp-json\/wp\/v2\/tags?post=24053"}],"curies":[{"name":"wp","href":"https:\/\/api.w.org\/{rel}","templated":true}]}}