{"id":24438,"date":"2015-12-18T15:37:55","date_gmt":"2015-12-18T15:37:55","guid":{"rendered":"https:\/\/royalfamily.org\/crown-princess-katherines-message-international-migrants-day-2\/"},"modified":"2015-12-18T15:37:55","modified_gmt":"2015-12-18T15:37:55","slug":"crown-princess-katherines-message-international-migrants-day","status":"publish","type":"post","link":"https:\/\/royalfamily.org\/lat\/crown-princess-katherines-message-international-migrants-day\/","title":{"rendered":"Poruka Princeze Katarine povodom Me\u0111unarodnog dana migranata"},"content":{"rendered":"<p><strong>U svetu se danas obele\u017eava Me\u0111unarodni dan migranata, datum koji je Generalna skup\u0161tina Ujedinjenih Nacija usvojila 2000. godine, jer je na taj dan 1990. godine usvojena Konvencija o za\u0161titi prava migrantskih radnika i \u010dlanova njihovih porodica. Prema slu\u017ebenim podacima u svetu \u017eivi oko 230 miliona migranata. Ove godine, ovaj datum ima vi\u0161estruko zna\u010denje, jer je svet suo\u010den sa najve\u0107om migranskom krizom od Drugog svetskog rata. Tokom 2015. godine, stradao je veliki broj migranata, oko 3.600, najvi\u0161e u Sredozemnom moru u poku\u0161aju da se domognu zemalja Evropske unije. Kroz Srbiju je samo tokom ove godine pro\u0161lo preko 600.000 migranata. Na\u0161a zemlja pokazala se kao dobar i human doma\u0107in. Vlada Republike Srbije potrudila se da svi migranti koji su prolazili kroz na\u0161u zemlju budu registrovani, obezbedila im privremeni sme\u0161taj u kampovima, garderobu, hranu, vodu, lekove. Fondacija Njenog Kraljevskog Viso\u010danstva Princeze Katarine svesrdno je pomagala u tome obezbediv\u0161i nekoliko kontigenata humanitarne pomo\u0107i. <\/strong><\/p>\n<p>Poruka Princeze Katarine povodom Me\u0111unarodnog dana migranata:<\/p>\n<p>\u201e<em>Na\u0161a zemlja i na\u0161 narod, na \u017ealost, veoma dobro znaju \u0161ta su izbegli\u010dke muke. U pro\u0161losti smo se mnogo puta susretali sa tom neda\u0107om. Nikome na svetu nije \u017eelja da bude proteran sa svog ognji\u0161ta ili da bude primoran da napusti isto. Svaka izbegli\u010dka rana na du\u0161i je velika i gotovo nikada ne zarasta. Zato smo razumeli svu bol i patnju izbeglica sa bliskog istoka koje su ove godine prolazile kroz na\u0161u zemlju. Pokazali smo da smo narod velike du\u0161e i velikog srca. Ponosna sam na tu \u010dinjenicu. Sve \u00a0dr\u017eave na svetu imaju suvereno pravo da upravljaju svojim granicama, ali du\u017ene su i da ispunjavaju svoje me\u0111unarodne obaveze, jer svi ljudi, bez obzira na nacionalnost ili zakonski status, treba da u\u017eivaju osnovna ljudska prava<\/em>\u201c \u2013 istakla je Princeza Katarina.<\/p>\n","protected":false},"excerpt":{"rendered":"<p>U svetu se danas obele\u017eava Me\u0111unarodni dan migranata, datum koji je Generalna skup\u0161tina Ujedinjenih Nacija  [&#8230;]<\/p>\n","protected":false},"author":1001015,"featured_media":23265,"comment_status":"closed","ping_status":"closed","sticky":false,"template":"","format":"standard","meta":{"_acf_changed":false,"footnotes":""},"categories":[22],"tags":[],"class_list":["post-24438","post","type-post","status-publish","format-standard","has-post-thumbnail","hentry","category-vesti"],"acf":[],"yoast_head":"<!-- This site is optimized with the Yoast SEO Premium plugin v27.5 (Yoast SEO v27.5) - https:\/\/yoast.com\/product\/yoast-seo-premium-wordpress\/ -->\n<title>Poruka Princeze Katarine povodom Me\u0111unarodnog dana migranata - The Royal Family of Serbia<\/title>\n<meta name=\"description\" content=\"U svetu se danas obele\u017eava Me\u0111unarodni dan migranata, datum koji je Generalna skup\u0161tina Ujedinjenih Nacija usvojila 2000. godine, jer je na taj dan 1990.\" \/>\n<meta name=\"robots\" content=\"index, follow, max-snippet:-1, max-image-preview:large, max-video-preview:-1\" \/>\n<link rel=\"canonical\" href=\"https:\/\/royalfamily.org\/lat\/crown-princess-katherines-message-international-migrants-day\/\" \/>\n<meta property=\"og:locale\" content=\"en_US\" \/>\n<meta property=\"og:type\" content=\"article\" \/>\n<meta property=\"og:title\" content=\"Poruka Princeze Katarine povodom Me\u0111unarodnog dana migranata\" \/>\n<meta property=\"og:description\" content=\"U svetu se danas obele\u017eava Me\u0111unarodni dan migranata, datum koji je Generalna skup\u0161tina Ujedinjenih Nacija usvojila 2000. godine, jer je na taj dan 1990.\" \/>\n<meta property=\"og:url\" content=\"https:\/\/royalfamily.org\/lat\/crown-princess-katherines-message-international-migrants-day\/\" \/>\n<meta property=\"og:site_name\" content=\"The Royal Family of Serbia\" \/>\n<meta property=\"article:publisher\" content=\"https:\/\/www.facebook.com\/Prestolonaslednik.Aleksandar\" \/>\n<meta property=\"article:published_time\" content=\"2015-12-18T15:37:55+00:00\" \/>\n<meta property=\"og:image\" content=\"https:\/\/royalfamily.org\/wp-content\/uploads\/2015\/08\/02.jpg\" \/>\n\t<meta property=\"og:image:width\" content=\"740\" \/>\n\t<meta property=\"og:image:height\" content=\"350\" \/>\n\t<meta property=\"og:image:type\" content=\"image\/jpeg\" \/>\n<meta name=\"author\" content=\"Stefan Milanovic\" \/>\n<meta name=\"twitter:card\" content=\"summary_large_image\" \/>\n<meta name=\"twitter:label1\" content=\"Written by\" \/>\n\t<meta name=\"twitter:data1\" content=\"Stefan Milanovic\" \/>\n\t<meta name=\"twitter:label2\" content=\"Est. reading time\" \/>\n\t<meta name=\"twitter:data2\" content=\"2 minutes\" \/>\n<script type=\"application\/ld+json\" class=\"yoast-schema-graph\">{\"@context\":\"https:\\\/\\\/schema.org\",\"@graph\":[{\"@type\":\"Article\",\"@id\":\"https:\\\/\\\/royalfamily.org\\\/lat\\\/crown-princess-katherines-message-international-migrants-day\\\/#article\",\"isPartOf\":{\"@id\":\"https:\\\/\\\/royalfamily.org\\\/lat\\\/crown-princess-katherines-message-international-migrants-day\\\/\"},\"author\":{\"name\":\"Stefan Milanovic\",\"@id\":\"https:\\\/\\\/royalfamily.org\\\/#\\\/schema\\\/person\\\/4ad3296a6a8a35eed333b6a785e9f648\"},\"headline\":\"Poruka Princeze Katarine povodom Me\u0111unarodnog dana migranata\",\"datePublished\":\"2015-12-18T15:37:55+00:00\",\"mainEntityOfPage\":{\"@id\":\"https:\\\/\\\/royalfamily.org\\\/lat\\\/crown-princess-katherines-message-international-migrants-day\\\/\"},\"wordCount\":319,\"publisher\":{\"@id\":\"https:\\\/\\\/royalfamily.org\\\/#organization\"},\"image\":{\"@id\":\"https:\\\/\\\/royalfamily.org\\\/lat\\\/crown-princess-katherines-message-international-migrants-day\\\/#primaryimage\"},\"thumbnailUrl\":\"https:\\\/\\\/royalfamily.org\\\/wp-content\\\/uploads\\\/2015\\\/08\\\/02.jpg\",\"articleSection\":[\"Vesti\"],\"inLanguage\":\"sr-LT\"},{\"@type\":\"WebPage\",\"@id\":\"https:\\\/\\\/royalfamily.org\\\/lat\\\/crown-princess-katherines-message-international-migrants-day\\\/\",\"url\":\"https:\\\/\\\/royalfamily.org\\\/lat\\\/crown-princess-katherines-message-international-migrants-day\\\/\",\"name\":\"Poruka Princeze Katarine povodom Me\u0111unarodnog dana migranata - The Royal Family of Serbia\",\"isPartOf\":{\"@id\":\"https:\\\/\\\/royalfamily.org\\\/#website\"},\"primaryImageOfPage\":{\"@id\":\"https:\\\/\\\/royalfamily.org\\\/lat\\\/crown-princess-katherines-message-international-migrants-day\\\/#primaryimage\"},\"image\":{\"@id\":\"https:\\\/\\\/royalfamily.org\\\/lat\\\/crown-princess-katherines-message-international-migrants-day\\\/#primaryimage\"},\"thumbnailUrl\":\"https:\\\/\\\/royalfamily.org\\\/wp-content\\\/uploads\\\/2015\\\/08\\\/02.jpg\",\"datePublished\":\"2015-12-18T15:37:55+00:00\",\"description\":\"U svetu se danas obele\u017eava Me\u0111unarodni dan migranata, datum koji je Generalna skup\u0161tina Ujedinjenih Nacija usvojila 2000. godine, jer je na taj dan 1990.\",\"breadcrumb\":{\"@id\":\"https:\\\/\\\/royalfamily.org\\\/lat\\\/crown-princess-katherines-message-international-migrants-day\\\/#breadcrumb\"},\"inLanguage\":\"sr-LT\",\"potentialAction\":[{\"@type\":\"ReadAction\",\"target\":[\"https:\\\/\\\/royalfamily.org\\\/lat\\\/crown-princess-katherines-message-international-migrants-day\\\/\"]}]},{\"@type\":\"ImageObject\",\"inLanguage\":\"sr-LT\",\"@id\":\"https:\\\/\\\/royalfamily.org\\\/lat\\\/crown-princess-katherines-message-international-migrants-day\\\/#primaryimage\",\"url\":\"https:\\\/\\\/royalfamily.org\\\/wp-content\\\/uploads\\\/2015\\\/08\\\/02.jpg\",\"contentUrl\":\"https:\\\/\\\/royalfamily.org\\\/wp-content\\\/uploads\\\/2015\\\/08\\\/02.jpg\",\"width\":740,\"height\":350},{\"@type\":\"BreadcrumbList\",\"@id\":\"https:\\\/\\\/royalfamily.org\\\/lat\\\/crown-princess-katherines-message-international-migrants-day\\\/#breadcrumb\",\"itemListElement\":[{\"@type\":\"ListItem\",\"position\":1,\"name\":\"Home\",\"item\":\"https:\\\/\\\/royalfamily.org\\\/lat\\\/\"},{\"@type\":\"ListItem\",\"position\":2,\"name\":\"Poruka Princeze Katarine povodom Me\u0111unarodnog dana migranata\"}]},{\"@type\":\"WebSite\",\"@id\":\"https:\\\/\\\/royalfamily.org\\\/#website\",\"url\":\"https:\\\/\\\/royalfamily.org\\\/\",\"name\":\"The Royal Family of Serbia\",\"description\":\"From the people, for the people\",\"publisher\":{\"@id\":\"https:\\\/\\\/royalfamily.org\\\/#organization\"},\"potentialAction\":[{\"@type\":\"SearchAction\",\"target\":{\"@type\":\"EntryPoint\",\"urlTemplate\":\"https:\\\/\\\/royalfamily.org\\\/?s={search_term_string}\"},\"query-input\":{\"@type\":\"PropertyValueSpecification\",\"valueRequired\":true,\"valueName\":\"search_term_string\"}}],\"inLanguage\":\"sr-LT\"},{\"@type\":\"Organization\",\"@id\":\"https:\\\/\\\/royalfamily.org\\\/#organization\",\"name\":\"Royal Family\",\"url\":\"https:\\\/\\\/royalfamily.org\\\/\",\"logo\":{\"@type\":\"ImageObject\",\"inLanguage\":\"sr-LT\",\"@id\":\"https:\\\/\\\/royalfamily.org\\\/#\\\/schema\\\/logo\\\/image\\\/\",\"url\":\"https:\\\/\\\/royalfamily.org\\\/wp-content\\\/uploads\\\/2019\\\/04\\\/logo-vector-02-V-latinica.png\",\"contentUrl\":\"https:\\\/\\\/royalfamily.org\\\/wp-content\\\/uploads\\\/2019\\\/04\\\/logo-vector-02-V-latinica.png\",\"width\":552,\"height\":99,\"caption\":\"Royal Family\"},\"image\":{\"@id\":\"https:\\\/\\\/royalfamily.org\\\/#\\\/schema\\\/logo\\\/image\\\/\"},\"sameAs\":[\"https:\\\/\\\/www.facebook.com\\\/Prestolonaslednik.Aleksandar\"]},{\"@type\":\"Person\",\"@id\":\"https:\\\/\\\/royalfamily.org\\\/#\\\/schema\\\/person\\\/4ad3296a6a8a35eed333b6a785e9f648\",\"name\":\"Stefan Milanovic\",\"image\":{\"@type\":\"ImageObject\",\"inLanguage\":\"sr-LT\",\"@id\":\"https:\\\/\\\/secure.gravatar.com\\\/avatar\\\/92dcbdcf3e32112a9ceb1e41665b1f44c69382d014cacfe12c701f6af7c40259?s=96&d=mm&r=g\",\"url\":\"https:\\\/\\\/secure.gravatar.com\\\/avatar\\\/92dcbdcf3e32112a9ceb1e41665b1f44c69382d014cacfe12c701f6af7c40259?s=96&d=mm&r=g\",\"contentUrl\":\"https:\\\/\\\/secure.gravatar.com\\\/avatar\\\/92dcbdcf3e32112a9ceb1e41665b1f44c69382d014cacfe12c701f6af7c40259?s=96&d=mm&r=g\",\"caption\":\"Stefan Milanovic\"}}]}<\/script>\n<!-- \/ Yoast SEO Premium plugin. -->","yoast_head_json":{"title":"Poruka Princeze Katarine povodom Me\u0111unarodnog dana migranata - The Royal Family of Serbia","description":"U svetu se danas obele\u017eava Me\u0111unarodni dan migranata, datum koji je Generalna skup\u0161tina Ujedinjenih Nacija usvojila 2000. godine, jer je na taj dan 1990.","robots":{"index":"index","follow":"follow","max-snippet":"max-snippet:-1","max-image-preview":"max-image-preview:large","max-video-preview":"max-video-preview:-1"},"canonical":"https:\/\/royalfamily.org\/lat\/crown-princess-katherines-message-international-migrants-day\/","og_locale":"en_US","og_type":"article","og_title":"Poruka Princeze Katarine povodom Me\u0111unarodnog dana migranata","og_description":"U svetu se danas obele\u017eava Me\u0111unarodni dan migranata, datum koji je Generalna skup\u0161tina Ujedinjenih Nacija usvojila 2000. godine, jer je na taj dan 1990.","og_url":"https:\/\/royalfamily.org\/lat\/crown-princess-katherines-message-international-migrants-day\/","og_site_name":"The Royal Family of Serbia","article_publisher":"https:\/\/www.facebook.com\/Prestolonaslednik.Aleksandar","article_published_time":"2015-12-18T15:37:55+00:00","og_image":[{"width":740,"height":350,"url":"https:\/\/royalfamily.org\/wp-content\/uploads\/2015\/08\/02.jpg","type":"image\/jpeg"}],"author":"Stefan Milanovic","twitter_card":"summary_large_image","twitter_misc":{"Written by":"Stefan Milanovic","Est. reading time":"2 minutes"},"schema":{"@context":"https:\/\/schema.org","@graph":[{"@type":"Article","@id":"https:\/\/royalfamily.org\/lat\/crown-princess-katherines-message-international-migrants-day\/#article","isPartOf":{"@id":"https:\/\/royalfamily.org\/lat\/crown-princess-katherines-message-international-migrants-day\/"},"author":{"name":"Stefan Milanovic","@id":"https:\/\/royalfamily.org\/#\/schema\/person\/4ad3296a6a8a35eed333b6a785e9f648"},"headline":"Poruka Princeze Katarine povodom Me\u0111unarodnog dana migranata","datePublished":"2015-12-18T15:37:55+00:00","mainEntityOfPage":{"@id":"https:\/\/royalfamily.org\/lat\/crown-princess-katherines-message-international-migrants-day\/"},"wordCount":319,"publisher":{"@id":"https:\/\/royalfamily.org\/#organization"},"image":{"@id":"https:\/\/royalfamily.org\/lat\/crown-princess-katherines-message-international-migrants-day\/#primaryimage"},"thumbnailUrl":"https:\/\/royalfamily.org\/wp-content\/uploads\/2015\/08\/02.jpg","articleSection":["Vesti"],"inLanguage":"sr-LT"},{"@type":"WebPage","@id":"https:\/\/royalfamily.org\/lat\/crown-princess-katherines-message-international-migrants-day\/","url":"https:\/\/royalfamily.org\/lat\/crown-princess-katherines-message-international-migrants-day\/","name":"Poruka Princeze Katarine povodom Me\u0111unarodnog dana migranata - The Royal Family of Serbia","isPartOf":{"@id":"https:\/\/royalfamily.org\/#website"},"primaryImageOfPage":{"@id":"https:\/\/royalfamily.org\/lat\/crown-princess-katherines-message-international-migrants-day\/#primaryimage"},"image":{"@id":"https:\/\/royalfamily.org\/lat\/crown-princess-katherines-message-international-migrants-day\/#primaryimage"},"thumbnailUrl":"https:\/\/royalfamily.org\/wp-content\/uploads\/2015\/08\/02.jpg","datePublished":"2015-12-18T15:37:55+00:00","description":"U svetu se danas obele\u017eava Me\u0111unarodni dan migranata, datum koji je Generalna skup\u0161tina Ujedinjenih Nacija usvojila 2000. godine, jer je na taj dan 1990.","breadcrumb":{"@id":"https:\/\/royalfamily.org\/lat\/crown-princess-katherines-message-international-migrants-day\/#breadcrumb"},"inLanguage":"sr-LT","potentialAction":[{"@type":"ReadAction","target":["https:\/\/royalfamily.org\/lat\/crown-princess-katherines-message-international-migrants-day\/"]}]},{"@type":"ImageObject","inLanguage":"sr-LT","@id":"https:\/\/royalfamily.org\/lat\/crown-princess-katherines-message-international-migrants-day\/#primaryimage","url":"https:\/\/royalfamily.org\/wp-content\/uploads\/2015\/08\/02.jpg","contentUrl":"https:\/\/royalfamily.org\/wp-content\/uploads\/2015\/08\/02.jpg","width":740,"height":350},{"@type":"BreadcrumbList","@id":"https:\/\/royalfamily.org\/lat\/crown-princess-katherines-message-international-migrants-day\/#breadcrumb","itemListElement":[{"@type":"ListItem","position":1,"name":"Home","item":"https:\/\/royalfamily.org\/lat\/"},{"@type":"ListItem","position":2,"name":"Poruka Princeze Katarine povodom Me\u0111unarodnog dana migranata"}]},{"@type":"WebSite","@id":"https:\/\/royalfamily.org\/#website","url":"https:\/\/royalfamily.org\/","name":"The Royal Family of Serbia","description":"From the people, for the people","publisher":{"@id":"https:\/\/royalfamily.org\/#organization"},"potentialAction":[{"@type":"SearchAction","target":{"@type":"EntryPoint","urlTemplate":"https:\/\/royalfamily.org\/?s={search_term_string}"},"query-input":{"@type":"PropertyValueSpecification","valueRequired":true,"valueName":"search_term_string"}}],"inLanguage":"sr-LT"},{"@type":"Organization","@id":"https:\/\/royalfamily.org\/#organization","name":"Royal Family","url":"https:\/\/royalfamily.org\/","logo":{"@type":"ImageObject","inLanguage":"sr-LT","@id":"https:\/\/royalfamily.org\/#\/schema\/logo\/image\/","url":"https:\/\/royalfamily.org\/wp-content\/uploads\/2019\/04\/logo-vector-02-V-latinica.png","contentUrl":"https:\/\/royalfamily.org\/wp-content\/uploads\/2019\/04\/logo-vector-02-V-latinica.png","width":552,"height":99,"caption":"Royal Family"},"image":{"@id":"https:\/\/royalfamily.org\/#\/schema\/logo\/image\/"},"sameAs":["https:\/\/www.facebook.com\/Prestolonaslednik.Aleksandar"]},{"@type":"Person","@id":"https:\/\/royalfamily.org\/#\/schema\/person\/4ad3296a6a8a35eed333b6a785e9f648","name":"Stefan Milanovic","image":{"@type":"ImageObject","inLanguage":"sr-LT","@id":"https:\/\/secure.gravatar.com\/avatar\/92dcbdcf3e32112a9ceb1e41665b1f44c69382d014cacfe12c701f6af7c40259?s=96&d=mm&r=g","url":"https:\/\/secure.gravatar.com\/avatar\/92dcbdcf3e32112a9ceb1e41665b1f44c69382d014cacfe12c701f6af7c40259?s=96&d=mm&r=g","contentUrl":"https:\/\/secure.gravatar.com\/avatar\/92dcbdcf3e32112a9ceb1e41665b1f44c69382d014cacfe12c701f6af7c40259?s=96&d=mm&r=g","caption":"Stefan Milanovic"}}]}},"_links":{"self":[{"href":"https:\/\/royalfamily.org\/lat\/wp-json\/wp\/v2\/posts\/24438","targetHints":{"allow":["GET"]}}],"collection":[{"href":"https:\/\/royalfamily.org\/lat\/wp-json\/wp\/v2\/posts"}],"about":[{"href":"https:\/\/royalfamily.org\/lat\/wp-json\/wp\/v2\/types\/post"}],"author":[{"embeddable":true,"href":"https:\/\/royalfamily.org\/lat\/wp-json\/wp\/v2\/users\/1001015"}],"replies":[{"embeddable":true,"href":"https:\/\/royalfamily.org\/lat\/wp-json\/wp\/v2\/comments?post=24438"}],"version-history":[{"count":0,"href":"https:\/\/royalfamily.org\/lat\/wp-json\/wp\/v2\/posts\/24438\/revisions"}],"wp:featuredmedia":[{"embeddable":true,"href":"https:\/\/royalfamily.org\/lat\/wp-json\/wp\/v2\/media\/23265"}],"wp:attachment":[{"href":"https:\/\/royalfamily.org\/lat\/wp-json\/wp\/v2\/media?parent=24438"}],"wp:term":[{"taxonomy":"category","embeddable":true,"href":"https:\/\/royalfamily.org\/lat\/wp-json\/wp\/v2\/categories?post=24438"},{"taxonomy":"post_tag","embeddable":true,"href":"https:\/\/royalfamily.org\/lat\/wp-json\/wp\/v2\/tags?post=24438"}],"curies":[{"name":"wp","href":"https:\/\/api.w.org\/{rel}","templated":true}]}}