{"id":24489,"date":"2015-12-27T10:05:08","date_gmt":"2015-12-27T10:05:08","guid":{"rendered":"https:\/\/royalfamily.org\/hrh-crown-prince-alexander-karadjordjevic-at-the-service-of-the-country-2\/"},"modified":"2015-12-27T10:05:08","modified_gmt":"2015-12-27T10:05:08","slug":"hrh-crown-prince-alexander-karadjordjevic-at-the-service-of-the-country","status":"publish","type":"post","link":"https:\/\/royalfamily.org\/lat\/hrh-crown-prince-alexander-karadjordjevic-at-the-service-of-the-country\/","title":{"rendered":"NjKV Prestolonaslednik Aleksandar &#8211; U slu\u017ebi Otad\u017ebine"},"content":{"rendered":"<p style=\"line-height: 18.0pt;\"><span style=\"font-family: 'Georgia','serif'; color: #333333;\">Po kona\u010dnom povratku u otad\u017ebinu u leto 2001,<span class=\"apple-converted-space\">\u00a0<\/span><a href=\"https:\/\/royalfamily.org\/%D0%BA%D1%80%D0%B0%D0%BB%D1%98%D0%B5%D0%B2%D1%81%D0%BA%D0%B0-%D0%BF%D0%BE%D1%80%D0%BE%D0%B4%D0%B8%D1%86%D0%B0\/%D1%9A-%D0%BA-%D0%B2-%D0%BF%D1%80%D0%B5%D1%81%D1%82%D0%BE%D0%BB%D0%BE%D0%BD%D0%B0%D1%81%D0%BB%D0%B5%D0%B4%D0%BD%D0%B8%D0%BA-%D0%B0%D0%BB%D0%B5%D0%BA%D1%81%D0%B0%D0%BD%D0%B4%D0%B0%D1%80-ii\/?lang=cir\">prestolonaslednik Aleksandar<\/a><span class=\"apple-converted-space\">\u00a0<\/span>je, kao stare\u0161nna<span class=\"apple-converted-space\">\u00a0<\/span><a href=\"https:\/\/royalfamily.org\/%D0%B4%D0%B8%D0%BD%D0%B0%D1%81%D1%82%D0%B8%D1%98%D0%B0\/history-of-the-dynasty\/?lang=cir\">Doma Kara\u0111o\u0111evi\u0107a<\/a>, dobio pravo boravka u dvorskom kompleksu na Dedinju,<span class=\"apple-converted-space\">\u00a0<\/span><a href=\"https:\/\/royalfamily.org\/%D0%BF%D0%B0%D0%BB%D0%B0%D1%82%D0%B5\/%D0%B1%D0%B5%D0%BB%D0%B8-%D0%B4%D0%B2%D0%BE%D1%80\/?lang=cir\">Belom<\/a><span class=\"apple-converted-space\">\u00a0<\/span>i<span class=\"apple-converted-space\">\u00a0<\/span><a href=\"https:\/\/royalfamily.org\/%D0%BF%D0%B0%D0%BB%D0%B0%D1%82%D0%B5\/%D0%BA%D1%80%D0%B0%D1%99%D0%B5%D0%B2%D1%81%D0%BA%D0%B0-%D0%BF%D0%B0%D0%BB%D0%B0%D1%82%D0%B0\/?lang=cir\">Starom<\/a><span class=\"apple-converted-space\">\u00a0<\/span>dvoru koje je podigao njegov deda<span class=\"apple-converted-space\">\u00a0<\/span><a href=\"https:\/\/royalfamily.org\/%D0%B4%D0%B8%D0%BD%D0%B0%D1%81%D1%82%D0%B8%D1%98%D0%B0\/%D1%9A-%D0%B2-%D0%BA%D1%80%D0%B0%D1%99-%D0%B0%D0%BB%D0%B5%D0%BA%D1%81%D0%B0%D0%BD%D0%B4%D0%B0%D1%80-i\/?lang=cir\">kralj Aleksandar Ujedinitelj<\/a>. Premda su oba Dvora\u00a0 konfiskovana imovina Kara\u0111or\u0111evi\u0107a, prestolonalsednik je u zapu\u0161tena i oronula zdanja \u2015 koja sa blizu 7.000 kvm, a oko 135 hektara parkova predstavljaju srpski Versaj \u2015\u00a0 ulo\u017eio ogromna li\u010dna sredstva. Za manje od godinu dana\u00a0 oba dvorska zdanja osposobljena su za sve\u010dane prijeme, humanitarne akcije, dobrotvorne ve\u010deri. Za tri godine samostalnog finansiranja dvorova, prestolonalednik Aleksandar i princeza Katarina organizovali su, osim za doma\u0107e zvanice, seriju prijema za visoke delegacije iz inostranstva, diplomatski kor i njihove zvanice, za Srpsku pravoslavnu crkvu i druge verske zajednice, primili niz krunisanih glava, biv\u0161ih i sada\u0161njih predsednika i premijera, bili s podjednakim uva\u017eavanjem primani od najvi\u0161ih zvani\u010dnika u Londonu, Va\u0161ingtonu, Parizu i Moskvi, i tako zna\u010dajno uticali na pobolj\u0161anje ugleda Srbije u me\u0111unarodnoj javnosti.<\/span><\/p>\n<p style=\"line-height: 18.0pt; orphans: auto; text-align: start; widows: 1; -webkit-text-stroke-width: 0px; word-spacing: 0px;\"><span style=\"font-family: 'Georgia','serif'; color: #333333;\">Nedovoljno je poznato da su NjKV Aleksandar i princeza Katarina, godnama istrajno poma\u017eu hiljade dece, ratnih siro\u010dadi, bez roditelja, dele\u0107i im vredne bo\u017ei\u0107ne i uskr\u0161nje poklone. U bezbroj humanitarnih akcija sakupljena su zna\u010dajna sredstva koja su potom dodeljena de\u010djim ustanovama, a staranjem princeze, deca besplatno upu\u0107ivana u letnje kampove u Gr\u010dkoj. Uporedo sa brigom za decu,<span class=\"apple-converted-space\">\u00a0<\/span><a href=\"http:\/\/www.pafond.rs\/\">Fondacija prestolonaslednika za obrazovanje i kulturu<\/a><span class=\"apple-converted-space\">\u00a0<\/span>dodeljuje naro\u010dite stipendije najboljim studentima sa srpskih univerziteta, i obezbe\u0111uje vi\u0161e desetina besplatnih stipendija na vi\u0161e evropskih i ameri\u010dkih univerziteta, uku\u010duju\u0107i i 40 \u0161kolarnina za master studije u Engleskoj, na univerzitetu u Notingemu.\u00a0\u00a0 Prestolonaslednikova fondacija organizovala je u\u010de\u0161\u0107e na\u0161ih studenata na brojnim letnjim \u0161kolama, pomogla osnivanje Centra za razvoj karijere. Svakoga juna, oko 600 \u201evukovaca\u201c najboljih \u0111aka, iz Srbije i Republike srpske dolaze sa svojim porodicama u Beli dvor gde dobijaju javna priznanja sa svoje \u0161kolske uspehe.<\/span><\/p>\n<p style=\"line-height: 18.0pt; orphans: auto; text-align: start; widows: 1; -webkit-text-stroke-width: 0px; word-spacing: 0px;\"><span style=\"font-family: 'Georgia','serif'; color: #333333;\">U Srbiji gde su svi veliki muzeji zavoreni ve\u0107 du\u017ee od jedne decenije Beli i Stari dvor, koji su ve\u0107 po arhitektonskoj vrednosti spomenici visoke kategorije, sa svojom reprezentativnom kolekcijom slika stranih i doma\u0107ih autora \u2015 od<span class=\"apple-converted-space\"> od\u00a0<a href=\"https:\/\/royalfamily.org\/wp-content\/uploads\/2015\/02\/BD147a.jpg\">Nikole Pusen<\/a>a,\u00a0<a href=\"https:\/\/royalfamily.org\/wp-content\/uploads\/2015\/02\/SD56w.jpg\">Palma Vekie<\/a>,\u00a0<a href=\"https:\/\/royalfamily.org\/wp-content\/uploads\/2015\/02\/BD150.jpg\">Kanaleta<\/a>\u00a0and\u00a0<a href=\"https:\/\/royalfamily.org\/wp-content\/uploads\/2015\/02\/BD143.jpg\">Rubensove \u0161kole<\/a> do\u00a0<a href=\"https:\/\/royalfamily.org\/wp-content\/uploads\/2015\/12\/ajwazovski.jpg\" target=\"_blank\">Aivazovskog<\/a>, <a href=\"https:\/\/royalfamily.org\/wp-content\/uploads\/2015\/12\/ezen.jpg\">E\u017eena Delakroa<\/a>,\u00a0<a href=\"https:\/\/royalfamily.org\/wp-content\/uploads\/2015\/02\/BD149.jpg\">Paje Jovanovi\u0107a<\/a>,\u00a0<a href=\"https:\/\/royalfamily.org\/wp-content\/uploads\/2015\/02\/SD35w.jpg\">Vlaha Bukovc<\/a>a, <a href=\"https:\/\/royalfamily.org\/wp-content\/uploads\/2015\/12\/spiro_bocaric.jpg\" target=\"_blank\">\u0160pire Bocari\u0107<\/a>a<\/span>, sve do niza skulptura<span class=\"apple-converted-space\">\u00a0<\/span><a href=\"https:\/\/royalfamily.org\/category\/galerija-cir\/%D0%BC%D0%B5%D1%88%D1%82%D1%80%D0%BE%D0%B2%D0%B8%D1%9B\/?lang=cir\">Ivana Me\u0161trovi\u0107a<span class=\"apple-converted-space\">\u00a0<\/span><\/a>u otvorenom prostoru \u2015 danas najbolji srpski muzej dostupan \u0161irokoj publici. Na inicijativu princa Aleksandra restaurisana su mnoga vredna umetni\u010dka dela iz Dvorova, o tro\u0161ku prijateljskih dr\u017eava.<\/span><\/p>\n<p style=\"line-height: 18.0pt; orphans: auto; text-align: start; widows: 1; -webkit-text-stroke-width: 0px; word-spacing: 0px;\"><span style=\"font-family: 'Georgia','serif'; color: #333333;\">Do povrata NjKV Aleksandra u otad\u017ebinu, Dvorski kompleks je bio \u201ezabranjena zona\u201c za srpsku javnost. Uz podr\u0161ku\u00a0 Ministarstva kulture Srbije, NjKV Aleksandar je<span class=\"apple-converted-space\">\u00a0<\/span><a href=\"https:\/\/royalfamily.org\/%D0%BF%D0%B0%D0%BB%D0%B0%D1%82%D0%B5\/%D0%BF%D0%BE%D1%81%D0%B5%D1%82%D0%B5-%D0%BA%D1%80%D0%B0%D1%99%D0%B5%D0%B2%D1%81%D0%BA%D0%BE%D1%98-%D0%BF%D0%B0%D0%BB%D0%B0%D1%82%D0%B8\/?lang=cir\">organizovao i posete Dvorskom kompleksu<\/a><span class=\"apple-converted-space\">\u00a0<\/span>koje su, uglavnom besplatno (deca, studenti, penzioneri, itd), u protekloj deceniji, a uz pratnju dvorskog vodi\u010da, obi\u0161li brojni posetioci, njih oko 330.000 iz Srbije. Brojne strane goste, blizu 30.000, dovodi tokom ve\u0107eg dela godine, Turisti\u010dka organizacija Beograda.<\/span><\/p>\n<p style=\"line-height: 18.0pt; orphans: auto; text-align: start; widows: 1; -webkit-text-stroke-width: 0px; word-spacing: 0px;\"><span style=\"font-family: 'Georgia','serif'; color: #333333;\">Prestolonaslednikova supruga,<span class=\"apple-converted-space\">\u00a0<\/span><a href=\"https:\/\/royalfamily.org\/%D0%BA%D1%80%D0%B0%D0%BB%D1%98%D0%B5%D0%B2%D1%81%D0%BA%D0%B0-%D0%BF%D0%BE%D1%80%D0%BE%D0%B4%D0%B8%D1%86%D0%B0\/%D1%9A-%D0%BA-%D0%B2-%D0%BF%D1%80%D0%B8%D0%BD%D1%86%D0%B5%D0%B7%D0%B0-%D0%BA%D0%B0%D1%82%D0%B0%D1%80%D0%B8%D0%BD%D0%B0\/?lang=cir\">NjKV princeza Katarina<\/a><span class=\"apple-converted-space\">\u00a0<\/span>je na humanitarnom polju ostvarila izvanredne rezultate: za 14 godina, svake godine je u Srbiji stizalo medicinske i druge opreme za na\u0161e bolnice i domove zdravlja u vrednosti od milion evra, ukupno 14 miliona evra!<span class=\"apple-converted-space\">\u00a0<\/span><a href=\"http:\/\/www.lifelineaid.org\">Princezina humanitarna organizacija<\/a><span class=\"apple-converted-space\">\u00a0<\/span>donirala je srpskim medicinskim ustanovama preko 200 inkubatora, mamografe i druge neophodne, skupe aparate, organizovala besplatne operacije za bolesnu decu i dovodila strane hirurge da u Beogradu operi\u0161u najte\u017ee bolesnike.\u00a0 Uz podr\u0161ku NjKV Aleksandra odr\u017eano je \u0161est\u00a0 kongresa lekara, uklju\u010duju\u0107i i skup za oko 500 onkologa, uspostavljena besplatna praksa za srpske lekare na najboljim evropskim i ameri\u010dkim klinikama (Mejo, MD Anderson, Sloan Ketering, Harvard), itd. Humanitarnim aktivnostima, koje traju neprestano od povratka NjKV Aleksandra u Otad\u017ebinu, spaseno je hiljade \u017eivota i pomognut veliki broj obolelih, siroma\u0161nih, kao i osoba sa invaliditetom.<\/span><\/p>\n<p style=\"line-height: 18.0pt; orphans: auto; text-align: start; widows: 1; -webkit-text-stroke-width: 0px; word-spacing: 0px;\"><span style=\"font-family: 'Georgia','serif'; color: #333333;\">Da bi se ogromni tro\u0161kovi koje, ni uz godi\u0161nju podr\u0161ku dr\u017eave,\u00a0 nije mogu\u0107e pokriti, Prestolonalsednik i princeza su prodali svoju veliku ku\u0107u u Londonu, ste\u010denu decenijama dugim radom i novac ulo\u017eili u odr\u017eavanje Dvorova, imovine koja nije u njihovom nego u dr\u017eavnom vlasni\u0161tvu. Stoga nema smisla ni odgovarati na ru\u017ene, tabloidne naslove u na\u0161oj \u0161tampi o finansijskim te\u0161ko\u0107ama u odr\u017eavanju Dvorskog kompleksa, nego samo nabrojati\u00a0 brojne aktivnosti NjKV Aleksandra i NjKV Katarine koji su, do kraja predani potrebama gra\u0111ana Srbije, u potpunosti u slu\u017ebi Otad\u017ebine<\/span><\/p>\n","protected":false},"excerpt":{"rendered":"<p>Po kona\u010dnom povratku u otad\u017ebinu u leto 2001,\u00a0prestolonaslednik Aleksandar\u00a0je, kao stare\u0161nna\u00a0Doma Kara\u0111o\u0111evi\u0107a, dobio pravo boravka  [&#8230;]<\/p>\n","protected":false},"author":1001015,"featured_media":877,"comment_status":"closed","ping_status":"closed","sticky":false,"template":"","format":"standard","meta":{"_acf_changed":false,"footnotes":""},"categories":[22],"tags":[],"class_list":["post-24489","post","type-post","status-publish","format-standard","has-post-thumbnail","hentry","category-vesti"],"acf":[],"yoast_head":"<!-- This site is optimized with the Yoast SEO Premium plugin v27.5 (Yoast SEO v27.5) - https:\/\/yoast.com\/product\/yoast-seo-premium-wordpress\/ -->\n<title>NjKV Prestolonaslednik Aleksandar - U slu\u017ebi Otad\u017ebine - The Royal Family of Serbia<\/title>\n<meta name=\"description\" content=\"Po kona\u010dnom povratku u otad\u017ebinu u leto 2001,\u00a0prestolonaslednik Aleksandar\u00a0je, kao stare\u0161nna\u00a0Doma Kara\u0111o\u0111evi\u0107a, dobio pravo boravka u dvorskom kompleksu\" \/>\n<meta name=\"robots\" content=\"index, follow, max-snippet:-1, max-image-preview:large, max-video-preview:-1\" \/>\n<link rel=\"canonical\" href=\"https:\/\/royalfamily.org\/lat\/hrh-crown-prince-alexander-karadjordjevic-at-the-service-of-the-country\/\" \/>\n<meta property=\"og:locale\" content=\"en_US\" \/>\n<meta property=\"og:type\" content=\"article\" \/>\n<meta property=\"og:title\" content=\"NjKV Prestolonaslednik Aleksandar - U slu\u017ebi Otad\u017ebine\" \/>\n<meta property=\"og:description\" content=\"Po kona\u010dnom povratku u otad\u017ebinu u leto 2001,\u00a0prestolonaslednik Aleksandar\u00a0je, kao stare\u0161nna\u00a0Doma Kara\u0111o\u0111evi\u0107a, dobio pravo boravka u dvorskom kompleksu\" \/>\n<meta property=\"og:url\" content=\"https:\/\/royalfamily.org\/lat\/hrh-crown-prince-alexander-karadjordjevic-at-the-service-of-the-country\/\" \/>\n<meta property=\"og:site_name\" content=\"The Royal Family of Serbia\" \/>\n<meta property=\"article:publisher\" content=\"https:\/\/www.facebook.com\/Prestolonaslednik.Aleksandar\" \/>\n<meta property=\"article:published_time\" content=\"2015-12-27T10:05:08+00:00\" \/>\n<meta property=\"og:image\" content=\"https:\/\/royalfamily.org\/wp-content\/uploads\/2013\/09\/pa.jpg\" \/>\n\t<meta property=\"og:image:width\" content=\"740\" \/>\n\t<meta property=\"og:image:height\" content=\"350\" \/>\n\t<meta property=\"og:image:type\" content=\"image\/jpeg\" \/>\n<meta name=\"author\" content=\"Stefan Milanovic\" \/>\n<meta name=\"twitter:card\" content=\"summary_large_image\" \/>\n<meta name=\"twitter:label1\" content=\"Written by\" \/>\n\t<meta name=\"twitter:data1\" content=\"Stefan Milanovic\" \/>\n\t<meta name=\"twitter:label2\" content=\"Est. reading time\" \/>\n\t<meta name=\"twitter:data2\" content=\"4 minutes\" \/>\n<script type=\"application\/ld+json\" class=\"yoast-schema-graph\">{\"@context\":\"https:\\\/\\\/schema.org\",\"@graph\":[{\"@type\":\"Article\",\"@id\":\"https:\\\/\\\/royalfamily.org\\\/lat\\\/hrh-crown-prince-alexander-karadjordjevic-at-the-service-of-the-country\\\/#article\",\"isPartOf\":{\"@id\":\"https:\\\/\\\/royalfamily.org\\\/lat\\\/hrh-crown-prince-alexander-karadjordjevic-at-the-service-of-the-country\\\/\"},\"author\":{\"name\":\"Stefan Milanovic\",\"@id\":\"https:\\\/\\\/royalfamily.org\\\/#\\\/schema\\\/person\\\/4ad3296a6a8a35eed333b6a785e9f648\"},\"headline\":\"NjKV Prestolonaslednik Aleksandar &#8211; U slu\u017ebi Otad\u017ebine\",\"datePublished\":\"2015-12-27T10:05:08+00:00\",\"mainEntityOfPage\":{\"@id\":\"https:\\\/\\\/royalfamily.org\\\/lat\\\/hrh-crown-prince-alexander-karadjordjevic-at-the-service-of-the-country\\\/\"},\"wordCount\":752,\"publisher\":{\"@id\":\"https:\\\/\\\/royalfamily.org\\\/#organization\"},\"image\":{\"@id\":\"https:\\\/\\\/royalfamily.org\\\/lat\\\/hrh-crown-prince-alexander-karadjordjevic-at-the-service-of-the-country\\\/#primaryimage\"},\"thumbnailUrl\":\"https:\\\/\\\/royalfamily.org\\\/wp-content\\\/uploads\\\/2013\\\/09\\\/pa.jpg\",\"articleSection\":[\"Vesti\"],\"inLanguage\":\"sr-LT\"},{\"@type\":\"WebPage\",\"@id\":\"https:\\\/\\\/royalfamily.org\\\/lat\\\/hrh-crown-prince-alexander-karadjordjevic-at-the-service-of-the-country\\\/\",\"url\":\"https:\\\/\\\/royalfamily.org\\\/lat\\\/hrh-crown-prince-alexander-karadjordjevic-at-the-service-of-the-country\\\/\",\"name\":\"NjKV Prestolonaslednik Aleksandar - U slu\u017ebi Otad\u017ebine - The Royal Family of Serbia\",\"isPartOf\":{\"@id\":\"https:\\\/\\\/royalfamily.org\\\/#website\"},\"primaryImageOfPage\":{\"@id\":\"https:\\\/\\\/royalfamily.org\\\/lat\\\/hrh-crown-prince-alexander-karadjordjevic-at-the-service-of-the-country\\\/#primaryimage\"},\"image\":{\"@id\":\"https:\\\/\\\/royalfamily.org\\\/lat\\\/hrh-crown-prince-alexander-karadjordjevic-at-the-service-of-the-country\\\/#primaryimage\"},\"thumbnailUrl\":\"https:\\\/\\\/royalfamily.org\\\/wp-content\\\/uploads\\\/2013\\\/09\\\/pa.jpg\",\"datePublished\":\"2015-12-27T10:05:08+00:00\",\"description\":\"Po kona\u010dnom povratku u otad\u017ebinu u leto 2001,\u00a0prestolonaslednik Aleksandar\u00a0je, kao stare\u0161nna\u00a0Doma Kara\u0111o\u0111evi\u0107a, dobio pravo boravka u dvorskom kompleksu\",\"breadcrumb\":{\"@id\":\"https:\\\/\\\/royalfamily.org\\\/lat\\\/hrh-crown-prince-alexander-karadjordjevic-at-the-service-of-the-country\\\/#breadcrumb\"},\"inLanguage\":\"sr-LT\",\"potentialAction\":[{\"@type\":\"ReadAction\",\"target\":[\"https:\\\/\\\/royalfamily.org\\\/lat\\\/hrh-crown-prince-alexander-karadjordjevic-at-the-service-of-the-country\\\/\"]}]},{\"@type\":\"ImageObject\",\"inLanguage\":\"sr-LT\",\"@id\":\"https:\\\/\\\/royalfamily.org\\\/lat\\\/hrh-crown-prince-alexander-karadjordjevic-at-the-service-of-the-country\\\/#primaryimage\",\"url\":\"https:\\\/\\\/royalfamily.org\\\/wp-content\\\/uploads\\\/2013\\\/09\\\/pa.jpg\",\"contentUrl\":\"https:\\\/\\\/royalfamily.org\\\/wp-content\\\/uploads\\\/2013\\\/09\\\/pa.jpg\",\"width\":740,\"height\":350},{\"@type\":\"BreadcrumbList\",\"@id\":\"https:\\\/\\\/royalfamily.org\\\/lat\\\/hrh-crown-prince-alexander-karadjordjevic-at-the-service-of-the-country\\\/#breadcrumb\",\"itemListElement\":[{\"@type\":\"ListItem\",\"position\":1,\"name\":\"Home\",\"item\":\"https:\\\/\\\/royalfamily.org\\\/lat\\\/\"},{\"@type\":\"ListItem\",\"position\":2,\"name\":\"NjKV Prestolonaslednik Aleksandar &#8211; U slu\u017ebi Otad\u017ebine\"}]},{\"@type\":\"WebSite\",\"@id\":\"https:\\\/\\\/royalfamily.org\\\/#website\",\"url\":\"https:\\\/\\\/royalfamily.org\\\/\",\"name\":\"The Royal Family of Serbia\",\"description\":\"From the people, for the people\",\"publisher\":{\"@id\":\"https:\\\/\\\/royalfamily.org\\\/#organization\"},\"potentialAction\":[{\"@type\":\"SearchAction\",\"target\":{\"@type\":\"EntryPoint\",\"urlTemplate\":\"https:\\\/\\\/royalfamily.org\\\/?s={search_term_string}\"},\"query-input\":{\"@type\":\"PropertyValueSpecification\",\"valueRequired\":true,\"valueName\":\"search_term_string\"}}],\"inLanguage\":\"sr-LT\"},{\"@type\":\"Organization\",\"@id\":\"https:\\\/\\\/royalfamily.org\\\/#organization\",\"name\":\"Royal Family\",\"url\":\"https:\\\/\\\/royalfamily.org\\\/\",\"logo\":{\"@type\":\"ImageObject\",\"inLanguage\":\"sr-LT\",\"@id\":\"https:\\\/\\\/royalfamily.org\\\/#\\\/schema\\\/logo\\\/image\\\/\",\"url\":\"https:\\\/\\\/royalfamily.org\\\/wp-content\\\/uploads\\\/2019\\\/04\\\/logo-vector-02-V-latinica.png\",\"contentUrl\":\"https:\\\/\\\/royalfamily.org\\\/wp-content\\\/uploads\\\/2019\\\/04\\\/logo-vector-02-V-latinica.png\",\"width\":552,\"height\":99,\"caption\":\"Royal Family\"},\"image\":{\"@id\":\"https:\\\/\\\/royalfamily.org\\\/#\\\/schema\\\/logo\\\/image\\\/\"},\"sameAs\":[\"https:\\\/\\\/www.facebook.com\\\/Prestolonaslednik.Aleksandar\"]},{\"@type\":\"Person\",\"@id\":\"https:\\\/\\\/royalfamily.org\\\/#\\\/schema\\\/person\\\/4ad3296a6a8a35eed333b6a785e9f648\",\"name\":\"Stefan Milanovic\",\"image\":{\"@type\":\"ImageObject\",\"inLanguage\":\"sr-LT\",\"@id\":\"https:\\\/\\\/secure.gravatar.com\\\/avatar\\\/92dcbdcf3e32112a9ceb1e41665b1f44c69382d014cacfe12c701f6af7c40259?s=96&d=mm&r=g\",\"url\":\"https:\\\/\\\/secure.gravatar.com\\\/avatar\\\/92dcbdcf3e32112a9ceb1e41665b1f44c69382d014cacfe12c701f6af7c40259?s=96&d=mm&r=g\",\"contentUrl\":\"https:\\\/\\\/secure.gravatar.com\\\/avatar\\\/92dcbdcf3e32112a9ceb1e41665b1f44c69382d014cacfe12c701f6af7c40259?s=96&d=mm&r=g\",\"caption\":\"Stefan Milanovic\"}}]}<\/script>\n<!-- \/ Yoast SEO Premium plugin. -->","yoast_head_json":{"title":"NjKV Prestolonaslednik Aleksandar - U slu\u017ebi Otad\u017ebine - The Royal Family of Serbia","description":"Po kona\u010dnom povratku u otad\u017ebinu u leto 2001,\u00a0prestolonaslednik Aleksandar\u00a0je, kao stare\u0161nna\u00a0Doma Kara\u0111o\u0111evi\u0107a, dobio pravo boravka u dvorskom kompleksu","robots":{"index":"index","follow":"follow","max-snippet":"max-snippet:-1","max-image-preview":"max-image-preview:large","max-video-preview":"max-video-preview:-1"},"canonical":"https:\/\/royalfamily.org\/lat\/hrh-crown-prince-alexander-karadjordjevic-at-the-service-of-the-country\/","og_locale":"en_US","og_type":"article","og_title":"NjKV Prestolonaslednik Aleksandar - U slu\u017ebi Otad\u017ebine","og_description":"Po kona\u010dnom povratku u otad\u017ebinu u leto 2001,\u00a0prestolonaslednik Aleksandar\u00a0je, kao stare\u0161nna\u00a0Doma Kara\u0111o\u0111evi\u0107a, dobio pravo boravka u dvorskom kompleksu","og_url":"https:\/\/royalfamily.org\/lat\/hrh-crown-prince-alexander-karadjordjevic-at-the-service-of-the-country\/","og_site_name":"The Royal Family of Serbia","article_publisher":"https:\/\/www.facebook.com\/Prestolonaslednik.Aleksandar","article_published_time":"2015-12-27T10:05:08+00:00","og_image":[{"width":740,"height":350,"url":"https:\/\/royalfamily.org\/wp-content\/uploads\/2013\/09\/pa.jpg","type":"image\/jpeg"}],"author":"Stefan Milanovic","twitter_card":"summary_large_image","twitter_misc":{"Written by":"Stefan Milanovic","Est. reading time":"4 minutes"},"schema":{"@context":"https:\/\/schema.org","@graph":[{"@type":"Article","@id":"https:\/\/royalfamily.org\/lat\/hrh-crown-prince-alexander-karadjordjevic-at-the-service-of-the-country\/#article","isPartOf":{"@id":"https:\/\/royalfamily.org\/lat\/hrh-crown-prince-alexander-karadjordjevic-at-the-service-of-the-country\/"},"author":{"name":"Stefan Milanovic","@id":"https:\/\/royalfamily.org\/#\/schema\/person\/4ad3296a6a8a35eed333b6a785e9f648"},"headline":"NjKV Prestolonaslednik Aleksandar &#8211; U slu\u017ebi Otad\u017ebine","datePublished":"2015-12-27T10:05:08+00:00","mainEntityOfPage":{"@id":"https:\/\/royalfamily.org\/lat\/hrh-crown-prince-alexander-karadjordjevic-at-the-service-of-the-country\/"},"wordCount":752,"publisher":{"@id":"https:\/\/royalfamily.org\/#organization"},"image":{"@id":"https:\/\/royalfamily.org\/lat\/hrh-crown-prince-alexander-karadjordjevic-at-the-service-of-the-country\/#primaryimage"},"thumbnailUrl":"https:\/\/royalfamily.org\/wp-content\/uploads\/2013\/09\/pa.jpg","articleSection":["Vesti"],"inLanguage":"sr-LT"},{"@type":"WebPage","@id":"https:\/\/royalfamily.org\/lat\/hrh-crown-prince-alexander-karadjordjevic-at-the-service-of-the-country\/","url":"https:\/\/royalfamily.org\/lat\/hrh-crown-prince-alexander-karadjordjevic-at-the-service-of-the-country\/","name":"NjKV Prestolonaslednik Aleksandar - U slu\u017ebi Otad\u017ebine - The Royal Family of Serbia","isPartOf":{"@id":"https:\/\/royalfamily.org\/#website"},"primaryImageOfPage":{"@id":"https:\/\/royalfamily.org\/lat\/hrh-crown-prince-alexander-karadjordjevic-at-the-service-of-the-country\/#primaryimage"},"image":{"@id":"https:\/\/royalfamily.org\/lat\/hrh-crown-prince-alexander-karadjordjevic-at-the-service-of-the-country\/#primaryimage"},"thumbnailUrl":"https:\/\/royalfamily.org\/wp-content\/uploads\/2013\/09\/pa.jpg","datePublished":"2015-12-27T10:05:08+00:00","description":"Po kona\u010dnom povratku u otad\u017ebinu u leto 2001,\u00a0prestolonaslednik Aleksandar\u00a0je, kao stare\u0161nna\u00a0Doma Kara\u0111o\u0111evi\u0107a, dobio pravo boravka u dvorskom kompleksu","breadcrumb":{"@id":"https:\/\/royalfamily.org\/lat\/hrh-crown-prince-alexander-karadjordjevic-at-the-service-of-the-country\/#breadcrumb"},"inLanguage":"sr-LT","potentialAction":[{"@type":"ReadAction","target":["https:\/\/royalfamily.org\/lat\/hrh-crown-prince-alexander-karadjordjevic-at-the-service-of-the-country\/"]}]},{"@type":"ImageObject","inLanguage":"sr-LT","@id":"https:\/\/royalfamily.org\/lat\/hrh-crown-prince-alexander-karadjordjevic-at-the-service-of-the-country\/#primaryimage","url":"https:\/\/royalfamily.org\/wp-content\/uploads\/2013\/09\/pa.jpg","contentUrl":"https:\/\/royalfamily.org\/wp-content\/uploads\/2013\/09\/pa.jpg","width":740,"height":350},{"@type":"BreadcrumbList","@id":"https:\/\/royalfamily.org\/lat\/hrh-crown-prince-alexander-karadjordjevic-at-the-service-of-the-country\/#breadcrumb","itemListElement":[{"@type":"ListItem","position":1,"name":"Home","item":"https:\/\/royalfamily.org\/lat\/"},{"@type":"ListItem","position":2,"name":"NjKV Prestolonaslednik Aleksandar &#8211; U slu\u017ebi Otad\u017ebine"}]},{"@type":"WebSite","@id":"https:\/\/royalfamily.org\/#website","url":"https:\/\/royalfamily.org\/","name":"The Royal Family of Serbia","description":"From the people, for the people","publisher":{"@id":"https:\/\/royalfamily.org\/#organization"},"potentialAction":[{"@type":"SearchAction","target":{"@type":"EntryPoint","urlTemplate":"https:\/\/royalfamily.org\/?s={search_term_string}"},"query-input":{"@type":"PropertyValueSpecification","valueRequired":true,"valueName":"search_term_string"}}],"inLanguage":"sr-LT"},{"@type":"Organization","@id":"https:\/\/royalfamily.org\/#organization","name":"Royal Family","url":"https:\/\/royalfamily.org\/","logo":{"@type":"ImageObject","inLanguage":"sr-LT","@id":"https:\/\/royalfamily.org\/#\/schema\/logo\/image\/","url":"https:\/\/royalfamily.org\/wp-content\/uploads\/2019\/04\/logo-vector-02-V-latinica.png","contentUrl":"https:\/\/royalfamily.org\/wp-content\/uploads\/2019\/04\/logo-vector-02-V-latinica.png","width":552,"height":99,"caption":"Royal Family"},"image":{"@id":"https:\/\/royalfamily.org\/#\/schema\/logo\/image\/"},"sameAs":["https:\/\/www.facebook.com\/Prestolonaslednik.Aleksandar"]},{"@type":"Person","@id":"https:\/\/royalfamily.org\/#\/schema\/person\/4ad3296a6a8a35eed333b6a785e9f648","name":"Stefan Milanovic","image":{"@type":"ImageObject","inLanguage":"sr-LT","@id":"https:\/\/secure.gravatar.com\/avatar\/92dcbdcf3e32112a9ceb1e41665b1f44c69382d014cacfe12c701f6af7c40259?s=96&d=mm&r=g","url":"https:\/\/secure.gravatar.com\/avatar\/92dcbdcf3e32112a9ceb1e41665b1f44c69382d014cacfe12c701f6af7c40259?s=96&d=mm&r=g","contentUrl":"https:\/\/secure.gravatar.com\/avatar\/92dcbdcf3e32112a9ceb1e41665b1f44c69382d014cacfe12c701f6af7c40259?s=96&d=mm&r=g","caption":"Stefan Milanovic"}}]}},"_links":{"self":[{"href":"https:\/\/royalfamily.org\/lat\/wp-json\/wp\/v2\/posts\/24489","targetHints":{"allow":["GET"]}}],"collection":[{"href":"https:\/\/royalfamily.org\/lat\/wp-json\/wp\/v2\/posts"}],"about":[{"href":"https:\/\/royalfamily.org\/lat\/wp-json\/wp\/v2\/types\/post"}],"author":[{"embeddable":true,"href":"https:\/\/royalfamily.org\/lat\/wp-json\/wp\/v2\/users\/1001015"}],"replies":[{"embeddable":true,"href":"https:\/\/royalfamily.org\/lat\/wp-json\/wp\/v2\/comments?post=24489"}],"version-history":[{"count":0,"href":"https:\/\/royalfamily.org\/lat\/wp-json\/wp\/v2\/posts\/24489\/revisions"}],"wp:featuredmedia":[{"embeddable":true,"href":"https:\/\/royalfamily.org\/lat\/wp-json\/wp\/v2\/media\/877"}],"wp:attachment":[{"href":"https:\/\/royalfamily.org\/lat\/wp-json\/wp\/v2\/media?parent=24489"}],"wp:term":[{"taxonomy":"category","embeddable":true,"href":"https:\/\/royalfamily.org\/lat\/wp-json\/wp\/v2\/categories?post=24489"},{"taxonomy":"post_tag","embeddable":true,"href":"https:\/\/royalfamily.org\/lat\/wp-json\/wp\/v2\/tags?post=24489"}],"curies":[{"name":"wp","href":"https:\/\/api.w.org\/{rel}","templated":true}]}}