{"id":28620,"date":"2016-10-06T15:04:14","date_gmt":"2016-10-06T15:04:14","guid":{"rendered":"https:\/\/royalfamily.org\/lifeline-new-york-hosts-annual-benefit-luncheon-2\/"},"modified":"2016-10-06T15:04:14","modified_gmt":"2016-10-06T15:04:14","slug":"lifeline-new-york-hosts-annual-benefit-luncheon","status":"publish","type":"post","link":"https:\/\/royalfamily.org\/lat\/lifeline-new-york-hosts-annual-benefit-luncheon\/","title":{"rendered":"GODI\u0160NJI DOBROTVORNI RU\u010cAK  HUMANITARNE ORGANIZACIJE LAJFLAJN NJUJORK"},"content":{"rendered":"<p><b>Njihova Kraljevska Viso\u010danstva Prestolonaslednik Aleksandar i Princeza Katarina zajedno sa Nj.K.V. Princem Dimitrijem i humanitarnom organizacijom Lajflajn Njujorku, bili su domac\u0301ini 6. Godi\u0161njem dobrotvornom ru\u010dku na kom su prikupljana sredstava za pedijatrijsku negu dece obolele od raka u Srbiji,\u00a0 u restoranu Le Sirk. Me\u0111u gostima na r\u010dku bili su i generalni konzul Srbije g-\u0111a Mirjana \u017divkovi\u0107, Lejdi Luli Gibons, ambasadorka Nensi Brinker, Keri Kenedi, Ivana Tramp, Keli Bensimon, dr Rut, grofica Luan de Leseps, \u017dan \u0160afirov, Kejmi Lajtburn, Dejl Noel, Konsuelo Vanderbilt Kostin, Tomas D\u017eejms \u201eTomi\u201c Tjun i Lucija Hvong-Gordon.<\/b><\/p>\n<p>\u010clan upravnog odbora Dejvid Hri\u010dak pozdravio je goste i predstavio voditeljku i predsedavaju\u0107u doga\u0111aja \u010ceri Kaufman, koja je potom najavila Nj.K.V. Prestolonaslednika Aleksandra, Princezu Katarinu i sadr\u017eaj programa. Gradona\u010delnik Majkl Blumberg, koji je ru\u010dao u Le Sirku \u010destitao je \u010ceri Kaufman i Lajflajnu Njujork na uspehu doga\u0111aja.<\/p>\n<p>Nj.K.V. Prestolonaslednik Aleksandar emotivno se osvrnuo i na saradnju koju Lajflajn Njujork ima sa Fondacijom Nj.K.V. Princeze Katarine. Humanitarna pomoc\u0301 i medicinska oprema koje isporu\u010duje Lajflajn Njujork dolazi u kriti\u010dnom trenutku: \u201eMo\u017eemo da iskoristimo ovu priliku da se pobolj\u0161a zdravlje i dobrobit na\u0161ih buduc\u0301ih generacija. Oprema, stru\u010dnost i obuka lekara koje Fondacija moje supruge obezbe\u0111uje srpskoj medicinskoj zajednici, pomogli su mnogim porodicama. Lajflajn Njujork ne diskrimini\u0161e na osnovu razli\u010ditih kultura i religija, nego poma\u017ee svima koji ne mogu da priu\u0161te kvalitetnu medicinsku negu\u201c.<\/p>\n<p>Nj.K.V. Princeza Katarina obratila se gostima na ru\u010dku i zahvalila svom suprugu i svima koji sara\u0111uju sa organizacijom Lajflajn. Ona je rekla, \u201eLjudi koji su ovde danas daju mi snagu i energiju da nastavim. Nema dovoljno ljudi u svetu koji su &#8216;dobri primeri&#8217;, ali svi ljudi koji su ovde odli\u010dan su primer jer su mogli da budu bilo gde drugde, ali su izabrali da budu sa mnom i Lajflajnom, da pomognemo deci i svima kojima je pomo\u0107 potrebna. Podr\u0161ka od na\u0161ih prijatelja i srpske dijaspore je od klju\u010dnog zna\u010daja. Blagosloveni smo njihovom velikodu\u0161no\u0161\u0107u\u201c.<\/p>\n<p>Dr Hedviga Hri\u010dak, na\u010delnica odeljenja za radiologiju u centru za rak Memorial Sloan Kettering, dobila je nagradu za humanitarni rad i doprinos unapre\u0111enju zdravstvene za\u0161tite u Srbiji. Dr Hri\u010dak je svetski lider u oblasti onkolo\u0161kog i molekularnog snimanja. Ona je posvec\u0301ena zdravstvenim problemima \u017eena i radila je na bezbroj globalnih programa tokom svoje karijere. Dr Hri\u010dak je biv\u0161a predsednica humanitarne organizacije Lajflajn kroz \u010diji rad su ona i njen suprug dr Aleksandar Margulis podr\u017eali Princezu Katarinu i Lajflajn Njujork u bezbroj zdravstvenih projekata pomo\u0107i gra\u0111anima Srbije, uklju\u010dujuc\u0301i: razvoj nacionalnog programa raka dojke, osmi\u0161ljavanje i vo\u0111enje programa obuke za radiologe i tehnologe, razvoj onkolo\u0161kih konferencija i pru\u017eanje ekspertize za pobolj\u0161anje zdravstvenog sistema. Ona je govorila o tome kako je ona posvetila svoj \u017eivot le\u010denju raka u zemlji u kojoj je stopa dijagnostikovanog raka dojke bila tri puta vec\u0301a nego \u0161to je danas.<\/p>\n<p>Nevena Pavlovic\u0301, stalni glavni solista u Operi Srpskog narodnog pozori\u0161ta, izvela je ariju \u201eDonde lieta usci\u201c, iz Pu\u010dinijeve opere La Boheme, \u0161to je bilo pozdravljeno gromkim aplauzom.<\/p>\n<p>Dr Lesli Leman \u2013 direktorka Globalne inicijativa za zdravlje (GHI), govorila je o svom radu sa de\u010dijim bolnicama i koliko su zdravstveni radnici posve\u0107eni deci. Nastavila je rekav\u0161i koliko Lajflajn Njujork poma\u017ee da se obezbedi nova oprema koja mo\u017ee drasti\u010dno da uti\u010de na stopu pre\u017eivljavanja dece.<\/p>\n<p>Lajflajn Njujork direktno sara\u0111uje sa Fondacijom Njenog Kraljevskog Viso\u010danstva Princeze Katarine u Beogradu u pru\u017eanju preko potrebne humanitarne pomoc\u0301i najugro\u017eenijim ljudima u Srbiji, bez obzira na versku ili etni\u010dku pripadnost, sa fokusom na pomaganje fizi\u010dki i mentalno hendikepiranoj deci, siro\u010dadima, kao i radu sa zdravstvenim ustanovama na pobolj\u0161anju zdravstvene za\u0161tite \u0161irom zemlje.<\/p>\n<p>Tokom godina, Lajflajn je obezbe\u0111ivao opremu kao \u0161to su neonatalni ultrazvu\u010dni ure\u0111aji, mobilni mamografi, organizovao radiolo\u0161ku obuku medicinskog osoblja, obezbe\u0111ivao elektri\u010dne bolni\u010dke krevete za odeljenja intenzivne nege, ure\u0111aje za decu sa o\u0161tec\u0301enim sluhom, i ra\u010dunare za siro\u010dad. Srbija intenzivno nastoji da pobolj\u0161a \u017eivotne uslove svojih gra\u0111ana. Me\u0111utim, desetinama hiljada ljudi, posebno deci bez roditelja, odoj\u010dadima, deci i osobama sa invaliditetom, potrebna je pomoc\u0301. Postoji ogromna potreba za medicinskom opremom i materijalima. Lajflajn Njujork je neprofitna humanitarna organizacija koja ne dobija sredstva od vlade, \u010diji rad je moguc\u0301 kroz donacije ljudi koji brinu o drugim ljudima. Ako \u017eelite da saznate vi\u0161e, posetite <a href=\"http:\/\/www.lifelineny.org\/\">www.lifelineny.org<\/a> ili kontaktirajte <a href=\"tel:212-867-5050\">212-867-5050<\/a>, <a href=\"mailto:office@lifelineny.org\">office@lifelineny.org<\/a>.<\/p>\n<p><a href=\"https:\/\/royalfamily.org\/wp-content\/uploads\/2016\/10\/Cheri-Kaufman-Susan-Gutfreund-Sabine-Collins-Nancy-Brinker-Dr.-Dou....jpg\"><img decoding=\"async\" class=\"alignnone size-thumbnail wp-image-28615\" alt=\"\u010ceri Kaufman, Suzan Gutfrojnd, Brajan Votson, Sabina Kolins, Nensi Brinker, Dr Daglas D\u017eekson, Nj.K.V. Prestolonaslednik Aleksandar, Nj.K.V. Princeza Katarina, Dr Marisa Vajs, Keri Kenedi\" src=\"https:\/\/royalfamily.org\/wp-content\/uploads\/2016\/10\/Cheri-Kaufman-Susan-Gutfreund-Sabine-Collins-Nancy-Brinker-Dr.-Dou...-170x120.jpg\" width=\"170\" height=\"120\" \/><\/a> <a href=\"https:\/\/royalfamily.org\/wp-content\/uploads\/2016\/10\/Branko-Terzic-Dr.-Marisa-Weiss-Crown-Prince-Alexander-of-Serbia.jpg\"><img decoding=\"async\" class=\"alignnone size-thumbnail wp-image-28612\" alt=\"Branko Terzi\u0107, Dr Marisa Vajs, Nj.K.V. Prestolonaslednik Aleksandar\" src=\"https:\/\/royalfamily.org\/wp-content\/uploads\/2016\/10\/Branko-Terzic-Dr.-Marisa-Weiss-Crown-Prince-Alexander-of-Serbia-170x120.jpg\" width=\"170\" height=\"120\" \/><\/a> <a href=\"https:\/\/royalfamily.org\/wp-content\/uploads\/2016\/10\/April-Gow-Crown-Princess-Katherine-of-Serbia-Lucia-Hwong-Gordon.jpg\"><img decoding=\"async\" class=\"alignnone size-thumbnail wp-image-28609\" alt=\"Ejpril Gou, Nj.K.V. Princeza Katarina, Lucia Hong Gordon\" src=\"https:\/\/royalfamily.org\/wp-content\/uploads\/2016\/10\/April-Gow-Crown-Princess-Katherine-of-Serbia-Lucia-Hwong-Gordon-170x120.jpg\" width=\"170\" height=\"120\" \/><\/a> <a href=\"https:\/\/royalfamily.org\/wp-content\/uploads\/2016\/10\/Dale-Noelle-Cheri-Kaufman-Ivana-Trump-Crown-Princess-Katherine-of-Ser....jpg\"><img decoding=\"async\" class=\"alignnone size-thumbnail wp-image-28606\" alt=\"Dale Noel, \u010ceri Kaufman, Ivana Tramp, Nj.K.V. Princeza Katarina\" src=\"https:\/\/royalfamily.org\/wp-content\/uploads\/2016\/10\/Dale-Noelle-Cheri-Kaufman-Ivana-Trump-Crown-Princess-Katherine-of-Ser...-170x120.jpg\" width=\"170\" height=\"120\" \/><\/a><br \/>\n<a href=\"https:\/\/royalfamily.org\/wp-content\/uploads\/2016\/10\/Crown-Princess-Katherine-of-Serbia-Nevena-Pavlovic.jpg\"><img decoding=\"async\" class=\"alignnone size-thumbnail wp-image-28603\" alt=\"Nj.K.V. Princeza Katarina, Nevena Pavlovi\u0107\" src=\"https:\/\/royalfamily.org\/wp-content\/uploads\/2016\/10\/Crown-Princess-Katherine-of-Serbia-Nevena-Pavlovic-170x120.jpg\" width=\"170\" height=\"120\" \/><\/a> <a href=\"https:\/\/royalfamily.org\/wp-content\/uploads\/2016\/10\/Crown-Princess-Katherine-of-Serbia-Crown-Prince-Alexander-of-Serbia-La....jpg\"><img decoding=\"async\" class=\"alignnone size-thumbnail wp-image-28600\" alt=\"Princeza Katarina, Nj.K.V. Prestolonaslednik Aleksandar, Lejdi Luli Gibons\" src=\"https:\/\/royalfamily.org\/wp-content\/uploads\/2016\/10\/Crown-Princess-Katherine-of-Serbia-Crown-Prince-Alexander-of-Serbia-La...-170x120.jpg\" width=\"170\" height=\"120\" \/><\/a> <a href=\"https:\/\/royalfamily.org\/wp-content\/uploads\/2016\/10\/Crown-Prince-Alexander-of-Serbia.jpg\"><img decoding=\"async\" class=\"alignnone size-thumbnail wp-image-28597\" alt=\"Nj.K.V. Prestolonaslednik Aleksandar\" src=\"https:\/\/royalfamily.org\/wp-content\/uploads\/2016\/10\/Crown-Prince-Alexander-of-Serbia-170x120.jpg\" width=\"170\" height=\"120\" \/><\/a> <a href=\"https:\/\/royalfamily.org\/wp-content\/uploads\/2016\/10\/Dr.-Bojana-Jankovic-Crown-Princess-Katherine-of-Serbia-Lexi-Montee.jpg\"><img decoding=\"async\" class=\"alignnone size-thumbnail wp-image-28591\" alt=\"Dr Bojana Jankovi\u0107, Nj.K.V. Princeza Katarina, Leksi Monti\" src=\"https:\/\/royalfamily.org\/wp-content\/uploads\/2016\/10\/Dr.-Bojana-Jankovic-Crown-Princess-Katherine-of-Serbia-Lexi-Montee-170x120.jpg\" width=\"170\" height=\"120\" \/><br \/>\n<\/a><a href=\"https:\/\/royalfamily.org\/wp-content\/uploads\/2016\/10\/Ivana-Trump-Crown-Prince-Alexander-of-Serbia-Crown-Princess-Katherine-....jpg\"><img decoding=\"async\" class=\"alignnone size-thumbnail wp-image-28623\" alt=\"Ivana Tramp, Nj.K.V. Prestolonaslednik Aleksandar, Nj.K.V. Princeza Katarina\" src=\"https:\/\/royalfamily.org\/wp-content\/uploads\/2016\/10\/Ivana-Trump-Crown-Prince-Alexander-of-Serbia-Crown-Princess-Katherine-...-170x120.jpg\" width=\"170\" height=\"120\" \/><\/a>\u00a0<a href=\"https:\/\/royalfamily.org\/wp-content\/uploads\/2016\/10\/33.jpg\"><img decoding=\"async\" width=\"170\" height=\"120\" class=\"alignnone size-thumbnail wp-image-28715\" alt=\"Lifeline NY Annual Benefit Luncheon\" src=\"https:\/\/royalfamily.org\/wp-content\/uploads\/2016\/10\/33-170x120.jpg\" \/><\/a> <a href=\"https:\/\/royalfamily.org\/wp-content\/uploads\/2016\/10\/22.jpg\"><img decoding=\"async\" width=\"170\" height=\"120\" class=\"alignnone size-thumbnail wp-image-28712\" alt=\"22\" src=\"https:\/\/royalfamily.org\/wp-content\/uploads\/2016\/10\/22-170x120.jpg\" \/><\/a>\u00a0<a href=\"https:\/\/royalfamily.org\/wp-content\/uploads\/2016\/10\/LightBox__LifelineNYAnnualBenefitLuncheon__106_63611344109538778410652490_29_LIFE_20161005_SFZ_107.jpg\"><img decoding=\"async\" width=\"170\" height=\"120\" class=\"alignnone size-thumbnail wp-image-28723\" alt=\"Lifeline NY Annual Benefit Luncheon\" src=\"https:\/\/royalfamily.org\/wp-content\/uploads\/2016\/10\/LightBox__LifelineNYAnnualBenefitLuncheon__106_63611344109538778410652490_29_LIFE_20161005_SFZ_107-170x120.jpg\" \/><\/a><\/p>\n<p><a href=\"https:\/\/royalfamily.org\/wp-content\/uploads\/2016\/10\/FullSizeRender4.jpg\"><img decoding=\"async\" width=\"170\" height=\"120\" class=\"alignnone size-thumbnail wp-image-28779\" alt=\"fullsizerender4\" src=\"https:\/\/royalfamily.org\/wp-content\/uploads\/2016\/10\/FullSizeRender4-170x120.jpg\" \/><\/a> <a href=\"https:\/\/royalfamily.org\/wp-content\/uploads\/2016\/10\/FullSizeRender-41.jpg\"><img decoding=\"async\" width=\"170\" height=\"120\" class=\"alignnone size-thumbnail wp-image-28776\" alt=\"fullsizerender-4\" src=\"https:\/\/royalfamily.org\/wp-content\/uploads\/2016\/10\/FullSizeRender-41-170x120.jpg\" \/><\/a> <a href=\"https:\/\/royalfamily.org\/wp-content\/uploads\/2016\/10\/FullSizeRender-2.jpg\"><img decoding=\"async\" width=\"170\" height=\"120\" class=\"alignnone size-thumbnail wp-image-28772\" alt=\"fullsizerender-2\" src=\"https:\/\/royalfamily.org\/wp-content\/uploads\/2016\/10\/FullSizeRender-2-170x120.jpg\" \/><\/a><\/p>\n","protected":false},"excerpt":{"rendered":"<p>Njihova Kraljevska Viso\u010danstva Prestolonaslednik Aleksandar i Princeza Katarina zajedno sa Nj.K.V. Princem Dimitrijem i humanitarnom  [&#8230;]<\/p>\n","protected":false},"author":1001015,"featured_media":28596,"comment_status":"closed","ping_status":"closed","sticky":false,"template":"","format":"standard","meta":{"_acf_changed":false,"footnotes":""},"categories":[22],"tags":[],"class_list":["post-28620","post","type-post","status-publish","format-standard","has-post-thumbnail","hentry","category-vesti"],"acf":[],"yoast_head":"<!-- This site is optimized with the Yoast SEO Premium plugin v27.4 (Yoast SEO v27.4) - https:\/\/yoast.com\/product\/yoast-seo-premium-wordpress\/ -->\n<title>GODI\u0160NJI DOBROTVORNI RU\u010cAK HUMANITARNE ORGANIZACIJE LAJFLAJN NJUJORK - The Royal Family of Serbia<\/title>\n<meta name=\"description\" content=\"Njihova Kraljevska Viso\u010danstva Prestolonaslednik Aleksandar i Princeza Katarina zajedno sa Nj.K.V. Princem Dimitrijem i humanitarnom organizacijom\" \/>\n<meta name=\"robots\" content=\"index, follow, max-snippet:-1, max-image-preview:large, max-video-preview:-1\" \/>\n<link rel=\"canonical\" href=\"https:\/\/royalfamily.org\/lat\/lifeline-new-york-hosts-annual-benefit-luncheon\/\" \/>\n<meta property=\"og:locale\" content=\"en_US\" \/>\n<meta property=\"og:type\" content=\"article\" \/>\n<meta property=\"og:title\" content=\"GODI\u0160NJI DOBROTVORNI RU\u010cAK HUMANITARNE ORGANIZACIJE LAJFLAJN NJUJORK\" \/>\n<meta property=\"og:description\" content=\"Njihova Kraljevska Viso\u010danstva Prestolonaslednik Aleksandar i Princeza Katarina zajedno sa Nj.K.V. Princem Dimitrijem i humanitarnom organizacijom\" \/>\n<meta property=\"og:url\" content=\"https:\/\/royalfamily.org\/lat\/lifeline-new-york-hosts-annual-benefit-luncheon\/\" \/>\n<meta property=\"og:site_name\" content=\"The Royal Family of Serbia\" \/>\n<meta property=\"article:publisher\" content=\"https:\/\/www.facebook.com\/Prestolonaslednik.Aleksandar\" \/>\n<meta property=\"article:published_time\" content=\"2016-10-06T15:04:14+00:00\" \/>\n<meta property=\"og:image\" content=\"https:\/\/royalfamily.org\/wp-content\/uploads\/2016\/10\/01.jpg\" \/>\n\t<meta property=\"og:image:width\" content=\"740\" \/>\n\t<meta property=\"og:image:height\" content=\"350\" \/>\n\t<meta property=\"og:image:type\" content=\"image\/jpeg\" \/>\n<meta name=\"author\" content=\"Stefan Milanovic\" \/>\n<meta name=\"twitter:card\" content=\"summary_large_image\" \/>\n<meta name=\"twitter:label1\" content=\"Written by\" \/>\n\t<meta name=\"twitter:data1\" content=\"Stefan Milanovic\" \/>\n\t<meta name=\"twitter:label2\" content=\"Est. reading time\" \/>\n\t<meta name=\"twitter:data2\" content=\"4 minutes\" \/>\n<script type=\"application\/ld+json\" class=\"yoast-schema-graph\">{\"@context\":\"https:\\\/\\\/schema.org\",\"@graph\":[{\"@type\":\"Article\",\"@id\":\"https:\\\/\\\/royalfamily.org\\\/lat\\\/lifeline-new-york-hosts-annual-benefit-luncheon\\\/#article\",\"isPartOf\":{\"@id\":\"https:\\\/\\\/royalfamily.org\\\/lat\\\/lifeline-new-york-hosts-annual-benefit-luncheon\\\/\"},\"author\":{\"name\":\"Stefan Milanovic\",\"@id\":\"https:\\\/\\\/royalfamily.org\\\/#\\\/schema\\\/person\\\/4ad3296a6a8a35eed333b6a785e9f648\"},\"headline\":\"GODI\u0160NJI DOBROTVORNI RU\u010cAK HUMANITARNE ORGANIZACIJE LAJFLAJN NJUJORK\",\"datePublished\":\"2016-10-06T15:04:14+00:00\",\"mainEntityOfPage\":{\"@id\":\"https:\\\/\\\/royalfamily.org\\\/lat\\\/lifeline-new-york-hosts-annual-benefit-luncheon\\\/\"},\"wordCount\":801,\"publisher\":{\"@id\":\"https:\\\/\\\/royalfamily.org\\\/#organization\"},\"image\":{\"@id\":\"https:\\\/\\\/royalfamily.org\\\/lat\\\/lifeline-new-york-hosts-annual-benefit-luncheon\\\/#primaryimage\"},\"thumbnailUrl\":\"https:\\\/\\\/royalfamily.org\\\/wp-content\\\/uploads\\\/2016\\\/10\\\/01.jpg\",\"articleSection\":[\"Vesti\"],\"inLanguage\":\"sr-LT\"},{\"@type\":\"WebPage\",\"@id\":\"https:\\\/\\\/royalfamily.org\\\/lat\\\/lifeline-new-york-hosts-annual-benefit-luncheon\\\/\",\"url\":\"https:\\\/\\\/royalfamily.org\\\/lat\\\/lifeline-new-york-hosts-annual-benefit-luncheon\\\/\",\"name\":\"GODI\u0160NJI DOBROTVORNI RU\u010cAK HUMANITARNE ORGANIZACIJE LAJFLAJN NJUJORK - The Royal Family of Serbia\",\"isPartOf\":{\"@id\":\"https:\\\/\\\/royalfamily.org\\\/#website\"},\"primaryImageOfPage\":{\"@id\":\"https:\\\/\\\/royalfamily.org\\\/lat\\\/lifeline-new-york-hosts-annual-benefit-luncheon\\\/#primaryimage\"},\"image\":{\"@id\":\"https:\\\/\\\/royalfamily.org\\\/lat\\\/lifeline-new-york-hosts-annual-benefit-luncheon\\\/#primaryimage\"},\"thumbnailUrl\":\"https:\\\/\\\/royalfamily.org\\\/wp-content\\\/uploads\\\/2016\\\/10\\\/01.jpg\",\"datePublished\":\"2016-10-06T15:04:14+00:00\",\"description\":\"Njihova Kraljevska Viso\u010danstva Prestolonaslednik Aleksandar i Princeza Katarina zajedno sa Nj.K.V. Princem Dimitrijem i humanitarnom organizacijom\",\"breadcrumb\":{\"@id\":\"https:\\\/\\\/royalfamily.org\\\/lat\\\/lifeline-new-york-hosts-annual-benefit-luncheon\\\/#breadcrumb\"},\"inLanguage\":\"sr-LT\",\"potentialAction\":[{\"@type\":\"ReadAction\",\"target\":[\"https:\\\/\\\/royalfamily.org\\\/lat\\\/lifeline-new-york-hosts-annual-benefit-luncheon\\\/\"]}]},{\"@type\":\"ImageObject\",\"inLanguage\":\"sr-LT\",\"@id\":\"https:\\\/\\\/royalfamily.org\\\/lat\\\/lifeline-new-york-hosts-annual-benefit-luncheon\\\/#primaryimage\",\"url\":\"https:\\\/\\\/royalfamily.org\\\/wp-content\\\/uploads\\\/2016\\\/10\\\/01.jpg\",\"contentUrl\":\"https:\\\/\\\/royalfamily.org\\\/wp-content\\\/uploads\\\/2016\\\/10\\\/01.jpg\",\"width\":740,\"height\":350},{\"@type\":\"BreadcrumbList\",\"@id\":\"https:\\\/\\\/royalfamily.org\\\/lat\\\/lifeline-new-york-hosts-annual-benefit-luncheon\\\/#breadcrumb\",\"itemListElement\":[{\"@type\":\"ListItem\",\"position\":1,\"name\":\"Home\",\"item\":\"https:\\\/\\\/royalfamily.org\\\/lat\\\/\"},{\"@type\":\"ListItem\",\"position\":2,\"name\":\"GODI\u0160NJI DOBROTVORNI RU\u010cAK HUMANITARNE ORGANIZACIJE LAJFLAJN NJUJORK\"}]},{\"@type\":\"WebSite\",\"@id\":\"https:\\\/\\\/royalfamily.org\\\/#website\",\"url\":\"https:\\\/\\\/royalfamily.org\\\/\",\"name\":\"The Royal Family of Serbia\",\"description\":\"From the people, for the people\",\"publisher\":{\"@id\":\"https:\\\/\\\/royalfamily.org\\\/#organization\"},\"potentialAction\":[{\"@type\":\"SearchAction\",\"target\":{\"@type\":\"EntryPoint\",\"urlTemplate\":\"https:\\\/\\\/royalfamily.org\\\/?s={search_term_string}\"},\"query-input\":{\"@type\":\"PropertyValueSpecification\",\"valueRequired\":true,\"valueName\":\"search_term_string\"}}],\"inLanguage\":\"sr-LT\"},{\"@type\":\"Organization\",\"@id\":\"https:\\\/\\\/royalfamily.org\\\/#organization\",\"name\":\"Royal Family\",\"url\":\"https:\\\/\\\/royalfamily.org\\\/\",\"logo\":{\"@type\":\"ImageObject\",\"inLanguage\":\"sr-LT\",\"@id\":\"https:\\\/\\\/royalfamily.org\\\/#\\\/schema\\\/logo\\\/image\\\/\",\"url\":\"https:\\\/\\\/royalfamily.org\\\/wp-content\\\/uploads\\\/2019\\\/04\\\/logo-vector-02-V-latinica.png\",\"contentUrl\":\"https:\\\/\\\/royalfamily.org\\\/wp-content\\\/uploads\\\/2019\\\/04\\\/logo-vector-02-V-latinica.png\",\"width\":552,\"height\":99,\"caption\":\"Royal Family\"},\"image\":{\"@id\":\"https:\\\/\\\/royalfamily.org\\\/#\\\/schema\\\/logo\\\/image\\\/\"},\"sameAs\":[\"https:\\\/\\\/www.facebook.com\\\/Prestolonaslednik.Aleksandar\"]},{\"@type\":\"Person\",\"@id\":\"https:\\\/\\\/royalfamily.org\\\/#\\\/schema\\\/person\\\/4ad3296a6a8a35eed333b6a785e9f648\",\"name\":\"Stefan Milanovic\",\"image\":{\"@type\":\"ImageObject\",\"inLanguage\":\"sr-LT\",\"@id\":\"https:\\\/\\\/secure.gravatar.com\\\/avatar\\\/92dcbdcf3e32112a9ceb1e41665b1f44c69382d014cacfe12c701f6af7c40259?s=96&d=mm&r=g\",\"url\":\"https:\\\/\\\/secure.gravatar.com\\\/avatar\\\/92dcbdcf3e32112a9ceb1e41665b1f44c69382d014cacfe12c701f6af7c40259?s=96&d=mm&r=g\",\"contentUrl\":\"https:\\\/\\\/secure.gravatar.com\\\/avatar\\\/92dcbdcf3e32112a9ceb1e41665b1f44c69382d014cacfe12c701f6af7c40259?s=96&d=mm&r=g\",\"caption\":\"Stefan Milanovic\"}}]}<\/script>\n<!-- \/ Yoast SEO Premium plugin. -->","yoast_head_json":{"title":"GODI\u0160NJI DOBROTVORNI RU\u010cAK HUMANITARNE ORGANIZACIJE LAJFLAJN NJUJORK - The Royal Family of Serbia","description":"Njihova Kraljevska Viso\u010danstva Prestolonaslednik Aleksandar i Princeza Katarina zajedno sa Nj.K.V. Princem Dimitrijem i humanitarnom organizacijom","robots":{"index":"index","follow":"follow","max-snippet":"max-snippet:-1","max-image-preview":"max-image-preview:large","max-video-preview":"max-video-preview:-1"},"canonical":"https:\/\/royalfamily.org\/lat\/lifeline-new-york-hosts-annual-benefit-luncheon\/","og_locale":"en_US","og_type":"article","og_title":"GODI\u0160NJI DOBROTVORNI RU\u010cAK HUMANITARNE ORGANIZACIJE LAJFLAJN NJUJORK","og_description":"Njihova Kraljevska Viso\u010danstva Prestolonaslednik Aleksandar i Princeza Katarina zajedno sa Nj.K.V. Princem Dimitrijem i humanitarnom organizacijom","og_url":"https:\/\/royalfamily.org\/lat\/lifeline-new-york-hosts-annual-benefit-luncheon\/","og_site_name":"The Royal Family of Serbia","article_publisher":"https:\/\/www.facebook.com\/Prestolonaslednik.Aleksandar","article_published_time":"2016-10-06T15:04:14+00:00","og_image":[{"width":740,"height":350,"url":"https:\/\/royalfamily.org\/wp-content\/uploads\/2016\/10\/01.jpg","type":"image\/jpeg"}],"author":"Stefan Milanovic","twitter_card":"summary_large_image","twitter_misc":{"Written by":"Stefan Milanovic","Est. reading time":"4 minutes"},"schema":{"@context":"https:\/\/schema.org","@graph":[{"@type":"Article","@id":"https:\/\/royalfamily.org\/lat\/lifeline-new-york-hosts-annual-benefit-luncheon\/#article","isPartOf":{"@id":"https:\/\/royalfamily.org\/lat\/lifeline-new-york-hosts-annual-benefit-luncheon\/"},"author":{"name":"Stefan Milanovic","@id":"https:\/\/royalfamily.org\/#\/schema\/person\/4ad3296a6a8a35eed333b6a785e9f648"},"headline":"GODI\u0160NJI DOBROTVORNI RU\u010cAK HUMANITARNE ORGANIZACIJE LAJFLAJN NJUJORK","datePublished":"2016-10-06T15:04:14+00:00","mainEntityOfPage":{"@id":"https:\/\/royalfamily.org\/lat\/lifeline-new-york-hosts-annual-benefit-luncheon\/"},"wordCount":801,"publisher":{"@id":"https:\/\/royalfamily.org\/#organization"},"image":{"@id":"https:\/\/royalfamily.org\/lat\/lifeline-new-york-hosts-annual-benefit-luncheon\/#primaryimage"},"thumbnailUrl":"https:\/\/royalfamily.org\/wp-content\/uploads\/2016\/10\/01.jpg","articleSection":["Vesti"],"inLanguage":"sr-LT"},{"@type":"WebPage","@id":"https:\/\/royalfamily.org\/lat\/lifeline-new-york-hosts-annual-benefit-luncheon\/","url":"https:\/\/royalfamily.org\/lat\/lifeline-new-york-hosts-annual-benefit-luncheon\/","name":"GODI\u0160NJI DOBROTVORNI RU\u010cAK HUMANITARNE ORGANIZACIJE LAJFLAJN NJUJORK - The Royal Family of Serbia","isPartOf":{"@id":"https:\/\/royalfamily.org\/#website"},"primaryImageOfPage":{"@id":"https:\/\/royalfamily.org\/lat\/lifeline-new-york-hosts-annual-benefit-luncheon\/#primaryimage"},"image":{"@id":"https:\/\/royalfamily.org\/lat\/lifeline-new-york-hosts-annual-benefit-luncheon\/#primaryimage"},"thumbnailUrl":"https:\/\/royalfamily.org\/wp-content\/uploads\/2016\/10\/01.jpg","datePublished":"2016-10-06T15:04:14+00:00","description":"Njihova Kraljevska Viso\u010danstva Prestolonaslednik Aleksandar i Princeza Katarina zajedno sa Nj.K.V. Princem Dimitrijem i humanitarnom organizacijom","breadcrumb":{"@id":"https:\/\/royalfamily.org\/lat\/lifeline-new-york-hosts-annual-benefit-luncheon\/#breadcrumb"},"inLanguage":"sr-LT","potentialAction":[{"@type":"ReadAction","target":["https:\/\/royalfamily.org\/lat\/lifeline-new-york-hosts-annual-benefit-luncheon\/"]}]},{"@type":"ImageObject","inLanguage":"sr-LT","@id":"https:\/\/royalfamily.org\/lat\/lifeline-new-york-hosts-annual-benefit-luncheon\/#primaryimage","url":"https:\/\/royalfamily.org\/wp-content\/uploads\/2016\/10\/01.jpg","contentUrl":"https:\/\/royalfamily.org\/wp-content\/uploads\/2016\/10\/01.jpg","width":740,"height":350},{"@type":"BreadcrumbList","@id":"https:\/\/royalfamily.org\/lat\/lifeline-new-york-hosts-annual-benefit-luncheon\/#breadcrumb","itemListElement":[{"@type":"ListItem","position":1,"name":"Home","item":"https:\/\/royalfamily.org\/lat\/"},{"@type":"ListItem","position":2,"name":"GODI\u0160NJI DOBROTVORNI RU\u010cAK HUMANITARNE ORGANIZACIJE LAJFLAJN NJUJORK"}]},{"@type":"WebSite","@id":"https:\/\/royalfamily.org\/#website","url":"https:\/\/royalfamily.org\/","name":"The Royal Family of Serbia","description":"From the people, for the people","publisher":{"@id":"https:\/\/royalfamily.org\/#organization"},"potentialAction":[{"@type":"SearchAction","target":{"@type":"EntryPoint","urlTemplate":"https:\/\/royalfamily.org\/?s={search_term_string}"},"query-input":{"@type":"PropertyValueSpecification","valueRequired":true,"valueName":"search_term_string"}}],"inLanguage":"sr-LT"},{"@type":"Organization","@id":"https:\/\/royalfamily.org\/#organization","name":"Royal Family","url":"https:\/\/royalfamily.org\/","logo":{"@type":"ImageObject","inLanguage":"sr-LT","@id":"https:\/\/royalfamily.org\/#\/schema\/logo\/image\/","url":"https:\/\/royalfamily.org\/wp-content\/uploads\/2019\/04\/logo-vector-02-V-latinica.png","contentUrl":"https:\/\/royalfamily.org\/wp-content\/uploads\/2019\/04\/logo-vector-02-V-latinica.png","width":552,"height":99,"caption":"Royal Family"},"image":{"@id":"https:\/\/royalfamily.org\/#\/schema\/logo\/image\/"},"sameAs":["https:\/\/www.facebook.com\/Prestolonaslednik.Aleksandar"]},{"@type":"Person","@id":"https:\/\/royalfamily.org\/#\/schema\/person\/4ad3296a6a8a35eed333b6a785e9f648","name":"Stefan Milanovic","image":{"@type":"ImageObject","inLanguage":"sr-LT","@id":"https:\/\/secure.gravatar.com\/avatar\/92dcbdcf3e32112a9ceb1e41665b1f44c69382d014cacfe12c701f6af7c40259?s=96&d=mm&r=g","url":"https:\/\/secure.gravatar.com\/avatar\/92dcbdcf3e32112a9ceb1e41665b1f44c69382d014cacfe12c701f6af7c40259?s=96&d=mm&r=g","contentUrl":"https:\/\/secure.gravatar.com\/avatar\/92dcbdcf3e32112a9ceb1e41665b1f44c69382d014cacfe12c701f6af7c40259?s=96&d=mm&r=g","caption":"Stefan Milanovic"}}]}},"_links":{"self":[{"href":"https:\/\/royalfamily.org\/lat\/wp-json\/wp\/v2\/posts\/28620","targetHints":{"allow":["GET"]}}],"collection":[{"href":"https:\/\/royalfamily.org\/lat\/wp-json\/wp\/v2\/posts"}],"about":[{"href":"https:\/\/royalfamily.org\/lat\/wp-json\/wp\/v2\/types\/post"}],"author":[{"embeddable":true,"href":"https:\/\/royalfamily.org\/lat\/wp-json\/wp\/v2\/users\/1001015"}],"replies":[{"embeddable":true,"href":"https:\/\/royalfamily.org\/lat\/wp-json\/wp\/v2\/comments?post=28620"}],"version-history":[{"count":0,"href":"https:\/\/royalfamily.org\/lat\/wp-json\/wp\/v2\/posts\/28620\/revisions"}],"wp:featuredmedia":[{"embeddable":true,"href":"https:\/\/royalfamily.org\/lat\/wp-json\/wp\/v2\/media\/28596"}],"wp:attachment":[{"href":"https:\/\/royalfamily.org\/lat\/wp-json\/wp\/v2\/media?parent=28620"}],"wp:term":[{"taxonomy":"category","embeddable":true,"href":"https:\/\/royalfamily.org\/lat\/wp-json\/wp\/v2\/categories?post=28620"},{"taxonomy":"post_tag","embeddable":true,"href":"https:\/\/royalfamily.org\/lat\/wp-json\/wp\/v2\/tags?post=28620"}],"curies":[{"name":"wp","href":"https:\/\/api.w.org\/{rel}","templated":true}]}}