{"id":28751,"date":"2016-10-12T14:16:55","date_gmt":"2016-10-12T14:16:55","guid":{"rendered":"https:\/\/royalfamily.org\/her-royal-highness-crown-princess-katherine-at-jubilee-of-the-union-of-the-blind-of-serbia-2\/"},"modified":"2016-10-12T14:16:55","modified_gmt":"2016-10-12T14:16:55","slug":"her-royal-highness-crown-princess-katherine-at-jubilee-of-the-union-of-the-blind-of-serbia","status":"publish","type":"post","link":"https:\/\/royalfamily.org\/lat\/her-royal-highness-crown-princess-katherine-at-jubilee-of-the-union-of-the-blind-of-serbia\/","title":{"rendered":"NJENO KRALJEVSKO VISO\u010cANSTVO PRINCEZA KATARINA NA JUBILEJU SAVEZA SLEPIH SRBIJE"},"content":{"rendered":"<p>Njeno Kraljevsko Viso\u010danstvo Princeza Katarina bila je go\u0161\u0107a na ceremoniji obele\u017eavanja 70. godi\u0161njice Saveza slepih Srbije u Sava centru.<\/p>\n<p>Ovom va\u017enom jubileju prisustvovali su i predstavnici regionalnih i evropskih saveza i udru\u017eenja slepih osoba, kao i Aleksandar Vulin, ministar za rad, zapo\u0161ljavanje, bora\u010dka i socijalna pitanja.<\/p>\n<p>\u201eVeliko\u00a0 mi je zadovoljstvo \u0161to sam danas sa vama na proslavi sedamdeset godina Saveza slepih srbije. Veoma je va\u017eno da svi ljudi sa specifi\u010dnim potrebama i interesima imaju organizaciju koja ih predstavlja i poma\u017ee im da ostvare aktivan i ravnopravan \u017eivot. Drago mi je da je Savez slepih Srbije upravo takva organizacija. Va\u0161 Savez ve\u0107 sedamdeset godina vredno radi na obrazovanju, profesionalnom osposobljavanju, rehabilitaciji i zapo\u0161ljavanju slepih i slabovidih, kao i na njihovoj socijalnoj i zdravstvenoj za\u0161titi.<\/p>\n<p>To je izuzetno plemenit cilj, i moja humanitarna fondacija, moja porodica i ja u\u010dini\u0107emo sve \u0161to je u na\u0161oj mo\u0107i da vam u njegovom ostvarivanju na svaki na\u010din pomognemo. \u010cestitam vam ovaj zna\u010dajan jubilej i nadam se da \u0107ete svoj izvanredan rad nastaviti i u decenijama koje dolaze\u201d, rekla je Princeza Katarina u svom obra\u0107anju.<\/p>\n<p>Prisutni su imali priliku da u\u017eivaju i u klavirskom nastupu mlade Iskre Milenkovi\u0107, pevanju Ivane \u017digon, kao i muzi\u010dkom nastupu dueta Sanje \u0106aldovi\u0107 i Rajana Bolozana.<\/p>\n<p>&nbsp;<\/p>\n<p><a href=\"https:\/\/royalfamily.org\/wp-content\/uploads\/2016\/10\/IMG_9903m.jpg\"><img decoding=\"async\" class=\"alignnone size-thumbnail wp-image-28743\" alt=\"Njeno Kraljevsko Viso\u010danstvo Princeza Katarina na ceremoniji Saveza slepih Srbije\" src=\"https:\/\/royalfamily.org\/wp-content\/uploads\/2016\/10\/IMG_9903m-170x120.jpg\" width=\"170\" height=\"120\" \/><\/a> <a href=\"https:\/\/royalfamily.org\/wp-content\/uploads\/2016\/10\/IMG_0023.jpg\"><img decoding=\"async\" class=\"alignnone size-thumbnail wp-image-28740\" alt=\"Njeno Kraljevsko Viso\u010danstvo Princeza Katarina sa Brankom Brki\u0107, sekretarom Saveza slepih Srbije\" src=\"https:\/\/royalfamily.org\/wp-content\/uploads\/2016\/10\/IMG_0023-170x120.jpg\" width=\"170\" height=\"120\" \/><\/a> <a href=\"https:\/\/royalfamily.org\/wp-content\/uploads\/2016\/10\/IMG_9921.jpg\"><img decoding=\"async\" class=\"alignnone size-thumbnail wp-image-28737\" alt=\"Operski nastup na ceremoniji Saveza slepih Srbije\" src=\"https:\/\/royalfamily.org\/wp-content\/uploads\/2016\/10\/IMG_9921-170x120.jpg\" width=\"170\" height=\"120\" \/><\/a><\/p>\n<p><a href=\"https:\/\/royalfamily.org\/wp-content\/uploads\/2016\/10\/IMG_9981m.jpg\"><img decoding=\"async\" class=\"alignnone size-thumbnail wp-image-28734\" alt=\"Nastup Ivane \u017digon i Iskre Milenkovi\u0107\" src=\"https:\/\/royalfamily.org\/wp-content\/uploads\/2016\/10\/IMG_9981m-170x120.jpg\" width=\"170\" height=\"120\" \/><\/a> <a href=\"https:\/\/royalfamily.org\/wp-content\/uploads\/2016\/10\/IMG_9863m.jpg\"><img decoding=\"async\" class=\"alignnone size-thumbnail wp-image-28731\" alt=\"Aleksandar Vulin, ministar za rad, zapo\u0161ljavanje, bora\u010dka i socijalna pitanja na ceremoniji Saveza slepih Srbije\" src=\"https:\/\/royalfamily.org\/wp-content\/uploads\/2016\/10\/IMG_9863m-170x120.jpg\" width=\"170\" height=\"120\" \/><\/a> <a href=\"https:\/\/royalfamily.org\/wp-content\/uploads\/2016\/10\/IMG_0026M.jpg\"><img decoding=\"async\" class=\"alignnone size-thumbnail wp-image-28728\" alt=\"Njeno Kraljevsko Viso\u010danstvo Princeza Katarina sa mladom pijanistkinjom Iskrom Milenkovi\u0107\" src=\"https:\/\/royalfamily.org\/wp-content\/uploads\/2016\/10\/IMG_0026M-170x120.jpg\" width=\"170\" height=\"120\" srcset=\"https:\/\/royalfamily.org\/wp-content\/uploads\/2016\/10\/IMG_0026M-170x120.jpg 170w, https:\/\/royalfamily.org\/wp-content\/uploads\/2016\/10\/IMG_0026M-500x349.jpg 500w, https:\/\/royalfamily.org\/wp-content\/uploads\/2016\/10\/IMG_0026M-700x488.jpg 700w, https:\/\/royalfamily.org\/wp-content\/uploads\/2016\/10\/IMG_0026M-1024x714.jpg 1024w, https:\/\/royalfamily.org\/wp-content\/uploads\/2016\/10\/IMG_0026M.jpg 1200w\" sizes=\"(max-width: 170px) 100vw, 170px\" \/><\/a><\/p>\n","protected":false},"excerpt":{"rendered":"<p>Njeno Kraljevsko Viso\u010danstvo Princeza Katarina bila je go\u0161\u0107a na ceremoniji obele\u017eavanja 70. godi\u0161njice Saveza slepih  [&#8230;]<\/p>\n","protected":false},"author":1001015,"featured_media":28748,"comment_status":"closed","ping_status":"closed","sticky":false,"template":"","format":"standard","meta":{"_acf_changed":false,"footnotes":""},"categories":[22],"tags":[],"class_list":["post-28751","post","type-post","status-publish","format-standard","has-post-thumbnail","hentry","category-vesti"],"acf":[],"yoast_head":"<!-- This site is optimized with the Yoast SEO Premium plugin v27.4 (Yoast SEO v27.4) - https:\/\/yoast.com\/product\/yoast-seo-premium-wordpress\/ -->\n<title>NJENO KRALJEVSKO VISO\u010cANSTVO PRINCEZA KATARINA NA JUBILEJU SAVEZA SLEPIH SRBIJE - The Royal Family of Serbia<\/title>\n<meta name=\"description\" content=\"Njeno Kraljevsko Viso\u010danstvo Princeza Katarina bila je go\u0161\u0107a na ceremoniji obele\u017eavanja 70. godi\u0161njice Saveza slepih Srbije u Sava centru. Ovom va\u017enom\" \/>\n<meta name=\"robots\" content=\"index, follow, max-snippet:-1, max-image-preview:large, max-video-preview:-1\" \/>\n<link rel=\"canonical\" href=\"https:\/\/royalfamily.org\/lat\/her-royal-highness-crown-princess-katherine-at-jubilee-of-the-union-of-the-blind-of-serbia\/\" \/>\n<meta property=\"og:locale\" content=\"en_US\" \/>\n<meta property=\"og:type\" content=\"article\" \/>\n<meta property=\"og:title\" content=\"NJENO KRALJEVSKO VISO\u010cANSTVO PRINCEZA KATARINA NA JUBILEJU SAVEZA SLEPIH SRBIJE\" \/>\n<meta property=\"og:description\" content=\"Njeno Kraljevsko Viso\u010danstvo Princeza Katarina bila je go\u0161\u0107a na ceremoniji obele\u017eavanja 70. godi\u0161njice Saveza slepih Srbije u Sava centru. Ovom va\u017enom\" \/>\n<meta property=\"og:url\" content=\"https:\/\/royalfamily.org\/lat\/her-royal-highness-crown-princess-katherine-at-jubilee-of-the-union-of-the-blind-of-serbia\/\" \/>\n<meta property=\"og:site_name\" content=\"The Royal Family of Serbia\" \/>\n<meta property=\"article:publisher\" content=\"https:\/\/www.facebook.com\/Prestolonaslednik.Aleksandar\" \/>\n<meta property=\"article:published_time\" content=\"2016-10-12T14:16:55+00:00\" \/>\n<meta property=\"og:image\" content=\"https:\/\/royalfamily.org\/wp-content\/uploads\/2016\/10\/IMG_9836m.jpg\" \/>\n\t<meta property=\"og:image:width\" content=\"740\" \/>\n\t<meta property=\"og:image:height\" content=\"350\" \/>\n\t<meta property=\"og:image:type\" content=\"image\/jpeg\" \/>\n<meta name=\"author\" content=\"Stefan Milanovic\" \/>\n<meta name=\"twitter:card\" content=\"summary_large_image\" \/>\n<meta name=\"twitter:label1\" content=\"Written by\" \/>\n\t<meta name=\"twitter:data1\" content=\"Stefan Milanovic\" \/>\n\t<meta name=\"twitter:label2\" content=\"Est. reading time\" \/>\n\t<meta name=\"twitter:data2\" content=\"1 minute\" \/>\n<script type=\"application\/ld+json\" class=\"yoast-schema-graph\">{\"@context\":\"https:\\\/\\\/schema.org\",\"@graph\":[{\"@type\":\"Article\",\"@id\":\"https:\\\/\\\/royalfamily.org\\\/lat\\\/her-royal-highness-crown-princess-katherine-at-jubilee-of-the-union-of-the-blind-of-serbia\\\/#article\",\"isPartOf\":{\"@id\":\"https:\\\/\\\/royalfamily.org\\\/lat\\\/her-royal-highness-crown-princess-katherine-at-jubilee-of-the-union-of-the-blind-of-serbia\\\/\"},\"author\":{\"name\":\"Stefan Milanovic\",\"@id\":\"https:\\\/\\\/royalfamily.org\\\/#\\\/schema\\\/person\\\/4ad3296a6a8a35eed333b6a785e9f648\"},\"headline\":\"NJENO KRALJEVSKO VISO\u010cANSTVO PRINCEZA KATARINA NA JUBILEJU SAVEZA SLEPIH SRBIJE\",\"datePublished\":\"2016-10-12T14:16:55+00:00\",\"mainEntityOfPage\":{\"@id\":\"https:\\\/\\\/royalfamily.org\\\/lat\\\/her-royal-highness-crown-princess-katherine-at-jubilee-of-the-union-of-the-blind-of-serbia\\\/\"},\"wordCount\":237,\"publisher\":{\"@id\":\"https:\\\/\\\/royalfamily.org\\\/#organization\"},\"image\":{\"@id\":\"https:\\\/\\\/royalfamily.org\\\/lat\\\/her-royal-highness-crown-princess-katherine-at-jubilee-of-the-union-of-the-blind-of-serbia\\\/#primaryimage\"},\"thumbnailUrl\":\"https:\\\/\\\/royalfamily.org\\\/wp-content\\\/uploads\\\/2016\\\/10\\\/IMG_9836m.jpg\",\"articleSection\":[\"Vesti\"],\"inLanguage\":\"sr-LT\"},{\"@type\":\"WebPage\",\"@id\":\"https:\\\/\\\/royalfamily.org\\\/lat\\\/her-royal-highness-crown-princess-katherine-at-jubilee-of-the-union-of-the-blind-of-serbia\\\/\",\"url\":\"https:\\\/\\\/royalfamily.org\\\/lat\\\/her-royal-highness-crown-princess-katherine-at-jubilee-of-the-union-of-the-blind-of-serbia\\\/\",\"name\":\"NJENO KRALJEVSKO VISO\u010cANSTVO PRINCEZA KATARINA NA JUBILEJU SAVEZA SLEPIH SRBIJE - The Royal Family of Serbia\",\"isPartOf\":{\"@id\":\"https:\\\/\\\/royalfamily.org\\\/#website\"},\"primaryImageOfPage\":{\"@id\":\"https:\\\/\\\/royalfamily.org\\\/lat\\\/her-royal-highness-crown-princess-katherine-at-jubilee-of-the-union-of-the-blind-of-serbia\\\/#primaryimage\"},\"image\":{\"@id\":\"https:\\\/\\\/royalfamily.org\\\/lat\\\/her-royal-highness-crown-princess-katherine-at-jubilee-of-the-union-of-the-blind-of-serbia\\\/#primaryimage\"},\"thumbnailUrl\":\"https:\\\/\\\/royalfamily.org\\\/wp-content\\\/uploads\\\/2016\\\/10\\\/IMG_9836m.jpg\",\"datePublished\":\"2016-10-12T14:16:55+00:00\",\"description\":\"Njeno Kraljevsko Viso\u010danstvo Princeza Katarina bila je go\u0161\u0107a na ceremoniji obele\u017eavanja 70. godi\u0161njice Saveza slepih Srbije u Sava centru. Ovom va\u017enom\",\"breadcrumb\":{\"@id\":\"https:\\\/\\\/royalfamily.org\\\/lat\\\/her-royal-highness-crown-princess-katherine-at-jubilee-of-the-union-of-the-blind-of-serbia\\\/#breadcrumb\"},\"inLanguage\":\"sr-LT\",\"potentialAction\":[{\"@type\":\"ReadAction\",\"target\":[\"https:\\\/\\\/royalfamily.org\\\/lat\\\/her-royal-highness-crown-princess-katherine-at-jubilee-of-the-union-of-the-blind-of-serbia\\\/\"]}]},{\"@type\":\"ImageObject\",\"inLanguage\":\"sr-LT\",\"@id\":\"https:\\\/\\\/royalfamily.org\\\/lat\\\/her-royal-highness-crown-princess-katherine-at-jubilee-of-the-union-of-the-blind-of-serbia\\\/#primaryimage\",\"url\":\"https:\\\/\\\/royalfamily.org\\\/wp-content\\\/uploads\\\/2016\\\/10\\\/IMG_9836m.jpg\",\"contentUrl\":\"https:\\\/\\\/royalfamily.org\\\/wp-content\\\/uploads\\\/2016\\\/10\\\/IMG_9836m.jpg\",\"width\":740,\"height\":350,\"caption\":\"Ceremonija obele\u017eavanja 70 godina postojanja Saveza slepih Srbije \u2013 himna\"},{\"@type\":\"BreadcrumbList\",\"@id\":\"https:\\\/\\\/royalfamily.org\\\/lat\\\/her-royal-highness-crown-princess-katherine-at-jubilee-of-the-union-of-the-blind-of-serbia\\\/#breadcrumb\",\"itemListElement\":[{\"@type\":\"ListItem\",\"position\":1,\"name\":\"Home\",\"item\":\"https:\\\/\\\/royalfamily.org\\\/lat\\\/\"},{\"@type\":\"ListItem\",\"position\":2,\"name\":\"NJENO KRALJEVSKO VISO\u010cANSTVO PRINCEZA KATARINA NA JUBILEJU SAVEZA SLEPIH SRBIJE\"}]},{\"@type\":\"WebSite\",\"@id\":\"https:\\\/\\\/royalfamily.org\\\/#website\",\"url\":\"https:\\\/\\\/royalfamily.org\\\/\",\"name\":\"The Royal Family of Serbia\",\"description\":\"From the people, for the people\",\"publisher\":{\"@id\":\"https:\\\/\\\/royalfamily.org\\\/#organization\"},\"potentialAction\":[{\"@type\":\"SearchAction\",\"target\":{\"@type\":\"EntryPoint\",\"urlTemplate\":\"https:\\\/\\\/royalfamily.org\\\/?s={search_term_string}\"},\"query-input\":{\"@type\":\"PropertyValueSpecification\",\"valueRequired\":true,\"valueName\":\"search_term_string\"}}],\"inLanguage\":\"sr-LT\"},{\"@type\":\"Organization\",\"@id\":\"https:\\\/\\\/royalfamily.org\\\/#organization\",\"name\":\"Royal Family\",\"url\":\"https:\\\/\\\/royalfamily.org\\\/\",\"logo\":{\"@type\":\"ImageObject\",\"inLanguage\":\"sr-LT\",\"@id\":\"https:\\\/\\\/royalfamily.org\\\/#\\\/schema\\\/logo\\\/image\\\/\",\"url\":\"https:\\\/\\\/royalfamily.org\\\/wp-content\\\/uploads\\\/2019\\\/04\\\/logo-vector-02-V-latinica.png\",\"contentUrl\":\"https:\\\/\\\/royalfamily.org\\\/wp-content\\\/uploads\\\/2019\\\/04\\\/logo-vector-02-V-latinica.png\",\"width\":552,\"height\":99,\"caption\":\"Royal Family\"},\"image\":{\"@id\":\"https:\\\/\\\/royalfamily.org\\\/#\\\/schema\\\/logo\\\/image\\\/\"},\"sameAs\":[\"https:\\\/\\\/www.facebook.com\\\/Prestolonaslednik.Aleksandar\"]},{\"@type\":\"Person\",\"@id\":\"https:\\\/\\\/royalfamily.org\\\/#\\\/schema\\\/person\\\/4ad3296a6a8a35eed333b6a785e9f648\",\"name\":\"Stefan Milanovic\",\"image\":{\"@type\":\"ImageObject\",\"inLanguage\":\"sr-LT\",\"@id\":\"https:\\\/\\\/secure.gravatar.com\\\/avatar\\\/92dcbdcf3e32112a9ceb1e41665b1f44c69382d014cacfe12c701f6af7c40259?s=96&d=mm&r=g\",\"url\":\"https:\\\/\\\/secure.gravatar.com\\\/avatar\\\/92dcbdcf3e32112a9ceb1e41665b1f44c69382d014cacfe12c701f6af7c40259?s=96&d=mm&r=g\",\"contentUrl\":\"https:\\\/\\\/secure.gravatar.com\\\/avatar\\\/92dcbdcf3e32112a9ceb1e41665b1f44c69382d014cacfe12c701f6af7c40259?s=96&d=mm&r=g\",\"caption\":\"Stefan Milanovic\"}}]}<\/script>\n<!-- \/ Yoast SEO Premium plugin. -->","yoast_head_json":{"title":"NJENO KRALJEVSKO VISO\u010cANSTVO PRINCEZA KATARINA NA JUBILEJU SAVEZA SLEPIH SRBIJE - The Royal Family of Serbia","description":"Njeno Kraljevsko Viso\u010danstvo Princeza Katarina bila je go\u0161\u0107a na ceremoniji obele\u017eavanja 70. godi\u0161njice Saveza slepih Srbije u Sava centru. Ovom va\u017enom","robots":{"index":"index","follow":"follow","max-snippet":"max-snippet:-1","max-image-preview":"max-image-preview:large","max-video-preview":"max-video-preview:-1"},"canonical":"https:\/\/royalfamily.org\/lat\/her-royal-highness-crown-princess-katherine-at-jubilee-of-the-union-of-the-blind-of-serbia\/","og_locale":"en_US","og_type":"article","og_title":"NJENO KRALJEVSKO VISO\u010cANSTVO PRINCEZA KATARINA NA JUBILEJU SAVEZA SLEPIH SRBIJE","og_description":"Njeno Kraljevsko Viso\u010danstvo Princeza Katarina bila je go\u0161\u0107a na ceremoniji obele\u017eavanja 70. godi\u0161njice Saveza slepih Srbije u Sava centru. Ovom va\u017enom","og_url":"https:\/\/royalfamily.org\/lat\/her-royal-highness-crown-princess-katherine-at-jubilee-of-the-union-of-the-blind-of-serbia\/","og_site_name":"The Royal Family of Serbia","article_publisher":"https:\/\/www.facebook.com\/Prestolonaslednik.Aleksandar","article_published_time":"2016-10-12T14:16:55+00:00","og_image":[{"width":740,"height":350,"url":"https:\/\/royalfamily.org\/wp-content\/uploads\/2016\/10\/IMG_9836m.jpg","type":"image\/jpeg"}],"author":"Stefan Milanovic","twitter_card":"summary_large_image","twitter_misc":{"Written by":"Stefan Milanovic","Est. reading time":"1 minute"},"schema":{"@context":"https:\/\/schema.org","@graph":[{"@type":"Article","@id":"https:\/\/royalfamily.org\/lat\/her-royal-highness-crown-princess-katherine-at-jubilee-of-the-union-of-the-blind-of-serbia\/#article","isPartOf":{"@id":"https:\/\/royalfamily.org\/lat\/her-royal-highness-crown-princess-katherine-at-jubilee-of-the-union-of-the-blind-of-serbia\/"},"author":{"name":"Stefan Milanovic","@id":"https:\/\/royalfamily.org\/#\/schema\/person\/4ad3296a6a8a35eed333b6a785e9f648"},"headline":"NJENO KRALJEVSKO VISO\u010cANSTVO PRINCEZA KATARINA NA JUBILEJU SAVEZA SLEPIH SRBIJE","datePublished":"2016-10-12T14:16:55+00:00","mainEntityOfPage":{"@id":"https:\/\/royalfamily.org\/lat\/her-royal-highness-crown-princess-katherine-at-jubilee-of-the-union-of-the-blind-of-serbia\/"},"wordCount":237,"publisher":{"@id":"https:\/\/royalfamily.org\/#organization"},"image":{"@id":"https:\/\/royalfamily.org\/lat\/her-royal-highness-crown-princess-katherine-at-jubilee-of-the-union-of-the-blind-of-serbia\/#primaryimage"},"thumbnailUrl":"https:\/\/royalfamily.org\/wp-content\/uploads\/2016\/10\/IMG_9836m.jpg","articleSection":["Vesti"],"inLanguage":"sr-LT"},{"@type":"WebPage","@id":"https:\/\/royalfamily.org\/lat\/her-royal-highness-crown-princess-katherine-at-jubilee-of-the-union-of-the-blind-of-serbia\/","url":"https:\/\/royalfamily.org\/lat\/her-royal-highness-crown-princess-katherine-at-jubilee-of-the-union-of-the-blind-of-serbia\/","name":"NJENO KRALJEVSKO VISO\u010cANSTVO PRINCEZA KATARINA NA JUBILEJU SAVEZA SLEPIH SRBIJE - The Royal Family of Serbia","isPartOf":{"@id":"https:\/\/royalfamily.org\/#website"},"primaryImageOfPage":{"@id":"https:\/\/royalfamily.org\/lat\/her-royal-highness-crown-princess-katherine-at-jubilee-of-the-union-of-the-blind-of-serbia\/#primaryimage"},"image":{"@id":"https:\/\/royalfamily.org\/lat\/her-royal-highness-crown-princess-katherine-at-jubilee-of-the-union-of-the-blind-of-serbia\/#primaryimage"},"thumbnailUrl":"https:\/\/royalfamily.org\/wp-content\/uploads\/2016\/10\/IMG_9836m.jpg","datePublished":"2016-10-12T14:16:55+00:00","description":"Njeno Kraljevsko Viso\u010danstvo Princeza Katarina bila je go\u0161\u0107a na ceremoniji obele\u017eavanja 70. godi\u0161njice Saveza slepih Srbije u Sava centru. Ovom va\u017enom","breadcrumb":{"@id":"https:\/\/royalfamily.org\/lat\/her-royal-highness-crown-princess-katherine-at-jubilee-of-the-union-of-the-blind-of-serbia\/#breadcrumb"},"inLanguage":"sr-LT","potentialAction":[{"@type":"ReadAction","target":["https:\/\/royalfamily.org\/lat\/her-royal-highness-crown-princess-katherine-at-jubilee-of-the-union-of-the-blind-of-serbia\/"]}]},{"@type":"ImageObject","inLanguage":"sr-LT","@id":"https:\/\/royalfamily.org\/lat\/her-royal-highness-crown-princess-katherine-at-jubilee-of-the-union-of-the-blind-of-serbia\/#primaryimage","url":"https:\/\/royalfamily.org\/wp-content\/uploads\/2016\/10\/IMG_9836m.jpg","contentUrl":"https:\/\/royalfamily.org\/wp-content\/uploads\/2016\/10\/IMG_9836m.jpg","width":740,"height":350,"caption":"Ceremonija obele\u017eavanja 70 godina postojanja Saveza slepih Srbije \u2013 himna"},{"@type":"BreadcrumbList","@id":"https:\/\/royalfamily.org\/lat\/her-royal-highness-crown-princess-katherine-at-jubilee-of-the-union-of-the-blind-of-serbia\/#breadcrumb","itemListElement":[{"@type":"ListItem","position":1,"name":"Home","item":"https:\/\/royalfamily.org\/lat\/"},{"@type":"ListItem","position":2,"name":"NJENO KRALJEVSKO VISO\u010cANSTVO PRINCEZA KATARINA NA JUBILEJU SAVEZA SLEPIH SRBIJE"}]},{"@type":"WebSite","@id":"https:\/\/royalfamily.org\/#website","url":"https:\/\/royalfamily.org\/","name":"The Royal Family of Serbia","description":"From the people, for the people","publisher":{"@id":"https:\/\/royalfamily.org\/#organization"},"potentialAction":[{"@type":"SearchAction","target":{"@type":"EntryPoint","urlTemplate":"https:\/\/royalfamily.org\/?s={search_term_string}"},"query-input":{"@type":"PropertyValueSpecification","valueRequired":true,"valueName":"search_term_string"}}],"inLanguage":"sr-LT"},{"@type":"Organization","@id":"https:\/\/royalfamily.org\/#organization","name":"Royal Family","url":"https:\/\/royalfamily.org\/","logo":{"@type":"ImageObject","inLanguage":"sr-LT","@id":"https:\/\/royalfamily.org\/#\/schema\/logo\/image\/","url":"https:\/\/royalfamily.org\/wp-content\/uploads\/2019\/04\/logo-vector-02-V-latinica.png","contentUrl":"https:\/\/royalfamily.org\/wp-content\/uploads\/2019\/04\/logo-vector-02-V-latinica.png","width":552,"height":99,"caption":"Royal Family"},"image":{"@id":"https:\/\/royalfamily.org\/#\/schema\/logo\/image\/"},"sameAs":["https:\/\/www.facebook.com\/Prestolonaslednik.Aleksandar"]},{"@type":"Person","@id":"https:\/\/royalfamily.org\/#\/schema\/person\/4ad3296a6a8a35eed333b6a785e9f648","name":"Stefan Milanovic","image":{"@type":"ImageObject","inLanguage":"sr-LT","@id":"https:\/\/secure.gravatar.com\/avatar\/92dcbdcf3e32112a9ceb1e41665b1f44c69382d014cacfe12c701f6af7c40259?s=96&d=mm&r=g","url":"https:\/\/secure.gravatar.com\/avatar\/92dcbdcf3e32112a9ceb1e41665b1f44c69382d014cacfe12c701f6af7c40259?s=96&d=mm&r=g","contentUrl":"https:\/\/secure.gravatar.com\/avatar\/92dcbdcf3e32112a9ceb1e41665b1f44c69382d014cacfe12c701f6af7c40259?s=96&d=mm&r=g","caption":"Stefan Milanovic"}}]}},"_links":{"self":[{"href":"https:\/\/royalfamily.org\/lat\/wp-json\/wp\/v2\/posts\/28751","targetHints":{"allow":["GET"]}}],"collection":[{"href":"https:\/\/royalfamily.org\/lat\/wp-json\/wp\/v2\/posts"}],"about":[{"href":"https:\/\/royalfamily.org\/lat\/wp-json\/wp\/v2\/types\/post"}],"author":[{"embeddable":true,"href":"https:\/\/royalfamily.org\/lat\/wp-json\/wp\/v2\/users\/1001015"}],"replies":[{"embeddable":true,"href":"https:\/\/royalfamily.org\/lat\/wp-json\/wp\/v2\/comments?post=28751"}],"version-history":[{"count":0,"href":"https:\/\/royalfamily.org\/lat\/wp-json\/wp\/v2\/posts\/28751\/revisions"}],"wp:featuredmedia":[{"embeddable":true,"href":"https:\/\/royalfamily.org\/lat\/wp-json\/wp\/v2\/media\/28748"}],"wp:attachment":[{"href":"https:\/\/royalfamily.org\/lat\/wp-json\/wp\/v2\/media?parent=28751"}],"wp:term":[{"taxonomy":"category","embeddable":true,"href":"https:\/\/royalfamily.org\/lat\/wp-json\/wp\/v2\/categories?post=28751"},{"taxonomy":"post_tag","embeddable":true,"href":"https:\/\/royalfamily.org\/lat\/wp-json\/wp\/v2\/tags?post=28751"}],"curies":[{"name":"wp","href":"https:\/\/api.w.org\/{rel}","templated":true}]}}