{"id":28805,"date":"2016-10-14T14:28:49","date_gmt":"2016-10-14T14:28:49","guid":{"rendered":"https:\/\/royalfamily.org\/hrh-crown-princess-katherine-opened-kids-fair-2\/"},"modified":"2016-10-14T14:28:49","modified_gmt":"2016-10-14T14:28:49","slug":"hrh-crown-princess-katherine-opened-kids-fair","status":"publish","type":"post","link":"https:\/\/royalfamily.org\/lat\/hrh-crown-princess-katherine-opened-kids-fair\/","title":{"rendered":"PRINCEZA KATARINA OTVARA DE\u010cIJI SAJAM"},"content":{"rendered":"<p>De\u010diji sajam, najve\u0107u regionalnu manifestaciju za decu otvorila je danas Princeza Katarina, kao i Goran Vesi\u0107, gradski menad\u017eer, \u017deljko Tanaskovi\u0107, predsednik Saveza za \u0161kolski sport i Aleksandar \u0160o\u0161tar, predsednik\u00a0Sportskog saveza Srbije.<\/p>\n<p>Na De\u010dijem sajmu posetioci imaju priliku da u\u017eivaju u nastupu hora \u010carolija, de\u010dijem pozori\u0161tu, folklornim igrama, kao i razli\u010ditim sportskim i zabavnim programima, nagradnim igrama, takmi\u010denjima i mnogo toga drugog. Deca \u0107e imati priliku da se oprobaju u bojenju, glumi, kao i da nau\u010de pravila u saobra\u0107anju i manire lepog pona\u0161anja. Za to vreme, njihovi roditelji mo\u0107i \u0107e da se informi\u0161u o de\u010dijim brendovima, nezi beba, kao i da u\u017eivaju u sajamskim popustima.<\/p>\n<p>De\u010diji sajam bi\u0107e otvoren do kraja vikenda.<\/p>\n<p><a href=\"https:\/\/royalfamily.org\/wp-content\/uploads\/2016\/10\/IMG_0584m.jpg\"><img decoding=\"async\" class=\"alignnone size-thumbnail wp-image-28797\" alt=\"Princeza Katarina na otvaranju De\u010dijeg sajma u Beogradu\" src=\"https:\/\/royalfamily.org\/wp-content\/uploads\/2016\/10\/IMG_0584m-170x120.jpg\" width=\"170\" height=\"120\" \/><\/a> <a href=\"https:\/\/royalfamily.org\/wp-content\/uploads\/2016\/10\/IMG_0566m.jpg\"><img decoding=\"async\" class=\"alignnone size-thumbnail wp-image-28794\" alt=\"Princeza Katarina na otvaranju De\u010dijeg sajma u Beogradu\" src=\"https:\/\/royalfamily.org\/wp-content\/uploads\/2016\/10\/IMG_0566m-170x120.jpg\" width=\"170\" height=\"120\" \/><\/a> <a href=\"https:\/\/royalfamily.org\/wp-content\/uploads\/2016\/10\/IMG_0729m.jpg\"><img decoding=\"async\" class=\"alignnone size-thumbnail wp-image-28791\" alt=\"Princeza Katarina na otvaranju De\u010dijeg sajma u Beogradu\" src=\"https:\/\/royalfamily.org\/wp-content\/uploads\/2016\/10\/IMG_0729m-170x120.jpg\" width=\"170\" height=\"120\" \/><\/a><\/p>\n<p><a href=\"https:\/\/royalfamily.org\/wp-content\/uploads\/2016\/10\/IMG_0717m.jpg\"><img decoding=\"async\" class=\"alignnone size-thumbnail wp-image-28788\" alt=\"Princeza Katarina na otvaranju De\u010dijeg sajma u Beogradu\" src=\"https:\/\/royalfamily.org\/wp-content\/uploads\/2016\/10\/IMG_0717m-170x120.jpg\" width=\"170\" height=\"120\" \/><\/a> <a href=\"https:\/\/royalfamily.org\/wp-content\/uploads\/2016\/10\/IMG_0760m.jpg\"><img decoding=\"async\" class=\"alignnone size-thumbnail wp-image-28785\" alt=\"Princeza Katarina na otvaranju De\u010dijeg sajma u Beogradu\" src=\"https:\/\/royalfamily.org\/wp-content\/uploads\/2016\/10\/IMG_0760m-170x120.jpg\" width=\"170\" height=\"120\" \/><\/a><\/p>\n","protected":false},"excerpt":{"rendered":"<p>De\u010diji sajam, najve\u0107u regionalnu manifestaciju za decu otvorila je danas Princeza Katarina, kao i Goran  [&#8230;]<\/p>\n","protected":false},"author":1001015,"featured_media":28802,"comment_status":"closed","ping_status":"closed","sticky":false,"template":"","format":"standard","meta":{"_acf_changed":false,"footnotes":""},"categories":[22],"tags":[],"class_list":["post-28805","post","type-post","status-publish","format-standard","has-post-thumbnail","hentry","category-vesti"],"acf":[],"yoast_head":"<!-- This site is optimized with the Yoast SEO Premium plugin v27.4 (Yoast SEO v27.4) - https:\/\/yoast.com\/product\/yoast-seo-premium-wordpress\/ -->\n<title>PRINCEZA KATARINA OTVARA DE\u010cIJI SAJAM - The Royal Family of Serbia<\/title>\n<meta name=\"description\" content=\"De\u010diji sajam, najve\u0107u regionalnu manifestaciju za decu otvorila je danas Princeza Katarina, kao i Goran Vesi\u0107, gradski menad\u017eer, \u017deljko Tanaskovi\u0107,\" \/>\n<meta name=\"robots\" content=\"index, follow, max-snippet:-1, max-image-preview:large, max-video-preview:-1\" \/>\n<link rel=\"canonical\" href=\"https:\/\/royalfamily.org\/lat\/hrh-crown-princess-katherine-opened-kids-fair\/\" \/>\n<meta property=\"og:locale\" content=\"en_US\" \/>\n<meta property=\"og:type\" content=\"article\" \/>\n<meta property=\"og:title\" content=\"PRINCEZA KATARINA OTVARA DE\u010cIJI SAJAM\" \/>\n<meta property=\"og:description\" content=\"De\u010diji sajam, najve\u0107u regionalnu manifestaciju za decu otvorila je danas Princeza Katarina, kao i Goran Vesi\u0107, gradski menad\u017eer, \u017deljko Tanaskovi\u0107,\" \/>\n<meta property=\"og:url\" content=\"https:\/\/royalfamily.org\/lat\/hrh-crown-princess-katherine-opened-kids-fair\/\" \/>\n<meta property=\"og:site_name\" content=\"The Royal Family of Serbia\" \/>\n<meta property=\"article:publisher\" content=\"https:\/\/www.facebook.com\/Prestolonaslednik.Aleksandar\" \/>\n<meta property=\"article:published_time\" content=\"2016-10-14T14:28:49+00:00\" \/>\n<meta property=\"og:image\" content=\"https:\/\/royalfamily.org\/wp-content\/uploads\/2016\/10\/IMG_0621m.jpg\" \/>\n\t<meta property=\"og:image:width\" content=\"740\" \/>\n\t<meta property=\"og:image:height\" content=\"350\" \/>\n\t<meta property=\"og:image:type\" content=\"image\/jpeg\" \/>\n<meta name=\"author\" content=\"Stefan Milanovic\" \/>\n<meta name=\"twitter:card\" content=\"summary_large_image\" \/>\n<meta name=\"twitter:label1\" content=\"Written by\" \/>\n\t<meta name=\"twitter:data1\" content=\"Stefan Milanovic\" \/>\n\t<meta name=\"twitter:label2\" content=\"Est. reading time\" \/>\n\t<meta name=\"twitter:data2\" content=\"1 minute\" \/>\n<script type=\"application\/ld+json\" class=\"yoast-schema-graph\">{\"@context\":\"https:\\\/\\\/schema.org\",\"@graph\":[{\"@type\":\"Article\",\"@id\":\"https:\\\/\\\/royalfamily.org\\\/lat\\\/hrh-crown-princess-katherine-opened-kids-fair\\\/#article\",\"isPartOf\":{\"@id\":\"https:\\\/\\\/royalfamily.org\\\/lat\\\/hrh-crown-princess-katherine-opened-kids-fair\\\/\"},\"author\":{\"name\":\"Stefan Milanovic\",\"@id\":\"https:\\\/\\\/royalfamily.org\\\/#\\\/schema\\\/person\\\/4ad3296a6a8a35eed333b6a785e9f648\"},\"headline\":\"PRINCEZA KATARINA OTVARA DE\u010cIJI SAJAM\",\"datePublished\":\"2016-10-14T14:28:49+00:00\",\"mainEntityOfPage\":{\"@id\":\"https:\\\/\\\/royalfamily.org\\\/lat\\\/hrh-crown-princess-katherine-opened-kids-fair\\\/\"},\"wordCount\":137,\"publisher\":{\"@id\":\"https:\\\/\\\/royalfamily.org\\\/#organization\"},\"image\":{\"@id\":\"https:\\\/\\\/royalfamily.org\\\/lat\\\/hrh-crown-princess-katherine-opened-kids-fair\\\/#primaryimage\"},\"thumbnailUrl\":\"https:\\\/\\\/royalfamily.org\\\/wp-content\\\/uploads\\\/2016\\\/10\\\/IMG_0621m.jpg\",\"articleSection\":[\"Vesti\"],\"inLanguage\":\"sr-LT\"},{\"@type\":\"WebPage\",\"@id\":\"https:\\\/\\\/royalfamily.org\\\/lat\\\/hrh-crown-princess-katherine-opened-kids-fair\\\/\",\"url\":\"https:\\\/\\\/royalfamily.org\\\/lat\\\/hrh-crown-princess-katherine-opened-kids-fair\\\/\",\"name\":\"PRINCEZA KATARINA OTVARA DE\u010cIJI SAJAM - The Royal Family of Serbia\",\"isPartOf\":{\"@id\":\"https:\\\/\\\/royalfamily.org\\\/#website\"},\"primaryImageOfPage\":{\"@id\":\"https:\\\/\\\/royalfamily.org\\\/lat\\\/hrh-crown-princess-katherine-opened-kids-fair\\\/#primaryimage\"},\"image\":{\"@id\":\"https:\\\/\\\/royalfamily.org\\\/lat\\\/hrh-crown-princess-katherine-opened-kids-fair\\\/#primaryimage\"},\"thumbnailUrl\":\"https:\\\/\\\/royalfamily.org\\\/wp-content\\\/uploads\\\/2016\\\/10\\\/IMG_0621m.jpg\",\"datePublished\":\"2016-10-14T14:28:49+00:00\",\"description\":\"De\u010diji sajam, najve\u0107u regionalnu manifestaciju za decu otvorila je danas Princeza Katarina, kao i Goran Vesi\u0107, gradski menad\u017eer, \u017deljko Tanaskovi\u0107,\",\"breadcrumb\":{\"@id\":\"https:\\\/\\\/royalfamily.org\\\/lat\\\/hrh-crown-princess-katherine-opened-kids-fair\\\/#breadcrumb\"},\"inLanguage\":\"sr-LT\",\"potentialAction\":[{\"@type\":\"ReadAction\",\"target\":[\"https:\\\/\\\/royalfamily.org\\\/lat\\\/hrh-crown-princess-katherine-opened-kids-fair\\\/\"]}]},{\"@type\":\"ImageObject\",\"inLanguage\":\"sr-LT\",\"@id\":\"https:\\\/\\\/royalfamily.org\\\/lat\\\/hrh-crown-princess-katherine-opened-kids-fair\\\/#primaryimage\",\"url\":\"https:\\\/\\\/royalfamily.org\\\/wp-content\\\/uploads\\\/2016\\\/10\\\/IMG_0621m.jpg\",\"contentUrl\":\"https:\\\/\\\/royalfamily.org\\\/wp-content\\\/uploads\\\/2016\\\/10\\\/IMG_0621m.jpg\",\"width\":740,\"height\":350},{\"@type\":\"BreadcrumbList\",\"@id\":\"https:\\\/\\\/royalfamily.org\\\/lat\\\/hrh-crown-princess-katherine-opened-kids-fair\\\/#breadcrumb\",\"itemListElement\":[{\"@type\":\"ListItem\",\"position\":1,\"name\":\"Home\",\"item\":\"https:\\\/\\\/royalfamily.org\\\/lat\\\/\"},{\"@type\":\"ListItem\",\"position\":2,\"name\":\"PRINCEZA KATARINA OTVARA DE\u010cIJI SAJAM\"}]},{\"@type\":\"WebSite\",\"@id\":\"https:\\\/\\\/royalfamily.org\\\/#website\",\"url\":\"https:\\\/\\\/royalfamily.org\\\/\",\"name\":\"The Royal Family of Serbia\",\"description\":\"From the people, for the people\",\"publisher\":{\"@id\":\"https:\\\/\\\/royalfamily.org\\\/#organization\"},\"potentialAction\":[{\"@type\":\"SearchAction\",\"target\":{\"@type\":\"EntryPoint\",\"urlTemplate\":\"https:\\\/\\\/royalfamily.org\\\/?s={search_term_string}\"},\"query-input\":{\"@type\":\"PropertyValueSpecification\",\"valueRequired\":true,\"valueName\":\"search_term_string\"}}],\"inLanguage\":\"sr-LT\"},{\"@type\":\"Organization\",\"@id\":\"https:\\\/\\\/royalfamily.org\\\/#organization\",\"name\":\"Royal Family\",\"url\":\"https:\\\/\\\/royalfamily.org\\\/\",\"logo\":{\"@type\":\"ImageObject\",\"inLanguage\":\"sr-LT\",\"@id\":\"https:\\\/\\\/royalfamily.org\\\/#\\\/schema\\\/logo\\\/image\\\/\",\"url\":\"https:\\\/\\\/royalfamily.org\\\/wp-content\\\/uploads\\\/2019\\\/04\\\/logo-vector-02-V-latinica.png\",\"contentUrl\":\"https:\\\/\\\/royalfamily.org\\\/wp-content\\\/uploads\\\/2019\\\/04\\\/logo-vector-02-V-latinica.png\",\"width\":552,\"height\":99,\"caption\":\"Royal Family\"},\"image\":{\"@id\":\"https:\\\/\\\/royalfamily.org\\\/#\\\/schema\\\/logo\\\/image\\\/\"},\"sameAs\":[\"https:\\\/\\\/www.facebook.com\\\/Prestolonaslednik.Aleksandar\"]},{\"@type\":\"Person\",\"@id\":\"https:\\\/\\\/royalfamily.org\\\/#\\\/schema\\\/person\\\/4ad3296a6a8a35eed333b6a785e9f648\",\"name\":\"Stefan Milanovic\",\"image\":{\"@type\":\"ImageObject\",\"inLanguage\":\"sr-LT\",\"@id\":\"https:\\\/\\\/secure.gravatar.com\\\/avatar\\\/92dcbdcf3e32112a9ceb1e41665b1f44c69382d014cacfe12c701f6af7c40259?s=96&d=mm&r=g\",\"url\":\"https:\\\/\\\/secure.gravatar.com\\\/avatar\\\/92dcbdcf3e32112a9ceb1e41665b1f44c69382d014cacfe12c701f6af7c40259?s=96&d=mm&r=g\",\"contentUrl\":\"https:\\\/\\\/secure.gravatar.com\\\/avatar\\\/92dcbdcf3e32112a9ceb1e41665b1f44c69382d014cacfe12c701f6af7c40259?s=96&d=mm&r=g\",\"caption\":\"Stefan Milanovic\"}}]}<\/script>\n<!-- \/ Yoast SEO Premium plugin. -->","yoast_head_json":{"title":"PRINCEZA KATARINA OTVARA DE\u010cIJI SAJAM - The Royal Family of Serbia","description":"De\u010diji sajam, najve\u0107u regionalnu manifestaciju za decu otvorila je danas Princeza Katarina, kao i Goran Vesi\u0107, gradski menad\u017eer, \u017deljko Tanaskovi\u0107,","robots":{"index":"index","follow":"follow","max-snippet":"max-snippet:-1","max-image-preview":"max-image-preview:large","max-video-preview":"max-video-preview:-1"},"canonical":"https:\/\/royalfamily.org\/lat\/hrh-crown-princess-katherine-opened-kids-fair\/","og_locale":"en_US","og_type":"article","og_title":"PRINCEZA KATARINA OTVARA DE\u010cIJI SAJAM","og_description":"De\u010diji sajam, najve\u0107u regionalnu manifestaciju za decu otvorila je danas Princeza Katarina, kao i Goran Vesi\u0107, gradski menad\u017eer, \u017deljko Tanaskovi\u0107,","og_url":"https:\/\/royalfamily.org\/lat\/hrh-crown-princess-katherine-opened-kids-fair\/","og_site_name":"The Royal Family of Serbia","article_publisher":"https:\/\/www.facebook.com\/Prestolonaslednik.Aleksandar","article_published_time":"2016-10-14T14:28:49+00:00","og_image":[{"width":740,"height":350,"url":"https:\/\/royalfamily.org\/wp-content\/uploads\/2016\/10\/IMG_0621m.jpg","type":"image\/jpeg"}],"author":"Stefan Milanovic","twitter_card":"summary_large_image","twitter_misc":{"Written by":"Stefan Milanovic","Est. reading time":"1 minute"},"schema":{"@context":"https:\/\/schema.org","@graph":[{"@type":"Article","@id":"https:\/\/royalfamily.org\/lat\/hrh-crown-princess-katherine-opened-kids-fair\/#article","isPartOf":{"@id":"https:\/\/royalfamily.org\/lat\/hrh-crown-princess-katherine-opened-kids-fair\/"},"author":{"name":"Stefan Milanovic","@id":"https:\/\/royalfamily.org\/#\/schema\/person\/4ad3296a6a8a35eed333b6a785e9f648"},"headline":"PRINCEZA KATARINA OTVARA DE\u010cIJI SAJAM","datePublished":"2016-10-14T14:28:49+00:00","mainEntityOfPage":{"@id":"https:\/\/royalfamily.org\/lat\/hrh-crown-princess-katherine-opened-kids-fair\/"},"wordCount":137,"publisher":{"@id":"https:\/\/royalfamily.org\/#organization"},"image":{"@id":"https:\/\/royalfamily.org\/lat\/hrh-crown-princess-katherine-opened-kids-fair\/#primaryimage"},"thumbnailUrl":"https:\/\/royalfamily.org\/wp-content\/uploads\/2016\/10\/IMG_0621m.jpg","articleSection":["Vesti"],"inLanguage":"sr-LT"},{"@type":"WebPage","@id":"https:\/\/royalfamily.org\/lat\/hrh-crown-princess-katherine-opened-kids-fair\/","url":"https:\/\/royalfamily.org\/lat\/hrh-crown-princess-katherine-opened-kids-fair\/","name":"PRINCEZA KATARINA OTVARA DE\u010cIJI SAJAM - The Royal Family of Serbia","isPartOf":{"@id":"https:\/\/royalfamily.org\/#website"},"primaryImageOfPage":{"@id":"https:\/\/royalfamily.org\/lat\/hrh-crown-princess-katherine-opened-kids-fair\/#primaryimage"},"image":{"@id":"https:\/\/royalfamily.org\/lat\/hrh-crown-princess-katherine-opened-kids-fair\/#primaryimage"},"thumbnailUrl":"https:\/\/royalfamily.org\/wp-content\/uploads\/2016\/10\/IMG_0621m.jpg","datePublished":"2016-10-14T14:28:49+00:00","description":"De\u010diji sajam, najve\u0107u regionalnu manifestaciju za decu otvorila je danas Princeza Katarina, kao i Goran Vesi\u0107, gradski menad\u017eer, \u017deljko Tanaskovi\u0107,","breadcrumb":{"@id":"https:\/\/royalfamily.org\/lat\/hrh-crown-princess-katherine-opened-kids-fair\/#breadcrumb"},"inLanguage":"sr-LT","potentialAction":[{"@type":"ReadAction","target":["https:\/\/royalfamily.org\/lat\/hrh-crown-princess-katherine-opened-kids-fair\/"]}]},{"@type":"ImageObject","inLanguage":"sr-LT","@id":"https:\/\/royalfamily.org\/lat\/hrh-crown-princess-katherine-opened-kids-fair\/#primaryimage","url":"https:\/\/royalfamily.org\/wp-content\/uploads\/2016\/10\/IMG_0621m.jpg","contentUrl":"https:\/\/royalfamily.org\/wp-content\/uploads\/2016\/10\/IMG_0621m.jpg","width":740,"height":350},{"@type":"BreadcrumbList","@id":"https:\/\/royalfamily.org\/lat\/hrh-crown-princess-katherine-opened-kids-fair\/#breadcrumb","itemListElement":[{"@type":"ListItem","position":1,"name":"Home","item":"https:\/\/royalfamily.org\/lat\/"},{"@type":"ListItem","position":2,"name":"PRINCEZA KATARINA OTVARA DE\u010cIJI SAJAM"}]},{"@type":"WebSite","@id":"https:\/\/royalfamily.org\/#website","url":"https:\/\/royalfamily.org\/","name":"The Royal Family of Serbia","description":"From the people, for the people","publisher":{"@id":"https:\/\/royalfamily.org\/#organization"},"potentialAction":[{"@type":"SearchAction","target":{"@type":"EntryPoint","urlTemplate":"https:\/\/royalfamily.org\/?s={search_term_string}"},"query-input":{"@type":"PropertyValueSpecification","valueRequired":true,"valueName":"search_term_string"}}],"inLanguage":"sr-LT"},{"@type":"Organization","@id":"https:\/\/royalfamily.org\/#organization","name":"Royal Family","url":"https:\/\/royalfamily.org\/","logo":{"@type":"ImageObject","inLanguage":"sr-LT","@id":"https:\/\/royalfamily.org\/#\/schema\/logo\/image\/","url":"https:\/\/royalfamily.org\/wp-content\/uploads\/2019\/04\/logo-vector-02-V-latinica.png","contentUrl":"https:\/\/royalfamily.org\/wp-content\/uploads\/2019\/04\/logo-vector-02-V-latinica.png","width":552,"height":99,"caption":"Royal Family"},"image":{"@id":"https:\/\/royalfamily.org\/#\/schema\/logo\/image\/"},"sameAs":["https:\/\/www.facebook.com\/Prestolonaslednik.Aleksandar"]},{"@type":"Person","@id":"https:\/\/royalfamily.org\/#\/schema\/person\/4ad3296a6a8a35eed333b6a785e9f648","name":"Stefan Milanovic","image":{"@type":"ImageObject","inLanguage":"sr-LT","@id":"https:\/\/secure.gravatar.com\/avatar\/92dcbdcf3e32112a9ceb1e41665b1f44c69382d014cacfe12c701f6af7c40259?s=96&d=mm&r=g","url":"https:\/\/secure.gravatar.com\/avatar\/92dcbdcf3e32112a9ceb1e41665b1f44c69382d014cacfe12c701f6af7c40259?s=96&d=mm&r=g","contentUrl":"https:\/\/secure.gravatar.com\/avatar\/92dcbdcf3e32112a9ceb1e41665b1f44c69382d014cacfe12c701f6af7c40259?s=96&d=mm&r=g","caption":"Stefan Milanovic"}}]}},"_links":{"self":[{"href":"https:\/\/royalfamily.org\/lat\/wp-json\/wp\/v2\/posts\/28805","targetHints":{"allow":["GET"]}}],"collection":[{"href":"https:\/\/royalfamily.org\/lat\/wp-json\/wp\/v2\/posts"}],"about":[{"href":"https:\/\/royalfamily.org\/lat\/wp-json\/wp\/v2\/types\/post"}],"author":[{"embeddable":true,"href":"https:\/\/royalfamily.org\/lat\/wp-json\/wp\/v2\/users\/1001015"}],"replies":[{"embeddable":true,"href":"https:\/\/royalfamily.org\/lat\/wp-json\/wp\/v2\/comments?post=28805"}],"version-history":[{"count":0,"href":"https:\/\/royalfamily.org\/lat\/wp-json\/wp\/v2\/posts\/28805\/revisions"}],"wp:featuredmedia":[{"embeddable":true,"href":"https:\/\/royalfamily.org\/lat\/wp-json\/wp\/v2\/media\/28802"}],"wp:attachment":[{"href":"https:\/\/royalfamily.org\/lat\/wp-json\/wp\/v2\/media?parent=28805"}],"wp:term":[{"taxonomy":"category","embeddable":true,"href":"https:\/\/royalfamily.org\/lat\/wp-json\/wp\/v2\/categories?post=28805"},{"taxonomy":"post_tag","embeddable":true,"href":"https:\/\/royalfamily.org\/lat\/wp-json\/wp\/v2\/tags?post=28805"}],"curies":[{"name":"wp","href":"https:\/\/api.w.org\/{rel}","templated":true}]}}