{"id":28877,"date":"2016-10-21T10:40:03","date_gmt":"2016-10-21T10:40:03","guid":{"rendered":"https:\/\/royalfamily.org\/fifth-oncology-conference-opens-in-belgrade-exchange-of-knowledge-and-gathering-of-top-experts-from-the-field-of-oncology-and-radiology-2\/"},"modified":"2016-10-21T10:40:03","modified_gmt":"2016-10-21T10:40:03","slug":"fifth-oncology-conference-opens-in-belgrade-exchange-of-knowledge-and-gathering-of-top-experts-from-the-field-of-oncology-and-radiology","status":"publish","type":"post","link":"https:\/\/royalfamily.org\/lat\/fifth-oncology-conference-opens-in-belgrade-exchange-of-knowledge-and-gathering-of-top-experts-from-the-field-of-oncology-and-radiology\/","title":{"rendered":"PO\u010cEO PETI ONKOLO\u0160KI SIMPOZIJUM U BEOGRADU &#8211; Razmena znanja i okupljanje najve\u0107ih stru\u010dnjaka iz oblasti onkologije i radiologije"},"content":{"rendered":"<p><b>Njeno Kraljevsko Viso\u010danstvo Princeza Katarina sve\u010dano je otvorila peti po redu onkolo\u0161ki simpozijum u hotelu Hajat u Beogradu. U okviru dvodnevne konferencije bi\u0107e predstavljena najnovija saznanja, iskustva doma\u0107ih i stranih lekara, kao i trenutna situacija u Srbiji kada su u pitanju prevencija, dijagnostika i le\u010denje raka dojke, raka jajnika, raka grli\u0107a materice i raka plu\u0107a. <\/b><\/p>\n<p><strong>Organizatori simpozijuma su Fondacija Njenog Kraljevskog Viso\u010danstva Princeze Katarine, \u201eMemorial Sloan Kettering Cancer Centar\u201c iz Njujorka, Institut za onkologiju i radiologiju Srbije i Institut za plu\u0107ne bolesti Vojvodine, Sremska Kamenica.<\/strong><strong><\/strong><\/p>\n<p>Po\u010detak konferencije obele\u017eilo je uvodno obra\u0107anje Princeze Katarine, a prisutnima su se obratili i dr Meho Mahmutovi\u0107, dr\u017eavni sekretar u ministarstvu zdravlja, koji je pro\u010ditao pismo dr Zlatibora Lon\u010dara, ministra zdravlja republike Srbije, prof. dr Radan D\u017eodi\u0107, direktor Instituta za onkologiju i radiologiju Srbije, prof. dr sc. med. Ilija Andrijevi\u0107, direktor Instituta za plu\u0107ne bolesti Vojvodine, Sremska Kamenica i doc. dr Zoran Gojkovi\u0107, pokrajinski sekretar za zdravstvo AP Vojvodina. Za simpozijum se prijavilo vi\u0161e od 500 u\u010desnika, a predavanja \u0107e odr\u017eati najistaknutiji medicinski stru\u010dnjaci kako iz Srbije, tako i iz drugih dr\u017eava.<\/p>\n<p>Od kada je po\u010delo odr\u017eavanje onkolo\u0161kih simpozijuma 2008. godine, obra\u0111ivane su teme skrininga i dijagnostike\u00a0 raka dojke, karcinoma plu\u0107a i drugih malignih bolesti, a do sada je u njima u\u010destvovalo vi\u0161e od 2000 lekara iz cele Srbije. Simpozijum je namenjen lekarima iz klini\u010dkih centara, bolnica i domova zdravlja iz cele Srbije kako bi se na najdirektniji na\u010din informisali o najmodernijim na\u010dinima le\u010denja, iskustvima i postignu\u0107ima i unapredili svoj rad i le\u010denje pacijenata. Konferencija je akreditovana kod Zdravstvenog saveta Republike Srbije\u00a0 za lekare, farmaceute, biohemi\u010dare i zdarsvetvene saradnike.<\/p>\n<p>Princeza Katarina sa svojom humanitarnom Fondacijom godinama se zala\u017ee za edukaciju i bu\u0111enje svesti o prevenciji bolesti karcinoma. Njihova Kraljevska Viso\u010danstva Prestolonaslednik Aleksandar i Princeza Katarina su 2009. godine obezbedili u tom trenutku prvi pokretni mamograf u na\u0161oj zemlji, i poklonili ga Klini\u010dkom centru u Ni\u0161u. Vrednost ovog mamografa u tom trenutku iznosila je 900.000 evra, a zahvaljuju\u0107i njemu pregledano je vi\u0161e od 100.000 pacijenata.<\/p>\n<p>Kraljevski par je tako\u0111e obezbedio i mamograf odeljenju radiologije Op\u0161te bolnice u \u0106upriji i KBC Be\u017eanijska Kosa u Beogradu, kao i dva ultrazvuka za pregled dojke Institutu za onkolgiju u Beogradu i Klinici za radiologiju u Ni\u0161u. U maju pro\u0161le godine Njihova Kraljevska Viso\u010danstva Prestolonaslednik Aleksandar i Princeza Katarina su u saradnji sa Hemofarm Fondacijom i Astra Zenekom Institutu za onkologiju i radiologiju Srbije obezbedili sekvenator najnovije generacije koji do tog trenutka nije imala nijedna zdravstvena ustanova u Srbiji, a re\u010d je o aparatu koji testira gene raka i omogu\u0107ava istovremenu analizu vi\u0161e gena i vi\u0161e uzoraka pacijenata \u0161to omogu\u0107ava efikasnije testiranje nasledne predispozicije za karcinom dojke i jajnika i zna\u010dajno skra\u0107uje vreme za analize.<\/p>\n<p>Na ve\u010deri i prijemu koje su iste ve\u010deri Njihova Kraljevska Viso\u010danstva organizovala na Kraljevskom i Belom dvoru, okupili su predava\u010di, u\u010desnici i po\u010dasni gosti, a vino je obezbedila vinarija Kova\u010devi\u0107.<\/p>\n<p><a href=\"https:\/\/royalfamily.org\/wp-content\/uploads\/2016\/10\/4M8A1938m.jpg\"><img decoding=\"async\" class=\"alignnone size-thumbnail wp-image-28871\" alt=\"Princeza Katarina na otvaranju Onkolo\u0161kog simpozijuma\" src=\"https:\/\/royalfamily.org\/wp-content\/uploads\/2016\/10\/4M8A1938m-170x120.jpg\" width=\"170\" height=\"120\" \/><\/a> <a href=\"https:\/\/royalfamily.org\/wp-content\/uploads\/2016\/10\/IMG_1827m.jpg\"><img decoding=\"async\" class=\"alignnone size-thumbnail wp-image-28868\" alt=\"Princeza Katarina na otvaranju Onkolo\u0161kog simpozijuma\" src=\"https:\/\/royalfamily.org\/wp-content\/uploads\/2016\/10\/IMG_1827m-170x120.jpg\" width=\"170\" height=\"120\" \/><\/a> <a href=\"https:\/\/royalfamily.org\/wp-content\/uploads\/2016\/10\/4M8A1855m.jpg\"><img decoding=\"async\" class=\"alignnone size-thumbnail wp-image-28865\" alt=\"Prof. dr Radan D\u017eodi\u0107, direktor Instituta za onkologiju i radiologiju Srbije\" src=\"https:\/\/royalfamily.org\/wp-content\/uploads\/2016\/10\/4M8A1855m-170x120.jpg\" width=\"170\" height=\"120\" \/><\/a> <a href=\"https:\/\/royalfamily.org\/wp-content\/uploads\/2016\/10\/4M8A1841m.jpg\"><img decoding=\"async\" class=\"alignnone size-thumbnail wp-image-28862\" alt=\"Dr Hedvig Hri\u010dak, Memorial Sloan Ketering Centar\" src=\"https:\/\/royalfamily.org\/wp-content\/uploads\/2016\/10\/4M8A1841m-170x120.jpg\" width=\"170\" height=\"120\" \/><\/a><\/p>\n<p><a href=\"https:\/\/royalfamily.org\/wp-content\/uploads\/2016\/10\/4M8A1808m.jpg\"><img decoding=\"async\" class=\"alignnone size-thumbnail wp-image-28859\" alt=\"Dr Meho Mahmutovi\u0107, dr\u017eavni sekretar u Ministarstvu zdravlja\" src=\"https:\/\/royalfamily.org\/wp-content\/uploads\/2016\/10\/4M8A1808m-170x120.jpg\" width=\"170\" height=\"120\" \/><\/a> <a href=\"https:\/\/royalfamily.org\/wp-content\/uploads\/2016\/10\/4M8A1782m.jpg\"><img decoding=\"async\" class=\"alignnone size-thumbnail wp-image-28856\" alt=\"Prestolonaslednik Aleksandar na otvaranju Onkolo\u0161kog simpozijuma\" src=\"https:\/\/royalfamily.org\/wp-content\/uploads\/2016\/10\/4M8A1782m-170x120.jpg\" width=\"170\" height=\"120\" \/><\/a> <a href=\"https:\/\/royalfamily.org\/wp-content\/uploads\/2016\/10\/4M8A1720m.jpg\"><img decoding=\"async\" class=\"alignnone size-thumbnail wp-image-28853\" alt=\"Peti onkolo\u0161ki simpozijum\" src=\"https:\/\/royalfamily.org\/wp-content\/uploads\/2016\/10\/4M8A1720m-170x120.jpg\" width=\"170\" height=\"120\" \/><\/a>\u00a0<a href=\"https:\/\/royalfamily.org\/wp-content\/uploads\/2016\/10\/4M8A2544m.jpg\"><img decoding=\"async\" class=\"alignnone size-thumbnail wp-image-28929\" alt=\"Prijem za u\u010desnike simpozijuma\" src=\"https:\/\/royalfamily.org\/wp-content\/uploads\/2016\/10\/4M8A2544m-170x120.jpg\" width=\"170\" height=\"120\" \/><\/a><\/p>\n","protected":false},"excerpt":{"rendered":"<p>Njeno Kraljevsko Viso\u010danstvo Princeza Katarina sve\u010dano je otvorila peti po redu onkolo\u0161ki simpozijum u hotelu  [&#8230;]<\/p>\n","protected":false},"author":1001015,"featured_media":28852,"comment_status":"closed","ping_status":"closed","sticky":false,"template":"","format":"standard","meta":{"_acf_changed":false,"footnotes":""},"categories":[22],"tags":[],"class_list":["post-28877","post","type-post","status-publish","format-standard","has-post-thumbnail","hentry","category-vesti"],"acf":[],"yoast_head":"<!-- This site is optimized with the Yoast SEO Premium plugin v27.4 (Yoast SEO v27.4) - https:\/\/yoast.com\/product\/yoast-seo-premium-wordpress\/ -->\n<title>PO\u010cEO PETI ONKOLO\u0160KI SIMPOZIJUM U BEOGRADU - Razmena znanja i okupljanje najve\u0107ih stru\u010dnjaka iz oblasti onkologije i radiologije - The Royal Family of Serbia<\/title>\n<meta name=\"description\" content=\"Njeno Kraljevsko Viso\u010danstvo Princeza Katarina sve\u010dano je otvorila peti po redu onkolo\u0161ki simpozijum u hotelu Hajat u Beogradu. U okviru dvodnevne\" \/>\n<meta name=\"robots\" content=\"index, follow, max-snippet:-1, max-image-preview:large, max-video-preview:-1\" \/>\n<link rel=\"canonical\" href=\"https:\/\/royalfamily.org\/lat\/fifth-oncology-conference-opens-in-belgrade-exchange-of-knowledge-and-gathering-of-top-experts-from-the-field-of-oncology-and-radiology\/\" \/>\n<meta property=\"og:locale\" content=\"en_US\" \/>\n<meta property=\"og:type\" content=\"article\" \/>\n<meta property=\"og:title\" content=\"PO\u010cEO PETI ONKOLO\u0160KI SIMPOZIJUM U BEOGRADU - Razmena znanja i okupljanje najve\u0107ih stru\u010dnjaka iz oblasti onkologije i radiologije\" \/>\n<meta property=\"og:description\" content=\"Njeno Kraljevsko Viso\u010danstvo Princeza Katarina sve\u010dano je otvorila peti po redu onkolo\u0161ki simpozijum u hotelu Hajat u Beogradu. U okviru dvodnevne\" \/>\n<meta property=\"og:url\" content=\"https:\/\/royalfamily.org\/lat\/fifth-oncology-conference-opens-in-belgrade-exchange-of-knowledge-and-gathering-of-top-experts-from-the-field-of-oncology-and-radiology\/\" \/>\n<meta property=\"og:site_name\" content=\"The Royal Family of Serbia\" \/>\n<meta property=\"article:publisher\" content=\"https:\/\/www.facebook.com\/Prestolonaslednik.Aleksandar\" \/>\n<meta property=\"article:published_time\" content=\"2016-10-21T10:40:03+00:00\" \/>\n<meta property=\"og:image\" content=\"https:\/\/royalfamily.org\/wp-content\/uploads\/2016\/10\/IMG_1864\u043c.jpg\" \/>\n\t<meta property=\"og:image:width\" content=\"740\" \/>\n\t<meta property=\"og:image:height\" content=\"350\" \/>\n\t<meta property=\"og:image:type\" content=\"image\/jpeg\" \/>\n<meta name=\"author\" content=\"Stefan Milanovic\" \/>\n<meta name=\"twitter:card\" content=\"summary_large_image\" \/>\n<meta name=\"twitter:label1\" content=\"Written by\" \/>\n\t<meta name=\"twitter:data1\" content=\"Stefan Milanovic\" \/>\n\t<meta name=\"twitter:label2\" content=\"Est. reading time\" \/>\n\t<meta name=\"twitter:data2\" content=\"3 minutes\" \/>\n<script type=\"application\/ld+json\" class=\"yoast-schema-graph\">{\"@context\":\"https:\\\/\\\/schema.org\",\"@graph\":[{\"@type\":\"Article\",\"@id\":\"https:\\\/\\\/royalfamily.org\\\/lat\\\/fifth-oncology-conference-opens-in-belgrade-exchange-of-knowledge-and-gathering-of-top-experts-from-the-field-of-oncology-and-radiology\\\/#article\",\"isPartOf\":{\"@id\":\"https:\\\/\\\/royalfamily.org\\\/lat\\\/fifth-oncology-conference-opens-in-belgrade-exchange-of-knowledge-and-gathering-of-top-experts-from-the-field-of-oncology-and-radiology\\\/\"},\"author\":{\"name\":\"Stefan Milanovic\",\"@id\":\"https:\\\/\\\/royalfamily.org\\\/#\\\/schema\\\/person\\\/4ad3296a6a8a35eed333b6a785e9f648\"},\"headline\":\"PO\u010cEO PETI ONKOLO\u0160KI SIMPOZIJUM U BEOGRADU &#8211; Razmena znanja i okupljanje najve\u0107ih stru\u010dnjaka iz oblasti onkologije i radiologije\",\"datePublished\":\"2016-10-21T10:40:03+00:00\",\"mainEntityOfPage\":{\"@id\":\"https:\\\/\\\/royalfamily.org\\\/lat\\\/fifth-oncology-conference-opens-in-belgrade-exchange-of-knowledge-and-gathering-of-top-experts-from-the-field-of-oncology-and-radiology\\\/\"},\"wordCount\":554,\"publisher\":{\"@id\":\"https:\\\/\\\/royalfamily.org\\\/#organization\"},\"image\":{\"@id\":\"https:\\\/\\\/royalfamily.org\\\/lat\\\/fifth-oncology-conference-opens-in-belgrade-exchange-of-knowledge-and-gathering-of-top-experts-from-the-field-of-oncology-and-radiology\\\/#primaryimage\"},\"thumbnailUrl\":\"https:\\\/\\\/royalfamily.org\\\/wp-content\\\/uploads\\\/2016\\\/10\\\/IMG_1864\u043c.jpg\",\"articleSection\":[\"Vesti\"],\"inLanguage\":\"sr-LT\"},{\"@type\":\"WebPage\",\"@id\":\"https:\\\/\\\/royalfamily.org\\\/lat\\\/fifth-oncology-conference-opens-in-belgrade-exchange-of-knowledge-and-gathering-of-top-experts-from-the-field-of-oncology-and-radiology\\\/\",\"url\":\"https:\\\/\\\/royalfamily.org\\\/lat\\\/fifth-oncology-conference-opens-in-belgrade-exchange-of-knowledge-and-gathering-of-top-experts-from-the-field-of-oncology-and-radiology\\\/\",\"name\":\"PO\u010cEO PETI ONKOLO\u0160KI SIMPOZIJUM U BEOGRADU - Razmena znanja i okupljanje najve\u0107ih stru\u010dnjaka iz oblasti onkologije i radiologije - The Royal Family of Serbia\",\"isPartOf\":{\"@id\":\"https:\\\/\\\/royalfamily.org\\\/#website\"},\"primaryImageOfPage\":{\"@id\":\"https:\\\/\\\/royalfamily.org\\\/lat\\\/fifth-oncology-conference-opens-in-belgrade-exchange-of-knowledge-and-gathering-of-top-experts-from-the-field-of-oncology-and-radiology\\\/#primaryimage\"},\"image\":{\"@id\":\"https:\\\/\\\/royalfamily.org\\\/lat\\\/fifth-oncology-conference-opens-in-belgrade-exchange-of-knowledge-and-gathering-of-top-experts-from-the-field-of-oncology-and-radiology\\\/#primaryimage\"},\"thumbnailUrl\":\"https:\\\/\\\/royalfamily.org\\\/wp-content\\\/uploads\\\/2016\\\/10\\\/IMG_1864\u043c.jpg\",\"datePublished\":\"2016-10-21T10:40:03+00:00\",\"description\":\"Njeno Kraljevsko Viso\u010danstvo Princeza Katarina sve\u010dano je otvorila peti po redu onkolo\u0161ki simpozijum u hotelu Hajat u Beogradu. U okviru dvodnevne\",\"breadcrumb\":{\"@id\":\"https:\\\/\\\/royalfamily.org\\\/lat\\\/fifth-oncology-conference-opens-in-belgrade-exchange-of-knowledge-and-gathering-of-top-experts-from-the-field-of-oncology-and-radiology\\\/#breadcrumb\"},\"inLanguage\":\"sr-LT\",\"potentialAction\":[{\"@type\":\"ReadAction\",\"target\":[\"https:\\\/\\\/royalfamily.org\\\/lat\\\/fifth-oncology-conference-opens-in-belgrade-exchange-of-knowledge-and-gathering-of-top-experts-from-the-field-of-oncology-and-radiology\\\/\"]}]},{\"@type\":\"ImageObject\",\"inLanguage\":\"sr-LT\",\"@id\":\"https:\\\/\\\/royalfamily.org\\\/lat\\\/fifth-oncology-conference-opens-in-belgrade-exchange-of-knowledge-and-gathering-of-top-experts-from-the-field-of-oncology-and-radiology\\\/#primaryimage\",\"url\":\"https:\\\/\\\/royalfamily.org\\\/wp-content\\\/uploads\\\/2016\\\/10\\\/IMG_1864\u043c.jpg\",\"contentUrl\":\"https:\\\/\\\/royalfamily.org\\\/wp-content\\\/uploads\\\/2016\\\/10\\\/IMG_1864\u043c.jpg\",\"width\":740,\"height\":350},{\"@type\":\"BreadcrumbList\",\"@id\":\"https:\\\/\\\/royalfamily.org\\\/lat\\\/fifth-oncology-conference-opens-in-belgrade-exchange-of-knowledge-and-gathering-of-top-experts-from-the-field-of-oncology-and-radiology\\\/#breadcrumb\",\"itemListElement\":[{\"@type\":\"ListItem\",\"position\":1,\"name\":\"Home\",\"item\":\"https:\\\/\\\/royalfamily.org\\\/lat\\\/\"},{\"@type\":\"ListItem\",\"position\":2,\"name\":\"PO\u010cEO PETI ONKOLO\u0160KI SIMPOZIJUM U BEOGRADU &#8211; Razmena znanja i okupljanje najve\u0107ih stru\u010dnjaka iz oblasti onkologije i radiologije\"}]},{\"@type\":\"WebSite\",\"@id\":\"https:\\\/\\\/royalfamily.org\\\/#website\",\"url\":\"https:\\\/\\\/royalfamily.org\\\/\",\"name\":\"The Royal Family of Serbia\",\"description\":\"From the people, for the people\",\"publisher\":{\"@id\":\"https:\\\/\\\/royalfamily.org\\\/#organization\"},\"potentialAction\":[{\"@type\":\"SearchAction\",\"target\":{\"@type\":\"EntryPoint\",\"urlTemplate\":\"https:\\\/\\\/royalfamily.org\\\/?s={search_term_string}\"},\"query-input\":{\"@type\":\"PropertyValueSpecification\",\"valueRequired\":true,\"valueName\":\"search_term_string\"}}],\"inLanguage\":\"sr-LT\"},{\"@type\":\"Organization\",\"@id\":\"https:\\\/\\\/royalfamily.org\\\/#organization\",\"name\":\"Royal Family\",\"url\":\"https:\\\/\\\/royalfamily.org\\\/\",\"logo\":{\"@type\":\"ImageObject\",\"inLanguage\":\"sr-LT\",\"@id\":\"https:\\\/\\\/royalfamily.org\\\/#\\\/schema\\\/logo\\\/image\\\/\",\"url\":\"https:\\\/\\\/royalfamily.org\\\/wp-content\\\/uploads\\\/2019\\\/04\\\/logo-vector-02-V-latinica.png\",\"contentUrl\":\"https:\\\/\\\/royalfamily.org\\\/wp-content\\\/uploads\\\/2019\\\/04\\\/logo-vector-02-V-latinica.png\",\"width\":552,\"height\":99,\"caption\":\"Royal Family\"},\"image\":{\"@id\":\"https:\\\/\\\/royalfamily.org\\\/#\\\/schema\\\/logo\\\/image\\\/\"},\"sameAs\":[\"https:\\\/\\\/www.facebook.com\\\/Prestolonaslednik.Aleksandar\"]},{\"@type\":\"Person\",\"@id\":\"https:\\\/\\\/royalfamily.org\\\/#\\\/schema\\\/person\\\/4ad3296a6a8a35eed333b6a785e9f648\",\"name\":\"Stefan Milanovic\",\"image\":{\"@type\":\"ImageObject\",\"inLanguage\":\"sr-LT\",\"@id\":\"https:\\\/\\\/secure.gravatar.com\\\/avatar\\\/92dcbdcf3e32112a9ceb1e41665b1f44c69382d014cacfe12c701f6af7c40259?s=96&d=mm&r=g\",\"url\":\"https:\\\/\\\/secure.gravatar.com\\\/avatar\\\/92dcbdcf3e32112a9ceb1e41665b1f44c69382d014cacfe12c701f6af7c40259?s=96&d=mm&r=g\",\"contentUrl\":\"https:\\\/\\\/secure.gravatar.com\\\/avatar\\\/92dcbdcf3e32112a9ceb1e41665b1f44c69382d014cacfe12c701f6af7c40259?s=96&d=mm&r=g\",\"caption\":\"Stefan Milanovic\"}}]}<\/script>\n<!-- \/ Yoast SEO Premium plugin. -->","yoast_head_json":{"title":"PO\u010cEO PETI ONKOLO\u0160KI SIMPOZIJUM U BEOGRADU - Razmena znanja i okupljanje najve\u0107ih stru\u010dnjaka iz oblasti onkologije i radiologije - The Royal Family of Serbia","description":"Njeno Kraljevsko Viso\u010danstvo Princeza Katarina sve\u010dano je otvorila peti po redu onkolo\u0161ki simpozijum u hotelu Hajat u Beogradu. U okviru dvodnevne","robots":{"index":"index","follow":"follow","max-snippet":"max-snippet:-1","max-image-preview":"max-image-preview:large","max-video-preview":"max-video-preview:-1"},"canonical":"https:\/\/royalfamily.org\/lat\/fifth-oncology-conference-opens-in-belgrade-exchange-of-knowledge-and-gathering-of-top-experts-from-the-field-of-oncology-and-radiology\/","og_locale":"en_US","og_type":"article","og_title":"PO\u010cEO PETI ONKOLO\u0160KI SIMPOZIJUM U BEOGRADU - Razmena znanja i okupljanje najve\u0107ih stru\u010dnjaka iz oblasti onkologije i radiologije","og_description":"Njeno Kraljevsko Viso\u010danstvo Princeza Katarina sve\u010dano je otvorila peti po redu onkolo\u0161ki simpozijum u hotelu Hajat u Beogradu. U okviru dvodnevne","og_url":"https:\/\/royalfamily.org\/lat\/fifth-oncology-conference-opens-in-belgrade-exchange-of-knowledge-and-gathering-of-top-experts-from-the-field-of-oncology-and-radiology\/","og_site_name":"The Royal Family of Serbia","article_publisher":"https:\/\/www.facebook.com\/Prestolonaslednik.Aleksandar","article_published_time":"2016-10-21T10:40:03+00:00","og_image":[{"width":740,"height":350,"url":"https:\/\/royalfamily.org\/wp-content\/uploads\/2016\/10\/IMG_1864\u043c.jpg","type":"image\/jpeg"}],"author":"Stefan Milanovic","twitter_card":"summary_large_image","twitter_misc":{"Written by":"Stefan Milanovic","Est. reading time":"3 minutes"},"schema":{"@context":"https:\/\/schema.org","@graph":[{"@type":"Article","@id":"https:\/\/royalfamily.org\/lat\/fifth-oncology-conference-opens-in-belgrade-exchange-of-knowledge-and-gathering-of-top-experts-from-the-field-of-oncology-and-radiology\/#article","isPartOf":{"@id":"https:\/\/royalfamily.org\/lat\/fifth-oncology-conference-opens-in-belgrade-exchange-of-knowledge-and-gathering-of-top-experts-from-the-field-of-oncology-and-radiology\/"},"author":{"name":"Stefan Milanovic","@id":"https:\/\/royalfamily.org\/#\/schema\/person\/4ad3296a6a8a35eed333b6a785e9f648"},"headline":"PO\u010cEO PETI ONKOLO\u0160KI SIMPOZIJUM U BEOGRADU &#8211; Razmena znanja i okupljanje najve\u0107ih stru\u010dnjaka iz oblasti onkologije i radiologije","datePublished":"2016-10-21T10:40:03+00:00","mainEntityOfPage":{"@id":"https:\/\/royalfamily.org\/lat\/fifth-oncology-conference-opens-in-belgrade-exchange-of-knowledge-and-gathering-of-top-experts-from-the-field-of-oncology-and-radiology\/"},"wordCount":554,"publisher":{"@id":"https:\/\/royalfamily.org\/#organization"},"image":{"@id":"https:\/\/royalfamily.org\/lat\/fifth-oncology-conference-opens-in-belgrade-exchange-of-knowledge-and-gathering-of-top-experts-from-the-field-of-oncology-and-radiology\/#primaryimage"},"thumbnailUrl":"https:\/\/royalfamily.org\/wp-content\/uploads\/2016\/10\/IMG_1864\u043c.jpg","articleSection":["Vesti"],"inLanguage":"sr-LT"},{"@type":"WebPage","@id":"https:\/\/royalfamily.org\/lat\/fifth-oncology-conference-opens-in-belgrade-exchange-of-knowledge-and-gathering-of-top-experts-from-the-field-of-oncology-and-radiology\/","url":"https:\/\/royalfamily.org\/lat\/fifth-oncology-conference-opens-in-belgrade-exchange-of-knowledge-and-gathering-of-top-experts-from-the-field-of-oncology-and-radiology\/","name":"PO\u010cEO PETI ONKOLO\u0160KI SIMPOZIJUM U BEOGRADU - Razmena znanja i okupljanje najve\u0107ih stru\u010dnjaka iz oblasti onkologije i radiologije - The Royal Family of Serbia","isPartOf":{"@id":"https:\/\/royalfamily.org\/#website"},"primaryImageOfPage":{"@id":"https:\/\/royalfamily.org\/lat\/fifth-oncology-conference-opens-in-belgrade-exchange-of-knowledge-and-gathering-of-top-experts-from-the-field-of-oncology-and-radiology\/#primaryimage"},"image":{"@id":"https:\/\/royalfamily.org\/lat\/fifth-oncology-conference-opens-in-belgrade-exchange-of-knowledge-and-gathering-of-top-experts-from-the-field-of-oncology-and-radiology\/#primaryimage"},"thumbnailUrl":"https:\/\/royalfamily.org\/wp-content\/uploads\/2016\/10\/IMG_1864\u043c.jpg","datePublished":"2016-10-21T10:40:03+00:00","description":"Njeno Kraljevsko Viso\u010danstvo Princeza Katarina sve\u010dano je otvorila peti po redu onkolo\u0161ki simpozijum u hotelu Hajat u Beogradu. U okviru dvodnevne","breadcrumb":{"@id":"https:\/\/royalfamily.org\/lat\/fifth-oncology-conference-opens-in-belgrade-exchange-of-knowledge-and-gathering-of-top-experts-from-the-field-of-oncology-and-radiology\/#breadcrumb"},"inLanguage":"sr-LT","potentialAction":[{"@type":"ReadAction","target":["https:\/\/royalfamily.org\/lat\/fifth-oncology-conference-opens-in-belgrade-exchange-of-knowledge-and-gathering-of-top-experts-from-the-field-of-oncology-and-radiology\/"]}]},{"@type":"ImageObject","inLanguage":"sr-LT","@id":"https:\/\/royalfamily.org\/lat\/fifth-oncology-conference-opens-in-belgrade-exchange-of-knowledge-and-gathering-of-top-experts-from-the-field-of-oncology-and-radiology\/#primaryimage","url":"https:\/\/royalfamily.org\/wp-content\/uploads\/2016\/10\/IMG_1864\u043c.jpg","contentUrl":"https:\/\/royalfamily.org\/wp-content\/uploads\/2016\/10\/IMG_1864\u043c.jpg","width":740,"height":350},{"@type":"BreadcrumbList","@id":"https:\/\/royalfamily.org\/lat\/fifth-oncology-conference-opens-in-belgrade-exchange-of-knowledge-and-gathering-of-top-experts-from-the-field-of-oncology-and-radiology\/#breadcrumb","itemListElement":[{"@type":"ListItem","position":1,"name":"Home","item":"https:\/\/royalfamily.org\/lat\/"},{"@type":"ListItem","position":2,"name":"PO\u010cEO PETI ONKOLO\u0160KI SIMPOZIJUM U BEOGRADU &#8211; Razmena znanja i okupljanje najve\u0107ih stru\u010dnjaka iz oblasti onkologije i radiologije"}]},{"@type":"WebSite","@id":"https:\/\/royalfamily.org\/#website","url":"https:\/\/royalfamily.org\/","name":"The Royal Family of Serbia","description":"From the people, for the people","publisher":{"@id":"https:\/\/royalfamily.org\/#organization"},"potentialAction":[{"@type":"SearchAction","target":{"@type":"EntryPoint","urlTemplate":"https:\/\/royalfamily.org\/?s={search_term_string}"},"query-input":{"@type":"PropertyValueSpecification","valueRequired":true,"valueName":"search_term_string"}}],"inLanguage":"sr-LT"},{"@type":"Organization","@id":"https:\/\/royalfamily.org\/#organization","name":"Royal Family","url":"https:\/\/royalfamily.org\/","logo":{"@type":"ImageObject","inLanguage":"sr-LT","@id":"https:\/\/royalfamily.org\/#\/schema\/logo\/image\/","url":"https:\/\/royalfamily.org\/wp-content\/uploads\/2019\/04\/logo-vector-02-V-latinica.png","contentUrl":"https:\/\/royalfamily.org\/wp-content\/uploads\/2019\/04\/logo-vector-02-V-latinica.png","width":552,"height":99,"caption":"Royal Family"},"image":{"@id":"https:\/\/royalfamily.org\/#\/schema\/logo\/image\/"},"sameAs":["https:\/\/www.facebook.com\/Prestolonaslednik.Aleksandar"]},{"@type":"Person","@id":"https:\/\/royalfamily.org\/#\/schema\/person\/4ad3296a6a8a35eed333b6a785e9f648","name":"Stefan Milanovic","image":{"@type":"ImageObject","inLanguage":"sr-LT","@id":"https:\/\/secure.gravatar.com\/avatar\/92dcbdcf3e32112a9ceb1e41665b1f44c69382d014cacfe12c701f6af7c40259?s=96&d=mm&r=g","url":"https:\/\/secure.gravatar.com\/avatar\/92dcbdcf3e32112a9ceb1e41665b1f44c69382d014cacfe12c701f6af7c40259?s=96&d=mm&r=g","contentUrl":"https:\/\/secure.gravatar.com\/avatar\/92dcbdcf3e32112a9ceb1e41665b1f44c69382d014cacfe12c701f6af7c40259?s=96&d=mm&r=g","caption":"Stefan Milanovic"}}]}},"_links":{"self":[{"href":"https:\/\/royalfamily.org\/lat\/wp-json\/wp\/v2\/posts\/28877","targetHints":{"allow":["GET"]}}],"collection":[{"href":"https:\/\/royalfamily.org\/lat\/wp-json\/wp\/v2\/posts"}],"about":[{"href":"https:\/\/royalfamily.org\/lat\/wp-json\/wp\/v2\/types\/post"}],"author":[{"embeddable":true,"href":"https:\/\/royalfamily.org\/lat\/wp-json\/wp\/v2\/users\/1001015"}],"replies":[{"embeddable":true,"href":"https:\/\/royalfamily.org\/lat\/wp-json\/wp\/v2\/comments?post=28877"}],"version-history":[{"count":0,"href":"https:\/\/royalfamily.org\/lat\/wp-json\/wp\/v2\/posts\/28877\/revisions"}],"wp:featuredmedia":[{"embeddable":true,"href":"https:\/\/royalfamily.org\/lat\/wp-json\/wp\/v2\/media\/28852"}],"wp:attachment":[{"href":"https:\/\/royalfamily.org\/lat\/wp-json\/wp\/v2\/media?parent=28877"}],"wp:term":[{"taxonomy":"category","embeddable":true,"href":"https:\/\/royalfamily.org\/lat\/wp-json\/wp\/v2\/categories?post=28877"},{"taxonomy":"post_tag","embeddable":true,"href":"https:\/\/royalfamily.org\/lat\/wp-json\/wp\/v2\/tags?post=28877"}],"curies":[{"name":"wp","href":"https:\/\/api.w.org\/{rel}","templated":true}]}}