{"id":28994,"date":"2016-10-23T18:11:26","date_gmt":"2016-10-23T18:11:26","guid":{"rendered":"https:\/\/royalfamily.org\/wedding-of-prince-mihailo-and-princess-ljubica-karadjordjevic-2\/"},"modified":"2016-10-23T18:11:26","modified_gmt":"2016-10-23T18:11:26","slug":"wedding-of-prince-mihailo-and-princess-ljubica-karadjordjevic","status":"publish","type":"post","link":"https:\/\/royalfamily.org\/lat\/wedding-of-prince-mihailo-and-princess-ljubica-karadjordjevic\/","title":{"rendered":"VEN\u010cANJE PRINCA MIHAILA KARA\u0110OR\u0110EVI\u0106A I PRINCEZE LJUBICE"},"content":{"rendered":"<p align=\"center\"><strong>Crkveni obred na Oplencu i prijem na Belom dvoru<\/strong><\/p>\n<p><strong>Njegovo Kraljevsko Viso\u010danstvo Princ Mihailo Kara\u0111or\u0111evi\u0107 i gospo\u0111ica Ljubica Ljubisavljevi\u0107 sjedinili su se u svetoj tajni braka\u00a0ven\u010danjem u crkvi Svetog \u0110or\u0111a na Oplencu, nakon \u010dega su Njihova Kraljevska Viso\u010danstva Prestolonaslednik Aleksandar i Princeza Katarina uprili\u010dili prijem za zvanice na Belom dvoru. Crkveni obred \u010dinodejstvovali su Njegovo Preosve\u0161tenstvo Episkop isto\u010dnoameri\u010dki G. Irinej i Njegovo Preosve\u0161tenstvo Episkop vranjski G. Pahomije i protojerej \u2013 stavrofor Petar Luki\u0107, stare\u0161ina Sabornog hrama u Beogradu.<\/strong><\/p>\n<p>Ven\u010danju Princa Mihaila Kara\u0111or\u0111evi\u0107a, najmla\u0111eg sina pokojnog Nj.K.V. Princa Tomislava i Nj.K.V. Princeze Linde, i Ljubice Ljubisavljevi\u0107 prisustvovalo je vi\u0161e od 300 gostiju \u2013 \u010dlanova i prijatelja kraljevske porodice Kara\u0111or\u0111evi\u0107, kao i brojnih uglednih zvanica iz javnog \u017eivota Srbije i inostranstva. Ven\u010danju su prisustvovali Njihova Kraljevska Viso\u010danstva Prestolonaslednik Aleksandar i Princeza Katarina, sa decom princem Filipom i Alison, princeza Linda Kara\u0111or\u0111evi\u0107 (majka princa Mihaila),\u00a0 princ \u0110or\u0111e Kara\u0111or\u0111evi\u0107 (mlado\u017eenjin brat), princeza Falon Rajman (supruga princa \u0110or\u0111a Kara\u0111or\u0111evi\u0107a), princeza Jelisaveta Kara\u0111or\u0111evi\u0107, Maja Gojkovi\u0107, predsednica Skup\u0161tine Srbije, Mladen \u0160ar\u010devi\u0107, ministar prosvete, nauke i tehnolo\u0161kog razvoja, ambasadori Velike Britanije, Brazila, Konga, Meksika, Mjanmara, Kanade, Pakistana, Norve\u0161ke, Turske, Argentine, Indije i Azerbejd\u017eana i mnogi drugi.<\/p>\n<p>Na prijemu u Belom dvoru tom prilikom, Prestolonaslednik Aleksandar po\u017eeleo je mladencima dug i sre\u0107an zajedni\u010dki \u017eivot:<\/p>\n<p>\u201eMoja je du\u017enost i privilegija da po\u017eelim dobrodo\u0161licu Njenom Kraljevskom Viso\u010danstvu princezi Ljubici u na\u0161 dom i da pozdravim roditelje mlade i mlado\u017eenje sa \u017eeljom i nadom da \u0107e dobra sre\u0107a, zdravlje, sloga i porodi\u010dni blagoslov pratiti novi par i na\u0161e domove, kroz njih i u njima\u201c, rekao je Prestolonaslednik Aleksandar u svom govoru.<\/p>\n<p>Mladenci su u \u010dinu ven\u010danja po\u0161tovali srpske obi\u010daje, ali su bili i inovativni, pa su osim u srpskoj tradicionalnoj muzici, gosti imali priliku da u\u017eivaju i u koncertu violon\u010dela dve devoj\u010dice, pobednice Republi\u010dkog takmi\u010denja. Poslu\u017eenje se zasnivalo na tradicionalnoj srpskoj hrani. Kompanije koje su poklonile poslu\u017eenje su Hajat, Metropol, Nuzi pekara, Mesara Nada, Pekara 30, zatim vino kraljevske vinarije Oplenac i vinarije Aleksandrovi\u0107, torta i slatki\u0161i iz An\u010di kola\u010di kompanije iz Pan\u010deva, dok se za kafu i \u010daj pobrinula kompanija \u201eBean and leaf\u201c.<\/p>\n<p>Princ Mihailo Kara\u0111or\u0111evi\u0107 ro\u0111en je 15. decembra 1985. u Londonu. Odrastao je u seoskom okru\u017eenju, gde je imao mnogo vremena da istra\u017euje i zavoli prirodu. Organizovao je veliki broj humanitarnih akcija, a u nastojanju da se anga\u017euje u pitanjima svoje zemlje nastavlja da lobira za srpske interese u svetu. Princeza Ljubica ro\u0111ena je i odrasla u Beogradu, zavr\u0161ila je master studije na Farmaceutskom fakultetu, bavi se marketingom i pi\u0161e kolumne na temu zdravlja, prevencije i nege ko\u017ee.<\/p>\n<h1><strong><a href=\"http:\/\/goo.gl\/lNZpsU\" target=\"_blank\">PREUZIMANJE FOTOGRAFIJA&gt;&gt;&gt;<\/a><\/strong><\/h1>\n<p>&nbsp;<\/p>\n<p><a href=\"https:\/\/royalfamily.org\/wp-content\/uploads\/2016\/10\/IMG_9216m.jpg\"><img decoding=\"async\" width=\"170\" height=\"120\" class=\"alignnone size-thumbnail wp-image-28986\" alt=\"img_9216m\" src=\"https:\/\/royalfamily.org\/wp-content\/uploads\/2016\/10\/IMG_9216m-170x120.jpg\" \/><\/a> <a href=\"https:\/\/royalfamily.org\/wp-content\/uploads\/2016\/10\/IMG_9152m.jpg\"><img decoding=\"async\" width=\"170\" height=\"120\" class=\"alignnone size-thumbnail wp-image-28983\" alt=\"img_9152m\" src=\"https:\/\/royalfamily.org\/wp-content\/uploads\/2016\/10\/IMG_9152m-170x120.jpg\" \/><\/a> <a href=\"https:\/\/royalfamily.org\/wp-content\/uploads\/2016\/10\/IMG_2320m.jpg\"><img decoding=\"async\" width=\"170\" height=\"120\" class=\"alignnone size-thumbnail wp-image-28980\" alt=\"img_2320m\" src=\"https:\/\/royalfamily.org\/wp-content\/uploads\/2016\/10\/IMG_2320m-170x120.jpg\" \/><\/a> <a href=\"https:\/\/royalfamily.org\/wp-content\/uploads\/2016\/10\/IMG_2100m.jpg\"><img decoding=\"async\" width=\"170\" height=\"120\" class=\"alignnone size-thumbnail wp-image-28977\" alt=\"img_2100m\" src=\"https:\/\/royalfamily.org\/wp-content\/uploads\/2016\/10\/IMG_2100m-170x120.jpg\" \/><\/a><br \/>\n<a href=\"https:\/\/royalfamily.org\/wp-content\/uploads\/2016\/10\/7.jpg\"><img decoding=\"async\" width=\"170\" height=\"120\" class=\"alignnone size-thumbnail wp-image-28974\" alt=\"7\" src=\"https:\/\/royalfamily.org\/wp-content\/uploads\/2016\/10\/7-170x120.jpg\" \/><\/a> <a href=\"https:\/\/royalfamily.org\/wp-content\/uploads\/2016\/10\/6.jpg\"><img decoding=\"async\" width=\"170\" height=\"120\" class=\"alignnone size-thumbnail wp-image-28971\" alt=\"6\" src=\"https:\/\/royalfamily.org\/wp-content\/uploads\/2016\/10\/6-170x120.jpg\" \/><\/a> <a href=\"https:\/\/royalfamily.org\/wp-content\/uploads\/2016\/10\/35.jpg\"><img decoding=\"async\" width=\"170\" height=\"120\" class=\"alignnone size-thumbnail wp-image-28968\" alt=\"3\" src=\"https:\/\/royalfamily.org\/wp-content\/uploads\/2016\/10\/35-170x120.jpg\" \/><\/a> <a href=\"https:\/\/royalfamily.org\/wp-content\/uploads\/2016\/10\/25.jpg\"><img decoding=\"async\" width=\"170\" height=\"120\" class=\"alignnone size-thumbnail wp-image-28965\" alt=\"2\" src=\"https:\/\/royalfamily.org\/wp-content\/uploads\/2016\/10\/25-170x120.jpg\" \/><\/a><br \/>\n<a href=\"https:\/\/royalfamily.org\/wp-content\/uploads\/2016\/10\/15.jpg\"><img decoding=\"async\" width=\"170\" height=\"120\" class=\"alignnone size-thumbnail wp-image-28962\" alt=\"1\" src=\"https:\/\/royalfamily.org\/wp-content\/uploads\/2016\/10\/15-170x120.jpg\" \/><\/a><\/p>\n","protected":false},"excerpt":{"rendered":"<p>Crkveni obred na Oplencu i prijem na Belom dvoru Njegovo Kraljevsko Viso\u010danstvo Princ Mihailo Kara\u0111or\u0111evi\u0107  [&#8230;]<\/p>\n","protected":false},"author":1001015,"featured_media":28991,"comment_status":"closed","ping_status":"closed","sticky":false,"template":"","format":"standard","meta":{"_acf_changed":false,"footnotes":""},"categories":[22],"tags":[],"class_list":["post-28994","post","type-post","status-publish","format-standard","has-post-thumbnail","hentry","category-vesti"],"acf":[],"yoast_head":"<!-- This site is optimized with the Yoast SEO Premium plugin v27.4 (Yoast SEO v27.4) - https:\/\/yoast.com\/product\/yoast-seo-premium-wordpress\/ -->\n<title>VEN\u010cANJE PRINCA MIHAILA KARA\u0110OR\u0110EVI\u0106A I PRINCEZE LJUBICE - The Royal Family of Serbia<\/title>\n<meta name=\"description\" content=\"Crkveni obred na Oplencu i prijem na Belom dvoru Njegovo Kraljevsko Viso\u010danstvo Princ Mihailo Kara\u0111or\u0111evi\u0107 i gospo\u0111ica Ljubica Ljubisavljevi\u0107 sjedinili su\" \/>\n<meta name=\"robots\" content=\"index, follow, max-snippet:-1, max-image-preview:large, max-video-preview:-1\" \/>\n<link rel=\"canonical\" href=\"https:\/\/royalfamily.org\/lat\/wedding-of-prince-mihailo-and-princess-ljubica-karadjordjevic\/\" \/>\n<meta property=\"og:locale\" content=\"en_US\" \/>\n<meta property=\"og:type\" content=\"article\" \/>\n<meta property=\"og:title\" content=\"VEN\u010cANJE PRINCA MIHAILA KARA\u0110OR\u0110EVI\u0106A I PRINCEZE LJUBICE\" \/>\n<meta property=\"og:description\" content=\"Crkveni obred na Oplencu i prijem na Belom dvoru Njegovo Kraljevsko Viso\u010danstvo Princ Mihailo Kara\u0111or\u0111evi\u0107 i gospo\u0111ica Ljubica Ljubisavljevi\u0107 sjedinili su\" \/>\n<meta property=\"og:url\" content=\"https:\/\/royalfamily.org\/lat\/wedding-of-prince-mihailo-and-princess-ljubica-karadjordjevic\/\" \/>\n<meta property=\"og:site_name\" content=\"The Royal Family of Serbia\" \/>\n<meta property=\"article:publisher\" content=\"https:\/\/www.facebook.com\/Prestolonaslednik.Aleksandar\" \/>\n<meta property=\"article:published_time\" content=\"2016-10-23T18:11:26+00:00\" \/>\n<meta property=\"og:image\" content=\"https:\/\/royalfamily.org\/wp-content\/uploads\/2016\/10\/42.jpg\" \/>\n\t<meta property=\"og:image:width\" content=\"740\" \/>\n\t<meta property=\"og:image:height\" content=\"350\" \/>\n\t<meta property=\"og:image:type\" content=\"image\/jpeg\" \/>\n<meta name=\"author\" content=\"Stefan Milanovic\" \/>\n<meta name=\"twitter:card\" content=\"summary_large_image\" \/>\n<meta name=\"twitter:label1\" content=\"Written by\" \/>\n\t<meta name=\"twitter:data1\" content=\"Stefan Milanovic\" \/>\n\t<meta name=\"twitter:label2\" content=\"Est. reading time\" \/>\n\t<meta name=\"twitter:data2\" content=\"2 minutes\" \/>\n<script type=\"application\/ld+json\" class=\"yoast-schema-graph\">{\"@context\":\"https:\\\/\\\/schema.org\",\"@graph\":[{\"@type\":\"Article\",\"@id\":\"https:\\\/\\\/royalfamily.org\\\/lat\\\/wedding-of-prince-mihailo-and-princess-ljubica-karadjordjevic\\\/#article\",\"isPartOf\":{\"@id\":\"https:\\\/\\\/royalfamily.org\\\/lat\\\/wedding-of-prince-mihailo-and-princess-ljubica-karadjordjevic\\\/\"},\"author\":{\"name\":\"Stefan Milanovic\",\"@id\":\"https:\\\/\\\/royalfamily.org\\\/#\\\/schema\\\/person\\\/4ad3296a6a8a35eed333b6a785e9f648\"},\"headline\":\"VEN\u010cANJE PRINCA MIHAILA KARA\u0110OR\u0110EVI\u0106A I PRINCEZE LJUBICE\",\"datePublished\":\"2016-10-23T18:11:26+00:00\",\"mainEntityOfPage\":{\"@id\":\"https:\\\/\\\/royalfamily.org\\\/lat\\\/wedding-of-prince-mihailo-and-princess-ljubica-karadjordjevic\\\/\"},\"wordCount\":510,\"publisher\":{\"@id\":\"https:\\\/\\\/royalfamily.org\\\/#organization\"},\"image\":{\"@id\":\"https:\\\/\\\/royalfamily.org\\\/lat\\\/wedding-of-prince-mihailo-and-princess-ljubica-karadjordjevic\\\/#primaryimage\"},\"thumbnailUrl\":\"https:\\\/\\\/royalfamily.org\\\/wp-content\\\/uploads\\\/2016\\\/10\\\/42.jpg\",\"articleSection\":[\"Vesti\"],\"inLanguage\":\"sr-LT\"},{\"@type\":\"WebPage\",\"@id\":\"https:\\\/\\\/royalfamily.org\\\/lat\\\/wedding-of-prince-mihailo-and-princess-ljubica-karadjordjevic\\\/\",\"url\":\"https:\\\/\\\/royalfamily.org\\\/lat\\\/wedding-of-prince-mihailo-and-princess-ljubica-karadjordjevic\\\/\",\"name\":\"VEN\u010cANJE PRINCA MIHAILA KARA\u0110OR\u0110EVI\u0106A I PRINCEZE LJUBICE - The Royal Family of Serbia\",\"isPartOf\":{\"@id\":\"https:\\\/\\\/royalfamily.org\\\/#website\"},\"primaryImageOfPage\":{\"@id\":\"https:\\\/\\\/royalfamily.org\\\/lat\\\/wedding-of-prince-mihailo-and-princess-ljubica-karadjordjevic\\\/#primaryimage\"},\"image\":{\"@id\":\"https:\\\/\\\/royalfamily.org\\\/lat\\\/wedding-of-prince-mihailo-and-princess-ljubica-karadjordjevic\\\/#primaryimage\"},\"thumbnailUrl\":\"https:\\\/\\\/royalfamily.org\\\/wp-content\\\/uploads\\\/2016\\\/10\\\/42.jpg\",\"datePublished\":\"2016-10-23T18:11:26+00:00\",\"description\":\"Crkveni obred na Oplencu i prijem na Belom dvoru Njegovo Kraljevsko Viso\u010danstvo Princ Mihailo Kara\u0111or\u0111evi\u0107 i gospo\u0111ica Ljubica Ljubisavljevi\u0107 sjedinili su\",\"breadcrumb\":{\"@id\":\"https:\\\/\\\/royalfamily.org\\\/lat\\\/wedding-of-prince-mihailo-and-princess-ljubica-karadjordjevic\\\/#breadcrumb\"},\"inLanguage\":\"sr-LT\",\"potentialAction\":[{\"@type\":\"ReadAction\",\"target\":[\"https:\\\/\\\/royalfamily.org\\\/lat\\\/wedding-of-prince-mihailo-and-princess-ljubica-karadjordjevic\\\/\"]}]},{\"@type\":\"ImageObject\",\"inLanguage\":\"sr-LT\",\"@id\":\"https:\\\/\\\/royalfamily.org\\\/lat\\\/wedding-of-prince-mihailo-and-princess-ljubica-karadjordjevic\\\/#primaryimage\",\"url\":\"https:\\\/\\\/royalfamily.org\\\/wp-content\\\/uploads\\\/2016\\\/10\\\/42.jpg\",\"contentUrl\":\"https:\\\/\\\/royalfamily.org\\\/wp-content\\\/uploads\\\/2016\\\/10\\\/42.jpg\",\"width\":740,\"height\":350},{\"@type\":\"BreadcrumbList\",\"@id\":\"https:\\\/\\\/royalfamily.org\\\/lat\\\/wedding-of-prince-mihailo-and-princess-ljubica-karadjordjevic\\\/#breadcrumb\",\"itemListElement\":[{\"@type\":\"ListItem\",\"position\":1,\"name\":\"Home\",\"item\":\"https:\\\/\\\/royalfamily.org\\\/lat\\\/\"},{\"@type\":\"ListItem\",\"position\":2,\"name\":\"VEN\u010cANJE PRINCA MIHAILA KARA\u0110OR\u0110EVI\u0106A I PRINCEZE LJUBICE\"}]},{\"@type\":\"WebSite\",\"@id\":\"https:\\\/\\\/royalfamily.org\\\/#website\",\"url\":\"https:\\\/\\\/royalfamily.org\\\/\",\"name\":\"The Royal Family of Serbia\",\"description\":\"From the people, for the people\",\"publisher\":{\"@id\":\"https:\\\/\\\/royalfamily.org\\\/#organization\"},\"potentialAction\":[{\"@type\":\"SearchAction\",\"target\":{\"@type\":\"EntryPoint\",\"urlTemplate\":\"https:\\\/\\\/royalfamily.org\\\/?s={search_term_string}\"},\"query-input\":{\"@type\":\"PropertyValueSpecification\",\"valueRequired\":true,\"valueName\":\"search_term_string\"}}],\"inLanguage\":\"sr-LT\"},{\"@type\":\"Organization\",\"@id\":\"https:\\\/\\\/royalfamily.org\\\/#organization\",\"name\":\"Royal Family\",\"url\":\"https:\\\/\\\/royalfamily.org\\\/\",\"logo\":{\"@type\":\"ImageObject\",\"inLanguage\":\"sr-LT\",\"@id\":\"https:\\\/\\\/royalfamily.org\\\/#\\\/schema\\\/logo\\\/image\\\/\",\"url\":\"https:\\\/\\\/royalfamily.org\\\/wp-content\\\/uploads\\\/2019\\\/04\\\/logo-vector-02-V-latinica.png\",\"contentUrl\":\"https:\\\/\\\/royalfamily.org\\\/wp-content\\\/uploads\\\/2019\\\/04\\\/logo-vector-02-V-latinica.png\",\"width\":552,\"height\":99,\"caption\":\"Royal Family\"},\"image\":{\"@id\":\"https:\\\/\\\/royalfamily.org\\\/#\\\/schema\\\/logo\\\/image\\\/\"},\"sameAs\":[\"https:\\\/\\\/www.facebook.com\\\/Prestolonaslednik.Aleksandar\"]},{\"@type\":\"Person\",\"@id\":\"https:\\\/\\\/royalfamily.org\\\/#\\\/schema\\\/person\\\/4ad3296a6a8a35eed333b6a785e9f648\",\"name\":\"Stefan Milanovic\",\"image\":{\"@type\":\"ImageObject\",\"inLanguage\":\"sr-LT\",\"@id\":\"https:\\\/\\\/secure.gravatar.com\\\/avatar\\\/92dcbdcf3e32112a9ceb1e41665b1f44c69382d014cacfe12c701f6af7c40259?s=96&d=mm&r=g\",\"url\":\"https:\\\/\\\/secure.gravatar.com\\\/avatar\\\/92dcbdcf3e32112a9ceb1e41665b1f44c69382d014cacfe12c701f6af7c40259?s=96&d=mm&r=g\",\"contentUrl\":\"https:\\\/\\\/secure.gravatar.com\\\/avatar\\\/92dcbdcf3e32112a9ceb1e41665b1f44c69382d014cacfe12c701f6af7c40259?s=96&d=mm&r=g\",\"caption\":\"Stefan Milanovic\"}}]}<\/script>\n<!-- \/ Yoast SEO Premium plugin. -->","yoast_head_json":{"title":"VEN\u010cANJE PRINCA MIHAILA KARA\u0110OR\u0110EVI\u0106A I PRINCEZE LJUBICE - The Royal Family of Serbia","description":"Crkveni obred na Oplencu i prijem na Belom dvoru Njegovo Kraljevsko Viso\u010danstvo Princ Mihailo Kara\u0111or\u0111evi\u0107 i gospo\u0111ica Ljubica Ljubisavljevi\u0107 sjedinili su","robots":{"index":"index","follow":"follow","max-snippet":"max-snippet:-1","max-image-preview":"max-image-preview:large","max-video-preview":"max-video-preview:-1"},"canonical":"https:\/\/royalfamily.org\/lat\/wedding-of-prince-mihailo-and-princess-ljubica-karadjordjevic\/","og_locale":"en_US","og_type":"article","og_title":"VEN\u010cANJE PRINCA MIHAILA KARA\u0110OR\u0110EVI\u0106A I PRINCEZE LJUBICE","og_description":"Crkveni obred na Oplencu i prijem na Belom dvoru Njegovo Kraljevsko Viso\u010danstvo Princ Mihailo Kara\u0111or\u0111evi\u0107 i gospo\u0111ica Ljubica Ljubisavljevi\u0107 sjedinili su","og_url":"https:\/\/royalfamily.org\/lat\/wedding-of-prince-mihailo-and-princess-ljubica-karadjordjevic\/","og_site_name":"The Royal Family of Serbia","article_publisher":"https:\/\/www.facebook.com\/Prestolonaslednik.Aleksandar","article_published_time":"2016-10-23T18:11:26+00:00","og_image":[{"width":740,"height":350,"url":"https:\/\/royalfamily.org\/wp-content\/uploads\/2016\/10\/42.jpg","type":"image\/jpeg"}],"author":"Stefan Milanovic","twitter_card":"summary_large_image","twitter_misc":{"Written by":"Stefan Milanovic","Est. reading time":"2 minutes"},"schema":{"@context":"https:\/\/schema.org","@graph":[{"@type":"Article","@id":"https:\/\/royalfamily.org\/lat\/wedding-of-prince-mihailo-and-princess-ljubica-karadjordjevic\/#article","isPartOf":{"@id":"https:\/\/royalfamily.org\/lat\/wedding-of-prince-mihailo-and-princess-ljubica-karadjordjevic\/"},"author":{"name":"Stefan Milanovic","@id":"https:\/\/royalfamily.org\/#\/schema\/person\/4ad3296a6a8a35eed333b6a785e9f648"},"headline":"VEN\u010cANJE PRINCA MIHAILA KARA\u0110OR\u0110EVI\u0106A I PRINCEZE LJUBICE","datePublished":"2016-10-23T18:11:26+00:00","mainEntityOfPage":{"@id":"https:\/\/royalfamily.org\/lat\/wedding-of-prince-mihailo-and-princess-ljubica-karadjordjevic\/"},"wordCount":510,"publisher":{"@id":"https:\/\/royalfamily.org\/#organization"},"image":{"@id":"https:\/\/royalfamily.org\/lat\/wedding-of-prince-mihailo-and-princess-ljubica-karadjordjevic\/#primaryimage"},"thumbnailUrl":"https:\/\/royalfamily.org\/wp-content\/uploads\/2016\/10\/42.jpg","articleSection":["Vesti"],"inLanguage":"sr-LT"},{"@type":"WebPage","@id":"https:\/\/royalfamily.org\/lat\/wedding-of-prince-mihailo-and-princess-ljubica-karadjordjevic\/","url":"https:\/\/royalfamily.org\/lat\/wedding-of-prince-mihailo-and-princess-ljubica-karadjordjevic\/","name":"VEN\u010cANJE PRINCA MIHAILA KARA\u0110OR\u0110EVI\u0106A I PRINCEZE LJUBICE - The Royal Family of Serbia","isPartOf":{"@id":"https:\/\/royalfamily.org\/#website"},"primaryImageOfPage":{"@id":"https:\/\/royalfamily.org\/lat\/wedding-of-prince-mihailo-and-princess-ljubica-karadjordjevic\/#primaryimage"},"image":{"@id":"https:\/\/royalfamily.org\/lat\/wedding-of-prince-mihailo-and-princess-ljubica-karadjordjevic\/#primaryimage"},"thumbnailUrl":"https:\/\/royalfamily.org\/wp-content\/uploads\/2016\/10\/42.jpg","datePublished":"2016-10-23T18:11:26+00:00","description":"Crkveni obred na Oplencu i prijem na Belom dvoru Njegovo Kraljevsko Viso\u010danstvo Princ Mihailo Kara\u0111or\u0111evi\u0107 i gospo\u0111ica Ljubica Ljubisavljevi\u0107 sjedinili su","breadcrumb":{"@id":"https:\/\/royalfamily.org\/lat\/wedding-of-prince-mihailo-and-princess-ljubica-karadjordjevic\/#breadcrumb"},"inLanguage":"sr-LT","potentialAction":[{"@type":"ReadAction","target":["https:\/\/royalfamily.org\/lat\/wedding-of-prince-mihailo-and-princess-ljubica-karadjordjevic\/"]}]},{"@type":"ImageObject","inLanguage":"sr-LT","@id":"https:\/\/royalfamily.org\/lat\/wedding-of-prince-mihailo-and-princess-ljubica-karadjordjevic\/#primaryimage","url":"https:\/\/royalfamily.org\/wp-content\/uploads\/2016\/10\/42.jpg","contentUrl":"https:\/\/royalfamily.org\/wp-content\/uploads\/2016\/10\/42.jpg","width":740,"height":350},{"@type":"BreadcrumbList","@id":"https:\/\/royalfamily.org\/lat\/wedding-of-prince-mihailo-and-princess-ljubica-karadjordjevic\/#breadcrumb","itemListElement":[{"@type":"ListItem","position":1,"name":"Home","item":"https:\/\/royalfamily.org\/lat\/"},{"@type":"ListItem","position":2,"name":"VEN\u010cANJE PRINCA MIHAILA KARA\u0110OR\u0110EVI\u0106A I PRINCEZE LJUBICE"}]},{"@type":"WebSite","@id":"https:\/\/royalfamily.org\/#website","url":"https:\/\/royalfamily.org\/","name":"The Royal Family of Serbia","description":"From the people, for the people","publisher":{"@id":"https:\/\/royalfamily.org\/#organization"},"potentialAction":[{"@type":"SearchAction","target":{"@type":"EntryPoint","urlTemplate":"https:\/\/royalfamily.org\/?s={search_term_string}"},"query-input":{"@type":"PropertyValueSpecification","valueRequired":true,"valueName":"search_term_string"}}],"inLanguage":"sr-LT"},{"@type":"Organization","@id":"https:\/\/royalfamily.org\/#organization","name":"Royal Family","url":"https:\/\/royalfamily.org\/","logo":{"@type":"ImageObject","inLanguage":"sr-LT","@id":"https:\/\/royalfamily.org\/#\/schema\/logo\/image\/","url":"https:\/\/royalfamily.org\/wp-content\/uploads\/2019\/04\/logo-vector-02-V-latinica.png","contentUrl":"https:\/\/royalfamily.org\/wp-content\/uploads\/2019\/04\/logo-vector-02-V-latinica.png","width":552,"height":99,"caption":"Royal Family"},"image":{"@id":"https:\/\/royalfamily.org\/#\/schema\/logo\/image\/"},"sameAs":["https:\/\/www.facebook.com\/Prestolonaslednik.Aleksandar"]},{"@type":"Person","@id":"https:\/\/royalfamily.org\/#\/schema\/person\/4ad3296a6a8a35eed333b6a785e9f648","name":"Stefan Milanovic","image":{"@type":"ImageObject","inLanguage":"sr-LT","@id":"https:\/\/secure.gravatar.com\/avatar\/92dcbdcf3e32112a9ceb1e41665b1f44c69382d014cacfe12c701f6af7c40259?s=96&d=mm&r=g","url":"https:\/\/secure.gravatar.com\/avatar\/92dcbdcf3e32112a9ceb1e41665b1f44c69382d014cacfe12c701f6af7c40259?s=96&d=mm&r=g","contentUrl":"https:\/\/secure.gravatar.com\/avatar\/92dcbdcf3e32112a9ceb1e41665b1f44c69382d014cacfe12c701f6af7c40259?s=96&d=mm&r=g","caption":"Stefan Milanovic"}}]}},"_links":{"self":[{"href":"https:\/\/royalfamily.org\/lat\/wp-json\/wp\/v2\/posts\/28994","targetHints":{"allow":["GET"]}}],"collection":[{"href":"https:\/\/royalfamily.org\/lat\/wp-json\/wp\/v2\/posts"}],"about":[{"href":"https:\/\/royalfamily.org\/lat\/wp-json\/wp\/v2\/types\/post"}],"author":[{"embeddable":true,"href":"https:\/\/royalfamily.org\/lat\/wp-json\/wp\/v2\/users\/1001015"}],"replies":[{"embeddable":true,"href":"https:\/\/royalfamily.org\/lat\/wp-json\/wp\/v2\/comments?post=28994"}],"version-history":[{"count":0,"href":"https:\/\/royalfamily.org\/lat\/wp-json\/wp\/v2\/posts\/28994\/revisions"}],"wp:featuredmedia":[{"embeddable":true,"href":"https:\/\/royalfamily.org\/lat\/wp-json\/wp\/v2\/media\/28991"}],"wp:attachment":[{"href":"https:\/\/royalfamily.org\/lat\/wp-json\/wp\/v2\/media?parent=28994"}],"wp:term":[{"taxonomy":"category","embeddable":true,"href":"https:\/\/royalfamily.org\/lat\/wp-json\/wp\/v2\/categories?post=28994"},{"taxonomy":"post_tag","embeddable":true,"href":"https:\/\/royalfamily.org\/lat\/wp-json\/wp\/v2\/tags?post=28994"}],"curies":[{"name":"wp","href":"https:\/\/api.w.org\/{rel}","templated":true}]}}