{"id":29101,"date":"2016-11-07T10:52:52","date_gmt":"2016-11-07T10:52:52","guid":{"rendered":"https:\/\/royalfamily.org\/secrets-of-the-royal-treasures-king-peter-ii-did-not-steal-serbian-gold-2\/"},"modified":"2016-11-07T10:52:52","modified_gmt":"2016-11-07T10:52:52","slug":"secrets-of-the-royal-treasures-king-peter-ii-did-not-steal-serbian-gold","status":"publish","type":"post","link":"https:\/\/royalfamily.org\/lat\/secrets-of-the-royal-treasures-king-peter-ii-did-not-steal-serbian-gold\/","title":{"rendered":"Knjiga \u201eTajne kraljevskog blaga\u201c: kralj Petar II nije ukrao srpsko zlato"},"content":{"rendered":"<p><strong>Magistar Du\u0161an Babac, \u010dlan Krunskog ve\u0107a \u2013 autor i publicista i Aleksandar Ognjevi\u0107, istori\u010dar vojnog vazduhoplovstva objavili su knjigu \u201eTajne kraljevskog blaga\u201c. <\/strong><\/p>\n<p>Ovo izdanje izdava\u010dke ku\u0107e \u201eEvro Book\u201c daje vrlo precizne odgovore o sudbini zlatnih rezervi Narodne Banke Kraljevine Jugoslavije u vreme Drugog svetskog rata, kao i mnogih drugih vrednih predmeta koji su bili li\u010dno vlasni\u0161tvo \u010dlanova kraljevske porodice. U knjizi su kori\u0161\u0107eni primarni izvori iz arhiva Narodne banke Srbije, kao i mnogi drugi, iz kojih se jasno vidi da kralj Petar II nije uzeo niti potro\u0161io ni jedan jedini gram zlata, \u0161to je ve\u0107 vi\u0161e od 75 godina centralna tema propagande usmerene u prvom redu protiv njega li\u010dno.<\/p>\n<p>\u201eNarodna Banka Kraljevine Jugoslavije je bila akcionarsko dru\u0161tvo, to jest privatna firma. Akcionari su bili fizi\u010dka lica. Federativna Narodna Republika Jugoslavija je zemlja kojoj je posle rata procentualno najve\u0107i deo otetog zlata vra\u0107en, a ona sama je to zlato, nacionalizacijom, otela od akcionara, odnosno pravih vlasnika me\u0111u kojima je bilo i \u010dlanova kraljevske porodice. Naknadna sukcesija zlatnih rezervi SFRJ je tako\u0111e sprovedena nezakonito, jer je njoj morala da prethodi restitucija\u201c, ka\u017ee Du\u0161an Babac.<\/p>\n<p>Knjiga \u201eTajne kraljevskog blaga\u201c argumentovano i precizno razbija mnoge vi\u0161edecenijske mitove i propagandne teze nastale posle 1945. godine.<\/p>\n","protected":false},"excerpt":{"rendered":"<p>Magistar Du\u0161an Babac, \u010dlan Krunskog ve\u0107a \u2013 autor i publicista i Aleksandar Ognjevi\u0107, istori\u010dar vojnog  [&#8230;]<\/p>\n","protected":false},"author":1001015,"featured_media":15691,"comment_status":"closed","ping_status":"closed","sticky":false,"template":"","format":"standard","meta":{"_acf_changed":false,"footnotes":""},"categories":[22],"tags":[],"class_list":["post-29101","post","type-post","status-publish","format-standard","has-post-thumbnail","hentry","category-vesti"],"acf":[],"yoast_head":"<!-- This site is optimized with the Yoast SEO Premium plugin v27.4 (Yoast SEO v27.4) - https:\/\/yoast.com\/product\/yoast-seo-premium-wordpress\/ -->\n<title>Knjiga \u201eTajne kraljevskog blaga\u201c: kralj Petar II nije ukrao srpsko zlato - The Royal Family of Serbia<\/title>\n<meta name=\"description\" content=\"Magistar Du\u0161an Babac, \u010dlan Krunskog ve\u0107a \u2013 autor i publicista i Aleksandar Ognjevi\u0107, istori\u010dar vojnog vazduhoplovstva objavili su knjigu \u201eTajne\" \/>\n<meta name=\"robots\" content=\"index, follow, max-snippet:-1, max-image-preview:large, max-video-preview:-1\" \/>\n<link rel=\"canonical\" href=\"https:\/\/royalfamily.org\/lat\/secrets-of-the-royal-treasures-king-peter-ii-did-not-steal-serbian-gold\/\" \/>\n<meta property=\"og:locale\" content=\"en_US\" \/>\n<meta property=\"og:type\" content=\"article\" \/>\n<meta property=\"og:title\" content=\"Knjiga \u201eTajne kraljevskog blaga\u201c: kralj Petar II nije ukrao srpsko zlato\" \/>\n<meta property=\"og:description\" content=\"Magistar Du\u0161an Babac, \u010dlan Krunskog ve\u0107a \u2013 autor i publicista i Aleksandar Ognjevi\u0107, istori\u010dar vojnog vazduhoplovstva objavili su knjigu \u201eTajne\" \/>\n<meta property=\"og:url\" content=\"https:\/\/royalfamily.org\/lat\/secrets-of-the-royal-treasures-king-peter-ii-did-not-steal-serbian-gold\/\" \/>\n<meta property=\"og:site_name\" content=\"The Royal Family of Serbia\" \/>\n<meta property=\"article:publisher\" content=\"https:\/\/www.facebook.com\/Prestolonaslednik.Aleksandar\" \/>\n<meta property=\"article:published_time\" content=\"2016-11-07T10:52:52+00:00\" \/>\n<meta property=\"og:image\" content=\"https:\/\/royalfamily.org\/wp-content\/uploads\/2013\/10\/Dusan-03.jpg\" \/>\n\t<meta property=\"og:image:width\" content=\"740\" \/>\n\t<meta property=\"og:image:height\" content=\"350\" \/>\n\t<meta property=\"og:image:type\" content=\"image\/jpeg\" \/>\n<meta name=\"author\" content=\"Stefan Milanovic\" \/>\n<meta name=\"twitter:card\" content=\"summary_large_image\" \/>\n<meta name=\"twitter:label1\" content=\"Written by\" \/>\n\t<meta name=\"twitter:data1\" content=\"Stefan Milanovic\" \/>\n\t<meta name=\"twitter:label2\" content=\"Est. reading time\" \/>\n\t<meta name=\"twitter:data2\" content=\"1 minute\" \/>\n<script type=\"application\/ld+json\" class=\"yoast-schema-graph\">{\"@context\":\"https:\\\/\\\/schema.org\",\"@graph\":[{\"@type\":\"Article\",\"@id\":\"https:\\\/\\\/royalfamily.org\\\/lat\\\/secrets-of-the-royal-treasures-king-peter-ii-did-not-steal-serbian-gold\\\/#article\",\"isPartOf\":{\"@id\":\"https:\\\/\\\/royalfamily.org\\\/lat\\\/secrets-of-the-royal-treasures-king-peter-ii-did-not-steal-serbian-gold\\\/\"},\"author\":{\"name\":\"Stefan Milanovic\",\"@id\":\"https:\\\/\\\/royalfamily.org\\\/#\\\/schema\\\/person\\\/4ad3296a6a8a35eed333b6a785e9f648\"},\"headline\":\"Knjiga \u201eTajne kraljevskog blaga\u201c: kralj Petar II nije ukrao srpsko zlato\",\"datePublished\":\"2016-11-07T10:52:52+00:00\",\"mainEntityOfPage\":{\"@id\":\"https:\\\/\\\/royalfamily.org\\\/lat\\\/secrets-of-the-royal-treasures-king-peter-ii-did-not-steal-serbian-gold\\\/\"},\"wordCount\":228,\"publisher\":{\"@id\":\"https:\\\/\\\/royalfamily.org\\\/#organization\"},\"image\":{\"@id\":\"https:\\\/\\\/royalfamily.org\\\/lat\\\/secrets-of-the-royal-treasures-king-peter-ii-did-not-steal-serbian-gold\\\/#primaryimage\"},\"thumbnailUrl\":\"https:\\\/\\\/royalfamily.org\\\/wp-content\\\/uploads\\\/2013\\\/10\\\/Dusan-03.jpg\",\"articleSection\":[\"Vesti\"],\"inLanguage\":\"sr-LT\"},{\"@type\":\"WebPage\",\"@id\":\"https:\\\/\\\/royalfamily.org\\\/lat\\\/secrets-of-the-royal-treasures-king-peter-ii-did-not-steal-serbian-gold\\\/\",\"url\":\"https:\\\/\\\/royalfamily.org\\\/lat\\\/secrets-of-the-royal-treasures-king-peter-ii-did-not-steal-serbian-gold\\\/\",\"name\":\"Knjiga \u201eTajne kraljevskog blaga\u201c: kralj Petar II nije ukrao srpsko zlato - The Royal Family of Serbia\",\"isPartOf\":{\"@id\":\"https:\\\/\\\/royalfamily.org\\\/#website\"},\"primaryImageOfPage\":{\"@id\":\"https:\\\/\\\/royalfamily.org\\\/lat\\\/secrets-of-the-royal-treasures-king-peter-ii-did-not-steal-serbian-gold\\\/#primaryimage\"},\"image\":{\"@id\":\"https:\\\/\\\/royalfamily.org\\\/lat\\\/secrets-of-the-royal-treasures-king-peter-ii-did-not-steal-serbian-gold\\\/#primaryimage\"},\"thumbnailUrl\":\"https:\\\/\\\/royalfamily.org\\\/wp-content\\\/uploads\\\/2013\\\/10\\\/Dusan-03.jpg\",\"datePublished\":\"2016-11-07T10:52:52+00:00\",\"description\":\"Magistar Du\u0161an Babac, \u010dlan Krunskog ve\u0107a \u2013 autor i publicista i Aleksandar Ognjevi\u0107, istori\u010dar vojnog vazduhoplovstva objavili su knjigu \u201eTajne\",\"breadcrumb\":{\"@id\":\"https:\\\/\\\/royalfamily.org\\\/lat\\\/secrets-of-the-royal-treasures-king-peter-ii-did-not-steal-serbian-gold\\\/#breadcrumb\"},\"inLanguage\":\"sr-LT\",\"potentialAction\":[{\"@type\":\"ReadAction\",\"target\":[\"https:\\\/\\\/royalfamily.org\\\/lat\\\/secrets-of-the-royal-treasures-king-peter-ii-did-not-steal-serbian-gold\\\/\"]}]},{\"@type\":\"ImageObject\",\"inLanguage\":\"sr-LT\",\"@id\":\"https:\\\/\\\/royalfamily.org\\\/lat\\\/secrets-of-the-royal-treasures-king-peter-ii-did-not-steal-serbian-gold\\\/#primaryimage\",\"url\":\"https:\\\/\\\/royalfamily.org\\\/wp-content\\\/uploads\\\/2013\\\/10\\\/Dusan-03.jpg\",\"contentUrl\":\"https:\\\/\\\/royalfamily.org\\\/wp-content\\\/uploads\\\/2013\\\/10\\\/Dusan-03.jpg\",\"width\":740,\"height\":350},{\"@type\":\"BreadcrumbList\",\"@id\":\"https:\\\/\\\/royalfamily.org\\\/lat\\\/secrets-of-the-royal-treasures-king-peter-ii-did-not-steal-serbian-gold\\\/#breadcrumb\",\"itemListElement\":[{\"@type\":\"ListItem\",\"position\":1,\"name\":\"Home\",\"item\":\"https:\\\/\\\/royalfamily.org\\\/lat\\\/\"},{\"@type\":\"ListItem\",\"position\":2,\"name\":\"Knjiga \u201eTajne kraljevskog blaga\u201c: kralj Petar II nije ukrao srpsko zlato\"}]},{\"@type\":\"WebSite\",\"@id\":\"https:\\\/\\\/royalfamily.org\\\/#website\",\"url\":\"https:\\\/\\\/royalfamily.org\\\/\",\"name\":\"The Royal Family of Serbia\",\"description\":\"From the people, for the people\",\"publisher\":{\"@id\":\"https:\\\/\\\/royalfamily.org\\\/#organization\"},\"potentialAction\":[{\"@type\":\"SearchAction\",\"target\":{\"@type\":\"EntryPoint\",\"urlTemplate\":\"https:\\\/\\\/royalfamily.org\\\/?s={search_term_string}\"},\"query-input\":{\"@type\":\"PropertyValueSpecification\",\"valueRequired\":true,\"valueName\":\"search_term_string\"}}],\"inLanguage\":\"sr-LT\"},{\"@type\":\"Organization\",\"@id\":\"https:\\\/\\\/royalfamily.org\\\/#organization\",\"name\":\"Royal Family\",\"url\":\"https:\\\/\\\/royalfamily.org\\\/\",\"logo\":{\"@type\":\"ImageObject\",\"inLanguage\":\"sr-LT\",\"@id\":\"https:\\\/\\\/royalfamily.org\\\/#\\\/schema\\\/logo\\\/image\\\/\",\"url\":\"https:\\\/\\\/royalfamily.org\\\/wp-content\\\/uploads\\\/2019\\\/04\\\/logo-vector-02-V-latinica.png\",\"contentUrl\":\"https:\\\/\\\/royalfamily.org\\\/wp-content\\\/uploads\\\/2019\\\/04\\\/logo-vector-02-V-latinica.png\",\"width\":552,\"height\":99,\"caption\":\"Royal Family\"},\"image\":{\"@id\":\"https:\\\/\\\/royalfamily.org\\\/#\\\/schema\\\/logo\\\/image\\\/\"},\"sameAs\":[\"https:\\\/\\\/www.facebook.com\\\/Prestolonaslednik.Aleksandar\"]},{\"@type\":\"Person\",\"@id\":\"https:\\\/\\\/royalfamily.org\\\/#\\\/schema\\\/person\\\/4ad3296a6a8a35eed333b6a785e9f648\",\"name\":\"Stefan Milanovic\",\"image\":{\"@type\":\"ImageObject\",\"inLanguage\":\"sr-LT\",\"@id\":\"https:\\\/\\\/secure.gravatar.com\\\/avatar\\\/92dcbdcf3e32112a9ceb1e41665b1f44c69382d014cacfe12c701f6af7c40259?s=96&d=mm&r=g\",\"url\":\"https:\\\/\\\/secure.gravatar.com\\\/avatar\\\/92dcbdcf3e32112a9ceb1e41665b1f44c69382d014cacfe12c701f6af7c40259?s=96&d=mm&r=g\",\"contentUrl\":\"https:\\\/\\\/secure.gravatar.com\\\/avatar\\\/92dcbdcf3e32112a9ceb1e41665b1f44c69382d014cacfe12c701f6af7c40259?s=96&d=mm&r=g\",\"caption\":\"Stefan Milanovic\"}}]}<\/script>\n<!-- \/ Yoast SEO Premium plugin. -->","yoast_head_json":{"title":"Knjiga \u201eTajne kraljevskog blaga\u201c: kralj Petar II nije ukrao srpsko zlato - The Royal Family of Serbia","description":"Magistar Du\u0161an Babac, \u010dlan Krunskog ve\u0107a \u2013 autor i publicista i Aleksandar Ognjevi\u0107, istori\u010dar vojnog vazduhoplovstva objavili su knjigu \u201eTajne","robots":{"index":"index","follow":"follow","max-snippet":"max-snippet:-1","max-image-preview":"max-image-preview:large","max-video-preview":"max-video-preview:-1"},"canonical":"https:\/\/royalfamily.org\/lat\/secrets-of-the-royal-treasures-king-peter-ii-did-not-steal-serbian-gold\/","og_locale":"en_US","og_type":"article","og_title":"Knjiga \u201eTajne kraljevskog blaga\u201c: kralj Petar II nije ukrao srpsko zlato","og_description":"Magistar Du\u0161an Babac, \u010dlan Krunskog ve\u0107a \u2013 autor i publicista i Aleksandar Ognjevi\u0107, istori\u010dar vojnog vazduhoplovstva objavili su knjigu \u201eTajne","og_url":"https:\/\/royalfamily.org\/lat\/secrets-of-the-royal-treasures-king-peter-ii-did-not-steal-serbian-gold\/","og_site_name":"The Royal Family of Serbia","article_publisher":"https:\/\/www.facebook.com\/Prestolonaslednik.Aleksandar","article_published_time":"2016-11-07T10:52:52+00:00","og_image":[{"width":740,"height":350,"url":"https:\/\/royalfamily.org\/wp-content\/uploads\/2013\/10\/Dusan-03.jpg","type":"image\/jpeg"}],"author":"Stefan Milanovic","twitter_card":"summary_large_image","twitter_misc":{"Written by":"Stefan Milanovic","Est. reading time":"1 minute"},"schema":{"@context":"https:\/\/schema.org","@graph":[{"@type":"Article","@id":"https:\/\/royalfamily.org\/lat\/secrets-of-the-royal-treasures-king-peter-ii-did-not-steal-serbian-gold\/#article","isPartOf":{"@id":"https:\/\/royalfamily.org\/lat\/secrets-of-the-royal-treasures-king-peter-ii-did-not-steal-serbian-gold\/"},"author":{"name":"Stefan Milanovic","@id":"https:\/\/royalfamily.org\/#\/schema\/person\/4ad3296a6a8a35eed333b6a785e9f648"},"headline":"Knjiga \u201eTajne kraljevskog blaga\u201c: kralj Petar II nije ukrao srpsko zlato","datePublished":"2016-11-07T10:52:52+00:00","mainEntityOfPage":{"@id":"https:\/\/royalfamily.org\/lat\/secrets-of-the-royal-treasures-king-peter-ii-did-not-steal-serbian-gold\/"},"wordCount":228,"publisher":{"@id":"https:\/\/royalfamily.org\/#organization"},"image":{"@id":"https:\/\/royalfamily.org\/lat\/secrets-of-the-royal-treasures-king-peter-ii-did-not-steal-serbian-gold\/#primaryimage"},"thumbnailUrl":"https:\/\/royalfamily.org\/wp-content\/uploads\/2013\/10\/Dusan-03.jpg","articleSection":["Vesti"],"inLanguage":"sr-LT"},{"@type":"WebPage","@id":"https:\/\/royalfamily.org\/lat\/secrets-of-the-royal-treasures-king-peter-ii-did-not-steal-serbian-gold\/","url":"https:\/\/royalfamily.org\/lat\/secrets-of-the-royal-treasures-king-peter-ii-did-not-steal-serbian-gold\/","name":"Knjiga \u201eTajne kraljevskog blaga\u201c: kralj Petar II nije ukrao srpsko zlato - The Royal Family of Serbia","isPartOf":{"@id":"https:\/\/royalfamily.org\/#website"},"primaryImageOfPage":{"@id":"https:\/\/royalfamily.org\/lat\/secrets-of-the-royal-treasures-king-peter-ii-did-not-steal-serbian-gold\/#primaryimage"},"image":{"@id":"https:\/\/royalfamily.org\/lat\/secrets-of-the-royal-treasures-king-peter-ii-did-not-steal-serbian-gold\/#primaryimage"},"thumbnailUrl":"https:\/\/royalfamily.org\/wp-content\/uploads\/2013\/10\/Dusan-03.jpg","datePublished":"2016-11-07T10:52:52+00:00","description":"Magistar Du\u0161an Babac, \u010dlan Krunskog ve\u0107a \u2013 autor i publicista i Aleksandar Ognjevi\u0107, istori\u010dar vojnog vazduhoplovstva objavili su knjigu \u201eTajne","breadcrumb":{"@id":"https:\/\/royalfamily.org\/lat\/secrets-of-the-royal-treasures-king-peter-ii-did-not-steal-serbian-gold\/#breadcrumb"},"inLanguage":"sr-LT","potentialAction":[{"@type":"ReadAction","target":["https:\/\/royalfamily.org\/lat\/secrets-of-the-royal-treasures-king-peter-ii-did-not-steal-serbian-gold\/"]}]},{"@type":"ImageObject","inLanguage":"sr-LT","@id":"https:\/\/royalfamily.org\/lat\/secrets-of-the-royal-treasures-king-peter-ii-did-not-steal-serbian-gold\/#primaryimage","url":"https:\/\/royalfamily.org\/wp-content\/uploads\/2013\/10\/Dusan-03.jpg","contentUrl":"https:\/\/royalfamily.org\/wp-content\/uploads\/2013\/10\/Dusan-03.jpg","width":740,"height":350},{"@type":"BreadcrumbList","@id":"https:\/\/royalfamily.org\/lat\/secrets-of-the-royal-treasures-king-peter-ii-did-not-steal-serbian-gold\/#breadcrumb","itemListElement":[{"@type":"ListItem","position":1,"name":"Home","item":"https:\/\/royalfamily.org\/lat\/"},{"@type":"ListItem","position":2,"name":"Knjiga \u201eTajne kraljevskog blaga\u201c: kralj Petar II nije ukrao srpsko zlato"}]},{"@type":"WebSite","@id":"https:\/\/royalfamily.org\/#website","url":"https:\/\/royalfamily.org\/","name":"The Royal Family of Serbia","description":"From the people, for the people","publisher":{"@id":"https:\/\/royalfamily.org\/#organization"},"potentialAction":[{"@type":"SearchAction","target":{"@type":"EntryPoint","urlTemplate":"https:\/\/royalfamily.org\/?s={search_term_string}"},"query-input":{"@type":"PropertyValueSpecification","valueRequired":true,"valueName":"search_term_string"}}],"inLanguage":"sr-LT"},{"@type":"Organization","@id":"https:\/\/royalfamily.org\/#organization","name":"Royal Family","url":"https:\/\/royalfamily.org\/","logo":{"@type":"ImageObject","inLanguage":"sr-LT","@id":"https:\/\/royalfamily.org\/#\/schema\/logo\/image\/","url":"https:\/\/royalfamily.org\/wp-content\/uploads\/2019\/04\/logo-vector-02-V-latinica.png","contentUrl":"https:\/\/royalfamily.org\/wp-content\/uploads\/2019\/04\/logo-vector-02-V-latinica.png","width":552,"height":99,"caption":"Royal Family"},"image":{"@id":"https:\/\/royalfamily.org\/#\/schema\/logo\/image\/"},"sameAs":["https:\/\/www.facebook.com\/Prestolonaslednik.Aleksandar"]},{"@type":"Person","@id":"https:\/\/royalfamily.org\/#\/schema\/person\/4ad3296a6a8a35eed333b6a785e9f648","name":"Stefan Milanovic","image":{"@type":"ImageObject","inLanguage":"sr-LT","@id":"https:\/\/secure.gravatar.com\/avatar\/92dcbdcf3e32112a9ceb1e41665b1f44c69382d014cacfe12c701f6af7c40259?s=96&d=mm&r=g","url":"https:\/\/secure.gravatar.com\/avatar\/92dcbdcf3e32112a9ceb1e41665b1f44c69382d014cacfe12c701f6af7c40259?s=96&d=mm&r=g","contentUrl":"https:\/\/secure.gravatar.com\/avatar\/92dcbdcf3e32112a9ceb1e41665b1f44c69382d014cacfe12c701f6af7c40259?s=96&d=mm&r=g","caption":"Stefan Milanovic"}}]}},"_links":{"self":[{"href":"https:\/\/royalfamily.org\/lat\/wp-json\/wp\/v2\/posts\/29101","targetHints":{"allow":["GET"]}}],"collection":[{"href":"https:\/\/royalfamily.org\/lat\/wp-json\/wp\/v2\/posts"}],"about":[{"href":"https:\/\/royalfamily.org\/lat\/wp-json\/wp\/v2\/types\/post"}],"author":[{"embeddable":true,"href":"https:\/\/royalfamily.org\/lat\/wp-json\/wp\/v2\/users\/1001015"}],"replies":[{"embeddable":true,"href":"https:\/\/royalfamily.org\/lat\/wp-json\/wp\/v2\/comments?post=29101"}],"version-history":[{"count":0,"href":"https:\/\/royalfamily.org\/lat\/wp-json\/wp\/v2\/posts\/29101\/revisions"}],"wp:featuredmedia":[{"embeddable":true,"href":"https:\/\/royalfamily.org\/lat\/wp-json\/wp\/v2\/media\/15691"}],"wp:attachment":[{"href":"https:\/\/royalfamily.org\/lat\/wp-json\/wp\/v2\/media?parent=29101"}],"wp:term":[{"taxonomy":"category","embeddable":true,"href":"https:\/\/royalfamily.org\/lat\/wp-json\/wp\/v2\/categories?post=29101"},{"taxonomy":"post_tag","embeddable":true,"href":"https:\/\/royalfamily.org\/lat\/wp-json\/wp\/v2\/tags?post=29101"}],"curies":[{"name":"wp","href":"https:\/\/api.w.org\/{rel}","templated":true}]}}