{"id":29272,"date":"2016-11-23T09:20:39","date_gmt":"2016-11-23T09:20:39","guid":{"rendered":"https:\/\/royalfamily.org\/crown-princess-katherine-at-unesco-conference-in-athens-promoting-an-inclusive-urban-agenda-for-refugees-and-migrants-2\/"},"modified":"2016-11-23T09:20:39","modified_gmt":"2016-11-23T09:20:39","slug":"crown-princess-katherine-at-unesco-conference-in-athens-promoting-an-inclusive-urban-agenda-for-refugees-and-migrants","status":"publish","type":"post","link":"https:\/\/royalfamily.org\/lat\/crown-princess-katherine-at-unesco-conference-in-athens-promoting-an-inclusive-urban-agenda-for-refugees-and-migrants\/","title":{"rendered":"Princeza Katarina na konferenciji UNESCO u Atini \u201ePromovisanje agende urbane inkluzije za izbeglice i migrante\u201c"},"content":{"rendered":"<p><strong>Princezu Katarinu pozvali su UNESCO, Fondacija Marijane Vardinojanis i Evropska koalicija gradova protiv rasizma (ECCAR) da u\u010destvuje u predstavljanju dostignuc\u0301a na konferenciji sa temom \u201eDobrodo\u0161lica gradova za izbeglice: promovisanje inkluzije i za\u0161tite prava\u201c. Princeza Katarina i njena Fondacija zna\u010dajno su pomogli deci izbeglicama u Gr\u010dkoj, kao i u Srbiji.<\/strong><\/p>\n<p>Princeza Katarina, kao pokrovitelj organizacija Lajflajn Gr\u010dka i Lajflajn Njujork, u junu je odr\u017eala humanitarni doga\u0111aj gde su prikupljana sredstva za pomo\u0107 deci izbeglicama u Gr\u010dkoj.<\/p>\n<p>Konferencija je povezana sa tekuc\u0301im partnerstvom izme\u0111u UNESCO, Fondacije M.V. Vardinojanis i ECCAR, zapo\u010detim u maju pro\u0161le godine. Oslanjajuc\u0301i se na posvec\u0301enost ECCAR anti-rasizmu i kulturi dobrodo\u0161lice, inicijativa o \u201edobrodo\u0161lici gradova za izbeglice\u201c ima za cilj da promovi\u0161e bolje razumevanje o trenutnim trendovima, pristupima, preprekama i izazovima i da osna\u017ei op\u0161tinske vlasti i lokalne samouprave da osmisle i primenjuju planove za urbanu inkluziju izbeglica i migranata.<\/p>\n<p>Konferenciju je svojim prisustvom uveli\u010dao Nj.E. predsednik Republike Gr\u010dke Prokopis Pavlopulos (ven\u010dani kum Dejvida Endrjuza, sina kraljevskog para i kr\u0161teni kum njihovog unuka Aleksandra) u pratnji supruge. Otvaranju su prisustvovali i g-\u0111a Irina Bokova, generalni direktor UNESCO, g-\u0111a Marijana Vardinojanis, ambasador dobre volje UNESCO, g-\u0111a Odeta Ni\u0161ani, prva dama Albanije i g-\u0111a Andri Anastasiadis, prva dama Kipra, kao i mnoge druge zvanice.<\/p>\n<p>Nakon konferencije usledila su dva interaktivna panela koja su uporedila prijem izbeglica i migranata u gr\u010dkim gradovima i u drugim zemljama, uz u\u010de\u0161c\u0301e gradona\u010delnika iz Gr\u010dke (Lezbos i Marusi), visokih funkcionera UN, eksperata i predstavnika civilnog dru\u0161tva. Ovaj deo skupa otvorio je gospodin Janis Muzalas, zamenik ministra za imigracionu i Ejdrijan Klarkson, biv\u0161i guverner Kanade.<\/p>\n<p>Samo na ostrvu Lezbos vi\u0161e od 95.000 izbeglica do\u0161lo je u poslednjih godinu dana, a u Gr\u010dkoj je bilo dana kada je svakodnevno vi\u0161e od 50.000 izbeglica bilo u procesu prelaska. Procenjuje se da u celom svetu danas ima oko 244 miliona izbeglica.<\/p>\n<p><a href=\"https:\/\/royalfamily.org\/wp-content\/uploads\/2016\/11\/PAN_1646.jpg\"><img decoding=\"async\" class=\"alignnone size-thumbnail wp-image-29341\" alt=\"Princeza Katarina i Fani Pali-Petralia, biv\u0161a \u010dlanica gr\u010dkog Parlamenta\" src=\"https:\/\/royalfamily.org\/wp-content\/uploads\/2016\/11\/PAN_1646-170x120.jpg\" width=\"170\" height=\"120\" \/><\/a><\/p>\n","protected":false},"excerpt":{"rendered":"<p>Princezu Katarinu pozvali su UNESCO, Fondacija Marijane Vardinojanis i Evropska koalicija gradova protiv rasizma (ECCAR)  [&#8230;]<\/p>\n","protected":false},"author":1001015,"featured_media":29344,"comment_status":"closed","ping_status":"closed","sticky":false,"template":"","format":"standard","meta":{"_acf_changed":false,"footnotes":""},"categories":[22],"tags":[],"class_list":["post-29272","post","type-post","status-publish","format-standard","has-post-thumbnail","hentry","category-vesti"],"acf":[],"yoast_head":"<!-- This site is optimized with the Yoast SEO Premium plugin v27.4 (Yoast SEO v27.4) - https:\/\/yoast.com\/product\/yoast-seo-premium-wordpress\/ -->\n<title>Princeza Katarina na konferenciji UNESCO u Atini \u201ePromovisanje agende urbane inkluzije za izbeglice i migrante\u201c - The Royal Family of Serbia<\/title>\n<meta name=\"description\" content=\"Princezu Katarinu pozvali su UNESCO, Fondacija Marijane Vardinojanis i Evropska koalicija gradova protiv rasizma (ECCAR) da u\u010destvuje u predstavljanju\" \/>\n<meta name=\"robots\" content=\"index, follow, max-snippet:-1, max-image-preview:large, max-video-preview:-1\" \/>\n<link rel=\"canonical\" href=\"https:\/\/royalfamily.org\/lat\/crown-princess-katherine-at-unesco-conference-in-athens-promoting-an-inclusive-urban-agenda-for-refugees-and-migrants\/\" \/>\n<meta property=\"og:locale\" content=\"en_US\" \/>\n<meta property=\"og:type\" content=\"article\" \/>\n<meta property=\"og:title\" content=\"Princeza Katarina na konferenciji UNESCO u Atini \u201ePromovisanje agende urbane inkluzije za izbeglice i migrante\u201c\" \/>\n<meta property=\"og:description\" content=\"Princezu Katarinu pozvali su UNESCO, Fondacija Marijane Vardinojanis i Evropska koalicija gradova protiv rasizma (ECCAR) da u\u010destvuje u predstavljanju\" \/>\n<meta property=\"og:url\" content=\"https:\/\/royalfamily.org\/lat\/crown-princess-katherine-at-unesco-conference-in-athens-promoting-an-inclusive-urban-agenda-for-refugees-and-migrants\/\" \/>\n<meta property=\"og:site_name\" content=\"The Royal Family of Serbia\" \/>\n<meta property=\"article:publisher\" content=\"https:\/\/www.facebook.com\/Prestolonaslednik.Aleksandar\" \/>\n<meta property=\"article:published_time\" content=\"2016-11-23T09:20:39+00:00\" \/>\n<meta property=\"og:image\" content=\"https:\/\/royalfamily.org\/wp-content\/uploads\/2016\/11\/PAN_0890.jpg\" \/>\n\t<meta property=\"og:image:width\" content=\"740\" \/>\n\t<meta property=\"og:image:height\" content=\"350\" \/>\n\t<meta property=\"og:image:type\" content=\"image\/jpeg\" \/>\n<meta name=\"author\" content=\"Stefan Milanovic\" \/>\n<meta name=\"twitter:card\" content=\"summary_large_image\" \/>\n<meta name=\"twitter:label1\" content=\"Written by\" \/>\n\t<meta name=\"twitter:data1\" content=\"Stefan Milanovic\" \/>\n\t<meta name=\"twitter:label2\" content=\"Est. reading time\" \/>\n\t<meta name=\"twitter:data2\" content=\"2 minutes\" \/>\n<script type=\"application\/ld+json\" class=\"yoast-schema-graph\">{\"@context\":\"https:\\\/\\\/schema.org\",\"@graph\":[{\"@type\":\"Article\",\"@id\":\"https:\\\/\\\/royalfamily.org\\\/lat\\\/crown-princess-katherine-at-unesco-conference-in-athens-promoting-an-inclusive-urban-agenda-for-refugees-and-migrants\\\/#article\",\"isPartOf\":{\"@id\":\"https:\\\/\\\/royalfamily.org\\\/lat\\\/crown-princess-katherine-at-unesco-conference-in-athens-promoting-an-inclusive-urban-agenda-for-refugees-and-migrants\\\/\"},\"author\":{\"name\":\"Stefan Milanovic\",\"@id\":\"https:\\\/\\\/royalfamily.org\\\/#\\\/schema\\\/person\\\/4ad3296a6a8a35eed333b6a785e9f648\"},\"headline\":\"Princeza Katarina na konferenciji UNESCO u Atini \u201ePromovisanje agende urbane inkluzije za izbeglice i migrante\u201c\",\"datePublished\":\"2016-11-23T09:20:39+00:00\",\"mainEntityOfPage\":{\"@id\":\"https:\\\/\\\/royalfamily.org\\\/lat\\\/crown-princess-katherine-at-unesco-conference-in-athens-promoting-an-inclusive-urban-agenda-for-refugees-and-migrants\\\/\"},\"wordCount\":357,\"publisher\":{\"@id\":\"https:\\\/\\\/royalfamily.org\\\/#organization\"},\"image\":{\"@id\":\"https:\\\/\\\/royalfamily.org\\\/lat\\\/crown-princess-katherine-at-unesco-conference-in-athens-promoting-an-inclusive-urban-agenda-for-refugees-and-migrants\\\/#primaryimage\"},\"thumbnailUrl\":\"https:\\\/\\\/royalfamily.org\\\/wp-content\\\/uploads\\\/2016\\\/11\\\/PAN_0890.jpg\",\"articleSection\":[\"Vesti\"],\"inLanguage\":\"sr-LT\"},{\"@type\":\"WebPage\",\"@id\":\"https:\\\/\\\/royalfamily.org\\\/lat\\\/crown-princess-katherine-at-unesco-conference-in-athens-promoting-an-inclusive-urban-agenda-for-refugees-and-migrants\\\/\",\"url\":\"https:\\\/\\\/royalfamily.org\\\/lat\\\/crown-princess-katherine-at-unesco-conference-in-athens-promoting-an-inclusive-urban-agenda-for-refugees-and-migrants\\\/\",\"name\":\"Princeza Katarina na konferenciji UNESCO u Atini \u201ePromovisanje agende urbane inkluzije za izbeglice i migrante\u201c - The Royal Family of Serbia\",\"isPartOf\":{\"@id\":\"https:\\\/\\\/royalfamily.org\\\/#website\"},\"primaryImageOfPage\":{\"@id\":\"https:\\\/\\\/royalfamily.org\\\/lat\\\/crown-princess-katherine-at-unesco-conference-in-athens-promoting-an-inclusive-urban-agenda-for-refugees-and-migrants\\\/#primaryimage\"},\"image\":{\"@id\":\"https:\\\/\\\/royalfamily.org\\\/lat\\\/crown-princess-katherine-at-unesco-conference-in-athens-promoting-an-inclusive-urban-agenda-for-refugees-and-migrants\\\/#primaryimage\"},\"thumbnailUrl\":\"https:\\\/\\\/royalfamily.org\\\/wp-content\\\/uploads\\\/2016\\\/11\\\/PAN_0890.jpg\",\"datePublished\":\"2016-11-23T09:20:39+00:00\",\"description\":\"Princezu Katarinu pozvali su UNESCO, Fondacija Marijane Vardinojanis i Evropska koalicija gradova protiv rasizma (ECCAR) da u\u010destvuje u predstavljanju\",\"breadcrumb\":{\"@id\":\"https:\\\/\\\/royalfamily.org\\\/lat\\\/crown-princess-katherine-at-unesco-conference-in-athens-promoting-an-inclusive-urban-agenda-for-refugees-and-migrants\\\/#breadcrumb\"},\"inLanguage\":\"sr-LT\",\"potentialAction\":[{\"@type\":\"ReadAction\",\"target\":[\"https:\\\/\\\/royalfamily.org\\\/lat\\\/crown-princess-katherine-at-unesco-conference-in-athens-promoting-an-inclusive-urban-agenda-for-refugees-and-migrants\\\/\"]}]},{\"@type\":\"ImageObject\",\"inLanguage\":\"sr-LT\",\"@id\":\"https:\\\/\\\/royalfamily.org\\\/lat\\\/crown-princess-katherine-at-unesco-conference-in-athens-promoting-an-inclusive-urban-agenda-for-refugees-and-migrants\\\/#primaryimage\",\"url\":\"https:\\\/\\\/royalfamily.org\\\/wp-content\\\/uploads\\\/2016\\\/11\\\/PAN_0890.jpg\",\"contentUrl\":\"https:\\\/\\\/royalfamily.org\\\/wp-content\\\/uploads\\\/2016\\\/11\\\/PAN_0890.jpg\",\"width\":740,\"height\":350},{\"@type\":\"BreadcrumbList\",\"@id\":\"https:\\\/\\\/royalfamily.org\\\/lat\\\/crown-princess-katherine-at-unesco-conference-in-athens-promoting-an-inclusive-urban-agenda-for-refugees-and-migrants\\\/#breadcrumb\",\"itemListElement\":[{\"@type\":\"ListItem\",\"position\":1,\"name\":\"Home\",\"item\":\"https:\\\/\\\/royalfamily.org\\\/lat\\\/\"},{\"@type\":\"ListItem\",\"position\":2,\"name\":\"Princeza Katarina na konferenciji UNESCO u Atini \u201ePromovisanje agende urbane inkluzije za izbeglice i migrante\u201c\"}]},{\"@type\":\"WebSite\",\"@id\":\"https:\\\/\\\/royalfamily.org\\\/#website\",\"url\":\"https:\\\/\\\/royalfamily.org\\\/\",\"name\":\"The Royal Family of Serbia\",\"description\":\"From the people, for the people\",\"publisher\":{\"@id\":\"https:\\\/\\\/royalfamily.org\\\/#organization\"},\"potentialAction\":[{\"@type\":\"SearchAction\",\"target\":{\"@type\":\"EntryPoint\",\"urlTemplate\":\"https:\\\/\\\/royalfamily.org\\\/?s={search_term_string}\"},\"query-input\":{\"@type\":\"PropertyValueSpecification\",\"valueRequired\":true,\"valueName\":\"search_term_string\"}}],\"inLanguage\":\"sr-LT\"},{\"@type\":\"Organization\",\"@id\":\"https:\\\/\\\/royalfamily.org\\\/#organization\",\"name\":\"Royal Family\",\"url\":\"https:\\\/\\\/royalfamily.org\\\/\",\"logo\":{\"@type\":\"ImageObject\",\"inLanguage\":\"sr-LT\",\"@id\":\"https:\\\/\\\/royalfamily.org\\\/#\\\/schema\\\/logo\\\/image\\\/\",\"url\":\"https:\\\/\\\/royalfamily.org\\\/wp-content\\\/uploads\\\/2019\\\/04\\\/logo-vector-02-V-latinica.png\",\"contentUrl\":\"https:\\\/\\\/royalfamily.org\\\/wp-content\\\/uploads\\\/2019\\\/04\\\/logo-vector-02-V-latinica.png\",\"width\":552,\"height\":99,\"caption\":\"Royal Family\"},\"image\":{\"@id\":\"https:\\\/\\\/royalfamily.org\\\/#\\\/schema\\\/logo\\\/image\\\/\"},\"sameAs\":[\"https:\\\/\\\/www.facebook.com\\\/Prestolonaslednik.Aleksandar\"]},{\"@type\":\"Person\",\"@id\":\"https:\\\/\\\/royalfamily.org\\\/#\\\/schema\\\/person\\\/4ad3296a6a8a35eed333b6a785e9f648\",\"name\":\"Stefan Milanovic\",\"image\":{\"@type\":\"ImageObject\",\"inLanguage\":\"sr-LT\",\"@id\":\"https:\\\/\\\/secure.gravatar.com\\\/avatar\\\/92dcbdcf3e32112a9ceb1e41665b1f44c69382d014cacfe12c701f6af7c40259?s=96&d=mm&r=g\",\"url\":\"https:\\\/\\\/secure.gravatar.com\\\/avatar\\\/92dcbdcf3e32112a9ceb1e41665b1f44c69382d014cacfe12c701f6af7c40259?s=96&d=mm&r=g\",\"contentUrl\":\"https:\\\/\\\/secure.gravatar.com\\\/avatar\\\/92dcbdcf3e32112a9ceb1e41665b1f44c69382d014cacfe12c701f6af7c40259?s=96&d=mm&r=g\",\"caption\":\"Stefan Milanovic\"}}]}<\/script>\n<!-- \/ Yoast SEO Premium plugin. -->","yoast_head_json":{"title":"Princeza Katarina na konferenciji UNESCO u Atini \u201ePromovisanje agende urbane inkluzije za izbeglice i migrante\u201c - The Royal Family of Serbia","description":"Princezu Katarinu pozvali su UNESCO, Fondacija Marijane Vardinojanis i Evropska koalicija gradova protiv rasizma (ECCAR) da u\u010destvuje u predstavljanju","robots":{"index":"index","follow":"follow","max-snippet":"max-snippet:-1","max-image-preview":"max-image-preview:large","max-video-preview":"max-video-preview:-1"},"canonical":"https:\/\/royalfamily.org\/lat\/crown-princess-katherine-at-unesco-conference-in-athens-promoting-an-inclusive-urban-agenda-for-refugees-and-migrants\/","og_locale":"en_US","og_type":"article","og_title":"Princeza Katarina na konferenciji UNESCO u Atini \u201ePromovisanje agende urbane inkluzije za izbeglice i migrante\u201c","og_description":"Princezu Katarinu pozvali su UNESCO, Fondacija Marijane Vardinojanis i Evropska koalicija gradova protiv rasizma (ECCAR) da u\u010destvuje u predstavljanju","og_url":"https:\/\/royalfamily.org\/lat\/crown-princess-katherine-at-unesco-conference-in-athens-promoting-an-inclusive-urban-agenda-for-refugees-and-migrants\/","og_site_name":"The Royal Family of Serbia","article_publisher":"https:\/\/www.facebook.com\/Prestolonaslednik.Aleksandar","article_published_time":"2016-11-23T09:20:39+00:00","og_image":[{"width":740,"height":350,"url":"https:\/\/royalfamily.org\/wp-content\/uploads\/2016\/11\/PAN_0890.jpg","type":"image\/jpeg"}],"author":"Stefan Milanovic","twitter_card":"summary_large_image","twitter_misc":{"Written by":"Stefan Milanovic","Est. reading time":"2 minutes"},"schema":{"@context":"https:\/\/schema.org","@graph":[{"@type":"Article","@id":"https:\/\/royalfamily.org\/lat\/crown-princess-katherine-at-unesco-conference-in-athens-promoting-an-inclusive-urban-agenda-for-refugees-and-migrants\/#article","isPartOf":{"@id":"https:\/\/royalfamily.org\/lat\/crown-princess-katherine-at-unesco-conference-in-athens-promoting-an-inclusive-urban-agenda-for-refugees-and-migrants\/"},"author":{"name":"Stefan Milanovic","@id":"https:\/\/royalfamily.org\/#\/schema\/person\/4ad3296a6a8a35eed333b6a785e9f648"},"headline":"Princeza Katarina na konferenciji UNESCO u Atini \u201ePromovisanje agende urbane inkluzije za izbeglice i migrante\u201c","datePublished":"2016-11-23T09:20:39+00:00","mainEntityOfPage":{"@id":"https:\/\/royalfamily.org\/lat\/crown-princess-katherine-at-unesco-conference-in-athens-promoting-an-inclusive-urban-agenda-for-refugees-and-migrants\/"},"wordCount":357,"publisher":{"@id":"https:\/\/royalfamily.org\/#organization"},"image":{"@id":"https:\/\/royalfamily.org\/lat\/crown-princess-katherine-at-unesco-conference-in-athens-promoting-an-inclusive-urban-agenda-for-refugees-and-migrants\/#primaryimage"},"thumbnailUrl":"https:\/\/royalfamily.org\/wp-content\/uploads\/2016\/11\/PAN_0890.jpg","articleSection":["Vesti"],"inLanguage":"sr-LT"},{"@type":"WebPage","@id":"https:\/\/royalfamily.org\/lat\/crown-princess-katherine-at-unesco-conference-in-athens-promoting-an-inclusive-urban-agenda-for-refugees-and-migrants\/","url":"https:\/\/royalfamily.org\/lat\/crown-princess-katherine-at-unesco-conference-in-athens-promoting-an-inclusive-urban-agenda-for-refugees-and-migrants\/","name":"Princeza Katarina na konferenciji UNESCO u Atini \u201ePromovisanje agende urbane inkluzije za izbeglice i migrante\u201c - The Royal Family of Serbia","isPartOf":{"@id":"https:\/\/royalfamily.org\/#website"},"primaryImageOfPage":{"@id":"https:\/\/royalfamily.org\/lat\/crown-princess-katherine-at-unesco-conference-in-athens-promoting-an-inclusive-urban-agenda-for-refugees-and-migrants\/#primaryimage"},"image":{"@id":"https:\/\/royalfamily.org\/lat\/crown-princess-katherine-at-unesco-conference-in-athens-promoting-an-inclusive-urban-agenda-for-refugees-and-migrants\/#primaryimage"},"thumbnailUrl":"https:\/\/royalfamily.org\/wp-content\/uploads\/2016\/11\/PAN_0890.jpg","datePublished":"2016-11-23T09:20:39+00:00","description":"Princezu Katarinu pozvali su UNESCO, Fondacija Marijane Vardinojanis i Evropska koalicija gradova protiv rasizma (ECCAR) da u\u010destvuje u predstavljanju","breadcrumb":{"@id":"https:\/\/royalfamily.org\/lat\/crown-princess-katherine-at-unesco-conference-in-athens-promoting-an-inclusive-urban-agenda-for-refugees-and-migrants\/#breadcrumb"},"inLanguage":"sr-LT","potentialAction":[{"@type":"ReadAction","target":["https:\/\/royalfamily.org\/lat\/crown-princess-katherine-at-unesco-conference-in-athens-promoting-an-inclusive-urban-agenda-for-refugees-and-migrants\/"]}]},{"@type":"ImageObject","inLanguage":"sr-LT","@id":"https:\/\/royalfamily.org\/lat\/crown-princess-katherine-at-unesco-conference-in-athens-promoting-an-inclusive-urban-agenda-for-refugees-and-migrants\/#primaryimage","url":"https:\/\/royalfamily.org\/wp-content\/uploads\/2016\/11\/PAN_0890.jpg","contentUrl":"https:\/\/royalfamily.org\/wp-content\/uploads\/2016\/11\/PAN_0890.jpg","width":740,"height":350},{"@type":"BreadcrumbList","@id":"https:\/\/royalfamily.org\/lat\/crown-princess-katherine-at-unesco-conference-in-athens-promoting-an-inclusive-urban-agenda-for-refugees-and-migrants\/#breadcrumb","itemListElement":[{"@type":"ListItem","position":1,"name":"Home","item":"https:\/\/royalfamily.org\/lat\/"},{"@type":"ListItem","position":2,"name":"Princeza Katarina na konferenciji UNESCO u Atini \u201ePromovisanje agende urbane inkluzije za izbeglice i migrante\u201c"}]},{"@type":"WebSite","@id":"https:\/\/royalfamily.org\/#website","url":"https:\/\/royalfamily.org\/","name":"The Royal Family of Serbia","description":"From the people, for the people","publisher":{"@id":"https:\/\/royalfamily.org\/#organization"},"potentialAction":[{"@type":"SearchAction","target":{"@type":"EntryPoint","urlTemplate":"https:\/\/royalfamily.org\/?s={search_term_string}"},"query-input":{"@type":"PropertyValueSpecification","valueRequired":true,"valueName":"search_term_string"}}],"inLanguage":"sr-LT"},{"@type":"Organization","@id":"https:\/\/royalfamily.org\/#organization","name":"Royal Family","url":"https:\/\/royalfamily.org\/","logo":{"@type":"ImageObject","inLanguage":"sr-LT","@id":"https:\/\/royalfamily.org\/#\/schema\/logo\/image\/","url":"https:\/\/royalfamily.org\/wp-content\/uploads\/2019\/04\/logo-vector-02-V-latinica.png","contentUrl":"https:\/\/royalfamily.org\/wp-content\/uploads\/2019\/04\/logo-vector-02-V-latinica.png","width":552,"height":99,"caption":"Royal Family"},"image":{"@id":"https:\/\/royalfamily.org\/#\/schema\/logo\/image\/"},"sameAs":["https:\/\/www.facebook.com\/Prestolonaslednik.Aleksandar"]},{"@type":"Person","@id":"https:\/\/royalfamily.org\/#\/schema\/person\/4ad3296a6a8a35eed333b6a785e9f648","name":"Stefan Milanovic","image":{"@type":"ImageObject","inLanguage":"sr-LT","@id":"https:\/\/secure.gravatar.com\/avatar\/92dcbdcf3e32112a9ceb1e41665b1f44c69382d014cacfe12c701f6af7c40259?s=96&d=mm&r=g","url":"https:\/\/secure.gravatar.com\/avatar\/92dcbdcf3e32112a9ceb1e41665b1f44c69382d014cacfe12c701f6af7c40259?s=96&d=mm&r=g","contentUrl":"https:\/\/secure.gravatar.com\/avatar\/92dcbdcf3e32112a9ceb1e41665b1f44c69382d014cacfe12c701f6af7c40259?s=96&d=mm&r=g","caption":"Stefan Milanovic"}}]}},"_links":{"self":[{"href":"https:\/\/royalfamily.org\/lat\/wp-json\/wp\/v2\/posts\/29272","targetHints":{"allow":["GET"]}}],"collection":[{"href":"https:\/\/royalfamily.org\/lat\/wp-json\/wp\/v2\/posts"}],"about":[{"href":"https:\/\/royalfamily.org\/lat\/wp-json\/wp\/v2\/types\/post"}],"author":[{"embeddable":true,"href":"https:\/\/royalfamily.org\/lat\/wp-json\/wp\/v2\/users\/1001015"}],"replies":[{"embeddable":true,"href":"https:\/\/royalfamily.org\/lat\/wp-json\/wp\/v2\/comments?post=29272"}],"version-history":[{"count":0,"href":"https:\/\/royalfamily.org\/lat\/wp-json\/wp\/v2\/posts\/29272\/revisions"}],"wp:featuredmedia":[{"embeddable":true,"href":"https:\/\/royalfamily.org\/lat\/wp-json\/wp\/v2\/media\/29344"}],"wp:attachment":[{"href":"https:\/\/royalfamily.org\/lat\/wp-json\/wp\/v2\/media?parent=29272"}],"wp:term":[{"taxonomy":"category","embeddable":true,"href":"https:\/\/royalfamily.org\/lat\/wp-json\/wp\/v2\/categories?post=29272"},{"taxonomy":"post_tag","embeddable":true,"href":"https:\/\/royalfamily.org\/lat\/wp-json\/wp\/v2\/tags?post=29272"}],"curies":[{"name":"wp","href":"https:\/\/api.w.org\/{rel}","templated":true}]}}