{"id":29287,"date":"2016-11-24T07:57:39","date_gmt":"2016-11-24T07:57:39","guid":{"rendered":"https:\/\/royalfamily.org\/crown-prince-alexander-at-military-museum-gallery-exhibition-opening-2\/"},"modified":"2016-11-24T07:57:39","modified_gmt":"2016-11-24T07:57:39","slug":"crown-prince-alexander-at-military-museum-gallery-exhibition-opening","status":"publish","type":"post","link":"https:\/\/royalfamily.org\/lat\/crown-prince-alexander-at-military-museum-gallery-exhibition-opening\/","title":{"rendered":"Prestolonaslednik Aleksandar na otvaranju izlo\u017ebe u Galeriji Vojnog muzeja"},"content":{"rendered":"<p><b>\u201eAlbum se\u0107anja na na\u0161e pretke iz Prvog svetskog rata\u201c<\/b><\/p>\n<p>Prestolonaslednik Aleksandar bio je gost na otvaranju izlo\u017ebe fotografija \u201eAlbum se\u0107anja na na\u0161e pretke iz Prvog svetskog rata\u201c\u00a0 koja prikazuje fotografije, ratne dnevnike, vojni\u010dka pisma, dopisne karte, spomenice i ostalu istoriografsku gra\u0111u u\u010desnika Prvog svetskog rata. U pitanju su jedinstvena svedo\u010danstva o ratnim avanturama i stradanjima srpskog vojnika u ratnim\u00a0 godinama.<\/p>\n<p>Izlo\u017eba \u201eAlbum se\u0107anja na na\u0161e pretke iz Prvog svetskog rata\u201d rezultat je \u017eelje da se danas, sto godine kasnije, oda du\u017ena po\u010dast tom malom \u010doveku iz Velikog rata i da se njegovo veliko \u017ertvovanje za pravdu, istinu, slobodu i \u010dove\u010danstvo ne izbri\u0161e iz na\u0161eg, civilizacijskog pam\u0107enja, ve\u0107 postane kulturna ba\u0161tina.<\/p>\n<p>Projekat Album se\u0107anja realizivan je sa blagoslovom Njegove Svetosti Patrijarha Srpskog g. Irineja i sa blagoslovom Njegove svetosti Patrijarha moskovskog i cele Rusije g. Kirila.<\/p>\n<p><a href=\"https:\/\/royalfamily.org\/wp-content\/uploads\/2016\/11\/IMG_9421m.jpg\"><img decoding=\"async\" class=\"alignnone size-thumbnail wp-image-29279\" alt=\"Prestolonaslednik Aleksandar na otvaranju izlo\u017ebe u Vojnom muzeju \" src=\"https:\/\/royalfamily.org\/wp-content\/uploads\/2016\/11\/IMG_9421m-170x120.jpg\" width=\"170\" height=\"120\" \/><\/a><\/p>\n","protected":false},"excerpt":{"rendered":"<p>\u201eAlbum se\u0107anja na na\u0161e pretke iz Prvog svetskog rata\u201c Prestolonaslednik Aleksandar bio je gost na  [&#8230;]<\/p>\n","protected":false},"author":1001015,"featured_media":29284,"comment_status":"closed","ping_status":"closed","sticky":false,"template":"","format":"standard","meta":{"_acf_changed":false,"footnotes":""},"categories":[22],"tags":[],"class_list":["post-29287","post","type-post","status-publish","format-standard","has-post-thumbnail","hentry","category-vesti"],"acf":[],"yoast_head":"<!-- This site is optimized with the Yoast SEO Premium plugin v27.4 (Yoast SEO v27.4) - https:\/\/yoast.com\/product\/yoast-seo-premium-wordpress\/ -->\n<title>Prestolonaslednik Aleksandar na otvaranju izlo\u017ebe u Galeriji Vojnog muzeja - The Royal Family of Serbia<\/title>\n<meta name=\"description\" content=\"\u201eAlbum se\u0107anja na na\u0161e pretke iz Prvog svetskog rata\u201c Prestolonaslednik Aleksandar bio je gost na otvaranju izlo\u017ebe fotografija \u201eAlbum se\u0107anja na na\u0161e\" \/>\n<meta name=\"robots\" content=\"index, follow, max-snippet:-1, max-image-preview:large, max-video-preview:-1\" \/>\n<link rel=\"canonical\" href=\"https:\/\/royalfamily.org\/lat\/crown-prince-alexander-at-military-museum-gallery-exhibition-opening\/\" \/>\n<meta property=\"og:locale\" content=\"en_US\" \/>\n<meta property=\"og:type\" content=\"article\" \/>\n<meta property=\"og:title\" content=\"Prestolonaslednik Aleksandar na otvaranju izlo\u017ebe u Galeriji Vojnog muzeja\" \/>\n<meta property=\"og:description\" content=\"\u201eAlbum se\u0107anja na na\u0161e pretke iz Prvog svetskog rata\u201c Prestolonaslednik Aleksandar bio je gost na otvaranju izlo\u017ebe fotografija \u201eAlbum se\u0107anja na na\u0161e\" \/>\n<meta property=\"og:url\" content=\"https:\/\/royalfamily.org\/lat\/crown-prince-alexander-at-military-museum-gallery-exhibition-opening\/\" \/>\n<meta property=\"og:site_name\" content=\"The Royal Family of Serbia\" \/>\n<meta property=\"article:publisher\" content=\"https:\/\/www.facebook.com\/Prestolonaslednik.Aleksandar\" \/>\n<meta property=\"article:published_time\" content=\"2016-11-24T07:57:39+00:00\" \/>\n<meta property=\"og:image\" content=\"https:\/\/royalfamily.org\/wp-content\/uploads\/2016\/11\/IMG_9519m.jpg\" \/>\n\t<meta property=\"og:image:width\" content=\"740\" \/>\n\t<meta property=\"og:image:height\" content=\"350\" \/>\n\t<meta property=\"og:image:type\" content=\"image\/jpeg\" \/>\n<meta name=\"author\" content=\"Stefan Milanovic\" \/>\n<meta name=\"twitter:card\" content=\"summary_large_image\" \/>\n<meta name=\"twitter:label1\" content=\"Written by\" \/>\n\t<meta name=\"twitter:data1\" content=\"Stefan Milanovic\" \/>\n\t<meta name=\"twitter:label2\" content=\"Est. reading time\" \/>\n\t<meta name=\"twitter:data2\" content=\"1 minute\" \/>\n<script type=\"application\/ld+json\" class=\"yoast-schema-graph\">{\"@context\":\"https:\\\/\\\/schema.org\",\"@graph\":[{\"@type\":\"Article\",\"@id\":\"https:\\\/\\\/royalfamily.org\\\/lat\\\/crown-prince-alexander-at-military-museum-gallery-exhibition-opening\\\/#article\",\"isPartOf\":{\"@id\":\"https:\\\/\\\/royalfamily.org\\\/lat\\\/crown-prince-alexander-at-military-museum-gallery-exhibition-opening\\\/\"},\"author\":{\"name\":\"Stefan Milanovic\",\"@id\":\"https:\\\/\\\/royalfamily.org\\\/#\\\/schema\\\/person\\\/4ad3296a6a8a35eed333b6a785e9f648\"},\"headline\":\"Prestolonaslednik Aleksandar na otvaranju izlo\u017ebe u Galeriji Vojnog muzeja\",\"datePublished\":\"2016-11-24T07:57:39+00:00\",\"mainEntityOfPage\":{\"@id\":\"https:\\\/\\\/royalfamily.org\\\/lat\\\/crown-prince-alexander-at-military-museum-gallery-exhibition-opening\\\/\"},\"wordCount\":165,\"publisher\":{\"@id\":\"https:\\\/\\\/royalfamily.org\\\/#organization\"},\"image\":{\"@id\":\"https:\\\/\\\/royalfamily.org\\\/lat\\\/crown-prince-alexander-at-military-museum-gallery-exhibition-opening\\\/#primaryimage\"},\"thumbnailUrl\":\"https:\\\/\\\/royalfamily.org\\\/wp-content\\\/uploads\\\/2016\\\/11\\\/IMG_9519m.jpg\",\"articleSection\":[\"Vesti\"],\"inLanguage\":\"sr-LT\"},{\"@type\":\"WebPage\",\"@id\":\"https:\\\/\\\/royalfamily.org\\\/lat\\\/crown-prince-alexander-at-military-museum-gallery-exhibition-opening\\\/\",\"url\":\"https:\\\/\\\/royalfamily.org\\\/lat\\\/crown-prince-alexander-at-military-museum-gallery-exhibition-opening\\\/\",\"name\":\"Prestolonaslednik Aleksandar na otvaranju izlo\u017ebe u Galeriji Vojnog muzeja - The Royal Family of Serbia\",\"isPartOf\":{\"@id\":\"https:\\\/\\\/royalfamily.org\\\/#website\"},\"primaryImageOfPage\":{\"@id\":\"https:\\\/\\\/royalfamily.org\\\/lat\\\/crown-prince-alexander-at-military-museum-gallery-exhibition-opening\\\/#primaryimage\"},\"image\":{\"@id\":\"https:\\\/\\\/royalfamily.org\\\/lat\\\/crown-prince-alexander-at-military-museum-gallery-exhibition-opening\\\/#primaryimage\"},\"thumbnailUrl\":\"https:\\\/\\\/royalfamily.org\\\/wp-content\\\/uploads\\\/2016\\\/11\\\/IMG_9519m.jpg\",\"datePublished\":\"2016-11-24T07:57:39+00:00\",\"description\":\"\u201eAlbum se\u0107anja na na\u0161e pretke iz Prvog svetskog rata\u201c Prestolonaslednik Aleksandar bio je gost na otvaranju izlo\u017ebe fotografija \u201eAlbum se\u0107anja na na\u0161e\",\"breadcrumb\":{\"@id\":\"https:\\\/\\\/royalfamily.org\\\/lat\\\/crown-prince-alexander-at-military-museum-gallery-exhibition-opening\\\/#breadcrumb\"},\"inLanguage\":\"sr-LT\",\"potentialAction\":[{\"@type\":\"ReadAction\",\"target\":[\"https:\\\/\\\/royalfamily.org\\\/lat\\\/crown-prince-alexander-at-military-museum-gallery-exhibition-opening\\\/\"]}]},{\"@type\":\"ImageObject\",\"inLanguage\":\"sr-LT\",\"@id\":\"https:\\\/\\\/royalfamily.org\\\/lat\\\/crown-prince-alexander-at-military-museum-gallery-exhibition-opening\\\/#primaryimage\",\"url\":\"https:\\\/\\\/royalfamily.org\\\/wp-content\\\/uploads\\\/2016\\\/11\\\/IMG_9519m.jpg\",\"contentUrl\":\"https:\\\/\\\/royalfamily.org\\\/wp-content\\\/uploads\\\/2016\\\/11\\\/IMG_9519m.jpg\",\"width\":740,\"height\":350},{\"@type\":\"BreadcrumbList\",\"@id\":\"https:\\\/\\\/royalfamily.org\\\/lat\\\/crown-prince-alexander-at-military-museum-gallery-exhibition-opening\\\/#breadcrumb\",\"itemListElement\":[{\"@type\":\"ListItem\",\"position\":1,\"name\":\"Home\",\"item\":\"https:\\\/\\\/royalfamily.org\\\/lat\\\/\"},{\"@type\":\"ListItem\",\"position\":2,\"name\":\"Prestolonaslednik Aleksandar na otvaranju izlo\u017ebe u Galeriji Vojnog muzeja\"}]},{\"@type\":\"WebSite\",\"@id\":\"https:\\\/\\\/royalfamily.org\\\/#website\",\"url\":\"https:\\\/\\\/royalfamily.org\\\/\",\"name\":\"The Royal Family of Serbia\",\"description\":\"From the people, for the people\",\"publisher\":{\"@id\":\"https:\\\/\\\/royalfamily.org\\\/#organization\"},\"potentialAction\":[{\"@type\":\"SearchAction\",\"target\":{\"@type\":\"EntryPoint\",\"urlTemplate\":\"https:\\\/\\\/royalfamily.org\\\/?s={search_term_string}\"},\"query-input\":{\"@type\":\"PropertyValueSpecification\",\"valueRequired\":true,\"valueName\":\"search_term_string\"}}],\"inLanguage\":\"sr-LT\"},{\"@type\":\"Organization\",\"@id\":\"https:\\\/\\\/royalfamily.org\\\/#organization\",\"name\":\"Royal Family\",\"url\":\"https:\\\/\\\/royalfamily.org\\\/\",\"logo\":{\"@type\":\"ImageObject\",\"inLanguage\":\"sr-LT\",\"@id\":\"https:\\\/\\\/royalfamily.org\\\/#\\\/schema\\\/logo\\\/image\\\/\",\"url\":\"https:\\\/\\\/royalfamily.org\\\/wp-content\\\/uploads\\\/2019\\\/04\\\/logo-vector-02-V-latinica.png\",\"contentUrl\":\"https:\\\/\\\/royalfamily.org\\\/wp-content\\\/uploads\\\/2019\\\/04\\\/logo-vector-02-V-latinica.png\",\"width\":552,\"height\":99,\"caption\":\"Royal Family\"},\"image\":{\"@id\":\"https:\\\/\\\/royalfamily.org\\\/#\\\/schema\\\/logo\\\/image\\\/\"},\"sameAs\":[\"https:\\\/\\\/www.facebook.com\\\/Prestolonaslednik.Aleksandar\"]},{\"@type\":\"Person\",\"@id\":\"https:\\\/\\\/royalfamily.org\\\/#\\\/schema\\\/person\\\/4ad3296a6a8a35eed333b6a785e9f648\",\"name\":\"Stefan Milanovic\",\"image\":{\"@type\":\"ImageObject\",\"inLanguage\":\"sr-LT\",\"@id\":\"https:\\\/\\\/secure.gravatar.com\\\/avatar\\\/92dcbdcf3e32112a9ceb1e41665b1f44c69382d014cacfe12c701f6af7c40259?s=96&d=mm&r=g\",\"url\":\"https:\\\/\\\/secure.gravatar.com\\\/avatar\\\/92dcbdcf3e32112a9ceb1e41665b1f44c69382d014cacfe12c701f6af7c40259?s=96&d=mm&r=g\",\"contentUrl\":\"https:\\\/\\\/secure.gravatar.com\\\/avatar\\\/92dcbdcf3e32112a9ceb1e41665b1f44c69382d014cacfe12c701f6af7c40259?s=96&d=mm&r=g\",\"caption\":\"Stefan Milanovic\"}}]}<\/script>\n<!-- \/ Yoast SEO Premium plugin. -->","yoast_head_json":{"title":"Prestolonaslednik Aleksandar na otvaranju izlo\u017ebe u Galeriji Vojnog muzeja - The Royal Family of Serbia","description":"\u201eAlbum se\u0107anja na na\u0161e pretke iz Prvog svetskog rata\u201c Prestolonaslednik Aleksandar bio je gost na otvaranju izlo\u017ebe fotografija \u201eAlbum se\u0107anja na na\u0161e","robots":{"index":"index","follow":"follow","max-snippet":"max-snippet:-1","max-image-preview":"max-image-preview:large","max-video-preview":"max-video-preview:-1"},"canonical":"https:\/\/royalfamily.org\/lat\/crown-prince-alexander-at-military-museum-gallery-exhibition-opening\/","og_locale":"en_US","og_type":"article","og_title":"Prestolonaslednik Aleksandar na otvaranju izlo\u017ebe u Galeriji Vojnog muzeja","og_description":"\u201eAlbum se\u0107anja na na\u0161e pretke iz Prvog svetskog rata\u201c Prestolonaslednik Aleksandar bio je gost na otvaranju izlo\u017ebe fotografija \u201eAlbum se\u0107anja na na\u0161e","og_url":"https:\/\/royalfamily.org\/lat\/crown-prince-alexander-at-military-museum-gallery-exhibition-opening\/","og_site_name":"The Royal Family of Serbia","article_publisher":"https:\/\/www.facebook.com\/Prestolonaslednik.Aleksandar","article_published_time":"2016-11-24T07:57:39+00:00","og_image":[{"width":740,"height":350,"url":"https:\/\/royalfamily.org\/wp-content\/uploads\/2016\/11\/IMG_9519m.jpg","type":"image\/jpeg"}],"author":"Stefan Milanovic","twitter_card":"summary_large_image","twitter_misc":{"Written by":"Stefan Milanovic","Est. reading time":"1 minute"},"schema":{"@context":"https:\/\/schema.org","@graph":[{"@type":"Article","@id":"https:\/\/royalfamily.org\/lat\/crown-prince-alexander-at-military-museum-gallery-exhibition-opening\/#article","isPartOf":{"@id":"https:\/\/royalfamily.org\/lat\/crown-prince-alexander-at-military-museum-gallery-exhibition-opening\/"},"author":{"name":"Stefan Milanovic","@id":"https:\/\/royalfamily.org\/#\/schema\/person\/4ad3296a6a8a35eed333b6a785e9f648"},"headline":"Prestolonaslednik Aleksandar na otvaranju izlo\u017ebe u Galeriji Vojnog muzeja","datePublished":"2016-11-24T07:57:39+00:00","mainEntityOfPage":{"@id":"https:\/\/royalfamily.org\/lat\/crown-prince-alexander-at-military-museum-gallery-exhibition-opening\/"},"wordCount":165,"publisher":{"@id":"https:\/\/royalfamily.org\/#organization"},"image":{"@id":"https:\/\/royalfamily.org\/lat\/crown-prince-alexander-at-military-museum-gallery-exhibition-opening\/#primaryimage"},"thumbnailUrl":"https:\/\/royalfamily.org\/wp-content\/uploads\/2016\/11\/IMG_9519m.jpg","articleSection":["Vesti"],"inLanguage":"sr-LT"},{"@type":"WebPage","@id":"https:\/\/royalfamily.org\/lat\/crown-prince-alexander-at-military-museum-gallery-exhibition-opening\/","url":"https:\/\/royalfamily.org\/lat\/crown-prince-alexander-at-military-museum-gallery-exhibition-opening\/","name":"Prestolonaslednik Aleksandar na otvaranju izlo\u017ebe u Galeriji Vojnog muzeja - The Royal Family of Serbia","isPartOf":{"@id":"https:\/\/royalfamily.org\/#website"},"primaryImageOfPage":{"@id":"https:\/\/royalfamily.org\/lat\/crown-prince-alexander-at-military-museum-gallery-exhibition-opening\/#primaryimage"},"image":{"@id":"https:\/\/royalfamily.org\/lat\/crown-prince-alexander-at-military-museum-gallery-exhibition-opening\/#primaryimage"},"thumbnailUrl":"https:\/\/royalfamily.org\/wp-content\/uploads\/2016\/11\/IMG_9519m.jpg","datePublished":"2016-11-24T07:57:39+00:00","description":"\u201eAlbum se\u0107anja na na\u0161e pretke iz Prvog svetskog rata\u201c Prestolonaslednik Aleksandar bio je gost na otvaranju izlo\u017ebe fotografija \u201eAlbum se\u0107anja na na\u0161e","breadcrumb":{"@id":"https:\/\/royalfamily.org\/lat\/crown-prince-alexander-at-military-museum-gallery-exhibition-opening\/#breadcrumb"},"inLanguage":"sr-LT","potentialAction":[{"@type":"ReadAction","target":["https:\/\/royalfamily.org\/lat\/crown-prince-alexander-at-military-museum-gallery-exhibition-opening\/"]}]},{"@type":"ImageObject","inLanguage":"sr-LT","@id":"https:\/\/royalfamily.org\/lat\/crown-prince-alexander-at-military-museum-gallery-exhibition-opening\/#primaryimage","url":"https:\/\/royalfamily.org\/wp-content\/uploads\/2016\/11\/IMG_9519m.jpg","contentUrl":"https:\/\/royalfamily.org\/wp-content\/uploads\/2016\/11\/IMG_9519m.jpg","width":740,"height":350},{"@type":"BreadcrumbList","@id":"https:\/\/royalfamily.org\/lat\/crown-prince-alexander-at-military-museum-gallery-exhibition-opening\/#breadcrumb","itemListElement":[{"@type":"ListItem","position":1,"name":"Home","item":"https:\/\/royalfamily.org\/lat\/"},{"@type":"ListItem","position":2,"name":"Prestolonaslednik Aleksandar na otvaranju izlo\u017ebe u Galeriji Vojnog muzeja"}]},{"@type":"WebSite","@id":"https:\/\/royalfamily.org\/#website","url":"https:\/\/royalfamily.org\/","name":"The Royal Family of Serbia","description":"From the people, for the people","publisher":{"@id":"https:\/\/royalfamily.org\/#organization"},"potentialAction":[{"@type":"SearchAction","target":{"@type":"EntryPoint","urlTemplate":"https:\/\/royalfamily.org\/?s={search_term_string}"},"query-input":{"@type":"PropertyValueSpecification","valueRequired":true,"valueName":"search_term_string"}}],"inLanguage":"sr-LT"},{"@type":"Organization","@id":"https:\/\/royalfamily.org\/#organization","name":"Royal Family","url":"https:\/\/royalfamily.org\/","logo":{"@type":"ImageObject","inLanguage":"sr-LT","@id":"https:\/\/royalfamily.org\/#\/schema\/logo\/image\/","url":"https:\/\/royalfamily.org\/wp-content\/uploads\/2019\/04\/logo-vector-02-V-latinica.png","contentUrl":"https:\/\/royalfamily.org\/wp-content\/uploads\/2019\/04\/logo-vector-02-V-latinica.png","width":552,"height":99,"caption":"Royal Family"},"image":{"@id":"https:\/\/royalfamily.org\/#\/schema\/logo\/image\/"},"sameAs":["https:\/\/www.facebook.com\/Prestolonaslednik.Aleksandar"]},{"@type":"Person","@id":"https:\/\/royalfamily.org\/#\/schema\/person\/4ad3296a6a8a35eed333b6a785e9f648","name":"Stefan Milanovic","image":{"@type":"ImageObject","inLanguage":"sr-LT","@id":"https:\/\/secure.gravatar.com\/avatar\/92dcbdcf3e32112a9ceb1e41665b1f44c69382d014cacfe12c701f6af7c40259?s=96&d=mm&r=g","url":"https:\/\/secure.gravatar.com\/avatar\/92dcbdcf3e32112a9ceb1e41665b1f44c69382d014cacfe12c701f6af7c40259?s=96&d=mm&r=g","contentUrl":"https:\/\/secure.gravatar.com\/avatar\/92dcbdcf3e32112a9ceb1e41665b1f44c69382d014cacfe12c701f6af7c40259?s=96&d=mm&r=g","caption":"Stefan Milanovic"}}]}},"_links":{"self":[{"href":"https:\/\/royalfamily.org\/lat\/wp-json\/wp\/v2\/posts\/29287","targetHints":{"allow":["GET"]}}],"collection":[{"href":"https:\/\/royalfamily.org\/lat\/wp-json\/wp\/v2\/posts"}],"about":[{"href":"https:\/\/royalfamily.org\/lat\/wp-json\/wp\/v2\/types\/post"}],"author":[{"embeddable":true,"href":"https:\/\/royalfamily.org\/lat\/wp-json\/wp\/v2\/users\/1001015"}],"replies":[{"embeddable":true,"href":"https:\/\/royalfamily.org\/lat\/wp-json\/wp\/v2\/comments?post=29287"}],"version-history":[{"count":0,"href":"https:\/\/royalfamily.org\/lat\/wp-json\/wp\/v2\/posts\/29287\/revisions"}],"wp:featuredmedia":[{"embeddable":true,"href":"https:\/\/royalfamily.org\/lat\/wp-json\/wp\/v2\/media\/29284"}],"wp:attachment":[{"href":"https:\/\/royalfamily.org\/lat\/wp-json\/wp\/v2\/media?parent=29287"}],"wp:term":[{"taxonomy":"category","embeddable":true,"href":"https:\/\/royalfamily.org\/lat\/wp-json\/wp\/v2\/categories?post=29287"},{"taxonomy":"post_tag","embeddable":true,"href":"https:\/\/royalfamily.org\/lat\/wp-json\/wp\/v2\/tags?post=29287"}],"curies":[{"name":"wp","href":"https:\/\/api.w.org\/{rel}","templated":true}]}}