{"id":29327,"date":"2016-11-24T14:42:55","date_gmt":"2016-11-24T14:42:55","guid":{"rendered":"https:\/\/royalfamily.org\/their-royal-highnesses-at-the-ceremony-marking-pedagogical-museum-120th-anniversary-2\/"},"modified":"2016-11-24T14:42:55","modified_gmt":"2016-11-24T14:42:55","slug":"their-royal-highnesses-at-the-ceremony-marking-pedagogical-museum-120th-anniversary","status":"publish","type":"post","link":"https:\/\/royalfamily.org\/lat\/their-royal-highnesses-at-the-ceremony-marking-pedagogical-museum-120th-anniversary\/","title":{"rendered":"Njihova Kraljevska Viso\u010danstva na sve\u010danosti obele\u017eavanja 120 godina Pedago\u0161kog muzeja"},"content":{"rendered":"<p>Prestolonaslednik Aleksandar i Princeza Katarina prisutvovali su sve\u010danosti obele\u017eavanja 120 godina Pedago\u0161kog muzeja odr\u017eanoj u Rektoratu Beogradskog\u00a0 univerziteta.<\/p>\n<p>Obele\u017eavanju\u00a0 jubileja\u00a0 prisustvovali\u00a0 su\u00a0 ministri\u00a0 kulture\u00a0 i\u00a0 informisanja\u00a0 Vladan Vukosavljevi\u0107,\u00a0 prosvete,\u00a0 nauke\u00a0 i\u00a0 tehnolo\u0161kog\u00a0 razvoja\u00a0 Mladen\u00a0 \u0160ar\u010devi\u0107,\u00a0 izaslanica predsednika republike Jasmina Mitrovi\u0107\u00a0 Mari\u0107,\u00a0 predstavnici\u00a0 Grada\u00a0 Beograda,\u00a0 kao\u00a0 i\u00a0 veliki\u00a0 broj\u00a0 li\u010dnosti\u00a0 iz\u00a0 javnog\u00a0 \u017eivota\u00a0 Beograda\u00a0 i Srbije.<\/p>\n<p>Tom prilikom Prestolonaslednik Aleksandar \u010destitao je direktoru Pedago\u0161kog muzeja prof. Bo\u017eidaru Zejaku i izrazio podr\u0161ku u daljem radu i promovisanju na\u0161eg kulturnog nasle\u0111a u svetu.<\/p>\n<p><a href=\"https:\/\/royalfamily.org\/wp-content\/uploads\/2016\/11\/15.jpg\"><img decoding=\"async\" class=\"alignnone size-thumbnail wp-image-29322\" alt=\"Bo\u017eidar Zejak, direktor Pedago\u0161kog muzeja i Njihova Kraljevska viso\u010danstva\" src=\"https:\/\/royalfamily.org\/wp-content\/uploads\/2016\/11\/15-170x120.jpg\" width=\"170\" height=\"120\" \/><\/a> <a href=\"https:\/\/royalfamily.org\/wp-content\/uploads\/2016\/11\/23.jpg\"><img decoding=\"async\" class=\"alignnone size-thumbnail wp-image-29319\" alt=\"Prestolonaslednik Aleksandar na jubileju Pedago\u0161kog muzeja\" src=\"https:\/\/royalfamily.org\/wp-content\/uploads\/2016\/11\/23-170x120.jpg\" width=\"170\" height=\"120\" \/><\/a><\/p>\n","protected":false},"excerpt":{"rendered":"<p>Prestolonaslednik Aleksandar i Princeza Katarina prisutvovali su sve\u010danosti obele\u017eavanja 120 godina Pedago\u0161kog muzeja odr\u017eanoj u  [&#8230;]<\/p>\n","protected":false},"author":1001015,"featured_media":29318,"comment_status":"closed","ping_status":"closed","sticky":false,"template":"","format":"standard","meta":{"_acf_changed":false,"footnotes":""},"categories":[22],"tags":[],"class_list":["post-29327","post","type-post","status-publish","format-standard","has-post-thumbnail","hentry","category-vesti"],"acf":[],"yoast_head":"<!-- This site is optimized with the Yoast SEO Premium plugin v27.4 (Yoast SEO v27.4) - https:\/\/yoast.com\/product\/yoast-seo-premium-wordpress\/ -->\n<title>Njihova Kraljevska Viso\u010danstva na sve\u010danosti obele\u017eavanja 120 godina Pedago\u0161kog muzeja - The Royal Family of Serbia<\/title>\n<meta name=\"description\" content=\"Prestolonaslednik Aleksandar i Princeza Katarina prisutvovali su sve\u010danosti obele\u017eavanja 120 godina Pedago\u0161kog muzeja odr\u017eanoj u Rektoratu Beogradskog\u00a0\" \/>\n<meta name=\"robots\" content=\"index, follow, max-snippet:-1, max-image-preview:large, max-video-preview:-1\" \/>\n<link rel=\"canonical\" href=\"https:\/\/royalfamily.org\/lat\/their-royal-highnesses-at-the-ceremony-marking-pedagogical-museum-120th-anniversary\/\" \/>\n<meta property=\"og:locale\" content=\"en_US\" \/>\n<meta property=\"og:type\" content=\"article\" \/>\n<meta property=\"og:title\" content=\"Njihova Kraljevska Viso\u010danstva na sve\u010danosti obele\u017eavanja 120 godina Pedago\u0161kog muzeja\" \/>\n<meta property=\"og:description\" content=\"Prestolonaslednik Aleksandar i Princeza Katarina prisutvovali su sve\u010danosti obele\u017eavanja 120 godina Pedago\u0161kog muzeja odr\u017eanoj u Rektoratu Beogradskog\u00a0\" \/>\n<meta property=\"og:url\" content=\"https:\/\/royalfamily.org\/lat\/their-royal-highnesses-at-the-ceremony-marking-pedagogical-museum-120th-anniversary\/\" \/>\n<meta property=\"og:site_name\" content=\"The Royal Family of Serbia\" \/>\n<meta property=\"article:publisher\" content=\"https:\/\/www.facebook.com\/Prestolonaslednik.Aleksandar\" \/>\n<meta property=\"article:published_time\" content=\"2016-11-24T14:42:55+00:00\" \/>\n<meta property=\"og:image\" content=\"https:\/\/royalfamily.org\/wp-content\/uploads\/2016\/11\/02.jpg\" \/>\n\t<meta property=\"og:image:width\" content=\"740\" \/>\n\t<meta property=\"og:image:height\" content=\"350\" \/>\n\t<meta property=\"og:image:type\" content=\"image\/jpeg\" \/>\n<meta name=\"author\" content=\"Stefan Milanovic\" \/>\n<meta name=\"twitter:card\" content=\"summary_large_image\" \/>\n<meta name=\"twitter:label1\" content=\"Written by\" \/>\n\t<meta name=\"twitter:data1\" content=\"Stefan Milanovic\" \/>\n<script type=\"application\/ld+json\" class=\"yoast-schema-graph\">{\"@context\":\"https:\\\/\\\/schema.org\",\"@graph\":[{\"@type\":\"Article\",\"@id\":\"https:\\\/\\\/royalfamily.org\\\/lat\\\/their-royal-highnesses-at-the-ceremony-marking-pedagogical-museum-120th-anniversary\\\/#article\",\"isPartOf\":{\"@id\":\"https:\\\/\\\/royalfamily.org\\\/lat\\\/their-royal-highnesses-at-the-ceremony-marking-pedagogical-museum-120th-anniversary\\\/\"},\"author\":{\"name\":\"Stefan Milanovic\",\"@id\":\"https:\\\/\\\/royalfamily.org\\\/#\\\/schema\\\/person\\\/4ad3296a6a8a35eed333b6a785e9f648\"},\"headline\":\"Njihova Kraljevska Viso\u010danstva na sve\u010danosti obele\u017eavanja 120 godina Pedago\u0161kog muzeja\",\"datePublished\":\"2016-11-24T14:42:55+00:00\",\"mainEntityOfPage\":{\"@id\":\"https:\\\/\\\/royalfamily.org\\\/lat\\\/their-royal-highnesses-at-the-ceremony-marking-pedagogical-museum-120th-anniversary\\\/\"},\"wordCount\":105,\"publisher\":{\"@id\":\"https:\\\/\\\/royalfamily.org\\\/#organization\"},\"image\":{\"@id\":\"https:\\\/\\\/royalfamily.org\\\/lat\\\/their-royal-highnesses-at-the-ceremony-marking-pedagogical-museum-120th-anniversary\\\/#primaryimage\"},\"thumbnailUrl\":\"https:\\\/\\\/royalfamily.org\\\/wp-content\\\/uploads\\\/2016\\\/11\\\/02.jpg\",\"articleSection\":[\"Vesti\"],\"inLanguage\":\"sr-LT\"},{\"@type\":\"WebPage\",\"@id\":\"https:\\\/\\\/royalfamily.org\\\/lat\\\/their-royal-highnesses-at-the-ceremony-marking-pedagogical-museum-120th-anniversary\\\/\",\"url\":\"https:\\\/\\\/royalfamily.org\\\/lat\\\/their-royal-highnesses-at-the-ceremony-marking-pedagogical-museum-120th-anniversary\\\/\",\"name\":\"Njihova Kraljevska Viso\u010danstva na sve\u010danosti obele\u017eavanja 120 godina Pedago\u0161kog muzeja - The Royal Family of Serbia\",\"isPartOf\":{\"@id\":\"https:\\\/\\\/royalfamily.org\\\/#website\"},\"primaryImageOfPage\":{\"@id\":\"https:\\\/\\\/royalfamily.org\\\/lat\\\/their-royal-highnesses-at-the-ceremony-marking-pedagogical-museum-120th-anniversary\\\/#primaryimage\"},\"image\":{\"@id\":\"https:\\\/\\\/royalfamily.org\\\/lat\\\/their-royal-highnesses-at-the-ceremony-marking-pedagogical-museum-120th-anniversary\\\/#primaryimage\"},\"thumbnailUrl\":\"https:\\\/\\\/royalfamily.org\\\/wp-content\\\/uploads\\\/2016\\\/11\\\/02.jpg\",\"datePublished\":\"2016-11-24T14:42:55+00:00\",\"description\":\"Prestolonaslednik Aleksandar i Princeza Katarina prisutvovali su sve\u010danosti obele\u017eavanja 120 godina Pedago\u0161kog muzeja odr\u017eanoj u Rektoratu Beogradskog\u00a0\",\"breadcrumb\":{\"@id\":\"https:\\\/\\\/royalfamily.org\\\/lat\\\/their-royal-highnesses-at-the-ceremony-marking-pedagogical-museum-120th-anniversary\\\/#breadcrumb\"},\"inLanguage\":\"sr-LT\",\"potentialAction\":[{\"@type\":\"ReadAction\",\"target\":[\"https:\\\/\\\/royalfamily.org\\\/lat\\\/their-royal-highnesses-at-the-ceremony-marking-pedagogical-museum-120th-anniversary\\\/\"]}]},{\"@type\":\"ImageObject\",\"inLanguage\":\"sr-LT\",\"@id\":\"https:\\\/\\\/royalfamily.org\\\/lat\\\/their-royal-highnesses-at-the-ceremony-marking-pedagogical-museum-120th-anniversary\\\/#primaryimage\",\"url\":\"https:\\\/\\\/royalfamily.org\\\/wp-content\\\/uploads\\\/2016\\\/11\\\/02.jpg\",\"contentUrl\":\"https:\\\/\\\/royalfamily.org\\\/wp-content\\\/uploads\\\/2016\\\/11\\\/02.jpg\",\"width\":740,\"height\":350},{\"@type\":\"BreadcrumbList\",\"@id\":\"https:\\\/\\\/royalfamily.org\\\/lat\\\/their-royal-highnesses-at-the-ceremony-marking-pedagogical-museum-120th-anniversary\\\/#breadcrumb\",\"itemListElement\":[{\"@type\":\"ListItem\",\"position\":1,\"name\":\"Home\",\"item\":\"https:\\\/\\\/royalfamily.org\\\/lat\\\/\"},{\"@type\":\"ListItem\",\"position\":2,\"name\":\"Njihova Kraljevska Viso\u010danstva na sve\u010danosti obele\u017eavanja 120 godina Pedago\u0161kog muzeja\"}]},{\"@type\":\"WebSite\",\"@id\":\"https:\\\/\\\/royalfamily.org\\\/#website\",\"url\":\"https:\\\/\\\/royalfamily.org\\\/\",\"name\":\"The Royal Family of Serbia\",\"description\":\"From the people, for the people\",\"publisher\":{\"@id\":\"https:\\\/\\\/royalfamily.org\\\/#organization\"},\"potentialAction\":[{\"@type\":\"SearchAction\",\"target\":{\"@type\":\"EntryPoint\",\"urlTemplate\":\"https:\\\/\\\/royalfamily.org\\\/?s={search_term_string}\"},\"query-input\":{\"@type\":\"PropertyValueSpecification\",\"valueRequired\":true,\"valueName\":\"search_term_string\"}}],\"inLanguage\":\"sr-LT\"},{\"@type\":\"Organization\",\"@id\":\"https:\\\/\\\/royalfamily.org\\\/#organization\",\"name\":\"Royal Family\",\"url\":\"https:\\\/\\\/royalfamily.org\\\/\",\"logo\":{\"@type\":\"ImageObject\",\"inLanguage\":\"sr-LT\",\"@id\":\"https:\\\/\\\/royalfamily.org\\\/#\\\/schema\\\/logo\\\/image\\\/\",\"url\":\"https:\\\/\\\/royalfamily.org\\\/wp-content\\\/uploads\\\/2019\\\/04\\\/logo-vector-02-V-latinica.png\",\"contentUrl\":\"https:\\\/\\\/royalfamily.org\\\/wp-content\\\/uploads\\\/2019\\\/04\\\/logo-vector-02-V-latinica.png\",\"width\":552,\"height\":99,\"caption\":\"Royal Family\"},\"image\":{\"@id\":\"https:\\\/\\\/royalfamily.org\\\/#\\\/schema\\\/logo\\\/image\\\/\"},\"sameAs\":[\"https:\\\/\\\/www.facebook.com\\\/Prestolonaslednik.Aleksandar\"]},{\"@type\":\"Person\",\"@id\":\"https:\\\/\\\/royalfamily.org\\\/#\\\/schema\\\/person\\\/4ad3296a6a8a35eed333b6a785e9f648\",\"name\":\"Stefan Milanovic\",\"image\":{\"@type\":\"ImageObject\",\"inLanguage\":\"sr-LT\",\"@id\":\"https:\\\/\\\/secure.gravatar.com\\\/avatar\\\/92dcbdcf3e32112a9ceb1e41665b1f44c69382d014cacfe12c701f6af7c40259?s=96&d=mm&r=g\",\"url\":\"https:\\\/\\\/secure.gravatar.com\\\/avatar\\\/92dcbdcf3e32112a9ceb1e41665b1f44c69382d014cacfe12c701f6af7c40259?s=96&d=mm&r=g\",\"contentUrl\":\"https:\\\/\\\/secure.gravatar.com\\\/avatar\\\/92dcbdcf3e32112a9ceb1e41665b1f44c69382d014cacfe12c701f6af7c40259?s=96&d=mm&r=g\",\"caption\":\"Stefan Milanovic\"}}]}<\/script>\n<!-- \/ Yoast SEO Premium plugin. -->","yoast_head_json":{"title":"Njihova Kraljevska Viso\u010danstva na sve\u010danosti obele\u017eavanja 120 godina Pedago\u0161kog muzeja - The Royal Family of Serbia","description":"Prestolonaslednik Aleksandar i Princeza Katarina prisutvovali su sve\u010danosti obele\u017eavanja 120 godina Pedago\u0161kog muzeja odr\u017eanoj u Rektoratu Beogradskog\u00a0","robots":{"index":"index","follow":"follow","max-snippet":"max-snippet:-1","max-image-preview":"max-image-preview:large","max-video-preview":"max-video-preview:-1"},"canonical":"https:\/\/royalfamily.org\/lat\/their-royal-highnesses-at-the-ceremony-marking-pedagogical-museum-120th-anniversary\/","og_locale":"en_US","og_type":"article","og_title":"Njihova Kraljevska Viso\u010danstva na sve\u010danosti obele\u017eavanja 120 godina Pedago\u0161kog muzeja","og_description":"Prestolonaslednik Aleksandar i Princeza Katarina prisutvovali su sve\u010danosti obele\u017eavanja 120 godina Pedago\u0161kog muzeja odr\u017eanoj u Rektoratu Beogradskog\u00a0","og_url":"https:\/\/royalfamily.org\/lat\/their-royal-highnesses-at-the-ceremony-marking-pedagogical-museum-120th-anniversary\/","og_site_name":"The Royal Family of Serbia","article_publisher":"https:\/\/www.facebook.com\/Prestolonaslednik.Aleksandar","article_published_time":"2016-11-24T14:42:55+00:00","og_image":[{"width":740,"height":350,"url":"https:\/\/royalfamily.org\/wp-content\/uploads\/2016\/11\/02.jpg","type":"image\/jpeg"}],"author":"Stefan Milanovic","twitter_card":"summary_large_image","twitter_misc":{"Written by":"Stefan Milanovic"},"schema":{"@context":"https:\/\/schema.org","@graph":[{"@type":"Article","@id":"https:\/\/royalfamily.org\/lat\/their-royal-highnesses-at-the-ceremony-marking-pedagogical-museum-120th-anniversary\/#article","isPartOf":{"@id":"https:\/\/royalfamily.org\/lat\/their-royal-highnesses-at-the-ceremony-marking-pedagogical-museum-120th-anniversary\/"},"author":{"name":"Stefan Milanovic","@id":"https:\/\/royalfamily.org\/#\/schema\/person\/4ad3296a6a8a35eed333b6a785e9f648"},"headline":"Njihova Kraljevska Viso\u010danstva na sve\u010danosti obele\u017eavanja 120 godina Pedago\u0161kog muzeja","datePublished":"2016-11-24T14:42:55+00:00","mainEntityOfPage":{"@id":"https:\/\/royalfamily.org\/lat\/their-royal-highnesses-at-the-ceremony-marking-pedagogical-museum-120th-anniversary\/"},"wordCount":105,"publisher":{"@id":"https:\/\/royalfamily.org\/#organization"},"image":{"@id":"https:\/\/royalfamily.org\/lat\/their-royal-highnesses-at-the-ceremony-marking-pedagogical-museum-120th-anniversary\/#primaryimage"},"thumbnailUrl":"https:\/\/royalfamily.org\/wp-content\/uploads\/2016\/11\/02.jpg","articleSection":["Vesti"],"inLanguage":"sr-LT"},{"@type":"WebPage","@id":"https:\/\/royalfamily.org\/lat\/their-royal-highnesses-at-the-ceremony-marking-pedagogical-museum-120th-anniversary\/","url":"https:\/\/royalfamily.org\/lat\/their-royal-highnesses-at-the-ceremony-marking-pedagogical-museum-120th-anniversary\/","name":"Njihova Kraljevska Viso\u010danstva na sve\u010danosti obele\u017eavanja 120 godina Pedago\u0161kog muzeja - The Royal Family of Serbia","isPartOf":{"@id":"https:\/\/royalfamily.org\/#website"},"primaryImageOfPage":{"@id":"https:\/\/royalfamily.org\/lat\/their-royal-highnesses-at-the-ceremony-marking-pedagogical-museum-120th-anniversary\/#primaryimage"},"image":{"@id":"https:\/\/royalfamily.org\/lat\/their-royal-highnesses-at-the-ceremony-marking-pedagogical-museum-120th-anniversary\/#primaryimage"},"thumbnailUrl":"https:\/\/royalfamily.org\/wp-content\/uploads\/2016\/11\/02.jpg","datePublished":"2016-11-24T14:42:55+00:00","description":"Prestolonaslednik Aleksandar i Princeza Katarina prisutvovali su sve\u010danosti obele\u017eavanja 120 godina Pedago\u0161kog muzeja odr\u017eanoj u Rektoratu Beogradskog\u00a0","breadcrumb":{"@id":"https:\/\/royalfamily.org\/lat\/their-royal-highnesses-at-the-ceremony-marking-pedagogical-museum-120th-anniversary\/#breadcrumb"},"inLanguage":"sr-LT","potentialAction":[{"@type":"ReadAction","target":["https:\/\/royalfamily.org\/lat\/their-royal-highnesses-at-the-ceremony-marking-pedagogical-museum-120th-anniversary\/"]}]},{"@type":"ImageObject","inLanguage":"sr-LT","@id":"https:\/\/royalfamily.org\/lat\/their-royal-highnesses-at-the-ceremony-marking-pedagogical-museum-120th-anniversary\/#primaryimage","url":"https:\/\/royalfamily.org\/wp-content\/uploads\/2016\/11\/02.jpg","contentUrl":"https:\/\/royalfamily.org\/wp-content\/uploads\/2016\/11\/02.jpg","width":740,"height":350},{"@type":"BreadcrumbList","@id":"https:\/\/royalfamily.org\/lat\/their-royal-highnesses-at-the-ceremony-marking-pedagogical-museum-120th-anniversary\/#breadcrumb","itemListElement":[{"@type":"ListItem","position":1,"name":"Home","item":"https:\/\/royalfamily.org\/lat\/"},{"@type":"ListItem","position":2,"name":"Njihova Kraljevska Viso\u010danstva na sve\u010danosti obele\u017eavanja 120 godina Pedago\u0161kog muzeja"}]},{"@type":"WebSite","@id":"https:\/\/royalfamily.org\/#website","url":"https:\/\/royalfamily.org\/","name":"The Royal Family of Serbia","description":"From the people, for the people","publisher":{"@id":"https:\/\/royalfamily.org\/#organization"},"potentialAction":[{"@type":"SearchAction","target":{"@type":"EntryPoint","urlTemplate":"https:\/\/royalfamily.org\/?s={search_term_string}"},"query-input":{"@type":"PropertyValueSpecification","valueRequired":true,"valueName":"search_term_string"}}],"inLanguage":"sr-LT"},{"@type":"Organization","@id":"https:\/\/royalfamily.org\/#organization","name":"Royal Family","url":"https:\/\/royalfamily.org\/","logo":{"@type":"ImageObject","inLanguage":"sr-LT","@id":"https:\/\/royalfamily.org\/#\/schema\/logo\/image\/","url":"https:\/\/royalfamily.org\/wp-content\/uploads\/2019\/04\/logo-vector-02-V-latinica.png","contentUrl":"https:\/\/royalfamily.org\/wp-content\/uploads\/2019\/04\/logo-vector-02-V-latinica.png","width":552,"height":99,"caption":"Royal Family"},"image":{"@id":"https:\/\/royalfamily.org\/#\/schema\/logo\/image\/"},"sameAs":["https:\/\/www.facebook.com\/Prestolonaslednik.Aleksandar"]},{"@type":"Person","@id":"https:\/\/royalfamily.org\/#\/schema\/person\/4ad3296a6a8a35eed333b6a785e9f648","name":"Stefan Milanovic","image":{"@type":"ImageObject","inLanguage":"sr-LT","@id":"https:\/\/secure.gravatar.com\/avatar\/92dcbdcf3e32112a9ceb1e41665b1f44c69382d014cacfe12c701f6af7c40259?s=96&d=mm&r=g","url":"https:\/\/secure.gravatar.com\/avatar\/92dcbdcf3e32112a9ceb1e41665b1f44c69382d014cacfe12c701f6af7c40259?s=96&d=mm&r=g","contentUrl":"https:\/\/secure.gravatar.com\/avatar\/92dcbdcf3e32112a9ceb1e41665b1f44c69382d014cacfe12c701f6af7c40259?s=96&d=mm&r=g","caption":"Stefan Milanovic"}}]}},"_links":{"self":[{"href":"https:\/\/royalfamily.org\/lat\/wp-json\/wp\/v2\/posts\/29327","targetHints":{"allow":["GET"]}}],"collection":[{"href":"https:\/\/royalfamily.org\/lat\/wp-json\/wp\/v2\/posts"}],"about":[{"href":"https:\/\/royalfamily.org\/lat\/wp-json\/wp\/v2\/types\/post"}],"author":[{"embeddable":true,"href":"https:\/\/royalfamily.org\/lat\/wp-json\/wp\/v2\/users\/1001015"}],"replies":[{"embeddable":true,"href":"https:\/\/royalfamily.org\/lat\/wp-json\/wp\/v2\/comments?post=29327"}],"version-history":[{"count":0,"href":"https:\/\/royalfamily.org\/lat\/wp-json\/wp\/v2\/posts\/29327\/revisions"}],"wp:featuredmedia":[{"embeddable":true,"href":"https:\/\/royalfamily.org\/lat\/wp-json\/wp\/v2\/media\/29318"}],"wp:attachment":[{"href":"https:\/\/royalfamily.org\/lat\/wp-json\/wp\/v2\/media?parent=29327"}],"wp:term":[{"taxonomy":"category","embeddable":true,"href":"https:\/\/royalfamily.org\/lat\/wp-json\/wp\/v2\/categories?post=29327"},{"taxonomy":"post_tag","embeddable":true,"href":"https:\/\/royalfamily.org\/lat\/wp-json\/wp\/v2\/tags?post=29327"}],"curies":[{"name":"wp","href":"https:\/\/api.w.org\/{rel}","templated":true}]}}