{"id":29359,"date":"2016-11-25T10:50:01","date_gmt":"2016-11-25T10:50:01","guid":{"rendered":"https:\/\/royalfamily.org\/their-royal-highnesses-are-opening-the-christmas-charity-women-refugees-handicrafts-bazaar-2\/"},"modified":"2016-11-25T10:50:01","modified_gmt":"2016-11-25T10:50:01","slug":"their-royal-highnesses-are-opening-the-christmas-charity-women-refugees-handicrafts-bazaar","status":"publish","type":"post","link":"https:\/\/royalfamily.org\/lat\/their-royal-highnesses-are-opening-the-christmas-charity-women-refugees-handicrafts-bazaar\/","title":{"rendered":"Njihova Kraljevska Viso\u010danstva otvaraju bo\u017ei\u0107ni humanitarni bazar  rukotvorina \u017eena izbeglica"},"content":{"rendered":"<p><b>Njihova Kraljevska Viso\u010danstva Prestolonaslednik Aleksandar i Princeza Katarina otvori\u0107e tradicionalni <\/b><b>bo\u017ei\u0107ni<\/b><b> bazar rukotvorina u ponedeljak, 28. novembra u 11 \u010dasova u <\/b><b>tr\u017enom centru <\/b><b>Delta city<\/b><b>. <\/b><\/p>\n<p><b>Otvaranju humanitarnog bazara prisustvova\u0107e i Dr Nenad Ivani\u0161evi\u0107, dr\u017eavni sekretar u Ministarstvu za rad, zapo\u0161ljavanje, bora\u010dka i socijalna pitanja, g-din Vladimir Cuci\u0107, komesar Komesarijata za izbeglice i migrante Republike Srbije, kao i brojni ambasadori.<\/b><\/p>\n<p>Ovom prilikom Princeza Katarina uru\u010di\u0107e i dva TV ure\u0111aja marke LG kao poklon Domu za decu i omladinu ometenu u razvoju \u201eVeternik\u201c.<\/p>\n<p>Fondacija Nj.K.V. Princeze Katarine dugi niz godina organizuje humanitarni \u201eBo\u017ei\u0107ni\u00a0 bazar\u201c sa \u017eeljom da pomogne raseljenim, izbeglim i socijalno ugro\u017eenim licima koja svoje porodice izdr\u017eavaju prodajom ovih lepih rukotvorina. U ovogodi\u0161njem bazaru u\u010destvova\u0107e vi\u0161e od 40 \u017eena iz svih krajeva Srbije.<\/p>\n<p>Prazni\u010dni bazar rukotvorina bi\u0107e otvoren za javnost 28. novembra od 11 do 22 \u010dasa i 29. novembra od 10 do 22 \u010dasa, u glavnom holu Delta city \u0161oping mola.<\/p>\n<p>Pozivamo predstavnike medija da isprate ovaj doga\u0111aj i svoje prisustvo potvrde mejlom ili telefonom.<\/p>\n","protected":false},"excerpt":{"rendered":"<p>Njihova Kraljevska Viso\u010danstva Prestolonaslednik Aleksandar i Princeza Katarina otvori\u0107e tradicionalni bo\u017ei\u0107ni bazar rukotvorina u ponedeljak,  [&#8230;]<\/p>\n","protected":false},"author":1001015,"featured_media":29353,"comment_status":"closed","ping_status":"closed","sticky":false,"template":"","format":"standard","meta":{"_acf_changed":false,"footnotes":""},"categories":[22],"tags":[],"class_list":["post-29359","post","type-post","status-publish","format-standard","has-post-thumbnail","hentry","category-vesti"],"acf":[],"yoast_head":"<!-- This site is optimized with the Yoast SEO Premium plugin v27.5 (Yoast SEO v27.5) - https:\/\/yoast.com\/product\/yoast-seo-premium-wordpress\/ -->\n<title>Njihova Kraljevska Viso\u010danstva otvaraju bo\u017ei\u0107ni humanitarni bazar rukotvorina \u017eena izbeglica - The Royal Family of Serbia<\/title>\n<meta name=\"description\" content=\"Njihova Kraljevska Viso\u010danstva Prestolonaslednik Aleksandar i Princeza Katarina otvori\u0107e tradicionalni bo\u017ei\u0107ni bazar rukotvorina u ponedeljak, 28.\" \/>\n<meta name=\"robots\" content=\"index, follow, max-snippet:-1, max-image-preview:large, max-video-preview:-1\" \/>\n<link rel=\"canonical\" href=\"https:\/\/royalfamily.org\/lat\/their-royal-highnesses-are-opening-the-christmas-charity-women-refugees-handicrafts-bazaar\/\" \/>\n<meta property=\"og:locale\" content=\"en_US\" \/>\n<meta property=\"og:type\" content=\"article\" \/>\n<meta property=\"og:title\" content=\"Njihova Kraljevska Viso\u010danstva otvaraju bo\u017ei\u0107ni humanitarni bazar rukotvorina \u017eena izbeglica\" \/>\n<meta property=\"og:description\" content=\"Njihova Kraljevska Viso\u010danstva Prestolonaslednik Aleksandar i Princeza Katarina otvori\u0107e tradicionalni bo\u017ei\u0107ni bazar rukotvorina u ponedeljak, 28.\" \/>\n<meta property=\"og:url\" content=\"https:\/\/royalfamily.org\/lat\/their-royal-highnesses-are-opening-the-christmas-charity-women-refugees-handicrafts-bazaar\/\" \/>\n<meta property=\"og:site_name\" content=\"The Royal Family of Serbia\" \/>\n<meta property=\"article:publisher\" content=\"https:\/\/www.facebook.com\/Prestolonaslednik.Aleksandar\" \/>\n<meta property=\"article:published_time\" content=\"2016-11-25T10:50:01+00:00\" \/>\n<meta property=\"og:image\" content=\"https:\/\/royalfamily.org\/wp-content\/uploads\/2016\/11\/final_srb_web-740x350.jpg\" \/>\n\t<meta property=\"og:image:width\" content=\"1500\" \/>\n\t<meta property=\"og:image:height\" content=\"1061\" \/>\n\t<meta property=\"og:image:type\" content=\"image\/jpeg\" \/>\n<meta name=\"author\" content=\"Stefan Milanovic\" \/>\n<meta name=\"twitter:card\" content=\"summary_large_image\" \/>\n<meta name=\"twitter:label1\" content=\"Written by\" \/>\n\t<meta name=\"twitter:data1\" content=\"Stefan Milanovic\" \/>\n\t<meta name=\"twitter:label2\" content=\"Est. reading time\" \/>\n\t<meta name=\"twitter:data2\" content=\"1 minute\" \/>\n<script type=\"application\/ld+json\" class=\"yoast-schema-graph\">{\"@context\":\"https:\\\/\\\/schema.org\",\"@graph\":[{\"@type\":\"Article\",\"@id\":\"https:\\\/\\\/royalfamily.org\\\/lat\\\/their-royal-highnesses-are-opening-the-christmas-charity-women-refugees-handicrafts-bazaar\\\/#article\",\"isPartOf\":{\"@id\":\"https:\\\/\\\/royalfamily.org\\\/lat\\\/their-royal-highnesses-are-opening-the-christmas-charity-women-refugees-handicrafts-bazaar\\\/\"},\"author\":{\"name\":\"Stefan Milanovic\",\"@id\":\"https:\\\/\\\/royalfamily.org\\\/#\\\/schema\\\/person\\\/4ad3296a6a8a35eed333b6a785e9f648\"},\"headline\":\"Njihova Kraljevska Viso\u010danstva otvaraju bo\u017ei\u0107ni humanitarni bazar rukotvorina \u017eena izbeglica\",\"datePublished\":\"2016-11-25T10:50:01+00:00\",\"mainEntityOfPage\":{\"@id\":\"https:\\\/\\\/royalfamily.org\\\/lat\\\/their-royal-highnesses-are-opening-the-christmas-charity-women-refugees-handicrafts-bazaar\\\/\"},\"wordCount\":195,\"publisher\":{\"@id\":\"https:\\\/\\\/royalfamily.org\\\/#organization\"},\"image\":{\"@id\":\"https:\\\/\\\/royalfamily.org\\\/lat\\\/their-royal-highnesses-are-opening-the-christmas-charity-women-refugees-handicrafts-bazaar\\\/#primaryimage\"},\"thumbnailUrl\":\"https:\\\/\\\/royalfamily.org\\\/wp-content\\\/uploads\\\/2016\\\/11\\\/final_srb_web-740x350.jpg\",\"articleSection\":[\"Vesti\"],\"inLanguage\":\"sr-LT\"},{\"@type\":\"WebPage\",\"@id\":\"https:\\\/\\\/royalfamily.org\\\/lat\\\/their-royal-highnesses-are-opening-the-christmas-charity-women-refugees-handicrafts-bazaar\\\/\",\"url\":\"https:\\\/\\\/royalfamily.org\\\/lat\\\/their-royal-highnesses-are-opening-the-christmas-charity-women-refugees-handicrafts-bazaar\\\/\",\"name\":\"Njihova Kraljevska Viso\u010danstva otvaraju bo\u017ei\u0107ni humanitarni bazar rukotvorina \u017eena izbeglica - The Royal Family of Serbia\",\"isPartOf\":{\"@id\":\"https:\\\/\\\/royalfamily.org\\\/#website\"},\"primaryImageOfPage\":{\"@id\":\"https:\\\/\\\/royalfamily.org\\\/lat\\\/their-royal-highnesses-are-opening-the-christmas-charity-women-refugees-handicrafts-bazaar\\\/#primaryimage\"},\"image\":{\"@id\":\"https:\\\/\\\/royalfamily.org\\\/lat\\\/their-royal-highnesses-are-opening-the-christmas-charity-women-refugees-handicrafts-bazaar\\\/#primaryimage\"},\"thumbnailUrl\":\"https:\\\/\\\/royalfamily.org\\\/wp-content\\\/uploads\\\/2016\\\/11\\\/final_srb_web-740x350.jpg\",\"datePublished\":\"2016-11-25T10:50:01+00:00\",\"description\":\"Njihova Kraljevska Viso\u010danstva Prestolonaslednik Aleksandar i Princeza Katarina otvori\u0107e tradicionalni bo\u017ei\u0107ni bazar rukotvorina u ponedeljak, 28.\",\"breadcrumb\":{\"@id\":\"https:\\\/\\\/royalfamily.org\\\/lat\\\/their-royal-highnesses-are-opening-the-christmas-charity-women-refugees-handicrafts-bazaar\\\/#breadcrumb\"},\"inLanguage\":\"sr-LT\",\"potentialAction\":[{\"@type\":\"ReadAction\",\"target\":[\"https:\\\/\\\/royalfamily.org\\\/lat\\\/their-royal-highnesses-are-opening-the-christmas-charity-women-refugees-handicrafts-bazaar\\\/\"]}]},{\"@type\":\"ImageObject\",\"inLanguage\":\"sr-LT\",\"@id\":\"https:\\\/\\\/royalfamily.org\\\/lat\\\/their-royal-highnesses-are-opening-the-christmas-charity-women-refugees-handicrafts-bazaar\\\/#primaryimage\",\"url\":\"https:\\\/\\\/royalfamily.org\\\/wp-content\\\/uploads\\\/2016\\\/11\\\/final_srb_web-740x350.jpg\",\"contentUrl\":\"https:\\\/\\\/royalfamily.org\\\/wp-content\\\/uploads\\\/2016\\\/11\\\/final_srb_web-740x350.jpg\",\"width\":1500,\"height\":1061},{\"@type\":\"BreadcrumbList\",\"@id\":\"https:\\\/\\\/royalfamily.org\\\/lat\\\/their-royal-highnesses-are-opening-the-christmas-charity-women-refugees-handicrafts-bazaar\\\/#breadcrumb\",\"itemListElement\":[{\"@type\":\"ListItem\",\"position\":1,\"name\":\"Home\",\"item\":\"https:\\\/\\\/royalfamily.org\\\/lat\\\/\"},{\"@type\":\"ListItem\",\"position\":2,\"name\":\"Njihova Kraljevska Viso\u010danstva otvaraju bo\u017ei\u0107ni humanitarni bazar rukotvorina \u017eena izbeglica\"}]},{\"@type\":\"WebSite\",\"@id\":\"https:\\\/\\\/royalfamily.org\\\/#website\",\"url\":\"https:\\\/\\\/royalfamily.org\\\/\",\"name\":\"The Royal Family of Serbia\",\"description\":\"From the people, for the people\",\"publisher\":{\"@id\":\"https:\\\/\\\/royalfamily.org\\\/#organization\"},\"potentialAction\":[{\"@type\":\"SearchAction\",\"target\":{\"@type\":\"EntryPoint\",\"urlTemplate\":\"https:\\\/\\\/royalfamily.org\\\/?s={search_term_string}\"},\"query-input\":{\"@type\":\"PropertyValueSpecification\",\"valueRequired\":true,\"valueName\":\"search_term_string\"}}],\"inLanguage\":\"sr-LT\"},{\"@type\":\"Organization\",\"@id\":\"https:\\\/\\\/royalfamily.org\\\/#organization\",\"name\":\"Royal Family\",\"url\":\"https:\\\/\\\/royalfamily.org\\\/\",\"logo\":{\"@type\":\"ImageObject\",\"inLanguage\":\"sr-LT\",\"@id\":\"https:\\\/\\\/royalfamily.org\\\/#\\\/schema\\\/logo\\\/image\\\/\",\"url\":\"https:\\\/\\\/royalfamily.org\\\/wp-content\\\/uploads\\\/2019\\\/04\\\/logo-vector-02-V-latinica.png\",\"contentUrl\":\"https:\\\/\\\/royalfamily.org\\\/wp-content\\\/uploads\\\/2019\\\/04\\\/logo-vector-02-V-latinica.png\",\"width\":552,\"height\":99,\"caption\":\"Royal Family\"},\"image\":{\"@id\":\"https:\\\/\\\/royalfamily.org\\\/#\\\/schema\\\/logo\\\/image\\\/\"},\"sameAs\":[\"https:\\\/\\\/www.facebook.com\\\/Prestolonaslednik.Aleksandar\"]},{\"@type\":\"Person\",\"@id\":\"https:\\\/\\\/royalfamily.org\\\/#\\\/schema\\\/person\\\/4ad3296a6a8a35eed333b6a785e9f648\",\"name\":\"Stefan Milanovic\",\"image\":{\"@type\":\"ImageObject\",\"inLanguage\":\"sr-LT\",\"@id\":\"https:\\\/\\\/secure.gravatar.com\\\/avatar\\\/92dcbdcf3e32112a9ceb1e41665b1f44c69382d014cacfe12c701f6af7c40259?s=96&d=mm&r=g\",\"url\":\"https:\\\/\\\/secure.gravatar.com\\\/avatar\\\/92dcbdcf3e32112a9ceb1e41665b1f44c69382d014cacfe12c701f6af7c40259?s=96&d=mm&r=g\",\"contentUrl\":\"https:\\\/\\\/secure.gravatar.com\\\/avatar\\\/92dcbdcf3e32112a9ceb1e41665b1f44c69382d014cacfe12c701f6af7c40259?s=96&d=mm&r=g\",\"caption\":\"Stefan Milanovic\"}}]}<\/script>\n<!-- \/ Yoast SEO Premium plugin. -->","yoast_head_json":{"title":"Njihova Kraljevska Viso\u010danstva otvaraju bo\u017ei\u0107ni humanitarni bazar rukotvorina \u017eena izbeglica - The Royal Family of Serbia","description":"Njihova Kraljevska Viso\u010danstva Prestolonaslednik Aleksandar i Princeza Katarina otvori\u0107e tradicionalni bo\u017ei\u0107ni bazar rukotvorina u ponedeljak, 28.","robots":{"index":"index","follow":"follow","max-snippet":"max-snippet:-1","max-image-preview":"max-image-preview:large","max-video-preview":"max-video-preview:-1"},"canonical":"https:\/\/royalfamily.org\/lat\/their-royal-highnesses-are-opening-the-christmas-charity-women-refugees-handicrafts-bazaar\/","og_locale":"en_US","og_type":"article","og_title":"Njihova Kraljevska Viso\u010danstva otvaraju bo\u017ei\u0107ni humanitarni bazar rukotvorina \u017eena izbeglica","og_description":"Njihova Kraljevska Viso\u010danstva Prestolonaslednik Aleksandar i Princeza Katarina otvori\u0107e tradicionalni bo\u017ei\u0107ni bazar rukotvorina u ponedeljak, 28.","og_url":"https:\/\/royalfamily.org\/lat\/their-royal-highnesses-are-opening-the-christmas-charity-women-refugees-handicrafts-bazaar\/","og_site_name":"The Royal Family of Serbia","article_publisher":"https:\/\/www.facebook.com\/Prestolonaslednik.Aleksandar","article_published_time":"2016-11-25T10:50:01+00:00","og_image":[{"width":1500,"height":1061,"url":"https:\/\/royalfamily.org\/wp-content\/uploads\/2016\/11\/final_srb_web-740x350.jpg","type":"image\/jpeg"}],"author":"Stefan Milanovic","twitter_card":"summary_large_image","twitter_misc":{"Written by":"Stefan Milanovic","Est. reading time":"1 minute"},"schema":{"@context":"https:\/\/schema.org","@graph":[{"@type":"Article","@id":"https:\/\/royalfamily.org\/lat\/their-royal-highnesses-are-opening-the-christmas-charity-women-refugees-handicrafts-bazaar\/#article","isPartOf":{"@id":"https:\/\/royalfamily.org\/lat\/their-royal-highnesses-are-opening-the-christmas-charity-women-refugees-handicrafts-bazaar\/"},"author":{"name":"Stefan Milanovic","@id":"https:\/\/royalfamily.org\/#\/schema\/person\/4ad3296a6a8a35eed333b6a785e9f648"},"headline":"Njihova Kraljevska Viso\u010danstva otvaraju bo\u017ei\u0107ni humanitarni bazar rukotvorina \u017eena izbeglica","datePublished":"2016-11-25T10:50:01+00:00","mainEntityOfPage":{"@id":"https:\/\/royalfamily.org\/lat\/their-royal-highnesses-are-opening-the-christmas-charity-women-refugees-handicrafts-bazaar\/"},"wordCount":195,"publisher":{"@id":"https:\/\/royalfamily.org\/#organization"},"image":{"@id":"https:\/\/royalfamily.org\/lat\/their-royal-highnesses-are-opening-the-christmas-charity-women-refugees-handicrafts-bazaar\/#primaryimage"},"thumbnailUrl":"https:\/\/royalfamily.org\/wp-content\/uploads\/2016\/11\/final_srb_web-740x350.jpg","articleSection":["Vesti"],"inLanguage":"sr-LT"},{"@type":"WebPage","@id":"https:\/\/royalfamily.org\/lat\/their-royal-highnesses-are-opening-the-christmas-charity-women-refugees-handicrafts-bazaar\/","url":"https:\/\/royalfamily.org\/lat\/their-royal-highnesses-are-opening-the-christmas-charity-women-refugees-handicrafts-bazaar\/","name":"Njihova Kraljevska Viso\u010danstva otvaraju bo\u017ei\u0107ni humanitarni bazar rukotvorina \u017eena izbeglica - The Royal Family of Serbia","isPartOf":{"@id":"https:\/\/royalfamily.org\/#website"},"primaryImageOfPage":{"@id":"https:\/\/royalfamily.org\/lat\/their-royal-highnesses-are-opening-the-christmas-charity-women-refugees-handicrafts-bazaar\/#primaryimage"},"image":{"@id":"https:\/\/royalfamily.org\/lat\/their-royal-highnesses-are-opening-the-christmas-charity-women-refugees-handicrafts-bazaar\/#primaryimage"},"thumbnailUrl":"https:\/\/royalfamily.org\/wp-content\/uploads\/2016\/11\/final_srb_web-740x350.jpg","datePublished":"2016-11-25T10:50:01+00:00","description":"Njihova Kraljevska Viso\u010danstva Prestolonaslednik Aleksandar i Princeza Katarina otvori\u0107e tradicionalni bo\u017ei\u0107ni bazar rukotvorina u ponedeljak, 28.","breadcrumb":{"@id":"https:\/\/royalfamily.org\/lat\/their-royal-highnesses-are-opening-the-christmas-charity-women-refugees-handicrafts-bazaar\/#breadcrumb"},"inLanguage":"sr-LT","potentialAction":[{"@type":"ReadAction","target":["https:\/\/royalfamily.org\/lat\/their-royal-highnesses-are-opening-the-christmas-charity-women-refugees-handicrafts-bazaar\/"]}]},{"@type":"ImageObject","inLanguage":"sr-LT","@id":"https:\/\/royalfamily.org\/lat\/their-royal-highnesses-are-opening-the-christmas-charity-women-refugees-handicrafts-bazaar\/#primaryimage","url":"https:\/\/royalfamily.org\/wp-content\/uploads\/2016\/11\/final_srb_web-740x350.jpg","contentUrl":"https:\/\/royalfamily.org\/wp-content\/uploads\/2016\/11\/final_srb_web-740x350.jpg","width":1500,"height":1061},{"@type":"BreadcrumbList","@id":"https:\/\/royalfamily.org\/lat\/their-royal-highnesses-are-opening-the-christmas-charity-women-refugees-handicrafts-bazaar\/#breadcrumb","itemListElement":[{"@type":"ListItem","position":1,"name":"Home","item":"https:\/\/royalfamily.org\/lat\/"},{"@type":"ListItem","position":2,"name":"Njihova Kraljevska Viso\u010danstva otvaraju bo\u017ei\u0107ni humanitarni bazar rukotvorina \u017eena izbeglica"}]},{"@type":"WebSite","@id":"https:\/\/royalfamily.org\/#website","url":"https:\/\/royalfamily.org\/","name":"The Royal Family of Serbia","description":"From the people, for the people","publisher":{"@id":"https:\/\/royalfamily.org\/#organization"},"potentialAction":[{"@type":"SearchAction","target":{"@type":"EntryPoint","urlTemplate":"https:\/\/royalfamily.org\/?s={search_term_string}"},"query-input":{"@type":"PropertyValueSpecification","valueRequired":true,"valueName":"search_term_string"}}],"inLanguage":"sr-LT"},{"@type":"Organization","@id":"https:\/\/royalfamily.org\/#organization","name":"Royal Family","url":"https:\/\/royalfamily.org\/","logo":{"@type":"ImageObject","inLanguage":"sr-LT","@id":"https:\/\/royalfamily.org\/#\/schema\/logo\/image\/","url":"https:\/\/royalfamily.org\/wp-content\/uploads\/2019\/04\/logo-vector-02-V-latinica.png","contentUrl":"https:\/\/royalfamily.org\/wp-content\/uploads\/2019\/04\/logo-vector-02-V-latinica.png","width":552,"height":99,"caption":"Royal Family"},"image":{"@id":"https:\/\/royalfamily.org\/#\/schema\/logo\/image\/"},"sameAs":["https:\/\/www.facebook.com\/Prestolonaslednik.Aleksandar"]},{"@type":"Person","@id":"https:\/\/royalfamily.org\/#\/schema\/person\/4ad3296a6a8a35eed333b6a785e9f648","name":"Stefan Milanovic","image":{"@type":"ImageObject","inLanguage":"sr-LT","@id":"https:\/\/secure.gravatar.com\/avatar\/92dcbdcf3e32112a9ceb1e41665b1f44c69382d014cacfe12c701f6af7c40259?s=96&d=mm&r=g","url":"https:\/\/secure.gravatar.com\/avatar\/92dcbdcf3e32112a9ceb1e41665b1f44c69382d014cacfe12c701f6af7c40259?s=96&d=mm&r=g","contentUrl":"https:\/\/secure.gravatar.com\/avatar\/92dcbdcf3e32112a9ceb1e41665b1f44c69382d014cacfe12c701f6af7c40259?s=96&d=mm&r=g","caption":"Stefan Milanovic"}}]}},"_links":{"self":[{"href":"https:\/\/royalfamily.org\/lat\/wp-json\/wp\/v2\/posts\/29359","targetHints":{"allow":["GET"]}}],"collection":[{"href":"https:\/\/royalfamily.org\/lat\/wp-json\/wp\/v2\/posts"}],"about":[{"href":"https:\/\/royalfamily.org\/lat\/wp-json\/wp\/v2\/types\/post"}],"author":[{"embeddable":true,"href":"https:\/\/royalfamily.org\/lat\/wp-json\/wp\/v2\/users\/1001015"}],"replies":[{"embeddable":true,"href":"https:\/\/royalfamily.org\/lat\/wp-json\/wp\/v2\/comments?post=29359"}],"version-history":[{"count":0,"href":"https:\/\/royalfamily.org\/lat\/wp-json\/wp\/v2\/posts\/29359\/revisions"}],"wp:featuredmedia":[{"embeddable":true,"href":"https:\/\/royalfamily.org\/lat\/wp-json\/wp\/v2\/media\/29353"}],"wp:attachment":[{"href":"https:\/\/royalfamily.org\/lat\/wp-json\/wp\/v2\/media?parent=29359"}],"wp:term":[{"taxonomy":"category","embeddable":true,"href":"https:\/\/royalfamily.org\/lat\/wp-json\/wp\/v2\/categories?post=29359"},{"taxonomy":"post_tag","embeddable":true,"href":"https:\/\/royalfamily.org\/lat\/wp-json\/wp\/v2\/tags?post=29359"}],"curies":[{"name":"wp","href":"https:\/\/api.w.org\/{rel}","templated":true}]}}