{"id":29383,"date":"2016-11-25T19:22:31","date_gmt":"2016-11-25T19:22:31","guid":{"rendered":"https:\/\/royalfamily.org\/exhibition-orders-of-the-house-of-karadjordje-opens-at-the-white-palace-2\/"},"modified":"2016-11-25T19:22:31","modified_gmt":"2016-11-25T19:22:31","slug":"exhibition-orders-of-the-house-of-karadjordje-opens-at-the-white-palace","status":"publish","type":"post","link":"https:\/\/royalfamily.org\/lat\/exhibition-orders-of-the-house-of-karadjordje-opens-at-the-white-palace\/","title":{"rendered":"Otvorena izlo\u017eba \u201eOrdeni Kara\u0111or\u0111evog doma\u201c na Belom dvoru"},"content":{"rendered":"<p><strong>Izlo\u017eba koja prikazuje odlikovanja koja su posedovali i nosili \u010dlanovi kraljevskog doma Kara\u0111or\u0111evi\u0107a, sve\u010dano je otvorena na Belom dvoru. Autori izlo\u017ebe su g-din Dragomir Acovi\u0107, predsedavaju\u0107i Krunskog saveta, kao i profesor Ljubodrag Gruji\u0107, herald Kraljevskog doma. <\/strong><\/p>\n<p><strong>Izlo\u017ebu je sve\u010dano otvorio Prestolonaslednik Aleksandar, a otvaranju su prisustvovali i Princeza Katarina, \u0107erka Njihovih Kraljevskih Viso\u010danstava Alison, NJ.E. g-din Ricardo Fernando Fern\u00e1ndez, ambasador Argentine, NJ.E. g-din<\/strong> <strong>Hosein Mola Abdolahi, ambasador Irana, Nj.E. g-din Kajl Skot, ambasador Sjedinjenih Ameri\u010dkih Dr\u017eava, \u010dlanovi Savetodavnih tela Krune, kao i mnogi predstavnici kulturnog i javnog \u017eivota. <\/strong><\/p>\n<p>Posetioci izlo\u017ebe bi\u0107e u prilici da saznaju koja su odlikovanja nosili Kara\u0111or\u0111evi\u0107i i kojim povodom su ih dobijali, kao i zbog \u010dega se o ordenima i zaslugama \u010dlanova ove porodice kroz istoriju znalo vrlo malo.<\/p>\n<p>\u201eVo\u017ed i njegovi potomci su tokom dva veka pro\u0161li \u010ditavu faleristi\u010dku istoriju, od zaslu\u017enih pojedinaca do izvora po\u010dasti i otelovljenja vrlina i mana naroda koji su vodili. Odlikovanja koja su nosili Kara\u0111or\u0111evi\u0107i, po pravu ro\u0111enja i funkcije, po osnovu li\u010dnih vrlina u ratu i miru, po osnovu simboli\u010dkog simboli\u010dkog predstavljanja institucije koja je nad\u017eivela svoj ustavni i pravni polo\u017eaj, otkrivaju deo ukupne slike vremena u kom smo \u017eiveli i u \u010dijim posledicama danas \u017eivimo. Kara\u0111or\u0111evi\u0107i su bili ljudi svog vremena u svetu i ljudi za sva vremena u Srbiji i me\u0111u Srbima\u201c, rekao je gospodin Dragomir Acovi\u0107, autor izlo\u017ebe.<\/p>\n<p>Osim autora izlo\u017ebe, tokom sve\u010danog otvaranja obratila se i g-\u0111a Du\u0161anka Mari\u010di\u0107, kustos Vojnog muzeja.<\/p>\n<p>Gosti su imali priliku da u\u017eivaju u proizvodima kompanije \u201eBean and Leaf\u201c.<\/p>\n<p>Izlo\u017eba \u201eOrdeni Kara\u0111or\u0111evog doma\u201c bi\u0107e otvorena za javnost do 10. decembra, radnim danima u terminima od 11 i od 14 \u010dasova.<\/p>\n<p><a href=\"https:\/\/royalfamily.org\/wp-content\/uploads\/2016\/11\/IMG_9952w.jpg\"><img decoding=\"async\" class=\"alignnone size-thumbnail wp-image-29378\" alt=\"Izlo\u017eba Ordeni Kara\u0111or\u0111evog doma na Belom dvoru\" src=\"https:\/\/royalfamily.org\/wp-content\/uploads\/2016\/11\/IMG_9952w-170x120.jpg\" width=\"170\" height=\"120\" \/><\/a> <a href=\"https:\/\/royalfamily.org\/wp-content\/uploads\/2016\/11\/IMG_0331w.jpg\"><img decoding=\"async\" class=\"alignnone size-thumbnail wp-image-29375\" alt=\"Ambasador Argentine, Prestolonaslednik Aleksandar, ambasador SAD sa suprugom, g-din Dragomir Acovic\" src=\"https:\/\/royalfamily.org\/wp-content\/uploads\/2016\/11\/IMG_0331w-170x120.jpg\" width=\"170\" height=\"120\" \/><\/a> <a href=\"https:\/\/royalfamily.org\/wp-content\/uploads\/2016\/11\/IMG_0314w.jpg\"><img decoding=\"async\" class=\"alignnone size-thumbnail wp-image-29372\" alt=\"Izlo\u017eba Ordeni Kara\u0111or\u0111evog doma na Belom dvoru\" src=\"https:\/\/royalfamily.org\/wp-content\/uploads\/2016\/11\/IMG_0314w-170x120.jpg\" width=\"170\" height=\"120\" \/><\/a><\/p>\n<p><a href=\"https:\/\/royalfamily.org\/wp-content\/uploads\/2016\/11\/24.jpg\"><img decoding=\"async\" class=\"alignnone size-thumbnail wp-image-29395\" alt=\"Prestolonaslednik Aleksandar, Princeza Katarina i njihova \u0107erka Alison sa Nj.E. g-dinom Kajlom Skotom, ambasadorom Sjedinjenih Ameri\u010dkih Dr\u017eava, sa suprugom\" src=\"https:\/\/royalfamily.org\/wp-content\/uploads\/2016\/11\/24-170x120.jpg\" width=\"170\" height=\"120\" \/><\/a> <a href=\"https:\/\/royalfamily.org\/wp-content\/uploads\/2016\/11\/16.jpg\"><img decoding=\"async\" class=\"alignnone size-thumbnail wp-image-29392\" alt=\"Prestolonaslednik Aleksandar i Princeza Katarina sa NJ.E. g-dinom Hoseinom Molom Abdolahijem, ambasadorom Irana sa suprugom\" src=\"https:\/\/royalfamily.org\/wp-content\/uploads\/2016\/11\/16-170x120.jpg\" width=\"170\" height=\"120\" srcset=\"https:\/\/royalfamily.org\/wp-content\/uploads\/2016\/11\/16-170x120.jpg 170w, https:\/\/royalfamily.org\/wp-content\/uploads\/2016\/11\/16-300x213.jpg 300w, https:\/\/royalfamily.org\/wp-content\/uploads\/2016\/11\/16-500x356.jpg 500w, https:\/\/royalfamily.org\/wp-content\/uploads\/2016\/11\/16-700x499.jpg 700w, https:\/\/royalfamily.org\/wp-content\/uploads\/2016\/11\/16-1024x729.jpg 1024w, https:\/\/royalfamily.org\/wp-content\/uploads\/2016\/11\/16.jpg 1200w\" sizes=\"(max-width: 170px) 100vw, 170px\" \/><\/a><\/p>\n","protected":false},"excerpt":{"rendered":"<p>Izlo\u017eba koja prikazuje odlikovanja koja su posedovali i nosili \u010dlanovi kraljevskog doma Kara\u0111or\u0111evi\u0107a, sve\u010dano je  [&#8230;]<\/p>\n","protected":false},"author":1001015,"featured_media":29371,"comment_status":"closed","ping_status":"closed","sticky":false,"template":"","format":"standard","meta":{"_acf_changed":false,"footnotes":""},"categories":[22],"tags":[],"class_list":["post-29383","post","type-post","status-publish","format-standard","has-post-thumbnail","hentry","category-vesti"],"acf":[],"yoast_head":"<!-- This site is optimized with the Yoast SEO Premium plugin v27.4 (Yoast SEO v27.4) - https:\/\/yoast.com\/product\/yoast-seo-premium-wordpress\/ -->\n<title>Otvorena izlo\u017eba \u201eOrdeni Kara\u0111or\u0111evog doma\u201c na Belom dvoru - The Royal Family of Serbia<\/title>\n<meta name=\"description\" content=\"Izlo\u017eba koja prikazuje odlikovanja koja su posedovali i nosili \u010dlanovi kraljevskog doma Kara\u0111or\u0111evi\u0107a, sve\u010dano je otvorena na Belom dvoru. Autori izlo\u017ebe\" \/>\n<meta name=\"robots\" content=\"index, follow, max-snippet:-1, max-image-preview:large, max-video-preview:-1\" \/>\n<link rel=\"canonical\" href=\"https:\/\/royalfamily.org\/lat\/exhibition-orders-of-the-house-of-karadjordje-opens-at-the-white-palace\/\" \/>\n<meta property=\"og:locale\" content=\"en_US\" \/>\n<meta property=\"og:type\" content=\"article\" \/>\n<meta property=\"og:title\" content=\"Otvorena izlo\u017eba \u201eOrdeni Kara\u0111or\u0111evog doma\u201c na Belom dvoru\" \/>\n<meta property=\"og:description\" content=\"Izlo\u017eba koja prikazuje odlikovanja koja su posedovali i nosili \u010dlanovi kraljevskog doma Kara\u0111or\u0111evi\u0107a, sve\u010dano je otvorena na Belom dvoru. Autori izlo\u017ebe\" \/>\n<meta property=\"og:url\" content=\"https:\/\/royalfamily.org\/lat\/exhibition-orders-of-the-house-of-karadjordje-opens-at-the-white-palace\/\" \/>\n<meta property=\"og:site_name\" content=\"The Royal Family of Serbia\" \/>\n<meta property=\"article:publisher\" content=\"https:\/\/www.facebook.com\/Prestolonaslednik.Aleksandar\" \/>\n<meta property=\"article:published_time\" content=\"2016-11-25T19:22:31+00:00\" \/>\n<meta property=\"og:image\" content=\"https:\/\/royalfamily.org\/wp-content\/uploads\/2016\/11\/IMG_0292w.jpg\" \/>\n\t<meta property=\"og:image:width\" content=\"740\" \/>\n\t<meta property=\"og:image:height\" content=\"350\" \/>\n\t<meta property=\"og:image:type\" content=\"image\/jpeg\" \/>\n<meta name=\"author\" content=\"Stefan Milanovic\" \/>\n<meta name=\"twitter:card\" content=\"summary_large_image\" \/>\n<meta name=\"twitter:label1\" content=\"Written by\" \/>\n\t<meta name=\"twitter:data1\" content=\"Stefan Milanovic\" \/>\n\t<meta name=\"twitter:label2\" content=\"Est. reading time\" \/>\n\t<meta name=\"twitter:data2\" content=\"2 minutes\" \/>\n<script type=\"application\/ld+json\" class=\"yoast-schema-graph\">{\"@context\":\"https:\\\/\\\/schema.org\",\"@graph\":[{\"@type\":\"Article\",\"@id\":\"https:\\\/\\\/royalfamily.org\\\/lat\\\/exhibition-orders-of-the-house-of-karadjordje-opens-at-the-white-palace\\\/#article\",\"isPartOf\":{\"@id\":\"https:\\\/\\\/royalfamily.org\\\/lat\\\/exhibition-orders-of-the-house-of-karadjordje-opens-at-the-white-palace\\\/\"},\"author\":{\"name\":\"Stefan Milanovic\",\"@id\":\"https:\\\/\\\/royalfamily.org\\\/#\\\/schema\\\/person\\\/4ad3296a6a8a35eed333b6a785e9f648\"},\"headline\":\"Otvorena izlo\u017eba \u201eOrdeni Kara\u0111or\u0111evog doma\u201c na Belom dvoru\",\"datePublished\":\"2016-11-25T19:22:31+00:00\",\"mainEntityOfPage\":{\"@id\":\"https:\\\/\\\/royalfamily.org\\\/lat\\\/exhibition-orders-of-the-house-of-karadjordje-opens-at-the-white-palace\\\/\"},\"wordCount\":328,\"publisher\":{\"@id\":\"https:\\\/\\\/royalfamily.org\\\/#organization\"},\"image\":{\"@id\":\"https:\\\/\\\/royalfamily.org\\\/lat\\\/exhibition-orders-of-the-house-of-karadjordje-opens-at-the-white-palace\\\/#primaryimage\"},\"thumbnailUrl\":\"https:\\\/\\\/royalfamily.org\\\/wp-content\\\/uploads\\\/2016\\\/11\\\/IMG_0292w.jpg\",\"articleSection\":[\"Vesti\"],\"inLanguage\":\"sr-LT\"},{\"@type\":\"WebPage\",\"@id\":\"https:\\\/\\\/royalfamily.org\\\/lat\\\/exhibition-orders-of-the-house-of-karadjordje-opens-at-the-white-palace\\\/\",\"url\":\"https:\\\/\\\/royalfamily.org\\\/lat\\\/exhibition-orders-of-the-house-of-karadjordje-opens-at-the-white-palace\\\/\",\"name\":\"Otvorena izlo\u017eba \u201eOrdeni Kara\u0111or\u0111evog doma\u201c na Belom dvoru - The Royal Family of Serbia\",\"isPartOf\":{\"@id\":\"https:\\\/\\\/royalfamily.org\\\/#website\"},\"primaryImageOfPage\":{\"@id\":\"https:\\\/\\\/royalfamily.org\\\/lat\\\/exhibition-orders-of-the-house-of-karadjordje-opens-at-the-white-palace\\\/#primaryimage\"},\"image\":{\"@id\":\"https:\\\/\\\/royalfamily.org\\\/lat\\\/exhibition-orders-of-the-house-of-karadjordje-opens-at-the-white-palace\\\/#primaryimage\"},\"thumbnailUrl\":\"https:\\\/\\\/royalfamily.org\\\/wp-content\\\/uploads\\\/2016\\\/11\\\/IMG_0292w.jpg\",\"datePublished\":\"2016-11-25T19:22:31+00:00\",\"description\":\"Izlo\u017eba koja prikazuje odlikovanja koja su posedovali i nosili \u010dlanovi kraljevskog doma Kara\u0111or\u0111evi\u0107a, sve\u010dano je otvorena na Belom dvoru. Autori izlo\u017ebe\",\"breadcrumb\":{\"@id\":\"https:\\\/\\\/royalfamily.org\\\/lat\\\/exhibition-orders-of-the-house-of-karadjordje-opens-at-the-white-palace\\\/#breadcrumb\"},\"inLanguage\":\"sr-LT\",\"potentialAction\":[{\"@type\":\"ReadAction\",\"target\":[\"https:\\\/\\\/royalfamily.org\\\/lat\\\/exhibition-orders-of-the-house-of-karadjordje-opens-at-the-white-palace\\\/\"]}]},{\"@type\":\"ImageObject\",\"inLanguage\":\"sr-LT\",\"@id\":\"https:\\\/\\\/royalfamily.org\\\/lat\\\/exhibition-orders-of-the-house-of-karadjordje-opens-at-the-white-palace\\\/#primaryimage\",\"url\":\"https:\\\/\\\/royalfamily.org\\\/wp-content\\\/uploads\\\/2016\\\/11\\\/IMG_0292w.jpg\",\"contentUrl\":\"https:\\\/\\\/royalfamily.org\\\/wp-content\\\/uploads\\\/2016\\\/11\\\/IMG_0292w.jpg\",\"width\":740,\"height\":350},{\"@type\":\"BreadcrumbList\",\"@id\":\"https:\\\/\\\/royalfamily.org\\\/lat\\\/exhibition-orders-of-the-house-of-karadjordje-opens-at-the-white-palace\\\/#breadcrumb\",\"itemListElement\":[{\"@type\":\"ListItem\",\"position\":1,\"name\":\"Home\",\"item\":\"https:\\\/\\\/royalfamily.org\\\/lat\\\/\"},{\"@type\":\"ListItem\",\"position\":2,\"name\":\"Otvorena izlo\u017eba \u201eOrdeni Kara\u0111or\u0111evog doma\u201c na Belom dvoru\"}]},{\"@type\":\"WebSite\",\"@id\":\"https:\\\/\\\/royalfamily.org\\\/#website\",\"url\":\"https:\\\/\\\/royalfamily.org\\\/\",\"name\":\"The Royal Family of Serbia\",\"description\":\"From the people, for the people\",\"publisher\":{\"@id\":\"https:\\\/\\\/royalfamily.org\\\/#organization\"},\"potentialAction\":[{\"@type\":\"SearchAction\",\"target\":{\"@type\":\"EntryPoint\",\"urlTemplate\":\"https:\\\/\\\/royalfamily.org\\\/?s={search_term_string}\"},\"query-input\":{\"@type\":\"PropertyValueSpecification\",\"valueRequired\":true,\"valueName\":\"search_term_string\"}}],\"inLanguage\":\"sr-LT\"},{\"@type\":\"Organization\",\"@id\":\"https:\\\/\\\/royalfamily.org\\\/#organization\",\"name\":\"Royal Family\",\"url\":\"https:\\\/\\\/royalfamily.org\\\/\",\"logo\":{\"@type\":\"ImageObject\",\"inLanguage\":\"sr-LT\",\"@id\":\"https:\\\/\\\/royalfamily.org\\\/#\\\/schema\\\/logo\\\/image\\\/\",\"url\":\"https:\\\/\\\/royalfamily.org\\\/wp-content\\\/uploads\\\/2019\\\/04\\\/logo-vector-02-V-latinica.png\",\"contentUrl\":\"https:\\\/\\\/royalfamily.org\\\/wp-content\\\/uploads\\\/2019\\\/04\\\/logo-vector-02-V-latinica.png\",\"width\":552,\"height\":99,\"caption\":\"Royal Family\"},\"image\":{\"@id\":\"https:\\\/\\\/royalfamily.org\\\/#\\\/schema\\\/logo\\\/image\\\/\"},\"sameAs\":[\"https:\\\/\\\/www.facebook.com\\\/Prestolonaslednik.Aleksandar\"]},{\"@type\":\"Person\",\"@id\":\"https:\\\/\\\/royalfamily.org\\\/#\\\/schema\\\/person\\\/4ad3296a6a8a35eed333b6a785e9f648\",\"name\":\"Stefan Milanovic\",\"image\":{\"@type\":\"ImageObject\",\"inLanguage\":\"sr-LT\",\"@id\":\"https:\\\/\\\/secure.gravatar.com\\\/avatar\\\/92dcbdcf3e32112a9ceb1e41665b1f44c69382d014cacfe12c701f6af7c40259?s=96&d=mm&r=g\",\"url\":\"https:\\\/\\\/secure.gravatar.com\\\/avatar\\\/92dcbdcf3e32112a9ceb1e41665b1f44c69382d014cacfe12c701f6af7c40259?s=96&d=mm&r=g\",\"contentUrl\":\"https:\\\/\\\/secure.gravatar.com\\\/avatar\\\/92dcbdcf3e32112a9ceb1e41665b1f44c69382d014cacfe12c701f6af7c40259?s=96&d=mm&r=g\",\"caption\":\"Stefan Milanovic\"}}]}<\/script>\n<!-- \/ Yoast SEO Premium plugin. -->","yoast_head_json":{"title":"Otvorena izlo\u017eba \u201eOrdeni Kara\u0111or\u0111evog doma\u201c na Belom dvoru - The Royal Family of Serbia","description":"Izlo\u017eba koja prikazuje odlikovanja koja su posedovali i nosili \u010dlanovi kraljevskog doma Kara\u0111or\u0111evi\u0107a, sve\u010dano je otvorena na Belom dvoru. Autori izlo\u017ebe","robots":{"index":"index","follow":"follow","max-snippet":"max-snippet:-1","max-image-preview":"max-image-preview:large","max-video-preview":"max-video-preview:-1"},"canonical":"https:\/\/royalfamily.org\/lat\/exhibition-orders-of-the-house-of-karadjordje-opens-at-the-white-palace\/","og_locale":"en_US","og_type":"article","og_title":"Otvorena izlo\u017eba \u201eOrdeni Kara\u0111or\u0111evog doma\u201c na Belom dvoru","og_description":"Izlo\u017eba koja prikazuje odlikovanja koja su posedovali i nosili \u010dlanovi kraljevskog doma Kara\u0111or\u0111evi\u0107a, sve\u010dano je otvorena na Belom dvoru. Autori izlo\u017ebe","og_url":"https:\/\/royalfamily.org\/lat\/exhibition-orders-of-the-house-of-karadjordje-opens-at-the-white-palace\/","og_site_name":"The Royal Family of Serbia","article_publisher":"https:\/\/www.facebook.com\/Prestolonaslednik.Aleksandar","article_published_time":"2016-11-25T19:22:31+00:00","og_image":[{"width":740,"height":350,"url":"https:\/\/royalfamily.org\/wp-content\/uploads\/2016\/11\/IMG_0292w.jpg","type":"image\/jpeg"}],"author":"Stefan Milanovic","twitter_card":"summary_large_image","twitter_misc":{"Written by":"Stefan Milanovic","Est. reading time":"2 minutes"},"schema":{"@context":"https:\/\/schema.org","@graph":[{"@type":"Article","@id":"https:\/\/royalfamily.org\/lat\/exhibition-orders-of-the-house-of-karadjordje-opens-at-the-white-palace\/#article","isPartOf":{"@id":"https:\/\/royalfamily.org\/lat\/exhibition-orders-of-the-house-of-karadjordje-opens-at-the-white-palace\/"},"author":{"name":"Stefan Milanovic","@id":"https:\/\/royalfamily.org\/#\/schema\/person\/4ad3296a6a8a35eed333b6a785e9f648"},"headline":"Otvorena izlo\u017eba \u201eOrdeni Kara\u0111or\u0111evog doma\u201c na Belom dvoru","datePublished":"2016-11-25T19:22:31+00:00","mainEntityOfPage":{"@id":"https:\/\/royalfamily.org\/lat\/exhibition-orders-of-the-house-of-karadjordje-opens-at-the-white-palace\/"},"wordCount":328,"publisher":{"@id":"https:\/\/royalfamily.org\/#organization"},"image":{"@id":"https:\/\/royalfamily.org\/lat\/exhibition-orders-of-the-house-of-karadjordje-opens-at-the-white-palace\/#primaryimage"},"thumbnailUrl":"https:\/\/royalfamily.org\/wp-content\/uploads\/2016\/11\/IMG_0292w.jpg","articleSection":["Vesti"],"inLanguage":"sr-LT"},{"@type":"WebPage","@id":"https:\/\/royalfamily.org\/lat\/exhibition-orders-of-the-house-of-karadjordje-opens-at-the-white-palace\/","url":"https:\/\/royalfamily.org\/lat\/exhibition-orders-of-the-house-of-karadjordje-opens-at-the-white-palace\/","name":"Otvorena izlo\u017eba \u201eOrdeni Kara\u0111or\u0111evog doma\u201c na Belom dvoru - The Royal Family of Serbia","isPartOf":{"@id":"https:\/\/royalfamily.org\/#website"},"primaryImageOfPage":{"@id":"https:\/\/royalfamily.org\/lat\/exhibition-orders-of-the-house-of-karadjordje-opens-at-the-white-palace\/#primaryimage"},"image":{"@id":"https:\/\/royalfamily.org\/lat\/exhibition-orders-of-the-house-of-karadjordje-opens-at-the-white-palace\/#primaryimage"},"thumbnailUrl":"https:\/\/royalfamily.org\/wp-content\/uploads\/2016\/11\/IMG_0292w.jpg","datePublished":"2016-11-25T19:22:31+00:00","description":"Izlo\u017eba koja prikazuje odlikovanja koja su posedovali i nosili \u010dlanovi kraljevskog doma Kara\u0111or\u0111evi\u0107a, sve\u010dano je otvorena na Belom dvoru. Autori izlo\u017ebe","breadcrumb":{"@id":"https:\/\/royalfamily.org\/lat\/exhibition-orders-of-the-house-of-karadjordje-opens-at-the-white-palace\/#breadcrumb"},"inLanguage":"sr-LT","potentialAction":[{"@type":"ReadAction","target":["https:\/\/royalfamily.org\/lat\/exhibition-orders-of-the-house-of-karadjordje-opens-at-the-white-palace\/"]}]},{"@type":"ImageObject","inLanguage":"sr-LT","@id":"https:\/\/royalfamily.org\/lat\/exhibition-orders-of-the-house-of-karadjordje-opens-at-the-white-palace\/#primaryimage","url":"https:\/\/royalfamily.org\/wp-content\/uploads\/2016\/11\/IMG_0292w.jpg","contentUrl":"https:\/\/royalfamily.org\/wp-content\/uploads\/2016\/11\/IMG_0292w.jpg","width":740,"height":350},{"@type":"BreadcrumbList","@id":"https:\/\/royalfamily.org\/lat\/exhibition-orders-of-the-house-of-karadjordje-opens-at-the-white-palace\/#breadcrumb","itemListElement":[{"@type":"ListItem","position":1,"name":"Home","item":"https:\/\/royalfamily.org\/lat\/"},{"@type":"ListItem","position":2,"name":"Otvorena izlo\u017eba \u201eOrdeni Kara\u0111or\u0111evog doma\u201c na Belom dvoru"}]},{"@type":"WebSite","@id":"https:\/\/royalfamily.org\/#website","url":"https:\/\/royalfamily.org\/","name":"The Royal Family of Serbia","description":"From the people, for the people","publisher":{"@id":"https:\/\/royalfamily.org\/#organization"},"potentialAction":[{"@type":"SearchAction","target":{"@type":"EntryPoint","urlTemplate":"https:\/\/royalfamily.org\/?s={search_term_string}"},"query-input":{"@type":"PropertyValueSpecification","valueRequired":true,"valueName":"search_term_string"}}],"inLanguage":"sr-LT"},{"@type":"Organization","@id":"https:\/\/royalfamily.org\/#organization","name":"Royal Family","url":"https:\/\/royalfamily.org\/","logo":{"@type":"ImageObject","inLanguage":"sr-LT","@id":"https:\/\/royalfamily.org\/#\/schema\/logo\/image\/","url":"https:\/\/royalfamily.org\/wp-content\/uploads\/2019\/04\/logo-vector-02-V-latinica.png","contentUrl":"https:\/\/royalfamily.org\/wp-content\/uploads\/2019\/04\/logo-vector-02-V-latinica.png","width":552,"height":99,"caption":"Royal Family"},"image":{"@id":"https:\/\/royalfamily.org\/#\/schema\/logo\/image\/"},"sameAs":["https:\/\/www.facebook.com\/Prestolonaslednik.Aleksandar"]},{"@type":"Person","@id":"https:\/\/royalfamily.org\/#\/schema\/person\/4ad3296a6a8a35eed333b6a785e9f648","name":"Stefan Milanovic","image":{"@type":"ImageObject","inLanguage":"sr-LT","@id":"https:\/\/secure.gravatar.com\/avatar\/92dcbdcf3e32112a9ceb1e41665b1f44c69382d014cacfe12c701f6af7c40259?s=96&d=mm&r=g","url":"https:\/\/secure.gravatar.com\/avatar\/92dcbdcf3e32112a9ceb1e41665b1f44c69382d014cacfe12c701f6af7c40259?s=96&d=mm&r=g","contentUrl":"https:\/\/secure.gravatar.com\/avatar\/92dcbdcf3e32112a9ceb1e41665b1f44c69382d014cacfe12c701f6af7c40259?s=96&d=mm&r=g","caption":"Stefan Milanovic"}}]}},"_links":{"self":[{"href":"https:\/\/royalfamily.org\/lat\/wp-json\/wp\/v2\/posts\/29383","targetHints":{"allow":["GET"]}}],"collection":[{"href":"https:\/\/royalfamily.org\/lat\/wp-json\/wp\/v2\/posts"}],"about":[{"href":"https:\/\/royalfamily.org\/lat\/wp-json\/wp\/v2\/types\/post"}],"author":[{"embeddable":true,"href":"https:\/\/royalfamily.org\/lat\/wp-json\/wp\/v2\/users\/1001015"}],"replies":[{"embeddable":true,"href":"https:\/\/royalfamily.org\/lat\/wp-json\/wp\/v2\/comments?post=29383"}],"version-history":[{"count":0,"href":"https:\/\/royalfamily.org\/lat\/wp-json\/wp\/v2\/posts\/29383\/revisions"}],"wp:featuredmedia":[{"embeddable":true,"href":"https:\/\/royalfamily.org\/lat\/wp-json\/wp\/v2\/media\/29371"}],"wp:attachment":[{"href":"https:\/\/royalfamily.org\/lat\/wp-json\/wp\/v2\/media?parent=29383"}],"wp:term":[{"taxonomy":"category","embeddable":true,"href":"https:\/\/royalfamily.org\/lat\/wp-json\/wp\/v2\/categories?post=29383"},{"taxonomy":"post_tag","embeddable":true,"href":"https:\/\/royalfamily.org\/lat\/wp-json\/wp\/v2\/tags?post=29383"}],"curies":[{"name":"wp","href":"https:\/\/api.w.org\/{rel}","templated":true}]}}