{"id":29583,"date":"2016-12-11T09:43:19","date_gmt":"2016-12-11T09:43:19","guid":{"rendered":"https:\/\/royalfamily.org\/royal-couple-handed-awards-to-the-members-of-fire-department-association-of-vojvodina-and-nis-company-representatives-2\/"},"modified":"2016-12-11T09:43:19","modified_gmt":"2016-12-11T09:43:19","slug":"royal-couple-handed-awards-to-the-members-of-fire-department-association-of-vojvodina-and-nis-company-representatives","status":"publish","type":"post","link":"https:\/\/royalfamily.org\/lat\/royal-couple-handed-awards-to-the-members-of-fire-department-association-of-vojvodina-and-nis-company-representatives\/","title":{"rendered":"KRALJEVSKI PAR URU\u010cIO ODLIKOVANJA \u010cLANOVIMA VATROGASNOG SAVEZA VOJVODINE I PREDSTAVNICIMA NIS-A"},"content":{"rendered":"<p>Njihova Kraljevska Viso\u010danstva Prestolonaslednik Aleksandar i Princeza Katarina prisustvovali su XV tribini Vatrogasnog saveza Vojvodine kojoj je prethodio vatrogasni seminar \u201eOsposobljavanje ljudskih resursa vatrogasne organizacije Vojvodine za vanredne situacije\u201c. Ovom prilikom, Njihova Kraljevska Viso\u010danstva uru\u010dili su odlikovanja i priznanja najzaslu\u017enijim \u010dlanovima Saveza, kao i predstavnicima Naftne industrije Srbije.<\/p>\n<p>\u201ePripremiti\u00a0 ljude za vanredne situacije izuzetno je va\u017eno. Kvalitetna profesionalna obuka ima veliki zna\u010daj, jer ona poma\u017ee i ekonomski razvoj na\u0161e zemlje. U daljem radu uvek mo\u017eete ra\u010dunati na podr\u0161ku moje porodice i Fondacije za kulturu i obrazovanje. Svim dobitnicima od srca \u010destitam, a svim \u010dlanovima Saveza \u017eelim uspe\u0161an rad\u201d, rekao je Prestolonaslednik Aleksandar.<\/p>\n<p>Ova manifestacija veoma je va\u017ean korak u procesu popularizacije vatrogasnog poziva, a to je ujedno bila i prilika da se svi vatrogasci na teritoriji Vojvodine i \u0161ire okupe i podele svoja iskustva i znanja.<\/p>\n<p>Sve\u010danoj ceremoniji dodele priznanja prisustvovali su i Sanja\u00a0 Petrovi\u0107, predsednica op\u0161tine Kovin, Zoran Bradanji, predsednik Skup\u0161tine op\u0161tine Kovin, Dragan Jaji\u0107, predsednik Vatrogasnog saveza Vojvodine, Dragan Mihajlovi\u0107, predsednik Vatrogasnog saveza Srbije, Ru\u017eica Belanovi\u0107, potpredsednica Vatrogasnog saveza Srbije, kao i mnogi drugi.<\/p>\n<p><a href=\"https:\/\/royalfamily.org\/wp-content\/uploads\/2016\/12\/11.jpg\"><img decoding=\"async\" class=\"alignnone size-thumbnail wp-image-29575\" alt=\"Jovica Ivkovi\u0107, predsednik Organizacionog odbora Vatrogasnog saveza Vojvodine i Prestolonaslednik Aleksandar\" src=\"https:\/\/royalfamily.org\/wp-content\/uploads\/2016\/12\/11-170x120.jpg\" width=\"170\" height=\"120\" \/><\/a> <a href=\"https:\/\/royalfamily.org\/wp-content\/uploads\/2016\/12\/21.jpg\"><img decoding=\"async\" class=\"alignnone size-thumbnail wp-image-29572\" alt=\"Njihova Kraljevska Viso\u010danstva sa \u010dlanovima uprave Vatrogasnog saveza i g-\u0111om Sanjom Petrovi\u0107, predsednicom Op\u0161tine Kovin\" src=\"https:\/\/royalfamily.org\/wp-content\/uploads\/2016\/12\/21-170x120.jpg\" width=\"170\" height=\"120\" \/><\/a> \u00a0<a href=\"https:\/\/royalfamily.org\/wp-content\/uploads\/2016\/12\/41.jpg\"><img decoding=\"async\" class=\"alignnone size-thumbnail wp-image-29566\" alt=\"Prestolonaslednik Aleksandar\" src=\"https:\/\/royalfamily.org\/wp-content\/uploads\/2016\/12\/41-170x120.jpg\" width=\"170\" height=\"120\" \/><\/a><\/p>\n","protected":false},"excerpt":{"rendered":"<p>Njihova Kraljevska Viso\u010danstva Prestolonaslednik Aleksandar i Princeza Katarina prisustvovali su XV tribini Vatrogasnog saveza Vojvodine  [&#8230;]<\/p>\n","protected":false},"author":1001015,"featured_media":29589,"comment_status":"closed","ping_status":"closed","sticky":false,"template":"","format":"standard","meta":{"_acf_changed":false,"footnotes":""},"categories":[22],"tags":[],"class_list":["post-29583","post","type-post","status-publish","format-standard","has-post-thumbnail","hentry","category-vesti"],"acf":[],"yoast_head":"<!-- This site is optimized with the Yoast SEO Premium plugin v27.5 (Yoast SEO v27.5) - https:\/\/yoast.com\/product\/yoast-seo-premium-wordpress\/ -->\n<title>KRALJEVSKI PAR URU\u010cIO ODLIKOVANJA \u010cLANOVIMA VATROGASNOG SAVEZA VOJVODINE I PREDSTAVNICIMA NIS-A - The Royal Family of Serbia<\/title>\n<meta name=\"description\" content=\"Njihova Kraljevska Viso\u010danstva Prestolonaslednik Aleksandar i Princeza Katarina prisustvovali su XV tribini Vatrogasnog saveza Vojvodine kojoj je\" \/>\n<meta name=\"robots\" content=\"index, follow, max-snippet:-1, max-image-preview:large, max-video-preview:-1\" \/>\n<link rel=\"canonical\" href=\"https:\/\/royalfamily.org\/lat\/royal-couple-handed-awards-to-the-members-of-fire-department-association-of-vojvodina-and-nis-company-representatives\/\" \/>\n<meta property=\"og:locale\" content=\"en_US\" \/>\n<meta property=\"og:type\" content=\"article\" \/>\n<meta property=\"og:title\" content=\"KRALJEVSKI PAR URU\u010cIO ODLIKOVANJA \u010cLANOVIMA VATROGASNOG SAVEZA VOJVODINE I PREDSTAVNICIMA NIS-A\" \/>\n<meta property=\"og:description\" content=\"Njihova Kraljevska Viso\u010danstva Prestolonaslednik Aleksandar i Princeza Katarina prisustvovali su XV tribini Vatrogasnog saveza Vojvodine kojoj je\" \/>\n<meta property=\"og:url\" content=\"https:\/\/royalfamily.org\/lat\/royal-couple-handed-awards-to-the-members-of-fire-department-association-of-vojvodina-and-nis-company-representatives\/\" \/>\n<meta property=\"og:site_name\" content=\"The Royal Family of Serbia\" \/>\n<meta property=\"article:publisher\" content=\"https:\/\/www.facebook.com\/Prestolonaslednik.Aleksandar\" \/>\n<meta property=\"article:published_time\" content=\"2016-12-11T09:43:19+00:00\" \/>\n<meta property=\"og:image\" content=\"https:\/\/royalfamily.org\/wp-content\/uploads\/2016\/12\/02.jpg\" \/>\n\t<meta property=\"og:image:width\" content=\"740\" \/>\n\t<meta property=\"og:image:height\" content=\"350\" \/>\n\t<meta property=\"og:image:type\" content=\"image\/jpeg\" \/>\n<meta name=\"author\" content=\"Stefan Milanovic\" \/>\n<meta name=\"twitter:card\" content=\"summary_large_image\" \/>\n<meta name=\"twitter:label1\" content=\"Written by\" \/>\n\t<meta name=\"twitter:data1\" content=\"Stefan Milanovic\" \/>\n\t<meta name=\"twitter:label2\" content=\"Est. reading time\" \/>\n\t<meta name=\"twitter:data2\" content=\"1 minute\" \/>\n<script type=\"application\/ld+json\" class=\"yoast-schema-graph\">{\"@context\":\"https:\\\/\\\/schema.org\",\"@graph\":[{\"@type\":\"Article\",\"@id\":\"https:\\\/\\\/royalfamily.org\\\/lat\\\/royal-couple-handed-awards-to-the-members-of-fire-department-association-of-vojvodina-and-nis-company-representatives\\\/#article\",\"isPartOf\":{\"@id\":\"https:\\\/\\\/royalfamily.org\\\/lat\\\/royal-couple-handed-awards-to-the-members-of-fire-department-association-of-vojvodina-and-nis-company-representatives\\\/\"},\"author\":{\"name\":\"Stefan Milanovic\",\"@id\":\"https:\\\/\\\/royalfamily.org\\\/#\\\/schema\\\/person\\\/4ad3296a6a8a35eed333b6a785e9f648\"},\"headline\":\"KRALJEVSKI PAR URU\u010cIO ODLIKOVANJA \u010cLANOVIMA VATROGASNOG SAVEZA VOJVODINE I PREDSTAVNICIMA NIS-A\",\"datePublished\":\"2016-12-11T09:43:19+00:00\",\"mainEntityOfPage\":{\"@id\":\"https:\\\/\\\/royalfamily.org\\\/lat\\\/royal-couple-handed-awards-to-the-members-of-fire-department-association-of-vojvodina-and-nis-company-representatives\\\/\"},\"wordCount\":206,\"publisher\":{\"@id\":\"https:\\\/\\\/royalfamily.org\\\/#organization\"},\"image\":{\"@id\":\"https:\\\/\\\/royalfamily.org\\\/lat\\\/royal-couple-handed-awards-to-the-members-of-fire-department-association-of-vojvodina-and-nis-company-representatives\\\/#primaryimage\"},\"thumbnailUrl\":\"https:\\\/\\\/royalfamily.org\\\/wp-content\\\/uploads\\\/2016\\\/12\\\/02.jpg\",\"articleSection\":[\"Vesti\"],\"inLanguage\":\"sr-LT\"},{\"@type\":\"WebPage\",\"@id\":\"https:\\\/\\\/royalfamily.org\\\/lat\\\/royal-couple-handed-awards-to-the-members-of-fire-department-association-of-vojvodina-and-nis-company-representatives\\\/\",\"url\":\"https:\\\/\\\/royalfamily.org\\\/lat\\\/royal-couple-handed-awards-to-the-members-of-fire-department-association-of-vojvodina-and-nis-company-representatives\\\/\",\"name\":\"KRALJEVSKI PAR URU\u010cIO ODLIKOVANJA \u010cLANOVIMA VATROGASNOG SAVEZA VOJVODINE I PREDSTAVNICIMA NIS-A - The Royal Family of Serbia\",\"isPartOf\":{\"@id\":\"https:\\\/\\\/royalfamily.org\\\/#website\"},\"primaryImageOfPage\":{\"@id\":\"https:\\\/\\\/royalfamily.org\\\/lat\\\/royal-couple-handed-awards-to-the-members-of-fire-department-association-of-vojvodina-and-nis-company-representatives\\\/#primaryimage\"},\"image\":{\"@id\":\"https:\\\/\\\/royalfamily.org\\\/lat\\\/royal-couple-handed-awards-to-the-members-of-fire-department-association-of-vojvodina-and-nis-company-representatives\\\/#primaryimage\"},\"thumbnailUrl\":\"https:\\\/\\\/royalfamily.org\\\/wp-content\\\/uploads\\\/2016\\\/12\\\/02.jpg\",\"datePublished\":\"2016-12-11T09:43:19+00:00\",\"description\":\"Njihova Kraljevska Viso\u010danstva Prestolonaslednik Aleksandar i Princeza Katarina prisustvovali su XV tribini Vatrogasnog saveza Vojvodine kojoj je\",\"breadcrumb\":{\"@id\":\"https:\\\/\\\/royalfamily.org\\\/lat\\\/royal-couple-handed-awards-to-the-members-of-fire-department-association-of-vojvodina-and-nis-company-representatives\\\/#breadcrumb\"},\"inLanguage\":\"sr-LT\",\"potentialAction\":[{\"@type\":\"ReadAction\",\"target\":[\"https:\\\/\\\/royalfamily.org\\\/lat\\\/royal-couple-handed-awards-to-the-members-of-fire-department-association-of-vojvodina-and-nis-company-representatives\\\/\"]}]},{\"@type\":\"ImageObject\",\"inLanguage\":\"sr-LT\",\"@id\":\"https:\\\/\\\/royalfamily.org\\\/lat\\\/royal-couple-handed-awards-to-the-members-of-fire-department-association-of-vojvodina-and-nis-company-representatives\\\/#primaryimage\",\"url\":\"https:\\\/\\\/royalfamily.org\\\/wp-content\\\/uploads\\\/2016\\\/12\\\/02.jpg\",\"contentUrl\":\"https:\\\/\\\/royalfamily.org\\\/wp-content\\\/uploads\\\/2016\\\/12\\\/02.jpg\",\"width\":740,\"height\":350},{\"@type\":\"BreadcrumbList\",\"@id\":\"https:\\\/\\\/royalfamily.org\\\/lat\\\/royal-couple-handed-awards-to-the-members-of-fire-department-association-of-vojvodina-and-nis-company-representatives\\\/#breadcrumb\",\"itemListElement\":[{\"@type\":\"ListItem\",\"position\":1,\"name\":\"Home\",\"item\":\"https:\\\/\\\/royalfamily.org\\\/lat\\\/\"},{\"@type\":\"ListItem\",\"position\":2,\"name\":\"KRALJEVSKI PAR URU\u010cIO ODLIKOVANJA \u010cLANOVIMA VATROGASNOG SAVEZA VOJVODINE I PREDSTAVNICIMA NIS-A\"}]},{\"@type\":\"WebSite\",\"@id\":\"https:\\\/\\\/royalfamily.org\\\/#website\",\"url\":\"https:\\\/\\\/royalfamily.org\\\/\",\"name\":\"The Royal Family of Serbia\",\"description\":\"From the people, for the people\",\"publisher\":{\"@id\":\"https:\\\/\\\/royalfamily.org\\\/#organization\"},\"potentialAction\":[{\"@type\":\"SearchAction\",\"target\":{\"@type\":\"EntryPoint\",\"urlTemplate\":\"https:\\\/\\\/royalfamily.org\\\/?s={search_term_string}\"},\"query-input\":{\"@type\":\"PropertyValueSpecification\",\"valueRequired\":true,\"valueName\":\"search_term_string\"}}],\"inLanguage\":\"sr-LT\"},{\"@type\":\"Organization\",\"@id\":\"https:\\\/\\\/royalfamily.org\\\/#organization\",\"name\":\"Royal Family\",\"url\":\"https:\\\/\\\/royalfamily.org\\\/\",\"logo\":{\"@type\":\"ImageObject\",\"inLanguage\":\"sr-LT\",\"@id\":\"https:\\\/\\\/royalfamily.org\\\/#\\\/schema\\\/logo\\\/image\\\/\",\"url\":\"https:\\\/\\\/royalfamily.org\\\/wp-content\\\/uploads\\\/2019\\\/04\\\/logo-vector-02-V-latinica.png\",\"contentUrl\":\"https:\\\/\\\/royalfamily.org\\\/wp-content\\\/uploads\\\/2019\\\/04\\\/logo-vector-02-V-latinica.png\",\"width\":552,\"height\":99,\"caption\":\"Royal Family\"},\"image\":{\"@id\":\"https:\\\/\\\/royalfamily.org\\\/#\\\/schema\\\/logo\\\/image\\\/\"},\"sameAs\":[\"https:\\\/\\\/www.facebook.com\\\/Prestolonaslednik.Aleksandar\"]},{\"@type\":\"Person\",\"@id\":\"https:\\\/\\\/royalfamily.org\\\/#\\\/schema\\\/person\\\/4ad3296a6a8a35eed333b6a785e9f648\",\"name\":\"Stefan Milanovic\",\"image\":{\"@type\":\"ImageObject\",\"inLanguage\":\"sr-LT\",\"@id\":\"https:\\\/\\\/secure.gravatar.com\\\/avatar\\\/92dcbdcf3e32112a9ceb1e41665b1f44c69382d014cacfe12c701f6af7c40259?s=96&d=mm&r=g\",\"url\":\"https:\\\/\\\/secure.gravatar.com\\\/avatar\\\/92dcbdcf3e32112a9ceb1e41665b1f44c69382d014cacfe12c701f6af7c40259?s=96&d=mm&r=g\",\"contentUrl\":\"https:\\\/\\\/secure.gravatar.com\\\/avatar\\\/92dcbdcf3e32112a9ceb1e41665b1f44c69382d014cacfe12c701f6af7c40259?s=96&d=mm&r=g\",\"caption\":\"Stefan Milanovic\"}}]}<\/script>\n<!-- \/ Yoast SEO Premium plugin. -->","yoast_head_json":{"title":"KRALJEVSKI PAR URU\u010cIO ODLIKOVANJA \u010cLANOVIMA VATROGASNOG SAVEZA VOJVODINE I PREDSTAVNICIMA NIS-A - The Royal Family of Serbia","description":"Njihova Kraljevska Viso\u010danstva Prestolonaslednik Aleksandar i Princeza Katarina prisustvovali su XV tribini Vatrogasnog saveza Vojvodine kojoj je","robots":{"index":"index","follow":"follow","max-snippet":"max-snippet:-1","max-image-preview":"max-image-preview:large","max-video-preview":"max-video-preview:-1"},"canonical":"https:\/\/royalfamily.org\/lat\/royal-couple-handed-awards-to-the-members-of-fire-department-association-of-vojvodina-and-nis-company-representatives\/","og_locale":"en_US","og_type":"article","og_title":"KRALJEVSKI PAR URU\u010cIO ODLIKOVANJA \u010cLANOVIMA VATROGASNOG SAVEZA VOJVODINE I PREDSTAVNICIMA NIS-A","og_description":"Njihova Kraljevska Viso\u010danstva Prestolonaslednik Aleksandar i Princeza Katarina prisustvovali su XV tribini Vatrogasnog saveza Vojvodine kojoj je","og_url":"https:\/\/royalfamily.org\/lat\/royal-couple-handed-awards-to-the-members-of-fire-department-association-of-vojvodina-and-nis-company-representatives\/","og_site_name":"The Royal Family of Serbia","article_publisher":"https:\/\/www.facebook.com\/Prestolonaslednik.Aleksandar","article_published_time":"2016-12-11T09:43:19+00:00","og_image":[{"width":740,"height":350,"url":"https:\/\/royalfamily.org\/wp-content\/uploads\/2016\/12\/02.jpg","type":"image\/jpeg"}],"author":"Stefan Milanovic","twitter_card":"summary_large_image","twitter_misc":{"Written by":"Stefan Milanovic","Est. reading time":"1 minute"},"schema":{"@context":"https:\/\/schema.org","@graph":[{"@type":"Article","@id":"https:\/\/royalfamily.org\/lat\/royal-couple-handed-awards-to-the-members-of-fire-department-association-of-vojvodina-and-nis-company-representatives\/#article","isPartOf":{"@id":"https:\/\/royalfamily.org\/lat\/royal-couple-handed-awards-to-the-members-of-fire-department-association-of-vojvodina-and-nis-company-representatives\/"},"author":{"name":"Stefan Milanovic","@id":"https:\/\/royalfamily.org\/#\/schema\/person\/4ad3296a6a8a35eed333b6a785e9f648"},"headline":"KRALJEVSKI PAR URU\u010cIO ODLIKOVANJA \u010cLANOVIMA VATROGASNOG SAVEZA VOJVODINE I PREDSTAVNICIMA NIS-A","datePublished":"2016-12-11T09:43:19+00:00","mainEntityOfPage":{"@id":"https:\/\/royalfamily.org\/lat\/royal-couple-handed-awards-to-the-members-of-fire-department-association-of-vojvodina-and-nis-company-representatives\/"},"wordCount":206,"publisher":{"@id":"https:\/\/royalfamily.org\/#organization"},"image":{"@id":"https:\/\/royalfamily.org\/lat\/royal-couple-handed-awards-to-the-members-of-fire-department-association-of-vojvodina-and-nis-company-representatives\/#primaryimage"},"thumbnailUrl":"https:\/\/royalfamily.org\/wp-content\/uploads\/2016\/12\/02.jpg","articleSection":["Vesti"],"inLanguage":"sr-LT"},{"@type":"WebPage","@id":"https:\/\/royalfamily.org\/lat\/royal-couple-handed-awards-to-the-members-of-fire-department-association-of-vojvodina-and-nis-company-representatives\/","url":"https:\/\/royalfamily.org\/lat\/royal-couple-handed-awards-to-the-members-of-fire-department-association-of-vojvodina-and-nis-company-representatives\/","name":"KRALJEVSKI PAR URU\u010cIO ODLIKOVANJA \u010cLANOVIMA VATROGASNOG SAVEZA VOJVODINE I PREDSTAVNICIMA NIS-A - The Royal Family of Serbia","isPartOf":{"@id":"https:\/\/royalfamily.org\/#website"},"primaryImageOfPage":{"@id":"https:\/\/royalfamily.org\/lat\/royal-couple-handed-awards-to-the-members-of-fire-department-association-of-vojvodina-and-nis-company-representatives\/#primaryimage"},"image":{"@id":"https:\/\/royalfamily.org\/lat\/royal-couple-handed-awards-to-the-members-of-fire-department-association-of-vojvodina-and-nis-company-representatives\/#primaryimage"},"thumbnailUrl":"https:\/\/royalfamily.org\/wp-content\/uploads\/2016\/12\/02.jpg","datePublished":"2016-12-11T09:43:19+00:00","description":"Njihova Kraljevska Viso\u010danstva Prestolonaslednik Aleksandar i Princeza Katarina prisustvovali su XV tribini Vatrogasnog saveza Vojvodine kojoj je","breadcrumb":{"@id":"https:\/\/royalfamily.org\/lat\/royal-couple-handed-awards-to-the-members-of-fire-department-association-of-vojvodina-and-nis-company-representatives\/#breadcrumb"},"inLanguage":"sr-LT","potentialAction":[{"@type":"ReadAction","target":["https:\/\/royalfamily.org\/lat\/royal-couple-handed-awards-to-the-members-of-fire-department-association-of-vojvodina-and-nis-company-representatives\/"]}]},{"@type":"ImageObject","inLanguage":"sr-LT","@id":"https:\/\/royalfamily.org\/lat\/royal-couple-handed-awards-to-the-members-of-fire-department-association-of-vojvodina-and-nis-company-representatives\/#primaryimage","url":"https:\/\/royalfamily.org\/wp-content\/uploads\/2016\/12\/02.jpg","contentUrl":"https:\/\/royalfamily.org\/wp-content\/uploads\/2016\/12\/02.jpg","width":740,"height":350},{"@type":"BreadcrumbList","@id":"https:\/\/royalfamily.org\/lat\/royal-couple-handed-awards-to-the-members-of-fire-department-association-of-vojvodina-and-nis-company-representatives\/#breadcrumb","itemListElement":[{"@type":"ListItem","position":1,"name":"Home","item":"https:\/\/royalfamily.org\/lat\/"},{"@type":"ListItem","position":2,"name":"KRALJEVSKI PAR URU\u010cIO ODLIKOVANJA \u010cLANOVIMA VATROGASNOG SAVEZA VOJVODINE I PREDSTAVNICIMA NIS-A"}]},{"@type":"WebSite","@id":"https:\/\/royalfamily.org\/#website","url":"https:\/\/royalfamily.org\/","name":"The Royal Family of Serbia","description":"From the people, for the people","publisher":{"@id":"https:\/\/royalfamily.org\/#organization"},"potentialAction":[{"@type":"SearchAction","target":{"@type":"EntryPoint","urlTemplate":"https:\/\/royalfamily.org\/?s={search_term_string}"},"query-input":{"@type":"PropertyValueSpecification","valueRequired":true,"valueName":"search_term_string"}}],"inLanguage":"sr-LT"},{"@type":"Organization","@id":"https:\/\/royalfamily.org\/#organization","name":"Royal Family","url":"https:\/\/royalfamily.org\/","logo":{"@type":"ImageObject","inLanguage":"sr-LT","@id":"https:\/\/royalfamily.org\/#\/schema\/logo\/image\/","url":"https:\/\/royalfamily.org\/wp-content\/uploads\/2019\/04\/logo-vector-02-V-latinica.png","contentUrl":"https:\/\/royalfamily.org\/wp-content\/uploads\/2019\/04\/logo-vector-02-V-latinica.png","width":552,"height":99,"caption":"Royal Family"},"image":{"@id":"https:\/\/royalfamily.org\/#\/schema\/logo\/image\/"},"sameAs":["https:\/\/www.facebook.com\/Prestolonaslednik.Aleksandar"]},{"@type":"Person","@id":"https:\/\/royalfamily.org\/#\/schema\/person\/4ad3296a6a8a35eed333b6a785e9f648","name":"Stefan Milanovic","image":{"@type":"ImageObject","inLanguage":"sr-LT","@id":"https:\/\/secure.gravatar.com\/avatar\/92dcbdcf3e32112a9ceb1e41665b1f44c69382d014cacfe12c701f6af7c40259?s=96&d=mm&r=g","url":"https:\/\/secure.gravatar.com\/avatar\/92dcbdcf3e32112a9ceb1e41665b1f44c69382d014cacfe12c701f6af7c40259?s=96&d=mm&r=g","contentUrl":"https:\/\/secure.gravatar.com\/avatar\/92dcbdcf3e32112a9ceb1e41665b1f44c69382d014cacfe12c701f6af7c40259?s=96&d=mm&r=g","caption":"Stefan Milanovic"}}]}},"_links":{"self":[{"href":"https:\/\/royalfamily.org\/lat\/wp-json\/wp\/v2\/posts\/29583","targetHints":{"allow":["GET"]}}],"collection":[{"href":"https:\/\/royalfamily.org\/lat\/wp-json\/wp\/v2\/posts"}],"about":[{"href":"https:\/\/royalfamily.org\/lat\/wp-json\/wp\/v2\/types\/post"}],"author":[{"embeddable":true,"href":"https:\/\/royalfamily.org\/lat\/wp-json\/wp\/v2\/users\/1001015"}],"replies":[{"embeddable":true,"href":"https:\/\/royalfamily.org\/lat\/wp-json\/wp\/v2\/comments?post=29583"}],"version-history":[{"count":0,"href":"https:\/\/royalfamily.org\/lat\/wp-json\/wp\/v2\/posts\/29583\/revisions"}],"wp:featuredmedia":[{"embeddable":true,"href":"https:\/\/royalfamily.org\/lat\/wp-json\/wp\/v2\/media\/29589"}],"wp:attachment":[{"href":"https:\/\/royalfamily.org\/lat\/wp-json\/wp\/v2\/media?parent=29583"}],"wp:term":[{"taxonomy":"category","embeddable":true,"href":"https:\/\/royalfamily.org\/lat\/wp-json\/wp\/v2\/categories?post=29583"},{"taxonomy":"post_tag","embeddable":true,"href":"https:\/\/royalfamily.org\/lat\/wp-json\/wp\/v2\/tags?post=29583"}],"curies":[{"name":"wp","href":"https:\/\/api.w.org\/{rel}","templated":true}]}}