{"id":29657,"date":"2016-12-13T16:32:27","date_gmt":"2016-12-13T16:32:27","guid":{"rendered":"https:\/\/royalfamily.org\/royal-family-celebrates-patron-day-saint-andrew-the-first-called-2\/"},"modified":"2016-12-13T16:32:27","modified_gmt":"2016-12-13T16:32:27","slug":"royal-family-celebrates-patron-day-saint-andrew-the-first-called","status":"publish","type":"post","link":"https:\/\/royalfamily.org\/lat\/royal-family-celebrates-patron-day-saint-andrew-the-first-called\/","title":{"rendered":"KRALJEVSKA PORODICA PROSLAVILA KRSNU SLAVU SVETOG ANDREJA PRVOZVANOG"},"content":{"rendered":"<p><strong>Njihova Kraljevska Viso\u010danstva Prestolonaslednik Aleksandar i Princeza Katarina slave danas Krsnu Slavu Kraljevske porodice \u2013 Svetog Andreja Prvozvanog, u Kraljevskom Dvoru u Beogradu. Proslavi su prisustvovale Alison, \u0107erka Njihovih Kraljevskih Viso\u010danstava i Viktorija de Silva, unuka Kraljevi\u0107a Tomislava i kum\u010de Princeze Katarine.<\/strong><\/p>\n<p>U jutarnjim \u010dasovima je Njegova Svetost Patrijarh srpski G. Irinej slu\u017eio Svetu Liturgiju u Dvorskoj kapeli Sv. Andreja Prvozvanog uz saslu\u017eenje sve\u0161tenstva beogradsko \u2013 karlova\u010dke Mitropolije.<\/p>\n<p>Po zavr\u0161etku liturgije je obavljen \u010din se\u010denja slavskog kola\u010da u Plavom salonu Kraljevskog Dvora koji je obavio Njegova Svetost Patrijarh Srpski G. Irinej.<\/p>\n<p>Njegovo Kraljevsko Viso\u010danstvo Prestolonaslednik Aleksandar se obratio prisutnima re\u010dima:<\/p>\n<p>\u201eHvala vam \u0161to ste danas ovde da zajedno proslavimo slavu moje porodice. Va\u0161a Svetosti, hvala na svetoj liturgiji i na \u010dasti \u0161to ste danas ovde sa nama. Hvala puno i predstavnicima drugih verskih zajednica \u0161to su do\u0161li na na\u0161u slavu. Ovaj blagi dan provedite u spokoju i zdravlju, \u017eelim vam sre\u0107ne bo\u017ei\u0107ne i novogodi\u0161nje praznike\u201c.<\/p>\n<p>Svetoj Liturgiji i slavskom ru\u010dku prisustvovali su i Njihova Preosve\u0161tenstva Vladika \u00a0\u0161aba\u010dki G. Lavrentije, Vladika vranjski G. Pahomije, Vladika \u0161umadijski G. Jovan i Vladika brani\u010devski G. Ignjatije, savetnik premijera Srbije g-din Vladimir Bo\u017eovi\u0107, direktor Urave za saradnju sa crkvama i verskim zajednicama \u00a0dr Mileta Radojevi\u0107, \u010dlanovi savetodavnih tela Krune g-din Dragomir Acovi\u0107, dr Du\u0161an Batakovi\u0107, g-din Matija Be\u0107kovi\u0107, prof. dr Dragoljub Kavran, prof. dr\u00a0 Miroslav Ga\u0161i\u0107, g-din Predrag Markovi\u0107, g-din Slobodan Markovi\u0107, g-din Milan Parivodi\u0107, g-din Vladan \u017divulovi\u0107, g-din Zoran \u017divanovi\u0107, g-din Darko Spasi\u0107 i g-din Ljubodrag Gruji\u0107, Reis-ul-ulema Sead ef. Nasufovi\u0107 i mnogi drugi uva\u017eeni gosti.<\/p>\n<p><a href=\"https:\/\/royalfamily.org\/wp-content\/uploads\/2016\/12\/DSC_1353w.jpg\"><img decoding=\"async\" class=\"alignnone size-thumbnail wp-image-29649\" alt=\"Gosti slave u Plavom salonu\" src=\"https:\/\/royalfamily.org\/wp-content\/uploads\/2016\/12\/DSC_1353w-170x120.jpg\" width=\"170\" height=\"120\" \/><\/a> <a href=\"https:\/\/royalfamily.org\/wp-content\/uploads\/2016\/12\/DSC_1271w.jpg\"><img decoding=\"async\" class=\"alignnone size-thumbnail wp-image-29646\" alt=\"Episkop \u0161abacki g. Lavrentije i Njegova svetost patrijarh srpski g. Irinej\" src=\"https:\/\/royalfamily.org\/wp-content\/uploads\/2016\/12\/DSC_1271w-170x120.jpg\" width=\"170\" height=\"120\" \/><\/a> <a href=\"https:\/\/royalfamily.org\/wp-content\/uploads\/2016\/12\/DSC_1213w.jpg\"><img decoding=\"async\" class=\"alignnone size-thumbnail wp-image-29643\" alt=\"Liturgija u crkvi Andreja Prvozvanog\" src=\"https:\/\/royalfamily.org\/wp-content\/uploads\/2016\/12\/DSC_1213w-170x120.jpg\" width=\"170\" height=\"120\" \/><\/a><\/p>\n<p><a href=\"https:\/\/royalfamily.org\/wp-content\/uploads\/2016\/12\/DSC_1053w.jpg\"><img decoding=\"async\" class=\"alignnone size-thumbnail wp-image-29640\" alt=\"Mileta Radojevi\u0107, direktor Uprave za saradnju sa crkvama i verskim zajednicama, g-din Dragomir Acovi\u0107, predsedavaju\u0107i Krunskog saveta, Njegova svetost patrijarh G. Irinej, Prestolonaslednik Aleksandar, prof. dr Vojislav Milovanovi\u0107, protoneimar Hrama Sv. Save\" src=\"https:\/\/royalfamily.org\/wp-content\/uploads\/2016\/12\/DSC_1053w-170x120.jpg\" width=\"170\" height=\"120\" \/><\/a> <a href=\"https:\/\/royalfamily.org\/wp-content\/uploads\/2016\/12\/DSC_1059w.jpg\"><img decoding=\"async\" class=\"alignnone size-thumbnail wp-image-29637\" alt=\" Viktorija de Silva, unuka Kraljevi\u0107a Tomislava i kum\u010de Princeze Katarine, Prestolonaslednik Aleksandar, Njegova svetost patrijarh G. Irinej, Princeza Katarina i Alison, \u0107erka Njihovih Kraljevskih Viso\u010danstava\" src=\"https:\/\/royalfamily.org\/wp-content\/uploads\/2016\/12\/DSC_1059w-170x120.jpg\" width=\"170\" height=\"120\" \/><\/a><\/p>\n","protected":false},"excerpt":{"rendered":"<p>Njihova Kraljevska Viso\u010danstva Prestolonaslednik Aleksandar i Princeza Katarina slave danas Krsnu Slavu Kraljevske porodice \u2013  [&#8230;]<\/p>\n","protected":false},"author":1001015,"featured_media":29654,"comment_status":"closed","ping_status":"closed","sticky":false,"template":"","format":"standard","meta":{"_acf_changed":false,"footnotes":""},"categories":[22],"tags":[],"class_list":["post-29657","post","type-post","status-publish","format-standard","has-post-thumbnail","hentry","category-vesti"],"acf":[],"yoast_head":"<!-- This site is optimized with the Yoast SEO Premium plugin v27.5 (Yoast SEO v27.5) - https:\/\/yoast.com\/product\/yoast-seo-premium-wordpress\/ -->\n<title>KRALJEVSKA PORODICA PROSLAVILA KRSNU SLAVU SVETOG ANDREJA PRVOZVANOG - The Royal Family of Serbia<\/title>\n<meta name=\"description\" content=\"Njihova Kraljevska Viso\u010danstva Prestolonaslednik Aleksandar i Princeza Katarina slave danas Krsnu Slavu Kraljevske porodice \u2013 Svetog Andreja Prvozvanog, u\" \/>\n<meta name=\"robots\" content=\"index, follow, max-snippet:-1, max-image-preview:large, max-video-preview:-1\" \/>\n<link rel=\"canonical\" href=\"https:\/\/royalfamily.org\/lat\/royal-family-celebrates-patron-day-saint-andrew-the-first-called\/\" \/>\n<meta property=\"og:locale\" content=\"en_US\" \/>\n<meta property=\"og:type\" content=\"article\" \/>\n<meta property=\"og:title\" content=\"KRALJEVSKA PORODICA PROSLAVILA KRSNU SLAVU SVETOG ANDREJA PRVOZVANOG\" \/>\n<meta property=\"og:description\" content=\"Njihova Kraljevska Viso\u010danstva Prestolonaslednik Aleksandar i Princeza Katarina slave danas Krsnu Slavu Kraljevske porodice \u2013 Svetog Andreja Prvozvanog, u\" \/>\n<meta property=\"og:url\" content=\"https:\/\/royalfamily.org\/lat\/royal-family-celebrates-patron-day-saint-andrew-the-first-called\/\" \/>\n<meta property=\"og:site_name\" content=\"The Royal Family of Serbia\" \/>\n<meta property=\"article:publisher\" content=\"https:\/\/www.facebook.com\/Prestolonaslednik.Aleksandar\" \/>\n<meta property=\"article:published_time\" content=\"2016-12-13T16:32:27+00:00\" \/>\n<meta property=\"og:image\" content=\"https:\/\/royalfamily.org\/wp-content\/uploads\/2016\/12\/DSC_1313w.jpg\" \/>\n\t<meta property=\"og:image:width\" content=\"740\" \/>\n\t<meta property=\"og:image:height\" content=\"350\" \/>\n\t<meta property=\"og:image:type\" content=\"image\/jpeg\" \/>\n<meta name=\"author\" content=\"Stefan Milanovic\" \/>\n<meta name=\"twitter:card\" content=\"summary_large_image\" \/>\n<meta name=\"twitter:label1\" content=\"Written by\" \/>\n\t<meta name=\"twitter:data1\" content=\"Stefan Milanovic\" \/>\n\t<meta name=\"twitter:label2\" content=\"Est. reading time\" \/>\n\t<meta name=\"twitter:data2\" content=\"1 minute\" \/>\n<script type=\"application\/ld+json\" class=\"yoast-schema-graph\">{\"@context\":\"https:\\\/\\\/schema.org\",\"@graph\":[{\"@type\":\"Article\",\"@id\":\"https:\\\/\\\/royalfamily.org\\\/lat\\\/royal-family-celebrates-patron-day-saint-andrew-the-first-called\\\/#article\",\"isPartOf\":{\"@id\":\"https:\\\/\\\/royalfamily.org\\\/lat\\\/royal-family-celebrates-patron-day-saint-andrew-the-first-called\\\/\"},\"author\":{\"name\":\"Stefan Milanovic\",\"@id\":\"https:\\\/\\\/royalfamily.org\\\/#\\\/schema\\\/person\\\/4ad3296a6a8a35eed333b6a785e9f648\"},\"headline\":\"KRALJEVSKA PORODICA PROSLAVILA KRSNU SLAVU SVETOG ANDREJA PRVOZVANOG\",\"datePublished\":\"2016-12-13T16:32:27+00:00\",\"mainEntityOfPage\":{\"@id\":\"https:\\\/\\\/royalfamily.org\\\/lat\\\/royal-family-celebrates-patron-day-saint-andrew-the-first-called\\\/\"},\"wordCount\":287,\"publisher\":{\"@id\":\"https:\\\/\\\/royalfamily.org\\\/#organization\"},\"image\":{\"@id\":\"https:\\\/\\\/royalfamily.org\\\/lat\\\/royal-family-celebrates-patron-day-saint-andrew-the-first-called\\\/#primaryimage\"},\"thumbnailUrl\":\"https:\\\/\\\/royalfamily.org\\\/wp-content\\\/uploads\\\/2016\\\/12\\\/DSC_1313w.jpg\",\"articleSection\":[\"Vesti\"],\"inLanguage\":\"sr-LT\"},{\"@type\":\"WebPage\",\"@id\":\"https:\\\/\\\/royalfamily.org\\\/lat\\\/royal-family-celebrates-patron-day-saint-andrew-the-first-called\\\/\",\"url\":\"https:\\\/\\\/royalfamily.org\\\/lat\\\/royal-family-celebrates-patron-day-saint-andrew-the-first-called\\\/\",\"name\":\"KRALJEVSKA PORODICA PROSLAVILA KRSNU SLAVU SVETOG ANDREJA PRVOZVANOG - The Royal Family of Serbia\",\"isPartOf\":{\"@id\":\"https:\\\/\\\/royalfamily.org\\\/#website\"},\"primaryImageOfPage\":{\"@id\":\"https:\\\/\\\/royalfamily.org\\\/lat\\\/royal-family-celebrates-patron-day-saint-andrew-the-first-called\\\/#primaryimage\"},\"image\":{\"@id\":\"https:\\\/\\\/royalfamily.org\\\/lat\\\/royal-family-celebrates-patron-day-saint-andrew-the-first-called\\\/#primaryimage\"},\"thumbnailUrl\":\"https:\\\/\\\/royalfamily.org\\\/wp-content\\\/uploads\\\/2016\\\/12\\\/DSC_1313w.jpg\",\"datePublished\":\"2016-12-13T16:32:27+00:00\",\"description\":\"Njihova Kraljevska Viso\u010danstva Prestolonaslednik Aleksandar i Princeza Katarina slave danas Krsnu Slavu Kraljevske porodice \u2013 Svetog Andreja Prvozvanog, u\",\"breadcrumb\":{\"@id\":\"https:\\\/\\\/royalfamily.org\\\/lat\\\/royal-family-celebrates-patron-day-saint-andrew-the-first-called\\\/#breadcrumb\"},\"inLanguage\":\"sr-LT\",\"potentialAction\":[{\"@type\":\"ReadAction\",\"target\":[\"https:\\\/\\\/royalfamily.org\\\/lat\\\/royal-family-celebrates-patron-day-saint-andrew-the-first-called\\\/\"]}]},{\"@type\":\"ImageObject\",\"inLanguage\":\"sr-LT\",\"@id\":\"https:\\\/\\\/royalfamily.org\\\/lat\\\/royal-family-celebrates-patron-day-saint-andrew-the-first-called\\\/#primaryimage\",\"url\":\"https:\\\/\\\/royalfamily.org\\\/wp-content\\\/uploads\\\/2016\\\/12\\\/DSC_1313w.jpg\",\"contentUrl\":\"https:\\\/\\\/royalfamily.org\\\/wp-content\\\/uploads\\\/2016\\\/12\\\/DSC_1313w.jpg\",\"width\":740,\"height\":350},{\"@type\":\"BreadcrumbList\",\"@id\":\"https:\\\/\\\/royalfamily.org\\\/lat\\\/royal-family-celebrates-patron-day-saint-andrew-the-first-called\\\/#breadcrumb\",\"itemListElement\":[{\"@type\":\"ListItem\",\"position\":1,\"name\":\"Home\",\"item\":\"https:\\\/\\\/royalfamily.org\\\/lat\\\/\"},{\"@type\":\"ListItem\",\"position\":2,\"name\":\"KRALJEVSKA PORODICA PROSLAVILA KRSNU SLAVU SVETOG ANDREJA PRVOZVANOG\"}]},{\"@type\":\"WebSite\",\"@id\":\"https:\\\/\\\/royalfamily.org\\\/#website\",\"url\":\"https:\\\/\\\/royalfamily.org\\\/\",\"name\":\"The Royal Family of Serbia\",\"description\":\"From the people, for the people\",\"publisher\":{\"@id\":\"https:\\\/\\\/royalfamily.org\\\/#organization\"},\"potentialAction\":[{\"@type\":\"SearchAction\",\"target\":{\"@type\":\"EntryPoint\",\"urlTemplate\":\"https:\\\/\\\/royalfamily.org\\\/?s={search_term_string}\"},\"query-input\":{\"@type\":\"PropertyValueSpecification\",\"valueRequired\":true,\"valueName\":\"search_term_string\"}}],\"inLanguage\":\"sr-LT\"},{\"@type\":\"Organization\",\"@id\":\"https:\\\/\\\/royalfamily.org\\\/#organization\",\"name\":\"Royal Family\",\"url\":\"https:\\\/\\\/royalfamily.org\\\/\",\"logo\":{\"@type\":\"ImageObject\",\"inLanguage\":\"sr-LT\",\"@id\":\"https:\\\/\\\/royalfamily.org\\\/#\\\/schema\\\/logo\\\/image\\\/\",\"url\":\"https:\\\/\\\/royalfamily.org\\\/wp-content\\\/uploads\\\/2019\\\/04\\\/logo-vector-02-V-latinica.png\",\"contentUrl\":\"https:\\\/\\\/royalfamily.org\\\/wp-content\\\/uploads\\\/2019\\\/04\\\/logo-vector-02-V-latinica.png\",\"width\":552,\"height\":99,\"caption\":\"Royal Family\"},\"image\":{\"@id\":\"https:\\\/\\\/royalfamily.org\\\/#\\\/schema\\\/logo\\\/image\\\/\"},\"sameAs\":[\"https:\\\/\\\/www.facebook.com\\\/Prestolonaslednik.Aleksandar\"]},{\"@type\":\"Person\",\"@id\":\"https:\\\/\\\/royalfamily.org\\\/#\\\/schema\\\/person\\\/4ad3296a6a8a35eed333b6a785e9f648\",\"name\":\"Stefan Milanovic\",\"image\":{\"@type\":\"ImageObject\",\"inLanguage\":\"sr-LT\",\"@id\":\"https:\\\/\\\/secure.gravatar.com\\\/avatar\\\/92dcbdcf3e32112a9ceb1e41665b1f44c69382d014cacfe12c701f6af7c40259?s=96&d=mm&r=g\",\"url\":\"https:\\\/\\\/secure.gravatar.com\\\/avatar\\\/92dcbdcf3e32112a9ceb1e41665b1f44c69382d014cacfe12c701f6af7c40259?s=96&d=mm&r=g\",\"contentUrl\":\"https:\\\/\\\/secure.gravatar.com\\\/avatar\\\/92dcbdcf3e32112a9ceb1e41665b1f44c69382d014cacfe12c701f6af7c40259?s=96&d=mm&r=g\",\"caption\":\"Stefan Milanovic\"}}]}<\/script>\n<!-- \/ Yoast SEO Premium plugin. -->","yoast_head_json":{"title":"KRALJEVSKA PORODICA PROSLAVILA KRSNU SLAVU SVETOG ANDREJA PRVOZVANOG - The Royal Family of Serbia","description":"Njihova Kraljevska Viso\u010danstva Prestolonaslednik Aleksandar i Princeza Katarina slave danas Krsnu Slavu Kraljevske porodice \u2013 Svetog Andreja Prvozvanog, u","robots":{"index":"index","follow":"follow","max-snippet":"max-snippet:-1","max-image-preview":"max-image-preview:large","max-video-preview":"max-video-preview:-1"},"canonical":"https:\/\/royalfamily.org\/lat\/royal-family-celebrates-patron-day-saint-andrew-the-first-called\/","og_locale":"en_US","og_type":"article","og_title":"KRALJEVSKA PORODICA PROSLAVILA KRSNU SLAVU SVETOG ANDREJA PRVOZVANOG","og_description":"Njihova Kraljevska Viso\u010danstva Prestolonaslednik Aleksandar i Princeza Katarina slave danas Krsnu Slavu Kraljevske porodice \u2013 Svetog Andreja Prvozvanog, u","og_url":"https:\/\/royalfamily.org\/lat\/royal-family-celebrates-patron-day-saint-andrew-the-first-called\/","og_site_name":"The Royal Family of Serbia","article_publisher":"https:\/\/www.facebook.com\/Prestolonaslednik.Aleksandar","article_published_time":"2016-12-13T16:32:27+00:00","og_image":[{"width":740,"height":350,"url":"https:\/\/royalfamily.org\/wp-content\/uploads\/2016\/12\/DSC_1313w.jpg","type":"image\/jpeg"}],"author":"Stefan Milanovic","twitter_card":"summary_large_image","twitter_misc":{"Written by":"Stefan Milanovic","Est. reading time":"1 minute"},"schema":{"@context":"https:\/\/schema.org","@graph":[{"@type":"Article","@id":"https:\/\/royalfamily.org\/lat\/royal-family-celebrates-patron-day-saint-andrew-the-first-called\/#article","isPartOf":{"@id":"https:\/\/royalfamily.org\/lat\/royal-family-celebrates-patron-day-saint-andrew-the-first-called\/"},"author":{"name":"Stefan Milanovic","@id":"https:\/\/royalfamily.org\/#\/schema\/person\/4ad3296a6a8a35eed333b6a785e9f648"},"headline":"KRALJEVSKA PORODICA PROSLAVILA KRSNU SLAVU SVETOG ANDREJA PRVOZVANOG","datePublished":"2016-12-13T16:32:27+00:00","mainEntityOfPage":{"@id":"https:\/\/royalfamily.org\/lat\/royal-family-celebrates-patron-day-saint-andrew-the-first-called\/"},"wordCount":287,"publisher":{"@id":"https:\/\/royalfamily.org\/#organization"},"image":{"@id":"https:\/\/royalfamily.org\/lat\/royal-family-celebrates-patron-day-saint-andrew-the-first-called\/#primaryimage"},"thumbnailUrl":"https:\/\/royalfamily.org\/wp-content\/uploads\/2016\/12\/DSC_1313w.jpg","articleSection":["Vesti"],"inLanguage":"sr-LT"},{"@type":"WebPage","@id":"https:\/\/royalfamily.org\/lat\/royal-family-celebrates-patron-day-saint-andrew-the-first-called\/","url":"https:\/\/royalfamily.org\/lat\/royal-family-celebrates-patron-day-saint-andrew-the-first-called\/","name":"KRALJEVSKA PORODICA PROSLAVILA KRSNU SLAVU SVETOG ANDREJA PRVOZVANOG - The Royal Family of Serbia","isPartOf":{"@id":"https:\/\/royalfamily.org\/#website"},"primaryImageOfPage":{"@id":"https:\/\/royalfamily.org\/lat\/royal-family-celebrates-patron-day-saint-andrew-the-first-called\/#primaryimage"},"image":{"@id":"https:\/\/royalfamily.org\/lat\/royal-family-celebrates-patron-day-saint-andrew-the-first-called\/#primaryimage"},"thumbnailUrl":"https:\/\/royalfamily.org\/wp-content\/uploads\/2016\/12\/DSC_1313w.jpg","datePublished":"2016-12-13T16:32:27+00:00","description":"Njihova Kraljevska Viso\u010danstva Prestolonaslednik Aleksandar i Princeza Katarina slave danas Krsnu Slavu Kraljevske porodice \u2013 Svetog Andreja Prvozvanog, u","breadcrumb":{"@id":"https:\/\/royalfamily.org\/lat\/royal-family-celebrates-patron-day-saint-andrew-the-first-called\/#breadcrumb"},"inLanguage":"sr-LT","potentialAction":[{"@type":"ReadAction","target":["https:\/\/royalfamily.org\/lat\/royal-family-celebrates-patron-day-saint-andrew-the-first-called\/"]}]},{"@type":"ImageObject","inLanguage":"sr-LT","@id":"https:\/\/royalfamily.org\/lat\/royal-family-celebrates-patron-day-saint-andrew-the-first-called\/#primaryimage","url":"https:\/\/royalfamily.org\/wp-content\/uploads\/2016\/12\/DSC_1313w.jpg","contentUrl":"https:\/\/royalfamily.org\/wp-content\/uploads\/2016\/12\/DSC_1313w.jpg","width":740,"height":350},{"@type":"BreadcrumbList","@id":"https:\/\/royalfamily.org\/lat\/royal-family-celebrates-patron-day-saint-andrew-the-first-called\/#breadcrumb","itemListElement":[{"@type":"ListItem","position":1,"name":"Home","item":"https:\/\/royalfamily.org\/lat\/"},{"@type":"ListItem","position":2,"name":"KRALJEVSKA PORODICA PROSLAVILA KRSNU SLAVU SVETOG ANDREJA PRVOZVANOG"}]},{"@type":"WebSite","@id":"https:\/\/royalfamily.org\/#website","url":"https:\/\/royalfamily.org\/","name":"The Royal Family of Serbia","description":"From the people, for the people","publisher":{"@id":"https:\/\/royalfamily.org\/#organization"},"potentialAction":[{"@type":"SearchAction","target":{"@type":"EntryPoint","urlTemplate":"https:\/\/royalfamily.org\/?s={search_term_string}"},"query-input":{"@type":"PropertyValueSpecification","valueRequired":true,"valueName":"search_term_string"}}],"inLanguage":"sr-LT"},{"@type":"Organization","@id":"https:\/\/royalfamily.org\/#organization","name":"Royal Family","url":"https:\/\/royalfamily.org\/","logo":{"@type":"ImageObject","inLanguage":"sr-LT","@id":"https:\/\/royalfamily.org\/#\/schema\/logo\/image\/","url":"https:\/\/royalfamily.org\/wp-content\/uploads\/2019\/04\/logo-vector-02-V-latinica.png","contentUrl":"https:\/\/royalfamily.org\/wp-content\/uploads\/2019\/04\/logo-vector-02-V-latinica.png","width":552,"height":99,"caption":"Royal Family"},"image":{"@id":"https:\/\/royalfamily.org\/#\/schema\/logo\/image\/"},"sameAs":["https:\/\/www.facebook.com\/Prestolonaslednik.Aleksandar"]},{"@type":"Person","@id":"https:\/\/royalfamily.org\/#\/schema\/person\/4ad3296a6a8a35eed333b6a785e9f648","name":"Stefan Milanovic","image":{"@type":"ImageObject","inLanguage":"sr-LT","@id":"https:\/\/secure.gravatar.com\/avatar\/92dcbdcf3e32112a9ceb1e41665b1f44c69382d014cacfe12c701f6af7c40259?s=96&d=mm&r=g","url":"https:\/\/secure.gravatar.com\/avatar\/92dcbdcf3e32112a9ceb1e41665b1f44c69382d014cacfe12c701f6af7c40259?s=96&d=mm&r=g","contentUrl":"https:\/\/secure.gravatar.com\/avatar\/92dcbdcf3e32112a9ceb1e41665b1f44c69382d014cacfe12c701f6af7c40259?s=96&d=mm&r=g","caption":"Stefan Milanovic"}}]}},"_links":{"self":[{"href":"https:\/\/royalfamily.org\/lat\/wp-json\/wp\/v2\/posts\/29657","targetHints":{"allow":["GET"]}}],"collection":[{"href":"https:\/\/royalfamily.org\/lat\/wp-json\/wp\/v2\/posts"}],"about":[{"href":"https:\/\/royalfamily.org\/lat\/wp-json\/wp\/v2\/types\/post"}],"author":[{"embeddable":true,"href":"https:\/\/royalfamily.org\/lat\/wp-json\/wp\/v2\/users\/1001015"}],"replies":[{"embeddable":true,"href":"https:\/\/royalfamily.org\/lat\/wp-json\/wp\/v2\/comments?post=29657"}],"version-history":[{"count":0,"href":"https:\/\/royalfamily.org\/lat\/wp-json\/wp\/v2\/posts\/29657\/revisions"}],"wp:featuredmedia":[{"embeddable":true,"href":"https:\/\/royalfamily.org\/lat\/wp-json\/wp\/v2\/media\/29654"}],"wp:attachment":[{"href":"https:\/\/royalfamily.org\/lat\/wp-json\/wp\/v2\/media?parent=29657"}],"wp:term":[{"taxonomy":"category","embeddable":true,"href":"https:\/\/royalfamily.org\/lat\/wp-json\/wp\/v2\/categories?post=29657"},{"taxonomy":"post_tag","embeddable":true,"href":"https:\/\/royalfamily.org\/lat\/wp-json\/wp\/v2\/tags?post=29657"}],"curies":[{"name":"wp","href":"https:\/\/api.w.org\/{rel}","templated":true}]}}