{"id":29715,"date":"2016-12-17T07:48:09","date_gmt":"2016-12-17T07:48:09","guid":{"rendered":"https:\/\/royalfamily.org\/faculty-of-mathematics-day-ceremony-2\/"},"modified":"2016-12-17T07:48:09","modified_gmt":"2016-12-17T07:48:09","slug":"faculty-of-mathematics-day-ceremony","status":"publish","type":"post","link":"https:\/\/royalfamily.org\/lat\/faculty-of-mathematics-day-ceremony\/","title":{"rendered":"SVE\u010cANA AKADEMIJA POVODOM DANA MATEMATI\u010cKOG FAKULTETA"},"content":{"rendered":"<p><b>Njegovo Kraljevsko Viso\u010danstvo Prestolonaslednik Aleksandar bio je gost na sve\u010danoj akademiji kojom je obele\u017een Dan Matemati\u010dkog fakulteta Univerziteta u Beogradu.<\/b><\/p>\n<p>Posle izvo\u0111enja akademske himne, prisutne su pozdravili dekan dr Zoran Raki\u0107 i prorektor dr \u017divoslav Te\u0161i\u0107, a zatim je usledio pregled unapre\u0111enja, dodela zahvalnica predstavnicima kompanija Telekom Srbija, EPS, Prirodno-matemati\u010dkog fakulteta iz Kragujevca i Mikrosoft razvojnog centra, a dodeljene su i nagrade najboljim studentima.<\/p>\n<p>Na sve\u010danoj akademiji govorili su i koordinator za me\u0111unarodnu saradnju u nauci i koordinator za saradnju sa privredom, a me\u0111u uva\u017eenim gostima bili su predstavnici SANU, Univerziteta i predstavnici brojnih kompanija.<\/p>\n<p><a href=\"https:\/\/royalfamily.org\/wp-content\/uploads\/2016\/12\/IGI_8729.jpg\"><img decoding=\"async\" class=\"alignnone size-thumbnail wp-image-29707\" alt=\"Dr Zoran Raki\u0107, dekan Matemati\u010dkog fakulteta\" src=\"https:\/\/royalfamily.org\/wp-content\/uploads\/2016\/12\/IGI_8729-170x120.jpg\" width=\"170\" height=\"120\" \/><\/a> <a href=\"https:\/\/royalfamily.org\/wp-content\/uploads\/2016\/12\/IGI_8744.jpg\"><img decoding=\"async\" class=\"alignnone size-thumbnail wp-image-29704\" alt=\"Sve\u010dana akademija povodom Dana Matemati\u010dkog fakulteta\" src=\"https:\/\/royalfamily.org\/wp-content\/uploads\/2016\/12\/IGI_8744-170x120.jpg\" width=\"170\" height=\"120\" \/><\/a><\/p>\n","protected":false},"excerpt":{"rendered":"<p>Njegovo Kraljevsko Viso\u010danstvo Prestolonaslednik Aleksandar bio je gost na sve\u010danoj akademiji kojom je obele\u017een Dan  [&#8230;]<\/p>\n","protected":false},"author":1001015,"featured_media":29712,"comment_status":"closed","ping_status":"closed","sticky":false,"template":"","format":"standard","meta":{"_acf_changed":false,"footnotes":""},"categories":[22],"tags":[],"class_list":["post-29715","post","type-post","status-publish","format-standard","has-post-thumbnail","hentry","category-vesti"],"acf":[],"yoast_head":"<!-- This site is optimized with the Yoast SEO Premium plugin v27.5 (Yoast SEO v27.5) - https:\/\/yoast.com\/product\/yoast-seo-premium-wordpress\/ -->\n<title>SVE\u010cANA AKADEMIJA POVODOM DANA MATEMATI\u010cKOG FAKULTETA - The Royal Family of Serbia<\/title>\n<meta name=\"description\" content=\"Njegovo Kraljevsko Viso\u010danstvo Prestolonaslednik Aleksandar bio je gost na sve\u010danoj akademiji kojom je obele\u017een Dan Matemati\u010dkog fakulteta Univerziteta u\" \/>\n<meta name=\"robots\" content=\"index, follow, max-snippet:-1, max-image-preview:large, max-video-preview:-1\" \/>\n<link rel=\"canonical\" href=\"https:\/\/royalfamily.org\/lat\/faculty-of-mathematics-day-ceremony\/\" \/>\n<meta property=\"og:locale\" content=\"en_US\" \/>\n<meta property=\"og:type\" content=\"article\" \/>\n<meta property=\"og:title\" content=\"SVE\u010cANA AKADEMIJA POVODOM DANA MATEMATI\u010cKOG FAKULTETA\" \/>\n<meta property=\"og:description\" content=\"Njegovo Kraljevsko Viso\u010danstvo Prestolonaslednik Aleksandar bio je gost na sve\u010danoj akademiji kojom je obele\u017een Dan Matemati\u010dkog fakulteta Univerziteta u\" \/>\n<meta property=\"og:url\" content=\"https:\/\/royalfamily.org\/lat\/faculty-of-mathematics-day-ceremony\/\" \/>\n<meta property=\"og:site_name\" content=\"The Royal Family of Serbia\" \/>\n<meta property=\"article:publisher\" content=\"https:\/\/www.facebook.com\/Prestolonaslednik.Aleksandar\" \/>\n<meta property=\"article:published_time\" content=\"2016-12-17T07:48:09+00:00\" \/>\n<meta property=\"og:image\" content=\"https:\/\/royalfamily.org\/wp-content\/uploads\/2016\/12\/IGI_8698.jpg\" \/>\n\t<meta property=\"og:image:width\" content=\"740\" \/>\n\t<meta property=\"og:image:height\" content=\"350\" \/>\n\t<meta property=\"og:image:type\" content=\"image\/jpeg\" \/>\n<meta name=\"author\" content=\"Stefan Milanovic\" \/>\n<meta name=\"twitter:card\" content=\"summary_large_image\" \/>\n<meta name=\"twitter:label1\" content=\"Written by\" \/>\n\t<meta name=\"twitter:data1\" content=\"Stefan Milanovic\" \/>\n\t<meta name=\"twitter:label2\" content=\"Est. reading time\" \/>\n\t<meta name=\"twitter:data2\" content=\"1 minute\" \/>\n<script type=\"application\/ld+json\" class=\"yoast-schema-graph\">{\"@context\":\"https:\\\/\\\/schema.org\",\"@graph\":[{\"@type\":\"Article\",\"@id\":\"https:\\\/\\\/royalfamily.org\\\/lat\\\/faculty-of-mathematics-day-ceremony\\\/#article\",\"isPartOf\":{\"@id\":\"https:\\\/\\\/royalfamily.org\\\/lat\\\/faculty-of-mathematics-day-ceremony\\\/\"},\"author\":{\"name\":\"Stefan Milanovic\",\"@id\":\"https:\\\/\\\/royalfamily.org\\\/#\\\/schema\\\/person\\\/4ad3296a6a8a35eed333b6a785e9f648\"},\"headline\":\"SVE\u010cANA AKADEMIJA POVODOM DANA MATEMATI\u010cKOG FAKULTETA\",\"datePublished\":\"2016-12-17T07:48:09+00:00\",\"mainEntityOfPage\":{\"@id\":\"https:\\\/\\\/royalfamily.org\\\/lat\\\/faculty-of-mathematics-day-ceremony\\\/\"},\"wordCount\":115,\"publisher\":{\"@id\":\"https:\\\/\\\/royalfamily.org\\\/#organization\"},\"image\":{\"@id\":\"https:\\\/\\\/royalfamily.org\\\/lat\\\/faculty-of-mathematics-day-ceremony\\\/#primaryimage\"},\"thumbnailUrl\":\"https:\\\/\\\/royalfamily.org\\\/wp-content\\\/uploads\\\/2016\\\/12\\\/IGI_8698.jpg\",\"articleSection\":[\"Vesti\"],\"inLanguage\":\"sr-LT\"},{\"@type\":\"WebPage\",\"@id\":\"https:\\\/\\\/royalfamily.org\\\/lat\\\/faculty-of-mathematics-day-ceremony\\\/\",\"url\":\"https:\\\/\\\/royalfamily.org\\\/lat\\\/faculty-of-mathematics-day-ceremony\\\/\",\"name\":\"SVE\u010cANA AKADEMIJA POVODOM DANA MATEMATI\u010cKOG FAKULTETA - The Royal Family of Serbia\",\"isPartOf\":{\"@id\":\"https:\\\/\\\/royalfamily.org\\\/#website\"},\"primaryImageOfPage\":{\"@id\":\"https:\\\/\\\/royalfamily.org\\\/lat\\\/faculty-of-mathematics-day-ceremony\\\/#primaryimage\"},\"image\":{\"@id\":\"https:\\\/\\\/royalfamily.org\\\/lat\\\/faculty-of-mathematics-day-ceremony\\\/#primaryimage\"},\"thumbnailUrl\":\"https:\\\/\\\/royalfamily.org\\\/wp-content\\\/uploads\\\/2016\\\/12\\\/IGI_8698.jpg\",\"datePublished\":\"2016-12-17T07:48:09+00:00\",\"description\":\"Njegovo Kraljevsko Viso\u010danstvo Prestolonaslednik Aleksandar bio je gost na sve\u010danoj akademiji kojom je obele\u017een Dan Matemati\u010dkog fakulteta Univerziteta u\",\"breadcrumb\":{\"@id\":\"https:\\\/\\\/royalfamily.org\\\/lat\\\/faculty-of-mathematics-day-ceremony\\\/#breadcrumb\"},\"inLanguage\":\"sr-LT\",\"potentialAction\":[{\"@type\":\"ReadAction\",\"target\":[\"https:\\\/\\\/royalfamily.org\\\/lat\\\/faculty-of-mathematics-day-ceremony\\\/\"]}]},{\"@type\":\"ImageObject\",\"inLanguage\":\"sr-LT\",\"@id\":\"https:\\\/\\\/royalfamily.org\\\/lat\\\/faculty-of-mathematics-day-ceremony\\\/#primaryimage\",\"url\":\"https:\\\/\\\/royalfamily.org\\\/wp-content\\\/uploads\\\/2016\\\/12\\\/IGI_8698.jpg\",\"contentUrl\":\"https:\\\/\\\/royalfamily.org\\\/wp-content\\\/uploads\\\/2016\\\/12\\\/IGI_8698.jpg\",\"width\":740,\"height\":350},{\"@type\":\"BreadcrumbList\",\"@id\":\"https:\\\/\\\/royalfamily.org\\\/lat\\\/faculty-of-mathematics-day-ceremony\\\/#breadcrumb\",\"itemListElement\":[{\"@type\":\"ListItem\",\"position\":1,\"name\":\"Home\",\"item\":\"https:\\\/\\\/royalfamily.org\\\/lat\\\/\"},{\"@type\":\"ListItem\",\"position\":2,\"name\":\"SVE\u010cANA AKADEMIJA POVODOM DANA MATEMATI\u010cKOG FAKULTETA\"}]},{\"@type\":\"WebSite\",\"@id\":\"https:\\\/\\\/royalfamily.org\\\/#website\",\"url\":\"https:\\\/\\\/royalfamily.org\\\/\",\"name\":\"The Royal Family of Serbia\",\"description\":\"From the people, for the people\",\"publisher\":{\"@id\":\"https:\\\/\\\/royalfamily.org\\\/#organization\"},\"potentialAction\":[{\"@type\":\"SearchAction\",\"target\":{\"@type\":\"EntryPoint\",\"urlTemplate\":\"https:\\\/\\\/royalfamily.org\\\/?s={search_term_string}\"},\"query-input\":{\"@type\":\"PropertyValueSpecification\",\"valueRequired\":true,\"valueName\":\"search_term_string\"}}],\"inLanguage\":\"sr-LT\"},{\"@type\":\"Organization\",\"@id\":\"https:\\\/\\\/royalfamily.org\\\/#organization\",\"name\":\"Royal Family\",\"url\":\"https:\\\/\\\/royalfamily.org\\\/\",\"logo\":{\"@type\":\"ImageObject\",\"inLanguage\":\"sr-LT\",\"@id\":\"https:\\\/\\\/royalfamily.org\\\/#\\\/schema\\\/logo\\\/image\\\/\",\"url\":\"https:\\\/\\\/royalfamily.org\\\/wp-content\\\/uploads\\\/2019\\\/04\\\/logo-vector-02-V-latinica.png\",\"contentUrl\":\"https:\\\/\\\/royalfamily.org\\\/wp-content\\\/uploads\\\/2019\\\/04\\\/logo-vector-02-V-latinica.png\",\"width\":552,\"height\":99,\"caption\":\"Royal Family\"},\"image\":{\"@id\":\"https:\\\/\\\/royalfamily.org\\\/#\\\/schema\\\/logo\\\/image\\\/\"},\"sameAs\":[\"https:\\\/\\\/www.facebook.com\\\/Prestolonaslednik.Aleksandar\"]},{\"@type\":\"Person\",\"@id\":\"https:\\\/\\\/royalfamily.org\\\/#\\\/schema\\\/person\\\/4ad3296a6a8a35eed333b6a785e9f648\",\"name\":\"Stefan Milanovic\",\"image\":{\"@type\":\"ImageObject\",\"inLanguage\":\"sr-LT\",\"@id\":\"https:\\\/\\\/secure.gravatar.com\\\/avatar\\\/92dcbdcf3e32112a9ceb1e41665b1f44c69382d014cacfe12c701f6af7c40259?s=96&d=mm&r=g\",\"url\":\"https:\\\/\\\/secure.gravatar.com\\\/avatar\\\/92dcbdcf3e32112a9ceb1e41665b1f44c69382d014cacfe12c701f6af7c40259?s=96&d=mm&r=g\",\"contentUrl\":\"https:\\\/\\\/secure.gravatar.com\\\/avatar\\\/92dcbdcf3e32112a9ceb1e41665b1f44c69382d014cacfe12c701f6af7c40259?s=96&d=mm&r=g\",\"caption\":\"Stefan Milanovic\"}}]}<\/script>\n<!-- \/ Yoast SEO Premium plugin. -->","yoast_head_json":{"title":"SVE\u010cANA AKADEMIJA POVODOM DANA MATEMATI\u010cKOG FAKULTETA - The Royal Family of Serbia","description":"Njegovo Kraljevsko Viso\u010danstvo Prestolonaslednik Aleksandar bio je gost na sve\u010danoj akademiji kojom je obele\u017een Dan Matemati\u010dkog fakulteta Univerziteta u","robots":{"index":"index","follow":"follow","max-snippet":"max-snippet:-1","max-image-preview":"max-image-preview:large","max-video-preview":"max-video-preview:-1"},"canonical":"https:\/\/royalfamily.org\/lat\/faculty-of-mathematics-day-ceremony\/","og_locale":"en_US","og_type":"article","og_title":"SVE\u010cANA AKADEMIJA POVODOM DANA MATEMATI\u010cKOG FAKULTETA","og_description":"Njegovo Kraljevsko Viso\u010danstvo Prestolonaslednik Aleksandar bio je gost na sve\u010danoj akademiji kojom je obele\u017een Dan Matemati\u010dkog fakulteta Univerziteta u","og_url":"https:\/\/royalfamily.org\/lat\/faculty-of-mathematics-day-ceremony\/","og_site_name":"The Royal Family of Serbia","article_publisher":"https:\/\/www.facebook.com\/Prestolonaslednik.Aleksandar","article_published_time":"2016-12-17T07:48:09+00:00","og_image":[{"width":740,"height":350,"url":"https:\/\/royalfamily.org\/wp-content\/uploads\/2016\/12\/IGI_8698.jpg","type":"image\/jpeg"}],"author":"Stefan Milanovic","twitter_card":"summary_large_image","twitter_misc":{"Written by":"Stefan Milanovic","Est. reading time":"1 minute"},"schema":{"@context":"https:\/\/schema.org","@graph":[{"@type":"Article","@id":"https:\/\/royalfamily.org\/lat\/faculty-of-mathematics-day-ceremony\/#article","isPartOf":{"@id":"https:\/\/royalfamily.org\/lat\/faculty-of-mathematics-day-ceremony\/"},"author":{"name":"Stefan Milanovic","@id":"https:\/\/royalfamily.org\/#\/schema\/person\/4ad3296a6a8a35eed333b6a785e9f648"},"headline":"SVE\u010cANA AKADEMIJA POVODOM DANA MATEMATI\u010cKOG FAKULTETA","datePublished":"2016-12-17T07:48:09+00:00","mainEntityOfPage":{"@id":"https:\/\/royalfamily.org\/lat\/faculty-of-mathematics-day-ceremony\/"},"wordCount":115,"publisher":{"@id":"https:\/\/royalfamily.org\/#organization"},"image":{"@id":"https:\/\/royalfamily.org\/lat\/faculty-of-mathematics-day-ceremony\/#primaryimage"},"thumbnailUrl":"https:\/\/royalfamily.org\/wp-content\/uploads\/2016\/12\/IGI_8698.jpg","articleSection":["Vesti"],"inLanguage":"sr-LT"},{"@type":"WebPage","@id":"https:\/\/royalfamily.org\/lat\/faculty-of-mathematics-day-ceremony\/","url":"https:\/\/royalfamily.org\/lat\/faculty-of-mathematics-day-ceremony\/","name":"SVE\u010cANA AKADEMIJA POVODOM DANA MATEMATI\u010cKOG FAKULTETA - The Royal Family of Serbia","isPartOf":{"@id":"https:\/\/royalfamily.org\/#website"},"primaryImageOfPage":{"@id":"https:\/\/royalfamily.org\/lat\/faculty-of-mathematics-day-ceremony\/#primaryimage"},"image":{"@id":"https:\/\/royalfamily.org\/lat\/faculty-of-mathematics-day-ceremony\/#primaryimage"},"thumbnailUrl":"https:\/\/royalfamily.org\/wp-content\/uploads\/2016\/12\/IGI_8698.jpg","datePublished":"2016-12-17T07:48:09+00:00","description":"Njegovo Kraljevsko Viso\u010danstvo Prestolonaslednik Aleksandar bio je gost na sve\u010danoj akademiji kojom je obele\u017een Dan Matemati\u010dkog fakulteta Univerziteta u","breadcrumb":{"@id":"https:\/\/royalfamily.org\/lat\/faculty-of-mathematics-day-ceremony\/#breadcrumb"},"inLanguage":"sr-LT","potentialAction":[{"@type":"ReadAction","target":["https:\/\/royalfamily.org\/lat\/faculty-of-mathematics-day-ceremony\/"]}]},{"@type":"ImageObject","inLanguage":"sr-LT","@id":"https:\/\/royalfamily.org\/lat\/faculty-of-mathematics-day-ceremony\/#primaryimage","url":"https:\/\/royalfamily.org\/wp-content\/uploads\/2016\/12\/IGI_8698.jpg","contentUrl":"https:\/\/royalfamily.org\/wp-content\/uploads\/2016\/12\/IGI_8698.jpg","width":740,"height":350},{"@type":"BreadcrumbList","@id":"https:\/\/royalfamily.org\/lat\/faculty-of-mathematics-day-ceremony\/#breadcrumb","itemListElement":[{"@type":"ListItem","position":1,"name":"Home","item":"https:\/\/royalfamily.org\/lat\/"},{"@type":"ListItem","position":2,"name":"SVE\u010cANA AKADEMIJA POVODOM DANA MATEMATI\u010cKOG FAKULTETA"}]},{"@type":"WebSite","@id":"https:\/\/royalfamily.org\/#website","url":"https:\/\/royalfamily.org\/","name":"The Royal Family of Serbia","description":"From the people, for the people","publisher":{"@id":"https:\/\/royalfamily.org\/#organization"},"potentialAction":[{"@type":"SearchAction","target":{"@type":"EntryPoint","urlTemplate":"https:\/\/royalfamily.org\/?s={search_term_string}"},"query-input":{"@type":"PropertyValueSpecification","valueRequired":true,"valueName":"search_term_string"}}],"inLanguage":"sr-LT"},{"@type":"Organization","@id":"https:\/\/royalfamily.org\/#organization","name":"Royal Family","url":"https:\/\/royalfamily.org\/","logo":{"@type":"ImageObject","inLanguage":"sr-LT","@id":"https:\/\/royalfamily.org\/#\/schema\/logo\/image\/","url":"https:\/\/royalfamily.org\/wp-content\/uploads\/2019\/04\/logo-vector-02-V-latinica.png","contentUrl":"https:\/\/royalfamily.org\/wp-content\/uploads\/2019\/04\/logo-vector-02-V-latinica.png","width":552,"height":99,"caption":"Royal Family"},"image":{"@id":"https:\/\/royalfamily.org\/#\/schema\/logo\/image\/"},"sameAs":["https:\/\/www.facebook.com\/Prestolonaslednik.Aleksandar"]},{"@type":"Person","@id":"https:\/\/royalfamily.org\/#\/schema\/person\/4ad3296a6a8a35eed333b6a785e9f648","name":"Stefan Milanovic","image":{"@type":"ImageObject","inLanguage":"sr-LT","@id":"https:\/\/secure.gravatar.com\/avatar\/92dcbdcf3e32112a9ceb1e41665b1f44c69382d014cacfe12c701f6af7c40259?s=96&d=mm&r=g","url":"https:\/\/secure.gravatar.com\/avatar\/92dcbdcf3e32112a9ceb1e41665b1f44c69382d014cacfe12c701f6af7c40259?s=96&d=mm&r=g","contentUrl":"https:\/\/secure.gravatar.com\/avatar\/92dcbdcf3e32112a9ceb1e41665b1f44c69382d014cacfe12c701f6af7c40259?s=96&d=mm&r=g","caption":"Stefan Milanovic"}}]}},"_links":{"self":[{"href":"https:\/\/royalfamily.org\/lat\/wp-json\/wp\/v2\/posts\/29715","targetHints":{"allow":["GET"]}}],"collection":[{"href":"https:\/\/royalfamily.org\/lat\/wp-json\/wp\/v2\/posts"}],"about":[{"href":"https:\/\/royalfamily.org\/lat\/wp-json\/wp\/v2\/types\/post"}],"author":[{"embeddable":true,"href":"https:\/\/royalfamily.org\/lat\/wp-json\/wp\/v2\/users\/1001015"}],"replies":[{"embeddable":true,"href":"https:\/\/royalfamily.org\/lat\/wp-json\/wp\/v2\/comments?post=29715"}],"version-history":[{"count":0,"href":"https:\/\/royalfamily.org\/lat\/wp-json\/wp\/v2\/posts\/29715\/revisions"}],"wp:featuredmedia":[{"embeddable":true,"href":"https:\/\/royalfamily.org\/lat\/wp-json\/wp\/v2\/media\/29712"}],"wp:attachment":[{"href":"https:\/\/royalfamily.org\/lat\/wp-json\/wp\/v2\/media?parent=29715"}],"wp:term":[{"taxonomy":"category","embeddable":true,"href":"https:\/\/royalfamily.org\/lat\/wp-json\/wp\/v2\/categories?post=29715"},{"taxonomy":"post_tag","embeddable":true,"href":"https:\/\/royalfamily.org\/lat\/wp-json\/wp\/v2\/tags?post=29715"}],"curies":[{"name":"wp","href":"https:\/\/api.w.org\/{rel}","templated":true}]}}