{"id":29791,"date":"2017-01-03T12:39:24","date_gmt":"2017-01-03T12:39:24","guid":{"rendered":"https:\/\/royalfamily.org\/alo-newspaper-interview-hrh-crown-prince-alexander-2\/"},"modified":"2017-01-03T12:39:24","modified_gmt":"2017-01-03T12:39:24","slug":"alo-newspaper-interview-hrh-crown-prince-alexander","status":"publish","type":"post","link":"https:\/\/royalfamily.org\/lat\/alo-newspaper-interview-hrh-crown-prince-alexander\/","title":{"rendered":"Alo! Intervju: NJ.K.V. Prestolonaslednik Aleksandar"},"content":{"rendered":"<h1 style=\"text-align: center;\"><b>Tu\u017eno je \u0161to nam Srbija nije vratila ni\u0161ta od imovine<\/b><\/h1>\n<p>Prestolonaslednik Srbije Aleksandar Drugi Kara\u0111or\u0111evi\u0107 otvorio nam je vrata svog kraljevskog dvora i bez dlake na jeziku pri\u010dao o dugovima za struju, odnosima sa premijerom Aleksandrom Vu\u010di\u0107em i predsednikom Srbije Tomislavom Nikoli\u0107em, ali i o tome \u0161ta misli o Vojislavu Se\u0161elju, Vuku Dra\u0161kovi\u0107u, kao i kada \u0107e imovina Kara\u0111or\u0111evi\u0107a u Titovom sefu biti vra\u0107ena \u010dlanovima porodice.<\/p>\n<p>Skromno i doma\u0107inski, uz kola\u010de i \u0107aj, do\u010dekani smo na Belom dvoru, a prestolonaslednik Aleksandar nam je otkrio \u017eelju u novoj 2017 &#8211; da njegova porodica bude \u0161to ve\u0107a i da mu sinovi stanu \u0161to pre na ludi kamen.<\/p>\n<p>&#8211; Iskreno se nadam da \u0107e jedan za drugim po\u010deti da staju na ludi kamen, \u0161to \u0107e nam svima pru\u017eiti veliko zadovoljstvo, a mene i moju suprugu u\u010diniti ponosnim.<\/p>\n<p><b>U Srbiji se po\u010delo sa prikupljanjem potpisa za promenu Ustava Srbije i uspostavljanje monarhije, da li je do\u0161lo vreme da Srbija ponovo postane kraljevina?\u00a0<\/b><\/p>\n<p>Srbija, kao mala zemlja, imala bi koristi od obnove ustavne parlamentarne monarhije koja obezbe\u0111uje politi\u010dku stabilnost, kao i neutralno, nestrana\u010dko posredovanje izme\u0111u politi\u010dkih faktora. Mnoge \u010dlanice Evropske unije, kao \u0161to su \u0160panija, Belgija i skandinavske zemlje, primeri su uspe\u0161nih monarhija. Ipak, ova odluka treba da bude na na\u0161em narodu.<\/p>\n<p><b>Da li se jo\u0161 uvek nadate da \u0107e zlato iz Titovog sefa biti vra\u0107eno Kara\u0111or\u0111evi\u0107ima ili sve manje verujete u to?\u00a0<\/b><\/p>\n<p>Pitanje privatne imovine je stvar elementarnih ljudskih prava i principa i ono treba da va\u017ei za sve, pa i za Kara\u0111or\u0111evi\u0107e.<\/p>\n<p><b>Premijer Vu\u010di\u0107 vas je prozvao za nepla\u0107ene ra\u010dune za struju, hajde da stavimo ta\u010dku na tu pri\u010du i otkrijemo koliko zaista iznosi famozni dug?<\/b><\/p>\n<p>To je bilo pre nego \u0161to smo premijer i ja imali prilike da se sastanemo i da ga detaljno upoznam sa stvarnom situacijom Dvorskog kompleksa na Dedinju. Postoji veliko interesovanje za Dvorski kompleks (Kraljevski dvor, dvorska kapela, Beli dvor i dvorski park) s obzirom na to da privla\u010di hiljade doma\u0107ih i stranih posetilaca svake godine.<\/p>\n<p><b>\u0160ta mislite o Tomislavu Nikoli\u0107u i u kakvim ste odnosima?\u00a0<\/b><\/p>\n<p>Sa predsednikom republike imam vi\u0161e nego korektan odnos. Funkcija koju obavlja veoma je odgovorna i zahteva po\u0161tovanje.<\/p>\n<p><b>Ko vam je od svih politi\u010dara najvi\u0161e pomogao od kako ste se vratili u Srbiju?<\/b><\/p>\n<p>Mnogi su pomogli, u skladu sa okolnostima koje su bile u datom trenutku, u skladu sa mogu\u0107nostima ili sa voljom. Ne bih \u017eeleo nikog posebno da izdvajam. Od udara ekonomske krize, pro\u0161li smo jedan veoma te\u017eak period, ali se \u010dini da je i nas zahvatio ovaj talas pozitivnih promena.<\/p>\n<p><b>Koliko godi\u0161nje novca je potrebno za odr\u017eavanje Belog dvora?\u00a0<\/b><\/p>\n<p>Ovde je potrebno razdvojiti dva pojma: prvo su teku\u0107e preventivno odr\u017eavanje i brojne stalne popravke spomenika kulture, a drugo je investiciono odr\u017eavanje. Za prvo je potrebno onoliko koliko je Vlada Republike Srbije namenila za idu\u0107u godinu, a nadam se da \u0107e uskoro biti prostora i za ovo drugo, za \u010dim ovaj spomenik kulture \u017eudi ve\u0107 decenijama.<\/p>\n<p><b>Dokle se stiglo sa zahtevom porodice Kara\u0111or\u0111evi\u0107 o povratku imovine?\u00a0<\/b><\/p>\n<p>Mi kao porodica i dalje \u010dekamo, kao i ostali. Do sada nam ni\u0161ta nije vra\u0107eno, \u0161to je veoma tu\u017eno i nije korektno. Jedini izuzetak su princeza Jelisaveta i njen pokojni brat knez Aleksandar. \u010cini mi se, ipak, da je pitanje povra\u0107aja imovine pravno tako postavljeno da se izbegne bilo kakvo vra\u0107anje ili kompenzacija. Ono \u0161to je do sada vra\u0107eno sasvim je periferno u odnosu na ukupnu masu potra\u017eivanja. Nikoga i ni\u0161ta ne potcenjujem, ali je prili\u010dno uvredljivo kada se iz povra\u0107aja isklju\u010di ne\u0161to \u0161to se okarakateri\u0161e kao \u201cimovina koju koristi dr\u017eava ili joj je potrebna\u201d, a onda ta ista dr\u017eava deo te imovine koju \u201ckoristi ili joj je potrebna\u201d iznese na prodaju.<\/p>\n<p><b>Da li mislite da postoji politi\u010dka volja da Vam se vrati imovina?\u00a0<\/b><\/p>\n<p>To pitanje bi trebalo da bude pravno, a ne politi\u010dko i ja iskreno verujem da je danas upravo tako. Moja porodica i ja se nadamo da \u0107e biti pozitivnih pomaka u 2017, kao i za sve ostale porodice.<\/p>\n<p><b>\u0160ta biste po\u017eeleli gra\u0111anima Srbije za Novu godinu?\u00a0<\/b><\/p>\n<p>Gra\u0111anima Srbije \u017eelim da ih u 2017. godini prate zdravlje i sre\u0107a, kao i da provode \u0161to vi\u0161e vremena sa svojim najdra\u017eima, sa svojim porodicama, u miru i ljubavi. To je najva\u017enije, a sve ostalo \u0107e do\u0107i samo od sebe.<\/p>\n<p><b>Poma\u017eemo le\u010denje dece i obnavljamo bolnice!<\/b><\/p>\n<p>Ova godina bila je puna tu\u017enih trenutaka, ali istovremeno i veoma uspe\u0161na zbog brojnih humanitarnih aktivnosti sprovedenih zahvaljuju\u0107i velikom trudu moje supruge i njene fondacije u Srbiji i Lajflajn organizacije u SAD, Kanadi, Velikoj Britaniji i Gr\u010dkoj, a koje su doprinele boljem \u017eivotu na\u0161ih gra\u0111ana. Izdvojio bih donacije za zdravstvene ustanove od elektri\u010dnih kreveta za intenzivnu negu, preko sanitetskih vozila, pa sve do veoma va\u017ene medicinske opreme kao \u0161to su bronhoskopi za De\u010diju bolnicu u Novom Sadu i Institut za plu\u0107ne bolesti Sremska Kamenica, pacijent-monitori za de\u010dije odeljenje Instituta za onkologiju i radiologiju Srbije, sonda za srce, respirator i infuziona pumpa za Univerzitetsku de\u010diju kliniku u Tir\u0161ovoj, dva ultrazvu\u010dna ure\u0111aja za porodili\u0161te Narodni front, dva najsavremenija respiratora za de\u010dije bolnice u Beogradu i Ni\u0161u&#8230; Projekat \u201eBebama u pomo\u0107\u201c u saradnji sa Ivanom Ivanovi\u0107em i TV Prva prikupio je vi\u0161e od 94.000 evra za pomo\u0107 de\u010dijim bolnicama, a pamti\u0107emo i humanitarnu reviju Roksande Ilin\u010di\u0107 na Belom Dvoru kada su prikupljena sredstva za pomo\u0107 deci sa rakom.<\/p>\n<p>&nbsp;<\/p>\n<p><b>Vu\u010di\u0107 spreman da pomogne Kara\u0111or\u0111evi\u0107ima<\/b><\/p>\n<p><b>Kakvo je Va\u0161e mi\u0161ljenje, posle svega o premijeru Vu\u010di\u0107u?<\/b><\/p>\n<p>Sa premijerom Vu\u010di\u0107em imam veoma konstruktivan i kvalitetan odnos. On veoma dobro razume decenijama nagomilane probleme Dvorskog kompleksa na Dedinju, pokazao je jako dobru volju da pomogne i ja sam mu veoma zahvalan na tome. Obojica uvi\u0111amo da je Dvorski kompleks na Dedinju od velikog istorijskog zna\u010daja za srpski narod. Zadivljuju\u0107a je istorija ovog kompleksa kako pre, tako i posle Drugog svetskog rata. U dva dvora, Kraljevskom i Belom, nalaze se neka od najva\u017enijih umetni\u010dkih dela u Srbiji, posebno francuske i italijanske klasi\u010dne umetnosti.<\/p>\n<p><b>\u00a0<\/b><\/p>\n<p><b>Odnos sa Vukom zavisi od njega<\/b><\/p>\n<p><b>Da li se i dalje dru\u017eite sa Vukom Dra\u0161kovi\u0107em i \u0161ta mislite o njemu?<\/b><\/p>\n<p>Ja sam tokom devedesetih godina imao podjednako kvalitetnu komunikaciju sa svim liderima demokratske opozicije \u2013 sa \u0110in\u0111i\u0107em, Ko\u0161tunicom i mnogima drugima. Mi smo zajedni\u010dki radili na uspostavljanju demokratskog poretka u Srbiji i to je bio naporan rad, a ne dru\u017eenje. Moj odnos sa Vukom Dra\u0161kovi\u0107em nikada nije imao nikakav ekskluzivitet u odnosu na druge, a kako su to mediji shvatali i prenosili, to ve\u0107 ne zavisi od mene.<\/p>\n<p>&nbsp;<\/p>\n<p><b>\u0160e\u0161elju kao vojvodi sudi\u0107e istorija<\/b><\/p>\n<p><b>Da li ste u kontaktu sa Vojislavom \u0160e\u0161eljem i \u0161ta o njemu kao vojvodi mo\u017eete da ka\u017eete? \u00a0<\/b><\/p>\n<p>Poslednji put sam ga video na prijemu povodom Nacionalnog dana \u0160panije u hotelu Metropol gde je tako\u0111e bio gost. Jedini merodavan sud o vojvodama daje istorija.<\/p>\n<p><b>\u00a0<\/b><\/p>\n<p><b>Prijateljski razgovor sa Ramom<\/b><\/p>\n<p><b>Na ven\u010danju kraljevske porodice iz Albanije sreli ste se sa Edi Ramom, o \u010demu ste pri\u010dali?\u00a0<\/b><\/p>\n<p>Na\u0161 razgovor je bio prijateljski, korektan i konstruktivan, ali ne zaboravite da ja nemam nikakva ovla\u0161\u0107enja da sa stranim politi\u010dkim li\u010dnostima otvaram teme o kojima merodavno odlu\u010duju dr\u017eava Srbija i njeni organi.<\/p>\n","protected":false},"excerpt":{"rendered":"<p>Tu\u017eno je \u0161to nam Srbija nije vratila ni\u0161ta od imovine Prestolonaslednik Srbije Aleksandar Drugi Kara\u0111or\u0111evi\u0107  [&#8230;]<\/p>\n","protected":false},"author":1001015,"featured_media":29785,"comment_status":"closed","ping_status":"closed","sticky":false,"template":"","format":"standard","meta":{"_acf_changed":false,"footnotes":""},"categories":[22],"tags":[],"class_list":["post-29791","post","type-post","status-publish","format-standard","has-post-thumbnail","hentry","category-vesti"],"acf":[],"yoast_head":"<!-- This site is optimized with the Yoast SEO Premium plugin v27.5 (Yoast SEO v27.5) - https:\/\/yoast.com\/product\/yoast-seo-premium-wordpress\/ -->\n<title>Alo! Intervju: NJ.K.V. Prestolonaslednik Aleksandar - The Royal Family of Serbia<\/title>\n<meta name=\"description\" content=\"Tu\u017eno je \u0161to nam Srbija nije vratila ni\u0161ta od imovine Prestolonaslednik Srbije Aleksandar Drugi Kara\u0111or\u0111evi\u0107 otvorio nam je vrata svog kraljevskog dvora i\" \/>\n<meta name=\"robots\" content=\"index, follow, max-snippet:-1, max-image-preview:large, max-video-preview:-1\" \/>\n<link rel=\"canonical\" href=\"https:\/\/royalfamily.org\/lat\/alo-newspaper-interview-hrh-crown-prince-alexander\/\" \/>\n<meta property=\"og:locale\" content=\"en_US\" \/>\n<meta property=\"og:type\" content=\"article\" \/>\n<meta property=\"og:title\" content=\"Alo! Intervju: NJ.K.V. Prestolonaslednik Aleksandar\" \/>\n<meta property=\"og:description\" content=\"Tu\u017eno je \u0161to nam Srbija nije vratila ni\u0161ta od imovine Prestolonaslednik Srbije Aleksandar Drugi Kara\u0111or\u0111evi\u0107 otvorio nam je vrata svog kraljevskog dvora i\" \/>\n<meta property=\"og:url\" content=\"https:\/\/royalfamily.org\/lat\/alo-newspaper-interview-hrh-crown-prince-alexander\/\" \/>\n<meta property=\"og:site_name\" content=\"The Royal Family of Serbia\" \/>\n<meta property=\"article:publisher\" content=\"https:\/\/www.facebook.com\/Prestolonaslednik.Aleksandar\" \/>\n<meta property=\"article:published_time\" content=\"2017-01-03T12:39:24+00:00\" \/>\n<meta property=\"og:image\" content=\"https:\/\/royalfamily.org\/wp-content\/uploads\/2017\/01\/alo0.jpg\" \/>\n\t<meta property=\"og:image:width\" content=\"740\" \/>\n\t<meta property=\"og:image:height\" content=\"350\" \/>\n\t<meta property=\"og:image:type\" content=\"image\/jpeg\" \/>\n<meta name=\"author\" content=\"Stefan Milanovic\" \/>\n<meta name=\"twitter:card\" content=\"summary_large_image\" \/>\n<meta name=\"twitter:label1\" content=\"Written by\" \/>\n\t<meta name=\"twitter:data1\" content=\"Stefan Milanovic\" \/>\n\t<meta name=\"twitter:label2\" content=\"Est. reading time\" \/>\n\t<meta name=\"twitter:data2\" content=\"7 minutes\" \/>\n<script type=\"application\/ld+json\" class=\"yoast-schema-graph\">{\"@context\":\"https:\\\/\\\/schema.org\",\"@graph\":[{\"@type\":\"Article\",\"@id\":\"https:\\\/\\\/royalfamily.org\\\/lat\\\/alo-newspaper-interview-hrh-crown-prince-alexander\\\/#article\",\"isPartOf\":{\"@id\":\"https:\\\/\\\/royalfamily.org\\\/lat\\\/alo-newspaper-interview-hrh-crown-prince-alexander\\\/\"},\"author\":{\"name\":\"Stefan Milanovic\",\"@id\":\"https:\\\/\\\/royalfamily.org\\\/#\\\/schema\\\/person\\\/4ad3296a6a8a35eed333b6a785e9f648\"},\"headline\":\"Alo! Intervju: NJ.K.V. Prestolonaslednik Aleksandar\",\"datePublished\":\"2017-01-03T12:39:24+00:00\",\"mainEntityOfPage\":{\"@id\":\"https:\\\/\\\/royalfamily.org\\\/lat\\\/alo-newspaper-interview-hrh-crown-prince-alexander\\\/\"},\"wordCount\":1316,\"publisher\":{\"@id\":\"https:\\\/\\\/royalfamily.org\\\/#organization\"},\"image\":{\"@id\":\"https:\\\/\\\/royalfamily.org\\\/lat\\\/alo-newspaper-interview-hrh-crown-prince-alexander\\\/#primaryimage\"},\"thumbnailUrl\":\"https:\\\/\\\/royalfamily.org\\\/wp-content\\\/uploads\\\/2017\\\/01\\\/alo0.jpg\",\"articleSection\":[\"Vesti\"],\"inLanguage\":\"sr-LT\"},{\"@type\":\"WebPage\",\"@id\":\"https:\\\/\\\/royalfamily.org\\\/lat\\\/alo-newspaper-interview-hrh-crown-prince-alexander\\\/\",\"url\":\"https:\\\/\\\/royalfamily.org\\\/lat\\\/alo-newspaper-interview-hrh-crown-prince-alexander\\\/\",\"name\":\"Alo! Intervju: NJ.K.V. Prestolonaslednik Aleksandar - The Royal Family of Serbia\",\"isPartOf\":{\"@id\":\"https:\\\/\\\/royalfamily.org\\\/#website\"},\"primaryImageOfPage\":{\"@id\":\"https:\\\/\\\/royalfamily.org\\\/lat\\\/alo-newspaper-interview-hrh-crown-prince-alexander\\\/#primaryimage\"},\"image\":{\"@id\":\"https:\\\/\\\/royalfamily.org\\\/lat\\\/alo-newspaper-interview-hrh-crown-prince-alexander\\\/#primaryimage\"},\"thumbnailUrl\":\"https:\\\/\\\/royalfamily.org\\\/wp-content\\\/uploads\\\/2017\\\/01\\\/alo0.jpg\",\"datePublished\":\"2017-01-03T12:39:24+00:00\",\"description\":\"Tu\u017eno je \u0161to nam Srbija nije vratila ni\u0161ta od imovine Prestolonaslednik Srbije Aleksandar Drugi Kara\u0111or\u0111evi\u0107 otvorio nam je vrata svog kraljevskog dvora i\",\"breadcrumb\":{\"@id\":\"https:\\\/\\\/royalfamily.org\\\/lat\\\/alo-newspaper-interview-hrh-crown-prince-alexander\\\/#breadcrumb\"},\"inLanguage\":\"sr-LT\",\"potentialAction\":[{\"@type\":\"ReadAction\",\"target\":[\"https:\\\/\\\/royalfamily.org\\\/lat\\\/alo-newspaper-interview-hrh-crown-prince-alexander\\\/\"]}]},{\"@type\":\"ImageObject\",\"inLanguage\":\"sr-LT\",\"@id\":\"https:\\\/\\\/royalfamily.org\\\/lat\\\/alo-newspaper-interview-hrh-crown-prince-alexander\\\/#primaryimage\",\"url\":\"https:\\\/\\\/royalfamily.org\\\/wp-content\\\/uploads\\\/2017\\\/01\\\/alo0.jpg\",\"contentUrl\":\"https:\\\/\\\/royalfamily.org\\\/wp-content\\\/uploads\\\/2017\\\/01\\\/alo0.jpg\",\"width\":740,\"height\":350},{\"@type\":\"BreadcrumbList\",\"@id\":\"https:\\\/\\\/royalfamily.org\\\/lat\\\/alo-newspaper-interview-hrh-crown-prince-alexander\\\/#breadcrumb\",\"itemListElement\":[{\"@type\":\"ListItem\",\"position\":1,\"name\":\"Home\",\"item\":\"https:\\\/\\\/royalfamily.org\\\/lat\\\/\"},{\"@type\":\"ListItem\",\"position\":2,\"name\":\"Alo! Intervju: NJ.K.V. Prestolonaslednik Aleksandar\"}]},{\"@type\":\"WebSite\",\"@id\":\"https:\\\/\\\/royalfamily.org\\\/#website\",\"url\":\"https:\\\/\\\/royalfamily.org\\\/\",\"name\":\"The Royal Family of Serbia\",\"description\":\"From the people, for the people\",\"publisher\":{\"@id\":\"https:\\\/\\\/royalfamily.org\\\/#organization\"},\"potentialAction\":[{\"@type\":\"SearchAction\",\"target\":{\"@type\":\"EntryPoint\",\"urlTemplate\":\"https:\\\/\\\/royalfamily.org\\\/?s={search_term_string}\"},\"query-input\":{\"@type\":\"PropertyValueSpecification\",\"valueRequired\":true,\"valueName\":\"search_term_string\"}}],\"inLanguage\":\"sr-LT\"},{\"@type\":\"Organization\",\"@id\":\"https:\\\/\\\/royalfamily.org\\\/#organization\",\"name\":\"Royal Family\",\"url\":\"https:\\\/\\\/royalfamily.org\\\/\",\"logo\":{\"@type\":\"ImageObject\",\"inLanguage\":\"sr-LT\",\"@id\":\"https:\\\/\\\/royalfamily.org\\\/#\\\/schema\\\/logo\\\/image\\\/\",\"url\":\"https:\\\/\\\/royalfamily.org\\\/wp-content\\\/uploads\\\/2019\\\/04\\\/logo-vector-02-V-latinica.png\",\"contentUrl\":\"https:\\\/\\\/royalfamily.org\\\/wp-content\\\/uploads\\\/2019\\\/04\\\/logo-vector-02-V-latinica.png\",\"width\":552,\"height\":99,\"caption\":\"Royal Family\"},\"image\":{\"@id\":\"https:\\\/\\\/royalfamily.org\\\/#\\\/schema\\\/logo\\\/image\\\/\"},\"sameAs\":[\"https:\\\/\\\/www.facebook.com\\\/Prestolonaslednik.Aleksandar\"]},{\"@type\":\"Person\",\"@id\":\"https:\\\/\\\/royalfamily.org\\\/#\\\/schema\\\/person\\\/4ad3296a6a8a35eed333b6a785e9f648\",\"name\":\"Stefan Milanovic\",\"image\":{\"@type\":\"ImageObject\",\"inLanguage\":\"sr-LT\",\"@id\":\"https:\\\/\\\/secure.gravatar.com\\\/avatar\\\/92dcbdcf3e32112a9ceb1e41665b1f44c69382d014cacfe12c701f6af7c40259?s=96&d=mm&r=g\",\"url\":\"https:\\\/\\\/secure.gravatar.com\\\/avatar\\\/92dcbdcf3e32112a9ceb1e41665b1f44c69382d014cacfe12c701f6af7c40259?s=96&d=mm&r=g\",\"contentUrl\":\"https:\\\/\\\/secure.gravatar.com\\\/avatar\\\/92dcbdcf3e32112a9ceb1e41665b1f44c69382d014cacfe12c701f6af7c40259?s=96&d=mm&r=g\",\"caption\":\"Stefan Milanovic\"}}]}<\/script>\n<!-- \/ Yoast SEO Premium plugin. -->","yoast_head_json":{"title":"Alo! Intervju: NJ.K.V. Prestolonaslednik Aleksandar - The Royal Family of Serbia","description":"Tu\u017eno je \u0161to nam Srbija nije vratila ni\u0161ta od imovine Prestolonaslednik Srbije Aleksandar Drugi Kara\u0111or\u0111evi\u0107 otvorio nam je vrata svog kraljevskog dvora i","robots":{"index":"index","follow":"follow","max-snippet":"max-snippet:-1","max-image-preview":"max-image-preview:large","max-video-preview":"max-video-preview:-1"},"canonical":"https:\/\/royalfamily.org\/lat\/alo-newspaper-interview-hrh-crown-prince-alexander\/","og_locale":"en_US","og_type":"article","og_title":"Alo! Intervju: NJ.K.V. Prestolonaslednik Aleksandar","og_description":"Tu\u017eno je \u0161to nam Srbija nije vratila ni\u0161ta od imovine Prestolonaslednik Srbije Aleksandar Drugi Kara\u0111or\u0111evi\u0107 otvorio nam je vrata svog kraljevskog dvora i","og_url":"https:\/\/royalfamily.org\/lat\/alo-newspaper-interview-hrh-crown-prince-alexander\/","og_site_name":"The Royal Family of Serbia","article_publisher":"https:\/\/www.facebook.com\/Prestolonaslednik.Aleksandar","article_published_time":"2017-01-03T12:39:24+00:00","og_image":[{"width":740,"height":350,"url":"https:\/\/royalfamily.org\/wp-content\/uploads\/2017\/01\/alo0.jpg","type":"image\/jpeg"}],"author":"Stefan Milanovic","twitter_card":"summary_large_image","twitter_misc":{"Written by":"Stefan Milanovic","Est. reading time":"7 minutes"},"schema":{"@context":"https:\/\/schema.org","@graph":[{"@type":"Article","@id":"https:\/\/royalfamily.org\/lat\/alo-newspaper-interview-hrh-crown-prince-alexander\/#article","isPartOf":{"@id":"https:\/\/royalfamily.org\/lat\/alo-newspaper-interview-hrh-crown-prince-alexander\/"},"author":{"name":"Stefan Milanovic","@id":"https:\/\/royalfamily.org\/#\/schema\/person\/4ad3296a6a8a35eed333b6a785e9f648"},"headline":"Alo! Intervju: NJ.K.V. Prestolonaslednik Aleksandar","datePublished":"2017-01-03T12:39:24+00:00","mainEntityOfPage":{"@id":"https:\/\/royalfamily.org\/lat\/alo-newspaper-interview-hrh-crown-prince-alexander\/"},"wordCount":1316,"publisher":{"@id":"https:\/\/royalfamily.org\/#organization"},"image":{"@id":"https:\/\/royalfamily.org\/lat\/alo-newspaper-interview-hrh-crown-prince-alexander\/#primaryimage"},"thumbnailUrl":"https:\/\/royalfamily.org\/wp-content\/uploads\/2017\/01\/alo0.jpg","articleSection":["Vesti"],"inLanguage":"sr-LT"},{"@type":"WebPage","@id":"https:\/\/royalfamily.org\/lat\/alo-newspaper-interview-hrh-crown-prince-alexander\/","url":"https:\/\/royalfamily.org\/lat\/alo-newspaper-interview-hrh-crown-prince-alexander\/","name":"Alo! Intervju: NJ.K.V. Prestolonaslednik Aleksandar - The Royal Family of Serbia","isPartOf":{"@id":"https:\/\/royalfamily.org\/#website"},"primaryImageOfPage":{"@id":"https:\/\/royalfamily.org\/lat\/alo-newspaper-interview-hrh-crown-prince-alexander\/#primaryimage"},"image":{"@id":"https:\/\/royalfamily.org\/lat\/alo-newspaper-interview-hrh-crown-prince-alexander\/#primaryimage"},"thumbnailUrl":"https:\/\/royalfamily.org\/wp-content\/uploads\/2017\/01\/alo0.jpg","datePublished":"2017-01-03T12:39:24+00:00","description":"Tu\u017eno je \u0161to nam Srbija nije vratila ni\u0161ta od imovine Prestolonaslednik Srbije Aleksandar Drugi Kara\u0111or\u0111evi\u0107 otvorio nam je vrata svog kraljevskog dvora i","breadcrumb":{"@id":"https:\/\/royalfamily.org\/lat\/alo-newspaper-interview-hrh-crown-prince-alexander\/#breadcrumb"},"inLanguage":"sr-LT","potentialAction":[{"@type":"ReadAction","target":["https:\/\/royalfamily.org\/lat\/alo-newspaper-interview-hrh-crown-prince-alexander\/"]}]},{"@type":"ImageObject","inLanguage":"sr-LT","@id":"https:\/\/royalfamily.org\/lat\/alo-newspaper-interview-hrh-crown-prince-alexander\/#primaryimage","url":"https:\/\/royalfamily.org\/wp-content\/uploads\/2017\/01\/alo0.jpg","contentUrl":"https:\/\/royalfamily.org\/wp-content\/uploads\/2017\/01\/alo0.jpg","width":740,"height":350},{"@type":"BreadcrumbList","@id":"https:\/\/royalfamily.org\/lat\/alo-newspaper-interview-hrh-crown-prince-alexander\/#breadcrumb","itemListElement":[{"@type":"ListItem","position":1,"name":"Home","item":"https:\/\/royalfamily.org\/lat\/"},{"@type":"ListItem","position":2,"name":"Alo! Intervju: NJ.K.V. Prestolonaslednik Aleksandar"}]},{"@type":"WebSite","@id":"https:\/\/royalfamily.org\/#website","url":"https:\/\/royalfamily.org\/","name":"The Royal Family of Serbia","description":"From the people, for the people","publisher":{"@id":"https:\/\/royalfamily.org\/#organization"},"potentialAction":[{"@type":"SearchAction","target":{"@type":"EntryPoint","urlTemplate":"https:\/\/royalfamily.org\/?s={search_term_string}"},"query-input":{"@type":"PropertyValueSpecification","valueRequired":true,"valueName":"search_term_string"}}],"inLanguage":"sr-LT"},{"@type":"Organization","@id":"https:\/\/royalfamily.org\/#organization","name":"Royal Family","url":"https:\/\/royalfamily.org\/","logo":{"@type":"ImageObject","inLanguage":"sr-LT","@id":"https:\/\/royalfamily.org\/#\/schema\/logo\/image\/","url":"https:\/\/royalfamily.org\/wp-content\/uploads\/2019\/04\/logo-vector-02-V-latinica.png","contentUrl":"https:\/\/royalfamily.org\/wp-content\/uploads\/2019\/04\/logo-vector-02-V-latinica.png","width":552,"height":99,"caption":"Royal Family"},"image":{"@id":"https:\/\/royalfamily.org\/#\/schema\/logo\/image\/"},"sameAs":["https:\/\/www.facebook.com\/Prestolonaslednik.Aleksandar"]},{"@type":"Person","@id":"https:\/\/royalfamily.org\/#\/schema\/person\/4ad3296a6a8a35eed333b6a785e9f648","name":"Stefan Milanovic","image":{"@type":"ImageObject","inLanguage":"sr-LT","@id":"https:\/\/secure.gravatar.com\/avatar\/92dcbdcf3e32112a9ceb1e41665b1f44c69382d014cacfe12c701f6af7c40259?s=96&d=mm&r=g","url":"https:\/\/secure.gravatar.com\/avatar\/92dcbdcf3e32112a9ceb1e41665b1f44c69382d014cacfe12c701f6af7c40259?s=96&d=mm&r=g","contentUrl":"https:\/\/secure.gravatar.com\/avatar\/92dcbdcf3e32112a9ceb1e41665b1f44c69382d014cacfe12c701f6af7c40259?s=96&d=mm&r=g","caption":"Stefan Milanovic"}}]}},"_links":{"self":[{"href":"https:\/\/royalfamily.org\/lat\/wp-json\/wp\/v2\/posts\/29791","targetHints":{"allow":["GET"]}}],"collection":[{"href":"https:\/\/royalfamily.org\/lat\/wp-json\/wp\/v2\/posts"}],"about":[{"href":"https:\/\/royalfamily.org\/lat\/wp-json\/wp\/v2\/types\/post"}],"author":[{"embeddable":true,"href":"https:\/\/royalfamily.org\/lat\/wp-json\/wp\/v2\/users\/1001015"}],"replies":[{"embeddable":true,"href":"https:\/\/royalfamily.org\/lat\/wp-json\/wp\/v2\/comments?post=29791"}],"version-history":[{"count":0,"href":"https:\/\/royalfamily.org\/lat\/wp-json\/wp\/v2\/posts\/29791\/revisions"}],"wp:featuredmedia":[{"embeddable":true,"href":"https:\/\/royalfamily.org\/lat\/wp-json\/wp\/v2\/media\/29785"}],"wp:attachment":[{"href":"https:\/\/royalfamily.org\/lat\/wp-json\/wp\/v2\/media?parent=29791"}],"wp:term":[{"taxonomy":"category","embeddable":true,"href":"https:\/\/royalfamily.org\/lat\/wp-json\/wp\/v2\/categories?post=29791"},{"taxonomy":"post_tag","embeddable":true,"href":"https:\/\/royalfamily.org\/lat\/wp-json\/wp\/v2\/tags?post=29791"}],"curies":[{"name":"wp","href":"https:\/\/api.w.org\/{rel}","templated":true}]}}