{"id":29844,"date":"2017-01-04T13:47:42","date_gmt":"2017-01-04T13:47:42","guid":{"rendered":"https:\/\/royalfamily.org\/crown-princess-katherine-and-lifeline-chicago-continue-with-humanitarian-deliveries-2\/"},"modified":"2017-01-04T13:47:42","modified_gmt":"2017-01-04T13:47:42","slug":"crown-princess-katherine-and-lifeline-chicago-continue-with-humanitarian-deliveries","status":"publish","type":"post","link":"https:\/\/royalfamily.org\/lat\/crown-princess-katherine-and-lifeline-chicago-continue-with-humanitarian-deliveries\/","title":{"rendered":"PRINCEZA KATARINA I LAJFLAJN \u010cIKAGO NASTAVLJAJU SA HUMANITARNIM ISPORUKAMA"},"content":{"rendered":"<p><strong>Nakon ju\u010dera\u0161nje donacije domovima za nezbrinutu decu \u201eVasa Staji\u0107\u201c, \u201eDrinka Pavlovi\u0107\u201c i \u201eMo\u0161e Pijade\u201c, Njeno Kraljevsko Viso\u010danstvo Princeza Katarina uru\u010dila je pomo\u0107 u vidu igra\u010daka, garderobe i obu\u0107e domu za decu i omladinu \u201eJovan Jovanovi\u0107 Zmaj\u201c. Osim toga, Princeza Katarina obi\u0161la je i ku\u0107u u mestu Zaklopa\u010da gde je isporu\u010dila name\u0161taj, sudove, posteljinu i brojne druge ure\u0111aje za doma\u0107instvo. Ova ku\u0107a nalazi se pod ingerencijom Centra za za\u0161titu odoj\u010dadi, dece i omladine u Zve\u010danskoj, a u njoj borave mladi nakon izlaska iz ove ustanove, tokom perioda prilago\u0111avanja i osamostaljivanja.<\/strong><\/p>\n<p>Vredna pomo\u0107 prikupljena je u saradnji sa humanitarnom organizacijom Lajflajn \u010cikago \u010diji je pokrovitelj Princeza Katarina, a Njenom Kraljevskom Viso\u010danstvu u isporuci su se pridru\u017eile Dona Sekuli\u0107, \u010dlanica borda direktora i D\u017eordan Stajger, ambasadorka organizacije Lajflajn \u010cikago koja je ve\u0107 pomogla prvobitnu rekonstrukciju ove ku\u0107e 2004. godine.<\/p>\n<p>\u201eOse\u0107aj kada vidite decu kojoj ste barem malo ulep\u0161ali praznike i svakodnevicu je nezamenljiv. Lajflajn \u010cikago koji posluje pod pokroviteljstvom Princeze Katarine nastoji da pomogne ugro\u017eenim grupama u Srbiji jo\u0161 od 1993. godine. Snaga koju Princeza Katarina ima nas sve motivi\u0161e i svakodnevno \u010dini jo\u0161 boljima i plemenitijima&#8221;, rekla je Dona Sekuli\u0107, \u010dlanica borda direktora humanitarne organizacije Lajflajn \u010cikago.<\/p>\n<p>U \u010detvrtak, 5. januara na Belom dvoru bi\u0107e odr\u017eani i tradicionalni bo\u017ei\u0107ni prijemi za decu bez roditeljskog staranja. Tom prilikom Princeza Katarina podeli\u0107e novogodi\u0161nje paketi\u0107e deci, zajedno sa Prestolonaslednikom Aleksandrom i predstavnicima Lajflajn \u010cikago humanitarne organizacije.<\/p>\n<p>Njihova Kraljevska Viso\u010danstva posebno zahvaljuju kompaniji EKO SRBIJA AD koja je bila strate\u0161ki partner Kraljevskog para pri realizaciji humanitarnih doga\u0111aja.<\/p>\n<p><a href=\"https:\/\/royalfamily.org\/wp-content\/uploads\/2017\/01\/11.jpg\"><img decoding=\"async\" class=\"size-thumbnail wp-image-29839\" alt=\"Donacija paketi\u0107a domu i prihvatili\u0161tu \u201eJovan Jovanovi\u0107 Zmaj\u201c\" src=\"https:\/\/royalfamily.org\/wp-content\/uploads\/2017\/01\/11-170x120.jpg\" width=\"170\" height=\"120\" \/><\/a> <a href=\"https:\/\/royalfamily.org\/wp-content\/uploads\/2017\/01\/21.jpg\"><img decoding=\"async\" class=\"size-thumbnail wp-image-29836\" alt=\"Donacija paketi\u0107a domu i prihvatili\u0161tu \u201eJovan Jovanovi\u0107 Zmaj\u201c\" src=\"https:\/\/royalfamily.org\/wp-content\/uploads\/2017\/01\/21-170x120.jpg\" width=\"170\" height=\"120\" \/><\/a><a href=\"https:\/\/royalfamily.org\/wp-content\/uploads\/2017\/01\/31.jpg\"><img decoding=\"async\" class=\"size-thumbnail wp-image-29833\" alt=\"Donacija paketi\u0107a domu i prihvatili\u0161tu \u201eJovan Jovanovi\u0107 Zmaj\u201c\" src=\"https:\/\/royalfamily.org\/wp-content\/uploads\/2017\/01\/31-170x120.jpg\" width=\"170\" height=\"120\" \/><\/a><\/p>\n<p><a href=\"https:\/\/royalfamily.org\/wp-content\/uploads\/2017\/01\/41.jpg\"><img decoding=\"async\" class=\"size-thumbnail wp-image-29827\" alt=\"Donacija pomo\u0107i ku\u0107i u Zaklopa\u010di\" src=\"https:\/\/royalfamily.org\/wp-content\/uploads\/2017\/01\/41-170x120.jpg\" width=\"170\" height=\"120\" \/><\/a> <a href=\"https:\/\/royalfamily.org\/wp-content\/uploads\/2017\/01\/5.jpg\"><img decoding=\"async\" class=\"size-thumbnail wp-image-29824\" alt=\"Donacija paketi\u0107a domu i prihvatili\u0161tu \u201eJovan Jovanovi\u0107 Zmaj\u201c\" src=\"https:\/\/royalfamily.org\/wp-content\/uploads\/2017\/01\/5-170x120.jpg\" width=\"170\" height=\"120\" \/><\/a>\u00a0<a href=\"https:\/\/royalfamily.org\/wp-content\/uploads\/2017\/01\/6.jpg\"><img decoding=\"async\" class=\"size-thumbnail wp-image-29821 alignnone\" alt=\"Princeza Katarina\" src=\"https:\/\/royalfamily.org\/wp-content\/uploads\/2017\/01\/6-170x120.jpg\" width=\"170\" height=\"120\" \/><\/a><\/p>\n","protected":false},"excerpt":{"rendered":"<p>Nakon ju\u010dera\u0161nje donacije domovima za nezbrinutu decu \u201eVasa Staji\u0107\u201c, \u201eDrinka Pavlovi\u0107\u201c i \u201eMo\u0161e Pijade\u201c, Njeno  [&#8230;]<\/p>\n","protected":false},"author":1001015,"featured_media":29832,"comment_status":"closed","ping_status":"closed","sticky":false,"template":"","format":"standard","meta":{"_acf_changed":false,"footnotes":""},"categories":[22],"tags":[],"class_list":["post-29844","post","type-post","status-publish","format-standard","has-post-thumbnail","hentry","category-vesti"],"acf":[],"yoast_head":"<!-- This site is optimized with the Yoast SEO Premium plugin v27.5 (Yoast SEO v27.5) - https:\/\/yoast.com\/product\/yoast-seo-premium-wordpress\/ -->\n<title>PRINCEZA KATARINA I LAJFLAJN \u010cIKAGO NASTAVLJAJU SA HUMANITARNIM ISPORUKAMA - The Royal Family of Serbia<\/title>\n<meta name=\"description\" content=\"Nakon ju\u010dera\u0161nje donacije domovima za nezbrinutu decu \u201eVasa Staji\u0107\u201c, \u201eDrinka Pavlovi\u0107\u201c i \u201eMo\u0161e Pijade\u201c, Njeno Kraljevsko Viso\u010danstvo Princeza Katarina\" \/>\n<meta name=\"robots\" content=\"index, follow, max-snippet:-1, max-image-preview:large, max-video-preview:-1\" \/>\n<link rel=\"canonical\" href=\"https:\/\/royalfamily.org\/lat\/crown-princess-katherine-and-lifeline-chicago-continue-with-humanitarian-deliveries\/\" \/>\n<meta property=\"og:locale\" content=\"en_US\" \/>\n<meta property=\"og:type\" content=\"article\" \/>\n<meta property=\"og:title\" content=\"PRINCEZA KATARINA I LAJFLAJN \u010cIKAGO NASTAVLJAJU SA HUMANITARNIM ISPORUKAMA\" \/>\n<meta property=\"og:description\" content=\"Nakon ju\u010dera\u0161nje donacije domovima za nezbrinutu decu \u201eVasa Staji\u0107\u201c, \u201eDrinka Pavlovi\u0107\u201c i \u201eMo\u0161e Pijade\u201c, Njeno Kraljevsko Viso\u010danstvo Princeza Katarina\" \/>\n<meta property=\"og:url\" content=\"https:\/\/royalfamily.org\/lat\/crown-princess-katherine-and-lifeline-chicago-continue-with-humanitarian-deliveries\/\" \/>\n<meta property=\"og:site_name\" content=\"The Royal Family of Serbia\" \/>\n<meta property=\"article:publisher\" content=\"https:\/\/www.facebook.com\/Prestolonaslednik.Aleksandar\" \/>\n<meta property=\"article:published_time\" content=\"2017-01-04T13:47:42+00:00\" \/>\n<meta property=\"og:image\" content=\"https:\/\/royalfamily.org\/wp-content\/uploads\/2017\/01\/01.jpg\" \/>\n\t<meta property=\"og:image:width\" content=\"740\" \/>\n\t<meta property=\"og:image:height\" content=\"350\" \/>\n\t<meta property=\"og:image:type\" content=\"image\/jpeg\" \/>\n<meta name=\"author\" content=\"Stefan Milanovic\" \/>\n<meta name=\"twitter:card\" content=\"summary_large_image\" \/>\n<meta name=\"twitter:label1\" content=\"Written by\" \/>\n\t<meta name=\"twitter:data1\" content=\"Stefan Milanovic\" \/>\n\t<meta name=\"twitter:label2\" content=\"Est. reading time\" \/>\n\t<meta name=\"twitter:data2\" content=\"1 minute\" \/>\n<script type=\"application\/ld+json\" class=\"yoast-schema-graph\">{\"@context\":\"https:\\\/\\\/schema.org\",\"@graph\":[{\"@type\":\"Article\",\"@id\":\"https:\\\/\\\/royalfamily.org\\\/lat\\\/crown-princess-katherine-and-lifeline-chicago-continue-with-humanitarian-deliveries\\\/#article\",\"isPartOf\":{\"@id\":\"https:\\\/\\\/royalfamily.org\\\/lat\\\/crown-princess-katherine-and-lifeline-chicago-continue-with-humanitarian-deliveries\\\/\"},\"author\":{\"name\":\"Stefan Milanovic\",\"@id\":\"https:\\\/\\\/royalfamily.org\\\/#\\\/schema\\\/person\\\/4ad3296a6a8a35eed333b6a785e9f648\"},\"headline\":\"PRINCEZA KATARINA I LAJFLAJN \u010cIKAGO NASTAVLJAJU SA HUMANITARNIM ISPORUKAMA\",\"datePublished\":\"2017-01-04T13:47:42+00:00\",\"mainEntityOfPage\":{\"@id\":\"https:\\\/\\\/royalfamily.org\\\/lat\\\/crown-princess-katherine-and-lifeline-chicago-continue-with-humanitarian-deliveries\\\/\"},\"wordCount\":294,\"publisher\":{\"@id\":\"https:\\\/\\\/royalfamily.org\\\/#organization\"},\"image\":{\"@id\":\"https:\\\/\\\/royalfamily.org\\\/lat\\\/crown-princess-katherine-and-lifeline-chicago-continue-with-humanitarian-deliveries\\\/#primaryimage\"},\"thumbnailUrl\":\"https:\\\/\\\/royalfamily.org\\\/wp-content\\\/uploads\\\/2017\\\/01\\\/01.jpg\",\"articleSection\":[\"Vesti\"],\"inLanguage\":\"sr-LT\"},{\"@type\":\"WebPage\",\"@id\":\"https:\\\/\\\/royalfamily.org\\\/lat\\\/crown-princess-katherine-and-lifeline-chicago-continue-with-humanitarian-deliveries\\\/\",\"url\":\"https:\\\/\\\/royalfamily.org\\\/lat\\\/crown-princess-katherine-and-lifeline-chicago-continue-with-humanitarian-deliveries\\\/\",\"name\":\"PRINCEZA KATARINA I LAJFLAJN \u010cIKAGO NASTAVLJAJU SA HUMANITARNIM ISPORUKAMA - The Royal Family of Serbia\",\"isPartOf\":{\"@id\":\"https:\\\/\\\/royalfamily.org\\\/#website\"},\"primaryImageOfPage\":{\"@id\":\"https:\\\/\\\/royalfamily.org\\\/lat\\\/crown-princess-katherine-and-lifeline-chicago-continue-with-humanitarian-deliveries\\\/#primaryimage\"},\"image\":{\"@id\":\"https:\\\/\\\/royalfamily.org\\\/lat\\\/crown-princess-katherine-and-lifeline-chicago-continue-with-humanitarian-deliveries\\\/#primaryimage\"},\"thumbnailUrl\":\"https:\\\/\\\/royalfamily.org\\\/wp-content\\\/uploads\\\/2017\\\/01\\\/01.jpg\",\"datePublished\":\"2017-01-04T13:47:42+00:00\",\"description\":\"Nakon ju\u010dera\u0161nje donacije domovima za nezbrinutu decu \u201eVasa Staji\u0107\u201c, \u201eDrinka Pavlovi\u0107\u201c i \u201eMo\u0161e Pijade\u201c, Njeno Kraljevsko Viso\u010danstvo Princeza Katarina\",\"breadcrumb\":{\"@id\":\"https:\\\/\\\/royalfamily.org\\\/lat\\\/crown-princess-katherine-and-lifeline-chicago-continue-with-humanitarian-deliveries\\\/#breadcrumb\"},\"inLanguage\":\"sr-LT\",\"potentialAction\":[{\"@type\":\"ReadAction\",\"target\":[\"https:\\\/\\\/royalfamily.org\\\/lat\\\/crown-princess-katherine-and-lifeline-chicago-continue-with-humanitarian-deliveries\\\/\"]}]},{\"@type\":\"ImageObject\",\"inLanguage\":\"sr-LT\",\"@id\":\"https:\\\/\\\/royalfamily.org\\\/lat\\\/crown-princess-katherine-and-lifeline-chicago-continue-with-humanitarian-deliveries\\\/#primaryimage\",\"url\":\"https:\\\/\\\/royalfamily.org\\\/wp-content\\\/uploads\\\/2017\\\/01\\\/01.jpg\",\"contentUrl\":\"https:\\\/\\\/royalfamily.org\\\/wp-content\\\/uploads\\\/2017\\\/01\\\/01.jpg\",\"width\":740,\"height\":350},{\"@type\":\"BreadcrumbList\",\"@id\":\"https:\\\/\\\/royalfamily.org\\\/lat\\\/crown-princess-katherine-and-lifeline-chicago-continue-with-humanitarian-deliveries\\\/#breadcrumb\",\"itemListElement\":[{\"@type\":\"ListItem\",\"position\":1,\"name\":\"Home\",\"item\":\"https:\\\/\\\/royalfamily.org\\\/lat\\\/\"},{\"@type\":\"ListItem\",\"position\":2,\"name\":\"PRINCEZA KATARINA I LAJFLAJN \u010cIKAGO NASTAVLJAJU SA HUMANITARNIM ISPORUKAMA\"}]},{\"@type\":\"WebSite\",\"@id\":\"https:\\\/\\\/royalfamily.org\\\/#website\",\"url\":\"https:\\\/\\\/royalfamily.org\\\/\",\"name\":\"The Royal Family of Serbia\",\"description\":\"From the people, for the people\",\"publisher\":{\"@id\":\"https:\\\/\\\/royalfamily.org\\\/#organization\"},\"potentialAction\":[{\"@type\":\"SearchAction\",\"target\":{\"@type\":\"EntryPoint\",\"urlTemplate\":\"https:\\\/\\\/royalfamily.org\\\/?s={search_term_string}\"},\"query-input\":{\"@type\":\"PropertyValueSpecification\",\"valueRequired\":true,\"valueName\":\"search_term_string\"}}],\"inLanguage\":\"sr-LT\"},{\"@type\":\"Organization\",\"@id\":\"https:\\\/\\\/royalfamily.org\\\/#organization\",\"name\":\"Royal Family\",\"url\":\"https:\\\/\\\/royalfamily.org\\\/\",\"logo\":{\"@type\":\"ImageObject\",\"inLanguage\":\"sr-LT\",\"@id\":\"https:\\\/\\\/royalfamily.org\\\/#\\\/schema\\\/logo\\\/image\\\/\",\"url\":\"https:\\\/\\\/royalfamily.org\\\/wp-content\\\/uploads\\\/2019\\\/04\\\/logo-vector-02-V-latinica.png\",\"contentUrl\":\"https:\\\/\\\/royalfamily.org\\\/wp-content\\\/uploads\\\/2019\\\/04\\\/logo-vector-02-V-latinica.png\",\"width\":552,\"height\":99,\"caption\":\"Royal Family\"},\"image\":{\"@id\":\"https:\\\/\\\/royalfamily.org\\\/#\\\/schema\\\/logo\\\/image\\\/\"},\"sameAs\":[\"https:\\\/\\\/www.facebook.com\\\/Prestolonaslednik.Aleksandar\"]},{\"@type\":\"Person\",\"@id\":\"https:\\\/\\\/royalfamily.org\\\/#\\\/schema\\\/person\\\/4ad3296a6a8a35eed333b6a785e9f648\",\"name\":\"Stefan Milanovic\",\"image\":{\"@type\":\"ImageObject\",\"inLanguage\":\"sr-LT\",\"@id\":\"https:\\\/\\\/secure.gravatar.com\\\/avatar\\\/92dcbdcf3e32112a9ceb1e41665b1f44c69382d014cacfe12c701f6af7c40259?s=96&d=mm&r=g\",\"url\":\"https:\\\/\\\/secure.gravatar.com\\\/avatar\\\/92dcbdcf3e32112a9ceb1e41665b1f44c69382d014cacfe12c701f6af7c40259?s=96&d=mm&r=g\",\"contentUrl\":\"https:\\\/\\\/secure.gravatar.com\\\/avatar\\\/92dcbdcf3e32112a9ceb1e41665b1f44c69382d014cacfe12c701f6af7c40259?s=96&d=mm&r=g\",\"caption\":\"Stefan Milanovic\"}}]}<\/script>\n<!-- \/ Yoast SEO Premium plugin. -->","yoast_head_json":{"title":"PRINCEZA KATARINA I LAJFLAJN \u010cIKAGO NASTAVLJAJU SA HUMANITARNIM ISPORUKAMA - The Royal Family of Serbia","description":"Nakon ju\u010dera\u0161nje donacije domovima za nezbrinutu decu \u201eVasa Staji\u0107\u201c, \u201eDrinka Pavlovi\u0107\u201c i \u201eMo\u0161e Pijade\u201c, Njeno Kraljevsko Viso\u010danstvo Princeza Katarina","robots":{"index":"index","follow":"follow","max-snippet":"max-snippet:-1","max-image-preview":"max-image-preview:large","max-video-preview":"max-video-preview:-1"},"canonical":"https:\/\/royalfamily.org\/lat\/crown-princess-katherine-and-lifeline-chicago-continue-with-humanitarian-deliveries\/","og_locale":"en_US","og_type":"article","og_title":"PRINCEZA KATARINA I LAJFLAJN \u010cIKAGO NASTAVLJAJU SA HUMANITARNIM ISPORUKAMA","og_description":"Nakon ju\u010dera\u0161nje donacije domovima za nezbrinutu decu \u201eVasa Staji\u0107\u201c, \u201eDrinka Pavlovi\u0107\u201c i \u201eMo\u0161e Pijade\u201c, Njeno Kraljevsko Viso\u010danstvo Princeza Katarina","og_url":"https:\/\/royalfamily.org\/lat\/crown-princess-katherine-and-lifeline-chicago-continue-with-humanitarian-deliveries\/","og_site_name":"The Royal Family of Serbia","article_publisher":"https:\/\/www.facebook.com\/Prestolonaslednik.Aleksandar","article_published_time":"2017-01-04T13:47:42+00:00","og_image":[{"width":740,"height":350,"url":"https:\/\/royalfamily.org\/wp-content\/uploads\/2017\/01\/01.jpg","type":"image\/jpeg"}],"author":"Stefan Milanovic","twitter_card":"summary_large_image","twitter_misc":{"Written by":"Stefan Milanovic","Est. reading time":"1 minute"},"schema":{"@context":"https:\/\/schema.org","@graph":[{"@type":"Article","@id":"https:\/\/royalfamily.org\/lat\/crown-princess-katherine-and-lifeline-chicago-continue-with-humanitarian-deliveries\/#article","isPartOf":{"@id":"https:\/\/royalfamily.org\/lat\/crown-princess-katherine-and-lifeline-chicago-continue-with-humanitarian-deliveries\/"},"author":{"name":"Stefan Milanovic","@id":"https:\/\/royalfamily.org\/#\/schema\/person\/4ad3296a6a8a35eed333b6a785e9f648"},"headline":"PRINCEZA KATARINA I LAJFLAJN \u010cIKAGO NASTAVLJAJU SA HUMANITARNIM ISPORUKAMA","datePublished":"2017-01-04T13:47:42+00:00","mainEntityOfPage":{"@id":"https:\/\/royalfamily.org\/lat\/crown-princess-katherine-and-lifeline-chicago-continue-with-humanitarian-deliveries\/"},"wordCount":294,"publisher":{"@id":"https:\/\/royalfamily.org\/#organization"},"image":{"@id":"https:\/\/royalfamily.org\/lat\/crown-princess-katherine-and-lifeline-chicago-continue-with-humanitarian-deliveries\/#primaryimage"},"thumbnailUrl":"https:\/\/royalfamily.org\/wp-content\/uploads\/2017\/01\/01.jpg","articleSection":["Vesti"],"inLanguage":"sr-LT"},{"@type":"WebPage","@id":"https:\/\/royalfamily.org\/lat\/crown-princess-katherine-and-lifeline-chicago-continue-with-humanitarian-deliveries\/","url":"https:\/\/royalfamily.org\/lat\/crown-princess-katherine-and-lifeline-chicago-continue-with-humanitarian-deliveries\/","name":"PRINCEZA KATARINA I LAJFLAJN \u010cIKAGO NASTAVLJAJU SA HUMANITARNIM ISPORUKAMA - The Royal Family of Serbia","isPartOf":{"@id":"https:\/\/royalfamily.org\/#website"},"primaryImageOfPage":{"@id":"https:\/\/royalfamily.org\/lat\/crown-princess-katherine-and-lifeline-chicago-continue-with-humanitarian-deliveries\/#primaryimage"},"image":{"@id":"https:\/\/royalfamily.org\/lat\/crown-princess-katherine-and-lifeline-chicago-continue-with-humanitarian-deliveries\/#primaryimage"},"thumbnailUrl":"https:\/\/royalfamily.org\/wp-content\/uploads\/2017\/01\/01.jpg","datePublished":"2017-01-04T13:47:42+00:00","description":"Nakon ju\u010dera\u0161nje donacije domovima za nezbrinutu decu \u201eVasa Staji\u0107\u201c, \u201eDrinka Pavlovi\u0107\u201c i \u201eMo\u0161e Pijade\u201c, Njeno Kraljevsko Viso\u010danstvo Princeza Katarina","breadcrumb":{"@id":"https:\/\/royalfamily.org\/lat\/crown-princess-katherine-and-lifeline-chicago-continue-with-humanitarian-deliveries\/#breadcrumb"},"inLanguage":"sr-LT","potentialAction":[{"@type":"ReadAction","target":["https:\/\/royalfamily.org\/lat\/crown-princess-katherine-and-lifeline-chicago-continue-with-humanitarian-deliveries\/"]}]},{"@type":"ImageObject","inLanguage":"sr-LT","@id":"https:\/\/royalfamily.org\/lat\/crown-princess-katherine-and-lifeline-chicago-continue-with-humanitarian-deliveries\/#primaryimage","url":"https:\/\/royalfamily.org\/wp-content\/uploads\/2017\/01\/01.jpg","contentUrl":"https:\/\/royalfamily.org\/wp-content\/uploads\/2017\/01\/01.jpg","width":740,"height":350},{"@type":"BreadcrumbList","@id":"https:\/\/royalfamily.org\/lat\/crown-princess-katherine-and-lifeline-chicago-continue-with-humanitarian-deliveries\/#breadcrumb","itemListElement":[{"@type":"ListItem","position":1,"name":"Home","item":"https:\/\/royalfamily.org\/lat\/"},{"@type":"ListItem","position":2,"name":"PRINCEZA KATARINA I LAJFLAJN \u010cIKAGO NASTAVLJAJU SA HUMANITARNIM ISPORUKAMA"}]},{"@type":"WebSite","@id":"https:\/\/royalfamily.org\/#website","url":"https:\/\/royalfamily.org\/","name":"The Royal Family of Serbia","description":"From the people, for the people","publisher":{"@id":"https:\/\/royalfamily.org\/#organization"},"potentialAction":[{"@type":"SearchAction","target":{"@type":"EntryPoint","urlTemplate":"https:\/\/royalfamily.org\/?s={search_term_string}"},"query-input":{"@type":"PropertyValueSpecification","valueRequired":true,"valueName":"search_term_string"}}],"inLanguage":"sr-LT"},{"@type":"Organization","@id":"https:\/\/royalfamily.org\/#organization","name":"Royal Family","url":"https:\/\/royalfamily.org\/","logo":{"@type":"ImageObject","inLanguage":"sr-LT","@id":"https:\/\/royalfamily.org\/#\/schema\/logo\/image\/","url":"https:\/\/royalfamily.org\/wp-content\/uploads\/2019\/04\/logo-vector-02-V-latinica.png","contentUrl":"https:\/\/royalfamily.org\/wp-content\/uploads\/2019\/04\/logo-vector-02-V-latinica.png","width":552,"height":99,"caption":"Royal Family"},"image":{"@id":"https:\/\/royalfamily.org\/#\/schema\/logo\/image\/"},"sameAs":["https:\/\/www.facebook.com\/Prestolonaslednik.Aleksandar"]},{"@type":"Person","@id":"https:\/\/royalfamily.org\/#\/schema\/person\/4ad3296a6a8a35eed333b6a785e9f648","name":"Stefan Milanovic","image":{"@type":"ImageObject","inLanguage":"sr-LT","@id":"https:\/\/secure.gravatar.com\/avatar\/92dcbdcf3e32112a9ceb1e41665b1f44c69382d014cacfe12c701f6af7c40259?s=96&d=mm&r=g","url":"https:\/\/secure.gravatar.com\/avatar\/92dcbdcf3e32112a9ceb1e41665b1f44c69382d014cacfe12c701f6af7c40259?s=96&d=mm&r=g","contentUrl":"https:\/\/secure.gravatar.com\/avatar\/92dcbdcf3e32112a9ceb1e41665b1f44c69382d014cacfe12c701f6af7c40259?s=96&d=mm&r=g","caption":"Stefan Milanovic"}}]}},"_links":{"self":[{"href":"https:\/\/royalfamily.org\/lat\/wp-json\/wp\/v2\/posts\/29844","targetHints":{"allow":["GET"]}}],"collection":[{"href":"https:\/\/royalfamily.org\/lat\/wp-json\/wp\/v2\/posts"}],"about":[{"href":"https:\/\/royalfamily.org\/lat\/wp-json\/wp\/v2\/types\/post"}],"author":[{"embeddable":true,"href":"https:\/\/royalfamily.org\/lat\/wp-json\/wp\/v2\/users\/1001015"}],"replies":[{"embeddable":true,"href":"https:\/\/royalfamily.org\/lat\/wp-json\/wp\/v2\/comments?post=29844"}],"version-history":[{"count":0,"href":"https:\/\/royalfamily.org\/lat\/wp-json\/wp\/v2\/posts\/29844\/revisions"}],"wp:featuredmedia":[{"embeddable":true,"href":"https:\/\/royalfamily.org\/lat\/wp-json\/wp\/v2\/media\/29832"}],"wp:attachment":[{"href":"https:\/\/royalfamily.org\/lat\/wp-json\/wp\/v2\/media?parent=29844"}],"wp:term":[{"taxonomy":"category","embeddable":true,"href":"https:\/\/royalfamily.org\/lat\/wp-json\/wp\/v2\/categories?post=29844"},{"taxonomy":"post_tag","embeddable":true,"href":"https:\/\/royalfamily.org\/lat\/wp-json\/wp\/v2\/tags?post=29844"}],"curies":[{"name":"wp","href":"https:\/\/api.w.org\/{rel}","templated":true}]}}