{"id":29891,"date":"2017-01-05T14:10:27","date_gmt":"2017-01-05T14:10:27","guid":{"rendered":"https:\/\/royalfamily.org\/more-than-1200-children-at-traditional-white-palace-christmas-receptions-2\/"},"modified":"2017-01-05T14:10:27","modified_gmt":"2017-01-05T14:10:27","slug":"more-than-1200-children-at-traditional-white-palace-christmas-receptions","status":"publish","type":"post","link":"https:\/\/royalfamily.org\/lat\/more-than-1200-children-at-traditional-white-palace-christmas-receptions\/","title":{"rendered":"Vi\u0161e od 1200 dece na tradicionalnim bo\u017ei\u0107nim prijemima u Belom dvoru"},"content":{"rendered":"<p><strong>Njihova Kraljevska Viso\u010danstva Prestolonaslednik Aleksandar, Princeza Katarina i njihova \u0107erka Alison i ove godine doma\u0107ini su tradicionalnih bo\u017ei\u0107nih prijema za vi\u0161e od 1200 dece bez roditeljskog staranja.<\/strong><\/p>\n<p>Deca bez roditeljskog staranja, romska deca, deca izbeglice i deca sa invaliditetom, starosti od tri do dvanaest godina, iz domova i udru\u017eenja \u0161irom Srbije, imala su priliku da se raduju Bo\u017ei\u0107u zajedno sa Njihovim Kraljevskim Viso\u010danstvima u Belom dvoru. Njegovo Preosve\u0161tenstvo Vladika topli\u010dki G. Arsenije objasnio je deci pravi smisao Bo\u017ei\u0107a i njegov zna\u010daj.<\/p>\n<p>U toku dana odr\u017eana su tri prijema na kojima su deca u\u017eivala u divnim poklonima i Deda Mrazu, bo\u017ei\u0107nom muzi\u010dkom programu, animatorima iz ansambla \u201e\u010cigra\u201c, kao i muzi\u010dkom programu de\u010dijeg hora \u010carolija.<\/p>\n<p>Nj.E. G-din Hosein Mola Abdolahi, ambasador Irana, glavni Imam beogradski ef. Ramadan Mehmedi, Dona Sekuli\u0107, \u010dlanica borda direktora i D\u017eordan Stajger, ambasador organizacije Lajflajn \u010cikago i Daniela \u010celikovi\u0107, predstavnik humanitarne organizacije Lajflajn Njujork pomagali su Njihovim Kraljevskim Viso\u010danstvima prilikom podele poklona deci. Ovom prilikom, LG kompanija poklonila je TV ure\u0111aj Centru za razvoj usluga socijalne za\u0161tite \u201eKneginja Ljubica\u201c iz Kragujevca.<\/p>\n<p>Ovi prijemi ne bi bili odr\u017eani bez velike pomo\u0107i humanitarne organizacije Lajflajn \u010cikago, koja radi pod pokroviteljstvom NJ.K.V. Princeze Katarine kao i brojnih donatora, me\u0111u kojima su:<\/p>\n<p><strong>Ambasade koje su pomogle odr\u017eavanje prijema:<\/strong> Finska, Mjanmar, Palestina, Iran, i konzulat \u0160ri Lanke.<\/p>\n<p><strong>Kompanije<\/strong>: Evro Book, Balon Centar, Pekara \u201e30\u201c, Nuzy pekara, Sunoko d.o.o., fabrika \u010darapa \u201eKika\u201c, Coca-Cola HBC &#8211; Srbija d.o.o, Yuton d.o.o, Tintolino Family, SZR Drvo-promet, \u017ditopromet AD, Eko Srbija AD.<\/p>\n<p><strong>Me\u0111unarodne \u0161kole<\/strong>: The British International School Beograd,\u00a0The International School Beograd,\u00a0Ruska \u0161kola, Deutche Schule Beograd, Chartwell International\u00a0 \u0161kola i osnovna \u0161kola Montesori.<\/p>\n<p>Njihova Kraljevska Viso\u010danstva zahvaljuju svim donatorima koji su pomogli da i ove godine budu odr\u017eani prijemi za decu i svi zajedno im ulep\u0161aju praznik.<\/p>\n<p style=\"text-align: left;\"><a href=\"https:\/\/royalfamily.org\/wp-content\/uploads\/2017\/01\/8.jpg\"><br \/>\n<\/a><a href=\"https:\/\/royalfamily.org\/wp-content\/uploads\/2017\/01\/32.jpg\"><img decoding=\"async\" class=\"alignnone size-thumbnail wp-image-29888\" alt=\"Nj.K.V. Prestolonaslednik Aleksandar na bo\u017ei\u0107nom prijemu na Belom dvoru\" src=\"https:\/\/royalfamily.org\/wp-content\/uploads\/2017\/01\/32-170x120.jpg\" width=\"170\" height=\"120\" \/><\/a> <a href=\"https:\/\/royalfamily.org\/wp-content\/uploads\/2017\/01\/42.jpg\"><img decoding=\"async\" class=\"alignnone size-thumbnail wp-image-29885\" alt=\"Nj.K.V. Princeza Katarina na bo\u017ei\u0107nom prijemu na Belom dvoru\" src=\"https:\/\/royalfamily.org\/wp-content\/uploads\/2017\/01\/42-170x120.jpg\" width=\"170\" height=\"120\" \/><\/a> <a href=\"https:\/\/royalfamily.org\/wp-content\/uploads\/2017\/01\/22.jpg\"><img decoding=\"async\" class=\"alignnone size-thumbnail wp-image-29882\" alt=\"Nj.K.V. Princeza Katarina na bo\u017ei\u0107nom prijemu na Belom dvoru\" src=\"https:\/\/royalfamily.org\/wp-content\/uploads\/2017\/01\/22-170x120.jpg\" width=\"170\" height=\"120\" \/><\/a> <a href=\"https:\/\/royalfamily.org\/wp-content\/uploads\/2017\/01\/61.jpg\"><img decoding=\"async\" class=\"alignnone size-thumbnail wp-image-29879\" alt=\"Bo\u017ei\u0107ni prijemi u Belom dvoru\" src=\"https:\/\/royalfamily.org\/wp-content\/uploads\/2017\/01\/61-170x120.jpg\" width=\"170\" height=\"120\" \/><\/a><\/p>\n<p style=\"text-align: left;\"><a href=\"https:\/\/royalfamily.org\/wp-content\/uploads\/2017\/01\/12.jpg\"><img decoding=\"async\" class=\"alignnone size-thumbnail wp-image-29873\" alt=\"Glavni Imam beogradski ef. Ramadan Mehmedi, Nj.E. G-din Hosein Mola Abdolahi, ambasador Irana, Nj.K.V. Prestolonaslednik Aleksandar, Nj.K.V. \" src=\"https:\/\/royalfamily.org\/wp-content\/uploads\/2017\/01\/12-170x120.jpg\" width=\"170\" height=\"120\" \/><\/a> <a href=\"https:\/\/royalfamily.org\/wp-content\/uploads\/2017\/01\/7.jpg\"><img decoding=\"async\" class=\"alignnone size-thumbnail wp-image-29870\" alt=\"Nj.K.V. Prestolonaslednik Aleksandar, Njegovo preosve\u0161tenstvo vladika topli\u010dki g. Arsenije, Nj.K.V. Princeza Katarina, Dona Sekuli\u0107, D\u017eordan Stajger, Danijela \u010celikovi\u0107, Deda Mraz i Jugoslav \u010celikovi\u0107 sa decom na prijemu u Belom dvoru\" src=\"https:\/\/royalfamily.org\/wp-content\/uploads\/2017\/01\/7-170x120.jpg\" width=\"170\" height=\"120\" \/><\/a> <a href=\"https:\/\/royalfamily.org\/wp-content\/uploads\/2017\/01\/8.jpg\"><img decoding=\"async\" class=\"alignnone size-thumbnail wp-image-29867\" alt=\"Nj.K.V. Prestolonaslednik Aleksandar, D\u017eordan Stajger, Nj.K.V. Princeza Katarina, Dona Sekuli\u0107\" src=\"https:\/\/royalfamily.org\/wp-content\/uploads\/2017\/01\/8-170x120.jpg\" width=\"170\" height=\"120\" \/>\u00a0<\/a><a href=\"https:\/\/royalfamily.org\/wp-content\/uploads\/2017\/01\/9.jpg\"><img decoding=\"async\" class=\"alignnone size-thumbnail wp-image-29924\" alt=\"Jugoslav i Danijela \u010celikovi\u0107, D\u017eordan Stajger, Dona Sekuli\u0107, Nj.K.V. Princeza Katarina, Njegovo preosve\u0161tenstvo vladika topli\u010dki g. Arsenije, Nj.K.V. Prestolonaslednik Aleksandar\" src=\"https:\/\/royalfamily.org\/wp-content\/uploads\/2017\/01\/9-170x120.jpg\" width=\"170\" height=\"120\" \/><\/a><\/p>\n","protected":false},"excerpt":{"rendered":"<p>Njihova Kraljevska Viso\u010danstva Prestolonaslednik Aleksandar, Princeza Katarina i njihova \u0107erka Alison i ove godine doma\u0107ini  [&#8230;]<\/p>\n","protected":false},"author":1001015,"featured_media":29876,"comment_status":"closed","ping_status":"closed","sticky":false,"template":"","format":"standard","meta":{"_acf_changed":false,"footnotes":""},"categories":[22],"tags":[],"class_list":["post-29891","post","type-post","status-publish","format-standard","has-post-thumbnail","hentry","category-vesti"],"acf":[],"yoast_head":"<!-- This site is optimized with the Yoast SEO Premium plugin v27.5 (Yoast SEO v27.5) - https:\/\/yoast.com\/product\/yoast-seo-premium-wordpress\/ -->\n<title>Vi\u0161e od 1200 dece na tradicionalnim bo\u017ei\u0107nim prijemima u Belom dvoru - The Royal Family of Serbia<\/title>\n<meta name=\"description\" content=\"Njihova Kraljevska Viso\u010danstva Prestolonaslednik Aleksandar, Princeza Katarina i njihova \u0107erka Alison i ove godine doma\u0107ini su tradicionalnih bo\u017ei\u0107nih\" \/>\n<meta name=\"robots\" content=\"index, follow, max-snippet:-1, max-image-preview:large, max-video-preview:-1\" \/>\n<link rel=\"canonical\" href=\"https:\/\/royalfamily.org\/lat\/more-than-1200-children-at-traditional-white-palace-christmas-receptions\/\" \/>\n<meta property=\"og:locale\" content=\"en_US\" \/>\n<meta property=\"og:type\" content=\"article\" \/>\n<meta property=\"og:title\" content=\"Vi\u0161e od 1200 dece na tradicionalnim bo\u017ei\u0107nim prijemima u Belom dvoru\" \/>\n<meta property=\"og:description\" content=\"Njihova Kraljevska Viso\u010danstva Prestolonaslednik Aleksandar, Princeza Katarina i njihova \u0107erka Alison i ove godine doma\u0107ini su tradicionalnih bo\u017ei\u0107nih\" \/>\n<meta property=\"og:url\" content=\"https:\/\/royalfamily.org\/lat\/more-than-1200-children-at-traditional-white-palace-christmas-receptions\/\" \/>\n<meta property=\"og:site_name\" content=\"The Royal Family of Serbia\" \/>\n<meta property=\"article:publisher\" content=\"https:\/\/www.facebook.com\/Prestolonaslednik.Aleksandar\" \/>\n<meta property=\"article:published_time\" content=\"2017-01-05T14:10:27+00:00\" \/>\n<meta property=\"og:image\" content=\"https:\/\/royalfamily.org\/wp-content\/uploads\/2017\/01\/02.jpg\" \/>\n\t<meta property=\"og:image:width\" content=\"740\" \/>\n\t<meta property=\"og:image:height\" content=\"350\" \/>\n\t<meta property=\"og:image:type\" content=\"image\/jpeg\" \/>\n<meta name=\"author\" content=\"Stefan Milanovic\" \/>\n<meta name=\"twitter:card\" content=\"summary_large_image\" \/>\n<meta name=\"twitter:label1\" content=\"Written by\" \/>\n\t<meta name=\"twitter:data1\" content=\"Stefan Milanovic\" \/>\n\t<meta name=\"twitter:label2\" content=\"Est. reading time\" \/>\n\t<meta name=\"twitter:data2\" content=\"2 minutes\" \/>\n<script type=\"application\/ld+json\" class=\"yoast-schema-graph\">{\"@context\":\"https:\\\/\\\/schema.org\",\"@graph\":[{\"@type\":\"Article\",\"@id\":\"https:\\\/\\\/royalfamily.org\\\/lat\\\/more-than-1200-children-at-traditional-white-palace-christmas-receptions\\\/#article\",\"isPartOf\":{\"@id\":\"https:\\\/\\\/royalfamily.org\\\/lat\\\/more-than-1200-children-at-traditional-white-palace-christmas-receptions\\\/\"},\"author\":{\"name\":\"Stefan Milanovic\",\"@id\":\"https:\\\/\\\/royalfamily.org\\\/#\\\/schema\\\/person\\\/4ad3296a6a8a35eed333b6a785e9f648\"},\"headline\":\"Vi\u0161e od 1200 dece na tradicionalnim bo\u017ei\u0107nim prijemima u Belom dvoru\",\"datePublished\":\"2017-01-05T14:10:27+00:00\",\"mainEntityOfPage\":{\"@id\":\"https:\\\/\\\/royalfamily.org\\\/lat\\\/more-than-1200-children-at-traditional-white-palace-christmas-receptions\\\/\"},\"wordCount\":344,\"publisher\":{\"@id\":\"https:\\\/\\\/royalfamily.org\\\/#organization\"},\"image\":{\"@id\":\"https:\\\/\\\/royalfamily.org\\\/lat\\\/more-than-1200-children-at-traditional-white-palace-christmas-receptions\\\/#primaryimage\"},\"thumbnailUrl\":\"https:\\\/\\\/royalfamily.org\\\/wp-content\\\/uploads\\\/2017\\\/01\\\/02.jpg\",\"articleSection\":[\"Vesti\"],\"inLanguage\":\"sr-LT\"},{\"@type\":\"WebPage\",\"@id\":\"https:\\\/\\\/royalfamily.org\\\/lat\\\/more-than-1200-children-at-traditional-white-palace-christmas-receptions\\\/\",\"url\":\"https:\\\/\\\/royalfamily.org\\\/lat\\\/more-than-1200-children-at-traditional-white-palace-christmas-receptions\\\/\",\"name\":\"Vi\u0161e od 1200 dece na tradicionalnim bo\u017ei\u0107nim prijemima u Belom dvoru - The Royal Family of Serbia\",\"isPartOf\":{\"@id\":\"https:\\\/\\\/royalfamily.org\\\/#website\"},\"primaryImageOfPage\":{\"@id\":\"https:\\\/\\\/royalfamily.org\\\/lat\\\/more-than-1200-children-at-traditional-white-palace-christmas-receptions\\\/#primaryimage\"},\"image\":{\"@id\":\"https:\\\/\\\/royalfamily.org\\\/lat\\\/more-than-1200-children-at-traditional-white-palace-christmas-receptions\\\/#primaryimage\"},\"thumbnailUrl\":\"https:\\\/\\\/royalfamily.org\\\/wp-content\\\/uploads\\\/2017\\\/01\\\/02.jpg\",\"datePublished\":\"2017-01-05T14:10:27+00:00\",\"description\":\"Njihova Kraljevska Viso\u010danstva Prestolonaslednik Aleksandar, Princeza Katarina i njihova \u0107erka Alison i ove godine doma\u0107ini su tradicionalnih bo\u017ei\u0107nih\",\"breadcrumb\":{\"@id\":\"https:\\\/\\\/royalfamily.org\\\/lat\\\/more-than-1200-children-at-traditional-white-palace-christmas-receptions\\\/#breadcrumb\"},\"inLanguage\":\"sr-LT\",\"potentialAction\":[{\"@type\":\"ReadAction\",\"target\":[\"https:\\\/\\\/royalfamily.org\\\/lat\\\/more-than-1200-children-at-traditional-white-palace-christmas-receptions\\\/\"]}]},{\"@type\":\"ImageObject\",\"inLanguage\":\"sr-LT\",\"@id\":\"https:\\\/\\\/royalfamily.org\\\/lat\\\/more-than-1200-children-at-traditional-white-palace-christmas-receptions\\\/#primaryimage\",\"url\":\"https:\\\/\\\/royalfamily.org\\\/wp-content\\\/uploads\\\/2017\\\/01\\\/02.jpg\",\"contentUrl\":\"https:\\\/\\\/royalfamily.org\\\/wp-content\\\/uploads\\\/2017\\\/01\\\/02.jpg\",\"width\":740,\"height\":350},{\"@type\":\"BreadcrumbList\",\"@id\":\"https:\\\/\\\/royalfamily.org\\\/lat\\\/more-than-1200-children-at-traditional-white-palace-christmas-receptions\\\/#breadcrumb\",\"itemListElement\":[{\"@type\":\"ListItem\",\"position\":1,\"name\":\"Home\",\"item\":\"https:\\\/\\\/royalfamily.org\\\/lat\\\/\"},{\"@type\":\"ListItem\",\"position\":2,\"name\":\"Vi\u0161e od 1200 dece na tradicionalnim bo\u017ei\u0107nim prijemima u Belom dvoru\"}]},{\"@type\":\"WebSite\",\"@id\":\"https:\\\/\\\/royalfamily.org\\\/#website\",\"url\":\"https:\\\/\\\/royalfamily.org\\\/\",\"name\":\"The Royal Family of Serbia\",\"description\":\"From the people, for the people\",\"publisher\":{\"@id\":\"https:\\\/\\\/royalfamily.org\\\/#organization\"},\"potentialAction\":[{\"@type\":\"SearchAction\",\"target\":{\"@type\":\"EntryPoint\",\"urlTemplate\":\"https:\\\/\\\/royalfamily.org\\\/?s={search_term_string}\"},\"query-input\":{\"@type\":\"PropertyValueSpecification\",\"valueRequired\":true,\"valueName\":\"search_term_string\"}}],\"inLanguage\":\"sr-LT\"},{\"@type\":\"Organization\",\"@id\":\"https:\\\/\\\/royalfamily.org\\\/#organization\",\"name\":\"Royal Family\",\"url\":\"https:\\\/\\\/royalfamily.org\\\/\",\"logo\":{\"@type\":\"ImageObject\",\"inLanguage\":\"sr-LT\",\"@id\":\"https:\\\/\\\/royalfamily.org\\\/#\\\/schema\\\/logo\\\/image\\\/\",\"url\":\"https:\\\/\\\/royalfamily.org\\\/wp-content\\\/uploads\\\/2019\\\/04\\\/logo-vector-02-V-latinica.png\",\"contentUrl\":\"https:\\\/\\\/royalfamily.org\\\/wp-content\\\/uploads\\\/2019\\\/04\\\/logo-vector-02-V-latinica.png\",\"width\":552,\"height\":99,\"caption\":\"Royal Family\"},\"image\":{\"@id\":\"https:\\\/\\\/royalfamily.org\\\/#\\\/schema\\\/logo\\\/image\\\/\"},\"sameAs\":[\"https:\\\/\\\/www.facebook.com\\\/Prestolonaslednik.Aleksandar\"]},{\"@type\":\"Person\",\"@id\":\"https:\\\/\\\/royalfamily.org\\\/#\\\/schema\\\/person\\\/4ad3296a6a8a35eed333b6a785e9f648\",\"name\":\"Stefan Milanovic\",\"image\":{\"@type\":\"ImageObject\",\"inLanguage\":\"sr-LT\",\"@id\":\"https:\\\/\\\/secure.gravatar.com\\\/avatar\\\/92dcbdcf3e32112a9ceb1e41665b1f44c69382d014cacfe12c701f6af7c40259?s=96&d=mm&r=g\",\"url\":\"https:\\\/\\\/secure.gravatar.com\\\/avatar\\\/92dcbdcf3e32112a9ceb1e41665b1f44c69382d014cacfe12c701f6af7c40259?s=96&d=mm&r=g\",\"contentUrl\":\"https:\\\/\\\/secure.gravatar.com\\\/avatar\\\/92dcbdcf3e32112a9ceb1e41665b1f44c69382d014cacfe12c701f6af7c40259?s=96&d=mm&r=g\",\"caption\":\"Stefan Milanovic\"}}]}<\/script>\n<!-- \/ Yoast SEO Premium plugin. -->","yoast_head_json":{"title":"Vi\u0161e od 1200 dece na tradicionalnim bo\u017ei\u0107nim prijemima u Belom dvoru - The Royal Family of Serbia","description":"Njihova Kraljevska Viso\u010danstva Prestolonaslednik Aleksandar, Princeza Katarina i njihova \u0107erka Alison i ove godine doma\u0107ini su tradicionalnih bo\u017ei\u0107nih","robots":{"index":"index","follow":"follow","max-snippet":"max-snippet:-1","max-image-preview":"max-image-preview:large","max-video-preview":"max-video-preview:-1"},"canonical":"https:\/\/royalfamily.org\/lat\/more-than-1200-children-at-traditional-white-palace-christmas-receptions\/","og_locale":"en_US","og_type":"article","og_title":"Vi\u0161e od 1200 dece na tradicionalnim bo\u017ei\u0107nim prijemima u Belom dvoru","og_description":"Njihova Kraljevska Viso\u010danstva Prestolonaslednik Aleksandar, Princeza Katarina i njihova \u0107erka Alison i ove godine doma\u0107ini su tradicionalnih bo\u017ei\u0107nih","og_url":"https:\/\/royalfamily.org\/lat\/more-than-1200-children-at-traditional-white-palace-christmas-receptions\/","og_site_name":"The Royal Family of Serbia","article_publisher":"https:\/\/www.facebook.com\/Prestolonaslednik.Aleksandar","article_published_time":"2017-01-05T14:10:27+00:00","og_image":[{"width":740,"height":350,"url":"https:\/\/royalfamily.org\/wp-content\/uploads\/2017\/01\/02.jpg","type":"image\/jpeg"}],"author":"Stefan Milanovic","twitter_card":"summary_large_image","twitter_misc":{"Written by":"Stefan Milanovic","Est. reading time":"2 minutes"},"schema":{"@context":"https:\/\/schema.org","@graph":[{"@type":"Article","@id":"https:\/\/royalfamily.org\/lat\/more-than-1200-children-at-traditional-white-palace-christmas-receptions\/#article","isPartOf":{"@id":"https:\/\/royalfamily.org\/lat\/more-than-1200-children-at-traditional-white-palace-christmas-receptions\/"},"author":{"name":"Stefan Milanovic","@id":"https:\/\/royalfamily.org\/#\/schema\/person\/4ad3296a6a8a35eed333b6a785e9f648"},"headline":"Vi\u0161e od 1200 dece na tradicionalnim bo\u017ei\u0107nim prijemima u Belom dvoru","datePublished":"2017-01-05T14:10:27+00:00","mainEntityOfPage":{"@id":"https:\/\/royalfamily.org\/lat\/more-than-1200-children-at-traditional-white-palace-christmas-receptions\/"},"wordCount":344,"publisher":{"@id":"https:\/\/royalfamily.org\/#organization"},"image":{"@id":"https:\/\/royalfamily.org\/lat\/more-than-1200-children-at-traditional-white-palace-christmas-receptions\/#primaryimage"},"thumbnailUrl":"https:\/\/royalfamily.org\/wp-content\/uploads\/2017\/01\/02.jpg","articleSection":["Vesti"],"inLanguage":"sr-LT"},{"@type":"WebPage","@id":"https:\/\/royalfamily.org\/lat\/more-than-1200-children-at-traditional-white-palace-christmas-receptions\/","url":"https:\/\/royalfamily.org\/lat\/more-than-1200-children-at-traditional-white-palace-christmas-receptions\/","name":"Vi\u0161e od 1200 dece na tradicionalnim bo\u017ei\u0107nim prijemima u Belom dvoru - The Royal Family of Serbia","isPartOf":{"@id":"https:\/\/royalfamily.org\/#website"},"primaryImageOfPage":{"@id":"https:\/\/royalfamily.org\/lat\/more-than-1200-children-at-traditional-white-palace-christmas-receptions\/#primaryimage"},"image":{"@id":"https:\/\/royalfamily.org\/lat\/more-than-1200-children-at-traditional-white-palace-christmas-receptions\/#primaryimage"},"thumbnailUrl":"https:\/\/royalfamily.org\/wp-content\/uploads\/2017\/01\/02.jpg","datePublished":"2017-01-05T14:10:27+00:00","description":"Njihova Kraljevska Viso\u010danstva Prestolonaslednik Aleksandar, Princeza Katarina i njihova \u0107erka Alison i ove godine doma\u0107ini su tradicionalnih bo\u017ei\u0107nih","breadcrumb":{"@id":"https:\/\/royalfamily.org\/lat\/more-than-1200-children-at-traditional-white-palace-christmas-receptions\/#breadcrumb"},"inLanguage":"sr-LT","potentialAction":[{"@type":"ReadAction","target":["https:\/\/royalfamily.org\/lat\/more-than-1200-children-at-traditional-white-palace-christmas-receptions\/"]}]},{"@type":"ImageObject","inLanguage":"sr-LT","@id":"https:\/\/royalfamily.org\/lat\/more-than-1200-children-at-traditional-white-palace-christmas-receptions\/#primaryimage","url":"https:\/\/royalfamily.org\/wp-content\/uploads\/2017\/01\/02.jpg","contentUrl":"https:\/\/royalfamily.org\/wp-content\/uploads\/2017\/01\/02.jpg","width":740,"height":350},{"@type":"BreadcrumbList","@id":"https:\/\/royalfamily.org\/lat\/more-than-1200-children-at-traditional-white-palace-christmas-receptions\/#breadcrumb","itemListElement":[{"@type":"ListItem","position":1,"name":"Home","item":"https:\/\/royalfamily.org\/lat\/"},{"@type":"ListItem","position":2,"name":"Vi\u0161e od 1200 dece na tradicionalnim bo\u017ei\u0107nim prijemima u Belom dvoru"}]},{"@type":"WebSite","@id":"https:\/\/royalfamily.org\/#website","url":"https:\/\/royalfamily.org\/","name":"The Royal Family of Serbia","description":"From the people, for the people","publisher":{"@id":"https:\/\/royalfamily.org\/#organization"},"potentialAction":[{"@type":"SearchAction","target":{"@type":"EntryPoint","urlTemplate":"https:\/\/royalfamily.org\/?s={search_term_string}"},"query-input":{"@type":"PropertyValueSpecification","valueRequired":true,"valueName":"search_term_string"}}],"inLanguage":"sr-LT"},{"@type":"Organization","@id":"https:\/\/royalfamily.org\/#organization","name":"Royal Family","url":"https:\/\/royalfamily.org\/","logo":{"@type":"ImageObject","inLanguage":"sr-LT","@id":"https:\/\/royalfamily.org\/#\/schema\/logo\/image\/","url":"https:\/\/royalfamily.org\/wp-content\/uploads\/2019\/04\/logo-vector-02-V-latinica.png","contentUrl":"https:\/\/royalfamily.org\/wp-content\/uploads\/2019\/04\/logo-vector-02-V-latinica.png","width":552,"height":99,"caption":"Royal Family"},"image":{"@id":"https:\/\/royalfamily.org\/#\/schema\/logo\/image\/"},"sameAs":["https:\/\/www.facebook.com\/Prestolonaslednik.Aleksandar"]},{"@type":"Person","@id":"https:\/\/royalfamily.org\/#\/schema\/person\/4ad3296a6a8a35eed333b6a785e9f648","name":"Stefan Milanovic","image":{"@type":"ImageObject","inLanguage":"sr-LT","@id":"https:\/\/secure.gravatar.com\/avatar\/92dcbdcf3e32112a9ceb1e41665b1f44c69382d014cacfe12c701f6af7c40259?s=96&d=mm&r=g","url":"https:\/\/secure.gravatar.com\/avatar\/92dcbdcf3e32112a9ceb1e41665b1f44c69382d014cacfe12c701f6af7c40259?s=96&d=mm&r=g","contentUrl":"https:\/\/secure.gravatar.com\/avatar\/92dcbdcf3e32112a9ceb1e41665b1f44c69382d014cacfe12c701f6af7c40259?s=96&d=mm&r=g","caption":"Stefan Milanovic"}}]}},"_links":{"self":[{"href":"https:\/\/royalfamily.org\/lat\/wp-json\/wp\/v2\/posts\/29891","targetHints":{"allow":["GET"]}}],"collection":[{"href":"https:\/\/royalfamily.org\/lat\/wp-json\/wp\/v2\/posts"}],"about":[{"href":"https:\/\/royalfamily.org\/lat\/wp-json\/wp\/v2\/types\/post"}],"author":[{"embeddable":true,"href":"https:\/\/royalfamily.org\/lat\/wp-json\/wp\/v2\/users\/1001015"}],"replies":[{"embeddable":true,"href":"https:\/\/royalfamily.org\/lat\/wp-json\/wp\/v2\/comments?post=29891"}],"version-history":[{"count":0,"href":"https:\/\/royalfamily.org\/lat\/wp-json\/wp\/v2\/posts\/29891\/revisions"}],"wp:featuredmedia":[{"embeddable":true,"href":"https:\/\/royalfamily.org\/lat\/wp-json\/wp\/v2\/media\/29876"}],"wp:attachment":[{"href":"https:\/\/royalfamily.org\/lat\/wp-json\/wp\/v2\/media?parent=29891"}],"wp:term":[{"taxonomy":"category","embeddable":true,"href":"https:\/\/royalfamily.org\/lat\/wp-json\/wp\/v2\/categories?post=29891"},{"taxonomy":"post_tag","embeddable":true,"href":"https:\/\/royalfamily.org\/lat\/wp-json\/wp\/v2\/tags?post=29891"}],"curies":[{"name":"wp","href":"https:\/\/api.w.org\/{rel}","templated":true}]}}