{"id":35615,"date":"2018-02-12T10:48:47","date_gmt":"2018-02-12T10:48:47","guid":{"rendered":"https:\/\/royalfamily.org\/?p=35615"},"modified":"2018-02-12T10:48:47","modified_gmt":"2018-02-12T10:48:47","slug":"nj-k-v-prestolonaslednik-aleksandar-cestita-dan-drzavnosti-gradanima-srbije","status":"publish","type":"post","link":"https:\/\/royalfamily.org\/lat\/nj-k-v-prestolonaslednik-aleksandar-cestita-dan-drzavnosti-gradanima-srbije\/","title":{"rendered":"Nj.K.V. PRESTOLONASLEDNIK ALEKSANDAR \u010cESTITA DAN DR\u017dAVNOSTI GRA\u0110ANIMA SRBIJE"},"content":{"rendered":"<p>Povodom predstoje\u0107eg Dana dr\u017eavnosti Srbije, Njegovo Kraljevsko Viso\u010danstvo Prestolonaslednik Aleksandar upu\u0107uje \u010destitku gra\u0111anima Srbije.<\/p>\n<p>\u201ePovodom Dana dr\u017eavnosti koji obele\u017eavamo u \u010detvrtak, 15. februara, gra\u0111anima Srbije upu\u0107ujem srda\u010dne \u010destitke i najbolje \u017eelje. Sretenje je dan kada obele\u017eavamo pro\u0161lost, a pripremamo i slavimo budu\u0107nost Srbije. Na ovaj dan, pre 214 godina, po\u010dela je izgradnja moderne Srbije, podizanjem Prvog srpskog ustanka na \u010delu sa mojim pretkom Kara\u0111or\u0111em, a pre 183 godine donet je prvi srpski ustav.<\/p>\n<p>Danas je Srbija zemlja u kojoj se svakodnevno unapre\u0111uju demokratska na\u010dela, u kojoj se zna va\u017enost ljudskih prava i zna\u010daj po\u0161tovanja svih razlika, bilo da su one verske ili nacionalne. Budimo istrajni na tom putu i nastavimo da gradimo pravnu dr\u017eavu u kojoj gra\u0111ani \u017eive bezbedno i dostojanstveno, dr\u017eavu koja pamti i po\u0161tuje svoju pro\u0161lost, a u svakom trenutku je usmerena na budu\u0107nost i na o\u010duvanje Srbije za na\u0161u decu.<\/p>\n<p>Uz se\u0107anje na Sretenje 1804. i sa \u017eeljom da ovaj dan uvek slavimo kao ujedinjeni gra\u0111ani Srbije i celog sveta, \u010destitam vam na\u0161 veliki praznik. \u017divela Srbija!\u201c, rekao je Prestolonaslednik Aleksandar u svojoj poruci.<\/p>\n","protected":false},"excerpt":{"rendered":"<p>Povodom predstoje\u0107eg Dana dr\u017eavnosti Srbije, Njegovo Kraljevsko Viso\u010danstvo Prestolonaslednik Aleksandar upu\u0107uje \u010destitku gra\u0111anima Srbije. \u201ePovodom  [&#8230;]<\/p>\n","protected":false},"author":1001015,"featured_media":35611,"comment_status":"closed","ping_status":"closed","sticky":false,"template":"","format":"standard","meta":{"_acf_changed":false,"footnotes":""},"categories":[22],"tags":[],"class_list":["post-35615","post","type-post","status-publish","format-standard","has-post-thumbnail","hentry","category-vesti"],"acf":[],"yoast_head":"<!-- This site is optimized with the Yoast SEO Premium plugin v27.4 (Yoast SEO v27.4) - https:\/\/yoast.com\/product\/yoast-seo-premium-wordpress\/ -->\n<title>Nj.K.V. PRESTOLONASLEDNIK ALEKSANDAR \u010cESTITA DAN DR\u017dAVNOSTI GRA\u0110ANIMA SRBIJE - The Royal Family of Serbia<\/title>\n<meta name=\"description\" content=\"Povodom predstoje\u0107eg Dana dr\u017eavnosti Srbije, Njegovo Kraljevsko Viso\u010danstvo Prestolonaslednik Aleksandar upu\u0107uje \u010destitku gra\u0111anima Srbije. \u201ePovodom Dana\" \/>\n<meta name=\"robots\" content=\"index, follow, max-snippet:-1, max-image-preview:large, max-video-preview:-1\" \/>\n<link rel=\"canonical\" href=\"https:\/\/royalfamily.org\/lat\/nj-k-v-prestolonaslednik-aleksandar-cestita-dan-drzavnosti-gradanima-srbije\/\" \/>\n<meta property=\"og:locale\" content=\"en_US\" \/>\n<meta property=\"og:type\" content=\"article\" \/>\n<meta property=\"og:title\" content=\"Nj.K.V. PRESTOLONASLEDNIK ALEKSANDAR \u010cESTITA DAN DR\u017dAVNOSTI GRA\u0110ANIMA SRBIJE\" \/>\n<meta property=\"og:description\" content=\"Povodom predstoje\u0107eg Dana dr\u017eavnosti Srbije, Njegovo Kraljevsko Viso\u010danstvo Prestolonaslednik Aleksandar upu\u0107uje \u010destitku gra\u0111anima Srbije. \u201ePovodom Dana\" \/>\n<meta property=\"og:url\" content=\"https:\/\/royalfamily.org\/lat\/nj-k-v-prestolonaslednik-aleksandar-cestita-dan-drzavnosti-gradanima-srbije\/\" \/>\n<meta property=\"og:site_name\" content=\"The Royal Family of Serbia\" \/>\n<meta property=\"article:publisher\" content=\"https:\/\/www.facebook.com\/Prestolonaslednik.Aleksandar\" \/>\n<meta property=\"article:published_time\" content=\"2018-02-12T10:48:47+00:00\" \/>\n<meta property=\"og:image\" content=\"https:\/\/royalfamily.org\/wp-content\/uploads\/2018\/02\/Princ-Aleksandar.jpg\" \/>\n\t<meta property=\"og:image:width\" content=\"740\" \/>\n\t<meta property=\"og:image:height\" content=\"350\" \/>\n\t<meta property=\"og:image:type\" content=\"image\/jpeg\" \/>\n<meta name=\"author\" content=\"Stefan Milanovic\" \/>\n<meta name=\"twitter:card\" content=\"summary_large_image\" \/>\n<meta name=\"twitter:label1\" content=\"Written by\" \/>\n\t<meta name=\"twitter:data1\" content=\"Stefan Milanovic\" \/>\n\t<meta name=\"twitter:label2\" content=\"Est. reading time\" \/>\n\t<meta name=\"twitter:data2\" content=\"1 minute\" \/>\n<script type=\"application\/ld+json\" class=\"yoast-schema-graph\">{\"@context\":\"https:\\\/\\\/schema.org\",\"@graph\":[{\"@type\":\"Article\",\"@id\":\"https:\\\/\\\/royalfamily.org\\\/lat\\\/nj-k-v-prestolonaslednik-aleksandar-cestita-dan-drzavnosti-gradanima-srbije\\\/#article\",\"isPartOf\":{\"@id\":\"https:\\\/\\\/royalfamily.org\\\/lat\\\/nj-k-v-prestolonaslednik-aleksandar-cestita-dan-drzavnosti-gradanima-srbije\\\/\"},\"author\":{\"name\":\"Stefan Milanovic\",\"@id\":\"https:\\\/\\\/royalfamily.org\\\/#\\\/schema\\\/person\\\/4ad3296a6a8a35eed333b6a785e9f648\"},\"headline\":\"Nj.K.V. PRESTOLONASLEDNIK ALEKSANDAR \u010cESTITA DAN DR\u017dAVNOSTI GRA\u0110ANIMA SRBIJE\",\"datePublished\":\"2018-02-12T10:48:47+00:00\",\"mainEntityOfPage\":{\"@id\":\"https:\\\/\\\/royalfamily.org\\\/lat\\\/nj-k-v-prestolonaslednik-aleksandar-cestita-dan-drzavnosti-gradanima-srbije\\\/\"},\"wordCount\":216,\"publisher\":{\"@id\":\"https:\\\/\\\/royalfamily.org\\\/#organization\"},\"image\":{\"@id\":\"https:\\\/\\\/royalfamily.org\\\/lat\\\/nj-k-v-prestolonaslednik-aleksandar-cestita-dan-drzavnosti-gradanima-srbije\\\/#primaryimage\"},\"thumbnailUrl\":\"https:\\\/\\\/royalfamily.org\\\/wp-content\\\/uploads\\\/2018\\\/02\\\/Princ-Aleksandar.jpg\",\"articleSection\":[\"Vesti\"],\"inLanguage\":\"sr-LT\"},{\"@type\":\"WebPage\",\"@id\":\"https:\\\/\\\/royalfamily.org\\\/lat\\\/nj-k-v-prestolonaslednik-aleksandar-cestita-dan-drzavnosti-gradanima-srbije\\\/\",\"url\":\"https:\\\/\\\/royalfamily.org\\\/lat\\\/nj-k-v-prestolonaslednik-aleksandar-cestita-dan-drzavnosti-gradanima-srbije\\\/\",\"name\":\"Nj.K.V. PRESTOLONASLEDNIK ALEKSANDAR \u010cESTITA DAN DR\u017dAVNOSTI GRA\u0110ANIMA SRBIJE - The Royal Family of Serbia\",\"isPartOf\":{\"@id\":\"https:\\\/\\\/royalfamily.org\\\/#website\"},\"primaryImageOfPage\":{\"@id\":\"https:\\\/\\\/royalfamily.org\\\/lat\\\/nj-k-v-prestolonaslednik-aleksandar-cestita-dan-drzavnosti-gradanima-srbije\\\/#primaryimage\"},\"image\":{\"@id\":\"https:\\\/\\\/royalfamily.org\\\/lat\\\/nj-k-v-prestolonaslednik-aleksandar-cestita-dan-drzavnosti-gradanima-srbije\\\/#primaryimage\"},\"thumbnailUrl\":\"https:\\\/\\\/royalfamily.org\\\/wp-content\\\/uploads\\\/2018\\\/02\\\/Princ-Aleksandar.jpg\",\"datePublished\":\"2018-02-12T10:48:47+00:00\",\"description\":\"Povodom predstoje\u0107eg Dana dr\u017eavnosti Srbije, Njegovo Kraljevsko Viso\u010danstvo Prestolonaslednik Aleksandar upu\u0107uje \u010destitku gra\u0111anima Srbije. \u201ePovodom Dana\",\"breadcrumb\":{\"@id\":\"https:\\\/\\\/royalfamily.org\\\/lat\\\/nj-k-v-prestolonaslednik-aleksandar-cestita-dan-drzavnosti-gradanima-srbije\\\/#breadcrumb\"},\"inLanguage\":\"sr-LT\",\"potentialAction\":[{\"@type\":\"ReadAction\",\"target\":[\"https:\\\/\\\/royalfamily.org\\\/lat\\\/nj-k-v-prestolonaslednik-aleksandar-cestita-dan-drzavnosti-gradanima-srbije\\\/\"]}]},{\"@type\":\"ImageObject\",\"inLanguage\":\"sr-LT\",\"@id\":\"https:\\\/\\\/royalfamily.org\\\/lat\\\/nj-k-v-prestolonaslednik-aleksandar-cestita-dan-drzavnosti-gradanima-srbije\\\/#primaryimage\",\"url\":\"https:\\\/\\\/royalfamily.org\\\/wp-content\\\/uploads\\\/2018\\\/02\\\/Princ-Aleksandar.jpg\",\"contentUrl\":\"https:\\\/\\\/royalfamily.org\\\/wp-content\\\/uploads\\\/2018\\\/02\\\/Princ-Aleksandar.jpg\",\"width\":740,\"height\":350},{\"@type\":\"BreadcrumbList\",\"@id\":\"https:\\\/\\\/royalfamily.org\\\/lat\\\/nj-k-v-prestolonaslednik-aleksandar-cestita-dan-drzavnosti-gradanima-srbije\\\/#breadcrumb\",\"itemListElement\":[{\"@type\":\"ListItem\",\"position\":1,\"name\":\"Home\",\"item\":\"https:\\\/\\\/royalfamily.org\\\/lat\\\/\"},{\"@type\":\"ListItem\",\"position\":2,\"name\":\"Nj.K.V. PRESTOLONASLEDNIK ALEKSANDAR \u010cESTITA DAN DR\u017dAVNOSTI GRA\u0110ANIMA SRBIJE\"}]},{\"@type\":\"WebSite\",\"@id\":\"https:\\\/\\\/royalfamily.org\\\/#website\",\"url\":\"https:\\\/\\\/royalfamily.org\\\/\",\"name\":\"The Royal Family of Serbia\",\"description\":\"From the people, for the people\",\"publisher\":{\"@id\":\"https:\\\/\\\/royalfamily.org\\\/#organization\"},\"potentialAction\":[{\"@type\":\"SearchAction\",\"target\":{\"@type\":\"EntryPoint\",\"urlTemplate\":\"https:\\\/\\\/royalfamily.org\\\/?s={search_term_string}\"},\"query-input\":{\"@type\":\"PropertyValueSpecification\",\"valueRequired\":true,\"valueName\":\"search_term_string\"}}],\"inLanguage\":\"sr-LT\"},{\"@type\":\"Organization\",\"@id\":\"https:\\\/\\\/royalfamily.org\\\/#organization\",\"name\":\"Royal Family\",\"url\":\"https:\\\/\\\/royalfamily.org\\\/\",\"logo\":{\"@type\":\"ImageObject\",\"inLanguage\":\"sr-LT\",\"@id\":\"https:\\\/\\\/royalfamily.org\\\/#\\\/schema\\\/logo\\\/image\\\/\",\"url\":\"https:\\\/\\\/royalfamily.org\\\/wp-content\\\/uploads\\\/2019\\\/04\\\/logo-vector-02-V-latinica.png\",\"contentUrl\":\"https:\\\/\\\/royalfamily.org\\\/wp-content\\\/uploads\\\/2019\\\/04\\\/logo-vector-02-V-latinica.png\",\"width\":552,\"height\":99,\"caption\":\"Royal Family\"},\"image\":{\"@id\":\"https:\\\/\\\/royalfamily.org\\\/#\\\/schema\\\/logo\\\/image\\\/\"},\"sameAs\":[\"https:\\\/\\\/www.facebook.com\\\/Prestolonaslednik.Aleksandar\"]},{\"@type\":\"Person\",\"@id\":\"https:\\\/\\\/royalfamily.org\\\/#\\\/schema\\\/person\\\/4ad3296a6a8a35eed333b6a785e9f648\",\"name\":\"Stefan Milanovic\",\"image\":{\"@type\":\"ImageObject\",\"inLanguage\":\"sr-LT\",\"@id\":\"https:\\\/\\\/secure.gravatar.com\\\/avatar\\\/92dcbdcf3e32112a9ceb1e41665b1f44c69382d014cacfe12c701f6af7c40259?s=96&d=mm&r=g\",\"url\":\"https:\\\/\\\/secure.gravatar.com\\\/avatar\\\/92dcbdcf3e32112a9ceb1e41665b1f44c69382d014cacfe12c701f6af7c40259?s=96&d=mm&r=g\",\"contentUrl\":\"https:\\\/\\\/secure.gravatar.com\\\/avatar\\\/92dcbdcf3e32112a9ceb1e41665b1f44c69382d014cacfe12c701f6af7c40259?s=96&d=mm&r=g\",\"caption\":\"Stefan Milanovic\"}}]}<\/script>\n<!-- \/ Yoast SEO Premium plugin. -->","yoast_head_json":{"title":"Nj.K.V. PRESTOLONASLEDNIK ALEKSANDAR \u010cESTITA DAN DR\u017dAVNOSTI GRA\u0110ANIMA SRBIJE - The Royal Family of Serbia","description":"Povodom predstoje\u0107eg Dana dr\u017eavnosti Srbije, Njegovo Kraljevsko Viso\u010danstvo Prestolonaslednik Aleksandar upu\u0107uje \u010destitku gra\u0111anima Srbije. \u201ePovodom Dana","robots":{"index":"index","follow":"follow","max-snippet":"max-snippet:-1","max-image-preview":"max-image-preview:large","max-video-preview":"max-video-preview:-1"},"canonical":"https:\/\/royalfamily.org\/lat\/nj-k-v-prestolonaslednik-aleksandar-cestita-dan-drzavnosti-gradanima-srbije\/","og_locale":"en_US","og_type":"article","og_title":"Nj.K.V. PRESTOLONASLEDNIK ALEKSANDAR \u010cESTITA DAN DR\u017dAVNOSTI GRA\u0110ANIMA SRBIJE","og_description":"Povodom predstoje\u0107eg Dana dr\u017eavnosti Srbije, Njegovo Kraljevsko Viso\u010danstvo Prestolonaslednik Aleksandar upu\u0107uje \u010destitku gra\u0111anima Srbije. \u201ePovodom Dana","og_url":"https:\/\/royalfamily.org\/lat\/nj-k-v-prestolonaslednik-aleksandar-cestita-dan-drzavnosti-gradanima-srbije\/","og_site_name":"The Royal Family of Serbia","article_publisher":"https:\/\/www.facebook.com\/Prestolonaslednik.Aleksandar","article_published_time":"2018-02-12T10:48:47+00:00","og_image":[{"width":740,"height":350,"url":"https:\/\/royalfamily.org\/wp-content\/uploads\/2018\/02\/Princ-Aleksandar.jpg","type":"image\/jpeg"}],"author":"Stefan Milanovic","twitter_card":"summary_large_image","twitter_misc":{"Written by":"Stefan Milanovic","Est. reading time":"1 minute"},"schema":{"@context":"https:\/\/schema.org","@graph":[{"@type":"Article","@id":"https:\/\/royalfamily.org\/lat\/nj-k-v-prestolonaslednik-aleksandar-cestita-dan-drzavnosti-gradanima-srbije\/#article","isPartOf":{"@id":"https:\/\/royalfamily.org\/lat\/nj-k-v-prestolonaslednik-aleksandar-cestita-dan-drzavnosti-gradanima-srbije\/"},"author":{"name":"Stefan Milanovic","@id":"https:\/\/royalfamily.org\/#\/schema\/person\/4ad3296a6a8a35eed333b6a785e9f648"},"headline":"Nj.K.V. PRESTOLONASLEDNIK ALEKSANDAR \u010cESTITA DAN DR\u017dAVNOSTI GRA\u0110ANIMA SRBIJE","datePublished":"2018-02-12T10:48:47+00:00","mainEntityOfPage":{"@id":"https:\/\/royalfamily.org\/lat\/nj-k-v-prestolonaslednik-aleksandar-cestita-dan-drzavnosti-gradanima-srbije\/"},"wordCount":216,"publisher":{"@id":"https:\/\/royalfamily.org\/#organization"},"image":{"@id":"https:\/\/royalfamily.org\/lat\/nj-k-v-prestolonaslednik-aleksandar-cestita-dan-drzavnosti-gradanima-srbije\/#primaryimage"},"thumbnailUrl":"https:\/\/royalfamily.org\/wp-content\/uploads\/2018\/02\/Princ-Aleksandar.jpg","articleSection":["Vesti"],"inLanguage":"sr-LT"},{"@type":"WebPage","@id":"https:\/\/royalfamily.org\/lat\/nj-k-v-prestolonaslednik-aleksandar-cestita-dan-drzavnosti-gradanima-srbije\/","url":"https:\/\/royalfamily.org\/lat\/nj-k-v-prestolonaslednik-aleksandar-cestita-dan-drzavnosti-gradanima-srbije\/","name":"Nj.K.V. PRESTOLONASLEDNIK ALEKSANDAR \u010cESTITA DAN DR\u017dAVNOSTI GRA\u0110ANIMA SRBIJE - The Royal Family of Serbia","isPartOf":{"@id":"https:\/\/royalfamily.org\/#website"},"primaryImageOfPage":{"@id":"https:\/\/royalfamily.org\/lat\/nj-k-v-prestolonaslednik-aleksandar-cestita-dan-drzavnosti-gradanima-srbije\/#primaryimage"},"image":{"@id":"https:\/\/royalfamily.org\/lat\/nj-k-v-prestolonaslednik-aleksandar-cestita-dan-drzavnosti-gradanima-srbije\/#primaryimage"},"thumbnailUrl":"https:\/\/royalfamily.org\/wp-content\/uploads\/2018\/02\/Princ-Aleksandar.jpg","datePublished":"2018-02-12T10:48:47+00:00","description":"Povodom predstoje\u0107eg Dana dr\u017eavnosti Srbije, Njegovo Kraljevsko Viso\u010danstvo Prestolonaslednik Aleksandar upu\u0107uje \u010destitku gra\u0111anima Srbije. \u201ePovodom Dana","breadcrumb":{"@id":"https:\/\/royalfamily.org\/lat\/nj-k-v-prestolonaslednik-aleksandar-cestita-dan-drzavnosti-gradanima-srbije\/#breadcrumb"},"inLanguage":"sr-LT","potentialAction":[{"@type":"ReadAction","target":["https:\/\/royalfamily.org\/lat\/nj-k-v-prestolonaslednik-aleksandar-cestita-dan-drzavnosti-gradanima-srbije\/"]}]},{"@type":"ImageObject","inLanguage":"sr-LT","@id":"https:\/\/royalfamily.org\/lat\/nj-k-v-prestolonaslednik-aleksandar-cestita-dan-drzavnosti-gradanima-srbije\/#primaryimage","url":"https:\/\/royalfamily.org\/wp-content\/uploads\/2018\/02\/Princ-Aleksandar.jpg","contentUrl":"https:\/\/royalfamily.org\/wp-content\/uploads\/2018\/02\/Princ-Aleksandar.jpg","width":740,"height":350},{"@type":"BreadcrumbList","@id":"https:\/\/royalfamily.org\/lat\/nj-k-v-prestolonaslednik-aleksandar-cestita-dan-drzavnosti-gradanima-srbije\/#breadcrumb","itemListElement":[{"@type":"ListItem","position":1,"name":"Home","item":"https:\/\/royalfamily.org\/lat\/"},{"@type":"ListItem","position":2,"name":"Nj.K.V. PRESTOLONASLEDNIK ALEKSANDAR \u010cESTITA DAN DR\u017dAVNOSTI GRA\u0110ANIMA SRBIJE"}]},{"@type":"WebSite","@id":"https:\/\/royalfamily.org\/#website","url":"https:\/\/royalfamily.org\/","name":"The Royal Family of Serbia","description":"From the people, for the people","publisher":{"@id":"https:\/\/royalfamily.org\/#organization"},"potentialAction":[{"@type":"SearchAction","target":{"@type":"EntryPoint","urlTemplate":"https:\/\/royalfamily.org\/?s={search_term_string}"},"query-input":{"@type":"PropertyValueSpecification","valueRequired":true,"valueName":"search_term_string"}}],"inLanguage":"sr-LT"},{"@type":"Organization","@id":"https:\/\/royalfamily.org\/#organization","name":"Royal Family","url":"https:\/\/royalfamily.org\/","logo":{"@type":"ImageObject","inLanguage":"sr-LT","@id":"https:\/\/royalfamily.org\/#\/schema\/logo\/image\/","url":"https:\/\/royalfamily.org\/wp-content\/uploads\/2019\/04\/logo-vector-02-V-latinica.png","contentUrl":"https:\/\/royalfamily.org\/wp-content\/uploads\/2019\/04\/logo-vector-02-V-latinica.png","width":552,"height":99,"caption":"Royal Family"},"image":{"@id":"https:\/\/royalfamily.org\/#\/schema\/logo\/image\/"},"sameAs":["https:\/\/www.facebook.com\/Prestolonaslednik.Aleksandar"]},{"@type":"Person","@id":"https:\/\/royalfamily.org\/#\/schema\/person\/4ad3296a6a8a35eed333b6a785e9f648","name":"Stefan Milanovic","image":{"@type":"ImageObject","inLanguage":"sr-LT","@id":"https:\/\/secure.gravatar.com\/avatar\/92dcbdcf3e32112a9ceb1e41665b1f44c69382d014cacfe12c701f6af7c40259?s=96&d=mm&r=g","url":"https:\/\/secure.gravatar.com\/avatar\/92dcbdcf3e32112a9ceb1e41665b1f44c69382d014cacfe12c701f6af7c40259?s=96&d=mm&r=g","contentUrl":"https:\/\/secure.gravatar.com\/avatar\/92dcbdcf3e32112a9ceb1e41665b1f44c69382d014cacfe12c701f6af7c40259?s=96&d=mm&r=g","caption":"Stefan Milanovic"}}]}},"_links":{"self":[{"href":"https:\/\/royalfamily.org\/lat\/wp-json\/wp\/v2\/posts\/35615","targetHints":{"allow":["GET"]}}],"collection":[{"href":"https:\/\/royalfamily.org\/lat\/wp-json\/wp\/v2\/posts"}],"about":[{"href":"https:\/\/royalfamily.org\/lat\/wp-json\/wp\/v2\/types\/post"}],"author":[{"embeddable":true,"href":"https:\/\/royalfamily.org\/lat\/wp-json\/wp\/v2\/users\/1001015"}],"replies":[{"embeddable":true,"href":"https:\/\/royalfamily.org\/lat\/wp-json\/wp\/v2\/comments?post=35615"}],"version-history":[{"count":0,"href":"https:\/\/royalfamily.org\/lat\/wp-json\/wp\/v2\/posts\/35615\/revisions"}],"wp:featuredmedia":[{"embeddable":true,"href":"https:\/\/royalfamily.org\/lat\/wp-json\/wp\/v2\/media\/35611"}],"wp:attachment":[{"href":"https:\/\/royalfamily.org\/lat\/wp-json\/wp\/v2\/media?parent=35615"}],"wp:term":[{"taxonomy":"category","embeddable":true,"href":"https:\/\/royalfamily.org\/lat\/wp-json\/wp\/v2\/categories?post=35615"},{"taxonomy":"post_tag","embeddable":true,"href":"https:\/\/royalfamily.org\/lat\/wp-json\/wp\/v2\/tags?post=35615"}],"curies":[{"name":"wp","href":"https:\/\/api.w.org\/{rel}","templated":true}]}}