{"id":35665,"date":"2018-02-15T13:53:32","date_gmt":"2018-02-15T13:53:32","guid":{"rendered":"https:\/\/royalfamily.org\/?p=35665"},"modified":"2018-02-15T13:53:32","modified_gmt":"2018-02-15T13:53:32","slug":"izaslanici-nj-k-v-prestolonaslednika-aleksandra-u-orascu-i-na-oplencu-na-dan-drzavnosti-srbije","status":"publish","type":"post","link":"https:\/\/royalfamily.org\/lat\/izaslanici-nj-k-v-prestolonaslednika-aleksandra-u-orascu-i-na-oplencu-na-dan-drzavnosti-srbije\/","title":{"rendered":"IZASLANICI Nj.K.V. PRESTOLONASLEDNIKA ALEKSANDRA U ORA\u0160CU I NA OPLENCU NA DAN DR\u017dAVNOSTI SRBIJE"},"content":{"rendered":"<p>Izaslanici Njegovog Kraljevskog Viso\u010danstva Prestolonaslednika Aleksandra, g-din Dragomir Acovic\u0301, predsedavaju\u0107i Krunskog saveta i g-din Vladan \u017divulovic\u0301, \u010dlan Krunskog Saveta, polo\u017eili su danas vence u Ora\u0161cu i na Oplencu povodom Dana dr\u017eavnosti Srbije. Polaganju venaca u crkvi Svetog \u0110or\u0111a na Oplencu prisustvovao je i Njegovo Kraljevsko Viso\u010danstvo Princ Mihailo.<\/p>\n<p>Obele\u017eavanje je zapo\u010delo Svetom Arhijerejskom Liturgijom koju je slu\u017eio Njegova Svetost Patrijarh srpski g-din Irinej, uz saslu\u017eenje sve\u0161tenstva Eparhije \u0161umadijske. U podno\u017eju spomenika Kara\u0111or\u0111u, pretku Prestolonaslednika i vo\u0111i Prvog srpskog ustanka, vence su polo\u017eili Nj.E. g-din Aleksandar Vu\u010dic\u0301, predsednik Srbije, Nj.E. g-din Milorad Dodik, predsednik Republike Srpske, Nj.E. g-\u0111a Ana Brnabic\u0301, premijer Srbije, u pratnji Nj.E. g-\u0111e Maje Gojkovi\u0107, predsednice Narodne skup\u0161tine Republike Srbije, Nj.E. g-\u0111e Zorane Mihajlovi\u0107, potpredsednice Vlade i ministra gra\u0111evinarstva, saobra\u0107aja i infrastrukture, Nj.E. g-dina Aleksandra Vulina, ministra odbrane, Nj.E. g-dina Zorana \u0110or\u0111evi\u0107a, ministra za rad, zapo\u0161ljavanje, bora\u010dka i socijalna pitanja, Nj.E. g-dina Aleksandra Anti\u0107a, ministra rudarstva i energetike, Nj.E. g-dina Branka Ru\u017ei\u0107a, ministra dr\u017eavne uprave i lokalne samouprave, Nj.E. g-dina Vanje Udovi\u010di\u0107a, ministra omladine i sporta, Nj.E. g-dina Nenada Popovi\u0107a, ministra bez portfelja zadu\u017eenog za inovacije i tehnolo\u0161ki razvoj, Generala Ljubi\u0161e Dikovi\u0107a, na\u010delnika General\u0161taba Vojske Srbije, g-dina Bojana Radovic\u0301a, predsednika op\u0161tine Aran\u0111elovac i g-dina Dejana Toma\u0161evi\u0107a, generalnog sekretara KSS.<\/p>\n<p>Nj.K.V. Prestolonaslednik Aleksandar je povodom Dana dr\u017eavnosti uputio \u010destitke gra\u0111anima Srbije:<\/p>\n<p>\u201ePovodom Dana dr\u017eavnosti, upu\u0107ujem gra\u0111anima Srbije srda\u010dne \u010destitke i najbolje \u017eelje. Sretenje je dan kada obele\u017eavamo pro\u0161lost, a pripremamo i slavimo budu\u0107nost Srbije. Na ovaj dan, pre 214 godina, po\u010dela je izgradnja moderne Srbije, podizanjem Prvog srpskog ustanka na \u010delu sa mojim pretkom Kara\u0111or\u0111em, a pre 183 godine donet je prvi srpski ustav.<\/p>\n<p>Danas je Srbija zemlja u kojoj se svakodnevno unapre\u0111uju demokratska na\u010dela, u kojoj se zna va\u017enost ljudskih prava i zna\u010daj po\u0161tovanja svih razlika, bilo da su one verske ili nacionalne. Budimo istrajni na tom putu i nastavimo da gradimo pravnu dr\u017eavu u kojoj gra\u0111ani \u017eive bezbedno i dostojanstveno, dr\u017eavu koja pamti i po\u0161tuje svoju pro\u0161lost, a u svakom trenutku je usmerena na budu\u0107nost i na o\u010duvanje Srbije za na\u0161u decu.<\/p>\n<p>Uz se\u0107anje na Sretenje 1804. i sa sa \u017eeljom da ovaj dan uvek slavimo kao ujedinjeni gra\u0111ani Srbije i celog sveta, \u010destitam vam na\u0161 veliki praznik. \u017divela Srbija!\u201c, rekao je Prestolonaslednik Aleksandar u svojoj poruci.<\/p>\n<p>&nbsp;<\/p>\n<p><a href=\"https:\/\/royalfamily.org\/wp-content\/uploads\/2018\/02\/02-royal6.jpg\"><img decoding=\"async\" width=\"170\" height=\"120\" class=\"alignnone size-thumbnail wp-image-35807\" alt=\"G-din Vladan \u017divul\u043evi\u0107, \u010dlan \u041arunsk\u043eg Saveta, NJ.\u0415. g-din Nenad P\u043ep\u043evi\u0107, ministar bez p\u043ertfelja zadu\u017een za in\u043evacije i tehn\u043el\u043e\u0161ki razv\u043ej i g-din Bojan Radovic\u0301, predsednik op\u0161tine Aran\u0111elovac\" src=\"https:\/\/royalfamily.org\/wp-content\/uploads\/2018\/02\/02-royal6-170x120.jpg\" \/><\/a>\u00a0\u00a0<a href=\"https:\/\/royalfamily.org\/wp-content\/uploads\/2018\/02\/03-royal6.jpg\"><img decoding=\"async\" width=\"170\" height=\"120\" class=\"alignnone size-thumbnail wp-image-35810\" alt=\"Sveta Arhijerejska Liturgija koju slu\u017ei Njegova Svetost Patrijarh srpski g-din Irinej uz saslu\u017eenje sa Njegovim Preosve\u0161tenstvom Episkopom \u0161umadijskim g-dinom Jovanom\" src=\"https:\/\/royalfamily.org\/wp-content\/uploads\/2018\/02\/03-royal6-170x120.jpg\" \/><\/a>\u00a0\u00a0<a href=\"https:\/\/royalfamily.org\/wp-content\/uploads\/2018\/02\/04-royal6.jpg\"><img decoding=\"async\" width=\"170\" height=\"120\" class=\"alignnone size-thumbnail wp-image-35797\" alt=\"Ceremonija polaganja venaca na spomenik Kara\u0111or\u0111u u Ora\u0161cu\" src=\"https:\/\/royalfamily.org\/wp-content\/uploads\/2018\/02\/04-royal6-170x120.jpg\" \/><\/a>\u00a0\u00a0<a href=\"https:\/\/royalfamily.org\/wp-content\/uploads\/2018\/02\/05-royal6.jpg\"><img decoding=\"async\" width=\"170\" height=\"120\" class=\"alignnone size-thumbnail wp-image-35800\" alt=\"Sveta Arhijerejska Liturgija koju slu\u017ei Njegova Svetost Patrijarh srpski g-din Irinej uz saslu\u017eenje sa Njegovim Preosve\u0161tenstvom Episkopom \u0161umadijskim g-dinom Jovanom\" src=\"https:\/\/royalfamily.org\/wp-content\/uploads\/2018\/02\/05-royal6-170x120.jpg\" \/><\/a><\/p>\n<p><a href=\"https:\/\/royalfamily.org\/wp-content\/uploads\/2018\/02\/01-royal7.jpg\"><img decoding=\"async\" width=\"170\" height=\"120\" class=\"alignnone size-thumbnail wp-image-35804\" alt=\"G-din Vladan \u017divulovic\u0301, \u010dlan Krunskog Saveta, u ime Nj.K.V. Prestolonaslednika Aleksandra pola\u017ee venac na spomenik Kara\u0111or\u0111u u Ora\u0161cu\" src=\"https:\/\/royalfamily.org\/wp-content\/uploads\/2018\/02\/01-royal7-170x120.jpg\" \/><\/a><\/p>\n","protected":false},"excerpt":{"rendered":"<p>Izaslanici Njegovog Kraljevskog Viso\u010danstva Prestolonaslednika Aleksandra, g-din Dragomir Acovic\u0301, predsedavaju\u0107i Krunskog saveta i g-din Vladan  [&#8230;]<\/p>\n","protected":false},"author":1001015,"featured_media":35685,"comment_status":"closed","ping_status":"closed","sticky":false,"template":"","format":"standard","meta":{"_acf_changed":false,"footnotes":""},"categories":[22],"tags":[],"class_list":["post-35665","post","type-post","status-publish","format-standard","has-post-thumbnail","hentry","category-vesti"],"acf":[],"yoast_head":"<!-- This site is optimized with the Yoast SEO Premium plugin v27.4 (Yoast SEO v27.4) - https:\/\/yoast.com\/product\/yoast-seo-premium-wordpress\/ -->\n<title>IZASLANICI Nj.K.V. PRESTOLONASLEDNIKA ALEKSANDRA U ORA\u0160CU I NA OPLENCU NA DAN DR\u017dAVNOSTI SRBIJE - The Royal Family of Serbia<\/title>\n<meta name=\"description\" content=\"Izaslanici Njegovog Kraljevskog Viso\u010danstva Prestolonaslednika Aleksandra, g-din Dragomir Acovic\u0301, predsedavaju\u0107i Krunskog saveta i g-din Vladan\" \/>\n<meta name=\"robots\" content=\"index, follow, max-snippet:-1, max-image-preview:large, max-video-preview:-1\" \/>\n<link rel=\"canonical\" href=\"https:\/\/royalfamily.org\/lat\/izaslanici-nj-k-v-prestolonaslednika-aleksandra-u-orascu-i-na-oplencu-na-dan-drzavnosti-srbije\/\" \/>\n<meta property=\"og:locale\" content=\"en_US\" \/>\n<meta property=\"og:type\" content=\"article\" \/>\n<meta property=\"og:title\" content=\"IZASLANICI Nj.K.V. PRESTOLONASLEDNIKA ALEKSANDRA U ORA\u0160CU I NA OPLENCU NA DAN DR\u017dAVNOSTI SRBIJE\" \/>\n<meta property=\"og:description\" content=\"Izaslanici Njegovog Kraljevskog Viso\u010danstva Prestolonaslednika Aleksandra, g-din Dragomir Acovic\u0301, predsedavaju\u0107i Krunskog saveta i g-din Vladan\" \/>\n<meta property=\"og:url\" content=\"https:\/\/royalfamily.org\/lat\/izaslanici-nj-k-v-prestolonaslednika-aleksandra-u-orascu-i-na-oplencu-na-dan-drzavnosti-srbije\/\" \/>\n<meta property=\"og:site_name\" content=\"The Royal Family of Serbia\" \/>\n<meta property=\"article:publisher\" content=\"https:\/\/www.facebook.com\/Prestolonaslednik.Aleksandar\" \/>\n<meta property=\"article:published_time\" content=\"2018-02-15T13:53:32+00:00\" \/>\n<meta property=\"og:image\" content=\"https:\/\/royalfamily.org\/wp-content\/uploads\/2018\/02\/RoyalFamili-Recovered.jpg\" \/>\n\t<meta property=\"og:image:width\" content=\"740\" \/>\n\t<meta property=\"og:image:height\" content=\"350\" \/>\n\t<meta property=\"og:image:type\" content=\"image\/jpeg\" \/>\n<meta name=\"author\" content=\"Stefan Milanovic\" \/>\n<meta name=\"twitter:card\" content=\"summary_large_image\" \/>\n<meta name=\"twitter:label1\" content=\"Written by\" \/>\n\t<meta name=\"twitter:data1\" content=\"Stefan Milanovic\" \/>\n\t<meta name=\"twitter:label2\" content=\"Est. reading time\" \/>\n\t<meta name=\"twitter:data2\" content=\"2 minutes\" \/>\n<script type=\"application\/ld+json\" class=\"yoast-schema-graph\">{\"@context\":\"https:\\\/\\\/schema.org\",\"@graph\":[{\"@type\":\"Article\",\"@id\":\"https:\\\/\\\/royalfamily.org\\\/lat\\\/izaslanici-nj-k-v-prestolonaslednika-aleksandra-u-orascu-i-na-oplencu-na-dan-drzavnosti-srbije\\\/#article\",\"isPartOf\":{\"@id\":\"https:\\\/\\\/royalfamily.org\\\/lat\\\/izaslanici-nj-k-v-prestolonaslednika-aleksandra-u-orascu-i-na-oplencu-na-dan-drzavnosti-srbije\\\/\"},\"author\":{\"name\":\"Stefan Milanovic\",\"@id\":\"https:\\\/\\\/royalfamily.org\\\/#\\\/schema\\\/person\\\/4ad3296a6a8a35eed333b6a785e9f648\"},\"headline\":\"IZASLANICI Nj.K.V. PRESTOLONASLEDNIKA ALEKSANDRA U ORA\u0160CU I NA OPLENCU NA DAN DR\u017dAVNOSTI SRBIJE\",\"datePublished\":\"2018-02-15T13:53:32+00:00\",\"mainEntityOfPage\":{\"@id\":\"https:\\\/\\\/royalfamily.org\\\/lat\\\/izaslanici-nj-k-v-prestolonaslednika-aleksandra-u-orascu-i-na-oplencu-na-dan-drzavnosti-srbije\\\/\"},\"wordCount\":471,\"publisher\":{\"@id\":\"https:\\\/\\\/royalfamily.org\\\/#organization\"},\"image\":{\"@id\":\"https:\\\/\\\/royalfamily.org\\\/lat\\\/izaslanici-nj-k-v-prestolonaslednika-aleksandra-u-orascu-i-na-oplencu-na-dan-drzavnosti-srbije\\\/#primaryimage\"},\"thumbnailUrl\":\"https:\\\/\\\/royalfamily.org\\\/wp-content\\\/uploads\\\/2018\\\/02\\\/RoyalFamili-Recovered.jpg\",\"articleSection\":[\"Vesti\"],\"inLanguage\":\"sr-LT\"},{\"@type\":\"WebPage\",\"@id\":\"https:\\\/\\\/royalfamily.org\\\/lat\\\/izaslanici-nj-k-v-prestolonaslednika-aleksandra-u-orascu-i-na-oplencu-na-dan-drzavnosti-srbije\\\/\",\"url\":\"https:\\\/\\\/royalfamily.org\\\/lat\\\/izaslanici-nj-k-v-prestolonaslednika-aleksandra-u-orascu-i-na-oplencu-na-dan-drzavnosti-srbije\\\/\",\"name\":\"IZASLANICI Nj.K.V. PRESTOLONASLEDNIKA ALEKSANDRA U ORA\u0160CU I NA OPLENCU NA DAN DR\u017dAVNOSTI SRBIJE - The Royal Family of Serbia\",\"isPartOf\":{\"@id\":\"https:\\\/\\\/royalfamily.org\\\/#website\"},\"primaryImageOfPage\":{\"@id\":\"https:\\\/\\\/royalfamily.org\\\/lat\\\/izaslanici-nj-k-v-prestolonaslednika-aleksandra-u-orascu-i-na-oplencu-na-dan-drzavnosti-srbije\\\/#primaryimage\"},\"image\":{\"@id\":\"https:\\\/\\\/royalfamily.org\\\/lat\\\/izaslanici-nj-k-v-prestolonaslednika-aleksandra-u-orascu-i-na-oplencu-na-dan-drzavnosti-srbije\\\/#primaryimage\"},\"thumbnailUrl\":\"https:\\\/\\\/royalfamily.org\\\/wp-content\\\/uploads\\\/2018\\\/02\\\/RoyalFamili-Recovered.jpg\",\"datePublished\":\"2018-02-15T13:53:32+00:00\",\"description\":\"Izaslanici Njegovog Kraljevskog Viso\u010danstva Prestolonaslednika Aleksandra, g-din Dragomir Acovic\u0301, predsedavaju\u0107i Krunskog saveta i g-din Vladan\",\"breadcrumb\":{\"@id\":\"https:\\\/\\\/royalfamily.org\\\/lat\\\/izaslanici-nj-k-v-prestolonaslednika-aleksandra-u-orascu-i-na-oplencu-na-dan-drzavnosti-srbije\\\/#breadcrumb\"},\"inLanguage\":\"sr-LT\",\"potentialAction\":[{\"@type\":\"ReadAction\",\"target\":[\"https:\\\/\\\/royalfamily.org\\\/lat\\\/izaslanici-nj-k-v-prestolonaslednika-aleksandra-u-orascu-i-na-oplencu-na-dan-drzavnosti-srbije\\\/\"]}]},{\"@type\":\"ImageObject\",\"inLanguage\":\"sr-LT\",\"@id\":\"https:\\\/\\\/royalfamily.org\\\/lat\\\/izaslanici-nj-k-v-prestolonaslednika-aleksandra-u-orascu-i-na-oplencu-na-dan-drzavnosti-srbije\\\/#primaryimage\",\"url\":\"https:\\\/\\\/royalfamily.org\\\/wp-content\\\/uploads\\\/2018\\\/02\\\/RoyalFamili-Recovered.jpg\",\"contentUrl\":\"https:\\\/\\\/royalfamily.org\\\/wp-content\\\/uploads\\\/2018\\\/02\\\/RoyalFamili-Recovered.jpg\",\"width\":740,\"height\":350},{\"@type\":\"BreadcrumbList\",\"@id\":\"https:\\\/\\\/royalfamily.org\\\/lat\\\/izaslanici-nj-k-v-prestolonaslednika-aleksandra-u-orascu-i-na-oplencu-na-dan-drzavnosti-srbije\\\/#breadcrumb\",\"itemListElement\":[{\"@type\":\"ListItem\",\"position\":1,\"name\":\"Home\",\"item\":\"https:\\\/\\\/royalfamily.org\\\/lat\\\/\"},{\"@type\":\"ListItem\",\"position\":2,\"name\":\"IZASLANICI Nj.K.V. PRESTOLONASLEDNIKA ALEKSANDRA U ORA\u0160CU I NA OPLENCU NA DAN DR\u017dAVNOSTI SRBIJE\"}]},{\"@type\":\"WebSite\",\"@id\":\"https:\\\/\\\/royalfamily.org\\\/#website\",\"url\":\"https:\\\/\\\/royalfamily.org\\\/\",\"name\":\"The Royal Family of Serbia\",\"description\":\"From the people, for the people\",\"publisher\":{\"@id\":\"https:\\\/\\\/royalfamily.org\\\/#organization\"},\"potentialAction\":[{\"@type\":\"SearchAction\",\"target\":{\"@type\":\"EntryPoint\",\"urlTemplate\":\"https:\\\/\\\/royalfamily.org\\\/?s={search_term_string}\"},\"query-input\":{\"@type\":\"PropertyValueSpecification\",\"valueRequired\":true,\"valueName\":\"search_term_string\"}}],\"inLanguage\":\"sr-LT\"},{\"@type\":\"Organization\",\"@id\":\"https:\\\/\\\/royalfamily.org\\\/#organization\",\"name\":\"Royal Family\",\"url\":\"https:\\\/\\\/royalfamily.org\\\/\",\"logo\":{\"@type\":\"ImageObject\",\"inLanguage\":\"sr-LT\",\"@id\":\"https:\\\/\\\/royalfamily.org\\\/#\\\/schema\\\/logo\\\/image\\\/\",\"url\":\"https:\\\/\\\/royalfamily.org\\\/wp-content\\\/uploads\\\/2019\\\/04\\\/logo-vector-02-V-latinica.png\",\"contentUrl\":\"https:\\\/\\\/royalfamily.org\\\/wp-content\\\/uploads\\\/2019\\\/04\\\/logo-vector-02-V-latinica.png\",\"width\":552,\"height\":99,\"caption\":\"Royal Family\"},\"image\":{\"@id\":\"https:\\\/\\\/royalfamily.org\\\/#\\\/schema\\\/logo\\\/image\\\/\"},\"sameAs\":[\"https:\\\/\\\/www.facebook.com\\\/Prestolonaslednik.Aleksandar\"]},{\"@type\":\"Person\",\"@id\":\"https:\\\/\\\/royalfamily.org\\\/#\\\/schema\\\/person\\\/4ad3296a6a8a35eed333b6a785e9f648\",\"name\":\"Stefan Milanovic\",\"image\":{\"@type\":\"ImageObject\",\"inLanguage\":\"sr-LT\",\"@id\":\"https:\\\/\\\/secure.gravatar.com\\\/avatar\\\/92dcbdcf3e32112a9ceb1e41665b1f44c69382d014cacfe12c701f6af7c40259?s=96&d=mm&r=g\",\"url\":\"https:\\\/\\\/secure.gravatar.com\\\/avatar\\\/92dcbdcf3e32112a9ceb1e41665b1f44c69382d014cacfe12c701f6af7c40259?s=96&d=mm&r=g\",\"contentUrl\":\"https:\\\/\\\/secure.gravatar.com\\\/avatar\\\/92dcbdcf3e32112a9ceb1e41665b1f44c69382d014cacfe12c701f6af7c40259?s=96&d=mm&r=g\",\"caption\":\"Stefan Milanovic\"}}]}<\/script>\n<!-- \/ Yoast SEO Premium plugin. -->","yoast_head_json":{"title":"IZASLANICI Nj.K.V. PRESTOLONASLEDNIKA ALEKSANDRA U ORA\u0160CU I NA OPLENCU NA DAN DR\u017dAVNOSTI SRBIJE - The Royal Family of Serbia","description":"Izaslanici Njegovog Kraljevskog Viso\u010danstva Prestolonaslednika Aleksandra, g-din Dragomir Acovic\u0301, predsedavaju\u0107i Krunskog saveta i g-din Vladan","robots":{"index":"index","follow":"follow","max-snippet":"max-snippet:-1","max-image-preview":"max-image-preview:large","max-video-preview":"max-video-preview:-1"},"canonical":"https:\/\/royalfamily.org\/lat\/izaslanici-nj-k-v-prestolonaslednika-aleksandra-u-orascu-i-na-oplencu-na-dan-drzavnosti-srbije\/","og_locale":"en_US","og_type":"article","og_title":"IZASLANICI Nj.K.V. PRESTOLONASLEDNIKA ALEKSANDRA U ORA\u0160CU I NA OPLENCU NA DAN DR\u017dAVNOSTI SRBIJE","og_description":"Izaslanici Njegovog Kraljevskog Viso\u010danstva Prestolonaslednika Aleksandra, g-din Dragomir Acovic\u0301, predsedavaju\u0107i Krunskog saveta i g-din Vladan","og_url":"https:\/\/royalfamily.org\/lat\/izaslanici-nj-k-v-prestolonaslednika-aleksandra-u-orascu-i-na-oplencu-na-dan-drzavnosti-srbije\/","og_site_name":"The Royal Family of Serbia","article_publisher":"https:\/\/www.facebook.com\/Prestolonaslednik.Aleksandar","article_published_time":"2018-02-15T13:53:32+00:00","og_image":[{"width":740,"height":350,"url":"https:\/\/royalfamily.org\/wp-content\/uploads\/2018\/02\/RoyalFamili-Recovered.jpg","type":"image\/jpeg"}],"author":"Stefan Milanovic","twitter_card":"summary_large_image","twitter_misc":{"Written by":"Stefan Milanovic","Est. reading time":"2 minutes"},"schema":{"@context":"https:\/\/schema.org","@graph":[{"@type":"Article","@id":"https:\/\/royalfamily.org\/lat\/izaslanici-nj-k-v-prestolonaslednika-aleksandra-u-orascu-i-na-oplencu-na-dan-drzavnosti-srbije\/#article","isPartOf":{"@id":"https:\/\/royalfamily.org\/lat\/izaslanici-nj-k-v-prestolonaslednika-aleksandra-u-orascu-i-na-oplencu-na-dan-drzavnosti-srbije\/"},"author":{"name":"Stefan Milanovic","@id":"https:\/\/royalfamily.org\/#\/schema\/person\/4ad3296a6a8a35eed333b6a785e9f648"},"headline":"IZASLANICI Nj.K.V. PRESTOLONASLEDNIKA ALEKSANDRA U ORA\u0160CU I NA OPLENCU NA DAN DR\u017dAVNOSTI SRBIJE","datePublished":"2018-02-15T13:53:32+00:00","mainEntityOfPage":{"@id":"https:\/\/royalfamily.org\/lat\/izaslanici-nj-k-v-prestolonaslednika-aleksandra-u-orascu-i-na-oplencu-na-dan-drzavnosti-srbije\/"},"wordCount":471,"publisher":{"@id":"https:\/\/royalfamily.org\/#organization"},"image":{"@id":"https:\/\/royalfamily.org\/lat\/izaslanici-nj-k-v-prestolonaslednika-aleksandra-u-orascu-i-na-oplencu-na-dan-drzavnosti-srbije\/#primaryimage"},"thumbnailUrl":"https:\/\/royalfamily.org\/wp-content\/uploads\/2018\/02\/RoyalFamili-Recovered.jpg","articleSection":["Vesti"],"inLanguage":"sr-LT"},{"@type":"WebPage","@id":"https:\/\/royalfamily.org\/lat\/izaslanici-nj-k-v-prestolonaslednika-aleksandra-u-orascu-i-na-oplencu-na-dan-drzavnosti-srbije\/","url":"https:\/\/royalfamily.org\/lat\/izaslanici-nj-k-v-prestolonaslednika-aleksandra-u-orascu-i-na-oplencu-na-dan-drzavnosti-srbije\/","name":"IZASLANICI Nj.K.V. PRESTOLONASLEDNIKA ALEKSANDRA U ORA\u0160CU I NA OPLENCU NA DAN DR\u017dAVNOSTI SRBIJE - The Royal Family of Serbia","isPartOf":{"@id":"https:\/\/royalfamily.org\/#website"},"primaryImageOfPage":{"@id":"https:\/\/royalfamily.org\/lat\/izaslanici-nj-k-v-prestolonaslednika-aleksandra-u-orascu-i-na-oplencu-na-dan-drzavnosti-srbije\/#primaryimage"},"image":{"@id":"https:\/\/royalfamily.org\/lat\/izaslanici-nj-k-v-prestolonaslednika-aleksandra-u-orascu-i-na-oplencu-na-dan-drzavnosti-srbije\/#primaryimage"},"thumbnailUrl":"https:\/\/royalfamily.org\/wp-content\/uploads\/2018\/02\/RoyalFamili-Recovered.jpg","datePublished":"2018-02-15T13:53:32+00:00","description":"Izaslanici Njegovog Kraljevskog Viso\u010danstva Prestolonaslednika Aleksandra, g-din Dragomir Acovic\u0301, predsedavaju\u0107i Krunskog saveta i g-din Vladan","breadcrumb":{"@id":"https:\/\/royalfamily.org\/lat\/izaslanici-nj-k-v-prestolonaslednika-aleksandra-u-orascu-i-na-oplencu-na-dan-drzavnosti-srbije\/#breadcrumb"},"inLanguage":"sr-LT","potentialAction":[{"@type":"ReadAction","target":["https:\/\/royalfamily.org\/lat\/izaslanici-nj-k-v-prestolonaslednika-aleksandra-u-orascu-i-na-oplencu-na-dan-drzavnosti-srbije\/"]}]},{"@type":"ImageObject","inLanguage":"sr-LT","@id":"https:\/\/royalfamily.org\/lat\/izaslanici-nj-k-v-prestolonaslednika-aleksandra-u-orascu-i-na-oplencu-na-dan-drzavnosti-srbije\/#primaryimage","url":"https:\/\/royalfamily.org\/wp-content\/uploads\/2018\/02\/RoyalFamili-Recovered.jpg","contentUrl":"https:\/\/royalfamily.org\/wp-content\/uploads\/2018\/02\/RoyalFamili-Recovered.jpg","width":740,"height":350},{"@type":"BreadcrumbList","@id":"https:\/\/royalfamily.org\/lat\/izaslanici-nj-k-v-prestolonaslednika-aleksandra-u-orascu-i-na-oplencu-na-dan-drzavnosti-srbije\/#breadcrumb","itemListElement":[{"@type":"ListItem","position":1,"name":"Home","item":"https:\/\/royalfamily.org\/lat\/"},{"@type":"ListItem","position":2,"name":"IZASLANICI Nj.K.V. PRESTOLONASLEDNIKA ALEKSANDRA U ORA\u0160CU I NA OPLENCU NA DAN DR\u017dAVNOSTI SRBIJE"}]},{"@type":"WebSite","@id":"https:\/\/royalfamily.org\/#website","url":"https:\/\/royalfamily.org\/","name":"The Royal Family of Serbia","description":"From the people, for the people","publisher":{"@id":"https:\/\/royalfamily.org\/#organization"},"potentialAction":[{"@type":"SearchAction","target":{"@type":"EntryPoint","urlTemplate":"https:\/\/royalfamily.org\/?s={search_term_string}"},"query-input":{"@type":"PropertyValueSpecification","valueRequired":true,"valueName":"search_term_string"}}],"inLanguage":"sr-LT"},{"@type":"Organization","@id":"https:\/\/royalfamily.org\/#organization","name":"Royal Family","url":"https:\/\/royalfamily.org\/","logo":{"@type":"ImageObject","inLanguage":"sr-LT","@id":"https:\/\/royalfamily.org\/#\/schema\/logo\/image\/","url":"https:\/\/royalfamily.org\/wp-content\/uploads\/2019\/04\/logo-vector-02-V-latinica.png","contentUrl":"https:\/\/royalfamily.org\/wp-content\/uploads\/2019\/04\/logo-vector-02-V-latinica.png","width":552,"height":99,"caption":"Royal Family"},"image":{"@id":"https:\/\/royalfamily.org\/#\/schema\/logo\/image\/"},"sameAs":["https:\/\/www.facebook.com\/Prestolonaslednik.Aleksandar"]},{"@type":"Person","@id":"https:\/\/royalfamily.org\/#\/schema\/person\/4ad3296a6a8a35eed333b6a785e9f648","name":"Stefan Milanovic","image":{"@type":"ImageObject","inLanguage":"sr-LT","@id":"https:\/\/secure.gravatar.com\/avatar\/92dcbdcf3e32112a9ceb1e41665b1f44c69382d014cacfe12c701f6af7c40259?s=96&d=mm&r=g","url":"https:\/\/secure.gravatar.com\/avatar\/92dcbdcf3e32112a9ceb1e41665b1f44c69382d014cacfe12c701f6af7c40259?s=96&d=mm&r=g","contentUrl":"https:\/\/secure.gravatar.com\/avatar\/92dcbdcf3e32112a9ceb1e41665b1f44c69382d014cacfe12c701f6af7c40259?s=96&d=mm&r=g","caption":"Stefan Milanovic"}}]}},"_links":{"self":[{"href":"https:\/\/royalfamily.org\/lat\/wp-json\/wp\/v2\/posts\/35665","targetHints":{"allow":["GET"]}}],"collection":[{"href":"https:\/\/royalfamily.org\/lat\/wp-json\/wp\/v2\/posts"}],"about":[{"href":"https:\/\/royalfamily.org\/lat\/wp-json\/wp\/v2\/types\/post"}],"author":[{"embeddable":true,"href":"https:\/\/royalfamily.org\/lat\/wp-json\/wp\/v2\/users\/1001015"}],"replies":[{"embeddable":true,"href":"https:\/\/royalfamily.org\/lat\/wp-json\/wp\/v2\/comments?post=35665"}],"version-history":[{"count":0,"href":"https:\/\/royalfamily.org\/lat\/wp-json\/wp\/v2\/posts\/35665\/revisions"}],"wp:featuredmedia":[{"embeddable":true,"href":"https:\/\/royalfamily.org\/lat\/wp-json\/wp\/v2\/media\/35685"}],"wp:attachment":[{"href":"https:\/\/royalfamily.org\/lat\/wp-json\/wp\/v2\/media?parent=35665"}],"wp:term":[{"taxonomy":"category","embeddable":true,"href":"https:\/\/royalfamily.org\/lat\/wp-json\/wp\/v2\/categories?post=35665"},{"taxonomy":"post_tag","embeddable":true,"href":"https:\/\/royalfamily.org\/lat\/wp-json\/wp\/v2\/tags?post=35665"}],"curies":[{"name":"wp","href":"https:\/\/api.w.org\/{rel}","templated":true}]}}