{"id":36006,"date":"2018-02-25T10:47:20","date_gmt":"2018-02-25T10:47:20","guid":{"rendered":"https:\/\/royalfamily.org\/?p=36006"},"modified":"2018-02-25T10:47:20","modified_gmt":"2018-02-25T10:47:20","slug":"nj-k-v-princ-filip-i-princeza-danica-dobili-prvo-dete-sina-stefana","status":"publish","type":"post","link":"https:\/\/royalfamily.org\/lat\/nj-k-v-princ-filip-i-princeza-danica-dobili-prvo-dete-sina-stefana\/","title":{"rendered":"NJ.K.V. PRINC FILIP I PRINCEZA DANICA DOBILI PRVO DETE, SINA STEFANA"},"content":{"rendered":"<p>Njihova Kraljevska Viso\u010danstva Prestolonaslednik Aleksandar i Princeza Katarina sa rado\u0161\u0107u saop\u0161tavaju da je kraljevska porodica dobila jo\u0161 jednog \u010dlana. Njeno Kraljevsko Viso\u010danstvo Princeza Danica, supruga Nj.K.V. Princa Filipa, rodila je sina Stefana u Beogradu u nedelju, 25. februara 2018. godine u 10:30 \u010dasova.<\/p>\n<p>Sa blagoslovom Njegove Svetosti Patrijarha srpskog gospodina Irineja, zvona hrama Svetog Save zvonila su kao znak ro\u0111enja novoro\u0111en\u010deta kraljevske porodice Kara\u0111or\u0111evic\u0301, a ovo je prvi put u istoriji da je 49 zvona najvec\u0301eg pravoslavnog hrama na Balkanu objavilo takvo ro\u0111enje. Ovim povodom oglasila su se i zvona crkve Svetog \u0110or\u0111a na Oplencu, kao znak ro\u0111enja princa.<\/p>\n<p>Majka i beba se ose\u0107aju dobro. Roditelji, Princ Filip i Princeza Danica, srda\u010dno zahvaljuju svima na \u010destitkama, zajedno sa Njihovim Kraljevskim Viso\u010danstvima Prestolonaslednikom Aleksandrom i Princezom Katarinom.<\/p>\n<p>Ovo je prvo ro\u0111enje mu\u0161kog deteta u kraljevskoj porodici u Srbiji nakon 90 godina kada se Nj.K.V. Princ Tomislav rodio u Beogradu. On je bio brat Njegovog Veli\u010danstva Kralja Petra II, dede Nj.K.V. Princa Filipa.<\/p>\n<p><a href=\"https:\/\/royalfamily.org\/nj-k-v-princ-filip\/?lang=lat\">Njegovo Kraljevsko Viso\u010danstvo Princ Filip<\/a> je brat blizanac\u00a0<a href=\"https:\/\/royalfamily.org\/nj-k-v-princ-aleksandar\/?lang=lat\">Nj.K.V. Princa Aleksandra<\/a>, i drugi u redu nasle\u0111a Prestola, posle\u00a0<a href=\"https:\/\/royalfamily.org\/nj-k-v-princ-naslednik-petar\/?lang=lat\">Princa Naslednika Petra<\/a>. Sin je <a href=\"https:\/\/royalfamily.org\/nj-k-v-prestolonaslednik-aleksandar-ii\/?lang=lat\">Nj.K.V. Prestolonaslednika Aleksandra<\/a>\u00a0i Njenog Carskog i Kraljevskog Viso\u010danstva Princeze Marije da Glorije od Orleana i Bragance. Princ Filip je unuk\u00a0<a href=\"https:\/\/royalfamily.org\/dinastija\/nj-v-kralj-petar-ii\/?lang=lat\">Nj.V. Kralja Petra II<\/a>\u00a0i <a href=\"https:\/\/royalfamily.org\/dinastija\/nj-v-kraljica-aleksandra-od-jugoslavije\/?lang=lat\">Nj.V. Kraljice Aleksandre<\/a>. Kr\u0161teni kumovi su mu Nj.V. gr\u010dki Kralj Konstantin, Nj.V. \u0161panska Kraljica Sofija i\u00a0<a href=\"https:\/\/en.wikipedia.org\/wiki\/Princess_Anne,_Duchess_of_Calabria\" target=\"_blank\">Nj.K.V. Vojvotkinja od Kalabrije<\/a>.<\/p>\n<p><a href=\"https:\/\/royalfamily.org\/nj-k-v-princeza-danica-2\/?lang=lat\">Njeno Kraljevsko Viso\u010danstvo Princeza Danica<\/a>\u00a0ro\u0111ena je u Beogradu, 17. avgusta 1986. godine. U Parizu \u017eivi od 1992. godine, gde je zavr\u0161ila najve\u0107i deo \u0161kolovanja i studije. Diplomirala je na grafi\u010dkom dizajnu i vizuelnim komunikacijama na Akademiji primenjenih umetnosti u Parizu i paralelno na studijama Uporedne Knji\u017eevnosti i Slavistike na Univerzitetu Sorbona-Pariz. U Londonu, Princeza je zavr\u0161ila master studije grafi\u010dkog dizajna i komunikacija na \u010celzi koled\u017eu za umetnost i dizajn \u2013 Univerzitet umetnosti u Londonu. Veliki deo svog detinjstva i odrastanja paralelno provodi u Beogradu.<\/p>\n<p>&nbsp;<\/p>\n<p>Njihova Kraljevska Viso\u010danstva Princ Filip i Princeza Danica ven\u010dali su se u Sabornoj crkvi u Beogradu 7. oktobra 2017. godine. Ven\u010danje je slu\u017eio Njegova Svetost Patrijarh srpski gospodin Irinej. Kuma je bila Nj.K.V. Princeza Viktorija od \u0160vedske, a kum Nj.K.V. Princ Petar.<\/p>\n","protected":false},"excerpt":{"rendered":"<p>Njihova Kraljevska Viso\u010danstva Prestolonaslednik Aleksandar i Princeza Katarina sa rado\u0161\u0107u saop\u0161tavaju da je kraljevska porodica  [&#8230;]<\/p>\n","protected":false},"author":1001015,"featured_media":35997,"comment_status":"closed","ping_status":"closed","sticky":false,"template":"","format":"standard","meta":{"_acf_changed":false,"footnotes":""},"categories":[22],"tags":[],"class_list":["post-36006","post","type-post","status-publish","format-standard","has-post-thumbnail","hentry","category-vesti"],"acf":[],"yoast_head":"<!-- This site is optimized with the Yoast SEO Premium plugin v27.4 (Yoast SEO v27.4) - https:\/\/yoast.com\/product\/yoast-seo-premium-wordpress\/ -->\n<title>NJ.K.V. PRINC FILIP I PRINCEZA DANICA DOBILI PRVO DETE, SINA STEFANA - The Royal Family of Serbia<\/title>\n<meta name=\"description\" content=\"Njihova Kraljevska Viso\u010danstva Prestolonaslednik Aleksandar i Princeza Katarina sa rado\u0161\u0107u saop\u0161tavaju da je kraljevska porodica dobila jo\u0161 jednog \u010dlana.\" \/>\n<meta name=\"robots\" content=\"index, follow, max-snippet:-1, max-image-preview:large, max-video-preview:-1\" \/>\n<link rel=\"canonical\" href=\"https:\/\/royalfamily.org\/lat\/nj-k-v-princ-filip-i-princeza-danica-dobili-prvo-dete-sina-stefana\/\" \/>\n<meta property=\"og:locale\" content=\"en_US\" \/>\n<meta property=\"og:type\" content=\"article\" \/>\n<meta property=\"og:title\" content=\"NJ.K.V. PRINC FILIP I PRINCEZA DANICA DOBILI PRVO DETE, SINA STEFANA\" \/>\n<meta property=\"og:description\" content=\"Njihova Kraljevska Viso\u010danstva Prestolonaslednik Aleksandar i Princeza Katarina sa rado\u0161\u0107u saop\u0161tavaju da je kraljevska porodica dobila jo\u0161 jednog \u010dlana.\" \/>\n<meta property=\"og:url\" content=\"https:\/\/royalfamily.org\/lat\/nj-k-v-princ-filip-i-princeza-danica-dobili-prvo-dete-sina-stefana\/\" \/>\n<meta property=\"og:site_name\" content=\"The Royal Family of Serbia\" \/>\n<meta property=\"article:publisher\" content=\"https:\/\/www.facebook.com\/Prestolonaslednik.Aleksandar\" \/>\n<meta property=\"article:published_time\" content=\"2018-02-25T10:47:20+00:00\" \/>\n<meta property=\"og:image\" content=\"https:\/\/royalfamily.org\/wp-content\/uploads\/2018\/02\/Pinc-i-princeza.jpg\" \/>\n\t<meta property=\"og:image:width\" content=\"740\" \/>\n\t<meta property=\"og:image:height\" content=\"350\" \/>\n\t<meta property=\"og:image:type\" content=\"image\/jpeg\" \/>\n<meta name=\"author\" content=\"Stefan Milanovic\" \/>\n<meta name=\"twitter:card\" content=\"summary_large_image\" \/>\n<meta name=\"twitter:label1\" content=\"Written by\" \/>\n\t<meta name=\"twitter:data1\" content=\"Stefan Milanovic\" \/>\n\t<meta name=\"twitter:label2\" content=\"Est. reading time\" \/>\n\t<meta name=\"twitter:data2\" content=\"2 minutes\" \/>\n<script type=\"application\/ld+json\" class=\"yoast-schema-graph\">{\"@context\":\"https:\\\/\\\/schema.org\",\"@graph\":[{\"@type\":\"Article\",\"@id\":\"https:\\\/\\\/royalfamily.org\\\/lat\\\/nj-k-v-princ-filip-i-princeza-danica-dobili-prvo-dete-sina-stefana\\\/#article\",\"isPartOf\":{\"@id\":\"https:\\\/\\\/royalfamily.org\\\/lat\\\/nj-k-v-princ-filip-i-princeza-danica-dobili-prvo-dete-sina-stefana\\\/\"},\"author\":{\"name\":\"Stefan Milanovic\",\"@id\":\"https:\\\/\\\/royalfamily.org\\\/#\\\/schema\\\/person\\\/4ad3296a6a8a35eed333b6a785e9f648\"},\"headline\":\"NJ.K.V. PRINC FILIP I PRINCEZA DANICA DOBILI PRVO DETE, SINA STEFANA\",\"datePublished\":\"2018-02-25T10:47:20+00:00\",\"mainEntityOfPage\":{\"@id\":\"https:\\\/\\\/royalfamily.org\\\/lat\\\/nj-k-v-princ-filip-i-princeza-danica-dobili-prvo-dete-sina-stefana\\\/\"},\"wordCount\":417,\"publisher\":{\"@id\":\"https:\\\/\\\/royalfamily.org\\\/#organization\"},\"image\":{\"@id\":\"https:\\\/\\\/royalfamily.org\\\/lat\\\/nj-k-v-princ-filip-i-princeza-danica-dobili-prvo-dete-sina-stefana\\\/#primaryimage\"},\"thumbnailUrl\":\"https:\\\/\\\/royalfamily.org\\\/wp-content\\\/uploads\\\/2018\\\/02\\\/Pinc-i-princeza.jpg\",\"articleSection\":[\"Vesti\"],\"inLanguage\":\"sr-LT\"},{\"@type\":\"WebPage\",\"@id\":\"https:\\\/\\\/royalfamily.org\\\/lat\\\/nj-k-v-princ-filip-i-princeza-danica-dobili-prvo-dete-sina-stefana\\\/\",\"url\":\"https:\\\/\\\/royalfamily.org\\\/lat\\\/nj-k-v-princ-filip-i-princeza-danica-dobili-prvo-dete-sina-stefana\\\/\",\"name\":\"NJ.K.V. PRINC FILIP I PRINCEZA DANICA DOBILI PRVO DETE, SINA STEFANA - The Royal Family of Serbia\",\"isPartOf\":{\"@id\":\"https:\\\/\\\/royalfamily.org\\\/#website\"},\"primaryImageOfPage\":{\"@id\":\"https:\\\/\\\/royalfamily.org\\\/lat\\\/nj-k-v-princ-filip-i-princeza-danica-dobili-prvo-dete-sina-stefana\\\/#primaryimage\"},\"image\":{\"@id\":\"https:\\\/\\\/royalfamily.org\\\/lat\\\/nj-k-v-princ-filip-i-princeza-danica-dobili-prvo-dete-sina-stefana\\\/#primaryimage\"},\"thumbnailUrl\":\"https:\\\/\\\/royalfamily.org\\\/wp-content\\\/uploads\\\/2018\\\/02\\\/Pinc-i-princeza.jpg\",\"datePublished\":\"2018-02-25T10:47:20+00:00\",\"description\":\"Njihova Kraljevska Viso\u010danstva Prestolonaslednik Aleksandar i Princeza Katarina sa rado\u0161\u0107u saop\u0161tavaju da je kraljevska porodica dobila jo\u0161 jednog \u010dlana.\",\"breadcrumb\":{\"@id\":\"https:\\\/\\\/royalfamily.org\\\/lat\\\/nj-k-v-princ-filip-i-princeza-danica-dobili-prvo-dete-sina-stefana\\\/#breadcrumb\"},\"inLanguage\":\"sr-LT\",\"potentialAction\":[{\"@type\":\"ReadAction\",\"target\":[\"https:\\\/\\\/royalfamily.org\\\/lat\\\/nj-k-v-princ-filip-i-princeza-danica-dobili-prvo-dete-sina-stefana\\\/\"]}]},{\"@type\":\"ImageObject\",\"inLanguage\":\"sr-LT\",\"@id\":\"https:\\\/\\\/royalfamily.org\\\/lat\\\/nj-k-v-princ-filip-i-princeza-danica-dobili-prvo-dete-sina-stefana\\\/#primaryimage\",\"url\":\"https:\\\/\\\/royalfamily.org\\\/wp-content\\\/uploads\\\/2018\\\/02\\\/Pinc-i-princeza.jpg\",\"contentUrl\":\"https:\\\/\\\/royalfamily.org\\\/wp-content\\\/uploads\\\/2018\\\/02\\\/Pinc-i-princeza.jpg\",\"width\":740,\"height\":350},{\"@type\":\"BreadcrumbList\",\"@id\":\"https:\\\/\\\/royalfamily.org\\\/lat\\\/nj-k-v-princ-filip-i-princeza-danica-dobili-prvo-dete-sina-stefana\\\/#breadcrumb\",\"itemListElement\":[{\"@type\":\"ListItem\",\"position\":1,\"name\":\"Home\",\"item\":\"https:\\\/\\\/royalfamily.org\\\/lat\\\/\"},{\"@type\":\"ListItem\",\"position\":2,\"name\":\"NJ.K.V. PRINC FILIP I PRINCEZA DANICA DOBILI PRVO DETE, SINA STEFANA\"}]},{\"@type\":\"WebSite\",\"@id\":\"https:\\\/\\\/royalfamily.org\\\/#website\",\"url\":\"https:\\\/\\\/royalfamily.org\\\/\",\"name\":\"The Royal Family of Serbia\",\"description\":\"From the people, for the people\",\"publisher\":{\"@id\":\"https:\\\/\\\/royalfamily.org\\\/#organization\"},\"potentialAction\":[{\"@type\":\"SearchAction\",\"target\":{\"@type\":\"EntryPoint\",\"urlTemplate\":\"https:\\\/\\\/royalfamily.org\\\/?s={search_term_string}\"},\"query-input\":{\"@type\":\"PropertyValueSpecification\",\"valueRequired\":true,\"valueName\":\"search_term_string\"}}],\"inLanguage\":\"sr-LT\"},{\"@type\":\"Organization\",\"@id\":\"https:\\\/\\\/royalfamily.org\\\/#organization\",\"name\":\"Royal Family\",\"url\":\"https:\\\/\\\/royalfamily.org\\\/\",\"logo\":{\"@type\":\"ImageObject\",\"inLanguage\":\"sr-LT\",\"@id\":\"https:\\\/\\\/royalfamily.org\\\/#\\\/schema\\\/logo\\\/image\\\/\",\"url\":\"https:\\\/\\\/royalfamily.org\\\/wp-content\\\/uploads\\\/2019\\\/04\\\/logo-vector-02-V-latinica.png\",\"contentUrl\":\"https:\\\/\\\/royalfamily.org\\\/wp-content\\\/uploads\\\/2019\\\/04\\\/logo-vector-02-V-latinica.png\",\"width\":552,\"height\":99,\"caption\":\"Royal Family\"},\"image\":{\"@id\":\"https:\\\/\\\/royalfamily.org\\\/#\\\/schema\\\/logo\\\/image\\\/\"},\"sameAs\":[\"https:\\\/\\\/www.facebook.com\\\/Prestolonaslednik.Aleksandar\"]},{\"@type\":\"Person\",\"@id\":\"https:\\\/\\\/royalfamily.org\\\/#\\\/schema\\\/person\\\/4ad3296a6a8a35eed333b6a785e9f648\",\"name\":\"Stefan Milanovic\",\"image\":{\"@type\":\"ImageObject\",\"inLanguage\":\"sr-LT\",\"@id\":\"https:\\\/\\\/secure.gravatar.com\\\/avatar\\\/92dcbdcf3e32112a9ceb1e41665b1f44c69382d014cacfe12c701f6af7c40259?s=96&d=mm&r=g\",\"url\":\"https:\\\/\\\/secure.gravatar.com\\\/avatar\\\/92dcbdcf3e32112a9ceb1e41665b1f44c69382d014cacfe12c701f6af7c40259?s=96&d=mm&r=g\",\"contentUrl\":\"https:\\\/\\\/secure.gravatar.com\\\/avatar\\\/92dcbdcf3e32112a9ceb1e41665b1f44c69382d014cacfe12c701f6af7c40259?s=96&d=mm&r=g\",\"caption\":\"Stefan Milanovic\"}}]}<\/script>\n<!-- \/ Yoast SEO Premium plugin. -->","yoast_head_json":{"title":"NJ.K.V. PRINC FILIP I PRINCEZA DANICA DOBILI PRVO DETE, SINA STEFANA - The Royal Family of Serbia","description":"Njihova Kraljevska Viso\u010danstva Prestolonaslednik Aleksandar i Princeza Katarina sa rado\u0161\u0107u saop\u0161tavaju da je kraljevska porodica dobila jo\u0161 jednog \u010dlana.","robots":{"index":"index","follow":"follow","max-snippet":"max-snippet:-1","max-image-preview":"max-image-preview:large","max-video-preview":"max-video-preview:-1"},"canonical":"https:\/\/royalfamily.org\/lat\/nj-k-v-princ-filip-i-princeza-danica-dobili-prvo-dete-sina-stefana\/","og_locale":"en_US","og_type":"article","og_title":"NJ.K.V. PRINC FILIP I PRINCEZA DANICA DOBILI PRVO DETE, SINA STEFANA","og_description":"Njihova Kraljevska Viso\u010danstva Prestolonaslednik Aleksandar i Princeza Katarina sa rado\u0161\u0107u saop\u0161tavaju da je kraljevska porodica dobila jo\u0161 jednog \u010dlana.","og_url":"https:\/\/royalfamily.org\/lat\/nj-k-v-princ-filip-i-princeza-danica-dobili-prvo-dete-sina-stefana\/","og_site_name":"The Royal Family of Serbia","article_publisher":"https:\/\/www.facebook.com\/Prestolonaslednik.Aleksandar","article_published_time":"2018-02-25T10:47:20+00:00","og_image":[{"width":740,"height":350,"url":"https:\/\/royalfamily.org\/wp-content\/uploads\/2018\/02\/Pinc-i-princeza.jpg","type":"image\/jpeg"}],"author":"Stefan Milanovic","twitter_card":"summary_large_image","twitter_misc":{"Written by":"Stefan Milanovic","Est. reading time":"2 minutes"},"schema":{"@context":"https:\/\/schema.org","@graph":[{"@type":"Article","@id":"https:\/\/royalfamily.org\/lat\/nj-k-v-princ-filip-i-princeza-danica-dobili-prvo-dete-sina-stefana\/#article","isPartOf":{"@id":"https:\/\/royalfamily.org\/lat\/nj-k-v-princ-filip-i-princeza-danica-dobili-prvo-dete-sina-stefana\/"},"author":{"name":"Stefan Milanovic","@id":"https:\/\/royalfamily.org\/#\/schema\/person\/4ad3296a6a8a35eed333b6a785e9f648"},"headline":"NJ.K.V. PRINC FILIP I PRINCEZA DANICA DOBILI PRVO DETE, SINA STEFANA","datePublished":"2018-02-25T10:47:20+00:00","mainEntityOfPage":{"@id":"https:\/\/royalfamily.org\/lat\/nj-k-v-princ-filip-i-princeza-danica-dobili-prvo-dete-sina-stefana\/"},"wordCount":417,"publisher":{"@id":"https:\/\/royalfamily.org\/#organization"},"image":{"@id":"https:\/\/royalfamily.org\/lat\/nj-k-v-princ-filip-i-princeza-danica-dobili-prvo-dete-sina-stefana\/#primaryimage"},"thumbnailUrl":"https:\/\/royalfamily.org\/wp-content\/uploads\/2018\/02\/Pinc-i-princeza.jpg","articleSection":["Vesti"],"inLanguage":"sr-LT"},{"@type":"WebPage","@id":"https:\/\/royalfamily.org\/lat\/nj-k-v-princ-filip-i-princeza-danica-dobili-prvo-dete-sina-stefana\/","url":"https:\/\/royalfamily.org\/lat\/nj-k-v-princ-filip-i-princeza-danica-dobili-prvo-dete-sina-stefana\/","name":"NJ.K.V. PRINC FILIP I PRINCEZA DANICA DOBILI PRVO DETE, SINA STEFANA - The Royal Family of Serbia","isPartOf":{"@id":"https:\/\/royalfamily.org\/#website"},"primaryImageOfPage":{"@id":"https:\/\/royalfamily.org\/lat\/nj-k-v-princ-filip-i-princeza-danica-dobili-prvo-dete-sina-stefana\/#primaryimage"},"image":{"@id":"https:\/\/royalfamily.org\/lat\/nj-k-v-princ-filip-i-princeza-danica-dobili-prvo-dete-sina-stefana\/#primaryimage"},"thumbnailUrl":"https:\/\/royalfamily.org\/wp-content\/uploads\/2018\/02\/Pinc-i-princeza.jpg","datePublished":"2018-02-25T10:47:20+00:00","description":"Njihova Kraljevska Viso\u010danstva Prestolonaslednik Aleksandar i Princeza Katarina sa rado\u0161\u0107u saop\u0161tavaju da je kraljevska porodica dobila jo\u0161 jednog \u010dlana.","breadcrumb":{"@id":"https:\/\/royalfamily.org\/lat\/nj-k-v-princ-filip-i-princeza-danica-dobili-prvo-dete-sina-stefana\/#breadcrumb"},"inLanguage":"sr-LT","potentialAction":[{"@type":"ReadAction","target":["https:\/\/royalfamily.org\/lat\/nj-k-v-princ-filip-i-princeza-danica-dobili-prvo-dete-sina-stefana\/"]}]},{"@type":"ImageObject","inLanguage":"sr-LT","@id":"https:\/\/royalfamily.org\/lat\/nj-k-v-princ-filip-i-princeza-danica-dobili-prvo-dete-sina-stefana\/#primaryimage","url":"https:\/\/royalfamily.org\/wp-content\/uploads\/2018\/02\/Pinc-i-princeza.jpg","contentUrl":"https:\/\/royalfamily.org\/wp-content\/uploads\/2018\/02\/Pinc-i-princeza.jpg","width":740,"height":350},{"@type":"BreadcrumbList","@id":"https:\/\/royalfamily.org\/lat\/nj-k-v-princ-filip-i-princeza-danica-dobili-prvo-dete-sina-stefana\/#breadcrumb","itemListElement":[{"@type":"ListItem","position":1,"name":"Home","item":"https:\/\/royalfamily.org\/lat\/"},{"@type":"ListItem","position":2,"name":"NJ.K.V. PRINC FILIP I PRINCEZA DANICA DOBILI PRVO DETE, SINA STEFANA"}]},{"@type":"WebSite","@id":"https:\/\/royalfamily.org\/#website","url":"https:\/\/royalfamily.org\/","name":"The Royal Family of Serbia","description":"From the people, for the people","publisher":{"@id":"https:\/\/royalfamily.org\/#organization"},"potentialAction":[{"@type":"SearchAction","target":{"@type":"EntryPoint","urlTemplate":"https:\/\/royalfamily.org\/?s={search_term_string}"},"query-input":{"@type":"PropertyValueSpecification","valueRequired":true,"valueName":"search_term_string"}}],"inLanguage":"sr-LT"},{"@type":"Organization","@id":"https:\/\/royalfamily.org\/#organization","name":"Royal Family","url":"https:\/\/royalfamily.org\/","logo":{"@type":"ImageObject","inLanguage":"sr-LT","@id":"https:\/\/royalfamily.org\/#\/schema\/logo\/image\/","url":"https:\/\/royalfamily.org\/wp-content\/uploads\/2019\/04\/logo-vector-02-V-latinica.png","contentUrl":"https:\/\/royalfamily.org\/wp-content\/uploads\/2019\/04\/logo-vector-02-V-latinica.png","width":552,"height":99,"caption":"Royal Family"},"image":{"@id":"https:\/\/royalfamily.org\/#\/schema\/logo\/image\/"},"sameAs":["https:\/\/www.facebook.com\/Prestolonaslednik.Aleksandar"]},{"@type":"Person","@id":"https:\/\/royalfamily.org\/#\/schema\/person\/4ad3296a6a8a35eed333b6a785e9f648","name":"Stefan Milanovic","image":{"@type":"ImageObject","inLanguage":"sr-LT","@id":"https:\/\/secure.gravatar.com\/avatar\/92dcbdcf3e32112a9ceb1e41665b1f44c69382d014cacfe12c701f6af7c40259?s=96&d=mm&r=g","url":"https:\/\/secure.gravatar.com\/avatar\/92dcbdcf3e32112a9ceb1e41665b1f44c69382d014cacfe12c701f6af7c40259?s=96&d=mm&r=g","contentUrl":"https:\/\/secure.gravatar.com\/avatar\/92dcbdcf3e32112a9ceb1e41665b1f44c69382d014cacfe12c701f6af7c40259?s=96&d=mm&r=g","caption":"Stefan Milanovic"}}]}},"_links":{"self":[{"href":"https:\/\/royalfamily.org\/lat\/wp-json\/wp\/v2\/posts\/36006","targetHints":{"allow":["GET"]}}],"collection":[{"href":"https:\/\/royalfamily.org\/lat\/wp-json\/wp\/v2\/posts"}],"about":[{"href":"https:\/\/royalfamily.org\/lat\/wp-json\/wp\/v2\/types\/post"}],"author":[{"embeddable":true,"href":"https:\/\/royalfamily.org\/lat\/wp-json\/wp\/v2\/users\/1001015"}],"replies":[{"embeddable":true,"href":"https:\/\/royalfamily.org\/lat\/wp-json\/wp\/v2\/comments?post=36006"}],"version-history":[{"count":0,"href":"https:\/\/royalfamily.org\/lat\/wp-json\/wp\/v2\/posts\/36006\/revisions"}],"wp:featuredmedia":[{"embeddable":true,"href":"https:\/\/royalfamily.org\/lat\/wp-json\/wp\/v2\/media\/35997"}],"wp:attachment":[{"href":"https:\/\/royalfamily.org\/lat\/wp-json\/wp\/v2\/media?parent=36006"}],"wp:term":[{"taxonomy":"category","embeddable":true,"href":"https:\/\/royalfamily.org\/lat\/wp-json\/wp\/v2\/categories?post=36006"},{"taxonomy":"post_tag","embeddable":true,"href":"https:\/\/royalfamily.org\/lat\/wp-json\/wp\/v2\/tags?post=36006"}],"curies":[{"name":"wp","href":"https:\/\/api.w.org\/{rel}","templated":true}]}}