{"id":36075,"date":"2018-02-28T09:00:15","date_gmt":"2018-02-28T09:00:15","guid":{"rendered":"https:\/\/royalfamily.org\/?p=36075"},"modified":"2018-02-28T09:00:15","modified_gmt":"2018-02-28T09:00:15","slug":"mart-2018-lutke-1954-vilko-gliha-selan-1912-1979","status":"publish","type":"post","link":"https:\/\/royalfamily.org\/lat\/mart-2018-lutke-1954-vilko-gliha-selan-1912-1979\/","title":{"rendered":"MART 2018 LUTKE, 1954 VILKO GLIHA \u2013 SELAN (1912 \u2013 1979)"},"content":{"rendered":"<p>Linorez<\/p>\n<p>32x24cm<\/p>\n<p>Sign.d.d<\/p>\n<p>Inv.br \/ 103 \/ 01<\/p>\n<p><strong>Poreklo<\/strong> \u2013 prvi put se pominje u inventaru KPR 1970. godine.<br \/>\nLutke, Vilka Glihe, poti\u010du iz posleratnog perioda njegovog stvarala\u0161tva kada se uveliko bavio ilustracijom de\u010dijih knjiga. Kao i u slikarstvu, i u grafici Gliha se oslanjao na tradicionalna re\u0161enja. U ovom slu\u010daju re\u010d je o linorezu sa predstavom dve lutke. Svedenost i stilizacija oblika na ovoj grafici karakteristi\u010dni su za Glihino stvarala\u0161tvo pedesetih godina kada sve vi\u0161e koristi nefigurativni izraz.<br \/>\n<strong><\/strong><\/p>\n<p><strong>Vilko Selan Gliha<\/strong> \u2013 Ro\u0111en je u Mirni, kraj Novog Mesta. Akademiju likovnih umetnosti zavr\u0161io je u Zagrebu 1936. godine. Kao profesor \u0160kole za primenjene umjetnosti u Zagrebu posebno se bavio problematikom likovnog izra\u017eavanja kod dece. Bio je jedan od utemeljiva\u010da Centra za de\u010diji crte\u017e u Zagrebu i pokreta\u010d de\u010dijeg lista Radost. Zajedno sa Franom Ba\u0107eom i Ivanom \u0160vertasekom bio je jedan od osniva\u010da Radionice za obradu plemenitih metala pri \u0160koli primjenjenih umjetnosti u Zagrebu.<\/p>\n<p>Radio je slike u ulju, uglavnom sa motivima dalmatinskih pejza\u017ea i mrtvih priroda. Uporedo sa slikarstvom, bavio se grafikom, plakatom i ilustracijama de\u010dje knjige.<\/p>\n<p>Izlagao je od 1950. godine u Zagrebu i inostranstvu: Venecijanski Bijenale 1954, Arbon 1954. itd.<\/p>\n<p>Kori\u0161\u0107en tekst iz publikacije: B. Crvenkovi\u0107, Katalog dr\u017eavne umetni\u010dke kolekcije Dvorskog kompleksa na Dedinju II, Jugoslovenska zbirka, Platoneum, Novi Sad 2014.<\/p>\n","protected":false},"excerpt":{"rendered":"<p>Linorez 32x24cm Sign.d.d Inv.br \/ 103 \/ 01 Poreklo \u2013 prvi put se pominje u  [&#8230;]<\/p>\n","protected":false},"author":1001015,"featured_media":36072,"comment_status":"closed","ping_status":"closed","sticky":false,"template":"","format":"standard","meta":{"_acf_changed":false,"footnotes":""},"categories":[89],"tags":[],"class_list":["post-36075","post","type-post","status-publish","format-standard","has-post-thumbnail","hentry","category-umetnicki-predmet-meseca"],"acf":[],"yoast_head":"<!-- This site is optimized with the Yoast SEO Premium plugin v27.5 (Yoast SEO v27.5) - https:\/\/yoast.com\/product\/yoast-seo-premium-wordpress\/ -->\n<title>MART 2018 LUTKE, 1954 VILKO GLIHA \u2013 SELAN (1912 \u2013 1979) - The Royal Family of Serbia<\/title>\n<meta name=\"description\" content=\"Linorez 32x24cm Sign.d.d Inv.br \/ 103 \/ 01 Poreklo \u2013 prvi put se pominje u inventaru KPR 1970. godine. Lutke, Vilka Glihe, poti\u010du iz posleratnog perioda\" \/>\n<meta name=\"robots\" content=\"index, follow, max-snippet:-1, max-image-preview:large, max-video-preview:-1\" \/>\n<link rel=\"canonical\" href=\"https:\/\/royalfamily.org\/lat\/mart-2018-lutke-1954-vilko-gliha-selan-1912-1979\/\" \/>\n<meta property=\"og:locale\" content=\"en_US\" \/>\n<meta property=\"og:type\" content=\"article\" \/>\n<meta property=\"og:title\" content=\"MART 2018 LUTKE, 1954 VILKO GLIHA \u2013 SELAN (1912 \u2013 1979)\" \/>\n<meta property=\"og:description\" content=\"Linorez 32x24cm Sign.d.d Inv.br \/ 103 \/ 01 Poreklo \u2013 prvi put se pominje u inventaru KPR 1970. godine. Lutke, Vilka Glihe, poti\u010du iz posleratnog perioda\" \/>\n<meta property=\"og:url\" content=\"https:\/\/royalfamily.org\/lat\/mart-2018-lutke-1954-vilko-gliha-selan-1912-1979\/\" \/>\n<meta property=\"og:site_name\" content=\"The Royal Family of Serbia\" \/>\n<meta property=\"article:publisher\" content=\"https:\/\/www.facebook.com\/Prestolonaslednik.Aleksandar\" \/>\n<meta property=\"article:published_time\" content=\"2018-02-28T09:00:15+00:00\" \/>\n<meta property=\"og:image\" content=\"https:\/\/royalfamily.org\/wp-content\/uploads\/2018\/02\/Dolls-Lutke1.jpg\" \/>\n\t<meta property=\"og:image:width\" content=\"740\" \/>\n\t<meta property=\"og:image:height\" content=\"350\" \/>\n\t<meta property=\"og:image:type\" content=\"image\/jpeg\" \/>\n<meta name=\"author\" content=\"Stefan Milanovic\" \/>\n<meta name=\"twitter:card\" content=\"summary_large_image\" \/>\n<meta name=\"twitter:label1\" content=\"Written by\" \/>\n\t<meta name=\"twitter:data1\" content=\"Stefan Milanovic\" \/>\n\t<meta name=\"twitter:label2\" content=\"Est. reading time\" \/>\n\t<meta name=\"twitter:data2\" content=\"1 minute\" \/>\n<script type=\"application\/ld+json\" class=\"yoast-schema-graph\">{\"@context\":\"https:\\\/\\\/schema.org\",\"@graph\":[{\"@type\":\"Article\",\"@id\":\"https:\\\/\\\/royalfamily.org\\\/lat\\\/mart-2018-lutke-1954-vilko-gliha-selan-1912-1979\\\/#article\",\"isPartOf\":{\"@id\":\"https:\\\/\\\/royalfamily.org\\\/lat\\\/mart-2018-lutke-1954-vilko-gliha-selan-1912-1979\\\/\"},\"author\":{\"name\":\"Stefan Milanovic\",\"@id\":\"https:\\\/\\\/royalfamily.org\\\/#\\\/schema\\\/person\\\/4ad3296a6a8a35eed333b6a785e9f648\"},\"headline\":\"MART 2018 LUTKE, 1954 VILKO GLIHA \u2013 SELAN (1912 \u2013 1979)\",\"datePublished\":\"2018-02-28T09:00:15+00:00\",\"mainEntityOfPage\":{\"@id\":\"https:\\\/\\\/royalfamily.org\\\/lat\\\/mart-2018-lutke-1954-vilko-gliha-selan-1912-1979\\\/\"},\"wordCount\":232,\"publisher\":{\"@id\":\"https:\\\/\\\/royalfamily.org\\\/#organization\"},\"image\":{\"@id\":\"https:\\\/\\\/royalfamily.org\\\/lat\\\/mart-2018-lutke-1954-vilko-gliha-selan-1912-1979\\\/#primaryimage\"},\"thumbnailUrl\":\"https:\\\/\\\/royalfamily.org\\\/wp-content\\\/uploads\\\/2018\\\/02\\\/Dolls-Lutke1.jpg\",\"articleSection\":[\"Umetni\u010dki predmet meseca\"],\"inLanguage\":\"sr-LT\"},{\"@type\":\"WebPage\",\"@id\":\"https:\\\/\\\/royalfamily.org\\\/lat\\\/mart-2018-lutke-1954-vilko-gliha-selan-1912-1979\\\/\",\"url\":\"https:\\\/\\\/royalfamily.org\\\/lat\\\/mart-2018-lutke-1954-vilko-gliha-selan-1912-1979\\\/\",\"name\":\"MART 2018 LUTKE, 1954 VILKO GLIHA \u2013 SELAN (1912 \u2013 1979) - The Royal Family of Serbia\",\"isPartOf\":{\"@id\":\"https:\\\/\\\/royalfamily.org\\\/#website\"},\"primaryImageOfPage\":{\"@id\":\"https:\\\/\\\/royalfamily.org\\\/lat\\\/mart-2018-lutke-1954-vilko-gliha-selan-1912-1979\\\/#primaryimage\"},\"image\":{\"@id\":\"https:\\\/\\\/royalfamily.org\\\/lat\\\/mart-2018-lutke-1954-vilko-gliha-selan-1912-1979\\\/#primaryimage\"},\"thumbnailUrl\":\"https:\\\/\\\/royalfamily.org\\\/wp-content\\\/uploads\\\/2018\\\/02\\\/Dolls-Lutke1.jpg\",\"datePublished\":\"2018-02-28T09:00:15+00:00\",\"description\":\"Linorez 32x24cm Sign.d.d Inv.br \\\/ 103 \\\/ 01 Poreklo \u2013 prvi put se pominje u inventaru KPR 1970. godine. Lutke, Vilka Glihe, poti\u010du iz posleratnog perioda\",\"breadcrumb\":{\"@id\":\"https:\\\/\\\/royalfamily.org\\\/lat\\\/mart-2018-lutke-1954-vilko-gliha-selan-1912-1979\\\/#breadcrumb\"},\"inLanguage\":\"sr-LT\",\"potentialAction\":[{\"@type\":\"ReadAction\",\"target\":[\"https:\\\/\\\/royalfamily.org\\\/lat\\\/mart-2018-lutke-1954-vilko-gliha-selan-1912-1979\\\/\"]}]},{\"@type\":\"ImageObject\",\"inLanguage\":\"sr-LT\",\"@id\":\"https:\\\/\\\/royalfamily.org\\\/lat\\\/mart-2018-lutke-1954-vilko-gliha-selan-1912-1979\\\/#primaryimage\",\"url\":\"https:\\\/\\\/royalfamily.org\\\/wp-content\\\/uploads\\\/2018\\\/02\\\/Dolls-Lutke1.jpg\",\"contentUrl\":\"https:\\\/\\\/royalfamily.org\\\/wp-content\\\/uploads\\\/2018\\\/02\\\/Dolls-Lutke1.jpg\",\"width\":740,\"height\":350},{\"@type\":\"BreadcrumbList\",\"@id\":\"https:\\\/\\\/royalfamily.org\\\/lat\\\/mart-2018-lutke-1954-vilko-gliha-selan-1912-1979\\\/#breadcrumb\",\"itemListElement\":[{\"@type\":\"ListItem\",\"position\":1,\"name\":\"Home\",\"item\":\"https:\\\/\\\/royalfamily.org\\\/lat\\\/\"},{\"@type\":\"ListItem\",\"position\":2,\"name\":\"MART 2018 LUTKE, 1954 VILKO GLIHA \u2013 SELAN (1912 \u2013 1979)\"}]},{\"@type\":\"WebSite\",\"@id\":\"https:\\\/\\\/royalfamily.org\\\/#website\",\"url\":\"https:\\\/\\\/royalfamily.org\\\/\",\"name\":\"The Royal Family of Serbia\",\"description\":\"From the people, for the people\",\"publisher\":{\"@id\":\"https:\\\/\\\/royalfamily.org\\\/#organization\"},\"potentialAction\":[{\"@type\":\"SearchAction\",\"target\":{\"@type\":\"EntryPoint\",\"urlTemplate\":\"https:\\\/\\\/royalfamily.org\\\/?s={search_term_string}\"},\"query-input\":{\"@type\":\"PropertyValueSpecification\",\"valueRequired\":true,\"valueName\":\"search_term_string\"}}],\"inLanguage\":\"sr-LT\"},{\"@type\":\"Organization\",\"@id\":\"https:\\\/\\\/royalfamily.org\\\/#organization\",\"name\":\"Royal Family\",\"url\":\"https:\\\/\\\/royalfamily.org\\\/\",\"logo\":{\"@type\":\"ImageObject\",\"inLanguage\":\"sr-LT\",\"@id\":\"https:\\\/\\\/royalfamily.org\\\/#\\\/schema\\\/logo\\\/image\\\/\",\"url\":\"https:\\\/\\\/royalfamily.org\\\/wp-content\\\/uploads\\\/2019\\\/04\\\/logo-vector-02-V-latinica.png\",\"contentUrl\":\"https:\\\/\\\/royalfamily.org\\\/wp-content\\\/uploads\\\/2019\\\/04\\\/logo-vector-02-V-latinica.png\",\"width\":552,\"height\":99,\"caption\":\"Royal Family\"},\"image\":{\"@id\":\"https:\\\/\\\/royalfamily.org\\\/#\\\/schema\\\/logo\\\/image\\\/\"},\"sameAs\":[\"https:\\\/\\\/www.facebook.com\\\/Prestolonaslednik.Aleksandar\"]},{\"@type\":\"Person\",\"@id\":\"https:\\\/\\\/royalfamily.org\\\/#\\\/schema\\\/person\\\/4ad3296a6a8a35eed333b6a785e9f648\",\"name\":\"Stefan Milanovic\",\"image\":{\"@type\":\"ImageObject\",\"inLanguage\":\"sr-LT\",\"@id\":\"https:\\\/\\\/secure.gravatar.com\\\/avatar\\\/92dcbdcf3e32112a9ceb1e41665b1f44c69382d014cacfe12c701f6af7c40259?s=96&d=mm&r=g\",\"url\":\"https:\\\/\\\/secure.gravatar.com\\\/avatar\\\/92dcbdcf3e32112a9ceb1e41665b1f44c69382d014cacfe12c701f6af7c40259?s=96&d=mm&r=g\",\"contentUrl\":\"https:\\\/\\\/secure.gravatar.com\\\/avatar\\\/92dcbdcf3e32112a9ceb1e41665b1f44c69382d014cacfe12c701f6af7c40259?s=96&d=mm&r=g\",\"caption\":\"Stefan Milanovic\"}}]}<\/script>\n<!-- \/ Yoast SEO Premium plugin. -->","yoast_head_json":{"title":"MART 2018 LUTKE, 1954 VILKO GLIHA \u2013 SELAN (1912 \u2013 1979) - The Royal Family of Serbia","description":"Linorez 32x24cm Sign.d.d Inv.br \/ 103 \/ 01 Poreklo \u2013 prvi put se pominje u inventaru KPR 1970. godine. Lutke, Vilka Glihe, poti\u010du iz posleratnog perioda","robots":{"index":"index","follow":"follow","max-snippet":"max-snippet:-1","max-image-preview":"max-image-preview:large","max-video-preview":"max-video-preview:-1"},"canonical":"https:\/\/royalfamily.org\/lat\/mart-2018-lutke-1954-vilko-gliha-selan-1912-1979\/","og_locale":"en_US","og_type":"article","og_title":"MART 2018 LUTKE, 1954 VILKO GLIHA \u2013 SELAN (1912 \u2013 1979)","og_description":"Linorez 32x24cm Sign.d.d Inv.br \/ 103 \/ 01 Poreklo \u2013 prvi put se pominje u inventaru KPR 1970. godine. Lutke, Vilka Glihe, poti\u010du iz posleratnog perioda","og_url":"https:\/\/royalfamily.org\/lat\/mart-2018-lutke-1954-vilko-gliha-selan-1912-1979\/","og_site_name":"The Royal Family of Serbia","article_publisher":"https:\/\/www.facebook.com\/Prestolonaslednik.Aleksandar","article_published_time":"2018-02-28T09:00:15+00:00","og_image":[{"width":740,"height":350,"url":"https:\/\/royalfamily.org\/wp-content\/uploads\/2018\/02\/Dolls-Lutke1.jpg","type":"image\/jpeg"}],"author":"Stefan Milanovic","twitter_card":"summary_large_image","twitter_misc":{"Written by":"Stefan Milanovic","Est. reading time":"1 minute"},"schema":{"@context":"https:\/\/schema.org","@graph":[{"@type":"Article","@id":"https:\/\/royalfamily.org\/lat\/mart-2018-lutke-1954-vilko-gliha-selan-1912-1979\/#article","isPartOf":{"@id":"https:\/\/royalfamily.org\/lat\/mart-2018-lutke-1954-vilko-gliha-selan-1912-1979\/"},"author":{"name":"Stefan Milanovic","@id":"https:\/\/royalfamily.org\/#\/schema\/person\/4ad3296a6a8a35eed333b6a785e9f648"},"headline":"MART 2018 LUTKE, 1954 VILKO GLIHA \u2013 SELAN (1912 \u2013 1979)","datePublished":"2018-02-28T09:00:15+00:00","mainEntityOfPage":{"@id":"https:\/\/royalfamily.org\/lat\/mart-2018-lutke-1954-vilko-gliha-selan-1912-1979\/"},"wordCount":232,"publisher":{"@id":"https:\/\/royalfamily.org\/#organization"},"image":{"@id":"https:\/\/royalfamily.org\/lat\/mart-2018-lutke-1954-vilko-gliha-selan-1912-1979\/#primaryimage"},"thumbnailUrl":"https:\/\/royalfamily.org\/wp-content\/uploads\/2018\/02\/Dolls-Lutke1.jpg","articleSection":["Umetni\u010dki predmet meseca"],"inLanguage":"sr-LT"},{"@type":"WebPage","@id":"https:\/\/royalfamily.org\/lat\/mart-2018-lutke-1954-vilko-gliha-selan-1912-1979\/","url":"https:\/\/royalfamily.org\/lat\/mart-2018-lutke-1954-vilko-gliha-selan-1912-1979\/","name":"MART 2018 LUTKE, 1954 VILKO GLIHA \u2013 SELAN (1912 \u2013 1979) - The Royal Family of Serbia","isPartOf":{"@id":"https:\/\/royalfamily.org\/#website"},"primaryImageOfPage":{"@id":"https:\/\/royalfamily.org\/lat\/mart-2018-lutke-1954-vilko-gliha-selan-1912-1979\/#primaryimage"},"image":{"@id":"https:\/\/royalfamily.org\/lat\/mart-2018-lutke-1954-vilko-gliha-selan-1912-1979\/#primaryimage"},"thumbnailUrl":"https:\/\/royalfamily.org\/wp-content\/uploads\/2018\/02\/Dolls-Lutke1.jpg","datePublished":"2018-02-28T09:00:15+00:00","description":"Linorez 32x24cm Sign.d.d Inv.br \/ 103 \/ 01 Poreklo \u2013 prvi put se pominje u inventaru KPR 1970. godine. Lutke, Vilka Glihe, poti\u010du iz posleratnog perioda","breadcrumb":{"@id":"https:\/\/royalfamily.org\/lat\/mart-2018-lutke-1954-vilko-gliha-selan-1912-1979\/#breadcrumb"},"inLanguage":"sr-LT","potentialAction":[{"@type":"ReadAction","target":["https:\/\/royalfamily.org\/lat\/mart-2018-lutke-1954-vilko-gliha-selan-1912-1979\/"]}]},{"@type":"ImageObject","inLanguage":"sr-LT","@id":"https:\/\/royalfamily.org\/lat\/mart-2018-lutke-1954-vilko-gliha-selan-1912-1979\/#primaryimage","url":"https:\/\/royalfamily.org\/wp-content\/uploads\/2018\/02\/Dolls-Lutke1.jpg","contentUrl":"https:\/\/royalfamily.org\/wp-content\/uploads\/2018\/02\/Dolls-Lutke1.jpg","width":740,"height":350},{"@type":"BreadcrumbList","@id":"https:\/\/royalfamily.org\/lat\/mart-2018-lutke-1954-vilko-gliha-selan-1912-1979\/#breadcrumb","itemListElement":[{"@type":"ListItem","position":1,"name":"Home","item":"https:\/\/royalfamily.org\/lat\/"},{"@type":"ListItem","position":2,"name":"MART 2018 LUTKE, 1954 VILKO GLIHA \u2013 SELAN (1912 \u2013 1979)"}]},{"@type":"WebSite","@id":"https:\/\/royalfamily.org\/#website","url":"https:\/\/royalfamily.org\/","name":"The Royal Family of Serbia","description":"From the people, for the people","publisher":{"@id":"https:\/\/royalfamily.org\/#organization"},"potentialAction":[{"@type":"SearchAction","target":{"@type":"EntryPoint","urlTemplate":"https:\/\/royalfamily.org\/?s={search_term_string}"},"query-input":{"@type":"PropertyValueSpecification","valueRequired":true,"valueName":"search_term_string"}}],"inLanguage":"sr-LT"},{"@type":"Organization","@id":"https:\/\/royalfamily.org\/#organization","name":"Royal Family","url":"https:\/\/royalfamily.org\/","logo":{"@type":"ImageObject","inLanguage":"sr-LT","@id":"https:\/\/royalfamily.org\/#\/schema\/logo\/image\/","url":"https:\/\/royalfamily.org\/wp-content\/uploads\/2019\/04\/logo-vector-02-V-latinica.png","contentUrl":"https:\/\/royalfamily.org\/wp-content\/uploads\/2019\/04\/logo-vector-02-V-latinica.png","width":552,"height":99,"caption":"Royal Family"},"image":{"@id":"https:\/\/royalfamily.org\/#\/schema\/logo\/image\/"},"sameAs":["https:\/\/www.facebook.com\/Prestolonaslednik.Aleksandar"]},{"@type":"Person","@id":"https:\/\/royalfamily.org\/#\/schema\/person\/4ad3296a6a8a35eed333b6a785e9f648","name":"Stefan Milanovic","image":{"@type":"ImageObject","inLanguage":"sr-LT","@id":"https:\/\/secure.gravatar.com\/avatar\/92dcbdcf3e32112a9ceb1e41665b1f44c69382d014cacfe12c701f6af7c40259?s=96&d=mm&r=g","url":"https:\/\/secure.gravatar.com\/avatar\/92dcbdcf3e32112a9ceb1e41665b1f44c69382d014cacfe12c701f6af7c40259?s=96&d=mm&r=g","contentUrl":"https:\/\/secure.gravatar.com\/avatar\/92dcbdcf3e32112a9ceb1e41665b1f44c69382d014cacfe12c701f6af7c40259?s=96&d=mm&r=g","caption":"Stefan Milanovic"}}]}},"_links":{"self":[{"href":"https:\/\/royalfamily.org\/lat\/wp-json\/wp\/v2\/posts\/36075","targetHints":{"allow":["GET"]}}],"collection":[{"href":"https:\/\/royalfamily.org\/lat\/wp-json\/wp\/v2\/posts"}],"about":[{"href":"https:\/\/royalfamily.org\/lat\/wp-json\/wp\/v2\/types\/post"}],"author":[{"embeddable":true,"href":"https:\/\/royalfamily.org\/lat\/wp-json\/wp\/v2\/users\/1001015"}],"replies":[{"embeddable":true,"href":"https:\/\/royalfamily.org\/lat\/wp-json\/wp\/v2\/comments?post=36075"}],"version-history":[{"count":0,"href":"https:\/\/royalfamily.org\/lat\/wp-json\/wp\/v2\/posts\/36075\/revisions"}],"wp:featuredmedia":[{"embeddable":true,"href":"https:\/\/royalfamily.org\/lat\/wp-json\/wp\/v2\/media\/36072"}],"wp:attachment":[{"href":"https:\/\/royalfamily.org\/lat\/wp-json\/wp\/v2\/media?parent=36075"}],"wp:term":[{"taxonomy":"category","embeddable":true,"href":"https:\/\/royalfamily.org\/lat\/wp-json\/wp\/v2\/categories?post=36075"},{"taxonomy":"post_tag","embeddable":true,"href":"https:\/\/royalfamily.org\/lat\/wp-json\/wp\/v2\/tags?post=36075"}],"curies":[{"name":"wp","href":"https:\/\/api.w.org\/{rel}","templated":true}]}}