{"id":39683,"date":"2018-09-03T14:06:16","date_gmt":"2018-09-03T14:06:16","guid":{"rendered":"https:\/\/royalfamily.org\/?p=39683"},"modified":"2018-09-03T14:06:16","modified_gmt":"2018-09-03T14:06:16","slug":"princeza-katarina-isporucila-medicinsku-pomoc-bolnici-sveti-sava","status":"publish","type":"post","link":"https:\/\/royalfamily.org\/lat\/princeza-katarina-isporucila-medicinsku-pomoc-bolnici-sveti-sava\/","title":{"rendered":"PRINCEZA KATARINA ISPORU\u010cILA MEDICINSKU POMO\u0106 BOLNICI \u201eSVETI SAVA\u201c"},"content":{"rendered":"<p>Njeno Kraljevsko Viso\u010danstvo Princeza Katarina isporu\u010dila je medicinsku opremu vrednosti ve\u0107e od 5.800 evra Specijalnoj bolnici za cerebrovaskularne bolesti \u201eSveti Sava\u201c u Beogradu. Pomo\u0107 se sastoji od dva pacijent monitora i 5 aparata za merenje krvnog pritiska, a ova donacija ostvarena je zahvaljuju\u0107i gospodinu Milovanu Risti\u0107u, pravniku iz Beograda.<\/p>\n<p>\u201eVeoma mi je drago \u0161to smo ovde u bolnici Sveti Sava i \u0161to mo\u017eemo ponovo da pomognemo. Tokom prethodnih godina ovde smo isporu\u010dili EKG aparat, sistem za monitoring i ambulantno vozilo, a tako\u0111e smo i renovirali Odeljenje za mo\u017edani udar. Ovog puta imamo veoma vredne pacijent monitore i aparate za merenje krvnog pritiska. Na ovome hvala humanom gospodinu Risti\u0107u koji nije zaboravio na potrebe na\u0161ih bolnica i one kojima je pomo\u0107 potrebna. Sigurna sam da \u0107e ova medicinska oprema biti veoma zna\u010dajna lekarima ovde i da \u0107e olak\u0161ati negu pacijenata. Veoma sam zahvalna gospodinu Risti\u0107u i mojoj Fondaciji na ovoj pomo\u0107i. Tako\u0111e moram da ka\u017eem da sam veoma ponosna na svoju Fondaciju jer smo samo u ovoj godini isporu\u010dili pomo\u0107 vrednosti ve\u0107e od dva miliona evra. Moj suprug Prestolonaslednik Aleksandar i ja \u0107emo nastaviti da poma\u017eemo na\u0161im bolnicama koliko god mo\u017eemo\u201c, rekla je Princeza Katarina.<\/p>\n<p>Celokupno medicinsko osoblje Specijalne bolnice \u201eSveti Sava\u201c zahvalilo je Princezi Katarini i gospodinu Milovanu Risti\u0107u na njihovoj velikoj pomo\u0107i.<\/p>\n<p>Specijalna bolnica za cerebrovaskularne bolesti \u201eSveti Sava\u201c sekundarnog je nivoa zdravstvene za\u0161tite, bavi se prevencijom, dijagnostikom i terapijom cerebrovaskularnih bolesti. Bolnica raspola\u017ee kapacitetom od 250 postelja, zapo\u0161ljava 409 osoba, a godi\u0161nje se hospitalno le\u010di oko 8.000 pacijenata.<\/p>\n<p>&nbsp;<br \/>\n\n\t\t<style type=\"text\/css\">\n\t\t\t#gallery-1 {\n\t\t\t\tmargin: auto;\n\t\t\t}\n\t\t\t#gallery-1 .gallery-item {\n\t\t\t\tfloat: left;\n\t\t\t\tmargin-top: 10px;\n\t\t\t\ttext-align: center;\n\t\t\t\twidth: 33%;\n\t\t\t}\n\t\t\t#gallery-1 img {\n\t\t\t\tborder: 2px solid #cfcfcf;\n\t\t\t}\n\t\t\t#gallery-1 .gallery-caption {\n\t\t\t\tmargin-left: 0;\n\t\t\t}\n\t\t\t\/* see gallery_shortcode() in wp-includes\/media.php *\/\n\t\t<\/style>\n\t\t<div id='gallery-1' class='gallery galleryid-39683 gallery-columns-3 gallery-size-thumbnail'><dl class='gallery-item'>\n\t\t\t<dt class='gallery-icon landscape'>\n\t\t\t\t<a data-rel=\"iLightbox[postimages]\" data-title=\"Nj.K.V. Princeza Katarina, g-din Milovan Risti\u0107 i medicinsko osoblje bolnice \u201eSveti Sava\u201c\" data-caption=\"\" href='https:\/\/royalfamily.org\/wp-content\/uploads\/2018\/09\/8F2A0113.jpg'><img decoding=\"async\" width=\"170\" height=\"120\" src=\"https:\/\/royalfamily.org\/wp-content\/uploads\/2018\/09\/8F2A0113-170x120.jpg\" class=\"attachment-thumbnail size-thumbnail\" alt=\"\" \/><\/a>\n\t\t\t<\/dt><\/dl><dl class='gallery-item'>\n\t\t\t<dt class='gallery-icon landscape'>\n\t\t\t\t<a data-rel=\"iLightbox[postimages]\" data-title=\"Donacija bolnici \u201eSveti Sava\u201c\" data-caption=\"\" href='https:\/\/royalfamily.org\/wp-content\/uploads\/2018\/09\/8F2A0026.jpg'><img decoding=\"async\" width=\"170\" height=\"120\" src=\"https:\/\/royalfamily.org\/wp-content\/uploads\/2018\/09\/8F2A0026-170x120.jpg\" class=\"attachment-thumbnail size-thumbnail\" alt=\"\" \/><\/a>\n\t\t\t<\/dt><\/dl><dl class='gallery-item'>\n\t\t\t<dt class='gallery-icon landscape'>\n\t\t\t\t<a data-rel=\"iLightbox[postimages]\" data-title=\"Nj.K.V. Princeza Katarina u poseti bolnici \u201eSveti Sava\u201c\" data-caption=\"\" href='https:\/\/royalfamily.org\/wp-content\/uploads\/2018\/09\/8F2A0031.jpg'><img decoding=\"async\" width=\"170\" height=\"120\" src=\"https:\/\/royalfamily.org\/wp-content\/uploads\/2018\/09\/8F2A0031-170x120.jpg\" class=\"attachment-thumbnail size-thumbnail\" alt=\"\" \/><\/a>\n\t\t\t<\/dt><\/dl><br style=\"clear: both\" \/><dl class='gallery-item'>\n\t\t\t<dt class='gallery-icon landscape'>\n\t\t\t\t<a data-rel=\"iLightbox[postimages]\" data-title=\"Gospodin Milovan Risti\u0107 i Nj.K.V. Princeza Katarina\" data-caption=\"\" href='https:\/\/royalfamily.org\/wp-content\/uploads\/2018\/09\/8F2A0045.jpg'><img decoding=\"async\" width=\"170\" height=\"120\" src=\"https:\/\/royalfamily.org\/wp-content\/uploads\/2018\/09\/8F2A0045-170x120.jpg\" class=\"attachment-thumbnail size-thumbnail\" alt=\"\" \/><\/a>\n\t\t\t<\/dt><\/dl><dl class='gallery-item'>\n\t\t\t<dt class='gallery-icon landscape'>\n\t\t\t\t<a data-rel=\"iLightbox[postimages]\" data-title=\"Donacija bolnici \u201eSveti Sava\u201c\" data-caption=\"\" href='https:\/\/royalfamily.org\/wp-content\/uploads\/2018\/09\/8F2A0053.jpg'><img decoding=\"async\" width=\"170\" height=\"120\" src=\"https:\/\/royalfamily.org\/wp-content\/uploads\/2018\/09\/8F2A0053-170x120.jpg\" class=\"attachment-thumbnail size-thumbnail\" alt=\"\" \/><\/a>\n\t\t\t<\/dt><\/dl><dl class='gallery-item'>\n\t\t\t<dt class='gallery-icon landscape'>\n\t\t\t\t<a data-rel=\"iLightbox[postimages]\" data-title=\"Donacija bolnici \u201eSveti Sava\u201c\" data-caption=\"\" href='https:\/\/royalfamily.org\/wp-content\/uploads\/2018\/09\/8F2A0054.jpg'><img decoding=\"async\" width=\"170\" height=\"120\" src=\"https:\/\/royalfamily.org\/wp-content\/uploads\/2018\/09\/8F2A0054-170x120.jpg\" class=\"attachment-thumbnail size-thumbnail\" alt=\"\" \/><\/a>\n\t\t\t<\/dt><\/dl><br style=\"clear: both\" \/>\n\t\t<\/div>\n<\/p>\n","protected":false},"excerpt":{"rendered":"<p>Njeno Kraljevsko Viso\u010danstvo Princeza Katarina isporu\u010dila je medicinsku opremu vrednosti ve\u0107e od 5.800 evra Specijalnoj  [&#8230;]<\/p>\n","protected":false},"author":1001015,"featured_media":39662,"comment_status":"closed","ping_status":"closed","sticky":false,"template":"","format":"standard","meta":{"_acf_changed":false,"footnotes":""},"categories":[22],"tags":[],"class_list":["post-39683","post","type-post","status-publish","format-standard","has-post-thumbnail","hentry","category-vesti"],"acf":[],"yoast_head":"<!-- This site is optimized with the Yoast SEO Premium plugin v27.5 (Yoast SEO v27.5) - https:\/\/yoast.com\/product\/yoast-seo-premium-wordpress\/ -->\n<title>PRINCEZA KATARINA ISPORU\u010cILA MEDICINSKU POMO\u0106 BOLNICI \u201eSVETI SAVA\u201c - The Royal Family of Serbia<\/title>\n<meta name=\"description\" content=\"Njeno Kraljevsko Viso\u010danstvo Princeza Katarina isporu\u010dila je medicinsku opremu vrednosti ve\u0107e od 5.800 evra Specijalnoj bolnici za cerebrovaskularne\" \/>\n<meta name=\"robots\" content=\"index, follow, max-snippet:-1, max-image-preview:large, max-video-preview:-1\" \/>\n<link rel=\"canonical\" href=\"https:\/\/royalfamily.org\/lat\/princeza-katarina-isporucila-medicinsku-pomoc-bolnici-sveti-sava\/\" \/>\n<meta property=\"og:locale\" content=\"en_US\" \/>\n<meta property=\"og:type\" content=\"article\" \/>\n<meta property=\"og:title\" content=\"PRINCEZA KATARINA ISPORU\u010cILA MEDICINSKU POMO\u0106 BOLNICI \u201eSVETI SAVA\u201c\" \/>\n<meta property=\"og:description\" content=\"Njeno Kraljevsko Viso\u010danstvo Princeza Katarina isporu\u010dila je medicinsku opremu vrednosti ve\u0107e od 5.800 evra Specijalnoj bolnici za cerebrovaskularne\" \/>\n<meta property=\"og:url\" content=\"https:\/\/royalfamily.org\/lat\/princeza-katarina-isporucila-medicinsku-pomoc-bolnici-sveti-sava\/\" \/>\n<meta property=\"og:site_name\" content=\"The Royal Family of Serbia\" \/>\n<meta property=\"article:publisher\" content=\"https:\/\/www.facebook.com\/Prestolonaslednik.Aleksandar\" \/>\n<meta property=\"article:published_time\" content=\"2018-09-03T14:06:16+00:00\" \/>\n<meta property=\"og:image\" content=\"https:\/\/royalfamily.org\/wp-content\/uploads\/2018\/09\/8F2A0079-740x350.jpg\" \/>\n\t<meta property=\"og:image:width\" content=\"1200\" \/>\n\t<meta property=\"og:image:height\" content=\"568\" \/>\n\t<meta property=\"og:image:type\" content=\"image\/jpeg\" \/>\n<meta name=\"author\" content=\"Stefan Milanovic\" \/>\n<meta name=\"twitter:card\" content=\"summary_large_image\" \/>\n<meta name=\"twitter:label1\" content=\"Written by\" \/>\n\t<meta name=\"twitter:data1\" content=\"Stefan Milanovic\" \/>\n\t<meta name=\"twitter:label2\" content=\"Est. reading time\" \/>\n\t<meta name=\"twitter:data2\" content=\"1 minute\" \/>\n<script type=\"application\/ld+json\" class=\"yoast-schema-graph\">{\"@context\":\"https:\\\/\\\/schema.org\",\"@graph\":[{\"@type\":\"Article\",\"@id\":\"https:\\\/\\\/royalfamily.org\\\/lat\\\/princeza-katarina-isporucila-medicinsku-pomoc-bolnici-sveti-sava\\\/#article\",\"isPartOf\":{\"@id\":\"https:\\\/\\\/royalfamily.org\\\/lat\\\/princeza-katarina-isporucila-medicinsku-pomoc-bolnici-sveti-sava\\\/\"},\"author\":{\"name\":\"Stefan Milanovic\",\"@id\":\"https:\\\/\\\/royalfamily.org\\\/#\\\/schema\\\/person\\\/4ad3296a6a8a35eed333b6a785e9f648\"},\"headline\":\"PRINCEZA KATARINA ISPORU\u010cILA MEDICINSKU POMO\u0106 BOLNICI \u201eSVETI SAVA\u201c\",\"datePublished\":\"2018-09-03T14:06:16+00:00\",\"mainEntityOfPage\":{\"@id\":\"https:\\\/\\\/royalfamily.org\\\/lat\\\/princeza-katarina-isporucila-medicinsku-pomoc-bolnici-sveti-sava\\\/\"},\"wordCount\":288,\"publisher\":{\"@id\":\"https:\\\/\\\/royalfamily.org\\\/#organization\"},\"image\":{\"@id\":\"https:\\\/\\\/royalfamily.org\\\/lat\\\/princeza-katarina-isporucila-medicinsku-pomoc-bolnici-sveti-sava\\\/#primaryimage\"},\"thumbnailUrl\":\"https:\\\/\\\/royalfamily.org\\\/wp-content\\\/uploads\\\/2018\\\/09\\\/8F2A0079-740x350.jpg\",\"articleSection\":[\"Vesti\"],\"inLanguage\":\"sr-LT\"},{\"@type\":\"WebPage\",\"@id\":\"https:\\\/\\\/royalfamily.org\\\/lat\\\/princeza-katarina-isporucila-medicinsku-pomoc-bolnici-sveti-sava\\\/\",\"url\":\"https:\\\/\\\/royalfamily.org\\\/lat\\\/princeza-katarina-isporucila-medicinsku-pomoc-bolnici-sveti-sava\\\/\",\"name\":\"PRINCEZA KATARINA ISPORU\u010cILA MEDICINSKU POMO\u0106 BOLNICI \u201eSVETI SAVA\u201c - The Royal Family of Serbia\",\"isPartOf\":{\"@id\":\"https:\\\/\\\/royalfamily.org\\\/#website\"},\"primaryImageOfPage\":{\"@id\":\"https:\\\/\\\/royalfamily.org\\\/lat\\\/princeza-katarina-isporucila-medicinsku-pomoc-bolnici-sveti-sava\\\/#primaryimage\"},\"image\":{\"@id\":\"https:\\\/\\\/royalfamily.org\\\/lat\\\/princeza-katarina-isporucila-medicinsku-pomoc-bolnici-sveti-sava\\\/#primaryimage\"},\"thumbnailUrl\":\"https:\\\/\\\/royalfamily.org\\\/wp-content\\\/uploads\\\/2018\\\/09\\\/8F2A0079-740x350.jpg\",\"datePublished\":\"2018-09-03T14:06:16+00:00\",\"description\":\"Njeno Kraljevsko Viso\u010danstvo Princeza Katarina isporu\u010dila je medicinsku opremu vrednosti ve\u0107e od 5.800 evra Specijalnoj bolnici za cerebrovaskularne\",\"breadcrumb\":{\"@id\":\"https:\\\/\\\/royalfamily.org\\\/lat\\\/princeza-katarina-isporucila-medicinsku-pomoc-bolnici-sveti-sava\\\/#breadcrumb\"},\"inLanguage\":\"sr-LT\",\"potentialAction\":[{\"@type\":\"ReadAction\",\"target\":[\"https:\\\/\\\/royalfamily.org\\\/lat\\\/princeza-katarina-isporucila-medicinsku-pomoc-bolnici-sveti-sava\\\/\"]}]},{\"@type\":\"ImageObject\",\"inLanguage\":\"sr-LT\",\"@id\":\"https:\\\/\\\/royalfamily.org\\\/lat\\\/princeza-katarina-isporucila-medicinsku-pomoc-bolnici-sveti-sava\\\/#primaryimage\",\"url\":\"https:\\\/\\\/royalfamily.org\\\/wp-content\\\/uploads\\\/2018\\\/09\\\/8F2A0079-740x350.jpg\",\"contentUrl\":\"https:\\\/\\\/royalfamily.org\\\/wp-content\\\/uploads\\\/2018\\\/09\\\/8F2A0079-740x350.jpg\",\"width\":1200,\"height\":568},{\"@type\":\"BreadcrumbList\",\"@id\":\"https:\\\/\\\/royalfamily.org\\\/lat\\\/princeza-katarina-isporucila-medicinsku-pomoc-bolnici-sveti-sava\\\/#breadcrumb\",\"itemListElement\":[{\"@type\":\"ListItem\",\"position\":1,\"name\":\"Home\",\"item\":\"https:\\\/\\\/royalfamily.org\\\/lat\\\/\"},{\"@type\":\"ListItem\",\"position\":2,\"name\":\"PRINCEZA KATARINA ISPORU\u010cILA MEDICINSKU POMO\u0106 BOLNICI \u201eSVETI SAVA\u201c\"}]},{\"@type\":\"WebSite\",\"@id\":\"https:\\\/\\\/royalfamily.org\\\/#website\",\"url\":\"https:\\\/\\\/royalfamily.org\\\/\",\"name\":\"The Royal Family of Serbia\",\"description\":\"From the people, for the people\",\"publisher\":{\"@id\":\"https:\\\/\\\/royalfamily.org\\\/#organization\"},\"potentialAction\":[{\"@type\":\"SearchAction\",\"target\":{\"@type\":\"EntryPoint\",\"urlTemplate\":\"https:\\\/\\\/royalfamily.org\\\/?s={search_term_string}\"},\"query-input\":{\"@type\":\"PropertyValueSpecification\",\"valueRequired\":true,\"valueName\":\"search_term_string\"}}],\"inLanguage\":\"sr-LT\"},{\"@type\":\"Organization\",\"@id\":\"https:\\\/\\\/royalfamily.org\\\/#organization\",\"name\":\"Royal Family\",\"url\":\"https:\\\/\\\/royalfamily.org\\\/\",\"logo\":{\"@type\":\"ImageObject\",\"inLanguage\":\"sr-LT\",\"@id\":\"https:\\\/\\\/royalfamily.org\\\/#\\\/schema\\\/logo\\\/image\\\/\",\"url\":\"https:\\\/\\\/royalfamily.org\\\/wp-content\\\/uploads\\\/2019\\\/04\\\/logo-vector-02-V-latinica.png\",\"contentUrl\":\"https:\\\/\\\/royalfamily.org\\\/wp-content\\\/uploads\\\/2019\\\/04\\\/logo-vector-02-V-latinica.png\",\"width\":552,\"height\":99,\"caption\":\"Royal Family\"},\"image\":{\"@id\":\"https:\\\/\\\/royalfamily.org\\\/#\\\/schema\\\/logo\\\/image\\\/\"},\"sameAs\":[\"https:\\\/\\\/www.facebook.com\\\/Prestolonaslednik.Aleksandar\"]},{\"@type\":\"Person\",\"@id\":\"https:\\\/\\\/royalfamily.org\\\/#\\\/schema\\\/person\\\/4ad3296a6a8a35eed333b6a785e9f648\",\"name\":\"Stefan Milanovic\",\"image\":{\"@type\":\"ImageObject\",\"inLanguage\":\"sr-LT\",\"@id\":\"https:\\\/\\\/secure.gravatar.com\\\/avatar\\\/92dcbdcf3e32112a9ceb1e41665b1f44c69382d014cacfe12c701f6af7c40259?s=96&d=mm&r=g\",\"url\":\"https:\\\/\\\/secure.gravatar.com\\\/avatar\\\/92dcbdcf3e32112a9ceb1e41665b1f44c69382d014cacfe12c701f6af7c40259?s=96&d=mm&r=g\",\"contentUrl\":\"https:\\\/\\\/secure.gravatar.com\\\/avatar\\\/92dcbdcf3e32112a9ceb1e41665b1f44c69382d014cacfe12c701f6af7c40259?s=96&d=mm&r=g\",\"caption\":\"Stefan Milanovic\"}}]}<\/script>\n<!-- \/ Yoast SEO Premium plugin. -->","yoast_head_json":{"title":"PRINCEZA KATARINA ISPORU\u010cILA MEDICINSKU POMO\u0106 BOLNICI \u201eSVETI SAVA\u201c - The Royal Family of Serbia","description":"Njeno Kraljevsko Viso\u010danstvo Princeza Katarina isporu\u010dila je medicinsku opremu vrednosti ve\u0107e od 5.800 evra Specijalnoj bolnici za cerebrovaskularne","robots":{"index":"index","follow":"follow","max-snippet":"max-snippet:-1","max-image-preview":"max-image-preview:large","max-video-preview":"max-video-preview:-1"},"canonical":"https:\/\/royalfamily.org\/lat\/princeza-katarina-isporucila-medicinsku-pomoc-bolnici-sveti-sava\/","og_locale":"en_US","og_type":"article","og_title":"PRINCEZA KATARINA ISPORU\u010cILA MEDICINSKU POMO\u0106 BOLNICI \u201eSVETI SAVA\u201c","og_description":"Njeno Kraljevsko Viso\u010danstvo Princeza Katarina isporu\u010dila je medicinsku opremu vrednosti ve\u0107e od 5.800 evra Specijalnoj bolnici za cerebrovaskularne","og_url":"https:\/\/royalfamily.org\/lat\/princeza-katarina-isporucila-medicinsku-pomoc-bolnici-sveti-sava\/","og_site_name":"The Royal Family of Serbia","article_publisher":"https:\/\/www.facebook.com\/Prestolonaslednik.Aleksandar","article_published_time":"2018-09-03T14:06:16+00:00","og_image":[{"width":1200,"height":568,"url":"https:\/\/royalfamily.org\/wp-content\/uploads\/2018\/09\/8F2A0079-740x350.jpg","type":"image\/jpeg"}],"author":"Stefan Milanovic","twitter_card":"summary_large_image","twitter_misc":{"Written by":"Stefan Milanovic","Est. reading time":"1 minute"},"schema":{"@context":"https:\/\/schema.org","@graph":[{"@type":"Article","@id":"https:\/\/royalfamily.org\/lat\/princeza-katarina-isporucila-medicinsku-pomoc-bolnici-sveti-sava\/#article","isPartOf":{"@id":"https:\/\/royalfamily.org\/lat\/princeza-katarina-isporucila-medicinsku-pomoc-bolnici-sveti-sava\/"},"author":{"name":"Stefan Milanovic","@id":"https:\/\/royalfamily.org\/#\/schema\/person\/4ad3296a6a8a35eed333b6a785e9f648"},"headline":"PRINCEZA KATARINA ISPORU\u010cILA MEDICINSKU POMO\u0106 BOLNICI \u201eSVETI SAVA\u201c","datePublished":"2018-09-03T14:06:16+00:00","mainEntityOfPage":{"@id":"https:\/\/royalfamily.org\/lat\/princeza-katarina-isporucila-medicinsku-pomoc-bolnici-sveti-sava\/"},"wordCount":288,"publisher":{"@id":"https:\/\/royalfamily.org\/#organization"},"image":{"@id":"https:\/\/royalfamily.org\/lat\/princeza-katarina-isporucila-medicinsku-pomoc-bolnici-sveti-sava\/#primaryimage"},"thumbnailUrl":"https:\/\/royalfamily.org\/wp-content\/uploads\/2018\/09\/8F2A0079-740x350.jpg","articleSection":["Vesti"],"inLanguage":"sr-LT"},{"@type":"WebPage","@id":"https:\/\/royalfamily.org\/lat\/princeza-katarina-isporucila-medicinsku-pomoc-bolnici-sveti-sava\/","url":"https:\/\/royalfamily.org\/lat\/princeza-katarina-isporucila-medicinsku-pomoc-bolnici-sveti-sava\/","name":"PRINCEZA KATARINA ISPORU\u010cILA MEDICINSKU POMO\u0106 BOLNICI \u201eSVETI SAVA\u201c - The Royal Family of Serbia","isPartOf":{"@id":"https:\/\/royalfamily.org\/#website"},"primaryImageOfPage":{"@id":"https:\/\/royalfamily.org\/lat\/princeza-katarina-isporucila-medicinsku-pomoc-bolnici-sveti-sava\/#primaryimage"},"image":{"@id":"https:\/\/royalfamily.org\/lat\/princeza-katarina-isporucila-medicinsku-pomoc-bolnici-sveti-sava\/#primaryimage"},"thumbnailUrl":"https:\/\/royalfamily.org\/wp-content\/uploads\/2018\/09\/8F2A0079-740x350.jpg","datePublished":"2018-09-03T14:06:16+00:00","description":"Njeno Kraljevsko Viso\u010danstvo Princeza Katarina isporu\u010dila je medicinsku opremu vrednosti ve\u0107e od 5.800 evra Specijalnoj bolnici za cerebrovaskularne","breadcrumb":{"@id":"https:\/\/royalfamily.org\/lat\/princeza-katarina-isporucila-medicinsku-pomoc-bolnici-sveti-sava\/#breadcrumb"},"inLanguage":"sr-LT","potentialAction":[{"@type":"ReadAction","target":["https:\/\/royalfamily.org\/lat\/princeza-katarina-isporucila-medicinsku-pomoc-bolnici-sveti-sava\/"]}]},{"@type":"ImageObject","inLanguage":"sr-LT","@id":"https:\/\/royalfamily.org\/lat\/princeza-katarina-isporucila-medicinsku-pomoc-bolnici-sveti-sava\/#primaryimage","url":"https:\/\/royalfamily.org\/wp-content\/uploads\/2018\/09\/8F2A0079-740x350.jpg","contentUrl":"https:\/\/royalfamily.org\/wp-content\/uploads\/2018\/09\/8F2A0079-740x350.jpg","width":1200,"height":568},{"@type":"BreadcrumbList","@id":"https:\/\/royalfamily.org\/lat\/princeza-katarina-isporucila-medicinsku-pomoc-bolnici-sveti-sava\/#breadcrumb","itemListElement":[{"@type":"ListItem","position":1,"name":"Home","item":"https:\/\/royalfamily.org\/lat\/"},{"@type":"ListItem","position":2,"name":"PRINCEZA KATARINA ISPORU\u010cILA MEDICINSKU POMO\u0106 BOLNICI \u201eSVETI SAVA\u201c"}]},{"@type":"WebSite","@id":"https:\/\/royalfamily.org\/#website","url":"https:\/\/royalfamily.org\/","name":"The Royal Family of Serbia","description":"From the people, for the people","publisher":{"@id":"https:\/\/royalfamily.org\/#organization"},"potentialAction":[{"@type":"SearchAction","target":{"@type":"EntryPoint","urlTemplate":"https:\/\/royalfamily.org\/?s={search_term_string}"},"query-input":{"@type":"PropertyValueSpecification","valueRequired":true,"valueName":"search_term_string"}}],"inLanguage":"sr-LT"},{"@type":"Organization","@id":"https:\/\/royalfamily.org\/#organization","name":"Royal Family","url":"https:\/\/royalfamily.org\/","logo":{"@type":"ImageObject","inLanguage":"sr-LT","@id":"https:\/\/royalfamily.org\/#\/schema\/logo\/image\/","url":"https:\/\/royalfamily.org\/wp-content\/uploads\/2019\/04\/logo-vector-02-V-latinica.png","contentUrl":"https:\/\/royalfamily.org\/wp-content\/uploads\/2019\/04\/logo-vector-02-V-latinica.png","width":552,"height":99,"caption":"Royal Family"},"image":{"@id":"https:\/\/royalfamily.org\/#\/schema\/logo\/image\/"},"sameAs":["https:\/\/www.facebook.com\/Prestolonaslednik.Aleksandar"]},{"@type":"Person","@id":"https:\/\/royalfamily.org\/#\/schema\/person\/4ad3296a6a8a35eed333b6a785e9f648","name":"Stefan Milanovic","image":{"@type":"ImageObject","inLanguage":"sr-LT","@id":"https:\/\/secure.gravatar.com\/avatar\/92dcbdcf3e32112a9ceb1e41665b1f44c69382d014cacfe12c701f6af7c40259?s=96&d=mm&r=g","url":"https:\/\/secure.gravatar.com\/avatar\/92dcbdcf3e32112a9ceb1e41665b1f44c69382d014cacfe12c701f6af7c40259?s=96&d=mm&r=g","contentUrl":"https:\/\/secure.gravatar.com\/avatar\/92dcbdcf3e32112a9ceb1e41665b1f44c69382d014cacfe12c701f6af7c40259?s=96&d=mm&r=g","caption":"Stefan Milanovic"}}]}},"_links":{"self":[{"href":"https:\/\/royalfamily.org\/lat\/wp-json\/wp\/v2\/posts\/39683","targetHints":{"allow":["GET"]}}],"collection":[{"href":"https:\/\/royalfamily.org\/lat\/wp-json\/wp\/v2\/posts"}],"about":[{"href":"https:\/\/royalfamily.org\/lat\/wp-json\/wp\/v2\/types\/post"}],"author":[{"embeddable":true,"href":"https:\/\/royalfamily.org\/lat\/wp-json\/wp\/v2\/users\/1001015"}],"replies":[{"embeddable":true,"href":"https:\/\/royalfamily.org\/lat\/wp-json\/wp\/v2\/comments?post=39683"}],"version-history":[{"count":0,"href":"https:\/\/royalfamily.org\/lat\/wp-json\/wp\/v2\/posts\/39683\/revisions"}],"wp:featuredmedia":[{"embeddable":true,"href":"https:\/\/royalfamily.org\/lat\/wp-json\/wp\/v2\/media\/39662"}],"wp:attachment":[{"href":"https:\/\/royalfamily.org\/lat\/wp-json\/wp\/v2\/media?parent=39683"}],"wp:term":[{"taxonomy":"category","embeddable":true,"href":"https:\/\/royalfamily.org\/lat\/wp-json\/wp\/v2\/categories?post=39683"},{"taxonomy":"post_tag","embeddable":true,"href":"https:\/\/royalfamily.org\/lat\/wp-json\/wp\/v2\/tags?post=39683"}],"curies":[{"name":"wp","href":"https:\/\/api.w.org\/{rel}","templated":true}]}}