{"id":39734,"date":"2018-09-07T08:29:04","date_gmt":"2018-09-07T08:29:04","guid":{"rendered":"https:\/\/royalfamily.org\/?p=39734"},"modified":"2018-09-07T08:29:04","modified_gmt":"2018-09-07T08:29:04","slug":"manifestacija-24-sata-elegancije-otvorena-na-belom-dvoru","status":"publish","type":"post","link":"https:\/\/royalfamily.org\/lat\/manifestacija-24-sata-elegancije-otvorena-na-belom-dvoru\/","title":{"rendered":"MANIFESTACIJA \u201e24 SATA ELEGANCIJE\u201c OTVORENA NA BELOM DVORU"},"content":{"rendered":"<p>Manifestacija \u201e24 sata elegancije\u201c zvani\u010dno je otvorena na Belom dvoru pod pokroviteljstvom Njihovih Kraljevskih Viso\u010danstava Prestolonaslednika Aleksandra i Princeze Katarine. Ovaj doga\u0111aj je deo osmog izdanja \u201e24 sata elegancije &#8211; Concours d\u2019Elegance &amp; Salon of Excellence\u201d posve\u0107enog kulturi klasi\u010dnih automobila, rafiniranosti i vrhunskom kvalitetu, a odr\u017eava se od 7. do 9. septembra u Beogradu, u partnerstvu sa Belgrade Waterfront, \u010civasom i Srpskim savezom za istorijska vozila (\u010dlanom FIVA-e).<\/p>\n<p>\u201c24 sata elegancije\u201d je me\u0111unarodna manifestacija posvec\u0301ena presti\u017enim robnim markama koje su sinonim vrhunskog kvaliteta proizvodnje i izrade detalja. Svake godine zvanice imaju priliku da podele svoju strast prema klasi\u010dnim automobilima, eleganciji, stilu i prefinjenosti. Specijalni gost manifestacije je ruska princeza Olga Andrejevna Romanov, jedna od naslednica carske porodice Romanov.<\/p>\n<p>Gala ve\u010de po\u010delo je izlo\u017ebom \u201eMasters of ekselens\u201c, a ovogodi\u0161nje izdanje bilo je posvec\u0301eno napuljskim majstorima elegancije, kao \u0161to su majstori vrhunskih, rukom ra\u0111enih odela \u010duvene ku\u0107e elegancije Sartoria Panico, majstori ekskluzivne obu\u0107e Ducal iz Firence, zatim proizvo\u0111a\u010d skupocenih tkanina Drago iz Italije, svetski poznata ku\u0107a rukom \u0161ivenih ko\u0161ulja MAROL1959 iz Bolonje i tako dalje.<\/p>\n<p>Od 2016. godine, segment Savremena umetnost, nastao u saradnji sa galerijom Ne\u0161ovi\u0107 Fine Arts, predstavio je brojne umetnike iz jugoisto\u010dne Evrope. Ovog puta predstavljen je Vuk Vidor, \u010dije se jedno od umetni\u010dkih dela na\u0161lo na humanitarnoj aukciji, a prikupljena sredstva namenjena su humanitarnim aktivnostima Fondacije Princeze Katarine.<\/p>\n<p>&nbsp;<br \/>\n\n\t\t<style type=\"text\/css\">\n\t\t\t#gallery-1 {\n\t\t\t\tmargin: auto;\n\t\t\t}\n\t\t\t#gallery-1 .gallery-item {\n\t\t\t\tfloat: left;\n\t\t\t\tmargin-top: 10px;\n\t\t\t\ttext-align: center;\n\t\t\t\twidth: 33%;\n\t\t\t}\n\t\t\t#gallery-1 img {\n\t\t\t\tborder: 2px solid #cfcfcf;\n\t\t\t}\n\t\t\t#gallery-1 .gallery-caption {\n\t\t\t\tmargin-left: 0;\n\t\t\t}\n\t\t\t\/* see gallery_shortcode() in wp-includes\/media.php *\/\n\t\t<\/style>\n\t\t<div id='gallery-1' class='gallery galleryid-39734 gallery-columns-3 gallery-size-thumbnail'><dl class='gallery-item'>\n\t\t\t<dt class='gallery-icon landscape'>\n\t\t\t\t<a data-rel=\"iLightbox[postimages]\" data-title=\"24 sata elegancije na Belom dvoru\" data-caption=\"\" href='https:\/\/royalfamily.org\/wp-content\/uploads\/2018\/09\/8F2A0551.jpg'><img decoding=\"async\" width=\"170\" height=\"120\" src=\"https:\/\/royalfamily.org\/wp-content\/uploads\/2018\/09\/8F2A0551-170x120.jpg\" class=\"attachment-thumbnail size-thumbnail\" alt=\"\" \/><\/a>\n\t\t\t<\/dt><\/dl><dl class='gallery-item'>\n\t\t\t<dt class='gallery-icon landscape'>\n\t\t\t\t<a data-rel=\"iLightbox[postimages]\" data-title=\"24 sata elegancije na Belom dvoru\" data-caption=\"\" href='https:\/\/royalfamily.org\/wp-content\/uploads\/2018\/09\/8F2A0568.jpg'><img decoding=\"async\" width=\"170\" height=\"120\" src=\"https:\/\/royalfamily.org\/wp-content\/uploads\/2018\/09\/8F2A0568-170x120.jpg\" class=\"attachment-thumbnail size-thumbnail\" alt=\"\" \/><\/a>\n\t\t\t<\/dt><\/dl><dl class='gallery-item'>\n\t\t\t<dt class='gallery-icon landscape'>\n\t\t\t\t<a data-rel=\"iLightbox[postimages]\" data-title=\"24 sata elegancije na Belom dvoru\" data-caption=\"\" href='https:\/\/royalfamily.org\/wp-content\/uploads\/2018\/09\/8F2A0571.jpg'><img decoding=\"async\" width=\"170\" height=\"120\" src=\"https:\/\/royalfamily.org\/wp-content\/uploads\/2018\/09\/8F2A0571-170x120.jpg\" class=\"attachment-thumbnail size-thumbnail\" alt=\"\" \/><\/a>\n\t\t\t<\/dt><\/dl><br style=\"clear: both\" \/><dl class='gallery-item'>\n\t\t\t<dt class='gallery-icon landscape'>\n\t\t\t\t<a data-rel=\"iLightbox[postimages]\" data-title=\"24 sata elegancije na Belom dvoru\" data-caption=\"\" href='https:\/\/royalfamily.org\/wp-content\/uploads\/2018\/09\/2X1A9459.jpg'><img decoding=\"async\" width=\"170\" height=\"120\" src=\"https:\/\/royalfamily.org\/wp-content\/uploads\/2018\/09\/2X1A9459-170x120.jpg\" class=\"attachment-thumbnail size-thumbnail\" alt=\"\" \/><\/a>\n\t\t\t<\/dt><\/dl><dl class='gallery-item'>\n\t\t\t<dt class='gallery-icon landscape'>\n\t\t\t\t<a data-rel=\"iLightbox[postimages]\" data-title=\"24 sata elegancije na Belom dvoru\" data-caption=\"\" href='https:\/\/royalfamily.org\/wp-content\/uploads\/2018\/09\/8F2A0349.jpg'><img decoding=\"async\" width=\"170\" height=\"120\" src=\"https:\/\/royalfamily.org\/wp-content\/uploads\/2018\/09\/8F2A0349-170x120.jpg\" class=\"attachment-thumbnail size-thumbnail\" alt=\"\" \/><\/a>\n\t\t\t<\/dt><\/dl><dl class='gallery-item'>\n\t\t\t<dt class='gallery-icon landscape'>\n\t\t\t\t<a data-rel=\"iLightbox[postimages]\" data-title=\"24 sata elegancije na Belom dvoru\" data-caption=\"\" href='https:\/\/royalfamily.org\/wp-content\/uploads\/2018\/09\/8F2A0445.jpg'><img decoding=\"async\" width=\"170\" height=\"120\" src=\"https:\/\/royalfamily.org\/wp-content\/uploads\/2018\/09\/8F2A0445-170x120.jpg\" class=\"attachment-thumbnail size-thumbnail\" alt=\"\" \/><\/a>\n\t\t\t<\/dt><\/dl><br style=\"clear: both\" \/><dl class='gallery-item'>\n\t\t\t<dt class='gallery-icon landscape'>\n\t\t\t\t<a data-rel=\"iLightbox[postimages]\" data-title=\"24 sata elegancije na Belom dvoru\" data-caption=\"\" href='https:\/\/royalfamily.org\/wp-content\/uploads\/2018\/09\/8F2A0589.jpg'><img decoding=\"async\" width=\"170\" height=\"120\" src=\"https:\/\/royalfamily.org\/wp-content\/uploads\/2018\/09\/8F2A0589-170x120.jpg\" class=\"attachment-thumbnail size-thumbnail\" alt=\"\" \/><\/a>\n\t\t\t<\/dt><\/dl><dl class='gallery-item'>\n\t\t\t<dt class='gallery-icon portrait'>\n\t\t\t\t<a data-rel=\"iLightbox[postimages]\" data-title=\"24 sata elegancije na Belom dvoru\" data-caption=\"\" href='https:\/\/royalfamily.org\/wp-content\/uploads\/2018\/09\/8F2A0604.jpg'><img decoding=\"async\" width=\"170\" height=\"120\" src=\"https:\/\/royalfamily.org\/wp-content\/uploads\/2018\/09\/8F2A0604-170x120.jpg\" class=\"attachment-thumbnail size-thumbnail\" alt=\"\" \/><\/a>\n\t\t\t<\/dt><\/dl><dl class='gallery-item'>\n\t\t\t<dt class='gallery-icon portrait'>\n\t\t\t\t<a data-rel=\"iLightbox[postimages]\" data-title=\"24 sata elegancije na Belom dvoru\" data-caption=\"\" href='https:\/\/royalfamily.org\/wp-content\/uploads\/2018\/09\/2X1A9561.jpg'><img decoding=\"async\" width=\"170\" height=\"120\" src=\"https:\/\/royalfamily.org\/wp-content\/uploads\/2018\/09\/2X1A9561-170x120.jpg\" class=\"attachment-thumbnail size-thumbnail\" alt=\"\" \/><\/a>\n\t\t\t<\/dt><\/dl><br style=\"clear: both\" \/>\n\t\t<\/div>\n<\/p>\n","protected":false},"excerpt":{"rendered":"<p>Manifestacija \u201e24 sata elegancije\u201c zvani\u010dno je otvorena na Belom dvoru pod pokroviteljstvom Njihovih Kraljevskih Viso\u010danstava  [&#8230;]<\/p>\n","protected":false},"author":1001015,"featured_media":39698,"comment_status":"closed","ping_status":"closed","sticky":false,"template":"","format":"standard","meta":{"_acf_changed":false,"footnotes":""},"categories":[22],"tags":[],"class_list":["post-39734","post","type-post","status-publish","format-standard","has-post-thumbnail","hentry","category-vesti"],"acf":[],"yoast_head":"<!-- This site is optimized with the Yoast SEO Premium plugin v27.5 (Yoast SEO v27.5) - https:\/\/yoast.com\/product\/yoast-seo-premium-wordpress\/ -->\n<title>MANIFESTACIJA \u201e24 SATA ELEGANCIJE\u201c OTVORENA NA BELOM DVORU - The Royal Family of Serbia<\/title>\n<meta name=\"description\" content=\"Manifestacija \u201e24 sata elegancije\u201c zvani\u010dno je otvorena na Belom dvoru pod pokroviteljstvom Njihovih Kraljevskih Viso\u010danstava Prestolonaslednika\" \/>\n<meta name=\"robots\" content=\"index, follow, max-snippet:-1, max-image-preview:large, max-video-preview:-1\" \/>\n<link rel=\"canonical\" href=\"https:\/\/royalfamily.org\/lat\/manifestacija-24-sata-elegancije-otvorena-na-belom-dvoru\/\" \/>\n<meta property=\"og:locale\" content=\"en_US\" \/>\n<meta property=\"og:type\" content=\"article\" \/>\n<meta property=\"og:title\" content=\"MANIFESTACIJA \u201e24 SATA ELEGANCIJE\u201c OTVORENA NA BELOM DVORU\" \/>\n<meta property=\"og:description\" content=\"Manifestacija \u201e24 sata elegancije\u201c zvani\u010dno je otvorena na Belom dvoru pod pokroviteljstvom Njihovih Kraljevskih Viso\u010danstava Prestolonaslednika\" \/>\n<meta property=\"og:url\" content=\"https:\/\/royalfamily.org\/lat\/manifestacija-24-sata-elegancije-otvorena-na-belom-dvoru\/\" \/>\n<meta property=\"og:site_name\" content=\"The Royal Family of Serbia\" \/>\n<meta property=\"article:publisher\" content=\"https:\/\/www.facebook.com\/Prestolonaslednik.Aleksandar\" \/>\n<meta property=\"article:published_time\" content=\"2018-09-07T08:29:04+00:00\" \/>\n<meta property=\"og:image\" content=\"https:\/\/royalfamily.org\/wp-content\/uploads\/2018\/09\/8F2A0563-740x350.jpg\" \/>\n\t<meta property=\"og:image:width\" content=\"1200\" \/>\n\t<meta property=\"og:image:height\" content=\"568\" \/>\n\t<meta property=\"og:image:type\" content=\"image\/jpeg\" \/>\n<meta name=\"author\" content=\"Stefan Milanovic\" \/>\n<meta name=\"twitter:card\" content=\"summary_large_image\" \/>\n<meta name=\"twitter:label1\" content=\"Written by\" \/>\n\t<meta name=\"twitter:data1\" content=\"Stefan Milanovic\" \/>\n\t<meta name=\"twitter:label2\" content=\"Est. reading time\" \/>\n\t<meta name=\"twitter:data2\" content=\"1 minute\" \/>\n<script type=\"application\/ld+json\" class=\"yoast-schema-graph\">{\"@context\":\"https:\\\/\\\/schema.org\",\"@graph\":[{\"@type\":\"Article\",\"@id\":\"https:\\\/\\\/royalfamily.org\\\/lat\\\/manifestacija-24-sata-elegancije-otvorena-na-belom-dvoru\\\/#article\",\"isPartOf\":{\"@id\":\"https:\\\/\\\/royalfamily.org\\\/lat\\\/manifestacija-24-sata-elegancije-otvorena-na-belom-dvoru\\\/\"},\"author\":{\"name\":\"Stefan Milanovic\",\"@id\":\"https:\\\/\\\/royalfamily.org\\\/#\\\/schema\\\/person\\\/4ad3296a6a8a35eed333b6a785e9f648\"},\"headline\":\"MANIFESTACIJA \u201e24 SATA ELEGANCIJE\u201c OTVORENA NA BELOM DVORU\",\"datePublished\":\"2018-09-07T08:29:04+00:00\",\"mainEntityOfPage\":{\"@id\":\"https:\\\/\\\/royalfamily.org\\\/lat\\\/manifestacija-24-sata-elegancije-otvorena-na-belom-dvoru\\\/\"},\"wordCount\":252,\"publisher\":{\"@id\":\"https:\\\/\\\/royalfamily.org\\\/#organization\"},\"image\":{\"@id\":\"https:\\\/\\\/royalfamily.org\\\/lat\\\/manifestacija-24-sata-elegancije-otvorena-na-belom-dvoru\\\/#primaryimage\"},\"thumbnailUrl\":\"https:\\\/\\\/royalfamily.org\\\/wp-content\\\/uploads\\\/2018\\\/09\\\/8F2A0563-740x350.jpg\",\"articleSection\":[\"Vesti\"],\"inLanguage\":\"sr-LT\"},{\"@type\":\"WebPage\",\"@id\":\"https:\\\/\\\/royalfamily.org\\\/lat\\\/manifestacija-24-sata-elegancije-otvorena-na-belom-dvoru\\\/\",\"url\":\"https:\\\/\\\/royalfamily.org\\\/lat\\\/manifestacija-24-sata-elegancije-otvorena-na-belom-dvoru\\\/\",\"name\":\"MANIFESTACIJA \u201e24 SATA ELEGANCIJE\u201c OTVORENA NA BELOM DVORU - The Royal Family of Serbia\",\"isPartOf\":{\"@id\":\"https:\\\/\\\/royalfamily.org\\\/#website\"},\"primaryImageOfPage\":{\"@id\":\"https:\\\/\\\/royalfamily.org\\\/lat\\\/manifestacija-24-sata-elegancije-otvorena-na-belom-dvoru\\\/#primaryimage\"},\"image\":{\"@id\":\"https:\\\/\\\/royalfamily.org\\\/lat\\\/manifestacija-24-sata-elegancije-otvorena-na-belom-dvoru\\\/#primaryimage\"},\"thumbnailUrl\":\"https:\\\/\\\/royalfamily.org\\\/wp-content\\\/uploads\\\/2018\\\/09\\\/8F2A0563-740x350.jpg\",\"datePublished\":\"2018-09-07T08:29:04+00:00\",\"description\":\"Manifestacija \u201e24 sata elegancije\u201c zvani\u010dno je otvorena na Belom dvoru pod pokroviteljstvom Njihovih Kraljevskih Viso\u010danstava Prestolonaslednika\",\"breadcrumb\":{\"@id\":\"https:\\\/\\\/royalfamily.org\\\/lat\\\/manifestacija-24-sata-elegancije-otvorena-na-belom-dvoru\\\/#breadcrumb\"},\"inLanguage\":\"sr-LT\",\"potentialAction\":[{\"@type\":\"ReadAction\",\"target\":[\"https:\\\/\\\/royalfamily.org\\\/lat\\\/manifestacija-24-sata-elegancije-otvorena-na-belom-dvoru\\\/\"]}]},{\"@type\":\"ImageObject\",\"inLanguage\":\"sr-LT\",\"@id\":\"https:\\\/\\\/royalfamily.org\\\/lat\\\/manifestacija-24-sata-elegancije-otvorena-na-belom-dvoru\\\/#primaryimage\",\"url\":\"https:\\\/\\\/royalfamily.org\\\/wp-content\\\/uploads\\\/2018\\\/09\\\/8F2A0563-740x350.jpg\",\"contentUrl\":\"https:\\\/\\\/royalfamily.org\\\/wp-content\\\/uploads\\\/2018\\\/09\\\/8F2A0563-740x350.jpg\",\"width\":1200,\"height\":568},{\"@type\":\"BreadcrumbList\",\"@id\":\"https:\\\/\\\/royalfamily.org\\\/lat\\\/manifestacija-24-sata-elegancije-otvorena-na-belom-dvoru\\\/#breadcrumb\",\"itemListElement\":[{\"@type\":\"ListItem\",\"position\":1,\"name\":\"Home\",\"item\":\"https:\\\/\\\/royalfamily.org\\\/lat\\\/\"},{\"@type\":\"ListItem\",\"position\":2,\"name\":\"MANIFESTACIJA \u201e24 SATA ELEGANCIJE\u201c OTVORENA NA BELOM DVORU\"}]},{\"@type\":\"WebSite\",\"@id\":\"https:\\\/\\\/royalfamily.org\\\/#website\",\"url\":\"https:\\\/\\\/royalfamily.org\\\/\",\"name\":\"The Royal Family of Serbia\",\"description\":\"From the people, for the people\",\"publisher\":{\"@id\":\"https:\\\/\\\/royalfamily.org\\\/#organization\"},\"potentialAction\":[{\"@type\":\"SearchAction\",\"target\":{\"@type\":\"EntryPoint\",\"urlTemplate\":\"https:\\\/\\\/royalfamily.org\\\/?s={search_term_string}\"},\"query-input\":{\"@type\":\"PropertyValueSpecification\",\"valueRequired\":true,\"valueName\":\"search_term_string\"}}],\"inLanguage\":\"sr-LT\"},{\"@type\":\"Organization\",\"@id\":\"https:\\\/\\\/royalfamily.org\\\/#organization\",\"name\":\"Royal Family\",\"url\":\"https:\\\/\\\/royalfamily.org\\\/\",\"logo\":{\"@type\":\"ImageObject\",\"inLanguage\":\"sr-LT\",\"@id\":\"https:\\\/\\\/royalfamily.org\\\/#\\\/schema\\\/logo\\\/image\\\/\",\"url\":\"https:\\\/\\\/royalfamily.org\\\/wp-content\\\/uploads\\\/2019\\\/04\\\/logo-vector-02-V-latinica.png\",\"contentUrl\":\"https:\\\/\\\/royalfamily.org\\\/wp-content\\\/uploads\\\/2019\\\/04\\\/logo-vector-02-V-latinica.png\",\"width\":552,\"height\":99,\"caption\":\"Royal Family\"},\"image\":{\"@id\":\"https:\\\/\\\/royalfamily.org\\\/#\\\/schema\\\/logo\\\/image\\\/\"},\"sameAs\":[\"https:\\\/\\\/www.facebook.com\\\/Prestolonaslednik.Aleksandar\"]},{\"@type\":\"Person\",\"@id\":\"https:\\\/\\\/royalfamily.org\\\/#\\\/schema\\\/person\\\/4ad3296a6a8a35eed333b6a785e9f648\",\"name\":\"Stefan Milanovic\",\"image\":{\"@type\":\"ImageObject\",\"inLanguage\":\"sr-LT\",\"@id\":\"https:\\\/\\\/secure.gravatar.com\\\/avatar\\\/92dcbdcf3e32112a9ceb1e41665b1f44c69382d014cacfe12c701f6af7c40259?s=96&d=mm&r=g\",\"url\":\"https:\\\/\\\/secure.gravatar.com\\\/avatar\\\/92dcbdcf3e32112a9ceb1e41665b1f44c69382d014cacfe12c701f6af7c40259?s=96&d=mm&r=g\",\"contentUrl\":\"https:\\\/\\\/secure.gravatar.com\\\/avatar\\\/92dcbdcf3e32112a9ceb1e41665b1f44c69382d014cacfe12c701f6af7c40259?s=96&d=mm&r=g\",\"caption\":\"Stefan Milanovic\"}}]}<\/script>\n<!-- \/ Yoast SEO Premium plugin. -->","yoast_head_json":{"title":"MANIFESTACIJA \u201e24 SATA ELEGANCIJE\u201c OTVORENA NA BELOM DVORU - The Royal Family of Serbia","description":"Manifestacija \u201e24 sata elegancije\u201c zvani\u010dno je otvorena na Belom dvoru pod pokroviteljstvom Njihovih Kraljevskih Viso\u010danstava Prestolonaslednika","robots":{"index":"index","follow":"follow","max-snippet":"max-snippet:-1","max-image-preview":"max-image-preview:large","max-video-preview":"max-video-preview:-1"},"canonical":"https:\/\/royalfamily.org\/lat\/manifestacija-24-sata-elegancije-otvorena-na-belom-dvoru\/","og_locale":"en_US","og_type":"article","og_title":"MANIFESTACIJA \u201e24 SATA ELEGANCIJE\u201c OTVORENA NA BELOM DVORU","og_description":"Manifestacija \u201e24 sata elegancije\u201c zvani\u010dno je otvorena na Belom dvoru pod pokroviteljstvom Njihovih Kraljevskih Viso\u010danstava Prestolonaslednika","og_url":"https:\/\/royalfamily.org\/lat\/manifestacija-24-sata-elegancije-otvorena-na-belom-dvoru\/","og_site_name":"The Royal Family of Serbia","article_publisher":"https:\/\/www.facebook.com\/Prestolonaslednik.Aleksandar","article_published_time":"2018-09-07T08:29:04+00:00","og_image":[{"width":1200,"height":568,"url":"https:\/\/royalfamily.org\/wp-content\/uploads\/2018\/09\/8F2A0563-740x350.jpg","type":"image\/jpeg"}],"author":"Stefan Milanovic","twitter_card":"summary_large_image","twitter_misc":{"Written by":"Stefan Milanovic","Est. reading time":"1 minute"},"schema":{"@context":"https:\/\/schema.org","@graph":[{"@type":"Article","@id":"https:\/\/royalfamily.org\/lat\/manifestacija-24-sata-elegancije-otvorena-na-belom-dvoru\/#article","isPartOf":{"@id":"https:\/\/royalfamily.org\/lat\/manifestacija-24-sata-elegancije-otvorena-na-belom-dvoru\/"},"author":{"name":"Stefan Milanovic","@id":"https:\/\/royalfamily.org\/#\/schema\/person\/4ad3296a6a8a35eed333b6a785e9f648"},"headline":"MANIFESTACIJA \u201e24 SATA ELEGANCIJE\u201c OTVORENA NA BELOM DVORU","datePublished":"2018-09-07T08:29:04+00:00","mainEntityOfPage":{"@id":"https:\/\/royalfamily.org\/lat\/manifestacija-24-sata-elegancije-otvorena-na-belom-dvoru\/"},"wordCount":252,"publisher":{"@id":"https:\/\/royalfamily.org\/#organization"},"image":{"@id":"https:\/\/royalfamily.org\/lat\/manifestacija-24-sata-elegancije-otvorena-na-belom-dvoru\/#primaryimage"},"thumbnailUrl":"https:\/\/royalfamily.org\/wp-content\/uploads\/2018\/09\/8F2A0563-740x350.jpg","articleSection":["Vesti"],"inLanguage":"sr-LT"},{"@type":"WebPage","@id":"https:\/\/royalfamily.org\/lat\/manifestacija-24-sata-elegancije-otvorena-na-belom-dvoru\/","url":"https:\/\/royalfamily.org\/lat\/manifestacija-24-sata-elegancije-otvorena-na-belom-dvoru\/","name":"MANIFESTACIJA \u201e24 SATA ELEGANCIJE\u201c OTVORENA NA BELOM DVORU - The Royal Family of Serbia","isPartOf":{"@id":"https:\/\/royalfamily.org\/#website"},"primaryImageOfPage":{"@id":"https:\/\/royalfamily.org\/lat\/manifestacija-24-sata-elegancije-otvorena-na-belom-dvoru\/#primaryimage"},"image":{"@id":"https:\/\/royalfamily.org\/lat\/manifestacija-24-sata-elegancije-otvorena-na-belom-dvoru\/#primaryimage"},"thumbnailUrl":"https:\/\/royalfamily.org\/wp-content\/uploads\/2018\/09\/8F2A0563-740x350.jpg","datePublished":"2018-09-07T08:29:04+00:00","description":"Manifestacija \u201e24 sata elegancije\u201c zvani\u010dno je otvorena na Belom dvoru pod pokroviteljstvom Njihovih Kraljevskih Viso\u010danstava Prestolonaslednika","breadcrumb":{"@id":"https:\/\/royalfamily.org\/lat\/manifestacija-24-sata-elegancije-otvorena-na-belom-dvoru\/#breadcrumb"},"inLanguage":"sr-LT","potentialAction":[{"@type":"ReadAction","target":["https:\/\/royalfamily.org\/lat\/manifestacija-24-sata-elegancije-otvorena-na-belom-dvoru\/"]}]},{"@type":"ImageObject","inLanguage":"sr-LT","@id":"https:\/\/royalfamily.org\/lat\/manifestacija-24-sata-elegancije-otvorena-na-belom-dvoru\/#primaryimage","url":"https:\/\/royalfamily.org\/wp-content\/uploads\/2018\/09\/8F2A0563-740x350.jpg","contentUrl":"https:\/\/royalfamily.org\/wp-content\/uploads\/2018\/09\/8F2A0563-740x350.jpg","width":1200,"height":568},{"@type":"BreadcrumbList","@id":"https:\/\/royalfamily.org\/lat\/manifestacija-24-sata-elegancije-otvorena-na-belom-dvoru\/#breadcrumb","itemListElement":[{"@type":"ListItem","position":1,"name":"Home","item":"https:\/\/royalfamily.org\/lat\/"},{"@type":"ListItem","position":2,"name":"MANIFESTACIJA \u201e24 SATA ELEGANCIJE\u201c OTVORENA NA BELOM DVORU"}]},{"@type":"WebSite","@id":"https:\/\/royalfamily.org\/#website","url":"https:\/\/royalfamily.org\/","name":"The Royal Family of Serbia","description":"From the people, for the people","publisher":{"@id":"https:\/\/royalfamily.org\/#organization"},"potentialAction":[{"@type":"SearchAction","target":{"@type":"EntryPoint","urlTemplate":"https:\/\/royalfamily.org\/?s={search_term_string}"},"query-input":{"@type":"PropertyValueSpecification","valueRequired":true,"valueName":"search_term_string"}}],"inLanguage":"sr-LT"},{"@type":"Organization","@id":"https:\/\/royalfamily.org\/#organization","name":"Royal Family","url":"https:\/\/royalfamily.org\/","logo":{"@type":"ImageObject","inLanguage":"sr-LT","@id":"https:\/\/royalfamily.org\/#\/schema\/logo\/image\/","url":"https:\/\/royalfamily.org\/wp-content\/uploads\/2019\/04\/logo-vector-02-V-latinica.png","contentUrl":"https:\/\/royalfamily.org\/wp-content\/uploads\/2019\/04\/logo-vector-02-V-latinica.png","width":552,"height":99,"caption":"Royal Family"},"image":{"@id":"https:\/\/royalfamily.org\/#\/schema\/logo\/image\/"},"sameAs":["https:\/\/www.facebook.com\/Prestolonaslednik.Aleksandar"]},{"@type":"Person","@id":"https:\/\/royalfamily.org\/#\/schema\/person\/4ad3296a6a8a35eed333b6a785e9f648","name":"Stefan Milanovic","image":{"@type":"ImageObject","inLanguage":"sr-LT","@id":"https:\/\/secure.gravatar.com\/avatar\/92dcbdcf3e32112a9ceb1e41665b1f44c69382d014cacfe12c701f6af7c40259?s=96&d=mm&r=g","url":"https:\/\/secure.gravatar.com\/avatar\/92dcbdcf3e32112a9ceb1e41665b1f44c69382d014cacfe12c701f6af7c40259?s=96&d=mm&r=g","contentUrl":"https:\/\/secure.gravatar.com\/avatar\/92dcbdcf3e32112a9ceb1e41665b1f44c69382d014cacfe12c701f6af7c40259?s=96&d=mm&r=g","caption":"Stefan Milanovic"}}]}},"_links":{"self":[{"href":"https:\/\/royalfamily.org\/lat\/wp-json\/wp\/v2\/posts\/39734","targetHints":{"allow":["GET"]}}],"collection":[{"href":"https:\/\/royalfamily.org\/lat\/wp-json\/wp\/v2\/posts"}],"about":[{"href":"https:\/\/royalfamily.org\/lat\/wp-json\/wp\/v2\/types\/post"}],"author":[{"embeddable":true,"href":"https:\/\/royalfamily.org\/lat\/wp-json\/wp\/v2\/users\/1001015"}],"replies":[{"embeddable":true,"href":"https:\/\/royalfamily.org\/lat\/wp-json\/wp\/v2\/comments?post=39734"}],"version-history":[{"count":0,"href":"https:\/\/royalfamily.org\/lat\/wp-json\/wp\/v2\/posts\/39734\/revisions"}],"wp:featuredmedia":[{"embeddable":true,"href":"https:\/\/royalfamily.org\/lat\/wp-json\/wp\/v2\/media\/39698"}],"wp:attachment":[{"href":"https:\/\/royalfamily.org\/lat\/wp-json\/wp\/v2\/media?parent=39734"}],"wp:term":[{"taxonomy":"category","embeddable":true,"href":"https:\/\/royalfamily.org\/lat\/wp-json\/wp\/v2\/categories?post=39734"},{"taxonomy":"post_tag","embeddable":true,"href":"https:\/\/royalfamily.org\/lat\/wp-json\/wp\/v2\/tags?post=39734"}],"curies":[{"name":"wp","href":"https:\/\/api.w.org\/{rel}","templated":true}]}}