{"id":39781,"date":"2018-09-12T07:14:17","date_gmt":"2018-09-12T07:14:17","guid":{"rendered":"https:\/\/royalfamily.org\/?p=39781"},"modified":"2018-09-12T07:14:17","modified_gmt":"2018-09-12T07:14:17","slug":"prestolonaslednik-aleksandar-svecano-urucio-stipendije-buducim-strucnjacima-za-informacione-tehnologije","status":"publish","type":"post","link":"https:\/\/royalfamily.org\/lat\/prestolonaslednik-aleksandar-svecano-urucio-stipendije-buducim-strucnjacima-za-informacione-tehnologije\/","title":{"rendered":"PRESTOLONASLEDNIK ALEKSANDAR SVE\u010cANO URU\u010cIO STIPENDIJE BUDU\u0106IM STRU\u010cNJACIMA ZA INFORMACIONE TEHNOLOGIJE"},"content":{"rendered":"<p>Fondacija Prestolonaslednika Aleksandra za obrazovanje i kulturu u saradnji sa \u201eIT Akademijom\u201c dodelila je 25 besplatnih \u0161kolovanja za budu\u0107e IT stru\u010dnjake, \u0111acima generacije sa teritorije Srbije i Republike Srpske.<\/p>\n<p>Vest o dodeli finansijske podr\u0161ke objavljena je u junu na sve\u010danom prijemu maturanata na Belom dvoru, a svi \u0111aci zainteresovani za jednogodi\u0161nje \u0161kolovanje slali su prijave i motivaciona pisma do 15. jula. U motivacionim pismima imali su zadatak da se predstave i opi\u0161u \u0161ta bi \u017eeleli da rade i na koji na\u010din planiraju da iskoriste nagradu za usavr\u0161avanje i napredovanje.<\/p>\n<p>\u201eVeoma mi je drago \u0161to drugu godinu zaredom \u2018Link grupa\u2019 i moja Fondacija za obrazovanje i kulturu nagra\u0111uju na\u0161e najbolje maturante. Svim dobitnicima stipendija jo\u0161 jednom \u010destitam na velikom uspehu u zavr\u0161enom srednjem obrazovanju. Nastavite da budete najbolji! Nastavite da budete vredni i u\u010dite celog \u017eivota. Moja fondacija \u0107e nastaviti da poma\u017ee na\u0161e mlade ljude\u201d, rekao je Prestolonaslednik Aleksandar.<\/p>\n<p>\u201eIT Academy\u201c, koju \u0107e budu\u0107i polaznici mo\u0107i da poha\u0111aju online \u2013 putem interneta, pomo\u0107u najsavremenije platforme za u\u010denje na daljinu, radi po zvani\u010dnom ovla\u0161\u0107enju ispitnog odeljenja Cambridge univerziteta i, pored znanja za najtra\u017eenije IT oblasti, svojim polaznicima obezbe\u0111uje i stru\u010dna Cambridge, Microsoft i Adobe zvanja.<\/p>\n<p>&nbsp;<\/p>\n\n\t\t<style type=\"text\/css\">\n\t\t\t#gallery-1 {\n\t\t\t\tmargin: auto;\n\t\t\t}\n\t\t\t#gallery-1 .gallery-item {\n\t\t\t\tfloat: left;\n\t\t\t\tmargin-top: 10px;\n\t\t\t\ttext-align: center;\n\t\t\t\twidth: 33%;\n\t\t\t}\n\t\t\t#gallery-1 img {\n\t\t\t\tborder: 2px solid #cfcfcf;\n\t\t\t}\n\t\t\t#gallery-1 .gallery-caption {\n\t\t\t\tmargin-left: 0;\n\t\t\t}\n\t\t\t\/* see gallery_shortcode() in wp-includes\/media.php *\/\n\t\t<\/style>\n\t\t<div id='gallery-1' class='gallery galleryid-39781 gallery-columns-3 gallery-size-thumbnail'><dl class='gallery-item'>\n\t\t\t<dt class='gallery-icon landscape'>\n\t\t\t\t<a data-rel=\"iLightbox[postimages]\" data-title=\"Nj.K.V. Prestolonaslednik Aleksandar\" data-caption=\"\" href='https:\/\/royalfamily.org\/wp-content\/uploads\/2018\/09\/8F2A0073m.jpg'><img decoding=\"async\" width=\"170\" height=\"120\" src=\"https:\/\/royalfamily.org\/wp-content\/uploads\/2018\/09\/8F2A0073m-170x120.jpg\" class=\"attachment-thumbnail size-thumbnail\" alt=\"\" \/><\/a>\n\t\t\t<\/dt><\/dl><dl class='gallery-item'>\n\t\t\t<dt class='gallery-icon landscape'>\n\t\t\t\t<a data-rel=\"iLightbox[postimages]\" data-title=\"G-din Nikola Suboti\u0107, g-din Valentin Kuleto, Nj.K.V. Prestolonaslednik Aleksandar i Biljana Tadi\u0107-Kuleto\" data-caption=\"\" href='https:\/\/royalfamily.org\/wp-content\/uploads\/2018\/09\/8F2A0002m.jpg'><img decoding=\"async\" width=\"170\" height=\"120\" src=\"https:\/\/royalfamily.org\/wp-content\/uploads\/2018\/09\/8F2A0002m-170x120.jpg\" class=\"attachment-thumbnail size-thumbnail\" alt=\"\" \/><\/a>\n\t\t\t<\/dt><\/dl><dl class='gallery-item'>\n\t\t\t<dt class='gallery-icon landscape'>\n\t\t\t\t<a data-rel=\"iLightbox[postimages]\" data-title=\"Sve\u010dana dodela stipendija na Belom dvoru\" data-caption=\"\" href='https:\/\/royalfamily.org\/wp-content\/uploads\/2018\/09\/8F2A0097m.jpg'><img decoding=\"async\" width=\"170\" height=\"120\" src=\"https:\/\/royalfamily.org\/wp-content\/uploads\/2018\/09\/8F2A0097m-170x120.jpg\" class=\"attachment-thumbnail size-thumbnail\" alt=\"\" \/><\/a>\n\t\t\t<\/dt><\/dl><br style=\"clear: both\" \/><dl class='gallery-item'>\n\t\t\t<dt class='gallery-icon landscape'>\n\t\t\t\t<a data-rel=\"iLightbox[postimages]\" data-title=\"Sve\u010dana dodela stipendija na Belom dvoru\" data-caption=\"\" href='https:\/\/royalfamily.org\/wp-content\/uploads\/2018\/09\/8F2A0112m.jpg'><img decoding=\"async\" width=\"170\" height=\"120\" src=\"https:\/\/royalfamily.org\/wp-content\/uploads\/2018\/09\/8F2A0112m-170x120.jpg\" class=\"attachment-thumbnail size-thumbnail\" alt=\"\" \/><\/a>\n\t\t\t<\/dt><\/dl><dl class='gallery-item'>\n\t\t\t<dt class='gallery-icon landscape'>\n\t\t\t\t<a data-rel=\"iLightbox[postimages]\" data-title=\"Sve\u010dana dodela stipendija na Belom dvoru\" data-caption=\"\" href='https:\/\/royalfamily.org\/wp-content\/uploads\/2018\/09\/8F2A0120m.jpg'><img decoding=\"async\" width=\"170\" height=\"120\" src=\"https:\/\/royalfamily.org\/wp-content\/uploads\/2018\/09\/8F2A0120m-170x120.jpg\" class=\"attachment-thumbnail size-thumbnail\" alt=\"\" \/><\/a>\n\t\t\t<\/dt><\/dl><dl class='gallery-item'>\n\t\t\t<dt class='gallery-icon landscape'>\n\t\t\t\t<a data-rel=\"iLightbox[postimages]\" data-title=\"Nj.K.V. Princeza Katarina i Prestolonaslednik Aleksandar i g-din Valentin Kuleto sa dobitnicima stipendija \u201eIT Akademije\u201c\" data-caption=\"\" href='https:\/\/royalfamily.org\/wp-content\/uploads\/2018\/09\/8F2A0154m.jpg'><img decoding=\"async\" width=\"170\" height=\"120\" src=\"https:\/\/royalfamily.org\/wp-content\/uploads\/2018\/09\/8F2A0154m-170x120.jpg\" class=\"attachment-thumbnail size-thumbnail\" alt=\"\" \/><\/a>\n\t\t\t<\/dt><\/dl><br style=\"clear: both\" \/><dl class='gallery-item'>\n\t\t\t<dt class='gallery-icon landscape'>\n\t\t\t\t<a data-rel=\"iLightbox[postimages]\" data-title=\"Nj.K.V. Princeza Katarina i Prestolonaslednik Aleksandar, g-din Valentin Kuleto i g-din Nikola Suboti\u0107 sa dobitnicima stipendija \u201eIT Akademije\u201c\" data-caption=\"\" href='https:\/\/royalfamily.org\/wp-content\/uploads\/2018\/09\/8F2A0162m.jpg'><img decoding=\"async\" width=\"170\" height=\"120\" src=\"https:\/\/royalfamily.org\/wp-content\/uploads\/2018\/09\/8F2A0162m-170x120.jpg\" class=\"attachment-thumbnail size-thumbnail\" alt=\"\" \/><\/a>\n\t\t\t<\/dt><\/dl>\n\t\t\t<br style='clear: both' \/>\n\t\t<\/div>\n\n","protected":false},"excerpt":{"rendered":"<p>Fondacija Prestolonaslednika Aleksandra za obrazovanje i kulturu u saradnji sa \u201eIT Akademijom\u201c dodelila je 25  [&#8230;]<\/p>\n","protected":false},"author":1001015,"featured_media":39757,"comment_status":"closed","ping_status":"closed","sticky":false,"template":"","format":"standard","meta":{"_acf_changed":false,"footnotes":""},"categories":[22],"tags":[],"class_list":["post-39781","post","type-post","status-publish","format-standard","has-post-thumbnail","hentry","category-vesti"],"acf":[],"yoast_head":"<!-- This site is optimized with the Yoast SEO Premium plugin v27.5 (Yoast SEO v27.5) - https:\/\/yoast.com\/product\/yoast-seo-premium-wordpress\/ -->\n<title>PRESTOLONASLEDNIK ALEKSANDAR SVE\u010cANO URU\u010cIO STIPENDIJE BUDU\u0106IM STRU\u010cNJACIMA ZA INFORMACIONE TEHNOLOGIJE - The Royal Family of Serbia<\/title>\n<meta name=\"description\" content=\"Fondacija Prestolonaslednika Aleksandra za obrazovanje i kulturu u saradnji sa \u201eIT Akademijom\u201c dodelila je 25 besplatnih \u0161kolovanja za budu\u0107e IT\" \/>\n<meta name=\"robots\" content=\"index, follow, max-snippet:-1, max-image-preview:large, max-video-preview:-1\" \/>\n<link rel=\"canonical\" href=\"https:\/\/royalfamily.org\/lat\/prestolonaslednik-aleksandar-svecano-urucio-stipendije-buducim-strucnjacima-za-informacione-tehnologije\/\" \/>\n<meta property=\"og:locale\" content=\"en_US\" \/>\n<meta property=\"og:type\" content=\"article\" \/>\n<meta property=\"og:title\" content=\"PRESTOLONASLEDNIK ALEKSANDAR SVE\u010cANO URU\u010cIO STIPENDIJE BUDU\u0106IM STRU\u010cNJACIMA ZA INFORMACIONE TEHNOLOGIJE\" \/>\n<meta property=\"og:description\" content=\"Fondacija Prestolonaslednika Aleksandra za obrazovanje i kulturu u saradnji sa \u201eIT Akademijom\u201c dodelila je 25 besplatnih \u0161kolovanja za budu\u0107e IT\" \/>\n<meta property=\"og:url\" content=\"https:\/\/royalfamily.org\/lat\/prestolonaslednik-aleksandar-svecano-urucio-stipendije-buducim-strucnjacima-za-informacione-tehnologije\/\" \/>\n<meta property=\"og:site_name\" content=\"The Royal Family of Serbia\" \/>\n<meta property=\"article:publisher\" content=\"https:\/\/www.facebook.com\/Prestolonaslednik.Aleksandar\" \/>\n<meta property=\"article:published_time\" content=\"2018-09-12T07:14:17+00:00\" \/>\n<meta property=\"og:image\" content=\"https:\/\/royalfamily.org\/wp-content\/uploads\/2018\/09\/8F2A0138m-740x350.jpg\" \/>\n\t<meta property=\"og:image:width\" content=\"1200\" \/>\n\t<meta property=\"og:image:height\" content=\"568\" \/>\n\t<meta property=\"og:image:type\" content=\"image\/jpeg\" \/>\n<meta name=\"author\" content=\"Stefan Milanovic\" \/>\n<meta name=\"twitter:card\" content=\"summary_large_image\" \/>\n<meta name=\"twitter:label1\" content=\"Written by\" \/>\n\t<meta name=\"twitter:data1\" content=\"Stefan Milanovic\" \/>\n\t<meta name=\"twitter:label2\" content=\"Est. reading time\" \/>\n\t<meta name=\"twitter:data2\" content=\"1 minute\" \/>\n<script type=\"application\/ld+json\" class=\"yoast-schema-graph\">{\"@context\":\"https:\\\/\\\/schema.org\",\"@graph\":[{\"@type\":\"Article\",\"@id\":\"https:\\\/\\\/royalfamily.org\\\/lat\\\/prestolonaslednik-aleksandar-svecano-urucio-stipendije-buducim-strucnjacima-za-informacione-tehnologije\\\/#article\",\"isPartOf\":{\"@id\":\"https:\\\/\\\/royalfamily.org\\\/lat\\\/prestolonaslednik-aleksandar-svecano-urucio-stipendije-buducim-strucnjacima-za-informacione-tehnologije\\\/\"},\"author\":{\"name\":\"Stefan Milanovic\",\"@id\":\"https:\\\/\\\/royalfamily.org\\\/#\\\/schema\\\/person\\\/4ad3296a6a8a35eed333b6a785e9f648\"},\"headline\":\"PRESTOLONASLEDNIK ALEKSANDAR SVE\u010cANO URU\u010cIO STIPENDIJE BUDU\u0106IM STRU\u010cNJACIMA ZA INFORMACIONE TEHNOLOGIJE\",\"datePublished\":\"2018-09-12T07:14:17+00:00\",\"mainEntityOfPage\":{\"@id\":\"https:\\\/\\\/royalfamily.org\\\/lat\\\/prestolonaslednik-aleksandar-svecano-urucio-stipendije-buducim-strucnjacima-za-informacione-tehnologije\\\/\"},\"wordCount\":233,\"publisher\":{\"@id\":\"https:\\\/\\\/royalfamily.org\\\/#organization\"},\"image\":{\"@id\":\"https:\\\/\\\/royalfamily.org\\\/lat\\\/prestolonaslednik-aleksandar-svecano-urucio-stipendije-buducim-strucnjacima-za-informacione-tehnologije\\\/#primaryimage\"},\"thumbnailUrl\":\"https:\\\/\\\/royalfamily.org\\\/wp-content\\\/uploads\\\/2018\\\/09\\\/8F2A0138m-740x350.jpg\",\"articleSection\":[\"Vesti\"],\"inLanguage\":\"sr-LT\"},{\"@type\":\"WebPage\",\"@id\":\"https:\\\/\\\/royalfamily.org\\\/lat\\\/prestolonaslednik-aleksandar-svecano-urucio-stipendije-buducim-strucnjacima-za-informacione-tehnologije\\\/\",\"url\":\"https:\\\/\\\/royalfamily.org\\\/lat\\\/prestolonaslednik-aleksandar-svecano-urucio-stipendije-buducim-strucnjacima-za-informacione-tehnologije\\\/\",\"name\":\"PRESTOLONASLEDNIK ALEKSANDAR SVE\u010cANO URU\u010cIO STIPENDIJE BUDU\u0106IM STRU\u010cNJACIMA ZA INFORMACIONE TEHNOLOGIJE - The Royal Family of Serbia\",\"isPartOf\":{\"@id\":\"https:\\\/\\\/royalfamily.org\\\/#website\"},\"primaryImageOfPage\":{\"@id\":\"https:\\\/\\\/royalfamily.org\\\/lat\\\/prestolonaslednik-aleksandar-svecano-urucio-stipendije-buducim-strucnjacima-za-informacione-tehnologije\\\/#primaryimage\"},\"image\":{\"@id\":\"https:\\\/\\\/royalfamily.org\\\/lat\\\/prestolonaslednik-aleksandar-svecano-urucio-stipendije-buducim-strucnjacima-za-informacione-tehnologije\\\/#primaryimage\"},\"thumbnailUrl\":\"https:\\\/\\\/royalfamily.org\\\/wp-content\\\/uploads\\\/2018\\\/09\\\/8F2A0138m-740x350.jpg\",\"datePublished\":\"2018-09-12T07:14:17+00:00\",\"description\":\"Fondacija Prestolonaslednika Aleksandra za obrazovanje i kulturu u saradnji sa \u201eIT Akademijom\u201c dodelila je 25 besplatnih \u0161kolovanja za budu\u0107e IT\",\"breadcrumb\":{\"@id\":\"https:\\\/\\\/royalfamily.org\\\/lat\\\/prestolonaslednik-aleksandar-svecano-urucio-stipendije-buducim-strucnjacima-za-informacione-tehnologije\\\/#breadcrumb\"},\"inLanguage\":\"sr-LT\",\"potentialAction\":[{\"@type\":\"ReadAction\",\"target\":[\"https:\\\/\\\/royalfamily.org\\\/lat\\\/prestolonaslednik-aleksandar-svecano-urucio-stipendije-buducim-strucnjacima-za-informacione-tehnologije\\\/\"]}]},{\"@type\":\"ImageObject\",\"inLanguage\":\"sr-LT\",\"@id\":\"https:\\\/\\\/royalfamily.org\\\/lat\\\/prestolonaslednik-aleksandar-svecano-urucio-stipendije-buducim-strucnjacima-za-informacione-tehnologije\\\/#primaryimage\",\"url\":\"https:\\\/\\\/royalfamily.org\\\/wp-content\\\/uploads\\\/2018\\\/09\\\/8F2A0138m-740x350.jpg\",\"contentUrl\":\"https:\\\/\\\/royalfamily.org\\\/wp-content\\\/uploads\\\/2018\\\/09\\\/8F2A0138m-740x350.jpg\",\"width\":1200,\"height\":568},{\"@type\":\"BreadcrumbList\",\"@id\":\"https:\\\/\\\/royalfamily.org\\\/lat\\\/prestolonaslednik-aleksandar-svecano-urucio-stipendije-buducim-strucnjacima-za-informacione-tehnologije\\\/#breadcrumb\",\"itemListElement\":[{\"@type\":\"ListItem\",\"position\":1,\"name\":\"Home\",\"item\":\"https:\\\/\\\/royalfamily.org\\\/lat\\\/\"},{\"@type\":\"ListItem\",\"position\":2,\"name\":\"PRESTOLONASLEDNIK ALEKSANDAR SVE\u010cANO URU\u010cIO STIPENDIJE BUDU\u0106IM STRU\u010cNJACIMA ZA INFORMACIONE TEHNOLOGIJE\"}]},{\"@type\":\"WebSite\",\"@id\":\"https:\\\/\\\/royalfamily.org\\\/#website\",\"url\":\"https:\\\/\\\/royalfamily.org\\\/\",\"name\":\"The Royal Family of Serbia\",\"description\":\"From the people, for the people\",\"publisher\":{\"@id\":\"https:\\\/\\\/royalfamily.org\\\/#organization\"},\"potentialAction\":[{\"@type\":\"SearchAction\",\"target\":{\"@type\":\"EntryPoint\",\"urlTemplate\":\"https:\\\/\\\/royalfamily.org\\\/?s={search_term_string}\"},\"query-input\":{\"@type\":\"PropertyValueSpecification\",\"valueRequired\":true,\"valueName\":\"search_term_string\"}}],\"inLanguage\":\"sr-LT\"},{\"@type\":\"Organization\",\"@id\":\"https:\\\/\\\/royalfamily.org\\\/#organization\",\"name\":\"Royal Family\",\"url\":\"https:\\\/\\\/royalfamily.org\\\/\",\"logo\":{\"@type\":\"ImageObject\",\"inLanguage\":\"sr-LT\",\"@id\":\"https:\\\/\\\/royalfamily.org\\\/#\\\/schema\\\/logo\\\/image\\\/\",\"url\":\"https:\\\/\\\/royalfamily.org\\\/wp-content\\\/uploads\\\/2019\\\/04\\\/logo-vector-02-V-latinica.png\",\"contentUrl\":\"https:\\\/\\\/royalfamily.org\\\/wp-content\\\/uploads\\\/2019\\\/04\\\/logo-vector-02-V-latinica.png\",\"width\":552,\"height\":99,\"caption\":\"Royal Family\"},\"image\":{\"@id\":\"https:\\\/\\\/royalfamily.org\\\/#\\\/schema\\\/logo\\\/image\\\/\"},\"sameAs\":[\"https:\\\/\\\/www.facebook.com\\\/Prestolonaslednik.Aleksandar\"]},{\"@type\":\"Person\",\"@id\":\"https:\\\/\\\/royalfamily.org\\\/#\\\/schema\\\/person\\\/4ad3296a6a8a35eed333b6a785e9f648\",\"name\":\"Stefan Milanovic\",\"image\":{\"@type\":\"ImageObject\",\"inLanguage\":\"sr-LT\",\"@id\":\"https:\\\/\\\/secure.gravatar.com\\\/avatar\\\/92dcbdcf3e32112a9ceb1e41665b1f44c69382d014cacfe12c701f6af7c40259?s=96&d=mm&r=g\",\"url\":\"https:\\\/\\\/secure.gravatar.com\\\/avatar\\\/92dcbdcf3e32112a9ceb1e41665b1f44c69382d014cacfe12c701f6af7c40259?s=96&d=mm&r=g\",\"contentUrl\":\"https:\\\/\\\/secure.gravatar.com\\\/avatar\\\/92dcbdcf3e32112a9ceb1e41665b1f44c69382d014cacfe12c701f6af7c40259?s=96&d=mm&r=g\",\"caption\":\"Stefan Milanovic\"}}]}<\/script>\n<!-- \/ Yoast SEO Premium plugin. -->","yoast_head_json":{"title":"PRESTOLONASLEDNIK ALEKSANDAR SVE\u010cANO URU\u010cIO STIPENDIJE BUDU\u0106IM STRU\u010cNJACIMA ZA INFORMACIONE TEHNOLOGIJE - The Royal Family of Serbia","description":"Fondacija Prestolonaslednika Aleksandra za obrazovanje i kulturu u saradnji sa \u201eIT Akademijom\u201c dodelila je 25 besplatnih \u0161kolovanja za budu\u0107e IT","robots":{"index":"index","follow":"follow","max-snippet":"max-snippet:-1","max-image-preview":"max-image-preview:large","max-video-preview":"max-video-preview:-1"},"canonical":"https:\/\/royalfamily.org\/lat\/prestolonaslednik-aleksandar-svecano-urucio-stipendije-buducim-strucnjacima-za-informacione-tehnologije\/","og_locale":"en_US","og_type":"article","og_title":"PRESTOLONASLEDNIK ALEKSANDAR SVE\u010cANO URU\u010cIO STIPENDIJE BUDU\u0106IM STRU\u010cNJACIMA ZA INFORMACIONE TEHNOLOGIJE","og_description":"Fondacija Prestolonaslednika Aleksandra za obrazovanje i kulturu u saradnji sa \u201eIT Akademijom\u201c dodelila je 25 besplatnih \u0161kolovanja za budu\u0107e IT","og_url":"https:\/\/royalfamily.org\/lat\/prestolonaslednik-aleksandar-svecano-urucio-stipendije-buducim-strucnjacima-za-informacione-tehnologije\/","og_site_name":"The Royal Family of Serbia","article_publisher":"https:\/\/www.facebook.com\/Prestolonaslednik.Aleksandar","article_published_time":"2018-09-12T07:14:17+00:00","og_image":[{"width":1200,"height":568,"url":"https:\/\/royalfamily.org\/wp-content\/uploads\/2018\/09\/8F2A0138m-740x350.jpg","type":"image\/jpeg"}],"author":"Stefan Milanovic","twitter_card":"summary_large_image","twitter_misc":{"Written by":"Stefan Milanovic","Est. reading time":"1 minute"},"schema":{"@context":"https:\/\/schema.org","@graph":[{"@type":"Article","@id":"https:\/\/royalfamily.org\/lat\/prestolonaslednik-aleksandar-svecano-urucio-stipendije-buducim-strucnjacima-za-informacione-tehnologije\/#article","isPartOf":{"@id":"https:\/\/royalfamily.org\/lat\/prestolonaslednik-aleksandar-svecano-urucio-stipendije-buducim-strucnjacima-za-informacione-tehnologije\/"},"author":{"name":"Stefan Milanovic","@id":"https:\/\/royalfamily.org\/#\/schema\/person\/4ad3296a6a8a35eed333b6a785e9f648"},"headline":"PRESTOLONASLEDNIK ALEKSANDAR SVE\u010cANO URU\u010cIO STIPENDIJE BUDU\u0106IM STRU\u010cNJACIMA ZA INFORMACIONE TEHNOLOGIJE","datePublished":"2018-09-12T07:14:17+00:00","mainEntityOfPage":{"@id":"https:\/\/royalfamily.org\/lat\/prestolonaslednik-aleksandar-svecano-urucio-stipendije-buducim-strucnjacima-za-informacione-tehnologije\/"},"wordCount":233,"publisher":{"@id":"https:\/\/royalfamily.org\/#organization"},"image":{"@id":"https:\/\/royalfamily.org\/lat\/prestolonaslednik-aleksandar-svecano-urucio-stipendije-buducim-strucnjacima-za-informacione-tehnologije\/#primaryimage"},"thumbnailUrl":"https:\/\/royalfamily.org\/wp-content\/uploads\/2018\/09\/8F2A0138m-740x350.jpg","articleSection":["Vesti"],"inLanguage":"sr-LT"},{"@type":"WebPage","@id":"https:\/\/royalfamily.org\/lat\/prestolonaslednik-aleksandar-svecano-urucio-stipendije-buducim-strucnjacima-za-informacione-tehnologije\/","url":"https:\/\/royalfamily.org\/lat\/prestolonaslednik-aleksandar-svecano-urucio-stipendije-buducim-strucnjacima-za-informacione-tehnologije\/","name":"PRESTOLONASLEDNIK ALEKSANDAR SVE\u010cANO URU\u010cIO STIPENDIJE BUDU\u0106IM STRU\u010cNJACIMA ZA INFORMACIONE TEHNOLOGIJE - The Royal Family of Serbia","isPartOf":{"@id":"https:\/\/royalfamily.org\/#website"},"primaryImageOfPage":{"@id":"https:\/\/royalfamily.org\/lat\/prestolonaslednik-aleksandar-svecano-urucio-stipendije-buducim-strucnjacima-za-informacione-tehnologije\/#primaryimage"},"image":{"@id":"https:\/\/royalfamily.org\/lat\/prestolonaslednik-aleksandar-svecano-urucio-stipendije-buducim-strucnjacima-za-informacione-tehnologije\/#primaryimage"},"thumbnailUrl":"https:\/\/royalfamily.org\/wp-content\/uploads\/2018\/09\/8F2A0138m-740x350.jpg","datePublished":"2018-09-12T07:14:17+00:00","description":"Fondacija Prestolonaslednika Aleksandra za obrazovanje i kulturu u saradnji sa \u201eIT Akademijom\u201c dodelila je 25 besplatnih \u0161kolovanja za budu\u0107e IT","breadcrumb":{"@id":"https:\/\/royalfamily.org\/lat\/prestolonaslednik-aleksandar-svecano-urucio-stipendije-buducim-strucnjacima-za-informacione-tehnologije\/#breadcrumb"},"inLanguage":"sr-LT","potentialAction":[{"@type":"ReadAction","target":["https:\/\/royalfamily.org\/lat\/prestolonaslednik-aleksandar-svecano-urucio-stipendije-buducim-strucnjacima-za-informacione-tehnologije\/"]}]},{"@type":"ImageObject","inLanguage":"sr-LT","@id":"https:\/\/royalfamily.org\/lat\/prestolonaslednik-aleksandar-svecano-urucio-stipendije-buducim-strucnjacima-za-informacione-tehnologije\/#primaryimage","url":"https:\/\/royalfamily.org\/wp-content\/uploads\/2018\/09\/8F2A0138m-740x350.jpg","contentUrl":"https:\/\/royalfamily.org\/wp-content\/uploads\/2018\/09\/8F2A0138m-740x350.jpg","width":1200,"height":568},{"@type":"BreadcrumbList","@id":"https:\/\/royalfamily.org\/lat\/prestolonaslednik-aleksandar-svecano-urucio-stipendije-buducim-strucnjacima-za-informacione-tehnologije\/#breadcrumb","itemListElement":[{"@type":"ListItem","position":1,"name":"Home","item":"https:\/\/royalfamily.org\/lat\/"},{"@type":"ListItem","position":2,"name":"PRESTOLONASLEDNIK ALEKSANDAR SVE\u010cANO URU\u010cIO STIPENDIJE BUDU\u0106IM STRU\u010cNJACIMA ZA INFORMACIONE TEHNOLOGIJE"}]},{"@type":"WebSite","@id":"https:\/\/royalfamily.org\/#website","url":"https:\/\/royalfamily.org\/","name":"The Royal Family of Serbia","description":"From the people, for the people","publisher":{"@id":"https:\/\/royalfamily.org\/#organization"},"potentialAction":[{"@type":"SearchAction","target":{"@type":"EntryPoint","urlTemplate":"https:\/\/royalfamily.org\/?s={search_term_string}"},"query-input":{"@type":"PropertyValueSpecification","valueRequired":true,"valueName":"search_term_string"}}],"inLanguage":"sr-LT"},{"@type":"Organization","@id":"https:\/\/royalfamily.org\/#organization","name":"Royal Family","url":"https:\/\/royalfamily.org\/","logo":{"@type":"ImageObject","inLanguage":"sr-LT","@id":"https:\/\/royalfamily.org\/#\/schema\/logo\/image\/","url":"https:\/\/royalfamily.org\/wp-content\/uploads\/2019\/04\/logo-vector-02-V-latinica.png","contentUrl":"https:\/\/royalfamily.org\/wp-content\/uploads\/2019\/04\/logo-vector-02-V-latinica.png","width":552,"height":99,"caption":"Royal Family"},"image":{"@id":"https:\/\/royalfamily.org\/#\/schema\/logo\/image\/"},"sameAs":["https:\/\/www.facebook.com\/Prestolonaslednik.Aleksandar"]},{"@type":"Person","@id":"https:\/\/royalfamily.org\/#\/schema\/person\/4ad3296a6a8a35eed333b6a785e9f648","name":"Stefan Milanovic","image":{"@type":"ImageObject","inLanguage":"sr-LT","@id":"https:\/\/secure.gravatar.com\/avatar\/92dcbdcf3e32112a9ceb1e41665b1f44c69382d014cacfe12c701f6af7c40259?s=96&d=mm&r=g","url":"https:\/\/secure.gravatar.com\/avatar\/92dcbdcf3e32112a9ceb1e41665b1f44c69382d014cacfe12c701f6af7c40259?s=96&d=mm&r=g","contentUrl":"https:\/\/secure.gravatar.com\/avatar\/92dcbdcf3e32112a9ceb1e41665b1f44c69382d014cacfe12c701f6af7c40259?s=96&d=mm&r=g","caption":"Stefan Milanovic"}}]}},"_links":{"self":[{"href":"https:\/\/royalfamily.org\/lat\/wp-json\/wp\/v2\/posts\/39781","targetHints":{"allow":["GET"]}}],"collection":[{"href":"https:\/\/royalfamily.org\/lat\/wp-json\/wp\/v2\/posts"}],"about":[{"href":"https:\/\/royalfamily.org\/lat\/wp-json\/wp\/v2\/types\/post"}],"author":[{"embeddable":true,"href":"https:\/\/royalfamily.org\/lat\/wp-json\/wp\/v2\/users\/1001015"}],"replies":[{"embeddable":true,"href":"https:\/\/royalfamily.org\/lat\/wp-json\/wp\/v2\/comments?post=39781"}],"version-history":[{"count":0,"href":"https:\/\/royalfamily.org\/lat\/wp-json\/wp\/v2\/posts\/39781\/revisions"}],"wp:featuredmedia":[{"embeddable":true,"href":"https:\/\/royalfamily.org\/lat\/wp-json\/wp\/v2\/media\/39757"}],"wp:attachment":[{"href":"https:\/\/royalfamily.org\/lat\/wp-json\/wp\/v2\/media?parent=39781"}],"wp:term":[{"taxonomy":"category","embeddable":true,"href":"https:\/\/royalfamily.org\/lat\/wp-json\/wp\/v2\/categories?post=39781"},{"taxonomy":"post_tag","embeddable":true,"href":"https:\/\/royalfamily.org\/lat\/wp-json\/wp\/v2\/tags?post=39781"}],"curies":[{"name":"wp","href":"https:\/\/api.w.org\/{rel}","templated":true}]}}