{"id":39809,"date":"2018-09-13T13:43:31","date_gmt":"2018-09-13T13:43:31","guid":{"rendered":"https:\/\/royalfamily.org\/?p=39809"},"modified":"2018-09-13T13:43:31","modified_gmt":"2018-09-13T13:43:31","slug":"princeza-katarina-na-otvaranju-xvi-festivala-stvaralastva-starijih-zlatno-doba","status":"publish","type":"post","link":"https:\/\/royalfamily.org\/lat\/princeza-katarina-na-otvaranju-xvi-festivala-stvaralastva-starijih-zlatno-doba\/","title":{"rendered":"PRINCEZA KATARINA NA OTVARANjU XVI FESTIVALA STVARALA\u0160TVA STARIJIH \u201eZLATNO DOBA\u201c"},"content":{"rendered":"<p>Njeno Kraljevsko Viso\u010danstvo Princeza Katarina obratila se na otvaranju XVI Festivala stvarala\u0161tva starijih \u201eZlatno doba\u201c koji se odr\u017eava pod sloganom \u201eNeka magija stvaranja po\u010dne!\u201c u Narodnom muzeju u Beogradu.<\/p>\n<p>\u201eRaduje me da ovaj festival ima tradiciju i da se uspe\u0161no odr\u017eava ve\u0107 \u0161esnaestu godinu. Drago mi je da odr\u017eavate svoju kreativnost i razvijate je tokom godina kroz muziku, pisanu re\u010d i slikanje. Trudili smo se da tokom sih ovih godina koliko postoji moja fondacija deo na\u0161ih aktivnosti posvetimo starijim ljudima. \u017delimo da vam ka\u017eemo da vas nismo zaboravili, da va\u0161a mudrost i \u017eivotno iskustvo treba da budu putokaz mladima. Moj suprug Prestolonaslednik Aleksandar i ja uvek \u0107emo se truditi da pomognemo sve gerontolo\u0161ke centre u Srbiji i da \u017eivot starijim ljudima u\u010dinimo lep\u0161im i veselijim. \u017delim vam da jo\u0161 dugo budete sre\u0107ni, veseli i da se i slede\u0107e godine sretnemo na jo\u0161 jednom festivalu\u201c, rekla je Princeza Katarina.<\/p>\n<p>Prisutne su pozdravili i g-\u0111a Suzana Mi\u0161i\u0107, direktorka Gerontolo\u0161kog centra Beograd, g-\u0111a Bojana Bori\u0107 Bre\u0161kovi\u0107, direktorka Narodnog muzeja, Nj.E. g-din Zoran \u0110or\u0111evi\u0107, ministar za rad, zapo\u0161ljavanje, bora\u010dka i socijalna pitanja i g-din Andreja Mladenovi\u0107, pomo\u0107nik gradona\u010delnika Beograda. Ovom prilikom uru\u010dene su i nagrade \u201eZlatni stih\u201c za pesni\u010dko stvarala\u0161tvo, za \u017eivotno delo i za humano novinarstvo, kao i \u201eIskorak\u201c, za iskazanu hrabrost u pomeranju granica postavljenih stereotipima.<\/p>\n<p>&nbsp;<\/p>\n\n\t\t<style type=\"text\/css\">\n\t\t\t#gallery-1 {\n\t\t\t\tmargin: auto;\n\t\t\t}\n\t\t\t#gallery-1 .gallery-item {\n\t\t\t\tfloat: left;\n\t\t\t\tmargin-top: 10px;\n\t\t\t\ttext-align: center;\n\t\t\t\twidth: 33%;\n\t\t\t}\n\t\t\t#gallery-1 img {\n\t\t\t\tborder: 2px solid #cfcfcf;\n\t\t\t}\n\t\t\t#gallery-1 .gallery-caption {\n\t\t\t\tmargin-left: 0;\n\t\t\t}\n\t\t\t\/* see gallery_shortcode() in wp-includes\/media.php *\/\n\t\t<\/style>\n\t\t<div id='gallery-1' class='gallery galleryid-39809 gallery-columns-3 gallery-size-thumbnail'><dl class='gallery-item'>\n\t\t\t<dt class='gallery-icon landscape'>\n\t\t\t\t<a data-rel=\"iLightbox[postimages]\" data-title=\"G-\u0111a Suzana Mi\u0161i\u0107, Nj.K.V. Princeza Katarina i jedna od pobednica\" data-caption=\"\" href='https:\/\/royalfamily.org\/wp-content\/uploads\/2018\/09\/8F2A0959.jpg'><img decoding=\"async\" width=\"170\" height=\"120\" src=\"https:\/\/royalfamily.org\/wp-content\/uploads\/2018\/09\/8F2A0959-170x120.jpg\" class=\"attachment-thumbnail size-thumbnail\" alt=\"\" \/><\/a>\n\t\t\t<\/dt><\/dl><dl class='gallery-item'>\n\t\t\t<dt class='gallery-icon landscape'>\n\t\t\t\t<a data-rel=\"iLightbox[postimages]\" data-title=\"Nj.K.V. Princeza Katarina na otvaranju festivala \u201eZlatno doba\u201c\" data-caption=\"\" href='https:\/\/royalfamily.org\/wp-content\/uploads\/2018\/09\/8F2A0927.jpg'><img decoding=\"async\" width=\"170\" height=\"120\" src=\"https:\/\/royalfamily.org\/wp-content\/uploads\/2018\/09\/8F2A0927-170x120.jpg\" class=\"attachment-thumbnail size-thumbnail\" alt=\"\" \/><\/a>\n\t\t\t<\/dt><\/dl><dl class='gallery-item'>\n\t\t\t<dt class='gallery-icon landscape'>\n\t\t\t\t<a data-rel=\"iLightbox[postimages]\" data-title=\"Nj.K.V. Princeza Katarina na otvaranju festivala \u201eZlatno doba\u201c\" data-caption=\"\" href='https:\/\/royalfamily.org\/wp-content\/uploads\/2018\/09\/8F2A0901.jpg'><img decoding=\"async\" width=\"170\" height=\"120\" src=\"https:\/\/royalfamily.org\/wp-content\/uploads\/2018\/09\/8F2A0901-170x120.jpg\" class=\"attachment-thumbnail size-thumbnail\" alt=\"\" \/><\/a>\n\t\t\t<\/dt><\/dl><br style=\"clear: both\" \/><dl class='gallery-item'>\n\t\t\t<dt class='gallery-icon landscape'>\n\t\t\t\t<a data-rel=\"iLightbox[postimages]\" data-title=\"Nj.K.V. Princeza Katarina sa ministrom \u0110or\u0111evi\u0107em, g-\u0111om Suzanom Mi\u0161i\u0107 i g-dinom Andrejom Mladenovi\u0107em\" data-caption=\"\" href='https:\/\/royalfamily.org\/wp-content\/uploads\/2018\/09\/8F2A0866.jpg'><img decoding=\"async\" width=\"170\" height=\"120\" src=\"https:\/\/royalfamily.org\/wp-content\/uploads\/2018\/09\/8F2A0866-170x120.jpg\" class=\"attachment-thumbnail size-thumbnail\" alt=\"\" \/><\/a>\n\t\t\t<\/dt><\/dl><dl class='gallery-item'>\n\t\t\t<dt class='gallery-icon landscape'>\n\t\t\t\t<a data-rel=\"iLightbox[postimages]\" data-title=\"Nj.K.V. Princeza Katarina na otvaranju festivala \u201eZlatno doba\u201c\" data-caption=\"\" href='https:\/\/royalfamily.org\/wp-content\/uploads\/2018\/09\/8F2A1017.jpg'><img decoding=\"async\" width=\"170\" height=\"120\" src=\"https:\/\/royalfamily.org\/wp-content\/uploads\/2018\/09\/8F2A1017-170x120.jpg\" class=\"attachment-thumbnail size-thumbnail\" alt=\"\" \/><\/a>\n\t\t\t<\/dt><\/dl>\n\t\t\t<br style='clear: both' \/>\n\t\t<\/div>\n\n","protected":false},"excerpt":{"rendered":"<p>Njeno Kraljevsko Viso\u010danstvo Princeza Katarina obratila se na otvaranju XVI Festivala stvarala\u0161tva starijih \u201eZlatno doba\u201c  [&#8230;]<\/p>\n","protected":false},"author":1001015,"featured_media":39791,"comment_status":"closed","ping_status":"closed","sticky":false,"template":"","format":"standard","meta":{"_acf_changed":false,"footnotes":""},"categories":[22],"tags":[],"class_list":["post-39809","post","type-post","status-publish","format-standard","has-post-thumbnail","hentry","category-vesti"],"acf":[],"yoast_head":"<!-- This site is optimized with the Yoast SEO Premium plugin v27.5 (Yoast SEO v27.5) - https:\/\/yoast.com\/product\/yoast-seo-premium-wordpress\/ -->\n<title>PRINCEZA KATARINA NA OTVARANjU XVI FESTIVALA STVARALA\u0160TVA STARIJIH \u201eZLATNO DOBA\u201c - The Royal Family of Serbia<\/title>\n<meta name=\"description\" content=\"Njeno Kraljevsko Viso\u010danstvo Princeza Katarina obratila se na otvaranju XVI Festivala stvarala\u0161tva starijih \u201eZlatno doba\u201c koji se odr\u017eava pod sloganom\" \/>\n<meta name=\"robots\" content=\"index, follow, max-snippet:-1, max-image-preview:large, max-video-preview:-1\" \/>\n<link rel=\"canonical\" href=\"https:\/\/royalfamily.org\/lat\/princeza-katarina-na-otvaranju-xvi-festivala-stvaralastva-starijih-zlatno-doba\/\" \/>\n<meta property=\"og:locale\" content=\"en_US\" \/>\n<meta property=\"og:type\" content=\"article\" \/>\n<meta property=\"og:title\" content=\"PRINCEZA KATARINA NA OTVARANjU XVI FESTIVALA STVARALA\u0160TVA STARIJIH \u201eZLATNO DOBA\u201c\" \/>\n<meta property=\"og:description\" content=\"Njeno Kraljevsko Viso\u010danstvo Princeza Katarina obratila se na otvaranju XVI Festivala stvarala\u0161tva starijih \u201eZlatno doba\u201c koji se odr\u017eava pod sloganom\" \/>\n<meta property=\"og:url\" content=\"https:\/\/royalfamily.org\/lat\/princeza-katarina-na-otvaranju-xvi-festivala-stvaralastva-starijih-zlatno-doba\/\" \/>\n<meta property=\"og:site_name\" content=\"The Royal Family of Serbia\" \/>\n<meta property=\"article:publisher\" content=\"https:\/\/www.facebook.com\/Prestolonaslednik.Aleksandar\" \/>\n<meta property=\"article:published_time\" content=\"2018-09-13T13:43:31+00:00\" \/>\n<meta property=\"og:image\" content=\"https:\/\/royalfamily.org\/wp-content\/uploads\/2018\/09\/8F2A0991-740x350.jpg\" \/>\n\t<meta property=\"og:image:width\" content=\"1200\" \/>\n\t<meta property=\"og:image:height\" content=\"568\" \/>\n\t<meta property=\"og:image:type\" content=\"image\/jpeg\" \/>\n<meta name=\"author\" content=\"Stefan Milanovic\" \/>\n<meta name=\"twitter:card\" content=\"summary_large_image\" \/>\n<meta name=\"twitter:label1\" content=\"Written by\" \/>\n\t<meta name=\"twitter:data1\" content=\"Stefan Milanovic\" \/>\n\t<meta name=\"twitter:label2\" content=\"Est. reading time\" \/>\n\t<meta name=\"twitter:data2\" content=\"1 minute\" \/>\n<script type=\"application\/ld+json\" class=\"yoast-schema-graph\">{\"@context\":\"https:\\\/\\\/schema.org\",\"@graph\":[{\"@type\":\"Article\",\"@id\":\"https:\\\/\\\/royalfamily.org\\\/lat\\\/princeza-katarina-na-otvaranju-xvi-festivala-stvaralastva-starijih-zlatno-doba\\\/#article\",\"isPartOf\":{\"@id\":\"https:\\\/\\\/royalfamily.org\\\/lat\\\/princeza-katarina-na-otvaranju-xvi-festivala-stvaralastva-starijih-zlatno-doba\\\/\"},\"author\":{\"name\":\"Stefan Milanovic\",\"@id\":\"https:\\\/\\\/royalfamily.org\\\/#\\\/schema\\\/person\\\/4ad3296a6a8a35eed333b6a785e9f648\"},\"headline\":\"PRINCEZA KATARINA NA OTVARANjU XVI FESTIVALA STVARALA\u0160TVA STARIJIH \u201eZLATNO DOBA\u201c\",\"datePublished\":\"2018-09-13T13:43:31+00:00\",\"mainEntityOfPage\":{\"@id\":\"https:\\\/\\\/royalfamily.org\\\/lat\\\/princeza-katarina-na-otvaranju-xvi-festivala-stvaralastva-starijih-zlatno-doba\\\/\"},\"wordCount\":259,\"publisher\":{\"@id\":\"https:\\\/\\\/royalfamily.org\\\/#organization\"},\"image\":{\"@id\":\"https:\\\/\\\/royalfamily.org\\\/lat\\\/princeza-katarina-na-otvaranju-xvi-festivala-stvaralastva-starijih-zlatno-doba\\\/#primaryimage\"},\"thumbnailUrl\":\"https:\\\/\\\/royalfamily.org\\\/wp-content\\\/uploads\\\/2018\\\/09\\\/8F2A0991-740x350.jpg\",\"articleSection\":[\"Vesti\"],\"inLanguage\":\"sr-LT\"},{\"@type\":\"WebPage\",\"@id\":\"https:\\\/\\\/royalfamily.org\\\/lat\\\/princeza-katarina-na-otvaranju-xvi-festivala-stvaralastva-starijih-zlatno-doba\\\/\",\"url\":\"https:\\\/\\\/royalfamily.org\\\/lat\\\/princeza-katarina-na-otvaranju-xvi-festivala-stvaralastva-starijih-zlatno-doba\\\/\",\"name\":\"PRINCEZA KATARINA NA OTVARANjU XVI FESTIVALA STVARALA\u0160TVA STARIJIH \u201eZLATNO DOBA\u201c - The Royal Family of Serbia\",\"isPartOf\":{\"@id\":\"https:\\\/\\\/royalfamily.org\\\/#website\"},\"primaryImageOfPage\":{\"@id\":\"https:\\\/\\\/royalfamily.org\\\/lat\\\/princeza-katarina-na-otvaranju-xvi-festivala-stvaralastva-starijih-zlatno-doba\\\/#primaryimage\"},\"image\":{\"@id\":\"https:\\\/\\\/royalfamily.org\\\/lat\\\/princeza-katarina-na-otvaranju-xvi-festivala-stvaralastva-starijih-zlatno-doba\\\/#primaryimage\"},\"thumbnailUrl\":\"https:\\\/\\\/royalfamily.org\\\/wp-content\\\/uploads\\\/2018\\\/09\\\/8F2A0991-740x350.jpg\",\"datePublished\":\"2018-09-13T13:43:31+00:00\",\"description\":\"Njeno Kraljevsko Viso\u010danstvo Princeza Katarina obratila se na otvaranju XVI Festivala stvarala\u0161tva starijih \u201eZlatno doba\u201c koji se odr\u017eava pod sloganom\",\"breadcrumb\":{\"@id\":\"https:\\\/\\\/royalfamily.org\\\/lat\\\/princeza-katarina-na-otvaranju-xvi-festivala-stvaralastva-starijih-zlatno-doba\\\/#breadcrumb\"},\"inLanguage\":\"sr-LT\",\"potentialAction\":[{\"@type\":\"ReadAction\",\"target\":[\"https:\\\/\\\/royalfamily.org\\\/lat\\\/princeza-katarina-na-otvaranju-xvi-festivala-stvaralastva-starijih-zlatno-doba\\\/\"]}]},{\"@type\":\"ImageObject\",\"inLanguage\":\"sr-LT\",\"@id\":\"https:\\\/\\\/royalfamily.org\\\/lat\\\/princeza-katarina-na-otvaranju-xvi-festivala-stvaralastva-starijih-zlatno-doba\\\/#primaryimage\",\"url\":\"https:\\\/\\\/royalfamily.org\\\/wp-content\\\/uploads\\\/2018\\\/09\\\/8F2A0991-740x350.jpg\",\"contentUrl\":\"https:\\\/\\\/royalfamily.org\\\/wp-content\\\/uploads\\\/2018\\\/09\\\/8F2A0991-740x350.jpg\",\"width\":1200,\"height\":568},{\"@type\":\"BreadcrumbList\",\"@id\":\"https:\\\/\\\/royalfamily.org\\\/lat\\\/princeza-katarina-na-otvaranju-xvi-festivala-stvaralastva-starijih-zlatno-doba\\\/#breadcrumb\",\"itemListElement\":[{\"@type\":\"ListItem\",\"position\":1,\"name\":\"Home\",\"item\":\"https:\\\/\\\/royalfamily.org\\\/lat\\\/\"},{\"@type\":\"ListItem\",\"position\":2,\"name\":\"PRINCEZA KATARINA NA OTVARANjU XVI FESTIVALA STVARALA\u0160TVA STARIJIH \u201eZLATNO DOBA\u201c\"}]},{\"@type\":\"WebSite\",\"@id\":\"https:\\\/\\\/royalfamily.org\\\/#website\",\"url\":\"https:\\\/\\\/royalfamily.org\\\/\",\"name\":\"The Royal Family of Serbia\",\"description\":\"From the people, for the people\",\"publisher\":{\"@id\":\"https:\\\/\\\/royalfamily.org\\\/#organization\"},\"potentialAction\":[{\"@type\":\"SearchAction\",\"target\":{\"@type\":\"EntryPoint\",\"urlTemplate\":\"https:\\\/\\\/royalfamily.org\\\/?s={search_term_string}\"},\"query-input\":{\"@type\":\"PropertyValueSpecification\",\"valueRequired\":true,\"valueName\":\"search_term_string\"}}],\"inLanguage\":\"sr-LT\"},{\"@type\":\"Organization\",\"@id\":\"https:\\\/\\\/royalfamily.org\\\/#organization\",\"name\":\"Royal Family\",\"url\":\"https:\\\/\\\/royalfamily.org\\\/\",\"logo\":{\"@type\":\"ImageObject\",\"inLanguage\":\"sr-LT\",\"@id\":\"https:\\\/\\\/royalfamily.org\\\/#\\\/schema\\\/logo\\\/image\\\/\",\"url\":\"https:\\\/\\\/royalfamily.org\\\/wp-content\\\/uploads\\\/2019\\\/04\\\/logo-vector-02-V-latinica.png\",\"contentUrl\":\"https:\\\/\\\/royalfamily.org\\\/wp-content\\\/uploads\\\/2019\\\/04\\\/logo-vector-02-V-latinica.png\",\"width\":552,\"height\":99,\"caption\":\"Royal Family\"},\"image\":{\"@id\":\"https:\\\/\\\/royalfamily.org\\\/#\\\/schema\\\/logo\\\/image\\\/\"},\"sameAs\":[\"https:\\\/\\\/www.facebook.com\\\/Prestolonaslednik.Aleksandar\"]},{\"@type\":\"Person\",\"@id\":\"https:\\\/\\\/royalfamily.org\\\/#\\\/schema\\\/person\\\/4ad3296a6a8a35eed333b6a785e9f648\",\"name\":\"Stefan Milanovic\",\"image\":{\"@type\":\"ImageObject\",\"inLanguage\":\"sr-LT\",\"@id\":\"https:\\\/\\\/secure.gravatar.com\\\/avatar\\\/92dcbdcf3e32112a9ceb1e41665b1f44c69382d014cacfe12c701f6af7c40259?s=96&d=mm&r=g\",\"url\":\"https:\\\/\\\/secure.gravatar.com\\\/avatar\\\/92dcbdcf3e32112a9ceb1e41665b1f44c69382d014cacfe12c701f6af7c40259?s=96&d=mm&r=g\",\"contentUrl\":\"https:\\\/\\\/secure.gravatar.com\\\/avatar\\\/92dcbdcf3e32112a9ceb1e41665b1f44c69382d014cacfe12c701f6af7c40259?s=96&d=mm&r=g\",\"caption\":\"Stefan Milanovic\"}}]}<\/script>\n<!-- \/ Yoast SEO Premium plugin. -->","yoast_head_json":{"title":"PRINCEZA KATARINA NA OTVARANjU XVI FESTIVALA STVARALA\u0160TVA STARIJIH \u201eZLATNO DOBA\u201c - The Royal Family of Serbia","description":"Njeno Kraljevsko Viso\u010danstvo Princeza Katarina obratila se na otvaranju XVI Festivala stvarala\u0161tva starijih \u201eZlatno doba\u201c koji se odr\u017eava pod sloganom","robots":{"index":"index","follow":"follow","max-snippet":"max-snippet:-1","max-image-preview":"max-image-preview:large","max-video-preview":"max-video-preview:-1"},"canonical":"https:\/\/royalfamily.org\/lat\/princeza-katarina-na-otvaranju-xvi-festivala-stvaralastva-starijih-zlatno-doba\/","og_locale":"en_US","og_type":"article","og_title":"PRINCEZA KATARINA NA OTVARANjU XVI FESTIVALA STVARALA\u0160TVA STARIJIH \u201eZLATNO DOBA\u201c","og_description":"Njeno Kraljevsko Viso\u010danstvo Princeza Katarina obratila se na otvaranju XVI Festivala stvarala\u0161tva starijih \u201eZlatno doba\u201c koji se odr\u017eava pod sloganom","og_url":"https:\/\/royalfamily.org\/lat\/princeza-katarina-na-otvaranju-xvi-festivala-stvaralastva-starijih-zlatno-doba\/","og_site_name":"The Royal Family of Serbia","article_publisher":"https:\/\/www.facebook.com\/Prestolonaslednik.Aleksandar","article_published_time":"2018-09-13T13:43:31+00:00","og_image":[{"width":1200,"height":568,"url":"https:\/\/royalfamily.org\/wp-content\/uploads\/2018\/09\/8F2A0991-740x350.jpg","type":"image\/jpeg"}],"author":"Stefan Milanovic","twitter_card":"summary_large_image","twitter_misc":{"Written by":"Stefan Milanovic","Est. reading time":"1 minute"},"schema":{"@context":"https:\/\/schema.org","@graph":[{"@type":"Article","@id":"https:\/\/royalfamily.org\/lat\/princeza-katarina-na-otvaranju-xvi-festivala-stvaralastva-starijih-zlatno-doba\/#article","isPartOf":{"@id":"https:\/\/royalfamily.org\/lat\/princeza-katarina-na-otvaranju-xvi-festivala-stvaralastva-starijih-zlatno-doba\/"},"author":{"name":"Stefan Milanovic","@id":"https:\/\/royalfamily.org\/#\/schema\/person\/4ad3296a6a8a35eed333b6a785e9f648"},"headline":"PRINCEZA KATARINA NA OTVARANjU XVI FESTIVALA STVARALA\u0160TVA STARIJIH \u201eZLATNO DOBA\u201c","datePublished":"2018-09-13T13:43:31+00:00","mainEntityOfPage":{"@id":"https:\/\/royalfamily.org\/lat\/princeza-katarina-na-otvaranju-xvi-festivala-stvaralastva-starijih-zlatno-doba\/"},"wordCount":259,"publisher":{"@id":"https:\/\/royalfamily.org\/#organization"},"image":{"@id":"https:\/\/royalfamily.org\/lat\/princeza-katarina-na-otvaranju-xvi-festivala-stvaralastva-starijih-zlatno-doba\/#primaryimage"},"thumbnailUrl":"https:\/\/royalfamily.org\/wp-content\/uploads\/2018\/09\/8F2A0991-740x350.jpg","articleSection":["Vesti"],"inLanguage":"sr-LT"},{"@type":"WebPage","@id":"https:\/\/royalfamily.org\/lat\/princeza-katarina-na-otvaranju-xvi-festivala-stvaralastva-starijih-zlatno-doba\/","url":"https:\/\/royalfamily.org\/lat\/princeza-katarina-na-otvaranju-xvi-festivala-stvaralastva-starijih-zlatno-doba\/","name":"PRINCEZA KATARINA NA OTVARANjU XVI FESTIVALA STVARALA\u0160TVA STARIJIH \u201eZLATNO DOBA\u201c - The Royal Family of Serbia","isPartOf":{"@id":"https:\/\/royalfamily.org\/#website"},"primaryImageOfPage":{"@id":"https:\/\/royalfamily.org\/lat\/princeza-katarina-na-otvaranju-xvi-festivala-stvaralastva-starijih-zlatno-doba\/#primaryimage"},"image":{"@id":"https:\/\/royalfamily.org\/lat\/princeza-katarina-na-otvaranju-xvi-festivala-stvaralastva-starijih-zlatno-doba\/#primaryimage"},"thumbnailUrl":"https:\/\/royalfamily.org\/wp-content\/uploads\/2018\/09\/8F2A0991-740x350.jpg","datePublished":"2018-09-13T13:43:31+00:00","description":"Njeno Kraljevsko Viso\u010danstvo Princeza Katarina obratila se na otvaranju XVI Festivala stvarala\u0161tva starijih \u201eZlatno doba\u201c koji se odr\u017eava pod sloganom","breadcrumb":{"@id":"https:\/\/royalfamily.org\/lat\/princeza-katarina-na-otvaranju-xvi-festivala-stvaralastva-starijih-zlatno-doba\/#breadcrumb"},"inLanguage":"sr-LT","potentialAction":[{"@type":"ReadAction","target":["https:\/\/royalfamily.org\/lat\/princeza-katarina-na-otvaranju-xvi-festivala-stvaralastva-starijih-zlatno-doba\/"]}]},{"@type":"ImageObject","inLanguage":"sr-LT","@id":"https:\/\/royalfamily.org\/lat\/princeza-katarina-na-otvaranju-xvi-festivala-stvaralastva-starijih-zlatno-doba\/#primaryimage","url":"https:\/\/royalfamily.org\/wp-content\/uploads\/2018\/09\/8F2A0991-740x350.jpg","contentUrl":"https:\/\/royalfamily.org\/wp-content\/uploads\/2018\/09\/8F2A0991-740x350.jpg","width":1200,"height":568},{"@type":"BreadcrumbList","@id":"https:\/\/royalfamily.org\/lat\/princeza-katarina-na-otvaranju-xvi-festivala-stvaralastva-starijih-zlatno-doba\/#breadcrumb","itemListElement":[{"@type":"ListItem","position":1,"name":"Home","item":"https:\/\/royalfamily.org\/lat\/"},{"@type":"ListItem","position":2,"name":"PRINCEZA KATARINA NA OTVARANjU XVI FESTIVALA STVARALA\u0160TVA STARIJIH \u201eZLATNO DOBA\u201c"}]},{"@type":"WebSite","@id":"https:\/\/royalfamily.org\/#website","url":"https:\/\/royalfamily.org\/","name":"The Royal Family of Serbia","description":"From the people, for the people","publisher":{"@id":"https:\/\/royalfamily.org\/#organization"},"potentialAction":[{"@type":"SearchAction","target":{"@type":"EntryPoint","urlTemplate":"https:\/\/royalfamily.org\/?s={search_term_string}"},"query-input":{"@type":"PropertyValueSpecification","valueRequired":true,"valueName":"search_term_string"}}],"inLanguage":"sr-LT"},{"@type":"Organization","@id":"https:\/\/royalfamily.org\/#organization","name":"Royal Family","url":"https:\/\/royalfamily.org\/","logo":{"@type":"ImageObject","inLanguage":"sr-LT","@id":"https:\/\/royalfamily.org\/#\/schema\/logo\/image\/","url":"https:\/\/royalfamily.org\/wp-content\/uploads\/2019\/04\/logo-vector-02-V-latinica.png","contentUrl":"https:\/\/royalfamily.org\/wp-content\/uploads\/2019\/04\/logo-vector-02-V-latinica.png","width":552,"height":99,"caption":"Royal Family"},"image":{"@id":"https:\/\/royalfamily.org\/#\/schema\/logo\/image\/"},"sameAs":["https:\/\/www.facebook.com\/Prestolonaslednik.Aleksandar"]},{"@type":"Person","@id":"https:\/\/royalfamily.org\/#\/schema\/person\/4ad3296a6a8a35eed333b6a785e9f648","name":"Stefan Milanovic","image":{"@type":"ImageObject","inLanguage":"sr-LT","@id":"https:\/\/secure.gravatar.com\/avatar\/92dcbdcf3e32112a9ceb1e41665b1f44c69382d014cacfe12c701f6af7c40259?s=96&d=mm&r=g","url":"https:\/\/secure.gravatar.com\/avatar\/92dcbdcf3e32112a9ceb1e41665b1f44c69382d014cacfe12c701f6af7c40259?s=96&d=mm&r=g","contentUrl":"https:\/\/secure.gravatar.com\/avatar\/92dcbdcf3e32112a9ceb1e41665b1f44c69382d014cacfe12c701f6af7c40259?s=96&d=mm&r=g","caption":"Stefan Milanovic"}}]}},"_links":{"self":[{"href":"https:\/\/royalfamily.org\/lat\/wp-json\/wp\/v2\/posts\/39809","targetHints":{"allow":["GET"]}}],"collection":[{"href":"https:\/\/royalfamily.org\/lat\/wp-json\/wp\/v2\/posts"}],"about":[{"href":"https:\/\/royalfamily.org\/lat\/wp-json\/wp\/v2\/types\/post"}],"author":[{"embeddable":true,"href":"https:\/\/royalfamily.org\/lat\/wp-json\/wp\/v2\/users\/1001015"}],"replies":[{"embeddable":true,"href":"https:\/\/royalfamily.org\/lat\/wp-json\/wp\/v2\/comments?post=39809"}],"version-history":[{"count":0,"href":"https:\/\/royalfamily.org\/lat\/wp-json\/wp\/v2\/posts\/39809\/revisions"}],"wp:featuredmedia":[{"embeddable":true,"href":"https:\/\/royalfamily.org\/lat\/wp-json\/wp\/v2\/media\/39791"}],"wp:attachment":[{"href":"https:\/\/royalfamily.org\/lat\/wp-json\/wp\/v2\/media?parent=39809"}],"wp:term":[{"taxonomy":"category","embeddable":true,"href":"https:\/\/royalfamily.org\/lat\/wp-json\/wp\/v2\/categories?post=39809"},{"taxonomy":"post_tag","embeddable":true,"href":"https:\/\/royalfamily.org\/lat\/wp-json\/wp\/v2\/tags?post=39809"}],"curies":[{"name":"wp","href":"https:\/\/api.w.org\/{rel}","templated":true}]}}