{"id":39849,"date":"2018-09-18T07:40:50","date_gmt":"2018-09-18T07:40:50","guid":{"rendered":"https:\/\/royalfamily.org\/?p=39849"},"modified":"2018-09-18T07:40:50","modified_gmt":"2018-09-18T07:40:50","slug":"vece-medunarodne-kuhinje-u-belom-dvoru","status":"publish","type":"post","link":"https:\/\/royalfamily.org\/lat\/vece-medunarodne-kuhinje-u-belom-dvoru\/","title":{"rendered":"VE\u010cE ME\u0110UNARODNE KUHINjE U BELOM DVORU"},"content":{"rendered":"<p>Nj.K.V. Prestolonaslednik Aleksandar i Princeza Katarina i k\u0107erka Njihovih Kraljevskih Viso\u010danstava Alison priredili su ve\u010deru me\u0111unarodne kuhinje za predstavnike diplomatskog kora u Belom dvoru na Dedinju. Njihovim Kraljevskim Viso\u010danstvima pridru\u017eio se i Nj.K.V. Princ Mihailo od Jugoslavije.<\/p>\n<p>Tradicionalno, \u010dlanovi diplomatskih misija predstavili su svoja nacionalna jela i pi\u0107a, kao i kulinarske obi\u010daje specifi\u010dne za regione iz kojih dolaze.<\/p>\n<p>Ukusni specijaliteti, najfinije arome i rasko\u0161no postavljeni stolovi, jo\u0161 jednom su predstavili Beli Dvor kao raskr\u0161\u0107e mnogih kultura, tradicija, ukusa i raznolikosti. Prestolonaslednik Aleksandar je pozdravio goste i istakao da su takve ve\u010dere \u201eputovanje oko sveta u minijaturi\u201c, jer kroz iskustvo nacionalnih jela i pi\u0107a upoznajemo obi\u010daje zemlje njihovog porekla.<\/p>\n<p>Prisutni su tako\u0111e imali priliku da u\u017eivaju u srpskim narodnim igrama u izvo\u0111enju Kulturno umetni\u010dkog dru\u0161ta Gradimir.<\/p>\n<p>Teletina \u201cTaine\u201d sa karamelizovanim \u0161ljivama iz Maroka, Brazilska salata \u201c Salpikao\u201d sa piletinom, haringa ispod sa\u010da iz Rusije i pita od aronije i badema iz \u0160vedske su samo neki od specijaliteta koji su bili poslu\u017eeni u Kraljevskoj trpezariji. Nakon jela, kafa uvek dobro do\u0111e, a gosti su imali priliku da probaju espreso, filter i doma\u0107u kafu kompanije \u201eBean and Leaf\u201c, pripremljenu od najboljih zrna.<\/p>\n<p>Ve\u010deri su prisustvovali mnogi uva\u017eeni gosti, uklju\u010duju\u0107i NJ.E. g-din Nikolaus Luteroti, ambasador Austrije, NJ.E. g-\u0111a Izabela Kristina de Azevedo Hejvert, ambasador Brazila, NJ.E. g-\u0111a Katlin \u010caba, ambasador Kanade, NJ.E. g-din Sem Fabrici, ambasador Evropske komisije u Srbiji, NJ.E. g-din Toma\u0161 Kuhta, ambasador \u010ce\u0161ke Republike, NJ.E. g-din Jan Erik Mikael Lundin, ambasador \u0160vedske, NJ.E. g-din Lazar Mirki\u0107, ambasador Bosne i Hercegovine, NJ.E. g-din Radko Todorov Vlaikov, ambasador Bugarske, NJ.E. g-din Muhamed Amin Belhaj, ambasador Maroka,NJ.E. g-din Gustavo Trista del Todo, ambasador Kube, NJ.E. g-din Ezeldin Fahmi Mahmud Fahmi, ambasador Egipta, NJ.E. g-din Toma\u0161 Kuhta, ambasador \u010ce\u0161ke Republike, NJ.E. g-din Subrata Bata\u010dard\u017ei, ambasador Indije.<\/p>\n<p>Pre ve\u010dere je na Belom Dvoru sve\u010dano otvorena izlo\u017eba fotografija \u201eKraljevska pisma\u201c.<\/p>\n<p>&nbsp;<\/p>\n\n\t\t<style type=\"text\/css\">\n\t\t\t#gallery-1 {\n\t\t\t\tmargin: auto;\n\t\t\t}\n\t\t\t#gallery-1 .gallery-item {\n\t\t\t\tfloat: left;\n\t\t\t\tmargin-top: 10px;\n\t\t\t\ttext-align: center;\n\t\t\t\twidth: 33%;\n\t\t\t}\n\t\t\t#gallery-1 img {\n\t\t\t\tborder: 2px solid #cfcfcf;\n\t\t\t}\n\t\t\t#gallery-1 .gallery-caption {\n\t\t\t\tmargin-left: 0;\n\t\t\t}\n\t\t\t\/* see gallery_shortcode() in wp-includes\/media.php *\/\n\t\t<\/style>\n\t\t<div id='gallery-1' class='gallery galleryid-39849 gallery-columns-3 gallery-size-thumbnail'><dl class='gallery-item'>\n\t\t\t<dt class='gallery-icon landscape'>\n\t\t\t\t<a data-rel=\"iLightbox[postimages]\" data-title=\"Nastup KUD &#8220;Gradimir&#8221; na ve\u010deri me\u0111unarodne kuhinje\" data-caption=\"\" href='https:\/\/royalfamily.org\/wp-content\/uploads\/2018\/09\/8F2A0168m.jpg'><img decoding=\"async\" width=\"170\" height=\"120\" src=\"https:\/\/royalfamily.org\/wp-content\/uploads\/2018\/09\/8F2A0168m-170x120.jpg\" class=\"attachment-thumbnail size-thumbnail\" alt=\"\" \/><\/a>\n\t\t\t<\/dt><\/dl><dl class='gallery-item'>\n\t\t\t<dt class='gallery-icon landscape'>\n\t\t\t\t<a data-rel=\"iLightbox[postimages]\" data-title=\"Nj.K.V. Prestolonaslednik Aleksandar Kara\u0111or\u0111evi\u0107 sa Nj.K.V. Princom Mihailom od Jugoslavije na izlozbi &#8220;Karaljevska pisma&#8221; na ve\u010deri me\u0111unarodne kuhinje\" data-caption=\"\" href='https:\/\/royalfamily.org\/wp-content\/uploads\/2018\/09\/8F2A0100m.jpg'><img decoding=\"async\" width=\"170\" height=\"120\" src=\"https:\/\/royalfamily.org\/wp-content\/uploads\/2018\/09\/8F2A0100m-170x120.jpg\" class=\"attachment-thumbnail size-thumbnail\" alt=\"\" \/><\/a>\n\t\t\t<\/dt><\/dl><dl class='gallery-item'>\n\t\t\t<dt class='gallery-icon landscape'>\n\t\t\t\t<a data-rel=\"iLightbox[postimages]\" data-title=\"Postavka izlo\u017ebe &#8220;Kraljevska pisma&#8221; na ve\u010deri me\u0111unarodne kuhinje\" data-caption=\"\" href='https:\/\/royalfamily.org\/wp-content\/uploads\/2018\/09\/8F2A9975m.jpg'><img decoding=\"async\" width=\"170\" height=\"120\" src=\"https:\/\/royalfamily.org\/wp-content\/uploads\/2018\/09\/8F2A9975m-170x120.jpg\" class=\"attachment-thumbnail size-thumbnail\" alt=\"\" \/><\/a>\n\t\t\t<\/dt><\/dl><br style=\"clear: both\" \/><dl class='gallery-item'>\n\t\t\t<dt class='gallery-icon landscape'>\n\t\t\t\t<a data-rel=\"iLightbox[postimages]\" data-title=\"Ve\u010de me\u0111unarodne kuhinje\" data-caption=\"\" href='https:\/\/royalfamily.org\/wp-content\/uploads\/2018\/09\/8F2A0306m.jpg'><img decoding=\"async\" width=\"170\" height=\"120\" src=\"https:\/\/royalfamily.org\/wp-content\/uploads\/2018\/09\/8F2A0306m-170x120.jpg\" class=\"attachment-thumbnail size-thumbnail\" alt=\"\" \/><\/a>\n\t\t\t<\/dt><\/dl><dl class='gallery-item'>\n\t\t\t<dt class='gallery-icon landscape'>\n\t\t\t\t<a data-rel=\"iLightbox[postimages]\" data-title=\"Njihova Kraljevska Viso\u010danstva sa diplomatskim korom na ve\u010deri me\u0111unarodne kuhinje\" data-caption=\"\" href='https:\/\/royalfamily.org\/wp-content\/uploads\/2018\/09\/8F2A0202m.jpg'><img decoding=\"async\" width=\"170\" height=\"120\" src=\"https:\/\/royalfamily.org\/wp-content\/uploads\/2018\/09\/8F2A0202m-170x120.jpg\" class=\"attachment-thumbnail size-thumbnail\" alt=\"\" \/><\/a>\n\t\t\t<\/dt><\/dl>\n\t\t\t<br style='clear: both' \/>\n\t\t<\/div>\n\n","protected":false},"excerpt":{"rendered":"<p>Nj.K.V. Prestolonaslednik Aleksandar i Princeza Katarina i k\u0107erka Njihovih Kraljevskih Viso\u010danstava Alison priredili su ve\u010deru  [&#8230;]<\/p>\n","protected":false},"author":1001015,"featured_media":39831,"comment_status":"closed","ping_status":"closed","sticky":false,"template":"","format":"standard","meta":{"_acf_changed":false,"footnotes":""},"categories":[22],"tags":[],"class_list":["post-39849","post","type-post","status-publish","format-standard","has-post-thumbnail","hentry","category-vesti"],"acf":[],"yoast_head":"<!-- This site is optimized with the Yoast SEO Premium plugin v27.5 (Yoast SEO v27.5) - https:\/\/yoast.com\/product\/yoast-seo-premium-wordpress\/ -->\n<title>VE\u010cE ME\u0110UNARODNE KUHINjE U BELOM DVORU - The Royal Family of Serbia<\/title>\n<meta name=\"description\" content=\"Nj.K.V. Prestolonaslednik Aleksandar i Princeza Katarina i k\u0107erka Njihovih Kraljevskih Viso\u010danstava Alison priredili su ve\u010deru me\u0111unarodne kuhinje za\" \/>\n<meta name=\"robots\" content=\"index, follow, max-snippet:-1, max-image-preview:large, max-video-preview:-1\" \/>\n<link rel=\"canonical\" href=\"https:\/\/royalfamily.org\/lat\/vece-medunarodne-kuhinje-u-belom-dvoru\/\" \/>\n<meta property=\"og:locale\" content=\"en_US\" \/>\n<meta property=\"og:type\" content=\"article\" \/>\n<meta property=\"og:title\" content=\"VE\u010cE ME\u0110UNARODNE KUHINjE U BELOM DVORU\" \/>\n<meta property=\"og:description\" content=\"Nj.K.V. Prestolonaslednik Aleksandar i Princeza Katarina i k\u0107erka Njihovih Kraljevskih Viso\u010danstava Alison priredili su ve\u010deru me\u0111unarodne kuhinje za\" \/>\n<meta property=\"og:url\" content=\"https:\/\/royalfamily.org\/lat\/vece-medunarodne-kuhinje-u-belom-dvoru\/\" \/>\n<meta property=\"og:site_name\" content=\"The Royal Family of Serbia\" \/>\n<meta property=\"article:publisher\" content=\"https:\/\/www.facebook.com\/Prestolonaslednik.Aleksandar\" \/>\n<meta property=\"article:published_time\" content=\"2018-09-18T07:40:50+00:00\" \/>\n<meta property=\"og:image\" content=\"https:\/\/royalfamily.org\/wp-content\/uploads\/2018\/09\/8F2A0238m-740x350.jpg\" \/>\n\t<meta property=\"og:image:width\" content=\"1200\" \/>\n\t<meta property=\"og:image:height\" content=\"568\" \/>\n\t<meta property=\"og:image:type\" content=\"image\/jpeg\" \/>\n<meta name=\"author\" content=\"Stefan Milanovic\" \/>\n<meta name=\"twitter:card\" content=\"summary_large_image\" \/>\n<meta name=\"twitter:label1\" content=\"Written by\" \/>\n\t<meta name=\"twitter:data1\" content=\"Stefan Milanovic\" \/>\n\t<meta name=\"twitter:label2\" content=\"Est. reading time\" \/>\n\t<meta name=\"twitter:data2\" content=\"2 minutes\" \/>\n<script type=\"application\/ld+json\" class=\"yoast-schema-graph\">{\"@context\":\"https:\\\/\\\/schema.org\",\"@graph\":[{\"@type\":\"Article\",\"@id\":\"https:\\\/\\\/royalfamily.org\\\/lat\\\/vece-medunarodne-kuhinje-u-belom-dvoru\\\/#article\",\"isPartOf\":{\"@id\":\"https:\\\/\\\/royalfamily.org\\\/lat\\\/vece-medunarodne-kuhinje-u-belom-dvoru\\\/\"},\"author\":{\"name\":\"Stefan Milanovic\",\"@id\":\"https:\\\/\\\/royalfamily.org\\\/#\\\/schema\\\/person\\\/4ad3296a6a8a35eed333b6a785e9f648\"},\"headline\":\"VE\u010cE ME\u0110UNARODNE KUHINjE U BELOM DVORU\",\"datePublished\":\"2018-09-18T07:40:50+00:00\",\"mainEntityOfPage\":{\"@id\":\"https:\\\/\\\/royalfamily.org\\\/lat\\\/vece-medunarodne-kuhinje-u-belom-dvoru\\\/\"},\"wordCount\":369,\"publisher\":{\"@id\":\"https:\\\/\\\/royalfamily.org\\\/#organization\"},\"image\":{\"@id\":\"https:\\\/\\\/royalfamily.org\\\/lat\\\/vece-medunarodne-kuhinje-u-belom-dvoru\\\/#primaryimage\"},\"thumbnailUrl\":\"https:\\\/\\\/royalfamily.org\\\/wp-content\\\/uploads\\\/2018\\\/09\\\/8F2A0238m-740x350.jpg\",\"articleSection\":[\"Vesti\"],\"inLanguage\":\"sr-LT\"},{\"@type\":\"WebPage\",\"@id\":\"https:\\\/\\\/royalfamily.org\\\/lat\\\/vece-medunarodne-kuhinje-u-belom-dvoru\\\/\",\"url\":\"https:\\\/\\\/royalfamily.org\\\/lat\\\/vece-medunarodne-kuhinje-u-belom-dvoru\\\/\",\"name\":\"VE\u010cE ME\u0110UNARODNE KUHINjE U BELOM DVORU - The Royal Family of Serbia\",\"isPartOf\":{\"@id\":\"https:\\\/\\\/royalfamily.org\\\/#website\"},\"primaryImageOfPage\":{\"@id\":\"https:\\\/\\\/royalfamily.org\\\/lat\\\/vece-medunarodne-kuhinje-u-belom-dvoru\\\/#primaryimage\"},\"image\":{\"@id\":\"https:\\\/\\\/royalfamily.org\\\/lat\\\/vece-medunarodne-kuhinje-u-belom-dvoru\\\/#primaryimage\"},\"thumbnailUrl\":\"https:\\\/\\\/royalfamily.org\\\/wp-content\\\/uploads\\\/2018\\\/09\\\/8F2A0238m-740x350.jpg\",\"datePublished\":\"2018-09-18T07:40:50+00:00\",\"description\":\"Nj.K.V. Prestolonaslednik Aleksandar i Princeza Katarina i k\u0107erka Njihovih Kraljevskih Viso\u010danstava Alison priredili su ve\u010deru me\u0111unarodne kuhinje za\",\"breadcrumb\":{\"@id\":\"https:\\\/\\\/royalfamily.org\\\/lat\\\/vece-medunarodne-kuhinje-u-belom-dvoru\\\/#breadcrumb\"},\"inLanguage\":\"sr-LT\",\"potentialAction\":[{\"@type\":\"ReadAction\",\"target\":[\"https:\\\/\\\/royalfamily.org\\\/lat\\\/vece-medunarodne-kuhinje-u-belom-dvoru\\\/\"]}]},{\"@type\":\"ImageObject\",\"inLanguage\":\"sr-LT\",\"@id\":\"https:\\\/\\\/royalfamily.org\\\/lat\\\/vece-medunarodne-kuhinje-u-belom-dvoru\\\/#primaryimage\",\"url\":\"https:\\\/\\\/royalfamily.org\\\/wp-content\\\/uploads\\\/2018\\\/09\\\/8F2A0238m-740x350.jpg\",\"contentUrl\":\"https:\\\/\\\/royalfamily.org\\\/wp-content\\\/uploads\\\/2018\\\/09\\\/8F2A0238m-740x350.jpg\",\"width\":1200,\"height\":568},{\"@type\":\"BreadcrumbList\",\"@id\":\"https:\\\/\\\/royalfamily.org\\\/lat\\\/vece-medunarodne-kuhinje-u-belom-dvoru\\\/#breadcrumb\",\"itemListElement\":[{\"@type\":\"ListItem\",\"position\":1,\"name\":\"Home\",\"item\":\"https:\\\/\\\/royalfamily.org\\\/lat\\\/\"},{\"@type\":\"ListItem\",\"position\":2,\"name\":\"VE\u010cE ME\u0110UNARODNE KUHINjE U BELOM DVORU\"}]},{\"@type\":\"WebSite\",\"@id\":\"https:\\\/\\\/royalfamily.org\\\/#website\",\"url\":\"https:\\\/\\\/royalfamily.org\\\/\",\"name\":\"The Royal Family of Serbia\",\"description\":\"From the people, for the people\",\"publisher\":{\"@id\":\"https:\\\/\\\/royalfamily.org\\\/#organization\"},\"potentialAction\":[{\"@type\":\"SearchAction\",\"target\":{\"@type\":\"EntryPoint\",\"urlTemplate\":\"https:\\\/\\\/royalfamily.org\\\/?s={search_term_string}\"},\"query-input\":{\"@type\":\"PropertyValueSpecification\",\"valueRequired\":true,\"valueName\":\"search_term_string\"}}],\"inLanguage\":\"sr-LT\"},{\"@type\":\"Organization\",\"@id\":\"https:\\\/\\\/royalfamily.org\\\/#organization\",\"name\":\"Royal Family\",\"url\":\"https:\\\/\\\/royalfamily.org\\\/\",\"logo\":{\"@type\":\"ImageObject\",\"inLanguage\":\"sr-LT\",\"@id\":\"https:\\\/\\\/royalfamily.org\\\/#\\\/schema\\\/logo\\\/image\\\/\",\"url\":\"https:\\\/\\\/royalfamily.org\\\/wp-content\\\/uploads\\\/2019\\\/04\\\/logo-vector-02-V-latinica.png\",\"contentUrl\":\"https:\\\/\\\/royalfamily.org\\\/wp-content\\\/uploads\\\/2019\\\/04\\\/logo-vector-02-V-latinica.png\",\"width\":552,\"height\":99,\"caption\":\"Royal Family\"},\"image\":{\"@id\":\"https:\\\/\\\/royalfamily.org\\\/#\\\/schema\\\/logo\\\/image\\\/\"},\"sameAs\":[\"https:\\\/\\\/www.facebook.com\\\/Prestolonaslednik.Aleksandar\"]},{\"@type\":\"Person\",\"@id\":\"https:\\\/\\\/royalfamily.org\\\/#\\\/schema\\\/person\\\/4ad3296a6a8a35eed333b6a785e9f648\",\"name\":\"Stefan Milanovic\",\"image\":{\"@type\":\"ImageObject\",\"inLanguage\":\"sr-LT\",\"@id\":\"https:\\\/\\\/secure.gravatar.com\\\/avatar\\\/92dcbdcf3e32112a9ceb1e41665b1f44c69382d014cacfe12c701f6af7c40259?s=96&d=mm&r=g\",\"url\":\"https:\\\/\\\/secure.gravatar.com\\\/avatar\\\/92dcbdcf3e32112a9ceb1e41665b1f44c69382d014cacfe12c701f6af7c40259?s=96&d=mm&r=g\",\"contentUrl\":\"https:\\\/\\\/secure.gravatar.com\\\/avatar\\\/92dcbdcf3e32112a9ceb1e41665b1f44c69382d014cacfe12c701f6af7c40259?s=96&d=mm&r=g\",\"caption\":\"Stefan Milanovic\"}}]}<\/script>\n<!-- \/ Yoast SEO Premium plugin. -->","yoast_head_json":{"title":"VE\u010cE ME\u0110UNARODNE KUHINjE U BELOM DVORU - The Royal Family of Serbia","description":"Nj.K.V. Prestolonaslednik Aleksandar i Princeza Katarina i k\u0107erka Njihovih Kraljevskih Viso\u010danstava Alison priredili su ve\u010deru me\u0111unarodne kuhinje za","robots":{"index":"index","follow":"follow","max-snippet":"max-snippet:-1","max-image-preview":"max-image-preview:large","max-video-preview":"max-video-preview:-1"},"canonical":"https:\/\/royalfamily.org\/lat\/vece-medunarodne-kuhinje-u-belom-dvoru\/","og_locale":"en_US","og_type":"article","og_title":"VE\u010cE ME\u0110UNARODNE KUHINjE U BELOM DVORU","og_description":"Nj.K.V. Prestolonaslednik Aleksandar i Princeza Katarina i k\u0107erka Njihovih Kraljevskih Viso\u010danstava Alison priredili su ve\u010deru me\u0111unarodne kuhinje za","og_url":"https:\/\/royalfamily.org\/lat\/vece-medunarodne-kuhinje-u-belom-dvoru\/","og_site_name":"The Royal Family of Serbia","article_publisher":"https:\/\/www.facebook.com\/Prestolonaslednik.Aleksandar","article_published_time":"2018-09-18T07:40:50+00:00","og_image":[{"width":1200,"height":568,"url":"https:\/\/royalfamily.org\/wp-content\/uploads\/2018\/09\/8F2A0238m-740x350.jpg","type":"image\/jpeg"}],"author":"Stefan Milanovic","twitter_card":"summary_large_image","twitter_misc":{"Written by":"Stefan Milanovic","Est. reading time":"2 minutes"},"schema":{"@context":"https:\/\/schema.org","@graph":[{"@type":"Article","@id":"https:\/\/royalfamily.org\/lat\/vece-medunarodne-kuhinje-u-belom-dvoru\/#article","isPartOf":{"@id":"https:\/\/royalfamily.org\/lat\/vece-medunarodne-kuhinje-u-belom-dvoru\/"},"author":{"name":"Stefan Milanovic","@id":"https:\/\/royalfamily.org\/#\/schema\/person\/4ad3296a6a8a35eed333b6a785e9f648"},"headline":"VE\u010cE ME\u0110UNARODNE KUHINjE U BELOM DVORU","datePublished":"2018-09-18T07:40:50+00:00","mainEntityOfPage":{"@id":"https:\/\/royalfamily.org\/lat\/vece-medunarodne-kuhinje-u-belom-dvoru\/"},"wordCount":369,"publisher":{"@id":"https:\/\/royalfamily.org\/#organization"},"image":{"@id":"https:\/\/royalfamily.org\/lat\/vece-medunarodne-kuhinje-u-belom-dvoru\/#primaryimage"},"thumbnailUrl":"https:\/\/royalfamily.org\/wp-content\/uploads\/2018\/09\/8F2A0238m-740x350.jpg","articleSection":["Vesti"],"inLanguage":"sr-LT"},{"@type":"WebPage","@id":"https:\/\/royalfamily.org\/lat\/vece-medunarodne-kuhinje-u-belom-dvoru\/","url":"https:\/\/royalfamily.org\/lat\/vece-medunarodne-kuhinje-u-belom-dvoru\/","name":"VE\u010cE ME\u0110UNARODNE KUHINjE U BELOM DVORU - The Royal Family of Serbia","isPartOf":{"@id":"https:\/\/royalfamily.org\/#website"},"primaryImageOfPage":{"@id":"https:\/\/royalfamily.org\/lat\/vece-medunarodne-kuhinje-u-belom-dvoru\/#primaryimage"},"image":{"@id":"https:\/\/royalfamily.org\/lat\/vece-medunarodne-kuhinje-u-belom-dvoru\/#primaryimage"},"thumbnailUrl":"https:\/\/royalfamily.org\/wp-content\/uploads\/2018\/09\/8F2A0238m-740x350.jpg","datePublished":"2018-09-18T07:40:50+00:00","description":"Nj.K.V. Prestolonaslednik Aleksandar i Princeza Katarina i k\u0107erka Njihovih Kraljevskih Viso\u010danstava Alison priredili su ve\u010deru me\u0111unarodne kuhinje za","breadcrumb":{"@id":"https:\/\/royalfamily.org\/lat\/vece-medunarodne-kuhinje-u-belom-dvoru\/#breadcrumb"},"inLanguage":"sr-LT","potentialAction":[{"@type":"ReadAction","target":["https:\/\/royalfamily.org\/lat\/vece-medunarodne-kuhinje-u-belom-dvoru\/"]}]},{"@type":"ImageObject","inLanguage":"sr-LT","@id":"https:\/\/royalfamily.org\/lat\/vece-medunarodne-kuhinje-u-belom-dvoru\/#primaryimage","url":"https:\/\/royalfamily.org\/wp-content\/uploads\/2018\/09\/8F2A0238m-740x350.jpg","contentUrl":"https:\/\/royalfamily.org\/wp-content\/uploads\/2018\/09\/8F2A0238m-740x350.jpg","width":1200,"height":568},{"@type":"BreadcrumbList","@id":"https:\/\/royalfamily.org\/lat\/vece-medunarodne-kuhinje-u-belom-dvoru\/#breadcrumb","itemListElement":[{"@type":"ListItem","position":1,"name":"Home","item":"https:\/\/royalfamily.org\/lat\/"},{"@type":"ListItem","position":2,"name":"VE\u010cE ME\u0110UNARODNE KUHINjE U BELOM DVORU"}]},{"@type":"WebSite","@id":"https:\/\/royalfamily.org\/#website","url":"https:\/\/royalfamily.org\/","name":"The Royal Family of Serbia","description":"From the people, for the people","publisher":{"@id":"https:\/\/royalfamily.org\/#organization"},"potentialAction":[{"@type":"SearchAction","target":{"@type":"EntryPoint","urlTemplate":"https:\/\/royalfamily.org\/?s={search_term_string}"},"query-input":{"@type":"PropertyValueSpecification","valueRequired":true,"valueName":"search_term_string"}}],"inLanguage":"sr-LT"},{"@type":"Organization","@id":"https:\/\/royalfamily.org\/#organization","name":"Royal Family","url":"https:\/\/royalfamily.org\/","logo":{"@type":"ImageObject","inLanguage":"sr-LT","@id":"https:\/\/royalfamily.org\/#\/schema\/logo\/image\/","url":"https:\/\/royalfamily.org\/wp-content\/uploads\/2019\/04\/logo-vector-02-V-latinica.png","contentUrl":"https:\/\/royalfamily.org\/wp-content\/uploads\/2019\/04\/logo-vector-02-V-latinica.png","width":552,"height":99,"caption":"Royal Family"},"image":{"@id":"https:\/\/royalfamily.org\/#\/schema\/logo\/image\/"},"sameAs":["https:\/\/www.facebook.com\/Prestolonaslednik.Aleksandar"]},{"@type":"Person","@id":"https:\/\/royalfamily.org\/#\/schema\/person\/4ad3296a6a8a35eed333b6a785e9f648","name":"Stefan Milanovic","image":{"@type":"ImageObject","inLanguage":"sr-LT","@id":"https:\/\/secure.gravatar.com\/avatar\/92dcbdcf3e32112a9ceb1e41665b1f44c69382d014cacfe12c701f6af7c40259?s=96&d=mm&r=g","url":"https:\/\/secure.gravatar.com\/avatar\/92dcbdcf3e32112a9ceb1e41665b1f44c69382d014cacfe12c701f6af7c40259?s=96&d=mm&r=g","contentUrl":"https:\/\/secure.gravatar.com\/avatar\/92dcbdcf3e32112a9ceb1e41665b1f44c69382d014cacfe12c701f6af7c40259?s=96&d=mm&r=g","caption":"Stefan Milanovic"}}]}},"_links":{"self":[{"href":"https:\/\/royalfamily.org\/lat\/wp-json\/wp\/v2\/posts\/39849","targetHints":{"allow":["GET"]}}],"collection":[{"href":"https:\/\/royalfamily.org\/lat\/wp-json\/wp\/v2\/posts"}],"about":[{"href":"https:\/\/royalfamily.org\/lat\/wp-json\/wp\/v2\/types\/post"}],"author":[{"embeddable":true,"href":"https:\/\/royalfamily.org\/lat\/wp-json\/wp\/v2\/users\/1001015"}],"replies":[{"embeddable":true,"href":"https:\/\/royalfamily.org\/lat\/wp-json\/wp\/v2\/comments?post=39849"}],"version-history":[{"count":0,"href":"https:\/\/royalfamily.org\/lat\/wp-json\/wp\/v2\/posts\/39849\/revisions"}],"wp:featuredmedia":[{"embeddable":true,"href":"https:\/\/royalfamily.org\/lat\/wp-json\/wp\/v2\/media\/39831"}],"wp:attachment":[{"href":"https:\/\/royalfamily.org\/lat\/wp-json\/wp\/v2\/media?parent=39849"}],"wp:term":[{"taxonomy":"category","embeddable":true,"href":"https:\/\/royalfamily.org\/lat\/wp-json\/wp\/v2\/categories?post=39849"},{"taxonomy":"post_tag","embeddable":true,"href":"https:\/\/royalfamily.org\/lat\/wp-json\/wp\/v2\/tags?post=39849"}],"curies":[{"name":"wp","href":"https:\/\/api.w.org\/{rel}","templated":true}]}}