{"id":57991,"date":"2020-05-04T15:27:20","date_gmt":"2020-05-04T13:27:20","guid":{"rendered":"https:\/\/royalfamily.org\/?p=57991"},"modified":"2020-05-04T15:27:20","modified_gmt":"2020-05-04T15:27:20","slug":"deciji-vaskrsnji-sabor-2020","status":"publish","type":"post","link":"https:\/\/royalfamily.org\/lat\/deciji-vaskrsnji-sabor-2020\/","title":{"rendered":"DE\u010cIJI VASKR\u0160NJI SABOR 2020."},"content":{"rendered":"<div class=\"fusion-fullwidth fullwidth-box fusion-builder-row-1 nonhundred-percent-fullwidth non-hundred-percent-height-scrolling\" style=\"--awb-border-radius-top-left:0px;--awb-border-radius-top-right:0px;--awb-border-radius-bottom-right:0px;--awb-border-radius-bottom-left:0px;--awb-flex-wrap:wrap;\" ><div class=\"fusion-builder-row fusion-row\"><div class=\"fusion-layout-column fusion_builder_column fusion-builder-column-0 fusion_builder_column_1_1 1_1 fusion-one-full fusion-column-first fusion-column-last\" style=\"--awb-bg-size:cover;\"><div class=\"fusion-column-wrapper fusion-column-has-shadow fusion-flex-column-wrapper-legacy\"><div class=\"fusion-text fusion-text-1\"><div class=\"_1PykQrbOAi1vvEtfcvQEia\">\n<div>\n<div class=\"_21bgioiEBbnVoXvYXjL3tH JWNdg1hee9_Rz6bIGvG1c allowTextSelection\">\n<div>\n<div>\n<div>\n<div lang=\"sr-Latn-RS\">\n<div>\n<p>Udru\u017eenje Kraljevina Srbija organizovalo je takmi\u010darsku igru za najlep\u0161e jaje pod nazivom \u201eDe\u010diji Vaskr\u0161nji Sabor\u201c. Takmi\u010danje se odr\u017eavalo u periodu od 17. do 26. aprila 2020. godine, a Vaskr\u0161nje jaje koje je sakupilo najvi\u0161e glasova (lajkova) progla\u0161eno je za pobedni\u010dko.<\/p>\n<p>Deca su pokazala svoju kreativnost i ukra\u0161avala Vaskr\u0161nja jaja, a njihove fotografije slate su Udru\u017eenju Kraljevina Srbija za objavljivanje.<\/p>\n<p>Pobednik ovogodi\u0161njeg \u201eDe\u010dijeg Vaskr\u0161njeg Sabora\u201c je Mihajlo Simovi\u0107 i on \u0107e kao nagradu dobiti Vasrk\u0161nji paketi\u0107 i knjigu sa li\u010dnom posvetom, od strane Nj.K.V. Prestolonaslednika Aleksandra i Princeze Katarine. Ostali u\u010desnici primi\u0107e simboli\u010dnu nagradu, diplomu, od Udru\u017eenja Kraljevina Srbija, za svoj trud i doprinos.<\/p>\n<p>\u010cestitamo svoj deci na u\u010de\u0161\u0107u i trudu!<\/p>\n<p>Na linku ispod mo\u017eete pogledati celokupnu galeriju fotografija koje su u\u010destvovale u takmi\u010denju:<br \/>\n<a href=\"https:\/\/www.facebook.com\/media\/set\/?set=a.2864865653548711&amp;type=3\" target=\"_blank\" rel=\"noopener noreferrer\" data-auth=\"NotApplicable\">https:\/\/www.facebook.com\/media\/set\/?set=a.2864865653548711&amp;type=3<\/a><\/p>\n<\/div>\n<\/div>\n<\/div>\n<\/div>\n<\/div>\n<\/div>\n<div class=\"_1yuNDaQBDoy0YwHOMGXFkz\"><\/div>\n<\/div>\n<div class=\"_3hNohI4SDCYc8T81_nBwJA\"><\/div>\n<\/div>\n<div class=\"_1PykQrbOAi1vvEtfcvQEia\">\n<div>\n<div class=\"_21bgioiEBbnVoXvYXjL3tH JWNdg1hee9_Rz6bIGvG1c allowTextSelection\">\n<div>\n<div>\n<div>\n<div lang=\"sr-Latn-RS\">\n<div>\n<div>\n<div><\/div>\n<\/div>\n<\/div>\n<\/div>\n<\/div>\n<\/div>\n<\/div>\n<\/div>\n<\/div>\n<\/div>\n<\/div><div class=\"awb-gallery-wrapper awb-gallery-wrapper-1 button-span-no\" data-limit=\"20\" data-page=\"1\"><div style=\"margin:-5px;--awb-bordersize:0px;\" class=\"fusion-gallery fusion-gallery-container fusion-grid-3 fusion-columns-total-5 fusion-gallery-layout-grid fusion-gallery-1\"><div style=\"padding:5px;\" class=\"fusion-grid-column fusion-gallery-column fusion-gallery-column-3 hover-type-none\"><div class=\"fusion-gallery-image\"><a href=\"https:\/\/royalfamily.org\/wp-content\/uploads\/2020\/05\/94319733_2869015439800399_1420882272231358464_n.jpg\" rel=\"noreferrer\" data-rel=\"iLightbox[gallery_image_1]\" class=\"fusion-lightbox\" target=\"_self\"><img decoding=\"async\" src=\"https:\/\/royalfamily.org\/wp-content\/uploads\/2020\/05\/94319733_2869015439800399_1420882272231358464_n.jpg\" width=\"480\" height=\"640\" alt=\"\" title=\"94319733_2869015439800399_1420882272231358464_n\" aria-label=\"94319733_2869015439800399_1420882272231358464_n\" class=\"img-responsive wp-image-57973\" srcset=\"https:\/\/royalfamily.org\/wp-content\/uploads\/2020\/05\/94319733_2869015439800399_1420882272231358464_n-200x267.jpg 200w, https:\/\/royalfamily.org\/wp-content\/uploads\/2020\/05\/94319733_2869015439800399_1420882272231358464_n-400x533.jpg 400w, https:\/\/royalfamily.org\/wp-content\/uploads\/2020\/05\/94319733_2869015439800399_1420882272231358464_n.jpg 480w\" sizes=\"(min-width: 2200px) 100vw, (min-width: 824px) 390px, (min-width: 732px) 585px, (min-width: 640px) 732px, \" \/><\/a><\/div><\/div><div style=\"padding:5px;\" class=\"fusion-grid-column fusion-gallery-column fusion-gallery-column-3 hover-type-none\"><div class=\"fusion-gallery-image\"><a href=\"https:\/\/royalfamily.org\/wp-content\/uploads\/2020\/05\/94144127_2869020079799935_8185142866473910272_n.jpg\" rel=\"noreferrer\" data-rel=\"iLightbox[gallery_image_1]\" class=\"fusion-lightbox\" target=\"_self\"><img decoding=\"async\" src=\"https:\/\/royalfamily.org\/wp-content\/uploads\/2020\/05\/94144127_2869020079799935_8185142866473910272_n.jpg\" width=\"480\" height=\"640\" alt=\"\" title=\"94144127_2869020079799935_8185142866473910272_n\" aria-label=\"94144127_2869020079799935_8185142866473910272_n\" class=\"img-responsive wp-image-57976\" srcset=\"https:\/\/royalfamily.org\/wp-content\/uploads\/2020\/05\/94144127_2869020079799935_8185142866473910272_n-200x267.jpg 200w, https:\/\/royalfamily.org\/wp-content\/uploads\/2020\/05\/94144127_2869020079799935_8185142866473910272_n-400x533.jpg 400w, https:\/\/royalfamily.org\/wp-content\/uploads\/2020\/05\/94144127_2869020079799935_8185142866473910272_n.jpg 480w\" sizes=\"(min-width: 2200px) 100vw, (min-width: 824px) 390px, (min-width: 732px) 585px, (min-width: 640px) 732px, \" \/><\/a><\/div><\/div><div style=\"padding:5px;\" class=\"fusion-grid-column fusion-gallery-column fusion-gallery-column-3 hover-type-none\"><div class=\"fusion-gallery-image\"><a href=\"https:\/\/royalfamily.org\/wp-content\/uploads\/2020\/05\/93832637_2869533609748582_5572333562453032960_n.jpg\" rel=\"noreferrer\" data-rel=\"iLightbox[gallery_image_1]\" class=\"fusion-lightbox\" target=\"_self\"><img decoding=\"async\" src=\"https:\/\/royalfamily.org\/wp-content\/uploads\/2020\/05\/93832637_2869533609748582_5572333562453032960_n.jpg\" width=\"360\" height=\"480\" alt=\"\" title=\"93832637_2869533609748582_5572333562453032960_n\" aria-label=\"93832637_2869533609748582_5572333562453032960_n\" class=\"img-responsive wp-image-57979\" srcset=\"https:\/\/royalfamily.org\/wp-content\/uploads\/2020\/05\/93832637_2869533609748582_5572333562453032960_n-200x267.jpg 200w, https:\/\/royalfamily.org\/wp-content\/uploads\/2020\/05\/93832637_2869533609748582_5572333562453032960_n.jpg 360w\" sizes=\"(min-width: 2200px) 100vw, (min-width: 824px) 390px, (min-width: 732px) 585px, (min-width: 640px) 732px, \" \/><\/a><\/div><\/div><div class=\"clearfix\"><\/div><div style=\"padding:5px;\" class=\"fusion-grid-column fusion-gallery-column fusion-gallery-column-3 hover-type-none\"><div class=\"fusion-gallery-image\"><a href=\"https:\/\/royalfamily.org\/wp-content\/uploads\/2020\/05\/93303604_2864882033547073_6143977431624581120_n.jpg\" rel=\"noreferrer\" data-rel=\"iLightbox[gallery_image_1]\" class=\"fusion-lightbox\" target=\"_self\"><img decoding=\"async\" src=\"https:\/\/royalfamily.org\/wp-content\/uploads\/2020\/05\/93303604_2864882033547073_6143977431624581120_n.jpg\" width=\"480\" height=\"641\" alt=\"\" title=\"93303604_2864882033547073_6143977431624581120_n\" aria-label=\"93303604_2864882033547073_6143977431624581120_n\" class=\"img-responsive wp-image-57988\" srcset=\"https:\/\/royalfamily.org\/wp-content\/uploads\/2020\/05\/93303604_2864882033547073_6143977431624581120_n-200x267.jpg 200w, https:\/\/royalfamily.org\/wp-content\/uploads\/2020\/05\/93303604_2864882033547073_6143977431624581120_n-400x534.jpg 400w, https:\/\/royalfamily.org\/wp-content\/uploads\/2020\/05\/93303604_2864882033547073_6143977431624581120_n.jpg 480w\" sizes=\"(min-width: 2200px) 100vw, (min-width: 824px) 390px, (min-width: 732px) 585px, (min-width: 640px) 732px, \" \/><\/a><\/div><\/div><div style=\"padding:5px;\" class=\"fusion-grid-column fusion-gallery-column fusion-gallery-column-3 hover-type-none\"><div class=\"fusion-gallery-image\"><a href=\"https:\/\/royalfamily.org\/wp-content\/uploads\/2020\/05\/93866607_2869029459798997_1446615216598024192_n.jpg\" rel=\"noreferrer\" data-rel=\"iLightbox[gallery_image_1]\" class=\"fusion-lightbox\" target=\"_self\"><img decoding=\"async\" src=\"https:\/\/royalfamily.org\/wp-content\/uploads\/2020\/05\/93866607_2869029459798997_1446615216598024192_n.jpg\" width=\"852\" height=\"480\" alt=\"\" title=\"93866607_2869029459798997_1446615216598024192_n\" aria-label=\"93866607_2869029459798997_1446615216598024192_n\" class=\"img-responsive wp-image-57982\" srcset=\"https:\/\/royalfamily.org\/wp-content\/uploads\/2020\/05\/93866607_2869029459798997_1446615216598024192_n-200x113.jpg 200w, https:\/\/royalfamily.org\/wp-content\/uploads\/2020\/05\/93866607_2869029459798997_1446615216598024192_n-400x225.jpg 400w, https:\/\/royalfamily.org\/wp-content\/uploads\/2020\/05\/93866607_2869029459798997_1446615216598024192_n-600x338.jpg 600w, https:\/\/royalfamily.org\/wp-content\/uploads\/2020\/05\/93866607_2869029459798997_1446615216598024192_n-800x451.jpg 800w, https:\/\/royalfamily.org\/wp-content\/uploads\/2020\/05\/93866607_2869029459798997_1446615216598024192_n.jpg 852w\" sizes=\"(min-width: 2200px) 100vw, (min-width: 824px) 390px, (min-width: 732px) 585px, (min-width: 640px) 732px, \" \/><\/a><\/div><\/div><\/div><\/div><div class=\"fusion-clearfix\"><\/div><\/div><\/div><\/div><\/div>\n","protected":false},"excerpt":{"rendered":"","protected":false},"author":1,"featured_media":57994,"comment_status":"closed","ping_status":"closed","sticky":false,"template":"","format":"standard","meta":{"_acf_changed":false,"footnotes":""},"categories":[7],"tags":[],"class_list":["post-57991","post","type-post","status-publish","format-standard","has-post-thumbnail","hentry","category-uncategorized-lat"],"acf":[],"yoast_head":"<!-- This site is optimized with the Yoast SEO Premium plugin v27.5 (Yoast SEO v27.5) - https:\/\/yoast.com\/product\/yoast-seo-premium-wordpress\/ -->\n<title>DE\u010cIJI VASKR\u0160NJI SABOR 2020. - The Royal Family of Serbia<\/title>\n<meta name=\"robots\" content=\"index, follow, max-snippet:-1, max-image-preview:large, max-video-preview:-1\" \/>\n<link rel=\"canonical\" href=\"https:\/\/royalfamily.org\/lat\/deciji-vaskrsnji-sabor-2020\/\" \/>\n<meta property=\"og:locale\" content=\"en_US\" \/>\n<meta property=\"og:type\" content=\"article\" \/>\n<meta property=\"og:title\" content=\"DE\u010cIJI VASKR\u0160NJI SABOR 2020.\" \/>\n<meta property=\"og:url\" content=\"https:\/\/royalfamily.org\/lat\/deciji-vaskrsnji-sabor-2020\/\" \/>\n<meta property=\"og:site_name\" content=\"The Royal Family of Serbia\" \/>\n<meta property=\"article:publisher\" content=\"https:\/\/www.facebook.com\/Prestolonaslednik.Aleksandar\" \/>\n<meta property=\"article:published_time\" content=\"2020-05-04T13:27:20+00:00\" \/>\n<meta property=\"article:modified_time\" content=\"2020-05-04T15:27:20+00:00\" \/>\n<meta property=\"og:image\" content=\"https:\/\/royalfamily.org\/wp-content\/uploads\/2020\/05\/featured.jpg\" \/>\n\t<meta property=\"og:image:width\" content=\"740\" \/>\n\t<meta property=\"og:image:height\" content=\"360\" \/>\n\t<meta property=\"og:image:type\" content=\"image\/jpeg\" \/>\n<meta name=\"author\" content=\"Web Royal\" \/>\n<meta name=\"twitter:card\" content=\"summary_large_image\" \/>\n<meta name=\"twitter:label1\" content=\"Written by\" \/>\n\t<meta name=\"twitter:data1\" content=\"Web Royal\" \/>\n\t<meta name=\"twitter:label2\" content=\"Est. reading time\" \/>\n\t<meta name=\"twitter:data2\" content=\"3 minutes\" \/>\n<script type=\"application\/ld+json\" class=\"yoast-schema-graph\">{\"@context\":\"https:\\\/\\\/schema.org\",\"@graph\":[{\"@type\":\"Article\",\"@id\":\"https:\\\/\\\/royalfamily.org\\\/lat\\\/deciji-vaskrsnji-sabor-2020\\\/#article\",\"isPartOf\":{\"@id\":\"https:\\\/\\\/royalfamily.org\\\/lat\\\/deciji-vaskrsnji-sabor-2020\\\/\"},\"author\":{\"name\":\"Web Royal\",\"@id\":\"https:\\\/\\\/royalfamily.org\\\/#\\\/schema\\\/person\\\/49383a0c31232a928463939891db1ad5\"},\"headline\":\"DE\u010cIJI VASKR\u0160NJI SABOR 2020.\",\"datePublished\":\"2020-05-04T13:27:20+00:00\",\"dateModified\":\"2020-05-04T15:27:20+00:00\",\"mainEntityOfPage\":{\"@id\":\"https:\\\/\\\/royalfamily.org\\\/lat\\\/deciji-vaskrsnji-sabor-2020\\\/\"},\"wordCount\":664,\"publisher\":{\"@id\":\"https:\\\/\\\/royalfamily.org\\\/#organization\"},\"image\":{\"@id\":\"https:\\\/\\\/royalfamily.org\\\/lat\\\/deciji-vaskrsnji-sabor-2020\\\/#primaryimage\"},\"thumbnailUrl\":\"https:\\\/\\\/royalfamily.org\\\/wp-content\\\/uploads\\\/2020\\\/05\\\/featured.jpg\",\"articleSection\":[\"Uncategorized @lat\"],\"inLanguage\":\"sr-LT\"},{\"@type\":\"WebPage\",\"@id\":\"https:\\\/\\\/royalfamily.org\\\/lat\\\/deciji-vaskrsnji-sabor-2020\\\/\",\"url\":\"https:\\\/\\\/royalfamily.org\\\/lat\\\/deciji-vaskrsnji-sabor-2020\\\/\",\"name\":\"DE\u010cIJI VASKR\u0160NJI SABOR 2020. - The Royal Family of Serbia\",\"isPartOf\":{\"@id\":\"https:\\\/\\\/royalfamily.org\\\/#website\"},\"primaryImageOfPage\":{\"@id\":\"https:\\\/\\\/royalfamily.org\\\/lat\\\/deciji-vaskrsnji-sabor-2020\\\/#primaryimage\"},\"image\":{\"@id\":\"https:\\\/\\\/royalfamily.org\\\/lat\\\/deciji-vaskrsnji-sabor-2020\\\/#primaryimage\"},\"thumbnailUrl\":\"https:\\\/\\\/royalfamily.org\\\/wp-content\\\/uploads\\\/2020\\\/05\\\/featured.jpg\",\"datePublished\":\"2020-05-04T13:27:20+00:00\",\"dateModified\":\"2020-05-04T15:27:20+00:00\",\"breadcrumb\":{\"@id\":\"https:\\\/\\\/royalfamily.org\\\/lat\\\/deciji-vaskrsnji-sabor-2020\\\/#breadcrumb\"},\"inLanguage\":\"sr-LT\",\"potentialAction\":[{\"@type\":\"ReadAction\",\"target\":[\"https:\\\/\\\/royalfamily.org\\\/lat\\\/deciji-vaskrsnji-sabor-2020\\\/\"]}]},{\"@type\":\"ImageObject\",\"inLanguage\":\"sr-LT\",\"@id\":\"https:\\\/\\\/royalfamily.org\\\/lat\\\/deciji-vaskrsnji-sabor-2020\\\/#primaryimage\",\"url\":\"https:\\\/\\\/royalfamily.org\\\/wp-content\\\/uploads\\\/2020\\\/05\\\/featured.jpg\",\"contentUrl\":\"https:\\\/\\\/royalfamily.org\\\/wp-content\\\/uploads\\\/2020\\\/05\\\/featured.jpg\",\"width\":740,\"height\":360},{\"@type\":\"BreadcrumbList\",\"@id\":\"https:\\\/\\\/royalfamily.org\\\/lat\\\/deciji-vaskrsnji-sabor-2020\\\/#breadcrumb\",\"itemListElement\":[{\"@type\":\"ListItem\",\"position\":1,\"name\":\"Home\",\"item\":\"https:\\\/\\\/royalfamily.org\\\/lat\\\/\"},{\"@type\":\"ListItem\",\"position\":2,\"name\":\"DE\u010cIJI VASKR\u0160NJI SABOR 2020.\"}]},{\"@type\":\"WebSite\",\"@id\":\"https:\\\/\\\/royalfamily.org\\\/#website\",\"url\":\"https:\\\/\\\/royalfamily.org\\\/\",\"name\":\"The Royal Family of Serbia\",\"description\":\"From the people, for the people\",\"publisher\":{\"@id\":\"https:\\\/\\\/royalfamily.org\\\/#organization\"},\"potentialAction\":[{\"@type\":\"SearchAction\",\"target\":{\"@type\":\"EntryPoint\",\"urlTemplate\":\"https:\\\/\\\/royalfamily.org\\\/?s={search_term_string}\"},\"query-input\":{\"@type\":\"PropertyValueSpecification\",\"valueRequired\":true,\"valueName\":\"search_term_string\"}}],\"inLanguage\":\"sr-LT\"},{\"@type\":\"Organization\",\"@id\":\"https:\\\/\\\/royalfamily.org\\\/#organization\",\"name\":\"Royal Family\",\"url\":\"https:\\\/\\\/royalfamily.org\\\/\",\"logo\":{\"@type\":\"ImageObject\",\"inLanguage\":\"sr-LT\",\"@id\":\"https:\\\/\\\/royalfamily.org\\\/#\\\/schema\\\/logo\\\/image\\\/\",\"url\":\"https:\\\/\\\/royalfamily.org\\\/wp-content\\\/uploads\\\/2019\\\/04\\\/logo-vector-02-V-latinica.png\",\"contentUrl\":\"https:\\\/\\\/royalfamily.org\\\/wp-content\\\/uploads\\\/2019\\\/04\\\/logo-vector-02-V-latinica.png\",\"width\":552,\"height\":99,\"caption\":\"Royal Family\"},\"image\":{\"@id\":\"https:\\\/\\\/royalfamily.org\\\/#\\\/schema\\\/logo\\\/image\\\/\"},\"sameAs\":[\"https:\\\/\\\/www.facebook.com\\\/Prestolonaslednik.Aleksandar\"]},{\"@type\":\"Person\",\"@id\":\"https:\\\/\\\/royalfamily.org\\\/#\\\/schema\\\/person\\\/49383a0c31232a928463939891db1ad5\",\"name\":\"Web Royal\",\"image\":{\"@type\":\"ImageObject\",\"inLanguage\":\"sr-LT\",\"@id\":\"https:\\\/\\\/secure.gravatar.com\\\/avatar\\\/8dbdbae4ed2a898dcf0dcd9d01bf41782c405af026744c66e6a62d6235a20271?s=96&d=mm&r=g\",\"url\":\"https:\\\/\\\/secure.gravatar.com\\\/avatar\\\/8dbdbae4ed2a898dcf0dcd9d01bf41782c405af026744c66e6a62d6235a20271?s=96&d=mm&r=g\",\"contentUrl\":\"https:\\\/\\\/secure.gravatar.com\\\/avatar\\\/8dbdbae4ed2a898dcf0dcd9d01bf41782c405af026744c66e6a62d6235a20271?s=96&d=mm&r=g\",\"caption\":\"Web Royal\"}}]}<\/script>\n<!-- \/ Yoast SEO Premium plugin. -->","yoast_head_json":{"title":"DE\u010cIJI VASKR\u0160NJI SABOR 2020. - The Royal Family of Serbia","robots":{"index":"index","follow":"follow","max-snippet":"max-snippet:-1","max-image-preview":"max-image-preview:large","max-video-preview":"max-video-preview:-1"},"canonical":"https:\/\/royalfamily.org\/lat\/deciji-vaskrsnji-sabor-2020\/","og_locale":"en_US","og_type":"article","og_title":"DE\u010cIJI VASKR\u0160NJI SABOR 2020.","og_url":"https:\/\/royalfamily.org\/lat\/deciji-vaskrsnji-sabor-2020\/","og_site_name":"The Royal Family of Serbia","article_publisher":"https:\/\/www.facebook.com\/Prestolonaslednik.Aleksandar","article_published_time":"2020-05-04T13:27:20+00:00","article_modified_time":"2020-05-04T15:27:20+00:00","og_image":[{"width":740,"height":360,"url":"https:\/\/royalfamily.org\/wp-content\/uploads\/2020\/05\/featured.jpg","type":"image\/jpeg"}],"author":"Web Royal","twitter_card":"summary_large_image","twitter_misc":{"Written by":"Web Royal","Est. reading time":"3 minutes"},"schema":{"@context":"https:\/\/schema.org","@graph":[{"@type":"Article","@id":"https:\/\/royalfamily.org\/lat\/deciji-vaskrsnji-sabor-2020\/#article","isPartOf":{"@id":"https:\/\/royalfamily.org\/lat\/deciji-vaskrsnji-sabor-2020\/"},"author":{"name":"Web Royal","@id":"https:\/\/royalfamily.org\/#\/schema\/person\/49383a0c31232a928463939891db1ad5"},"headline":"DE\u010cIJI VASKR\u0160NJI SABOR 2020.","datePublished":"2020-05-04T13:27:20+00:00","dateModified":"2020-05-04T15:27:20+00:00","mainEntityOfPage":{"@id":"https:\/\/royalfamily.org\/lat\/deciji-vaskrsnji-sabor-2020\/"},"wordCount":664,"publisher":{"@id":"https:\/\/royalfamily.org\/#organization"},"image":{"@id":"https:\/\/royalfamily.org\/lat\/deciji-vaskrsnji-sabor-2020\/#primaryimage"},"thumbnailUrl":"https:\/\/royalfamily.org\/wp-content\/uploads\/2020\/05\/featured.jpg","articleSection":["Uncategorized @lat"],"inLanguage":"sr-LT"},{"@type":"WebPage","@id":"https:\/\/royalfamily.org\/lat\/deciji-vaskrsnji-sabor-2020\/","url":"https:\/\/royalfamily.org\/lat\/deciji-vaskrsnji-sabor-2020\/","name":"DE\u010cIJI VASKR\u0160NJI SABOR 2020. - The Royal Family of Serbia","isPartOf":{"@id":"https:\/\/royalfamily.org\/#website"},"primaryImageOfPage":{"@id":"https:\/\/royalfamily.org\/lat\/deciji-vaskrsnji-sabor-2020\/#primaryimage"},"image":{"@id":"https:\/\/royalfamily.org\/lat\/deciji-vaskrsnji-sabor-2020\/#primaryimage"},"thumbnailUrl":"https:\/\/royalfamily.org\/wp-content\/uploads\/2020\/05\/featured.jpg","datePublished":"2020-05-04T13:27:20+00:00","dateModified":"2020-05-04T15:27:20+00:00","breadcrumb":{"@id":"https:\/\/royalfamily.org\/lat\/deciji-vaskrsnji-sabor-2020\/#breadcrumb"},"inLanguage":"sr-LT","potentialAction":[{"@type":"ReadAction","target":["https:\/\/royalfamily.org\/lat\/deciji-vaskrsnji-sabor-2020\/"]}]},{"@type":"ImageObject","inLanguage":"sr-LT","@id":"https:\/\/royalfamily.org\/lat\/deciji-vaskrsnji-sabor-2020\/#primaryimage","url":"https:\/\/royalfamily.org\/wp-content\/uploads\/2020\/05\/featured.jpg","contentUrl":"https:\/\/royalfamily.org\/wp-content\/uploads\/2020\/05\/featured.jpg","width":740,"height":360},{"@type":"BreadcrumbList","@id":"https:\/\/royalfamily.org\/lat\/deciji-vaskrsnji-sabor-2020\/#breadcrumb","itemListElement":[{"@type":"ListItem","position":1,"name":"Home","item":"https:\/\/royalfamily.org\/lat\/"},{"@type":"ListItem","position":2,"name":"DE\u010cIJI VASKR\u0160NJI SABOR 2020."}]},{"@type":"WebSite","@id":"https:\/\/royalfamily.org\/#website","url":"https:\/\/royalfamily.org\/","name":"The Royal Family of Serbia","description":"From the people, for the people","publisher":{"@id":"https:\/\/royalfamily.org\/#organization"},"potentialAction":[{"@type":"SearchAction","target":{"@type":"EntryPoint","urlTemplate":"https:\/\/royalfamily.org\/?s={search_term_string}"},"query-input":{"@type":"PropertyValueSpecification","valueRequired":true,"valueName":"search_term_string"}}],"inLanguage":"sr-LT"},{"@type":"Organization","@id":"https:\/\/royalfamily.org\/#organization","name":"Royal Family","url":"https:\/\/royalfamily.org\/","logo":{"@type":"ImageObject","inLanguage":"sr-LT","@id":"https:\/\/royalfamily.org\/#\/schema\/logo\/image\/","url":"https:\/\/royalfamily.org\/wp-content\/uploads\/2019\/04\/logo-vector-02-V-latinica.png","contentUrl":"https:\/\/royalfamily.org\/wp-content\/uploads\/2019\/04\/logo-vector-02-V-latinica.png","width":552,"height":99,"caption":"Royal Family"},"image":{"@id":"https:\/\/royalfamily.org\/#\/schema\/logo\/image\/"},"sameAs":["https:\/\/www.facebook.com\/Prestolonaslednik.Aleksandar"]},{"@type":"Person","@id":"https:\/\/royalfamily.org\/#\/schema\/person\/49383a0c31232a928463939891db1ad5","name":"Web Royal","image":{"@type":"ImageObject","inLanguage":"sr-LT","@id":"https:\/\/secure.gravatar.com\/avatar\/8dbdbae4ed2a898dcf0dcd9d01bf41782c405af026744c66e6a62d6235a20271?s=96&d=mm&r=g","url":"https:\/\/secure.gravatar.com\/avatar\/8dbdbae4ed2a898dcf0dcd9d01bf41782c405af026744c66e6a62d6235a20271?s=96&d=mm&r=g","contentUrl":"https:\/\/secure.gravatar.com\/avatar\/8dbdbae4ed2a898dcf0dcd9d01bf41782c405af026744c66e6a62d6235a20271?s=96&d=mm&r=g","caption":"Web Royal"}}]}},"_links":{"self":[{"href":"https:\/\/royalfamily.org\/lat\/wp-json\/wp\/v2\/posts\/57991","targetHints":{"allow":["GET"]}}],"collection":[{"href":"https:\/\/royalfamily.org\/lat\/wp-json\/wp\/v2\/posts"}],"about":[{"href":"https:\/\/royalfamily.org\/lat\/wp-json\/wp\/v2\/types\/post"}],"author":[{"embeddable":true,"href":"https:\/\/royalfamily.org\/lat\/wp-json\/wp\/v2\/users\/1"}],"replies":[{"embeddable":true,"href":"https:\/\/royalfamily.org\/lat\/wp-json\/wp\/v2\/comments?post=57991"}],"version-history":[{"count":2,"href":"https:\/\/royalfamily.org\/lat\/wp-json\/wp\/v2\/posts\/57991\/revisions"}],"predecessor-version":[{"id":57993,"href":"https:\/\/royalfamily.org\/lat\/wp-json\/wp\/v2\/posts\/57991\/revisions\/57993"}],"wp:featuredmedia":[{"embeddable":true,"href":"https:\/\/royalfamily.org\/lat\/wp-json\/wp\/v2\/media\/57994"}],"wp:attachment":[{"href":"https:\/\/royalfamily.org\/lat\/wp-json\/wp\/v2\/media?parent=57991"}],"wp:term":[{"taxonomy":"category","embeddable":true,"href":"https:\/\/royalfamily.org\/lat\/wp-json\/wp\/v2\/categories?post=57991"},{"taxonomy":"post_tag","embeddable":true,"href":"https:\/\/royalfamily.org\/lat\/wp-json\/wp\/v2\/tags?post=57991"}],"curies":[{"name":"wp","href":"https:\/\/api.w.org\/{rel}","templated":true}]}}