{"id":65150,"date":"2020-09-20T19:03:18","date_gmt":"2020-09-20T17:03:18","guid":{"rendered":"https:\/\/royalfamily.org\/?p=65150"},"modified":"2020-09-20T19:03:18","modified_gmt":"2020-09-20T19:03:18","slug":"prestolonaslednik-asleksandar-otkrio-spomenik","status":"publish","type":"post","link":"https:\/\/royalfamily.org\/lat\/prestolonaslednik-asleksandar-otkrio-spomenik\/","title":{"rendered":"PRESTOLONASLEDNIK ASLEKSANDAR OTKRIO SPOMENIK KRALJU PETRU I U SREMSKOJ MITROVICI"},"content":{"rendered":"<div class=\"fusion-fullwidth fullwidth-box fusion-builder-row-1 nonhundred-percent-fullwidth non-hundred-percent-height-scrolling\" style=\"--awb-border-radius-top-left:0px;--awb-border-radius-top-right:0px;--awb-border-radius-bottom-right:0px;--awb-border-radius-bottom-left:0px;--awb-flex-wrap:wrap;\" ><div class=\"fusion-builder-row fusion-row\"><div class=\"fusion-layout-column fusion_builder_column fusion-builder-column-0 fusion_builder_column_1_1 1_1 fusion-one-full fusion-column-first fusion-column-last\" style=\"--awb-bg-size:cover;\"><div class=\"fusion-column-wrapper fusion-column-has-shadow fusion-flex-column-wrapper-legacy\"><div class=\"fusion-text fusion-text-1\"><p>Njihova Kraljevska Viso\u010danstva Prestolonaslednik Aleksandar i Princeza Katarina prisustvovali su otkrivanju spomenika u Sremskoj Mitrovici posve\u0107enom Nj.V. Kralju Petru I, pradedi Prestolonaslednika Aleksandra. U pratnji Njegovog Kraljevskog Viso\u010danstva bio je savetnik Krune g-din Predrag Markovi\u0107 .<\/p>\n<p>Njegovo Kraljevsko Viso\u010danstvo Prestolonaslednik Aleksandar otkrio je spomenik svom pradedi i u emotivnom obra\u0107anju istakao: \u201ePre sto \u0161esnaest godina, moj pradeda je krunisan za Kralja Srbije. Njegova vladavina obele\u017eena je velikim stepenom politi\u010dkih sloboda, slobodom \u0161tampe, nacionalnim, ekonomskim i kulturnim usponom, i s punim pravom se naziva \u201ezlatnim dobom srpske demokratije\u201c. Kao mlad \u010dovek, moj pradeda je preveo knjigu engleskog politi\u010dara i filozofa D\u017eona Stjuarta Mila \u201eO slobodi\u201c. U predgovoru, koji je kasnije postao njegov politi\u010dki program, rekao je: \u201eSloboda otvara narodu o\u010di, daje mu priliku da razvija svoje vrline i da ih ula\u017ee u delatnosti kojima, u saradnji sa ostalim narodima, primi\u010de celo \u010dove\u010danstvo cilju, koji mu je bogom namenjen\u201c. Duboko sam zahvalan svima koji su pomogli da se\u0107anje na mog velikog pretka, Kralja Petra Prvog, nastavi da \u017eivi i me\u0111u novim generacijama Srbije. Veliku zahvalnost dugujem Udru\u017eenju Kraljevina Srbija, \u010diji sam pokrovitelj, sa velikim ponosom, i gospodinu Predragu Medenici, kao glavnom organizatoru ovog veli\u010danstvenog doga\u0111aja\u201c.<\/p>\n<p>Bista Kralja Oslobodioca, autorke Drinke Radovanovi\u0107, izlivena je u okviru akcije Petrovih 800 junaka sa \u017eeljom da se Sremska Mitrovica dostojno odu\u017ei najomiljenijem savremenom srpskom vladaru koji ujedno ima i najve\u0107e zasluge za dovr\u0161etak procesa ujedinjenja Srema, Banata, Ba\u010dke i Baranje sa Kraljevinom Srbijom.<\/p>\n<p>Iako je prvobitno bilo zami\u0161ljeno da se u akciju uklju\u010de samo stanovnici Sremske Mitrovice, istu su svojim prilozima podr\u017eali na\u0161i sunarodnici iz \u010ditavog sveta, tako da je spomenik ura\u0111en u rekordnom roku.<\/p>\n<p>Pored Nj.K.V. Prestolonaslednika Aleksandra, Princeze Katarine i savetnika Krune ceremoniji otkrivanja biste prisustvovali su i g-\u0111a Svetlana Milovanovi\u0107, gradona\u010delnica Sremske Mitrovice, Njegovo Preosve\u0161tenstvo Vladika Vasilije, major Ivan Novi\u010di\u0107, komandant Garnizona Vojske Srbije, g. Ilija Nedi\u0107, predsednik SO Sremske Mitrovice, g. Predrag Medenica, \u010dlan Odbora za podizanje spomenika i predsednik Izvr\u0161nog Odbora UKS, mnogobojni \u010dlanovi Udru\u017eenja Kraljevina Srbija i posetioci.<\/p>\n<\/div><div class=\"awb-gallery-wrapper awb-gallery-wrapper-1 button-span-no\" data-limit=\"20\" data-page=\"1\"><div style=\"margin:-5px;--awb-bordersize:0px;\" class=\"fusion-gallery fusion-gallery-container fusion-grid-3 fusion-columns-total-7 fusion-gallery-layout-grid fusion-gallery-1\"><div style=\"padding:5px;\" class=\"fusion-grid-column fusion-gallery-column fusion-gallery-column-3 hover-type-none\"><div class=\"fusion-gallery-image\"><a href=\"https:\/\/royalfamily.org\/wp-content\/uploads\/2020\/09\/8F2A1697w.jpg\" rel=\"noreferrer\" data-rel=\"iLightbox[gallery_image_1]\" class=\"fusion-lightbox\" target=\"_self\"><img decoding=\"async\" src=\"https:\/\/royalfamily.org\/wp-content\/uploads\/2020\/09\/8F2A1697w.jpg\" width=\"1772\" height=\"1181\" alt=\"\" title=\"8F2A1697w\" aria-label=\"8F2A1697w\" class=\"img-responsive wp-image-65144\" srcset=\"https:\/\/royalfamily.org\/wp-content\/uploads\/2020\/09\/8F2A1697w-200x133.jpg 200w, https:\/\/royalfamily.org\/wp-content\/uploads\/2020\/09\/8F2A1697w-400x267.jpg 400w, https:\/\/royalfamily.org\/wp-content\/uploads\/2020\/09\/8F2A1697w-600x400.jpg 600w, https:\/\/royalfamily.org\/wp-content\/uploads\/2020\/09\/8F2A1697w-800x533.jpg 800w, https:\/\/royalfamily.org\/wp-content\/uploads\/2020\/09\/8F2A1697w-1200x800.jpg 1200w, https:\/\/royalfamily.org\/wp-content\/uploads\/2020\/09\/8F2A1697w.jpg 1772w\" sizes=\"(min-width: 2200px) 100vw, (min-width: 824px) 390px, (min-width: 732px) 585px, (min-width: 640px) 732px, \" \/><\/a><\/div><\/div><div style=\"padding:5px;\" class=\"fusion-grid-column fusion-gallery-column fusion-gallery-column-3 hover-type-none\"><div class=\"fusion-gallery-image\"><a href=\"https:\/\/royalfamily.org\/wp-content\/uploads\/2020\/09\/8F2A1882m.jpg\" rel=\"noreferrer\" data-rel=\"iLightbox[gallery_image_1]\" class=\"fusion-lightbox\" target=\"_self\"><img decoding=\"async\" src=\"https:\/\/royalfamily.org\/wp-content\/uploads\/2020\/09\/8F2A1882m.jpg\" width=\"1182\" height=\"1772\" alt=\"\" title=\"8F2A1882m\" aria-label=\"8F2A1882m\" class=\"img-responsive wp-image-65141\" srcset=\"https:\/\/royalfamily.org\/wp-content\/uploads\/2020\/09\/8F2A1882m-200x300.jpg 200w, https:\/\/royalfamily.org\/wp-content\/uploads\/2020\/09\/8F2A1882m-400x600.jpg 400w, https:\/\/royalfamily.org\/wp-content\/uploads\/2020\/09\/8F2A1882m-600x899.jpg 600w, https:\/\/royalfamily.org\/wp-content\/uploads\/2020\/09\/8F2A1882m-800x1199.jpg 800w, https:\/\/royalfamily.org\/wp-content\/uploads\/2020\/09\/8F2A1882m.jpg 1182w\" sizes=\"(min-width: 2200px) 100vw, (min-width: 824px) 390px, (min-width: 732px) 585px, (min-width: 640px) 732px, \" \/><\/a><\/div><\/div><div style=\"padding:5px;\" class=\"fusion-grid-column fusion-gallery-column fusion-gallery-column-3 hover-type-none\"><div class=\"fusion-gallery-image\"><a href=\"https:\/\/royalfamily.org\/wp-content\/uploads\/2020\/09\/8F2A1911.jpg\" rel=\"noreferrer\" data-rel=\"iLightbox[gallery_image_1]\" class=\"fusion-lightbox\" target=\"_self\"><img decoding=\"async\" src=\"https:\/\/royalfamily.org\/wp-content\/uploads\/2020\/09\/8F2A1911.jpg\" width=\"1772\" height=\"1261\" alt=\"\" title=\"8F2A1911\" aria-label=\"8F2A1911\" class=\"img-responsive wp-image-65138\" srcset=\"https:\/\/royalfamily.org\/wp-content\/uploads\/2020\/09\/8F2A1911-200x142.jpg 200w, https:\/\/royalfamily.org\/wp-content\/uploads\/2020\/09\/8F2A1911-400x285.jpg 400w, https:\/\/royalfamily.org\/wp-content\/uploads\/2020\/09\/8F2A1911-600x427.jpg 600w, https:\/\/royalfamily.org\/wp-content\/uploads\/2020\/09\/8F2A1911-800x569.jpg 800w, https:\/\/royalfamily.org\/wp-content\/uploads\/2020\/09\/8F2A1911-1200x854.jpg 1200w, https:\/\/royalfamily.org\/wp-content\/uploads\/2020\/09\/8F2A1911.jpg 1772w\" sizes=\"(min-width: 2200px) 100vw, (min-width: 824px) 390px, (min-width: 732px) 585px, (min-width: 640px) 732px, \" \/><\/a><\/div><\/div><div class=\"clearfix\"><\/div><div style=\"padding:5px;\" class=\"fusion-grid-column fusion-gallery-column fusion-gallery-column-3 hover-type-none\"><div class=\"fusion-gallery-image\"><a href=\"https:\/\/royalfamily.org\/wp-content\/uploads\/2020\/09\/8F2A1884w.jpg\" rel=\"noreferrer\" data-rel=\"iLightbox[gallery_image_1]\" class=\"fusion-lightbox\" target=\"_self\"><img decoding=\"async\" src=\"https:\/\/royalfamily.org\/wp-content\/uploads\/2020\/09\/8F2A1884w.jpg\" width=\"1181\" height=\"1772\" alt=\"\" title=\"8F2A1884w\" aria-label=\"8F2A1884w\" class=\"img-responsive wp-image-65135\" srcset=\"https:\/\/royalfamily.org\/wp-content\/uploads\/2020\/09\/8F2A1884w-200x300.jpg 200w, https:\/\/royalfamily.org\/wp-content\/uploads\/2020\/09\/8F2A1884w-400x600.jpg 400w, https:\/\/royalfamily.org\/wp-content\/uploads\/2020\/09\/8F2A1884w-600x900.jpg 600w, https:\/\/royalfamily.org\/wp-content\/uploads\/2020\/09\/8F2A1884w-800x1200.jpg 800w, https:\/\/royalfamily.org\/wp-content\/uploads\/2020\/09\/8F2A1884w.jpg 1181w\" sizes=\"(min-width: 2200px) 100vw, (min-width: 824px) 390px, (min-width: 732px) 585px, (min-width: 640px) 732px, \" \/><\/a><\/div><\/div><div style=\"padding:5px;\" class=\"fusion-grid-column fusion-gallery-column fusion-gallery-column-3 hover-type-none\"><div class=\"fusion-gallery-image\"><a href=\"https:\/\/royalfamily.org\/wp-content\/uploads\/2020\/09\/8F2A1943w.jpg\" rel=\"noreferrer\" data-rel=\"iLightbox[gallery_image_1]\" class=\"fusion-lightbox\" target=\"_self\"><img decoding=\"async\" src=\"https:\/\/royalfamily.org\/wp-content\/uploads\/2020\/09\/8F2A1943w.jpg\" width=\"1772\" height=\"1181\" alt=\"\" title=\"8F2A1943w\" aria-label=\"8F2A1943w\" class=\"img-responsive wp-image-65132\" srcset=\"https:\/\/royalfamily.org\/wp-content\/uploads\/2020\/09\/8F2A1943w-200x133.jpg 200w, https:\/\/royalfamily.org\/wp-content\/uploads\/2020\/09\/8F2A1943w-400x267.jpg 400w, https:\/\/royalfamily.org\/wp-content\/uploads\/2020\/09\/8F2A1943w-600x400.jpg 600w, https:\/\/royalfamily.org\/wp-content\/uploads\/2020\/09\/8F2A1943w-800x533.jpg 800w, https:\/\/royalfamily.org\/wp-content\/uploads\/2020\/09\/8F2A1943w-1200x800.jpg 1200w, https:\/\/royalfamily.org\/wp-content\/uploads\/2020\/09\/8F2A1943w.jpg 1772w\" sizes=\"(min-width: 2200px) 100vw, (min-width: 824px) 390px, (min-width: 732px) 585px, (min-width: 640px) 732px, \" \/><\/a><\/div><\/div><div style=\"padding:5px;\" class=\"fusion-grid-column fusion-gallery-column fusion-gallery-column-3 hover-type-none\"><div class=\"fusion-gallery-image\"><a href=\"https:\/\/royalfamily.org\/wp-content\/uploads\/2020\/09\/8F2A2100w.jpg\" rel=\"noreferrer\" data-rel=\"iLightbox[gallery_image_1]\" class=\"fusion-lightbox\" target=\"_self\"><img decoding=\"async\" src=\"https:\/\/royalfamily.org\/wp-content\/uploads\/2020\/09\/8F2A2100w.jpg\" width=\"1772\" height=\"1181\" alt=\"\" title=\"8F2A2100w\" aria-label=\"8F2A2100w\" class=\"img-responsive wp-image-65129\" srcset=\"https:\/\/royalfamily.org\/wp-content\/uploads\/2020\/09\/8F2A2100w-200x133.jpg 200w, https:\/\/royalfamily.org\/wp-content\/uploads\/2020\/09\/8F2A2100w-400x267.jpg 400w, https:\/\/royalfamily.org\/wp-content\/uploads\/2020\/09\/8F2A2100w-600x400.jpg 600w, https:\/\/royalfamily.org\/wp-content\/uploads\/2020\/09\/8F2A2100w-800x533.jpg 800w, https:\/\/royalfamily.org\/wp-content\/uploads\/2020\/09\/8F2A2100w-1200x800.jpg 1200w, https:\/\/royalfamily.org\/wp-content\/uploads\/2020\/09\/8F2A2100w.jpg 1772w\" sizes=\"(min-width: 2200px) 100vw, (min-width: 824px) 390px, (min-width: 732px) 585px, (min-width: 640px) 732px, \" \/><\/a><\/div><\/div><div class=\"clearfix\"><\/div><div style=\"padding:5px;\" class=\"fusion-grid-column fusion-gallery-column fusion-gallery-column-3 hover-type-none\"><div class=\"fusion-gallery-image\"><a href=\"https:\/\/royalfamily.org\/wp-content\/uploads\/2020\/09\/8F2A2085w.jpg\" rel=\"noreferrer\" data-rel=\"iLightbox[gallery_image_1]\" class=\"fusion-lightbox\" target=\"_self\"><img decoding=\"async\" src=\"https:\/\/royalfamily.org\/wp-content\/uploads\/2020\/09\/8F2A2085w.jpg\" width=\"1772\" height=\"1181\" alt=\"\" title=\"8F2A2085w\" aria-label=\"8F2A2085w\" class=\"img-responsive wp-image-65126\" srcset=\"https:\/\/royalfamily.org\/wp-content\/uploads\/2020\/09\/8F2A2085w-200x133.jpg 200w, https:\/\/royalfamily.org\/wp-content\/uploads\/2020\/09\/8F2A2085w-400x267.jpg 400w, https:\/\/royalfamily.org\/wp-content\/uploads\/2020\/09\/8F2A2085w-600x400.jpg 600w, https:\/\/royalfamily.org\/wp-content\/uploads\/2020\/09\/8F2A2085w-800x533.jpg 800w, https:\/\/royalfamily.org\/wp-content\/uploads\/2020\/09\/8F2A2085w-1200x800.jpg 1200w, https:\/\/royalfamily.org\/wp-content\/uploads\/2020\/09\/8F2A2085w.jpg 1772w\" sizes=\"(min-width: 2200px) 100vw, (min-width: 824px) 390px, (min-width: 732px) 585px, (min-width: 640px) 732px, \" \/><\/a><\/div><\/div><\/div><\/div><div class=\"fusion-clearfix\"><\/div><\/div><\/div><\/div><\/div>\n","protected":false},"excerpt":{"rendered":"","protected":false},"author":1,"featured_media":65176,"comment_status":"closed","ping_status":"closed","sticky":false,"template":"","format":"standard","meta":{"_acf_changed":false,"footnotes":""},"categories":[22],"tags":[],"class_list":["post-65150","post","type-post","status-publish","format-standard","has-post-thumbnail","hentry","category-vesti"],"acf":[],"yoast_head":"<!-- This site is optimized with the Yoast SEO Premium plugin v27.5 (Yoast SEO v27.5) - https:\/\/yoast.com\/product\/yoast-seo-premium-wordpress\/ -->\n<title>PRESTOLONASLEDNIK ASLEKSANDAR OTKRIO SPOMENIK KRALJU PETRU I U SREMSKOJ MITROVICI - The Royal Family of Serbia<\/title>\n<meta name=\"robots\" content=\"index, follow, max-snippet:-1, max-image-preview:large, max-video-preview:-1\" \/>\n<link rel=\"canonical\" href=\"https:\/\/royalfamily.org\/lat\/prestolonaslednik-asleksandar-otkrio-spomenik\/\" \/>\n<meta property=\"og:locale\" content=\"en_US\" \/>\n<meta property=\"og:type\" content=\"article\" \/>\n<meta property=\"og:title\" content=\"PRESTOLONASLEDNIK ASLEKSANDAR OTKRIO SPOMENIK KRALJU PETRU I U SREMSKOJ MITROVICI\" \/>\n<meta property=\"og:url\" content=\"https:\/\/royalfamily.org\/lat\/prestolonaslednik-asleksandar-otkrio-spomenik\/\" \/>\n<meta property=\"og:site_name\" content=\"The Royal Family of Serbia\" \/>\n<meta property=\"article:publisher\" content=\"https:\/\/www.facebook.com\/Prestolonaslednik.Aleksandar\" \/>\n<meta property=\"article:published_time\" content=\"2020-09-20T17:03:18+00:00\" \/>\n<meta property=\"article:modified_time\" content=\"2020-09-20T19:03:18+00:00\" \/>\n<meta property=\"og:image\" content=\"https:\/\/royalfamily.org\/wp-content\/uploads\/2020\/09\/Webp.net-resizeimage-11-e1600703927554.jpg\" \/>\n\t<meta property=\"og:image:width\" content=\"740\" \/>\n\t<meta property=\"og:image:height\" content=\"493\" \/>\n\t<meta property=\"og:image:type\" content=\"image\/jpeg\" \/>\n<meta name=\"author\" content=\"Web Royal\" \/>\n<meta name=\"twitter:card\" content=\"summary_large_image\" \/>\n<meta name=\"twitter:label1\" content=\"Written by\" \/>\n\t<meta name=\"twitter:data1\" content=\"Web Royal\" \/>\n\t<meta name=\"twitter:label2\" content=\"Est. reading time\" \/>\n\t<meta name=\"twitter:data2\" content=\"5 minutes\" \/>\n<script type=\"application\/ld+json\" class=\"yoast-schema-graph\">{\"@context\":\"https:\\\/\\\/schema.org\",\"@graph\":[{\"@type\":\"Article\",\"@id\":\"https:\\\/\\\/royalfamily.org\\\/lat\\\/prestolonaslednik-asleksandar-otkrio-spomenik\\\/#article\",\"isPartOf\":{\"@id\":\"https:\\\/\\\/royalfamily.org\\\/lat\\\/prestolonaslednik-asleksandar-otkrio-spomenik\\\/\"},\"author\":{\"name\":\"Web Royal\",\"@id\":\"https:\\\/\\\/royalfamily.org\\\/#\\\/schema\\\/person\\\/49383a0c31232a928463939891db1ad5\"},\"headline\":\"PRESTOLONASLEDNIK ASLEKSANDAR OTKRIO SPOMENIK KRALJU PETRU I U SREMSKOJ MITROVICI\",\"datePublished\":\"2020-09-20T17:03:18+00:00\",\"dateModified\":\"2020-09-20T19:03:18+00:00\",\"mainEntityOfPage\":{\"@id\":\"https:\\\/\\\/royalfamily.org\\\/lat\\\/prestolonaslednik-asleksandar-otkrio-spomenik\\\/\"},\"wordCount\":912,\"publisher\":{\"@id\":\"https:\\\/\\\/royalfamily.org\\\/#organization\"},\"image\":{\"@id\":\"https:\\\/\\\/royalfamily.org\\\/lat\\\/prestolonaslednik-asleksandar-otkrio-spomenik\\\/#primaryimage\"},\"thumbnailUrl\":\"https:\\\/\\\/royalfamily.org\\\/wp-content\\\/uploads\\\/2020\\\/09\\\/Webp.net-resizeimage-11-e1600703927554.jpg\",\"articleSection\":[\"Vesti\"],\"inLanguage\":\"sr-LT\"},{\"@type\":\"WebPage\",\"@id\":\"https:\\\/\\\/royalfamily.org\\\/lat\\\/prestolonaslednik-asleksandar-otkrio-spomenik\\\/\",\"url\":\"https:\\\/\\\/royalfamily.org\\\/lat\\\/prestolonaslednik-asleksandar-otkrio-spomenik\\\/\",\"name\":\"PRESTOLONASLEDNIK ASLEKSANDAR OTKRIO SPOMENIK KRALJU PETRU I U SREMSKOJ MITROVICI - The Royal Family of Serbia\",\"isPartOf\":{\"@id\":\"https:\\\/\\\/royalfamily.org\\\/#website\"},\"primaryImageOfPage\":{\"@id\":\"https:\\\/\\\/royalfamily.org\\\/lat\\\/prestolonaslednik-asleksandar-otkrio-spomenik\\\/#primaryimage\"},\"image\":{\"@id\":\"https:\\\/\\\/royalfamily.org\\\/lat\\\/prestolonaslednik-asleksandar-otkrio-spomenik\\\/#primaryimage\"},\"thumbnailUrl\":\"https:\\\/\\\/royalfamily.org\\\/wp-content\\\/uploads\\\/2020\\\/09\\\/Webp.net-resizeimage-11-e1600703927554.jpg\",\"datePublished\":\"2020-09-20T17:03:18+00:00\",\"dateModified\":\"2020-09-20T19:03:18+00:00\",\"breadcrumb\":{\"@id\":\"https:\\\/\\\/royalfamily.org\\\/lat\\\/prestolonaslednik-asleksandar-otkrio-spomenik\\\/#breadcrumb\"},\"inLanguage\":\"sr-LT\",\"potentialAction\":[{\"@type\":\"ReadAction\",\"target\":[\"https:\\\/\\\/royalfamily.org\\\/lat\\\/prestolonaslednik-asleksandar-otkrio-spomenik\\\/\"]}]},{\"@type\":\"ImageObject\",\"inLanguage\":\"sr-LT\",\"@id\":\"https:\\\/\\\/royalfamily.org\\\/lat\\\/prestolonaslednik-asleksandar-otkrio-spomenik\\\/#primaryimage\",\"url\":\"https:\\\/\\\/royalfamily.org\\\/wp-content\\\/uploads\\\/2020\\\/09\\\/Webp.net-resizeimage-11-e1600703927554.jpg\",\"contentUrl\":\"https:\\\/\\\/royalfamily.org\\\/wp-content\\\/uploads\\\/2020\\\/09\\\/Webp.net-resizeimage-11-e1600703927554.jpg\",\"width\":740,\"height\":360},{\"@type\":\"BreadcrumbList\",\"@id\":\"https:\\\/\\\/royalfamily.org\\\/lat\\\/prestolonaslednik-asleksandar-otkrio-spomenik\\\/#breadcrumb\",\"itemListElement\":[{\"@type\":\"ListItem\",\"position\":1,\"name\":\"Home\",\"item\":\"https:\\\/\\\/royalfamily.org\\\/lat\\\/\"},{\"@type\":\"ListItem\",\"position\":2,\"name\":\"PRESTOLONASLEDNIK ASLEKSANDAR OTKRIO SPOMENIK KRALJU PETRU I U SREMSKOJ MITROVICI\"}]},{\"@type\":\"WebSite\",\"@id\":\"https:\\\/\\\/royalfamily.org\\\/#website\",\"url\":\"https:\\\/\\\/royalfamily.org\\\/\",\"name\":\"The Royal Family of Serbia\",\"description\":\"From the people, for the people\",\"publisher\":{\"@id\":\"https:\\\/\\\/royalfamily.org\\\/#organization\"},\"potentialAction\":[{\"@type\":\"SearchAction\",\"target\":{\"@type\":\"EntryPoint\",\"urlTemplate\":\"https:\\\/\\\/royalfamily.org\\\/?s={search_term_string}\"},\"query-input\":{\"@type\":\"PropertyValueSpecification\",\"valueRequired\":true,\"valueName\":\"search_term_string\"}}],\"inLanguage\":\"sr-LT\"},{\"@type\":\"Organization\",\"@id\":\"https:\\\/\\\/royalfamily.org\\\/#organization\",\"name\":\"Royal Family\",\"url\":\"https:\\\/\\\/royalfamily.org\\\/\",\"logo\":{\"@type\":\"ImageObject\",\"inLanguage\":\"sr-LT\",\"@id\":\"https:\\\/\\\/royalfamily.org\\\/#\\\/schema\\\/logo\\\/image\\\/\",\"url\":\"https:\\\/\\\/royalfamily.org\\\/wp-content\\\/uploads\\\/2019\\\/04\\\/logo-vector-02-V-latinica.png\",\"contentUrl\":\"https:\\\/\\\/royalfamily.org\\\/wp-content\\\/uploads\\\/2019\\\/04\\\/logo-vector-02-V-latinica.png\",\"width\":552,\"height\":99,\"caption\":\"Royal Family\"},\"image\":{\"@id\":\"https:\\\/\\\/royalfamily.org\\\/#\\\/schema\\\/logo\\\/image\\\/\"},\"sameAs\":[\"https:\\\/\\\/www.facebook.com\\\/Prestolonaslednik.Aleksandar\"]},{\"@type\":\"Person\",\"@id\":\"https:\\\/\\\/royalfamily.org\\\/#\\\/schema\\\/person\\\/49383a0c31232a928463939891db1ad5\",\"name\":\"Web Royal\",\"image\":{\"@type\":\"ImageObject\",\"inLanguage\":\"sr-LT\",\"@id\":\"https:\\\/\\\/secure.gravatar.com\\\/avatar\\\/8dbdbae4ed2a898dcf0dcd9d01bf41782c405af026744c66e6a62d6235a20271?s=96&d=mm&r=g\",\"url\":\"https:\\\/\\\/secure.gravatar.com\\\/avatar\\\/8dbdbae4ed2a898dcf0dcd9d01bf41782c405af026744c66e6a62d6235a20271?s=96&d=mm&r=g\",\"contentUrl\":\"https:\\\/\\\/secure.gravatar.com\\\/avatar\\\/8dbdbae4ed2a898dcf0dcd9d01bf41782c405af026744c66e6a62d6235a20271?s=96&d=mm&r=g\",\"caption\":\"Web Royal\"}}]}<\/script>\n<!-- \/ Yoast SEO Premium plugin. -->","yoast_head_json":{"title":"PRESTOLONASLEDNIK ASLEKSANDAR OTKRIO SPOMENIK KRALJU PETRU I U SREMSKOJ MITROVICI - The Royal Family of Serbia","robots":{"index":"index","follow":"follow","max-snippet":"max-snippet:-1","max-image-preview":"max-image-preview:large","max-video-preview":"max-video-preview:-1"},"canonical":"https:\/\/royalfamily.org\/lat\/prestolonaslednik-asleksandar-otkrio-spomenik\/","og_locale":"en_US","og_type":"article","og_title":"PRESTOLONASLEDNIK ASLEKSANDAR OTKRIO SPOMENIK KRALJU PETRU I U SREMSKOJ MITROVICI","og_url":"https:\/\/royalfamily.org\/lat\/prestolonaslednik-asleksandar-otkrio-spomenik\/","og_site_name":"The Royal Family of Serbia","article_publisher":"https:\/\/www.facebook.com\/Prestolonaslednik.Aleksandar","article_published_time":"2020-09-20T17:03:18+00:00","article_modified_time":"2020-09-20T19:03:18+00:00","og_image":[{"width":740,"height":493,"url":"https:\/\/royalfamily.org\/wp-content\/uploads\/2020\/09\/Webp.net-resizeimage-11-e1600703927554.jpg","type":"image\/jpeg"}],"author":"Web Royal","twitter_card":"summary_large_image","twitter_misc":{"Written by":"Web Royal","Est. reading time":"5 minutes"},"schema":{"@context":"https:\/\/schema.org","@graph":[{"@type":"Article","@id":"https:\/\/royalfamily.org\/lat\/prestolonaslednik-asleksandar-otkrio-spomenik\/#article","isPartOf":{"@id":"https:\/\/royalfamily.org\/lat\/prestolonaslednik-asleksandar-otkrio-spomenik\/"},"author":{"name":"Web Royal","@id":"https:\/\/royalfamily.org\/#\/schema\/person\/49383a0c31232a928463939891db1ad5"},"headline":"PRESTOLONASLEDNIK ASLEKSANDAR OTKRIO SPOMENIK KRALJU PETRU I U SREMSKOJ MITROVICI","datePublished":"2020-09-20T17:03:18+00:00","dateModified":"2020-09-20T19:03:18+00:00","mainEntityOfPage":{"@id":"https:\/\/royalfamily.org\/lat\/prestolonaslednik-asleksandar-otkrio-spomenik\/"},"wordCount":912,"publisher":{"@id":"https:\/\/royalfamily.org\/#organization"},"image":{"@id":"https:\/\/royalfamily.org\/lat\/prestolonaslednik-asleksandar-otkrio-spomenik\/#primaryimage"},"thumbnailUrl":"https:\/\/royalfamily.org\/wp-content\/uploads\/2020\/09\/Webp.net-resizeimage-11-e1600703927554.jpg","articleSection":["Vesti"],"inLanguage":"sr-LT"},{"@type":"WebPage","@id":"https:\/\/royalfamily.org\/lat\/prestolonaslednik-asleksandar-otkrio-spomenik\/","url":"https:\/\/royalfamily.org\/lat\/prestolonaslednik-asleksandar-otkrio-spomenik\/","name":"PRESTOLONASLEDNIK ASLEKSANDAR OTKRIO SPOMENIK KRALJU PETRU I U SREMSKOJ MITROVICI - The Royal Family of Serbia","isPartOf":{"@id":"https:\/\/royalfamily.org\/#website"},"primaryImageOfPage":{"@id":"https:\/\/royalfamily.org\/lat\/prestolonaslednik-asleksandar-otkrio-spomenik\/#primaryimage"},"image":{"@id":"https:\/\/royalfamily.org\/lat\/prestolonaslednik-asleksandar-otkrio-spomenik\/#primaryimage"},"thumbnailUrl":"https:\/\/royalfamily.org\/wp-content\/uploads\/2020\/09\/Webp.net-resizeimage-11-e1600703927554.jpg","datePublished":"2020-09-20T17:03:18+00:00","dateModified":"2020-09-20T19:03:18+00:00","breadcrumb":{"@id":"https:\/\/royalfamily.org\/lat\/prestolonaslednik-asleksandar-otkrio-spomenik\/#breadcrumb"},"inLanguage":"sr-LT","potentialAction":[{"@type":"ReadAction","target":["https:\/\/royalfamily.org\/lat\/prestolonaslednik-asleksandar-otkrio-spomenik\/"]}]},{"@type":"ImageObject","inLanguage":"sr-LT","@id":"https:\/\/royalfamily.org\/lat\/prestolonaslednik-asleksandar-otkrio-spomenik\/#primaryimage","url":"https:\/\/royalfamily.org\/wp-content\/uploads\/2020\/09\/Webp.net-resizeimage-11-e1600703927554.jpg","contentUrl":"https:\/\/royalfamily.org\/wp-content\/uploads\/2020\/09\/Webp.net-resizeimage-11-e1600703927554.jpg","width":740,"height":360},{"@type":"BreadcrumbList","@id":"https:\/\/royalfamily.org\/lat\/prestolonaslednik-asleksandar-otkrio-spomenik\/#breadcrumb","itemListElement":[{"@type":"ListItem","position":1,"name":"Home","item":"https:\/\/royalfamily.org\/lat\/"},{"@type":"ListItem","position":2,"name":"PRESTOLONASLEDNIK ASLEKSANDAR OTKRIO SPOMENIK KRALJU PETRU I U SREMSKOJ MITROVICI"}]},{"@type":"WebSite","@id":"https:\/\/royalfamily.org\/#website","url":"https:\/\/royalfamily.org\/","name":"The Royal Family of Serbia","description":"From the people, for the people","publisher":{"@id":"https:\/\/royalfamily.org\/#organization"},"potentialAction":[{"@type":"SearchAction","target":{"@type":"EntryPoint","urlTemplate":"https:\/\/royalfamily.org\/?s={search_term_string}"},"query-input":{"@type":"PropertyValueSpecification","valueRequired":true,"valueName":"search_term_string"}}],"inLanguage":"sr-LT"},{"@type":"Organization","@id":"https:\/\/royalfamily.org\/#organization","name":"Royal Family","url":"https:\/\/royalfamily.org\/","logo":{"@type":"ImageObject","inLanguage":"sr-LT","@id":"https:\/\/royalfamily.org\/#\/schema\/logo\/image\/","url":"https:\/\/royalfamily.org\/wp-content\/uploads\/2019\/04\/logo-vector-02-V-latinica.png","contentUrl":"https:\/\/royalfamily.org\/wp-content\/uploads\/2019\/04\/logo-vector-02-V-latinica.png","width":552,"height":99,"caption":"Royal Family"},"image":{"@id":"https:\/\/royalfamily.org\/#\/schema\/logo\/image\/"},"sameAs":["https:\/\/www.facebook.com\/Prestolonaslednik.Aleksandar"]},{"@type":"Person","@id":"https:\/\/royalfamily.org\/#\/schema\/person\/49383a0c31232a928463939891db1ad5","name":"Web Royal","image":{"@type":"ImageObject","inLanguage":"sr-LT","@id":"https:\/\/secure.gravatar.com\/avatar\/8dbdbae4ed2a898dcf0dcd9d01bf41782c405af026744c66e6a62d6235a20271?s=96&d=mm&r=g","url":"https:\/\/secure.gravatar.com\/avatar\/8dbdbae4ed2a898dcf0dcd9d01bf41782c405af026744c66e6a62d6235a20271?s=96&d=mm&r=g","contentUrl":"https:\/\/secure.gravatar.com\/avatar\/8dbdbae4ed2a898dcf0dcd9d01bf41782c405af026744c66e6a62d6235a20271?s=96&d=mm&r=g","caption":"Web Royal"}}]}},"_links":{"self":[{"href":"https:\/\/royalfamily.org\/lat\/wp-json\/wp\/v2\/posts\/65150","targetHints":{"allow":["GET"]}}],"collection":[{"href":"https:\/\/royalfamily.org\/lat\/wp-json\/wp\/v2\/posts"}],"about":[{"href":"https:\/\/royalfamily.org\/lat\/wp-json\/wp\/v2\/types\/post"}],"author":[{"embeddable":true,"href":"https:\/\/royalfamily.org\/lat\/wp-json\/wp\/v2\/users\/1"}],"replies":[{"embeddable":true,"href":"https:\/\/royalfamily.org\/lat\/wp-json\/wp\/v2\/comments?post=65150"}],"version-history":[{"count":2,"href":"https:\/\/royalfamily.org\/lat\/wp-json\/wp\/v2\/posts\/65150\/revisions"}],"predecessor-version":[{"id":65154,"href":"https:\/\/royalfamily.org\/lat\/wp-json\/wp\/v2\/posts\/65150\/revisions\/65154"}],"wp:featuredmedia":[{"embeddable":true,"href":"https:\/\/royalfamily.org\/lat\/wp-json\/wp\/v2\/media\/65176"}],"wp:attachment":[{"href":"https:\/\/royalfamily.org\/lat\/wp-json\/wp\/v2\/media?parent=65150"}],"wp:term":[{"taxonomy":"category","embeddable":true,"href":"https:\/\/royalfamily.org\/lat\/wp-json\/wp\/v2\/categories?post=65150"},{"taxonomy":"post_tag","embeddable":true,"href":"https:\/\/royalfamily.org\/lat\/wp-json\/wp\/v2\/tags?post=65150"}],"curies":[{"name":"wp","href":"https:\/\/api.w.org\/{rel}","templated":true}]}}