{"id":65202,"date":"2020-09-26T18:24:56","date_gmt":"2020-09-26T16:24:56","guid":{"rendered":"https:\/\/royalfamily.org\/?p=65202"},"modified":"2020-09-26T18:24:56","modified_gmt":"2020-09-26T18:24:56","slug":"prestolonaslednik-aleksandar-cestitao-jom-kipur-5","status":"publish","type":"post","link":"https:\/\/royalfamily.org\/lat\/prestolonaslednik-aleksandar-cestitao-jom-kipur-5\/","title":{"rendered":"PRESTOLONASLEDNIK ALEKSANDAR \u010cESTITAO JOM KIPUR"},"content":{"rendered":"<p>Njegovo Kraljevsko Viso\u010danstvo Prestolonaslednik Aleksandar uputio je \u010destitke povodom Jom Kipura, najsvetijeg i najsve\u010danijeg praznika u jevrejskoj verskoj godini pripadnicima jevrejske verske zajednice u Srbiji i Republici Srpskoj.<\/p>\n<p>\u201e Iskreno \u017eelim da ovaj dan provedete u dubokom razmi\u0161ljanju i produbljivanju posve\u0107enosti plemenitim idealima va\u0161e vere. Neka ovaj praznik vas, va\u0161u porodicu i sve pripadnike jevrejske zajednice u Srbiji i Republici srpskoj blagoslovi dobrim zdravljem, obiljem sre\u0107e, slogom i mirom \u0161irom sveta\u201c, istakao je Prestolonaslednik u svom pismu.<\/p>\n<p>Njegovo Kraljevsko Viso\u010danstvo \u010destitao je Nj.E. gospodinu Jahel Vilanu \u2013 ambasadoru Izraela, g. Isaku Asielu \u2013 velikom rabinu Jevrejske zajednice u Srbiji, g. Robertu Sabado\u0161u \u2013 predsedniku Saveza jevrejskih zajednica Srbije, g-din Danilu Medi\u0107u \u2013 predsedniku jevrejske zajednice Beograd, dr Jo\u0161ui \u0160tajnfeldu \u2013 predsedniku Jevrejske zajednice Subotica, g. Nenadu Fogelu \u2013 predsedniku Jevrejske zajednice Zemun, g. Mirku Adamu \u2013 predsedniku Jevrejske zajednice iz Novog Sada, gospo\u0111i Sandri Papo-Fi\u0161er \u2013 predsednici Jevrejske zajednice Sombor, gospo\u0111i Ljiljani Popov \u2013 predsednici Jevrejske zajednice Zrenjanin, gospo\u0111i Neveni Kne\u017eevi\u0107 \u2013 predsednici Jevrejske zajednice Kikinde, g. Davidu Montiasu \u2013 predsedniku Jevrejske zajednice Pan\u010deva, gospo\u0111i Jasni \u0106iri\u0107 \u2013 predsedniku Jevrejske zajednice Ni\u0161 i g. Aria Livne \u2013 predsedniku Jevrejske zajednice Banjaluke.<\/p>\n","protected":false},"excerpt":{"rendered":"<p>Njegovo Kraljevsko Viso\u010danstvo Prestolonaslednik Aleksandar uputio je \u010destitke povodom Jom Kipura, najsvetijeg i najsve\u010danijeg praznika  [&#8230;]<\/p>\n","protected":false},"author":1,"featured_media":65200,"comment_status":"closed","ping_status":"closed","sticky":false,"template":"","format":"standard","meta":{"_acf_changed":false,"footnotes":""},"categories":[22],"tags":[],"class_list":["post-65202","post","type-post","status-publish","format-standard","has-post-thumbnail","hentry","category-vesti"],"acf":[],"yoast_head":"<!-- This site is optimized with the Yoast SEO Premium plugin v27.4 (Yoast SEO v27.4) - https:\/\/yoast.com\/product\/yoast-seo-premium-wordpress\/ -->\n<title>PRESTOLONASLEDNIK ALEKSANDAR \u010cESTITAO JOM KIPUR - The Royal Family of Serbia<\/title>\n<meta name=\"description\" content=\"Njegovo Kraljevsko Viso\u010danstvo Prestolonaslednik Aleksandar uputio je \u010destitke povodom Jom Kipura, najsvetijeg i najsve\u010danijeg praznika u jevrejskoj\" \/>\n<meta name=\"robots\" content=\"index, follow, max-snippet:-1, max-image-preview:large, max-video-preview:-1\" \/>\n<link rel=\"canonical\" href=\"https:\/\/royalfamily.org\/lat\/prestolonaslednik-aleksandar-cestitao-jom-kipur-5\/\" \/>\n<meta property=\"og:locale\" content=\"en_US\" \/>\n<meta property=\"og:type\" content=\"article\" \/>\n<meta property=\"og:title\" content=\"PRESTOLONASLEDNIK ALEKSANDAR \u010cESTITAO JOM KIPUR\" \/>\n<meta property=\"og:description\" content=\"Njegovo Kraljevsko Viso\u010danstvo Prestolonaslednik Aleksandar uputio je \u010destitke povodom Jom Kipura, najsvetijeg i najsve\u010danijeg praznika u jevrejskoj\" \/>\n<meta property=\"og:url\" content=\"https:\/\/royalfamily.org\/lat\/prestolonaslednik-aleksandar-cestitao-jom-kipur-5\/\" \/>\n<meta property=\"og:site_name\" content=\"The Royal Family of Serbia\" \/>\n<meta property=\"article:publisher\" content=\"https:\/\/www.facebook.com\/Prestolonaslednik.Aleksandar\" \/>\n<meta property=\"article:published_time\" content=\"2020-09-26T16:24:56+00:00\" \/>\n<meta property=\"article:modified_time\" content=\"2020-09-26T18:24:56+00:00\" \/>\n<meta property=\"og:image\" content=\"https:\/\/royalfamily.org\/wp-content\/uploads\/2020\/09\/Webp.net-resizeimage-13-e1601483135231.jpg\" \/>\n\t<meta property=\"og:image:width\" content=\"740\" \/>\n\t<meta property=\"og:image:height\" content=\"360\" \/>\n\t<meta property=\"og:image:type\" content=\"image\/jpeg\" \/>\n<meta name=\"author\" content=\"Web Royal\" \/>\n<meta name=\"twitter:card\" content=\"summary_large_image\" \/>\n<meta name=\"twitter:label1\" content=\"Written by\" \/>\n\t<meta name=\"twitter:data1\" content=\"Web Royal\" \/>\n\t<meta name=\"twitter:label2\" content=\"Est. reading time\" \/>\n\t<meta name=\"twitter:data2\" content=\"1 minute\" \/>\n<script type=\"application\/ld+json\" class=\"yoast-schema-graph\">{\"@context\":\"https:\\\/\\\/schema.org\",\"@graph\":[{\"@type\":\"Article\",\"@id\":\"https:\\\/\\\/royalfamily.org\\\/lat\\\/prestolonaslednik-aleksandar-cestitao-jom-kipur-5\\\/#article\",\"isPartOf\":{\"@id\":\"https:\\\/\\\/royalfamily.org\\\/lat\\\/prestolonaslednik-aleksandar-cestitao-jom-kipur-5\\\/\"},\"author\":{\"name\":\"Web Royal\",\"@id\":\"https:\\\/\\\/royalfamily.org\\\/#\\\/schema\\\/person\\\/49383a0c31232a928463939891db1ad5\"},\"headline\":\"PRESTOLONASLEDNIK ALEKSANDAR \u010cESTITAO JOM KIPUR\",\"datePublished\":\"2020-09-26T16:24:56+00:00\",\"dateModified\":\"2020-09-26T18:24:56+00:00\",\"mainEntityOfPage\":{\"@id\":\"https:\\\/\\\/royalfamily.org\\\/lat\\\/prestolonaslednik-aleksandar-cestitao-jom-kipur-5\\\/\"},\"wordCount\":201,\"publisher\":{\"@id\":\"https:\\\/\\\/royalfamily.org\\\/#organization\"},\"image\":{\"@id\":\"https:\\\/\\\/royalfamily.org\\\/lat\\\/prestolonaslednik-aleksandar-cestitao-jom-kipur-5\\\/#primaryimage\"},\"thumbnailUrl\":\"https:\\\/\\\/royalfamily.org\\\/wp-content\\\/uploads\\\/2020\\\/09\\\/Webp.net-resizeimage-13-e1601483135231.jpg\",\"articleSection\":[\"Vesti\"],\"inLanguage\":\"sr-LT\"},{\"@type\":\"WebPage\",\"@id\":\"https:\\\/\\\/royalfamily.org\\\/lat\\\/prestolonaslednik-aleksandar-cestitao-jom-kipur-5\\\/\",\"url\":\"https:\\\/\\\/royalfamily.org\\\/lat\\\/prestolonaslednik-aleksandar-cestitao-jom-kipur-5\\\/\",\"name\":\"PRESTOLONASLEDNIK ALEKSANDAR \u010cESTITAO JOM KIPUR - The Royal Family of Serbia\",\"isPartOf\":{\"@id\":\"https:\\\/\\\/royalfamily.org\\\/#website\"},\"primaryImageOfPage\":{\"@id\":\"https:\\\/\\\/royalfamily.org\\\/lat\\\/prestolonaslednik-aleksandar-cestitao-jom-kipur-5\\\/#primaryimage\"},\"image\":{\"@id\":\"https:\\\/\\\/royalfamily.org\\\/lat\\\/prestolonaslednik-aleksandar-cestitao-jom-kipur-5\\\/#primaryimage\"},\"thumbnailUrl\":\"https:\\\/\\\/royalfamily.org\\\/wp-content\\\/uploads\\\/2020\\\/09\\\/Webp.net-resizeimage-13-e1601483135231.jpg\",\"datePublished\":\"2020-09-26T16:24:56+00:00\",\"dateModified\":\"2020-09-26T18:24:56+00:00\",\"description\":\"Njegovo Kraljevsko Viso\u010danstvo Prestolonaslednik Aleksandar uputio je \u010destitke povodom Jom Kipura, najsvetijeg i najsve\u010danijeg praznika u jevrejskoj\",\"breadcrumb\":{\"@id\":\"https:\\\/\\\/royalfamily.org\\\/lat\\\/prestolonaslednik-aleksandar-cestitao-jom-kipur-5\\\/#breadcrumb\"},\"inLanguage\":\"sr-LT\",\"potentialAction\":[{\"@type\":\"ReadAction\",\"target\":[\"https:\\\/\\\/royalfamily.org\\\/lat\\\/prestolonaslednik-aleksandar-cestitao-jom-kipur-5\\\/\"]}]},{\"@type\":\"ImageObject\",\"inLanguage\":\"sr-LT\",\"@id\":\"https:\\\/\\\/royalfamily.org\\\/lat\\\/prestolonaslednik-aleksandar-cestitao-jom-kipur-5\\\/#primaryimage\",\"url\":\"https:\\\/\\\/royalfamily.org\\\/wp-content\\\/uploads\\\/2020\\\/09\\\/Webp.net-resizeimage-13-e1601483135231.jpg\",\"contentUrl\":\"https:\\\/\\\/royalfamily.org\\\/wp-content\\\/uploads\\\/2020\\\/09\\\/Webp.net-resizeimage-13-e1601483135231.jpg\",\"width\":740,\"height\":360},{\"@type\":\"BreadcrumbList\",\"@id\":\"https:\\\/\\\/royalfamily.org\\\/lat\\\/prestolonaslednik-aleksandar-cestitao-jom-kipur-5\\\/#breadcrumb\",\"itemListElement\":[{\"@type\":\"ListItem\",\"position\":1,\"name\":\"Home\",\"item\":\"https:\\\/\\\/royalfamily.org\\\/lat\\\/\"},{\"@type\":\"ListItem\",\"position\":2,\"name\":\"PRESTOLONASLEDNIK ALEKSANDAR \u010cESTITAO JOM KIPUR\"}]},{\"@type\":\"WebSite\",\"@id\":\"https:\\\/\\\/royalfamily.org\\\/#website\",\"url\":\"https:\\\/\\\/royalfamily.org\\\/\",\"name\":\"The Royal Family of Serbia\",\"description\":\"From the people, for the people\",\"publisher\":{\"@id\":\"https:\\\/\\\/royalfamily.org\\\/#organization\"},\"potentialAction\":[{\"@type\":\"SearchAction\",\"target\":{\"@type\":\"EntryPoint\",\"urlTemplate\":\"https:\\\/\\\/royalfamily.org\\\/?s={search_term_string}\"},\"query-input\":{\"@type\":\"PropertyValueSpecification\",\"valueRequired\":true,\"valueName\":\"search_term_string\"}}],\"inLanguage\":\"sr-LT\"},{\"@type\":\"Organization\",\"@id\":\"https:\\\/\\\/royalfamily.org\\\/#organization\",\"name\":\"Royal Family\",\"url\":\"https:\\\/\\\/royalfamily.org\\\/\",\"logo\":{\"@type\":\"ImageObject\",\"inLanguage\":\"sr-LT\",\"@id\":\"https:\\\/\\\/royalfamily.org\\\/#\\\/schema\\\/logo\\\/image\\\/\",\"url\":\"https:\\\/\\\/royalfamily.org\\\/wp-content\\\/uploads\\\/2019\\\/04\\\/logo-vector-02-V-latinica.png\",\"contentUrl\":\"https:\\\/\\\/royalfamily.org\\\/wp-content\\\/uploads\\\/2019\\\/04\\\/logo-vector-02-V-latinica.png\",\"width\":552,\"height\":99,\"caption\":\"Royal Family\"},\"image\":{\"@id\":\"https:\\\/\\\/royalfamily.org\\\/#\\\/schema\\\/logo\\\/image\\\/\"},\"sameAs\":[\"https:\\\/\\\/www.facebook.com\\\/Prestolonaslednik.Aleksandar\"]},{\"@type\":\"Person\",\"@id\":\"https:\\\/\\\/royalfamily.org\\\/#\\\/schema\\\/person\\\/49383a0c31232a928463939891db1ad5\",\"name\":\"Web Royal\",\"image\":{\"@type\":\"ImageObject\",\"inLanguage\":\"sr-LT\",\"@id\":\"https:\\\/\\\/secure.gravatar.com\\\/avatar\\\/8dbdbae4ed2a898dcf0dcd9d01bf41782c405af026744c66e6a62d6235a20271?s=96&d=mm&r=g\",\"url\":\"https:\\\/\\\/secure.gravatar.com\\\/avatar\\\/8dbdbae4ed2a898dcf0dcd9d01bf41782c405af026744c66e6a62d6235a20271?s=96&d=mm&r=g\",\"contentUrl\":\"https:\\\/\\\/secure.gravatar.com\\\/avatar\\\/8dbdbae4ed2a898dcf0dcd9d01bf41782c405af026744c66e6a62d6235a20271?s=96&d=mm&r=g\",\"caption\":\"Web Royal\"}}]}<\/script>\n<!-- \/ Yoast SEO Premium plugin. -->","yoast_head_json":{"title":"PRESTOLONASLEDNIK ALEKSANDAR \u010cESTITAO JOM KIPUR - The Royal Family of Serbia","description":"Njegovo Kraljevsko Viso\u010danstvo Prestolonaslednik Aleksandar uputio je \u010destitke povodom Jom Kipura, najsvetijeg i najsve\u010danijeg praznika u jevrejskoj","robots":{"index":"index","follow":"follow","max-snippet":"max-snippet:-1","max-image-preview":"max-image-preview:large","max-video-preview":"max-video-preview:-1"},"canonical":"https:\/\/royalfamily.org\/lat\/prestolonaslednik-aleksandar-cestitao-jom-kipur-5\/","og_locale":"en_US","og_type":"article","og_title":"PRESTOLONASLEDNIK ALEKSANDAR \u010cESTITAO JOM KIPUR","og_description":"Njegovo Kraljevsko Viso\u010danstvo Prestolonaslednik Aleksandar uputio je \u010destitke povodom Jom Kipura, najsvetijeg i najsve\u010danijeg praznika u jevrejskoj","og_url":"https:\/\/royalfamily.org\/lat\/prestolonaslednik-aleksandar-cestitao-jom-kipur-5\/","og_site_name":"The Royal Family of Serbia","article_publisher":"https:\/\/www.facebook.com\/Prestolonaslednik.Aleksandar","article_published_time":"2020-09-26T16:24:56+00:00","article_modified_time":"2020-09-26T18:24:56+00:00","og_image":[{"width":740,"height":360,"url":"https:\/\/royalfamily.org\/wp-content\/uploads\/2020\/09\/Webp.net-resizeimage-13-e1601483135231.jpg","type":"image\/jpeg"}],"author":"Web Royal","twitter_card":"summary_large_image","twitter_misc":{"Written by":"Web Royal","Est. reading time":"1 minute"},"schema":{"@context":"https:\/\/schema.org","@graph":[{"@type":"Article","@id":"https:\/\/royalfamily.org\/lat\/prestolonaslednik-aleksandar-cestitao-jom-kipur-5\/#article","isPartOf":{"@id":"https:\/\/royalfamily.org\/lat\/prestolonaslednik-aleksandar-cestitao-jom-kipur-5\/"},"author":{"name":"Web Royal","@id":"https:\/\/royalfamily.org\/#\/schema\/person\/49383a0c31232a928463939891db1ad5"},"headline":"PRESTOLONASLEDNIK ALEKSANDAR \u010cESTITAO JOM KIPUR","datePublished":"2020-09-26T16:24:56+00:00","dateModified":"2020-09-26T18:24:56+00:00","mainEntityOfPage":{"@id":"https:\/\/royalfamily.org\/lat\/prestolonaslednik-aleksandar-cestitao-jom-kipur-5\/"},"wordCount":201,"publisher":{"@id":"https:\/\/royalfamily.org\/#organization"},"image":{"@id":"https:\/\/royalfamily.org\/lat\/prestolonaslednik-aleksandar-cestitao-jom-kipur-5\/#primaryimage"},"thumbnailUrl":"https:\/\/royalfamily.org\/wp-content\/uploads\/2020\/09\/Webp.net-resizeimage-13-e1601483135231.jpg","articleSection":["Vesti"],"inLanguage":"sr-LT"},{"@type":"WebPage","@id":"https:\/\/royalfamily.org\/lat\/prestolonaslednik-aleksandar-cestitao-jom-kipur-5\/","url":"https:\/\/royalfamily.org\/lat\/prestolonaslednik-aleksandar-cestitao-jom-kipur-5\/","name":"PRESTOLONASLEDNIK ALEKSANDAR \u010cESTITAO JOM KIPUR - The Royal Family of Serbia","isPartOf":{"@id":"https:\/\/royalfamily.org\/#website"},"primaryImageOfPage":{"@id":"https:\/\/royalfamily.org\/lat\/prestolonaslednik-aleksandar-cestitao-jom-kipur-5\/#primaryimage"},"image":{"@id":"https:\/\/royalfamily.org\/lat\/prestolonaslednik-aleksandar-cestitao-jom-kipur-5\/#primaryimage"},"thumbnailUrl":"https:\/\/royalfamily.org\/wp-content\/uploads\/2020\/09\/Webp.net-resizeimage-13-e1601483135231.jpg","datePublished":"2020-09-26T16:24:56+00:00","dateModified":"2020-09-26T18:24:56+00:00","description":"Njegovo Kraljevsko Viso\u010danstvo Prestolonaslednik Aleksandar uputio je \u010destitke povodom Jom Kipura, najsvetijeg i najsve\u010danijeg praznika u jevrejskoj","breadcrumb":{"@id":"https:\/\/royalfamily.org\/lat\/prestolonaslednik-aleksandar-cestitao-jom-kipur-5\/#breadcrumb"},"inLanguage":"sr-LT","potentialAction":[{"@type":"ReadAction","target":["https:\/\/royalfamily.org\/lat\/prestolonaslednik-aleksandar-cestitao-jom-kipur-5\/"]}]},{"@type":"ImageObject","inLanguage":"sr-LT","@id":"https:\/\/royalfamily.org\/lat\/prestolonaslednik-aleksandar-cestitao-jom-kipur-5\/#primaryimage","url":"https:\/\/royalfamily.org\/wp-content\/uploads\/2020\/09\/Webp.net-resizeimage-13-e1601483135231.jpg","contentUrl":"https:\/\/royalfamily.org\/wp-content\/uploads\/2020\/09\/Webp.net-resizeimage-13-e1601483135231.jpg","width":740,"height":360},{"@type":"BreadcrumbList","@id":"https:\/\/royalfamily.org\/lat\/prestolonaslednik-aleksandar-cestitao-jom-kipur-5\/#breadcrumb","itemListElement":[{"@type":"ListItem","position":1,"name":"Home","item":"https:\/\/royalfamily.org\/lat\/"},{"@type":"ListItem","position":2,"name":"PRESTOLONASLEDNIK ALEKSANDAR \u010cESTITAO JOM KIPUR"}]},{"@type":"WebSite","@id":"https:\/\/royalfamily.org\/#website","url":"https:\/\/royalfamily.org\/","name":"The Royal Family of Serbia","description":"From the people, for the people","publisher":{"@id":"https:\/\/royalfamily.org\/#organization"},"potentialAction":[{"@type":"SearchAction","target":{"@type":"EntryPoint","urlTemplate":"https:\/\/royalfamily.org\/?s={search_term_string}"},"query-input":{"@type":"PropertyValueSpecification","valueRequired":true,"valueName":"search_term_string"}}],"inLanguage":"sr-LT"},{"@type":"Organization","@id":"https:\/\/royalfamily.org\/#organization","name":"Royal Family","url":"https:\/\/royalfamily.org\/","logo":{"@type":"ImageObject","inLanguage":"sr-LT","@id":"https:\/\/royalfamily.org\/#\/schema\/logo\/image\/","url":"https:\/\/royalfamily.org\/wp-content\/uploads\/2019\/04\/logo-vector-02-V-latinica.png","contentUrl":"https:\/\/royalfamily.org\/wp-content\/uploads\/2019\/04\/logo-vector-02-V-latinica.png","width":552,"height":99,"caption":"Royal Family"},"image":{"@id":"https:\/\/royalfamily.org\/#\/schema\/logo\/image\/"},"sameAs":["https:\/\/www.facebook.com\/Prestolonaslednik.Aleksandar"]},{"@type":"Person","@id":"https:\/\/royalfamily.org\/#\/schema\/person\/49383a0c31232a928463939891db1ad5","name":"Web Royal","image":{"@type":"ImageObject","inLanguage":"sr-LT","@id":"https:\/\/secure.gravatar.com\/avatar\/8dbdbae4ed2a898dcf0dcd9d01bf41782c405af026744c66e6a62d6235a20271?s=96&d=mm&r=g","url":"https:\/\/secure.gravatar.com\/avatar\/8dbdbae4ed2a898dcf0dcd9d01bf41782c405af026744c66e6a62d6235a20271?s=96&d=mm&r=g","contentUrl":"https:\/\/secure.gravatar.com\/avatar\/8dbdbae4ed2a898dcf0dcd9d01bf41782c405af026744c66e6a62d6235a20271?s=96&d=mm&r=g","caption":"Web Royal"}}]}},"_links":{"self":[{"href":"https:\/\/royalfamily.org\/lat\/wp-json\/wp\/v2\/posts\/65202","targetHints":{"allow":["GET"]}}],"collection":[{"href":"https:\/\/royalfamily.org\/lat\/wp-json\/wp\/v2\/posts"}],"about":[{"href":"https:\/\/royalfamily.org\/lat\/wp-json\/wp\/v2\/types\/post"}],"author":[{"embeddable":true,"href":"https:\/\/royalfamily.org\/lat\/wp-json\/wp\/v2\/users\/1"}],"replies":[{"embeddable":true,"href":"https:\/\/royalfamily.org\/lat\/wp-json\/wp\/v2\/comments?post=65202"}],"version-history":[{"count":1,"href":"https:\/\/royalfamily.org\/lat\/wp-json\/wp\/v2\/posts\/65202\/revisions"}],"predecessor-version":[{"id":65203,"href":"https:\/\/royalfamily.org\/lat\/wp-json\/wp\/v2\/posts\/65202\/revisions\/65203"}],"wp:featuredmedia":[{"embeddable":true,"href":"https:\/\/royalfamily.org\/lat\/wp-json\/wp\/v2\/media\/65200"}],"wp:attachment":[{"href":"https:\/\/royalfamily.org\/lat\/wp-json\/wp\/v2\/media?parent=65202"}],"wp:term":[{"taxonomy":"category","embeddable":true,"href":"https:\/\/royalfamily.org\/lat\/wp-json\/wp\/v2\/categories?post=65202"},{"taxonomy":"post_tag","embeddable":true,"href":"https:\/\/royalfamily.org\/lat\/wp-json\/wp\/v2\/tags?post=65202"}],"curies":[{"name":"wp","href":"https:\/\/api.w.org\/{rel}","templated":true}]}}