{"id":65226,"date":"2020-09-29T18:40:20","date_gmt":"2020-09-29T16:40:20","guid":{"rendered":"https:\/\/royalfamily.org\/?p=65226"},"modified":"2020-09-29T18:40:20","modified_gmt":"2020-09-29T18:40:20","slug":"obezbedili-pomoc-skoli-u-selu-bliznak2","status":"publish","type":"post","link":"https:\/\/royalfamily.org\/lat\/obezbedili-pomoc-skoli-u-selu-bliznak2\/","title":{"rendered":"FONDACIJA PRINCEZE KATARINE I HUMANITARNA ORGANIZACIJA LAJFLAJN \u010cIKAGO OBEZBEDILI POMO\u0106 U VREDNOSTI OD 10,750 DOLARA \u0160KOLI U SELU BLIZNAK"},"content":{"rendered":"<div class=\"fusion-fullwidth fullwidth-box fusion-builder-row-1 nonhundred-percent-fullwidth non-hundred-percent-height-scrolling\" style=\"--awb-border-radius-top-left:0px;--awb-border-radius-top-right:0px;--awb-border-radius-bottom-right:0px;--awb-border-radius-bottom-left:0px;--awb-flex-wrap:wrap;\" ><div class=\"fusion-builder-row fusion-row\"><div class=\"fusion-layout-column fusion_builder_column fusion-builder-column-0 fusion_builder_column_1_1 1_1 fusion-one-full fusion-column-first fusion-column-last\" style=\"--awb-bg-size:cover;--awb-margin-bottom:0px;\"><div class=\"fusion-column-wrapper fusion-flex-column-wrapper-legacy\"><div class=\"fusion-text fusion-text-1\"><p>Humanitarna organizacija Lajflajn iz \u010cikaga obezbedila je donaciju Fondaciji Nj.K.V. Princeze Katarine, od porodice Speranca, u znak se\u0107anja na njihovog brata Daglasa Vajteheda, u vrednosti od 10,750 ameri\u010dkih dolara.<\/p>\n<p>Zahvaljujemo se porodici Speranca na ovoj neverovatno velikodu\u0161noj donaciji! Ona ima za cilj da pomogne osnovnoj \u0161koli \u201eJovan \u0160erbanovi\u0107\u201c u selu Bliznak, obezbe\u0111ivanjem najnovije ra\u010dunarske opreme, name\u0161taja za u\u010dionice, knjiga za biblioteku, novog igrali\u0161ta i sportske opreme, ran\u010deva sa \u0161kolskim priborom i kutija sa obrazovnim materijalima i igrama, kao i svega drugog \u0161to je \u0161koli dugi niz godina bilo potrebno za kvalitetno obrazovanje.<\/p>\n<p>Nj.K.V. Princeza Katarina veoma je sre\u0107na zbog pomo\u0107i pru\u017eene ovoj \u0161koli: \u201eHumanitarna organizacija Lajflajn iz \u010cikaga, \u010diji sam pokrovitelj vi\u0161e od 25 godina, neumorno radi za na\u0161u decu. Srbija nije samo Beograd, mi poma\u017eemo \u0161kolama \u0161irom Srbije i Republike Srpske. Posebno sam zahvalna na\u0161im velikodu\u0161nim donatorima, porodici Speranca, koja brine o na\u0161oj deci i pru\u017ea im pomo\u0107 tokom ovih te\u0161kih vremena. Bog vas blagoslovio \u0161to poma\u017eete na\u0161oj deci! Na\u0161a deca \u0107e sada mo\u0107i da se usredsrede na u\u010denje i da u\u017eivaju u \u0161kolovanju. \u017delim im puno uspeha u novoj \u0161kolskoj godini!\u201c<\/p>\n<p>Gospodin Goran Milinkovi\u0107, direktor \u0161kole, naglasio je da ova donacija mnogo zna\u010di \u0161koli i u\u010denicima i zahvalio porodici Speranca koja ju je omogu\u0107ila, kao i Humanitarnoj organizaciji Lajflajn iz \u010cikaga i Nj.K.V. Princezi Katarini.<\/p>\n<\/div><div class=\"awb-gallery-wrapper awb-gallery-wrapper-1 button-span-no\" data-limit=\"20\" data-page=\"1\"><div style=\"margin:-5px;--awb-bordersize:0px;\" class=\"fusion-gallery fusion-gallery-container fusion-grid-3 fusion-columns-total-4 fusion-gallery-layout-grid fusion-gallery-1\"><div style=\"padding:5px;\" class=\"fusion-grid-column fusion-gallery-column fusion-gallery-column-3 hover-type-none\"><div class=\"fusion-gallery-image\"><a href=\"https:\/\/royalfamily.org\/wp-content\/uploads\/2020\/09\/21w.jpg\" rel=\"noreferrer\" data-rel=\"iLightbox[gallery_image_1]\" class=\"fusion-lightbox\" target=\"_self\"><img decoding=\"async\" src=\"https:\/\/royalfamily.org\/wp-content\/uploads\/2020\/09\/21w.jpg\" width=\"1772\" height=\"997\" alt=\"\" title=\"21w\" aria-label=\"21w\" class=\"img-responsive wp-image-65221\" srcset=\"https:\/\/royalfamily.org\/wp-content\/uploads\/2020\/09\/21w-200x113.jpg 200w, https:\/\/royalfamily.org\/wp-content\/uploads\/2020\/09\/21w-400x225.jpg 400w, https:\/\/royalfamily.org\/wp-content\/uploads\/2020\/09\/21w-600x338.jpg 600w, https:\/\/royalfamily.org\/wp-content\/uploads\/2020\/09\/21w-800x450.jpg 800w, https:\/\/royalfamily.org\/wp-content\/uploads\/2020\/09\/21w-1200x675.jpg 1200w, https:\/\/royalfamily.org\/wp-content\/uploads\/2020\/09\/21w.jpg 1772w\" sizes=\"(min-width: 2200px) 100vw, (min-width: 824px) 390px, (min-width: 732px) 585px, (min-width: 640px) 732px, \" \/><\/a><\/div><\/div><div style=\"padding:5px;\" class=\"fusion-grid-column fusion-gallery-column fusion-gallery-column-3 hover-type-none\"><div class=\"fusion-gallery-image\"><a href=\"https:\/\/royalfamily.org\/wp-content\/uploads\/2020\/09\/13w.jpg\" rel=\"noreferrer\" data-rel=\"iLightbox[gallery_image_1]\" class=\"fusion-lightbox\" target=\"_self\"><img decoding=\"async\" src=\"https:\/\/royalfamily.org\/wp-content\/uploads\/2020\/09\/13w.jpg\" width=\"1772\" height=\"1181\" alt=\"\" title=\"13w\" aria-label=\"13w\" class=\"img-responsive wp-image-65218\" srcset=\"https:\/\/royalfamily.org\/wp-content\/uploads\/2020\/09\/13w-200x133.jpg 200w, https:\/\/royalfamily.org\/wp-content\/uploads\/2020\/09\/13w-400x267.jpg 400w, https:\/\/royalfamily.org\/wp-content\/uploads\/2020\/09\/13w-600x400.jpg 600w, https:\/\/royalfamily.org\/wp-content\/uploads\/2020\/09\/13w-800x533.jpg 800w, https:\/\/royalfamily.org\/wp-content\/uploads\/2020\/09\/13w-1200x800.jpg 1200w, https:\/\/royalfamily.org\/wp-content\/uploads\/2020\/09\/13w.jpg 1772w\" sizes=\"(min-width: 2200px) 100vw, (min-width: 824px) 390px, (min-width: 732px) 585px, (min-width: 640px) 732px, \" \/><\/a><\/div><\/div><div style=\"padding:5px;\" class=\"fusion-grid-column fusion-gallery-column fusion-gallery-column-3 hover-type-none\"><div class=\"fusion-gallery-image\"><a href=\"https:\/\/royalfamily.org\/wp-content\/uploads\/2020\/09\/12w.jpg\" rel=\"noreferrer\" data-rel=\"iLightbox[gallery_image_1]\" class=\"fusion-lightbox\" target=\"_self\"><img decoding=\"async\" src=\"https:\/\/royalfamily.org\/wp-content\/uploads\/2020\/09\/12w.jpg\" width=\"1772\" height=\"1181\" alt=\"\" title=\"12w\" aria-label=\"12w\" class=\"img-responsive wp-image-65215\" srcset=\"https:\/\/royalfamily.org\/wp-content\/uploads\/2020\/09\/12w-200x133.jpg 200w, https:\/\/royalfamily.org\/wp-content\/uploads\/2020\/09\/12w-400x267.jpg 400w, https:\/\/royalfamily.org\/wp-content\/uploads\/2020\/09\/12w-600x400.jpg 600w, https:\/\/royalfamily.org\/wp-content\/uploads\/2020\/09\/12w-800x533.jpg 800w, https:\/\/royalfamily.org\/wp-content\/uploads\/2020\/09\/12w-1200x800.jpg 1200w, https:\/\/royalfamily.org\/wp-content\/uploads\/2020\/09\/12w.jpg 1772w\" sizes=\"(min-width: 2200px) 100vw, (min-width: 824px) 390px, (min-width: 732px) 585px, (min-width: 640px) 732px, \" \/><\/a><\/div><\/div><div class=\"clearfix\"><\/div><div style=\"padding:5px;\" class=\"fusion-grid-column fusion-gallery-column fusion-gallery-column-3 hover-type-none\"><div class=\"fusion-gallery-image\"><a href=\"https:\/\/royalfamily.org\/wp-content\/uploads\/2020\/09\/11w.jpg\" rel=\"noreferrer\" data-rel=\"iLightbox[gallery_image_1]\" class=\"fusion-lightbox\" target=\"_self\"><img decoding=\"async\" src=\"https:\/\/royalfamily.org\/wp-content\/uploads\/2020\/09\/11w.jpg\" width=\"1600\" height=\"900\" alt=\"\" title=\"11w\" aria-label=\"11w\" class=\"img-responsive wp-image-65212\" srcset=\"https:\/\/royalfamily.org\/wp-content\/uploads\/2020\/09\/11w-200x113.jpg 200w, https:\/\/royalfamily.org\/wp-content\/uploads\/2020\/09\/11w-400x225.jpg 400w, https:\/\/royalfamily.org\/wp-content\/uploads\/2020\/09\/11w-600x338.jpg 600w, https:\/\/royalfamily.org\/wp-content\/uploads\/2020\/09\/11w-800x450.jpg 800w, https:\/\/royalfamily.org\/wp-content\/uploads\/2020\/09\/11w-1200x675.jpg 1200w, https:\/\/royalfamily.org\/wp-content\/uploads\/2020\/09\/11w.jpg 1600w\" sizes=\"(min-width: 2200px) 100vw, (min-width: 824px) 390px, (min-width: 732px) 585px, (min-width: 640px) 732px, \" \/><\/a><\/div><\/div><\/div><\/div><div class=\"fusion-clearfix\"><\/div><\/div><\/div><\/div><\/div>\n","protected":false},"excerpt":{"rendered":"","protected":false},"author":1,"featured_media":65224,"comment_status":"closed","ping_status":"closed","sticky":false,"template":"","format":"standard","meta":{"_acf_changed":false,"footnotes":""},"categories":[22],"tags":[],"class_list":["post-65226","post","type-post","status-publish","format-standard","has-post-thumbnail","hentry","category-vesti"],"acf":[],"yoast_head":"<!-- This site is optimized with the Yoast SEO Premium plugin v27.5 (Yoast SEO v27.5) - https:\/\/yoast.com\/product\/yoast-seo-premium-wordpress\/ -->\n<title>FONDACIJA PRINCEZE KATARINE I HUMANITARNA ORGANIZACIJA LAJFLAJN \u010cIKAGO OBEZBEDILI POMO\u0106 U VREDNOSTI OD 10,750 DOLARA \u0160KOLI U SELU BLIZNAK - The Royal Family of Serbia<\/title>\n<meta name=\"robots\" content=\"index, follow, max-snippet:-1, max-image-preview:large, max-video-preview:-1\" \/>\n<link rel=\"canonical\" href=\"https:\/\/royalfamily.org\/lat\/obezbedili-pomoc-skoli-u-selu-bliznak2\/\" \/>\n<meta property=\"og:locale\" content=\"en_US\" \/>\n<meta property=\"og:type\" content=\"article\" \/>\n<meta property=\"og:title\" content=\"FONDACIJA PRINCEZE KATARINE I HUMANITARNA ORGANIZACIJA LAJFLAJN \u010cIKAGO OBEZBEDILI POMO\u0106 U VREDNOSTI OD 10,750 DOLARA \u0160KOLI U SELU BLIZNAK\" \/>\n<meta property=\"og:url\" content=\"https:\/\/royalfamily.org\/lat\/obezbedili-pomoc-skoli-u-selu-bliznak2\/\" \/>\n<meta property=\"og:site_name\" content=\"The Royal Family of Serbia\" \/>\n<meta property=\"article:publisher\" content=\"https:\/\/www.facebook.com\/Prestolonaslednik.Aleksandar\" \/>\n<meta property=\"article:published_time\" content=\"2020-09-29T16:40:20+00:00\" \/>\n<meta property=\"article:modified_time\" content=\"2020-09-29T18:40:20+00:00\" \/>\n<meta property=\"og:image\" content=\"https:\/\/royalfamily.org\/wp-content\/uploads\/2020\/09\/Webp.net-resizeimage-14-e1601484080699.jpg\" \/>\n\t<meta property=\"og:image:width\" content=\"740\" \/>\n\t<meta property=\"og:image:height\" content=\"360\" \/>\n\t<meta property=\"og:image:type\" content=\"image\/jpeg\" \/>\n<meta name=\"author\" content=\"Web Royal\" \/>\n<meta name=\"twitter:card\" content=\"summary_large_image\" \/>\n<meta name=\"twitter:label1\" content=\"Written by\" \/>\n\t<meta name=\"twitter:data1\" content=\"Web Royal\" \/>\n\t<meta name=\"twitter:label2\" content=\"Est. reading time\" \/>\n\t<meta name=\"twitter:data2\" content=\"3 minutes\" \/>\n<script type=\"application\/ld+json\" class=\"yoast-schema-graph\">{\"@context\":\"https:\\\/\\\/schema.org\",\"@graph\":[{\"@type\":\"Article\",\"@id\":\"https:\\\/\\\/royalfamily.org\\\/lat\\\/obezbedili-pomoc-skoli-u-selu-bliznak2\\\/#article\",\"isPartOf\":{\"@id\":\"https:\\\/\\\/royalfamily.org\\\/lat\\\/obezbedili-pomoc-skoli-u-selu-bliznak2\\\/\"},\"author\":{\"name\":\"Web Royal\",\"@id\":\"https:\\\/\\\/royalfamily.org\\\/#\\\/schema\\\/person\\\/49383a0c31232a928463939891db1ad5\"},\"headline\":\"FONDACIJA PRINCEZE KATARINE I HUMANITARNA ORGANIZACIJA LAJFLAJN \u010cIKAGO OBEZBEDILI POMO\u0106 U VREDNOSTI OD 10,750 DOLARA \u0160KOLI U SELU BLIZNAK\",\"datePublished\":\"2020-09-29T16:40:20+00:00\",\"dateModified\":\"2020-09-29T18:40:20+00:00\",\"mainEntityOfPage\":{\"@id\":\"https:\\\/\\\/royalfamily.org\\\/lat\\\/obezbedili-pomoc-skoli-u-selu-bliznak2\\\/\"},\"wordCount\":528,\"publisher\":{\"@id\":\"https:\\\/\\\/royalfamily.org\\\/#organization\"},\"image\":{\"@id\":\"https:\\\/\\\/royalfamily.org\\\/lat\\\/obezbedili-pomoc-skoli-u-selu-bliznak2\\\/#primaryimage\"},\"thumbnailUrl\":\"https:\\\/\\\/royalfamily.org\\\/wp-content\\\/uploads\\\/2020\\\/09\\\/Webp.net-resizeimage-14-e1601484080699.jpg\",\"articleSection\":[\"Vesti\"],\"inLanguage\":\"sr-LT\"},{\"@type\":\"WebPage\",\"@id\":\"https:\\\/\\\/royalfamily.org\\\/lat\\\/obezbedili-pomoc-skoli-u-selu-bliznak2\\\/\",\"url\":\"https:\\\/\\\/royalfamily.org\\\/lat\\\/obezbedili-pomoc-skoli-u-selu-bliznak2\\\/\",\"name\":\"FONDACIJA PRINCEZE KATARINE I HUMANITARNA ORGANIZACIJA LAJFLAJN \u010cIKAGO OBEZBEDILI POMO\u0106 U VREDNOSTI OD 10,750 DOLARA \u0160KOLI U SELU BLIZNAK - The Royal Family of Serbia\",\"isPartOf\":{\"@id\":\"https:\\\/\\\/royalfamily.org\\\/#website\"},\"primaryImageOfPage\":{\"@id\":\"https:\\\/\\\/royalfamily.org\\\/lat\\\/obezbedili-pomoc-skoli-u-selu-bliznak2\\\/#primaryimage\"},\"image\":{\"@id\":\"https:\\\/\\\/royalfamily.org\\\/lat\\\/obezbedili-pomoc-skoli-u-selu-bliznak2\\\/#primaryimage\"},\"thumbnailUrl\":\"https:\\\/\\\/royalfamily.org\\\/wp-content\\\/uploads\\\/2020\\\/09\\\/Webp.net-resizeimage-14-e1601484080699.jpg\",\"datePublished\":\"2020-09-29T16:40:20+00:00\",\"dateModified\":\"2020-09-29T18:40:20+00:00\",\"breadcrumb\":{\"@id\":\"https:\\\/\\\/royalfamily.org\\\/lat\\\/obezbedili-pomoc-skoli-u-selu-bliznak2\\\/#breadcrumb\"},\"inLanguage\":\"sr-LT\",\"potentialAction\":[{\"@type\":\"ReadAction\",\"target\":[\"https:\\\/\\\/royalfamily.org\\\/lat\\\/obezbedili-pomoc-skoli-u-selu-bliznak2\\\/\"]}]},{\"@type\":\"ImageObject\",\"inLanguage\":\"sr-LT\",\"@id\":\"https:\\\/\\\/royalfamily.org\\\/lat\\\/obezbedili-pomoc-skoli-u-selu-bliznak2\\\/#primaryimage\",\"url\":\"https:\\\/\\\/royalfamily.org\\\/wp-content\\\/uploads\\\/2020\\\/09\\\/Webp.net-resizeimage-14-e1601484080699.jpg\",\"contentUrl\":\"https:\\\/\\\/royalfamily.org\\\/wp-content\\\/uploads\\\/2020\\\/09\\\/Webp.net-resizeimage-14-e1601484080699.jpg\",\"width\":740,\"height\":360},{\"@type\":\"BreadcrumbList\",\"@id\":\"https:\\\/\\\/royalfamily.org\\\/lat\\\/obezbedili-pomoc-skoli-u-selu-bliznak2\\\/#breadcrumb\",\"itemListElement\":[{\"@type\":\"ListItem\",\"position\":1,\"name\":\"Home\",\"item\":\"https:\\\/\\\/royalfamily.org\\\/lat\\\/\"},{\"@type\":\"ListItem\",\"position\":2,\"name\":\"FONDACIJA PRINCEZE KATARINE I HUMANITARNA ORGANIZACIJA LAJFLAJN \u010cIKAGO OBEZBEDILI POMO\u0106 U VREDNOSTI OD 10,750 DOLARA \u0160KOLI U SELU BLIZNAK\"}]},{\"@type\":\"WebSite\",\"@id\":\"https:\\\/\\\/royalfamily.org\\\/#website\",\"url\":\"https:\\\/\\\/royalfamily.org\\\/\",\"name\":\"The Royal Family of Serbia\",\"description\":\"From the people, for the people\",\"publisher\":{\"@id\":\"https:\\\/\\\/royalfamily.org\\\/#organization\"},\"potentialAction\":[{\"@type\":\"SearchAction\",\"target\":{\"@type\":\"EntryPoint\",\"urlTemplate\":\"https:\\\/\\\/royalfamily.org\\\/?s={search_term_string}\"},\"query-input\":{\"@type\":\"PropertyValueSpecification\",\"valueRequired\":true,\"valueName\":\"search_term_string\"}}],\"inLanguage\":\"sr-LT\"},{\"@type\":\"Organization\",\"@id\":\"https:\\\/\\\/royalfamily.org\\\/#organization\",\"name\":\"Royal Family\",\"url\":\"https:\\\/\\\/royalfamily.org\\\/\",\"logo\":{\"@type\":\"ImageObject\",\"inLanguage\":\"sr-LT\",\"@id\":\"https:\\\/\\\/royalfamily.org\\\/#\\\/schema\\\/logo\\\/image\\\/\",\"url\":\"https:\\\/\\\/royalfamily.org\\\/wp-content\\\/uploads\\\/2019\\\/04\\\/logo-vector-02-V-latinica.png\",\"contentUrl\":\"https:\\\/\\\/royalfamily.org\\\/wp-content\\\/uploads\\\/2019\\\/04\\\/logo-vector-02-V-latinica.png\",\"width\":552,\"height\":99,\"caption\":\"Royal Family\"},\"image\":{\"@id\":\"https:\\\/\\\/royalfamily.org\\\/#\\\/schema\\\/logo\\\/image\\\/\"},\"sameAs\":[\"https:\\\/\\\/www.facebook.com\\\/Prestolonaslednik.Aleksandar\"]},{\"@type\":\"Person\",\"@id\":\"https:\\\/\\\/royalfamily.org\\\/#\\\/schema\\\/person\\\/49383a0c31232a928463939891db1ad5\",\"name\":\"Web Royal\",\"image\":{\"@type\":\"ImageObject\",\"inLanguage\":\"sr-LT\",\"@id\":\"https:\\\/\\\/secure.gravatar.com\\\/avatar\\\/8dbdbae4ed2a898dcf0dcd9d01bf41782c405af026744c66e6a62d6235a20271?s=96&d=mm&r=g\",\"url\":\"https:\\\/\\\/secure.gravatar.com\\\/avatar\\\/8dbdbae4ed2a898dcf0dcd9d01bf41782c405af026744c66e6a62d6235a20271?s=96&d=mm&r=g\",\"contentUrl\":\"https:\\\/\\\/secure.gravatar.com\\\/avatar\\\/8dbdbae4ed2a898dcf0dcd9d01bf41782c405af026744c66e6a62d6235a20271?s=96&d=mm&r=g\",\"caption\":\"Web Royal\"}}]}<\/script>\n<!-- \/ Yoast SEO Premium plugin. -->","yoast_head_json":{"title":"FONDACIJA PRINCEZE KATARINE I HUMANITARNA ORGANIZACIJA LAJFLAJN \u010cIKAGO OBEZBEDILI POMO\u0106 U VREDNOSTI OD 10,750 DOLARA \u0160KOLI U SELU BLIZNAK - The Royal Family of Serbia","robots":{"index":"index","follow":"follow","max-snippet":"max-snippet:-1","max-image-preview":"max-image-preview:large","max-video-preview":"max-video-preview:-1"},"canonical":"https:\/\/royalfamily.org\/lat\/obezbedili-pomoc-skoli-u-selu-bliznak2\/","og_locale":"en_US","og_type":"article","og_title":"FONDACIJA PRINCEZE KATARINE I HUMANITARNA ORGANIZACIJA LAJFLAJN \u010cIKAGO OBEZBEDILI POMO\u0106 U VREDNOSTI OD 10,750 DOLARA \u0160KOLI U SELU BLIZNAK","og_url":"https:\/\/royalfamily.org\/lat\/obezbedili-pomoc-skoli-u-selu-bliznak2\/","og_site_name":"The Royal Family of Serbia","article_publisher":"https:\/\/www.facebook.com\/Prestolonaslednik.Aleksandar","article_published_time":"2020-09-29T16:40:20+00:00","article_modified_time":"2020-09-29T18:40:20+00:00","og_image":[{"width":740,"height":360,"url":"https:\/\/royalfamily.org\/wp-content\/uploads\/2020\/09\/Webp.net-resizeimage-14-e1601484080699.jpg","type":"image\/jpeg"}],"author":"Web Royal","twitter_card":"summary_large_image","twitter_misc":{"Written by":"Web Royal","Est. reading time":"3 minutes"},"schema":{"@context":"https:\/\/schema.org","@graph":[{"@type":"Article","@id":"https:\/\/royalfamily.org\/lat\/obezbedili-pomoc-skoli-u-selu-bliznak2\/#article","isPartOf":{"@id":"https:\/\/royalfamily.org\/lat\/obezbedili-pomoc-skoli-u-selu-bliznak2\/"},"author":{"name":"Web Royal","@id":"https:\/\/royalfamily.org\/#\/schema\/person\/49383a0c31232a928463939891db1ad5"},"headline":"FONDACIJA PRINCEZE KATARINE I HUMANITARNA ORGANIZACIJA LAJFLAJN \u010cIKAGO OBEZBEDILI POMO\u0106 U VREDNOSTI OD 10,750 DOLARA \u0160KOLI U SELU BLIZNAK","datePublished":"2020-09-29T16:40:20+00:00","dateModified":"2020-09-29T18:40:20+00:00","mainEntityOfPage":{"@id":"https:\/\/royalfamily.org\/lat\/obezbedili-pomoc-skoli-u-selu-bliznak2\/"},"wordCount":528,"publisher":{"@id":"https:\/\/royalfamily.org\/#organization"},"image":{"@id":"https:\/\/royalfamily.org\/lat\/obezbedili-pomoc-skoli-u-selu-bliznak2\/#primaryimage"},"thumbnailUrl":"https:\/\/royalfamily.org\/wp-content\/uploads\/2020\/09\/Webp.net-resizeimage-14-e1601484080699.jpg","articleSection":["Vesti"],"inLanguage":"sr-LT"},{"@type":"WebPage","@id":"https:\/\/royalfamily.org\/lat\/obezbedili-pomoc-skoli-u-selu-bliznak2\/","url":"https:\/\/royalfamily.org\/lat\/obezbedili-pomoc-skoli-u-selu-bliznak2\/","name":"FONDACIJA PRINCEZE KATARINE I HUMANITARNA ORGANIZACIJA LAJFLAJN \u010cIKAGO OBEZBEDILI POMO\u0106 U VREDNOSTI OD 10,750 DOLARA \u0160KOLI U SELU BLIZNAK - The Royal Family of Serbia","isPartOf":{"@id":"https:\/\/royalfamily.org\/#website"},"primaryImageOfPage":{"@id":"https:\/\/royalfamily.org\/lat\/obezbedili-pomoc-skoli-u-selu-bliznak2\/#primaryimage"},"image":{"@id":"https:\/\/royalfamily.org\/lat\/obezbedili-pomoc-skoli-u-selu-bliznak2\/#primaryimage"},"thumbnailUrl":"https:\/\/royalfamily.org\/wp-content\/uploads\/2020\/09\/Webp.net-resizeimage-14-e1601484080699.jpg","datePublished":"2020-09-29T16:40:20+00:00","dateModified":"2020-09-29T18:40:20+00:00","breadcrumb":{"@id":"https:\/\/royalfamily.org\/lat\/obezbedili-pomoc-skoli-u-selu-bliznak2\/#breadcrumb"},"inLanguage":"sr-LT","potentialAction":[{"@type":"ReadAction","target":["https:\/\/royalfamily.org\/lat\/obezbedili-pomoc-skoli-u-selu-bliznak2\/"]}]},{"@type":"ImageObject","inLanguage":"sr-LT","@id":"https:\/\/royalfamily.org\/lat\/obezbedili-pomoc-skoli-u-selu-bliznak2\/#primaryimage","url":"https:\/\/royalfamily.org\/wp-content\/uploads\/2020\/09\/Webp.net-resizeimage-14-e1601484080699.jpg","contentUrl":"https:\/\/royalfamily.org\/wp-content\/uploads\/2020\/09\/Webp.net-resizeimage-14-e1601484080699.jpg","width":740,"height":360},{"@type":"BreadcrumbList","@id":"https:\/\/royalfamily.org\/lat\/obezbedili-pomoc-skoli-u-selu-bliznak2\/#breadcrumb","itemListElement":[{"@type":"ListItem","position":1,"name":"Home","item":"https:\/\/royalfamily.org\/lat\/"},{"@type":"ListItem","position":2,"name":"FONDACIJA PRINCEZE KATARINE I HUMANITARNA ORGANIZACIJA LAJFLAJN \u010cIKAGO OBEZBEDILI POMO\u0106 U VREDNOSTI OD 10,750 DOLARA \u0160KOLI U SELU BLIZNAK"}]},{"@type":"WebSite","@id":"https:\/\/royalfamily.org\/#website","url":"https:\/\/royalfamily.org\/","name":"The Royal Family of Serbia","description":"From the people, for the people","publisher":{"@id":"https:\/\/royalfamily.org\/#organization"},"potentialAction":[{"@type":"SearchAction","target":{"@type":"EntryPoint","urlTemplate":"https:\/\/royalfamily.org\/?s={search_term_string}"},"query-input":{"@type":"PropertyValueSpecification","valueRequired":true,"valueName":"search_term_string"}}],"inLanguage":"sr-LT"},{"@type":"Organization","@id":"https:\/\/royalfamily.org\/#organization","name":"Royal Family","url":"https:\/\/royalfamily.org\/","logo":{"@type":"ImageObject","inLanguage":"sr-LT","@id":"https:\/\/royalfamily.org\/#\/schema\/logo\/image\/","url":"https:\/\/royalfamily.org\/wp-content\/uploads\/2019\/04\/logo-vector-02-V-latinica.png","contentUrl":"https:\/\/royalfamily.org\/wp-content\/uploads\/2019\/04\/logo-vector-02-V-latinica.png","width":552,"height":99,"caption":"Royal Family"},"image":{"@id":"https:\/\/royalfamily.org\/#\/schema\/logo\/image\/"},"sameAs":["https:\/\/www.facebook.com\/Prestolonaslednik.Aleksandar"]},{"@type":"Person","@id":"https:\/\/royalfamily.org\/#\/schema\/person\/49383a0c31232a928463939891db1ad5","name":"Web Royal","image":{"@type":"ImageObject","inLanguage":"sr-LT","@id":"https:\/\/secure.gravatar.com\/avatar\/8dbdbae4ed2a898dcf0dcd9d01bf41782c405af026744c66e6a62d6235a20271?s=96&d=mm&r=g","url":"https:\/\/secure.gravatar.com\/avatar\/8dbdbae4ed2a898dcf0dcd9d01bf41782c405af026744c66e6a62d6235a20271?s=96&d=mm&r=g","contentUrl":"https:\/\/secure.gravatar.com\/avatar\/8dbdbae4ed2a898dcf0dcd9d01bf41782c405af026744c66e6a62d6235a20271?s=96&d=mm&r=g","caption":"Web Royal"}}]}},"_links":{"self":[{"href":"https:\/\/royalfamily.org\/lat\/wp-json\/wp\/v2\/posts\/65226","targetHints":{"allow":["GET"]}}],"collection":[{"href":"https:\/\/royalfamily.org\/lat\/wp-json\/wp\/v2\/posts"}],"about":[{"href":"https:\/\/royalfamily.org\/lat\/wp-json\/wp\/v2\/types\/post"}],"author":[{"embeddable":true,"href":"https:\/\/royalfamily.org\/lat\/wp-json\/wp\/v2\/users\/1"}],"replies":[{"embeddable":true,"href":"https:\/\/royalfamily.org\/lat\/wp-json\/wp\/v2\/comments?post=65226"}],"version-history":[{"count":1,"href":"https:\/\/royalfamily.org\/lat\/wp-json\/wp\/v2\/posts\/65226\/revisions"}],"predecessor-version":[{"id":65227,"href":"https:\/\/royalfamily.org\/lat\/wp-json\/wp\/v2\/posts\/65226\/revisions\/65227"}],"wp:featuredmedia":[{"embeddable":true,"href":"https:\/\/royalfamily.org\/lat\/wp-json\/wp\/v2\/media\/65224"}],"wp:attachment":[{"href":"https:\/\/royalfamily.org\/lat\/wp-json\/wp\/v2\/media?parent=65226"}],"wp:term":[{"taxonomy":"category","embeddable":true,"href":"https:\/\/royalfamily.org\/lat\/wp-json\/wp\/v2\/categories?post=65226"},{"taxonomy":"post_tag","embeddable":true,"href":"https:\/\/royalfamily.org\/lat\/wp-json\/wp\/v2\/tags?post=65226"}],"curies":[{"name":"wp","href":"https:\/\/api.w.org\/{rel}","templated":true}]}}