{"id":65241,"date":"2020-10-02T21:57:41","date_gmt":"2020-10-02T19:57:41","guid":{"rendered":"https:\/\/royalfamily.org\/?p=65241"},"modified":"2020-10-02T21:57:41","modified_gmt":"2020-10-02T21:57:41","slug":"intervju-za-hello","status":"publish","type":"post","link":"https:\/\/royalfamily.org\/lat\/intervju-za-hello\/","title":{"rendered":"INTERVJU PRESTOLONASLEDNIKA ALEKSANDRA I PRINCEZE KATARINA ZA HELLO!"},"content":{"rendered":"<div class=\"fusion-fullwidth fullwidth-box fusion-builder-row-1 nonhundred-percent-fullwidth non-hundred-percent-height-scrolling\" style=\"--awb-border-radius-top-left:0px;--awb-border-radius-top-right:0px;--awb-border-radius-bottom-right:0px;--awb-border-radius-bottom-left:0px;--awb-flex-wrap:wrap;\" ><div class=\"fusion-builder-row fusion-row\"><div class=\"fusion-layout-column fusion_builder_column fusion-builder-column-0 fusion_builder_column_1_1 1_1 fusion-one-full fusion-column-first fusion-column-last\" style=\"--awb-bg-size:cover;--awb-margin-bottom:0px;\"><div class=\"fusion-column-wrapper fusion-flex-column-wrapper-legacy\"><div class=\"fusion-text fusion-text-1\"><p>OPLENAC \u2013 RIZNICA USPOMENA<\/p>\n<p>PRINC ALEKSANDAR I PRINCEZA KATARINA KARA\u0110OR\u0110EVI\u0106 OBI\u0160LI SU VE\u010cNU KU\u0106U PRIN\u010cEVOG OCA, KRALJA PETRA, I OTKRILI DA NI TOKOM IZOLACIJE NA DVORU NISU PREKIDALI HUMANITARNE MISIJE<\/p>\n<p>\u0160estog septembra, na dan kada je pre 97 godina ro\u0111en njegov otac, kralj Petar II, princ Aleksandar Kara\u0111or\u0111evi\u0107 je, u pratnji princeze Katarine, posetio o\u010dev grob u porodi\u010dnom mauzoleju crkve Sveti \u0110or\u0111e na Oplencu. To je, ujedno, bio njihov prvi izlazak u javnost od po\u010detka pandemije virus korona u Srbiji. U ekskluzivnom razgovoru za Hello! otkrili su kako su proveli prethodne mesece, pri\u010dali su nam i o planovima, a pre svega o tome kako neguju se\u0107anje na kralja Petra II, \u010diji su dolazak na svet te 1923. godine oglasili topovi. Prvog sina kralja Aleksandra i kraljice Marije krstio je patrijarh Dimitrije, a kum mu je bio britanski kralj D\u017eord\u017e V, ka\u017ee prestolonaslednik, koji nam je ispri\u010dao i jednu malo poznatu porodi\u010dnu anegdotu.<\/p>\n<p>PRESTOLONASLEDNIK ALEKSANDAR: Kralj Aleksandar I imao je va\u017ean sastanak u kancelariji na dvoru, a moj otac do\u0161ao je da ga pozove na ru\u010dak. Kako se sastanak bli\u017eio kraju, rekao mu je da ga sa\u010deka. Nekoliko minuta strpljivo je sedeo pored njega, a onda je, kao svako radoznalo dete, po\u010deo da razgleda okolo. Video je dugme na stolu i re\u0161io da ga isproba. Otvorila su se tajna vrata i pokazala prolaz. Kralj, moj deda, veoma se naljutio, ali mu je ubrzo oprostio nesta\u0161luk. Otac je \u010desto pri\u010dao o njemu, dvoru i Srbiji, uvek sa mnogo tuge i nostalgije.<\/p>\n<p>Otac mi je govorio: \u201eSine, ne ostavljaj me u stranoj zemlji, vodi me ku\u0107i, \u010dak i mrtvog\u201c. Sre\u0107an sam \u0161to mu je ispunjena poslednja \u017eelja.<\/p>\n<p>Na pitanje \u0161ta bi mlade generacije trebalo da znaju o kralju Petru II, njegov jedini sin iz braka sa princezom Aleksandrom od Gr\u010dke i Danske poru\u010duje:<\/p>\n<p>PRESTOLONASLEDNIK ALEKSANDAR: Svi bi trebalo da znaju da je postao kralj sa 11 godina, kao i da nikada nije abdicirao. Kada mu je bilo 17 godina, usled nema\u010dke invazije morao je da napusti otad\u017ebinu i ostatak \u017eivota provede u izgnanstvu. Tokom Drugog svetskog rata sretao se sa liderima savezni\u010dkih zemalja kako bi se borio za svoj narod i prikupljao pomo\u0107. Zbog politi\u010dkih igara posle rata nije mogao da se vrati u svoju zemlju, za kojom je \u010deznuo. \u010cesto mi je govorio: \u201eSine, ne ostavljaj me u stranoj zemlji, vodi me ku\u0107i, \u010dak i mrtvog\u201c. Sre\u0107an sam \u0161to mu je ispunjena poslednja \u017eelja, pa od 2013. u miru po\u010diva na Oplencu sa ostalim \u010dlanovima porodice.<\/p>\n<p>Kralj Petar II vratio se u domovinu posle 72 godine. Njegovi posmrtni ostaci preneti su 2013. u kriptu crkve Sveti \u0110or\u0111e, gde po\u010divaju svi \u010dlanovi dinastije.<\/p>\n<p>Iako su se od po\u010detka pandemije pridr\u017eavali saveta nadle\u017enih, provode\u0107i vreme u samoizolaciji na dvoru, nisu pravili predah u humanitarnim aktivnostima po kojima je Fondacijaprinceze Katarine odavno poznata.<\/p>\n<p>PRINCEZA KATARINA: Danono\u0107no smo se trudili da pomognemo koliko god smo mogli u ovim nemirnim vremenima. Na\u0161im herojima, lekarima i drugim zdravstvenim radnicima, bila je potrebna pomo\u0107 u borbi protiv korone. Moja fondacija odmah je odgovorila na njihove zahteve i organizovala prikupljenje i isporuku donacija vrednih vi\u0161e od 700.000 evra. Oni su rizikovali \u017eivot da bi spasili na\u0161e, tako da moramo biti tu za njih \u2013 poru\u010duje princeza.<\/p>\n<p>Konferencije koje Fondacija organizuje za obuku hiljade medicinskih profesionalaca silom prilika odlo\u017eene su za slede\u0107u godinu.<\/p>\n<p>PRINCEZA KATARINA: U vremenu kao \u0161to je ovo svi bi trebalo da se molimo Bogu da na\u0161i bli\u017enji i mi ostanemo zdravi. Zbog toga apelujem na ljude da nastave da budu pa\u017eljivi, jer kad vodimo ra\u010duna o sebi i drugima, svet postaje bolje mesto.<\/p>\n<p>\u201eNa\u0161im herojima, lekarima i drugim zdravstvenim radnicima, bila je potrebna podr\u0161ka u borbi protiv virusa. Trudili smo se da pomognemo koliko god smo mogli u ovo nemirno vreme\u201c<\/p>\n<p>Iako su brojne planirane posete odlo\u017eene, prin\u010devski par redovno odr\u017eava kontakte sa drugim kraljevskim porodicama i prijateljima \u0161irom sveta.<\/p>\n<p>PRESTOLONASLEDNIK ALEKSANDAR: Vreme je te\u0161ko, ali znam da \u0107e i to jednom pro\u0107i, i da moramo, kako danas tako i sutra, da budemo ujedinjeni u prevazila\u017eenju svega \u0161to nas \u010deka. Svi moramo naporno da radimo na ekonomskom oporavku zemlje. Nadam se da \u0107emo uskoro imati na raspolaganju besplatnu vakcinu i e\ufb01kasnije lekove protiv virusa. Supruga i ja verujemo da \u0107e bolji dani uskoro do\u0107i za sve na\u0161e gra\u0111ane \u2013 zaklju\u010duje princ Aleksandar.<\/p>\n<p>\u201eApelujemo na ljude da nastave da budu pa\u017eljivi, jer kad vodimo ra\u010duna o sebi i drugima, svet postaje bolje mesto\u201c, poru\u010duje prin\u010devski par, koji je 6. septembra, na dan kada je ro\u0111en Petar II, posetio mauzolej na Oplencu.<\/p>\n<p>TEKST: EVA \u010cUBROVI\u0106<\/p>\n<p>FOTO: LUKA \u0160ARAC<\/p>\n<\/div><div class=\"awb-gallery-wrapper awb-gallery-wrapper-1 button-span-no\" data-limit=\"20\" data-page=\"1\"><div style=\"margin:-5px;--awb-bordersize:0px;\" class=\"fusion-gallery fusion-gallery-container fusion-grid-3 fusion-columns-total-2 fusion-gallery-layout-grid fusion-gallery-1\"><div style=\"padding:5px;\" class=\"fusion-grid-column fusion-gallery-column fusion-gallery-column-3 hover-type-none\"><div class=\"fusion-gallery-image\"><a href=\"https:\/\/royalfamily.org\/wp-content\/uploads\/2020\/10\/Karadjordjevici-pages-1-page-001-scaled.jpg\" rel=\"noreferrer\" data-rel=\"iLightbox[gallery_image_1]\" class=\"fusion-lightbox\" target=\"_self\"><img decoding=\"async\" src=\"https:\/\/royalfamily.org\/wp-content\/uploads\/2020\/10\/Karadjordjevici-pages-1-page-001-scaled.jpg\" width=\"2560\" height=\"1653\" alt=\"\" title=\"Karadjordjevici-pages-1-page-001\" aria-label=\"Karadjordjevici-pages-1-page-001\" class=\"img-responsive wp-image-65236\" srcset=\"https:\/\/royalfamily.org\/wp-content\/uploads\/2020\/10\/Karadjordjevici-pages-1-page-001-200x129.jpg 200w, https:\/\/royalfamily.org\/wp-content\/uploads\/2020\/10\/Karadjordjevici-pages-1-page-001-400x258.jpg 400w, https:\/\/royalfamily.org\/wp-content\/uploads\/2020\/10\/Karadjordjevici-pages-1-page-001-600x387.jpg 600w, https:\/\/royalfamily.org\/wp-content\/uploads\/2020\/10\/Karadjordjevici-pages-1-page-001-800x517.jpg 800w, https:\/\/royalfamily.org\/wp-content\/uploads\/2020\/10\/Karadjordjevici-pages-1-page-001-1200x775.jpg 1200w, https:\/\/royalfamily.org\/wp-content\/uploads\/2020\/10\/Karadjordjevici-pages-1-page-001-scaled.jpg 2560w\" sizes=\"(min-width: 2200px) 100vw, (min-width: 824px) 390px, (min-width: 732px) 585px, (min-width: 640px) 732px, \" \/><\/a><\/div><\/div><div style=\"padding:5px;\" class=\"fusion-grid-column fusion-gallery-column fusion-gallery-column-3 hover-type-none\"><div class=\"fusion-gallery-image\"><a href=\"https:\/\/royalfamily.org\/wp-content\/uploads\/2020\/10\/Karadjordjevici-2-page-001-scaled.jpg\" rel=\"noreferrer\" data-rel=\"iLightbox[gallery_image_1]\" class=\"fusion-lightbox\" target=\"_self\"><img decoding=\"async\" src=\"https:\/\/royalfamily.org\/wp-content\/uploads\/2020\/10\/Karadjordjevici-2-page-001-scaled.jpg\" width=\"2560\" height=\"1653\" alt=\"\" title=\"Karadjordjevici (2)-page-001\" aria-label=\"Karadjordjevici (2)-page-001\" class=\"img-responsive wp-image-65233\" srcset=\"https:\/\/royalfamily.org\/wp-content\/uploads\/2020\/10\/Karadjordjevici-2-page-001-200x129.jpg 200w, https:\/\/royalfamily.org\/wp-content\/uploads\/2020\/10\/Karadjordjevici-2-page-001-400x258.jpg 400w, https:\/\/royalfamily.org\/wp-content\/uploads\/2020\/10\/Karadjordjevici-2-page-001-600x387.jpg 600w, https:\/\/royalfamily.org\/wp-content\/uploads\/2020\/10\/Karadjordjevici-2-page-001-800x517.jpg 800w, https:\/\/royalfamily.org\/wp-content\/uploads\/2020\/10\/Karadjordjevici-2-page-001-1200x775.jpg 1200w, https:\/\/royalfamily.org\/wp-content\/uploads\/2020\/10\/Karadjordjevici-2-page-001-scaled.jpg 2560w\" sizes=\"(min-width: 2200px) 100vw, (min-width: 824px) 390px, (min-width: 732px) 585px, (min-width: 640px) 732px, \" \/><\/a><\/div><\/div><\/div><\/div><div class=\"fusion-clearfix\"><\/div><\/div><\/div><\/div><\/div>\n","protected":false},"excerpt":{"rendered":"","protected":false},"author":1,"featured_media":65239,"comment_status":"closed","ping_status":"closed","sticky":false,"template":"","format":"standard","meta":{"_acf_changed":false,"footnotes":""},"categories":[22],"tags":[],"class_list":["post-65241","post","type-post","status-publish","format-standard","has-post-thumbnail","hentry","category-vesti"],"acf":[],"yoast_head":"<!-- This site is optimized with the Yoast SEO Premium plugin v27.5 (Yoast SEO v27.5) - https:\/\/yoast.com\/product\/yoast-seo-premium-wordpress\/ -->\n<title>INTERVJU PRESTOLONASLEDNIKA ALEKSANDRA I PRINCEZE KATARINA ZA HELLO! - The Royal Family of Serbia<\/title>\n<meta name=\"robots\" content=\"index, follow, max-snippet:-1, max-image-preview:large, max-video-preview:-1\" \/>\n<link rel=\"canonical\" href=\"https:\/\/royalfamily.org\/lat\/intervju-za-hello\/\" \/>\n<meta property=\"og:locale\" content=\"en_US\" \/>\n<meta property=\"og:type\" content=\"article\" \/>\n<meta property=\"og:title\" content=\"INTERVJU PRESTOLONASLEDNIKA ALEKSANDRA I PRINCEZE KATARINA ZA HELLO!\" \/>\n<meta property=\"og:url\" content=\"https:\/\/royalfamily.org\/lat\/intervju-za-hello\/\" \/>\n<meta property=\"og:site_name\" content=\"The Royal Family of Serbia\" \/>\n<meta property=\"article:publisher\" content=\"https:\/\/www.facebook.com\/Prestolonaslednik.Aleksandar\" \/>\n<meta property=\"article:published_time\" content=\"2020-10-02T19:57:41+00:00\" \/>\n<meta property=\"article:modified_time\" content=\"2020-10-02T21:57:41+00:00\" \/>\n<meta property=\"og:image\" content=\"https:\/\/royalfamily.org\/wp-content\/uploads\/2020\/10\/Webp.net-resizeimage-16.jpg\" \/>\n\t<meta property=\"og:image:width\" content=\"740\" \/>\n\t<meta property=\"og:image:height\" content=\"360\" \/>\n\t<meta property=\"og:image:type\" content=\"image\/jpeg\" \/>\n<meta name=\"author\" content=\"Web Royal\" \/>\n<meta name=\"twitter:card\" content=\"summary_large_image\" \/>\n<meta name=\"twitter:label1\" content=\"Written by\" \/>\n\t<meta name=\"twitter:data1\" content=\"Web Royal\" \/>\n\t<meta name=\"twitter:label2\" content=\"Est. reading time\" \/>\n\t<meta name=\"twitter:data2\" content=\"5 minutes\" \/>\n<script type=\"application\/ld+json\" class=\"yoast-schema-graph\">{\"@context\":\"https:\\\/\\\/schema.org\",\"@graph\":[{\"@type\":\"Article\",\"@id\":\"https:\\\/\\\/royalfamily.org\\\/lat\\\/intervju-za-hello\\\/#article\",\"isPartOf\":{\"@id\":\"https:\\\/\\\/royalfamily.org\\\/lat\\\/intervju-za-hello\\\/\"},\"author\":{\"name\":\"Web Royal\",\"@id\":\"https:\\\/\\\/royalfamily.org\\\/#\\\/schema\\\/person\\\/49383a0c31232a928463939891db1ad5\"},\"headline\":\"INTERVJU PRESTOLONASLEDNIKA ALEKSANDRA I PRINCEZE KATARINA ZA HELLO!\",\"datePublished\":\"2020-10-02T19:57:41+00:00\",\"dateModified\":\"2020-10-02T21:57:41+00:00\",\"mainEntityOfPage\":{\"@id\":\"https:\\\/\\\/royalfamily.org\\\/lat\\\/intervju-za-hello\\\/\"},\"wordCount\":1061,\"publisher\":{\"@id\":\"https:\\\/\\\/royalfamily.org\\\/#organization\"},\"image\":{\"@id\":\"https:\\\/\\\/royalfamily.org\\\/lat\\\/intervju-za-hello\\\/#primaryimage\"},\"thumbnailUrl\":\"https:\\\/\\\/royalfamily.org\\\/wp-content\\\/uploads\\\/2020\\\/10\\\/Webp.net-resizeimage-16.jpg\",\"articleSection\":[\"Vesti\"],\"inLanguage\":\"sr-LT\"},{\"@type\":\"WebPage\",\"@id\":\"https:\\\/\\\/royalfamily.org\\\/lat\\\/intervju-za-hello\\\/\",\"url\":\"https:\\\/\\\/royalfamily.org\\\/lat\\\/intervju-za-hello\\\/\",\"name\":\"INTERVJU PRESTOLONASLEDNIKA ALEKSANDRA I PRINCEZE KATARINA ZA HELLO! - The Royal Family of Serbia\",\"isPartOf\":{\"@id\":\"https:\\\/\\\/royalfamily.org\\\/#website\"},\"primaryImageOfPage\":{\"@id\":\"https:\\\/\\\/royalfamily.org\\\/lat\\\/intervju-za-hello\\\/#primaryimage\"},\"image\":{\"@id\":\"https:\\\/\\\/royalfamily.org\\\/lat\\\/intervju-za-hello\\\/#primaryimage\"},\"thumbnailUrl\":\"https:\\\/\\\/royalfamily.org\\\/wp-content\\\/uploads\\\/2020\\\/10\\\/Webp.net-resizeimage-16.jpg\",\"datePublished\":\"2020-10-02T19:57:41+00:00\",\"dateModified\":\"2020-10-02T21:57:41+00:00\",\"breadcrumb\":{\"@id\":\"https:\\\/\\\/royalfamily.org\\\/lat\\\/intervju-za-hello\\\/#breadcrumb\"},\"inLanguage\":\"sr-LT\",\"potentialAction\":[{\"@type\":\"ReadAction\",\"target\":[\"https:\\\/\\\/royalfamily.org\\\/lat\\\/intervju-za-hello\\\/\"]}]},{\"@type\":\"ImageObject\",\"inLanguage\":\"sr-LT\",\"@id\":\"https:\\\/\\\/royalfamily.org\\\/lat\\\/intervju-za-hello\\\/#primaryimage\",\"url\":\"https:\\\/\\\/royalfamily.org\\\/wp-content\\\/uploads\\\/2020\\\/10\\\/Webp.net-resizeimage-16.jpg\",\"contentUrl\":\"https:\\\/\\\/royalfamily.org\\\/wp-content\\\/uploads\\\/2020\\\/10\\\/Webp.net-resizeimage-16.jpg\",\"width\":740,\"height\":360},{\"@type\":\"BreadcrumbList\",\"@id\":\"https:\\\/\\\/royalfamily.org\\\/lat\\\/intervju-za-hello\\\/#breadcrumb\",\"itemListElement\":[{\"@type\":\"ListItem\",\"position\":1,\"name\":\"Home\",\"item\":\"https:\\\/\\\/royalfamily.org\\\/lat\\\/\"},{\"@type\":\"ListItem\",\"position\":2,\"name\":\"INTERVJU PRESTOLONASLEDNIKA ALEKSANDRA I PRINCEZE KATARINA ZA HELLO!\"}]},{\"@type\":\"WebSite\",\"@id\":\"https:\\\/\\\/royalfamily.org\\\/#website\",\"url\":\"https:\\\/\\\/royalfamily.org\\\/\",\"name\":\"The Royal Family of Serbia\",\"description\":\"From the people, for the people\",\"publisher\":{\"@id\":\"https:\\\/\\\/royalfamily.org\\\/#organization\"},\"potentialAction\":[{\"@type\":\"SearchAction\",\"target\":{\"@type\":\"EntryPoint\",\"urlTemplate\":\"https:\\\/\\\/royalfamily.org\\\/?s={search_term_string}\"},\"query-input\":{\"@type\":\"PropertyValueSpecification\",\"valueRequired\":true,\"valueName\":\"search_term_string\"}}],\"inLanguage\":\"sr-LT\"},{\"@type\":\"Organization\",\"@id\":\"https:\\\/\\\/royalfamily.org\\\/#organization\",\"name\":\"Royal Family\",\"url\":\"https:\\\/\\\/royalfamily.org\\\/\",\"logo\":{\"@type\":\"ImageObject\",\"inLanguage\":\"sr-LT\",\"@id\":\"https:\\\/\\\/royalfamily.org\\\/#\\\/schema\\\/logo\\\/image\\\/\",\"url\":\"https:\\\/\\\/royalfamily.org\\\/wp-content\\\/uploads\\\/2019\\\/04\\\/logo-vector-02-V-latinica.png\",\"contentUrl\":\"https:\\\/\\\/royalfamily.org\\\/wp-content\\\/uploads\\\/2019\\\/04\\\/logo-vector-02-V-latinica.png\",\"width\":552,\"height\":99,\"caption\":\"Royal Family\"},\"image\":{\"@id\":\"https:\\\/\\\/royalfamily.org\\\/#\\\/schema\\\/logo\\\/image\\\/\"},\"sameAs\":[\"https:\\\/\\\/www.facebook.com\\\/Prestolonaslednik.Aleksandar\"]},{\"@type\":\"Person\",\"@id\":\"https:\\\/\\\/royalfamily.org\\\/#\\\/schema\\\/person\\\/49383a0c31232a928463939891db1ad5\",\"name\":\"Web Royal\",\"image\":{\"@type\":\"ImageObject\",\"inLanguage\":\"sr-LT\",\"@id\":\"https:\\\/\\\/secure.gravatar.com\\\/avatar\\\/8dbdbae4ed2a898dcf0dcd9d01bf41782c405af026744c66e6a62d6235a20271?s=96&d=mm&r=g\",\"url\":\"https:\\\/\\\/secure.gravatar.com\\\/avatar\\\/8dbdbae4ed2a898dcf0dcd9d01bf41782c405af026744c66e6a62d6235a20271?s=96&d=mm&r=g\",\"contentUrl\":\"https:\\\/\\\/secure.gravatar.com\\\/avatar\\\/8dbdbae4ed2a898dcf0dcd9d01bf41782c405af026744c66e6a62d6235a20271?s=96&d=mm&r=g\",\"caption\":\"Web Royal\"}}]}<\/script>\n<!-- \/ Yoast SEO Premium plugin. -->","yoast_head_json":{"title":"INTERVJU PRESTOLONASLEDNIKA ALEKSANDRA I PRINCEZE KATARINA ZA HELLO! - The Royal Family of Serbia","robots":{"index":"index","follow":"follow","max-snippet":"max-snippet:-1","max-image-preview":"max-image-preview:large","max-video-preview":"max-video-preview:-1"},"canonical":"https:\/\/royalfamily.org\/lat\/intervju-za-hello\/","og_locale":"en_US","og_type":"article","og_title":"INTERVJU PRESTOLONASLEDNIKA ALEKSANDRA I PRINCEZE KATARINA ZA HELLO!","og_url":"https:\/\/royalfamily.org\/lat\/intervju-za-hello\/","og_site_name":"The Royal Family of Serbia","article_publisher":"https:\/\/www.facebook.com\/Prestolonaslednik.Aleksandar","article_published_time":"2020-10-02T19:57:41+00:00","article_modified_time":"2020-10-02T21:57:41+00:00","og_image":[{"width":740,"height":360,"url":"https:\/\/royalfamily.org\/wp-content\/uploads\/2020\/10\/Webp.net-resizeimage-16.jpg","type":"image\/jpeg"}],"author":"Web Royal","twitter_card":"summary_large_image","twitter_misc":{"Written by":"Web Royal","Est. reading time":"5 minutes"},"schema":{"@context":"https:\/\/schema.org","@graph":[{"@type":"Article","@id":"https:\/\/royalfamily.org\/lat\/intervju-za-hello\/#article","isPartOf":{"@id":"https:\/\/royalfamily.org\/lat\/intervju-za-hello\/"},"author":{"name":"Web Royal","@id":"https:\/\/royalfamily.org\/#\/schema\/person\/49383a0c31232a928463939891db1ad5"},"headline":"INTERVJU PRESTOLONASLEDNIKA ALEKSANDRA I PRINCEZE KATARINA ZA HELLO!","datePublished":"2020-10-02T19:57:41+00:00","dateModified":"2020-10-02T21:57:41+00:00","mainEntityOfPage":{"@id":"https:\/\/royalfamily.org\/lat\/intervju-za-hello\/"},"wordCount":1061,"publisher":{"@id":"https:\/\/royalfamily.org\/#organization"},"image":{"@id":"https:\/\/royalfamily.org\/lat\/intervju-za-hello\/#primaryimage"},"thumbnailUrl":"https:\/\/royalfamily.org\/wp-content\/uploads\/2020\/10\/Webp.net-resizeimage-16.jpg","articleSection":["Vesti"],"inLanguage":"sr-LT"},{"@type":"WebPage","@id":"https:\/\/royalfamily.org\/lat\/intervju-za-hello\/","url":"https:\/\/royalfamily.org\/lat\/intervju-za-hello\/","name":"INTERVJU PRESTOLONASLEDNIKA ALEKSANDRA I PRINCEZE KATARINA ZA HELLO! - The Royal Family of Serbia","isPartOf":{"@id":"https:\/\/royalfamily.org\/#website"},"primaryImageOfPage":{"@id":"https:\/\/royalfamily.org\/lat\/intervju-za-hello\/#primaryimage"},"image":{"@id":"https:\/\/royalfamily.org\/lat\/intervju-za-hello\/#primaryimage"},"thumbnailUrl":"https:\/\/royalfamily.org\/wp-content\/uploads\/2020\/10\/Webp.net-resizeimage-16.jpg","datePublished":"2020-10-02T19:57:41+00:00","dateModified":"2020-10-02T21:57:41+00:00","breadcrumb":{"@id":"https:\/\/royalfamily.org\/lat\/intervju-za-hello\/#breadcrumb"},"inLanguage":"sr-LT","potentialAction":[{"@type":"ReadAction","target":["https:\/\/royalfamily.org\/lat\/intervju-za-hello\/"]}]},{"@type":"ImageObject","inLanguage":"sr-LT","@id":"https:\/\/royalfamily.org\/lat\/intervju-za-hello\/#primaryimage","url":"https:\/\/royalfamily.org\/wp-content\/uploads\/2020\/10\/Webp.net-resizeimage-16.jpg","contentUrl":"https:\/\/royalfamily.org\/wp-content\/uploads\/2020\/10\/Webp.net-resizeimage-16.jpg","width":740,"height":360},{"@type":"BreadcrumbList","@id":"https:\/\/royalfamily.org\/lat\/intervju-za-hello\/#breadcrumb","itemListElement":[{"@type":"ListItem","position":1,"name":"Home","item":"https:\/\/royalfamily.org\/lat\/"},{"@type":"ListItem","position":2,"name":"INTERVJU PRESTOLONASLEDNIKA ALEKSANDRA I PRINCEZE KATARINA ZA HELLO!"}]},{"@type":"WebSite","@id":"https:\/\/royalfamily.org\/#website","url":"https:\/\/royalfamily.org\/","name":"The Royal Family of Serbia","description":"From the people, for the people","publisher":{"@id":"https:\/\/royalfamily.org\/#organization"},"potentialAction":[{"@type":"SearchAction","target":{"@type":"EntryPoint","urlTemplate":"https:\/\/royalfamily.org\/?s={search_term_string}"},"query-input":{"@type":"PropertyValueSpecification","valueRequired":true,"valueName":"search_term_string"}}],"inLanguage":"sr-LT"},{"@type":"Organization","@id":"https:\/\/royalfamily.org\/#organization","name":"Royal Family","url":"https:\/\/royalfamily.org\/","logo":{"@type":"ImageObject","inLanguage":"sr-LT","@id":"https:\/\/royalfamily.org\/#\/schema\/logo\/image\/","url":"https:\/\/royalfamily.org\/wp-content\/uploads\/2019\/04\/logo-vector-02-V-latinica.png","contentUrl":"https:\/\/royalfamily.org\/wp-content\/uploads\/2019\/04\/logo-vector-02-V-latinica.png","width":552,"height":99,"caption":"Royal Family"},"image":{"@id":"https:\/\/royalfamily.org\/#\/schema\/logo\/image\/"},"sameAs":["https:\/\/www.facebook.com\/Prestolonaslednik.Aleksandar"]},{"@type":"Person","@id":"https:\/\/royalfamily.org\/#\/schema\/person\/49383a0c31232a928463939891db1ad5","name":"Web Royal","image":{"@type":"ImageObject","inLanguage":"sr-LT","@id":"https:\/\/secure.gravatar.com\/avatar\/8dbdbae4ed2a898dcf0dcd9d01bf41782c405af026744c66e6a62d6235a20271?s=96&d=mm&r=g","url":"https:\/\/secure.gravatar.com\/avatar\/8dbdbae4ed2a898dcf0dcd9d01bf41782c405af026744c66e6a62d6235a20271?s=96&d=mm&r=g","contentUrl":"https:\/\/secure.gravatar.com\/avatar\/8dbdbae4ed2a898dcf0dcd9d01bf41782c405af026744c66e6a62d6235a20271?s=96&d=mm&r=g","caption":"Web Royal"}}]}},"_links":{"self":[{"href":"https:\/\/royalfamily.org\/lat\/wp-json\/wp\/v2\/posts\/65241","targetHints":{"allow":["GET"]}}],"collection":[{"href":"https:\/\/royalfamily.org\/lat\/wp-json\/wp\/v2\/posts"}],"about":[{"href":"https:\/\/royalfamily.org\/lat\/wp-json\/wp\/v2\/types\/post"}],"author":[{"embeddable":true,"href":"https:\/\/royalfamily.org\/lat\/wp-json\/wp\/v2\/users\/1"}],"replies":[{"embeddable":true,"href":"https:\/\/royalfamily.org\/lat\/wp-json\/wp\/v2\/comments?post=65241"}],"version-history":[{"count":2,"href":"https:\/\/royalfamily.org\/lat\/wp-json\/wp\/v2\/posts\/65241\/revisions"}],"predecessor-version":[{"id":65248,"href":"https:\/\/royalfamily.org\/lat\/wp-json\/wp\/v2\/posts\/65241\/revisions\/65248"}],"wp:featuredmedia":[{"embeddable":true,"href":"https:\/\/royalfamily.org\/lat\/wp-json\/wp\/v2\/media\/65239"}],"wp:attachment":[{"href":"https:\/\/royalfamily.org\/lat\/wp-json\/wp\/v2\/media?parent=65241"}],"wp:term":[{"taxonomy":"category","embeddable":true,"href":"https:\/\/royalfamily.org\/lat\/wp-json\/wp\/v2\/categories?post=65241"},{"taxonomy":"post_tag","embeddable":true,"href":"https:\/\/royalfamily.org\/lat\/wp-json\/wp\/v2\/tags?post=65241"}],"curies":[{"name":"wp","href":"https:\/\/api.w.org\/{rel}","templated":true}]}}