{"id":65254,"date":"2020-10-06T12:10:25","date_gmt":"2020-10-06T10:10:25","guid":{"rendered":"https:\/\/royalfamily.org\/?p=65254"},"modified":"2020-10-06T12:10:25","modified_gmt":"2020-10-06T10:10:25","slug":"princeza-katarina-deca-ucitelji-brinu-buducnost","status":"publish","type":"post","link":"https:\/\/royalfamily.org\/lat\/princeza-katarina-deca-ucitelji-brinu-buducnost\/","title":{"rendered":"PRINCEZA KATARINA PORU\u010cILA JE DA SU DECA NA\u0160A BUDUC\u0301NOST I DA U\u010cITELJI BRINU O NA\u0160OJ BUDUC\u0301NOST"},"content":{"rendered":"<div class=\"fusion-fullwidth fullwidth-box fusion-builder-row-1 nonhundred-percent-fullwidth non-hundred-percent-height-scrolling\" style=\"--awb-border-radius-top-left:0px;--awb-border-radius-top-right:0px;--awb-border-radius-bottom-right:0px;--awb-border-radius-bottom-left:0px;--awb-flex-wrap:wrap;\" ><div class=\"fusion-builder-row fusion-row\"><div class=\"fusion-layout-column fusion_builder_column fusion-builder-column-0 fusion_builder_column_1_1 1_1 fusion-one-full fusion-column-first fusion-column-last\" style=\"--awb-bg-size:cover;\"><div class=\"fusion-column-wrapper fusion-column-has-shadow fusion-flex-column-wrapper-legacy\"><div class=\"fusion-text fusion-text-1\"><p style=\"text-align: justify;\"><span lang=\"SR-LATN-RS\" style=\"font-size: 14.0pt; font-family: 'Arial',sans-serif;\">U Srbiji i svetu ju\u010de je obele\u017een\u00a0Svetski dan u\u010ditelja, koji su Ujedinjene nacije proglasile 5. oktobra 1994. godine.<\/span><\/p>\n<p style=\"text-align: justify;\"><span lang=\"SR-LATN-RS\" style=\"font-size: 14.0pt; font-family: 'Arial',sans-serif;\">Ovom prilikom, Nj.K.V. Princeza Katarina poslala je poruku: \u201eMoj suprug i ja smo zahvalni svim prosvetnim radnicima i svesni smo koliko mora da je te\u0161ko tokom pandemije korona virusa\u00a0deliti znanje putem u\u010denja na daljinu, specijalnih rasporeda itd. Moramo da shvatimo da su nastavnici veoma va\u017eni u \u017eivotu svake osobe. Oni su poput na\u0161ih roditelja. Zahvaljujuc\u0301i njima, na\u0161a deca u\u010de da rade i da se trude, a njihov autoritet je veoma va\u017ean tokom procesa sazrevanja deteta. Nastavnici prenose znanje iz generacije u generaciju\u00a0i omoguc\u0301avaju napredak i o\u010duvanje svake nacije. Njihov dobar primer mladi \u010desto usvajaju, a mladi mom suprugu i meni mnogo zna\u010de. Pandemija korona virusa\u00a0uticala je\u00a0na nastavnike i ja se nadam da je ovo poslednji put da se tako ne\u0161to dogodilo. Verujem da c\u0301u ovog datuma sledec\u0301e godine moc\u0301i da napi\u0161em druga\u010diju poruku. Svesna zna\u010daja svakog nastavnika i sredine u kojoj rade, moja Fondacija u Beogradu aktivno poma\u017ee \u0161kole u \u200b\u200bSrbiji i Republici Srpskoj donacijama koje pobolj\u0161avaju uslove rada nastavnika i njihovih u\u010denika. Prosvetni radnici su tu da nas vode, podr\u017eavaju, nadahnjuju i podu\u010davaju. Dobar nastavnik je blagoslov i za roditelje i za decu. Srec\u0301an Dan u\u010ditelja svima nama.\u201c<\/span><\/p>\n<\/div><div class=\"fusion-clearfix\"><\/div><\/div><\/div><\/div><\/div>\n","protected":false},"excerpt":{"rendered":"","protected":false},"author":1001015,"featured_media":65251,"comment_status":"closed","ping_status":"closed","sticky":false,"template":"","format":"standard","meta":{"_acf_changed":false,"footnotes":""},"categories":[22],"tags":[],"class_list":["post-65254","post","type-post","status-publish","format-standard","has-post-thumbnail","hentry","category-vesti"],"acf":[],"yoast_head":"<!-- This site is optimized with the Yoast SEO Premium plugin v27.5 (Yoast SEO v27.5) - https:\/\/yoast.com\/product\/yoast-seo-premium-wordpress\/ -->\n<title>PRINCEZA KATARINA PORU\u010cILA JE DA SU DECA NA\u0160A BUDUC\u0301NOST I DA U\u010cITELJI BRINU O NA\u0160OJ BUDUC\u0301NOST - The Royal Family of Serbia<\/title>\n<meta name=\"robots\" content=\"index, follow, max-snippet:-1, max-image-preview:large, max-video-preview:-1\" \/>\n<link rel=\"canonical\" href=\"https:\/\/royalfamily.org\/lat\/princeza-katarina-deca-ucitelji-brinu-buducnost\/\" \/>\n<meta property=\"og:locale\" content=\"en_US\" \/>\n<meta property=\"og:type\" content=\"article\" \/>\n<meta property=\"og:title\" content=\"PRINCEZA KATARINA PORU\u010cILA JE DA SU DECA NA\u0160A BUDUC\u0301NOST I DA U\u010cITELJI BRINU O NA\u0160OJ BUDUC\u0301NOST\" \/>\n<meta property=\"og:url\" content=\"https:\/\/royalfamily.org\/lat\/princeza-katarina-deca-ucitelji-brinu-buducnost\/\" \/>\n<meta property=\"og:site_name\" content=\"The Royal Family of Serbia\" \/>\n<meta property=\"article:publisher\" content=\"https:\/\/www.facebook.com\/Prestolonaslednik.Aleksandar\" \/>\n<meta property=\"article:published_time\" content=\"2020-10-06T10:10:25+00:00\" \/>\n<meta property=\"og:image\" content=\"https:\/\/royalfamily.org\/wp-content\/uploads\/2020\/10\/pa-cover-3.jpg\" \/>\n\t<meta property=\"og:image:width\" content=\"740\" \/>\n\t<meta property=\"og:image:height\" content=\"360\" \/>\n\t<meta property=\"og:image:type\" content=\"image\/jpeg\" \/>\n<meta name=\"author\" content=\"Stefan Milanovic\" \/>\n<meta name=\"twitter:card\" content=\"summary_large_image\" \/>\n<meta name=\"twitter:label1\" content=\"Written by\" \/>\n\t<meta name=\"twitter:data1\" content=\"Stefan Milanovic\" \/>\n\t<meta name=\"twitter:label2\" content=\"Est. reading time\" \/>\n\t<meta name=\"twitter:data2\" content=\"3 minutes\" \/>\n<script type=\"application\/ld+json\" class=\"yoast-schema-graph\">{\"@context\":\"https:\\\/\\\/schema.org\",\"@graph\":[{\"@type\":\"Article\",\"@id\":\"https:\\\/\\\/royalfamily.org\\\/lat\\\/princeza-katarina-deca-ucitelji-brinu-buducnost\\\/#article\",\"isPartOf\":{\"@id\":\"https:\\\/\\\/royalfamily.org\\\/lat\\\/princeza-katarina-deca-ucitelji-brinu-buducnost\\\/\"},\"author\":{\"name\":\"Stefan Milanovic\",\"@id\":\"https:\\\/\\\/royalfamily.org\\\/#\\\/schema\\\/person\\\/4ad3296a6a8a35eed333b6a785e9f648\"},\"headline\":\"PRINCEZA KATARINA PORU\u010cILA JE DA SU DECA NA\u0160A BUDUC\u0301NOST I DA U\u010cITELJI BRINU O NA\u0160OJ BUDUC\u0301NOST\",\"datePublished\":\"2020-10-06T10:10:25+00:00\",\"mainEntityOfPage\":{\"@id\":\"https:\\\/\\\/royalfamily.org\\\/lat\\\/princeza-katarina-deca-ucitelji-brinu-buducnost\\\/\"},\"wordCount\":639,\"publisher\":{\"@id\":\"https:\\\/\\\/royalfamily.org\\\/#organization\"},\"image\":{\"@id\":\"https:\\\/\\\/royalfamily.org\\\/lat\\\/princeza-katarina-deca-ucitelji-brinu-buducnost\\\/#primaryimage\"},\"thumbnailUrl\":\"https:\\\/\\\/royalfamily.org\\\/wp-content\\\/uploads\\\/2020\\\/10\\\/pa-cover-3.jpg\",\"articleSection\":[\"Vesti\"],\"inLanguage\":\"sr-LT\"},{\"@type\":\"WebPage\",\"@id\":\"https:\\\/\\\/royalfamily.org\\\/lat\\\/princeza-katarina-deca-ucitelji-brinu-buducnost\\\/\",\"url\":\"https:\\\/\\\/royalfamily.org\\\/lat\\\/princeza-katarina-deca-ucitelji-brinu-buducnost\\\/\",\"name\":\"PRINCEZA KATARINA PORU\u010cILA JE DA SU DECA NA\u0160A BUDUC\u0301NOST I DA U\u010cITELJI BRINU O NA\u0160OJ BUDUC\u0301NOST - The Royal Family of Serbia\",\"isPartOf\":{\"@id\":\"https:\\\/\\\/royalfamily.org\\\/#website\"},\"primaryImageOfPage\":{\"@id\":\"https:\\\/\\\/royalfamily.org\\\/lat\\\/princeza-katarina-deca-ucitelji-brinu-buducnost\\\/#primaryimage\"},\"image\":{\"@id\":\"https:\\\/\\\/royalfamily.org\\\/lat\\\/princeza-katarina-deca-ucitelji-brinu-buducnost\\\/#primaryimage\"},\"thumbnailUrl\":\"https:\\\/\\\/royalfamily.org\\\/wp-content\\\/uploads\\\/2020\\\/10\\\/pa-cover-3.jpg\",\"datePublished\":\"2020-10-06T10:10:25+00:00\",\"breadcrumb\":{\"@id\":\"https:\\\/\\\/royalfamily.org\\\/lat\\\/princeza-katarina-deca-ucitelji-brinu-buducnost\\\/#breadcrumb\"},\"inLanguage\":\"sr-LT\",\"potentialAction\":[{\"@type\":\"ReadAction\",\"target\":[\"https:\\\/\\\/royalfamily.org\\\/lat\\\/princeza-katarina-deca-ucitelji-brinu-buducnost\\\/\"]}]},{\"@type\":\"ImageObject\",\"inLanguage\":\"sr-LT\",\"@id\":\"https:\\\/\\\/royalfamily.org\\\/lat\\\/princeza-katarina-deca-ucitelji-brinu-buducnost\\\/#primaryimage\",\"url\":\"https:\\\/\\\/royalfamily.org\\\/wp-content\\\/uploads\\\/2020\\\/10\\\/pa-cover-3.jpg\",\"contentUrl\":\"https:\\\/\\\/royalfamily.org\\\/wp-content\\\/uploads\\\/2020\\\/10\\\/pa-cover-3.jpg\",\"width\":740,\"height\":360,\"caption\":\"PRINCEZA KATARINA PORU\u010cILA JE DA SU DECA NA\u0160A BUDUC\u0301NOST I DA U\u010cITELJI BRINU O NA\u0160OJ BUDUC\u0301NOST\"},{\"@type\":\"BreadcrumbList\",\"@id\":\"https:\\\/\\\/royalfamily.org\\\/lat\\\/princeza-katarina-deca-ucitelji-brinu-buducnost\\\/#breadcrumb\",\"itemListElement\":[{\"@type\":\"ListItem\",\"position\":1,\"name\":\"Home\",\"item\":\"https:\\\/\\\/royalfamily.org\\\/lat\\\/\"},{\"@type\":\"ListItem\",\"position\":2,\"name\":\"PRINCEZA KATARINA PORU\u010cILA JE DA SU DECA NA\u0160A BUDUC\u0301NOST I DA U\u010cITELJI BRINU O NA\u0160OJ BUDUC\u0301NOST\"}]},{\"@type\":\"WebSite\",\"@id\":\"https:\\\/\\\/royalfamily.org\\\/#website\",\"url\":\"https:\\\/\\\/royalfamily.org\\\/\",\"name\":\"The Royal Family of Serbia\",\"description\":\"From the people, for the people\",\"publisher\":{\"@id\":\"https:\\\/\\\/royalfamily.org\\\/#organization\"},\"potentialAction\":[{\"@type\":\"SearchAction\",\"target\":{\"@type\":\"EntryPoint\",\"urlTemplate\":\"https:\\\/\\\/royalfamily.org\\\/?s={search_term_string}\"},\"query-input\":{\"@type\":\"PropertyValueSpecification\",\"valueRequired\":true,\"valueName\":\"search_term_string\"}}],\"inLanguage\":\"sr-LT\"},{\"@type\":\"Organization\",\"@id\":\"https:\\\/\\\/royalfamily.org\\\/#organization\",\"name\":\"Royal Family\",\"url\":\"https:\\\/\\\/royalfamily.org\\\/\",\"logo\":{\"@type\":\"ImageObject\",\"inLanguage\":\"sr-LT\",\"@id\":\"https:\\\/\\\/royalfamily.org\\\/#\\\/schema\\\/logo\\\/image\\\/\",\"url\":\"https:\\\/\\\/royalfamily.org\\\/wp-content\\\/uploads\\\/2019\\\/04\\\/logo-vector-02-V-latinica.png\",\"contentUrl\":\"https:\\\/\\\/royalfamily.org\\\/wp-content\\\/uploads\\\/2019\\\/04\\\/logo-vector-02-V-latinica.png\",\"width\":552,\"height\":99,\"caption\":\"Royal Family\"},\"image\":{\"@id\":\"https:\\\/\\\/royalfamily.org\\\/#\\\/schema\\\/logo\\\/image\\\/\"},\"sameAs\":[\"https:\\\/\\\/www.facebook.com\\\/Prestolonaslednik.Aleksandar\"]},{\"@type\":\"Person\",\"@id\":\"https:\\\/\\\/royalfamily.org\\\/#\\\/schema\\\/person\\\/4ad3296a6a8a35eed333b6a785e9f648\",\"name\":\"Stefan Milanovic\",\"image\":{\"@type\":\"ImageObject\",\"inLanguage\":\"sr-LT\",\"@id\":\"https:\\\/\\\/secure.gravatar.com\\\/avatar\\\/92dcbdcf3e32112a9ceb1e41665b1f44c69382d014cacfe12c701f6af7c40259?s=96&d=mm&r=g\",\"url\":\"https:\\\/\\\/secure.gravatar.com\\\/avatar\\\/92dcbdcf3e32112a9ceb1e41665b1f44c69382d014cacfe12c701f6af7c40259?s=96&d=mm&r=g\",\"contentUrl\":\"https:\\\/\\\/secure.gravatar.com\\\/avatar\\\/92dcbdcf3e32112a9ceb1e41665b1f44c69382d014cacfe12c701f6af7c40259?s=96&d=mm&r=g\",\"caption\":\"Stefan Milanovic\"}}]}<\/script>\n<!-- \/ Yoast SEO Premium plugin. -->","yoast_head_json":{"title":"PRINCEZA KATARINA PORU\u010cILA JE DA SU DECA NA\u0160A BUDUC\u0301NOST I DA U\u010cITELJI BRINU O NA\u0160OJ BUDUC\u0301NOST - The Royal Family of Serbia","robots":{"index":"index","follow":"follow","max-snippet":"max-snippet:-1","max-image-preview":"max-image-preview:large","max-video-preview":"max-video-preview:-1"},"canonical":"https:\/\/royalfamily.org\/lat\/princeza-katarina-deca-ucitelji-brinu-buducnost\/","og_locale":"en_US","og_type":"article","og_title":"PRINCEZA KATARINA PORU\u010cILA JE DA SU DECA NA\u0160A BUDUC\u0301NOST I DA U\u010cITELJI BRINU O NA\u0160OJ BUDUC\u0301NOST","og_url":"https:\/\/royalfamily.org\/lat\/princeza-katarina-deca-ucitelji-brinu-buducnost\/","og_site_name":"The Royal Family of Serbia","article_publisher":"https:\/\/www.facebook.com\/Prestolonaslednik.Aleksandar","article_published_time":"2020-10-06T10:10:25+00:00","og_image":[{"width":740,"height":360,"url":"https:\/\/royalfamily.org\/wp-content\/uploads\/2020\/10\/pa-cover-3.jpg","type":"image\/jpeg"}],"author":"Stefan Milanovic","twitter_card":"summary_large_image","twitter_misc":{"Written by":"Stefan Milanovic","Est. reading time":"3 minutes"},"schema":{"@context":"https:\/\/schema.org","@graph":[{"@type":"Article","@id":"https:\/\/royalfamily.org\/lat\/princeza-katarina-deca-ucitelji-brinu-buducnost\/#article","isPartOf":{"@id":"https:\/\/royalfamily.org\/lat\/princeza-katarina-deca-ucitelji-brinu-buducnost\/"},"author":{"name":"Stefan Milanovic","@id":"https:\/\/royalfamily.org\/#\/schema\/person\/4ad3296a6a8a35eed333b6a785e9f648"},"headline":"PRINCEZA KATARINA PORU\u010cILA JE DA SU DECA NA\u0160A BUDUC\u0301NOST I DA U\u010cITELJI BRINU O NA\u0160OJ BUDUC\u0301NOST","datePublished":"2020-10-06T10:10:25+00:00","mainEntityOfPage":{"@id":"https:\/\/royalfamily.org\/lat\/princeza-katarina-deca-ucitelji-brinu-buducnost\/"},"wordCount":639,"publisher":{"@id":"https:\/\/royalfamily.org\/#organization"},"image":{"@id":"https:\/\/royalfamily.org\/lat\/princeza-katarina-deca-ucitelji-brinu-buducnost\/#primaryimage"},"thumbnailUrl":"https:\/\/royalfamily.org\/wp-content\/uploads\/2020\/10\/pa-cover-3.jpg","articleSection":["Vesti"],"inLanguage":"sr-LT"},{"@type":"WebPage","@id":"https:\/\/royalfamily.org\/lat\/princeza-katarina-deca-ucitelji-brinu-buducnost\/","url":"https:\/\/royalfamily.org\/lat\/princeza-katarina-deca-ucitelji-brinu-buducnost\/","name":"PRINCEZA KATARINA PORU\u010cILA JE DA SU DECA NA\u0160A BUDUC\u0301NOST I DA U\u010cITELJI BRINU O NA\u0160OJ BUDUC\u0301NOST - The Royal Family of Serbia","isPartOf":{"@id":"https:\/\/royalfamily.org\/#website"},"primaryImageOfPage":{"@id":"https:\/\/royalfamily.org\/lat\/princeza-katarina-deca-ucitelji-brinu-buducnost\/#primaryimage"},"image":{"@id":"https:\/\/royalfamily.org\/lat\/princeza-katarina-deca-ucitelji-brinu-buducnost\/#primaryimage"},"thumbnailUrl":"https:\/\/royalfamily.org\/wp-content\/uploads\/2020\/10\/pa-cover-3.jpg","datePublished":"2020-10-06T10:10:25+00:00","breadcrumb":{"@id":"https:\/\/royalfamily.org\/lat\/princeza-katarina-deca-ucitelji-brinu-buducnost\/#breadcrumb"},"inLanguage":"sr-LT","potentialAction":[{"@type":"ReadAction","target":["https:\/\/royalfamily.org\/lat\/princeza-katarina-deca-ucitelji-brinu-buducnost\/"]}]},{"@type":"ImageObject","inLanguage":"sr-LT","@id":"https:\/\/royalfamily.org\/lat\/princeza-katarina-deca-ucitelji-brinu-buducnost\/#primaryimage","url":"https:\/\/royalfamily.org\/wp-content\/uploads\/2020\/10\/pa-cover-3.jpg","contentUrl":"https:\/\/royalfamily.org\/wp-content\/uploads\/2020\/10\/pa-cover-3.jpg","width":740,"height":360,"caption":"PRINCEZA KATARINA PORU\u010cILA JE DA SU DECA NA\u0160A BUDUC\u0301NOST I DA U\u010cITELJI BRINU O NA\u0160OJ BUDUC\u0301NOST"},{"@type":"BreadcrumbList","@id":"https:\/\/royalfamily.org\/lat\/princeza-katarina-deca-ucitelji-brinu-buducnost\/#breadcrumb","itemListElement":[{"@type":"ListItem","position":1,"name":"Home","item":"https:\/\/royalfamily.org\/lat\/"},{"@type":"ListItem","position":2,"name":"PRINCEZA KATARINA PORU\u010cILA JE DA SU DECA NA\u0160A BUDUC\u0301NOST I DA U\u010cITELJI BRINU O NA\u0160OJ BUDUC\u0301NOST"}]},{"@type":"WebSite","@id":"https:\/\/royalfamily.org\/#website","url":"https:\/\/royalfamily.org\/","name":"The Royal Family of Serbia","description":"From the people, for the people","publisher":{"@id":"https:\/\/royalfamily.org\/#organization"},"potentialAction":[{"@type":"SearchAction","target":{"@type":"EntryPoint","urlTemplate":"https:\/\/royalfamily.org\/?s={search_term_string}"},"query-input":{"@type":"PropertyValueSpecification","valueRequired":true,"valueName":"search_term_string"}}],"inLanguage":"sr-LT"},{"@type":"Organization","@id":"https:\/\/royalfamily.org\/#organization","name":"Royal Family","url":"https:\/\/royalfamily.org\/","logo":{"@type":"ImageObject","inLanguage":"sr-LT","@id":"https:\/\/royalfamily.org\/#\/schema\/logo\/image\/","url":"https:\/\/royalfamily.org\/wp-content\/uploads\/2019\/04\/logo-vector-02-V-latinica.png","contentUrl":"https:\/\/royalfamily.org\/wp-content\/uploads\/2019\/04\/logo-vector-02-V-latinica.png","width":552,"height":99,"caption":"Royal Family"},"image":{"@id":"https:\/\/royalfamily.org\/#\/schema\/logo\/image\/"},"sameAs":["https:\/\/www.facebook.com\/Prestolonaslednik.Aleksandar"]},{"@type":"Person","@id":"https:\/\/royalfamily.org\/#\/schema\/person\/4ad3296a6a8a35eed333b6a785e9f648","name":"Stefan Milanovic","image":{"@type":"ImageObject","inLanguage":"sr-LT","@id":"https:\/\/secure.gravatar.com\/avatar\/92dcbdcf3e32112a9ceb1e41665b1f44c69382d014cacfe12c701f6af7c40259?s=96&d=mm&r=g","url":"https:\/\/secure.gravatar.com\/avatar\/92dcbdcf3e32112a9ceb1e41665b1f44c69382d014cacfe12c701f6af7c40259?s=96&d=mm&r=g","contentUrl":"https:\/\/secure.gravatar.com\/avatar\/92dcbdcf3e32112a9ceb1e41665b1f44c69382d014cacfe12c701f6af7c40259?s=96&d=mm&r=g","caption":"Stefan Milanovic"}}]}},"_links":{"self":[{"href":"https:\/\/royalfamily.org\/lat\/wp-json\/wp\/v2\/posts\/65254","targetHints":{"allow":["GET"]}}],"collection":[{"href":"https:\/\/royalfamily.org\/lat\/wp-json\/wp\/v2\/posts"}],"about":[{"href":"https:\/\/royalfamily.org\/lat\/wp-json\/wp\/v2\/types\/post"}],"author":[{"embeddable":true,"href":"https:\/\/royalfamily.org\/lat\/wp-json\/wp\/v2\/users\/1001015"}],"replies":[{"embeddable":true,"href":"https:\/\/royalfamily.org\/lat\/wp-json\/wp\/v2\/comments?post=65254"}],"version-history":[{"count":1,"href":"https:\/\/royalfamily.org\/lat\/wp-json\/wp\/v2\/posts\/65254\/revisions"}],"predecessor-version":[{"id":65255,"href":"https:\/\/royalfamily.org\/lat\/wp-json\/wp\/v2\/posts\/65254\/revisions\/65255"}],"wp:featuredmedia":[{"embeddable":true,"href":"https:\/\/royalfamily.org\/lat\/wp-json\/wp\/v2\/media\/65251"}],"wp:attachment":[{"href":"https:\/\/royalfamily.org\/lat\/wp-json\/wp\/v2\/media?parent=65254"}],"wp:term":[{"taxonomy":"category","embeddable":true,"href":"https:\/\/royalfamily.org\/lat\/wp-json\/wp\/v2\/categories?post=65254"},{"taxonomy":"post_tag","embeddable":true,"href":"https:\/\/royalfamily.org\/lat\/wp-json\/wp\/v2\/tags?post=65254"}],"curies":[{"name":"wp","href":"https:\/\/api.w.org\/{rel}","templated":true}]}}