{"id":65405,"date":"2020-11-03T17:59:30","date_gmt":"2020-11-03T16:59:30","guid":{"rendered":"https:\/\/royalfamily.org\/?p=65405"},"modified":"2020-11-03T17:59:30","modified_gmt":"2020-11-03T17:59:30","slug":"50-pomen-kralj-petarii1","status":"publish","type":"post","link":"https:\/\/royalfamily.org\/lat\/50-pomen-kralj-petarii1\/","title":{"rendered":"50. POMEN NjEGOVOM VELI\u010cANSTVU KRALjU PETRU II NA OPLENCU I U NjUJORKU"},"content":{"rendered":"<div class=\"fusion-fullwidth fullwidth-box fusion-builder-row-1 nonhundred-percent-fullwidth non-hundred-percent-height-scrolling\" style=\"--awb-border-radius-top-left:0px;--awb-border-radius-top-right:0px;--awb-border-radius-bottom-right:0px;--awb-border-radius-bottom-left:0px;--awb-flex-wrap:wrap;\" ><div class=\"fusion-builder-row fusion-row\"><div class=\"fusion-layout-column fusion_builder_column fusion-builder-column-0 fusion_builder_column_1_1 1_1 fusion-one-full fusion-column-first fusion-column-last\" style=\"--awb-bg-size:cover;--awb-margin-bottom:0px;\"><div class=\"fusion-column-wrapper fusion-flex-column-wrapper-legacy\"><div class=\"fusion-text fusion-text-1\"><p>Povodom 50. godi\u0161njice smrti Nj.V. Kralja Petra II, pomen pokojnom Kralju slu\u017eio je Njegovo Preosve\u0161tenstvo Episkop \u0161umadijski gospodin Jovan, u mauzoleju Kraljevske porodice, crkvi Svetog \u0110or\u0111a na Oplencu.<\/p>\n<p>U ime Nj.K.V. Prestolonaslednika Aleksandra venac na grob pokojnog Kralja polo\u017eio je g. Dragomir Acovi\u0107, predsedavaju\u0107i Savetodavnih tela Krune. Pomenu su tako\u0111e prisustvovali g. Ljubodrag Gruji\u0107, \u010dlan Krunskog ve\u0107a i g. Predrag Markovi\u0107, \u010dlan Krunskog saveta. Tako\u0111e, venac su polo\u017eili i predstavnici Udru\u017eenja \u201eKraljevina Srbija\u201c.<\/p>\n<p>Istog dana, u 11:00 \u010dasova (po isto\u010dnoameri\u010dkom vremenu), u Njujorku \u0107e Njegovo Preosve\u0161tenstvo Episkop isto\u010dnoameri\u010dki Irinej slu\u017eiti pomen Njegovom Veli\u010danstvu kralju Petru II u prisustvu Njihovih Kraljevskih Viso\u010danstava Prestolonaslednika Aleksandra i Princeze Katarine, koji \u0107e upaliti sve\u0107e u znak se\u0107anja na Prestolonaslednikovog oca, Nj.V. Kralja Petra II, u Srpskoj pravoslavnoj Sabornoj crkvi Svetog Save. Njegovo Veli\u010danstvo kralj Petar II bio je veoma vezan za Sabornu crkvu tokom svog boravka u Sjedinjenim Dr\u017eavama.<\/p>\n<p>Kralj Petar II od Jugoslavije ro\u0111en je u Beogradu 6. septembra 1923. godine kao prvoro\u0111eni sin Kralja Aleksandra I i Kraljice Marije od Jugoslavije. Kumovi su mu bili Kralj D\u017eord\u017e VI i Kraljica Elizabeta (kasnije Kraljica Majka Velike Britanije). Svoje obrazovanje zapo\u010deo je u Kraljevskom Dvoru u Beogradu, a nastavio ga je u \u0161koli Sandroid u Engleskoj, koju je napustio nakon ubistva svog oca 1934. godine. Budu\u0107i da je kralj Petar II imao 11 godina i bio maloletan u vreme atentata na njegovog oca, formirano je tro\u010dlano Namesni\u0161tvo, u koje je bio uklju\u010den i brat od strica Kralja Aleksandra I, Princ Pavle Kara\u0111or\u0111evi\u0107.<\/p>\n<p>Kralj Petar II zamalo je ubijen, kada su nacisti tokom no\u0107i bombardovali Kraljevski Dvor. Drugi svetski rat primorao je kralja Petra II da napusti zemlju zajedno sa jugoslovenskom vladom, sa kojim je oti\u0161ao prvo u Gr\u010dku, a potom u Palestinu i Egipat. Nakon toga se Kralj Petar II pridru\u017eio drugim monarsima i \u0161efovima dr\u017eava okupirane Evrope u Londonu, juna 1941. Tokom rata, narodi Jugoslavije smatrali su Kralja Petra II simbolom otpora nacizmu. Kralj Petar II zavr\u0161io je obrazovanje na univerzitetu u Kejmbrid\u017eu i pridru\u017eio se britanskom Kraljevskom vazduhoplovstvu.<\/p>\n<p>Kralj Petar II nikada nije abdicirao. Nakon Drugog svetskog rata \u017eiveo je u emigraciji, prvobitno u Londonu, sa suprugom Kraljicom Aleksandrom od Jugoslavije (prethodno Princeza od Gr\u010dke i Danske) i njihovim sinom Prestolonaslednikom Aleksandrom, koji je ro\u0111en 1945. godine. Poslednje godine \u017eivota proveo je u SAD. Posle duge i te\u0161ke bolesti, Kralj Petar II umro je 3. novembra 1970. u bolnici u Denveru u Koloradu i sahranjen je u crkvi manastira Svetog Save u Libertivilu u dr\u017eavi Illinois. Bio je jedini kralj sahranjen u Sjedinjenim Dr\u017eavama. Kraljevi posmrtni ostaci preba\u010deni su u<\/p>\n<p>mauzolej Kraljevske porodice, crkvu Svetog \u0110or\u0111a na Oplencu, 26. maja 2013. godine, kada je organizovana dr\u017eavna sahrana.<\/p>\n<\/div><div class=\"awb-gallery-wrapper awb-gallery-wrapper-1 button-span-no\" data-limit=\"20\" data-page=\"1\"><div style=\"margin:-5px;--awb-bordersize:0px;\" class=\"fusion-gallery fusion-gallery-container fusion-grid-3 fusion-columns-total-9 fusion-gallery-layout-grid fusion-gallery-1\"><div style=\"padding:5px;\" class=\"fusion-grid-column fusion-gallery-column fusion-gallery-column-3 hover-type-none\"><div class=\"fusion-gallery-image\"><a href=\"https:\/\/royalfamily.org\/wp-content\/uploads\/2020\/11\/8F2A2380m.jpg\" data-caption=\"Predstavnici Udru\u017eenja \u201eKraljevina Srbija\u201c\" rel=\"noreferrer\" data-rel=\"iLightbox[gallery_image_1]\" class=\"fusion-lightbox\" target=\"_self\"><img decoding=\"async\" src=\"https:\/\/royalfamily.org\/wp-content\/uploads\/2020\/11\/8F2A2380m.jpg\" width=\"1772\" height=\"1181\" alt=\"\" title=\"8F2A2380m\" aria-label=\"8F2A2380m\" class=\"img-responsive wp-image-65409\" srcset=\"https:\/\/royalfamily.org\/wp-content\/uploads\/2020\/11\/8F2A2380m-200x133.jpg 200w, https:\/\/royalfamily.org\/wp-content\/uploads\/2020\/11\/8F2A2380m-400x267.jpg 400w, https:\/\/royalfamily.org\/wp-content\/uploads\/2020\/11\/8F2A2380m-600x400.jpg 600w, https:\/\/royalfamily.org\/wp-content\/uploads\/2020\/11\/8F2A2380m-800x533.jpg 800w, https:\/\/royalfamily.org\/wp-content\/uploads\/2020\/11\/8F2A2380m-1200x800.jpg 1200w, https:\/\/royalfamily.org\/wp-content\/uploads\/2020\/11\/8F2A2380m.jpg 1772w\" sizes=\"(min-width: 2200px) 100vw, (min-width: 824px) 390px, (min-width: 732px) 585px, (min-width: 640px) 732px, \" \/><\/a><\/div><\/div><div style=\"padding:5px;\" class=\"fusion-grid-column fusion-gallery-column fusion-gallery-column-3 hover-type-none\"><div class=\"fusion-gallery-image\"><a href=\"https:\/\/royalfamily.org\/wp-content\/uploads\/2020\/11\/8F2A2427m.jpg\" data-caption=\"Pomen pokojnom Kralju slu\u017ei Njegovo Preosve\u0161tenstvo Episkop \u0161umadijski gospodin Jovan\" rel=\"noreferrer\" data-rel=\"iLightbox[gallery_image_1]\" class=\"fusion-lightbox\" target=\"_self\"><img decoding=\"async\" src=\"https:\/\/royalfamily.org\/wp-content\/uploads\/2020\/11\/8F2A2427m.jpg\" width=\"1772\" height=\"1181\" alt=\"\" title=\"8F2A2427m\" aria-label=\"8F2A2427m\" class=\"img-responsive wp-image-65412\" srcset=\"https:\/\/royalfamily.org\/wp-content\/uploads\/2020\/11\/8F2A2427m-200x133.jpg 200w, https:\/\/royalfamily.org\/wp-content\/uploads\/2020\/11\/8F2A2427m-400x267.jpg 400w, https:\/\/royalfamily.org\/wp-content\/uploads\/2020\/11\/8F2A2427m-600x400.jpg 600w, https:\/\/royalfamily.org\/wp-content\/uploads\/2020\/11\/8F2A2427m-800x533.jpg 800w, https:\/\/royalfamily.org\/wp-content\/uploads\/2020\/11\/8F2A2427m-1200x800.jpg 1200w, https:\/\/royalfamily.org\/wp-content\/uploads\/2020\/11\/8F2A2427m.jpg 1772w\" sizes=\"(min-width: 2200px) 100vw, (min-width: 824px) 390px, (min-width: 732px) 585px, (min-width: 640px) 732px, \" \/><\/a><\/div><\/div><div style=\"padding:5px;\" class=\"fusion-grid-column fusion-gallery-column fusion-gallery-column-3 hover-type-none\"><div class=\"fusion-gallery-image\"><a href=\"https:\/\/royalfamily.org\/wp-content\/uploads\/2020\/11\/8F2A2446m.jpg\" data-caption=\"Pomen pokojnom Kralju slu\u017ei Njegovo Preosve\u0161tenstvo Episkop \u0161umadijski gospodin Jovan\" rel=\"noreferrer\" data-rel=\"iLightbox[gallery_image_1]\" class=\"fusion-lightbox\" target=\"_self\"><img decoding=\"async\" src=\"https:\/\/royalfamily.org\/wp-content\/uploads\/2020\/11\/8F2A2446m.jpg\" width=\"1772\" height=\"1181\" alt=\"\" title=\"8F2A2446m\" aria-label=\"8F2A2446m\" class=\"img-responsive wp-image-65415\" srcset=\"https:\/\/royalfamily.org\/wp-content\/uploads\/2020\/11\/8F2A2446m-200x133.jpg 200w, https:\/\/royalfamily.org\/wp-content\/uploads\/2020\/11\/8F2A2446m-400x267.jpg 400w, https:\/\/royalfamily.org\/wp-content\/uploads\/2020\/11\/8F2A2446m-600x400.jpg 600w, https:\/\/royalfamily.org\/wp-content\/uploads\/2020\/11\/8F2A2446m-800x533.jpg 800w, https:\/\/royalfamily.org\/wp-content\/uploads\/2020\/11\/8F2A2446m-1200x800.jpg 1200w, https:\/\/royalfamily.org\/wp-content\/uploads\/2020\/11\/8F2A2446m.jpg 1772w\" sizes=\"(min-width: 2200px) 100vw, (min-width: 824px) 390px, (min-width: 732px) 585px, (min-width: 640px) 732px, \" \/><\/a><\/div><\/div><div class=\"clearfix\"><\/div><div style=\"padding:5px;\" class=\"fusion-grid-column fusion-gallery-column fusion-gallery-column-3 hover-type-none\"><div class=\"fusion-gallery-image\"><a href=\"https:\/\/royalfamily.org\/wp-content\/uploads\/2020\/11\/8F2A2586m.jpg\" data-caption=\"Predstavnici Udru\u017eenja \u201eKraljevina Srbija\u201c\" rel=\"noreferrer\" data-rel=\"iLightbox[gallery_image_1]\" class=\"fusion-lightbox\" target=\"_self\"><img decoding=\"async\" src=\"https:\/\/royalfamily.org\/wp-content\/uploads\/2020\/11\/8F2A2586m.jpg\" width=\"1772\" height=\"1181\" alt=\"\" title=\"8F2A2586m\" aria-label=\"8F2A2586m\" class=\"img-responsive wp-image-65418\" srcset=\"https:\/\/royalfamily.org\/wp-content\/uploads\/2020\/11\/8F2A2586m-200x133.jpg 200w, https:\/\/royalfamily.org\/wp-content\/uploads\/2020\/11\/8F2A2586m-400x267.jpg 400w, https:\/\/royalfamily.org\/wp-content\/uploads\/2020\/11\/8F2A2586m-600x400.jpg 600w, https:\/\/royalfamily.org\/wp-content\/uploads\/2020\/11\/8F2A2586m-800x533.jpg 800w, https:\/\/royalfamily.org\/wp-content\/uploads\/2020\/11\/8F2A2586m-1200x800.jpg 1200w, https:\/\/royalfamily.org\/wp-content\/uploads\/2020\/11\/8F2A2586m.jpg 1772w\" sizes=\"(min-width: 2200px) 100vw, (min-width: 824px) 390px, (min-width: 732px) 585px, (min-width: 640px) 732px, \" \/><\/a><\/div><\/div><div style=\"padding:5px;\" class=\"fusion-grid-column fusion-gallery-column fusion-gallery-column-3 hover-type-none\"><div class=\"fusion-gallery-image\"><a href=\"https:\/\/royalfamily.org\/wp-content\/uploads\/2020\/11\/8F2A2657m-e1604422194461.jpg\" data-caption=\"50. pomen Nj.V. Kralju Petru II na Oplencu \" rel=\"noreferrer\" data-rel=\"iLightbox[gallery_image_1]\" class=\"fusion-lightbox\" target=\"_self\"><img decoding=\"async\" src=\"https:\/\/royalfamily.org\/wp-content\/uploads\/2020\/11\/8F2A2657m-e1604422194461.jpg\" width=\"740\" height=\"360\" alt=\"\" title=\"8F2A2657m\" aria-label=\"8F2A2657m\" class=\"img-responsive wp-image-65421\" srcset=\"https:\/\/royalfamily.org\/wp-content\/uploads\/2020\/11\/8F2A2657m-e1604422194461-200x97.jpg 200w, https:\/\/royalfamily.org\/wp-content\/uploads\/2020\/11\/8F2A2657m-e1604422194461-400x195.jpg 400w, https:\/\/royalfamily.org\/wp-content\/uploads\/2020\/11\/8F2A2657m-e1604422194461-600x292.jpg 600w, https:\/\/royalfamily.org\/wp-content\/uploads\/2020\/11\/8F2A2657m-e1604422194461.jpg 740w\" sizes=\"(min-width: 2200px) 100vw, (min-width: 824px) 390px, (min-width: 732px) 585px, (min-width: 640px) 732px, \" \/><\/a><\/div><\/div><div style=\"padding:5px;\" class=\"fusion-grid-column fusion-gallery-column fusion-gallery-column-3 hover-type-none\"><div class=\"fusion-gallery-image\"><a href=\"https:\/\/royalfamily.org\/wp-content\/uploads\/2020\/11\/8F2A2675m.jpg\" data-caption=\"U ime Nj.K.V. Prestolonaslednika Aleksandra venac na grob pokojnog Kralja polo\u017eio je g. Dragomir Acovi\u0107\" rel=\"noreferrer\" data-rel=\"iLightbox[gallery_image_1]\" class=\"fusion-lightbox\" target=\"_self\"><img decoding=\"async\" src=\"https:\/\/royalfamily.org\/wp-content\/uploads\/2020\/11\/8F2A2675m.jpg\" width=\"1772\" height=\"1181\" alt=\"\" title=\"8F2A2675m\" aria-label=\"8F2A2675m\" class=\"img-responsive wp-image-65424\" srcset=\"https:\/\/royalfamily.org\/wp-content\/uploads\/2020\/11\/8F2A2675m-200x133.jpg 200w, https:\/\/royalfamily.org\/wp-content\/uploads\/2020\/11\/8F2A2675m-400x267.jpg 400w, https:\/\/royalfamily.org\/wp-content\/uploads\/2020\/11\/8F2A2675m-600x400.jpg 600w, https:\/\/royalfamily.org\/wp-content\/uploads\/2020\/11\/8F2A2675m-800x533.jpg 800w, https:\/\/royalfamily.org\/wp-content\/uploads\/2020\/11\/8F2A2675m-1200x800.jpg 1200w, https:\/\/royalfamily.org\/wp-content\/uploads\/2020\/11\/8F2A2675m.jpg 1772w\" sizes=\"(min-width: 2200px) 100vw, (min-width: 824px) 390px, (min-width: 732px) 585px, (min-width: 640px) 732px, \" \/><\/a><\/div><\/div><div class=\"clearfix\"><\/div><div style=\"padding:5px;\" class=\"fusion-grid-column fusion-gallery-column fusion-gallery-column-3 hover-type-none\"><div class=\"fusion-gallery-image\"><a href=\"https:\/\/royalfamily.org\/wp-content\/uploads\/2020\/11\/IMG_3850.jpg\" rel=\"noreferrer\" data-rel=\"iLightbox[gallery_image_1]\" class=\"fusion-lightbox\" target=\"_self\"><img decoding=\"async\" src=\"https:\/\/royalfamily.org\/wp-content\/uploads\/2020\/11\/IMG_3850.jpg\" width=\"960\" height=\"1280\" alt=\"\" title=\"IMG_3850\" aria-label=\"IMG_3850\" class=\"img-responsive wp-image-65444\" srcset=\"https:\/\/royalfamily.org\/wp-content\/uploads\/2020\/11\/IMG_3850-200x267.jpg 200w, https:\/\/royalfamily.org\/wp-content\/uploads\/2020\/11\/IMG_3850-400x533.jpg 400w, https:\/\/royalfamily.org\/wp-content\/uploads\/2020\/11\/IMG_3850-600x800.jpg 600w, https:\/\/royalfamily.org\/wp-content\/uploads\/2020\/11\/IMG_3850-800x1067.jpg 800w, https:\/\/royalfamily.org\/wp-content\/uploads\/2020\/11\/IMG_3850.jpg 960w\" sizes=\"(min-width: 2200px) 100vw, (min-width: 824px) 390px, (min-width: 732px) 585px, (min-width: 640px) 732px, \" \/><\/a><\/div><\/div><div style=\"padding:5px;\" class=\"fusion-grid-column fusion-gallery-column fusion-gallery-column-3 hover-type-none\"><div class=\"fusion-gallery-image\"><a href=\"https:\/\/royalfamily.org\/wp-content\/uploads\/2020\/11\/IMG_0045.jpg\" rel=\"noreferrer\" data-rel=\"iLightbox[gallery_image_1]\" class=\"fusion-lightbox\" target=\"_self\"><img decoding=\"async\" src=\"https:\/\/royalfamily.org\/wp-content\/uploads\/2020\/11\/IMG_0045.jpg\" width=\"960\" height=\"1280\" alt=\"\" title=\"IMG_0045\" aria-label=\"IMG_0045\" class=\"img-responsive wp-image-65450\" srcset=\"https:\/\/royalfamily.org\/wp-content\/uploads\/2020\/11\/IMG_0045-200x267.jpg 200w, https:\/\/royalfamily.org\/wp-content\/uploads\/2020\/11\/IMG_0045-400x533.jpg 400w, https:\/\/royalfamily.org\/wp-content\/uploads\/2020\/11\/IMG_0045-600x800.jpg 600w, https:\/\/royalfamily.org\/wp-content\/uploads\/2020\/11\/IMG_0045-800x1067.jpg 800w, https:\/\/royalfamily.org\/wp-content\/uploads\/2020\/11\/IMG_0045.jpg 960w\" sizes=\"(min-width: 2200px) 100vw, (min-width: 824px) 390px, (min-width: 732px) 585px, (min-width: 640px) 732px, \" \/><\/a><\/div><\/div><div style=\"padding:5px;\" class=\"fusion-grid-column fusion-gallery-column fusion-gallery-column-3 hover-type-none\"><div class=\"fusion-gallery-image\"><a href=\"https:\/\/royalfamily.org\/wp-content\/uploads\/2020\/11\/IMG_0071.jpg\" rel=\"noreferrer\" data-rel=\"iLightbox[gallery_image_1]\" class=\"fusion-lightbox\" target=\"_self\"><img decoding=\"async\" src=\"https:\/\/royalfamily.org\/wp-content\/uploads\/2020\/11\/IMG_0071.jpg\" width=\"960\" height=\"1280\" alt=\"\" title=\"IMG_0071\" aria-label=\"IMG_0071\" class=\"img-responsive wp-image-65447\" srcset=\"https:\/\/royalfamily.org\/wp-content\/uploads\/2020\/11\/IMG_0071-200x267.jpg 200w, https:\/\/royalfamily.org\/wp-content\/uploads\/2020\/11\/IMG_0071-400x533.jpg 400w, https:\/\/royalfamily.org\/wp-content\/uploads\/2020\/11\/IMG_0071-600x800.jpg 600w, https:\/\/royalfamily.org\/wp-content\/uploads\/2020\/11\/IMG_0071-800x1067.jpg 800w, https:\/\/royalfamily.org\/wp-content\/uploads\/2020\/11\/IMG_0071.jpg 960w\" sizes=\"(min-width: 2200px) 100vw, (min-width: 824px) 390px, (min-width: 732px) 585px, (min-width: 640px) 732px, \" \/><\/a><\/div><\/div><div class=\"clearfix\"><\/div><\/div><\/div><div class=\"fusion-clearfix\"><\/div><\/div><\/div><\/div><\/div>\n","protected":false},"excerpt":{"rendered":"","protected":false},"author":1,"featured_media":65421,"comment_status":"closed","ping_status":"closed","sticky":false,"template":"","format":"standard","meta":{"_acf_changed":false,"footnotes":""},"categories":[22],"tags":[],"class_list":["post-65405","post","type-post","status-publish","format-standard","has-post-thumbnail","hentry","category-vesti"],"acf":[],"yoast_head":"<!-- This site is optimized with the Yoast SEO Premium plugin v27.4 (Yoast SEO v27.4) - https:\/\/yoast.com\/product\/yoast-seo-premium-wordpress\/ -->\n<title>50. POMEN NjEGOVOM VELI\u010cANSTVU KRALjU PETRU II NA OPLENCU I U NjUJORKU - The Royal Family of Serbia<\/title>\n<meta name=\"robots\" content=\"index, follow, max-snippet:-1, max-image-preview:large, max-video-preview:-1\" \/>\n<link rel=\"canonical\" href=\"https:\/\/royalfamily.org\/lat\/50-pomen-kralj-petarii1\/\" \/>\n<meta property=\"og:locale\" content=\"en_US\" \/>\n<meta property=\"og:type\" content=\"article\" \/>\n<meta property=\"og:title\" content=\"50. POMEN NjEGOVOM VELI\u010cANSTVU KRALjU PETRU II NA OPLENCU I U NjUJORKU\" \/>\n<meta property=\"og:url\" content=\"https:\/\/royalfamily.org\/lat\/50-pomen-kralj-petarii1\/\" \/>\n<meta property=\"og:site_name\" content=\"The Royal Family of Serbia\" \/>\n<meta property=\"article:publisher\" content=\"https:\/\/www.facebook.com\/Prestolonaslednik.Aleksandar\" \/>\n<meta property=\"article:published_time\" content=\"2020-11-03T16:59:30+00:00\" \/>\n<meta property=\"article:modified_time\" content=\"2020-11-03T17:59:30+00:00\" \/>\n<meta property=\"og:image\" content=\"https:\/\/royalfamily.org\/wp-content\/uploads\/2020\/11\/8F2A2657m-e1604422194461.jpg\" \/>\n\t<meta property=\"og:image:width\" content=\"740\" \/>\n\t<meta property=\"og:image:height\" content=\"360\" \/>\n\t<meta property=\"og:image:type\" content=\"image\/jpeg\" \/>\n<meta name=\"author\" content=\"Web Royal\" \/>\n<meta name=\"twitter:card\" content=\"summary_large_image\" \/>\n<meta name=\"twitter:label1\" content=\"Written by\" \/>\n\t<meta name=\"twitter:data1\" content=\"Web Royal\" \/>\n\t<meta name=\"twitter:label2\" content=\"Est. reading time\" \/>\n\t<meta name=\"twitter:data2\" content=\"5 minutes\" \/>\n<script type=\"application\/ld+json\" class=\"yoast-schema-graph\">{\"@context\":\"https:\\\/\\\/schema.org\",\"@graph\":[{\"@type\":\"Article\",\"@id\":\"https:\\\/\\\/royalfamily.org\\\/lat\\\/50-pomen-kralj-petarii1\\\/#article\",\"isPartOf\":{\"@id\":\"https:\\\/\\\/royalfamily.org\\\/lat\\\/50-pomen-kralj-petarii1\\\/\"},\"author\":{\"name\":\"Web Royal\",\"@id\":\"https:\\\/\\\/royalfamily.org\\\/#\\\/schema\\\/person\\\/49383a0c31232a928463939891db1ad5\"},\"headline\":\"50. POMEN NjEGOVOM VELI\u010cANSTVU KRALjU PETRU II NA OPLENCU I U NjUJORKU\",\"datePublished\":\"2020-11-03T16:59:30+00:00\",\"dateModified\":\"2020-11-03T17:59:30+00:00\",\"mainEntityOfPage\":{\"@id\":\"https:\\\/\\\/royalfamily.org\\\/lat\\\/50-pomen-kralj-petarii1\\\/\"},\"wordCount\":925,\"publisher\":{\"@id\":\"https:\\\/\\\/royalfamily.org\\\/#organization\"},\"image\":{\"@id\":\"https:\\\/\\\/royalfamily.org\\\/lat\\\/50-pomen-kralj-petarii1\\\/#primaryimage\"},\"thumbnailUrl\":\"https:\\\/\\\/royalfamily.org\\\/wp-content\\\/uploads\\\/2020\\\/11\\\/8F2A2657m-e1604422194461.jpg\",\"articleSection\":[\"Vesti\"],\"inLanguage\":\"sr-LT\"},{\"@type\":\"WebPage\",\"@id\":\"https:\\\/\\\/royalfamily.org\\\/lat\\\/50-pomen-kralj-petarii1\\\/\",\"url\":\"https:\\\/\\\/royalfamily.org\\\/lat\\\/50-pomen-kralj-petarii1\\\/\",\"name\":\"50. POMEN NjEGOVOM VELI\u010cANSTVU KRALjU PETRU II NA OPLENCU I U NjUJORKU - The Royal Family of Serbia\",\"isPartOf\":{\"@id\":\"https:\\\/\\\/royalfamily.org\\\/#website\"},\"primaryImageOfPage\":{\"@id\":\"https:\\\/\\\/royalfamily.org\\\/lat\\\/50-pomen-kralj-petarii1\\\/#primaryimage\"},\"image\":{\"@id\":\"https:\\\/\\\/royalfamily.org\\\/lat\\\/50-pomen-kralj-petarii1\\\/#primaryimage\"},\"thumbnailUrl\":\"https:\\\/\\\/royalfamily.org\\\/wp-content\\\/uploads\\\/2020\\\/11\\\/8F2A2657m-e1604422194461.jpg\",\"datePublished\":\"2020-11-03T16:59:30+00:00\",\"dateModified\":\"2020-11-03T17:59:30+00:00\",\"breadcrumb\":{\"@id\":\"https:\\\/\\\/royalfamily.org\\\/lat\\\/50-pomen-kralj-petarii1\\\/#breadcrumb\"},\"inLanguage\":\"sr-LT\",\"potentialAction\":[{\"@type\":\"ReadAction\",\"target\":[\"https:\\\/\\\/royalfamily.org\\\/lat\\\/50-pomen-kralj-petarii1\\\/\"]}]},{\"@type\":\"ImageObject\",\"inLanguage\":\"sr-LT\",\"@id\":\"https:\\\/\\\/royalfamily.org\\\/lat\\\/50-pomen-kralj-petarii1\\\/#primaryimage\",\"url\":\"https:\\\/\\\/royalfamily.org\\\/wp-content\\\/uploads\\\/2020\\\/11\\\/8F2A2657m-e1604422194461.jpg\",\"contentUrl\":\"https:\\\/\\\/royalfamily.org\\\/wp-content\\\/uploads\\\/2020\\\/11\\\/8F2A2657m-e1604422194461.jpg\",\"width\":740,\"height\":360,\"caption\":\"50. pomen Nj.V. Kralju Petru II na Oplencu\"},{\"@type\":\"BreadcrumbList\",\"@id\":\"https:\\\/\\\/royalfamily.org\\\/lat\\\/50-pomen-kralj-petarii1\\\/#breadcrumb\",\"itemListElement\":[{\"@type\":\"ListItem\",\"position\":1,\"name\":\"Home\",\"item\":\"https:\\\/\\\/royalfamily.org\\\/lat\\\/\"},{\"@type\":\"ListItem\",\"position\":2,\"name\":\"50. POMEN NjEGOVOM VELI\u010cANSTVU KRALjU PETRU II NA OPLENCU I U NjUJORKU\"}]},{\"@type\":\"WebSite\",\"@id\":\"https:\\\/\\\/royalfamily.org\\\/#website\",\"url\":\"https:\\\/\\\/royalfamily.org\\\/\",\"name\":\"The Royal Family of Serbia\",\"description\":\"From the people, for the people\",\"publisher\":{\"@id\":\"https:\\\/\\\/royalfamily.org\\\/#organization\"},\"potentialAction\":[{\"@type\":\"SearchAction\",\"target\":{\"@type\":\"EntryPoint\",\"urlTemplate\":\"https:\\\/\\\/royalfamily.org\\\/?s={search_term_string}\"},\"query-input\":{\"@type\":\"PropertyValueSpecification\",\"valueRequired\":true,\"valueName\":\"search_term_string\"}}],\"inLanguage\":\"sr-LT\"},{\"@type\":\"Organization\",\"@id\":\"https:\\\/\\\/royalfamily.org\\\/#organization\",\"name\":\"Royal Family\",\"url\":\"https:\\\/\\\/royalfamily.org\\\/\",\"logo\":{\"@type\":\"ImageObject\",\"inLanguage\":\"sr-LT\",\"@id\":\"https:\\\/\\\/royalfamily.org\\\/#\\\/schema\\\/logo\\\/image\\\/\",\"url\":\"https:\\\/\\\/royalfamily.org\\\/wp-content\\\/uploads\\\/2019\\\/04\\\/logo-vector-02-V-latinica.png\",\"contentUrl\":\"https:\\\/\\\/royalfamily.org\\\/wp-content\\\/uploads\\\/2019\\\/04\\\/logo-vector-02-V-latinica.png\",\"width\":552,\"height\":99,\"caption\":\"Royal Family\"},\"image\":{\"@id\":\"https:\\\/\\\/royalfamily.org\\\/#\\\/schema\\\/logo\\\/image\\\/\"},\"sameAs\":[\"https:\\\/\\\/www.facebook.com\\\/Prestolonaslednik.Aleksandar\"]},{\"@type\":\"Person\",\"@id\":\"https:\\\/\\\/royalfamily.org\\\/#\\\/schema\\\/person\\\/49383a0c31232a928463939891db1ad5\",\"name\":\"Web Royal\",\"image\":{\"@type\":\"ImageObject\",\"inLanguage\":\"sr-LT\",\"@id\":\"https:\\\/\\\/secure.gravatar.com\\\/avatar\\\/8dbdbae4ed2a898dcf0dcd9d01bf41782c405af026744c66e6a62d6235a20271?s=96&d=mm&r=g\",\"url\":\"https:\\\/\\\/secure.gravatar.com\\\/avatar\\\/8dbdbae4ed2a898dcf0dcd9d01bf41782c405af026744c66e6a62d6235a20271?s=96&d=mm&r=g\",\"contentUrl\":\"https:\\\/\\\/secure.gravatar.com\\\/avatar\\\/8dbdbae4ed2a898dcf0dcd9d01bf41782c405af026744c66e6a62d6235a20271?s=96&d=mm&r=g\",\"caption\":\"Web Royal\"}}]}<\/script>\n<!-- \/ Yoast SEO Premium plugin. -->","yoast_head_json":{"title":"50. POMEN NjEGOVOM VELI\u010cANSTVU KRALjU PETRU II NA OPLENCU I U NjUJORKU - The Royal Family of Serbia","robots":{"index":"index","follow":"follow","max-snippet":"max-snippet:-1","max-image-preview":"max-image-preview:large","max-video-preview":"max-video-preview:-1"},"canonical":"https:\/\/royalfamily.org\/lat\/50-pomen-kralj-petarii1\/","og_locale":"en_US","og_type":"article","og_title":"50. POMEN NjEGOVOM VELI\u010cANSTVU KRALjU PETRU II NA OPLENCU I U NjUJORKU","og_url":"https:\/\/royalfamily.org\/lat\/50-pomen-kralj-petarii1\/","og_site_name":"The Royal Family of Serbia","article_publisher":"https:\/\/www.facebook.com\/Prestolonaslednik.Aleksandar","article_published_time":"2020-11-03T16:59:30+00:00","article_modified_time":"2020-11-03T17:59:30+00:00","og_image":[{"width":740,"height":360,"url":"https:\/\/royalfamily.org\/wp-content\/uploads\/2020\/11\/8F2A2657m-e1604422194461.jpg","type":"image\/jpeg"}],"author":"Web Royal","twitter_card":"summary_large_image","twitter_misc":{"Written by":"Web Royal","Est. reading time":"5 minutes"},"schema":{"@context":"https:\/\/schema.org","@graph":[{"@type":"Article","@id":"https:\/\/royalfamily.org\/lat\/50-pomen-kralj-petarii1\/#article","isPartOf":{"@id":"https:\/\/royalfamily.org\/lat\/50-pomen-kralj-petarii1\/"},"author":{"name":"Web Royal","@id":"https:\/\/royalfamily.org\/#\/schema\/person\/49383a0c31232a928463939891db1ad5"},"headline":"50. POMEN NjEGOVOM VELI\u010cANSTVU KRALjU PETRU II NA OPLENCU I U NjUJORKU","datePublished":"2020-11-03T16:59:30+00:00","dateModified":"2020-11-03T17:59:30+00:00","mainEntityOfPage":{"@id":"https:\/\/royalfamily.org\/lat\/50-pomen-kralj-petarii1\/"},"wordCount":925,"publisher":{"@id":"https:\/\/royalfamily.org\/#organization"},"image":{"@id":"https:\/\/royalfamily.org\/lat\/50-pomen-kralj-petarii1\/#primaryimage"},"thumbnailUrl":"https:\/\/royalfamily.org\/wp-content\/uploads\/2020\/11\/8F2A2657m-e1604422194461.jpg","articleSection":["Vesti"],"inLanguage":"sr-LT"},{"@type":"WebPage","@id":"https:\/\/royalfamily.org\/lat\/50-pomen-kralj-petarii1\/","url":"https:\/\/royalfamily.org\/lat\/50-pomen-kralj-petarii1\/","name":"50. POMEN NjEGOVOM VELI\u010cANSTVU KRALjU PETRU II NA OPLENCU I U NjUJORKU - The Royal Family of Serbia","isPartOf":{"@id":"https:\/\/royalfamily.org\/#website"},"primaryImageOfPage":{"@id":"https:\/\/royalfamily.org\/lat\/50-pomen-kralj-petarii1\/#primaryimage"},"image":{"@id":"https:\/\/royalfamily.org\/lat\/50-pomen-kralj-petarii1\/#primaryimage"},"thumbnailUrl":"https:\/\/royalfamily.org\/wp-content\/uploads\/2020\/11\/8F2A2657m-e1604422194461.jpg","datePublished":"2020-11-03T16:59:30+00:00","dateModified":"2020-11-03T17:59:30+00:00","breadcrumb":{"@id":"https:\/\/royalfamily.org\/lat\/50-pomen-kralj-petarii1\/#breadcrumb"},"inLanguage":"sr-LT","potentialAction":[{"@type":"ReadAction","target":["https:\/\/royalfamily.org\/lat\/50-pomen-kralj-petarii1\/"]}]},{"@type":"ImageObject","inLanguage":"sr-LT","@id":"https:\/\/royalfamily.org\/lat\/50-pomen-kralj-petarii1\/#primaryimage","url":"https:\/\/royalfamily.org\/wp-content\/uploads\/2020\/11\/8F2A2657m-e1604422194461.jpg","contentUrl":"https:\/\/royalfamily.org\/wp-content\/uploads\/2020\/11\/8F2A2657m-e1604422194461.jpg","width":740,"height":360,"caption":"50. pomen Nj.V. Kralju Petru II na Oplencu"},{"@type":"BreadcrumbList","@id":"https:\/\/royalfamily.org\/lat\/50-pomen-kralj-petarii1\/#breadcrumb","itemListElement":[{"@type":"ListItem","position":1,"name":"Home","item":"https:\/\/royalfamily.org\/lat\/"},{"@type":"ListItem","position":2,"name":"50. POMEN NjEGOVOM VELI\u010cANSTVU KRALjU PETRU II NA OPLENCU I U NjUJORKU"}]},{"@type":"WebSite","@id":"https:\/\/royalfamily.org\/#website","url":"https:\/\/royalfamily.org\/","name":"The Royal Family of Serbia","description":"From the people, for the people","publisher":{"@id":"https:\/\/royalfamily.org\/#organization"},"potentialAction":[{"@type":"SearchAction","target":{"@type":"EntryPoint","urlTemplate":"https:\/\/royalfamily.org\/?s={search_term_string}"},"query-input":{"@type":"PropertyValueSpecification","valueRequired":true,"valueName":"search_term_string"}}],"inLanguage":"sr-LT"},{"@type":"Organization","@id":"https:\/\/royalfamily.org\/#organization","name":"Royal Family","url":"https:\/\/royalfamily.org\/","logo":{"@type":"ImageObject","inLanguage":"sr-LT","@id":"https:\/\/royalfamily.org\/#\/schema\/logo\/image\/","url":"https:\/\/royalfamily.org\/wp-content\/uploads\/2019\/04\/logo-vector-02-V-latinica.png","contentUrl":"https:\/\/royalfamily.org\/wp-content\/uploads\/2019\/04\/logo-vector-02-V-latinica.png","width":552,"height":99,"caption":"Royal Family"},"image":{"@id":"https:\/\/royalfamily.org\/#\/schema\/logo\/image\/"},"sameAs":["https:\/\/www.facebook.com\/Prestolonaslednik.Aleksandar"]},{"@type":"Person","@id":"https:\/\/royalfamily.org\/#\/schema\/person\/49383a0c31232a928463939891db1ad5","name":"Web Royal","image":{"@type":"ImageObject","inLanguage":"sr-LT","@id":"https:\/\/secure.gravatar.com\/avatar\/8dbdbae4ed2a898dcf0dcd9d01bf41782c405af026744c66e6a62d6235a20271?s=96&d=mm&r=g","url":"https:\/\/secure.gravatar.com\/avatar\/8dbdbae4ed2a898dcf0dcd9d01bf41782c405af026744c66e6a62d6235a20271?s=96&d=mm&r=g","contentUrl":"https:\/\/secure.gravatar.com\/avatar\/8dbdbae4ed2a898dcf0dcd9d01bf41782c405af026744c66e6a62d6235a20271?s=96&d=mm&r=g","caption":"Web Royal"}}]}},"_links":{"self":[{"href":"https:\/\/royalfamily.org\/lat\/wp-json\/wp\/v2\/posts\/65405","targetHints":{"allow":["GET"]}}],"collection":[{"href":"https:\/\/royalfamily.org\/lat\/wp-json\/wp\/v2\/posts"}],"about":[{"href":"https:\/\/royalfamily.org\/lat\/wp-json\/wp\/v2\/types\/post"}],"author":[{"embeddable":true,"href":"https:\/\/royalfamily.org\/lat\/wp-json\/wp\/v2\/users\/1"}],"replies":[{"embeddable":true,"href":"https:\/\/royalfamily.org\/lat\/wp-json\/wp\/v2\/comments?post=65405"}],"version-history":[{"count":5,"href":"https:\/\/royalfamily.org\/lat\/wp-json\/wp\/v2\/posts\/65405\/revisions"}],"predecessor-version":[{"id":65453,"href":"https:\/\/royalfamily.org\/lat\/wp-json\/wp\/v2\/posts\/65405\/revisions\/65453"}],"wp:featuredmedia":[{"embeddable":true,"href":"https:\/\/royalfamily.org\/lat\/wp-json\/wp\/v2\/media\/65421"}],"wp:attachment":[{"href":"https:\/\/royalfamily.org\/lat\/wp-json\/wp\/v2\/media?parent=65405"}],"wp:term":[{"taxonomy":"category","embeddable":true,"href":"https:\/\/royalfamily.org\/lat\/wp-json\/wp\/v2\/categories?post=65405"},{"taxonomy":"post_tag","embeddable":true,"href":"https:\/\/royalfamily.org\/lat\/wp-json\/wp\/v2\/tags?post=65405"}],"curies":[{"name":"wp","href":"https:\/\/api.w.org\/{rel}","templated":true}]}}