{"id":65477,"date":"2020-11-05T13:08:43","date_gmt":"2020-11-05T12:08:43","guid":{"rendered":"https:\/\/royalfamily.org\/?p=65477"},"modified":"2020-11-05T13:08:43","modified_gmt":"2020-11-05T12:08:43","slug":"pomoc-skoli-u-selu-suvi","status":"publish","type":"post","link":"https:\/\/royalfamily.org\/lat\/pomoc-skoli-u-selu-suvi\/","title":{"rendered":"POMO\u0106 U VREDNOSTI OD 22,000 DOLARA \u0160KOLI U SELU SUVI DO OBEZBEDILA JE FONDACIJA PRINCEZE KATARINE I HUMANITARNA ORGANIZACIJA LAJFLAJN \u010cIKAGO"},"content":{"rendered":"<div class=\"fusion-fullwidth fullwidth-box fusion-builder-row-1 nonhundred-percent-fullwidth non-hundred-percent-height-scrolling\" style=\"--awb-border-radius-top-left:0px;--awb-border-radius-top-right:0px;--awb-border-radius-bottom-right:0px;--awb-border-radius-bottom-left:0px;--awb-flex-wrap:wrap;\" ><div class=\"fusion-builder-row fusion-row\"><div class=\"fusion-layout-column fusion_builder_column fusion-builder-column-0 fusion_builder_column_1_1 1_1 fusion-one-full fusion-column-first fusion-column-last\" style=\"--awb-bg-size:cover;--awb-margin-bottom:0px;\"><div class=\"fusion-column-wrapper fusion-flex-column-wrapper-legacy\"><div class=\"fusion-text fusion-text-1\"><p>Humanitarna organizacija Lajflajn iz \u010cikaga obezbedila je donaciju Fondaciji Nj.K.V. Princeze Katarine u vrednosti od 22,000 ameri\u010dkih dolara za Osnovnu \u0161kolu u selu Suvi Do, op\u0161tina \u017dagubica. Donacija je realizovana zahvaljuju\u0107i velikodu\u0161nosti ljudi dobrog srca iz Pitsbur\u0161kog komiteta, Kola Srpskih Sestara iz Lansinga i D\u017eolijeta u Ilinoiosu, Grupe Ambasador humanitarne organizacije Lajflajn \u010cikago i Fondacije D\u017eon i Mildred Medi\u0107 Vu\u010deni\u0107.<\/p>\n<p>Osnovna \u0161kola u selu Suvi Do renovirana je kako bi na\u0161a deca bezbri\u017eno i sigurno mogla da prate nastavu. \u0160kola je dobila nove podove, grejne pe\u0107i, prozore i vrata, \u0161kolski name\u0161taj, obrazovni materijal, igra\u010dke, knjige za biblioteku, a \u0111aci ran\u010deve sa \u0161kolskim priborom.<\/p>\n<p>Nj.K.V. Princeza Katarina izrazila je veliku zahvalnost zbog pomo\u0107i pru\u017eene ovoj \u0161koli: \u201eSre\u0107na sam \u0161to znam da danas imate renoviranu \u0161kolu, koja mo\u017ee da zadovolji sve potrebe dece i u\u010ditelja. Drago mi je da na\u0161i ljudi u dijaspori \u017eele da pomognu svojoj zemlji i nisu zaboravili svoju domovinu. Bog vas blagoslovio \u0161to poma\u017eete na\u0161oj deci!<\/p>\n<p>Za svih 25 godina, koliko je pro\u0161lo od kad sam sa nekoliko svojih prijatelja osnovala prvu Lajflajn kancelariju, mnogo je stvari ura\u0111eno, izgra\u0111ene su \u0161kole, vrti\u0107i, pomagalo se bolnicama i domovima za decu bez roditelja. Pre dve nedelje, pomogli smo Osnovnu \u0161kolu u op\u0161tini \u017dagubica, u selu Bliznak i moja Fondacija i ja \u0107emo nastaviti da poma\u017eemo koliko god mo\u017eemo. Na\u0161oj deci \u017eelim puno uspeha u novoj \u0161kolskoj godini!\u201d<\/p>\n<p>Gospo\u0111a Sun\u010dica Jovi\u0107, direktorka \u0161kole, naglasila je da ova donacija mnogo zna\u010di \u0161koli i u\u010denicima i zahvalila se svima koji su ovu donaciju omogu\u0107ili, kao i Humanitarnoj organizaciji Lajflajn iz \u010cikaga i Nj.K.V. Princezi Katarini<\/p>\n<\/div><div class=\"awb-gallery-wrapper awb-gallery-wrapper-1 button-span-no\" data-limit=\"20\" data-page=\"1\"><div style=\"margin:-5px;--awb-bordersize:0px;\" class=\"fusion-gallery fusion-gallery-container fusion-grid-5 fusion-columns-total-10 fusion-gallery-layout-grid fusion-gallery-1\"><div style=\"padding:5px;\" class=\"fusion-grid-column fusion-gallery-column fusion-gallery-column-5 hover-type-none\"><div class=\"fusion-gallery-image\"><a href=\"https:\/\/royalfamily.org\/wp-content\/uploads\/2020\/11\/image00001-crop.jpg\" rel=\"noreferrer\" data-rel=\"iLightbox[gallery_image_1]\" class=\"fusion-lightbox\" target=\"_self\"><img decoding=\"async\" src=\"https:\/\/royalfamily.org\/wp-content\/uploads\/2020\/11\/image00001-crop.jpg\" width=\"1772\" height=\"1920\" alt=\"\" title=\"image00001-crop\" aria-label=\"image00001-crop\" class=\"img-responsive wp-image-65478\" srcset=\"https:\/\/royalfamily.org\/wp-content\/uploads\/2020\/11\/image00001-crop-200x217.jpg 200w, https:\/\/royalfamily.org\/wp-content\/uploads\/2020\/11\/image00001-crop-400x433.jpg 400w, https:\/\/royalfamily.org\/wp-content\/uploads\/2020\/11\/image00001-crop-600x650.jpg 600w, https:\/\/royalfamily.org\/wp-content\/uploads\/2020\/11\/image00001-crop-800x867.jpg 800w, https:\/\/royalfamily.org\/wp-content\/uploads\/2020\/11\/image00001-crop-1200x1300.jpg 1200w, https:\/\/royalfamily.org\/wp-content\/uploads\/2020\/11\/image00001-crop.jpg 1772w\" sizes=\"(min-width: 2200px) 100vw, (min-width: 1008px) 232px, (min-width: 916px) 290px, (min-width: 824px) 387px, (min-width: 732px) 580px, (min-width: 640px) 732px, \" \/><\/a><\/div><\/div><div style=\"padding:5px;\" class=\"fusion-grid-column fusion-gallery-column fusion-gallery-column-5 hover-type-none\"><div class=\"fusion-gallery-image\"><a href=\"https:\/\/royalfamily.org\/wp-content\/uploads\/2020\/11\/image00002-crop.jpg\" rel=\"noreferrer\" data-rel=\"iLightbox[gallery_image_1]\" class=\"fusion-lightbox\" target=\"_self\"><img decoding=\"async\" src=\"https:\/\/royalfamily.org\/wp-content\/uploads\/2020\/11\/image00002-crop.jpg\" width=\"1772\" height=\"1329\" alt=\"\" title=\"image00002-crop\" aria-label=\"image00002-crop\" class=\"img-responsive wp-image-65481\" srcset=\"https:\/\/royalfamily.org\/wp-content\/uploads\/2020\/11\/image00002-crop-200x150.jpg 200w, https:\/\/royalfamily.org\/wp-content\/uploads\/2020\/11\/image00002-crop-400x300.jpg 400w, https:\/\/royalfamily.org\/wp-content\/uploads\/2020\/11\/image00002-crop-600x450.jpg 600w, https:\/\/royalfamily.org\/wp-content\/uploads\/2020\/11\/image00002-crop-800x600.jpg 800w, https:\/\/royalfamily.org\/wp-content\/uploads\/2020\/11\/image00002-crop-1200x900.jpg 1200w, https:\/\/royalfamily.org\/wp-content\/uploads\/2020\/11\/image00002-crop.jpg 1772w\" sizes=\"(min-width: 2200px) 100vw, (min-width: 1008px) 232px, (min-width: 916px) 290px, (min-width: 824px) 387px, (min-width: 732px) 580px, (min-width: 640px) 732px, \" \/><\/a><\/div><\/div><div style=\"padding:5px;\" class=\"fusion-grid-column fusion-gallery-column fusion-gallery-column-5 hover-type-none\"><div class=\"fusion-gallery-image\"><a href=\"https:\/\/royalfamily.org\/wp-content\/uploads\/2020\/11\/image00003-crop.jpg\" rel=\"noreferrer\" data-rel=\"iLightbox[gallery_image_1]\" class=\"fusion-lightbox\" target=\"_self\"><img decoding=\"async\" src=\"https:\/\/royalfamily.org\/wp-content\/uploads\/2020\/11\/image00003-crop.jpg\" width=\"1772\" height=\"1778\" alt=\"\" title=\"image00003-crop\" aria-label=\"image00003-crop\" class=\"img-responsive wp-image-65484\" srcset=\"https:\/\/royalfamily.org\/wp-content\/uploads\/2020\/11\/image00003-crop-200x201.jpg 200w, https:\/\/royalfamily.org\/wp-content\/uploads\/2020\/11\/image00003-crop-400x401.jpg 400w, https:\/\/royalfamily.org\/wp-content\/uploads\/2020\/11\/image00003-crop-600x602.jpg 600w, https:\/\/royalfamily.org\/wp-content\/uploads\/2020\/11\/image00003-crop-800x803.jpg 800w, https:\/\/royalfamily.org\/wp-content\/uploads\/2020\/11\/image00003-crop-1200x1204.jpg 1200w, https:\/\/royalfamily.org\/wp-content\/uploads\/2020\/11\/image00003-crop.jpg 1772w\" sizes=\"(min-width: 2200px) 100vw, (min-width: 1008px) 232px, (min-width: 916px) 290px, (min-width: 824px) 387px, (min-width: 732px) 580px, (min-width: 640px) 732px, \" \/><\/a><\/div><\/div><div style=\"padding:5px;\" class=\"fusion-grid-column fusion-gallery-column fusion-gallery-column-5 hover-type-none\"><div class=\"fusion-gallery-image\"><a href=\"https:\/\/royalfamily.org\/wp-content\/uploads\/2020\/11\/image00004-crop.jpg\" rel=\"noreferrer\" data-rel=\"iLightbox[gallery_image_1]\" class=\"fusion-lightbox\" target=\"_self\"><img decoding=\"async\" src=\"https:\/\/royalfamily.org\/wp-content\/uploads\/2020\/11\/image00004-crop.jpg\" width=\"1183\" height=\"1772\" alt=\"\" title=\"image00004-crop\" aria-label=\"image00004-crop\" class=\"img-responsive wp-image-65487\" srcset=\"https:\/\/royalfamily.org\/wp-content\/uploads\/2020\/11\/image00004-crop-200x300.jpg 200w, https:\/\/royalfamily.org\/wp-content\/uploads\/2020\/11\/image00004-crop-400x599.jpg 400w, https:\/\/royalfamily.org\/wp-content\/uploads\/2020\/11\/image00004-crop-600x899.jpg 600w, https:\/\/royalfamily.org\/wp-content\/uploads\/2020\/11\/image00004-crop-800x1198.jpg 800w, https:\/\/royalfamily.org\/wp-content\/uploads\/2020\/11\/image00004-crop.jpg 1183w\" sizes=\"(min-width: 2200px) 100vw, (min-width: 1008px) 232px, (min-width: 916px) 290px, (min-width: 824px) 387px, (min-width: 732px) 580px, (min-width: 640px) 732px, \" \/><\/a><\/div><\/div><div style=\"padding:5px;\" class=\"fusion-grid-column fusion-gallery-column fusion-gallery-column-5 hover-type-none\"><div class=\"fusion-gallery-image\"><a href=\"https:\/\/royalfamily.org\/wp-content\/uploads\/2020\/11\/image00005-crop.jpg\" rel=\"noreferrer\" data-rel=\"iLightbox[gallery_image_1]\" class=\"fusion-lightbox\" target=\"_self\"><img decoding=\"async\" src=\"https:\/\/royalfamily.org\/wp-content\/uploads\/2020\/11\/image00005-crop.jpg\" width=\"1329\" height=\"1772\" alt=\"\" title=\"image00005-crop\" aria-label=\"image00005-crop\" class=\"img-responsive wp-image-65490\" srcset=\"https:\/\/royalfamily.org\/wp-content\/uploads\/2020\/11\/image00005-crop-200x267.jpg 200w, https:\/\/royalfamily.org\/wp-content\/uploads\/2020\/11\/image00005-crop-400x533.jpg 400w, https:\/\/royalfamily.org\/wp-content\/uploads\/2020\/11\/image00005-crop-600x800.jpg 600w, https:\/\/royalfamily.org\/wp-content\/uploads\/2020\/11\/image00005-crop-800x1067.jpg 800w, https:\/\/royalfamily.org\/wp-content\/uploads\/2020\/11\/image00005-crop-1200x1600.jpg 1200w, https:\/\/royalfamily.org\/wp-content\/uploads\/2020\/11\/image00005-crop.jpg 1329w\" sizes=\"(min-width: 2200px) 100vw, (min-width: 1008px) 232px, (min-width: 916px) 290px, (min-width: 824px) 387px, (min-width: 732px) 580px, (min-width: 640px) 732px, \" \/><\/a><\/div><\/div><div class=\"clearfix\"><\/div><div style=\"padding:5px;\" class=\"fusion-grid-column fusion-gallery-column fusion-gallery-column-5 hover-type-none\"><div class=\"fusion-gallery-image\"><a href=\"https:\/\/royalfamily.org\/wp-content\/uploads\/2020\/11\/image00006-crop.jpg\" rel=\"noreferrer\" data-rel=\"iLightbox[gallery_image_1]\" class=\"fusion-lightbox\" target=\"_self\"><img decoding=\"async\" src=\"https:\/\/royalfamily.org\/wp-content\/uploads\/2020\/11\/image00006-crop.jpg\" width=\"1329\" height=\"1772\" alt=\"\" title=\"image00006 crop\" aria-label=\"image00006 crop\" class=\"img-responsive wp-image-65493\" srcset=\"https:\/\/royalfamily.org\/wp-content\/uploads\/2020\/11\/image00006-crop-200x267.jpg 200w, https:\/\/royalfamily.org\/wp-content\/uploads\/2020\/11\/image00006-crop-400x533.jpg 400w, https:\/\/royalfamily.org\/wp-content\/uploads\/2020\/11\/image00006-crop-600x800.jpg 600w, https:\/\/royalfamily.org\/wp-content\/uploads\/2020\/11\/image00006-crop-800x1067.jpg 800w, https:\/\/royalfamily.org\/wp-content\/uploads\/2020\/11\/image00006-crop-1200x1600.jpg 1200w, https:\/\/royalfamily.org\/wp-content\/uploads\/2020\/11\/image00006-crop.jpg 1329w\" sizes=\"(min-width: 2200px) 100vw, (min-width: 1008px) 232px, (min-width: 916px) 290px, (min-width: 824px) 387px, (min-width: 732px) 580px, (min-width: 640px) 732px, \" \/><\/a><\/div><\/div><div style=\"padding:5px;\" class=\"fusion-grid-column fusion-gallery-column fusion-gallery-column-5 hover-type-none\"><div class=\"fusion-gallery-image\"><a href=\"https:\/\/royalfamily.org\/wp-content\/uploads\/2020\/11\/image00007-crop.jpg\" rel=\"noreferrer\" data-rel=\"iLightbox[gallery_image_1]\" class=\"fusion-lightbox\" target=\"_self\"><img decoding=\"async\" src=\"https:\/\/royalfamily.org\/wp-content\/uploads\/2020\/11\/image00007-crop.jpg\" width=\"1405\" height=\"1772\" alt=\"\" title=\"image00007 crop\" aria-label=\"image00007 crop\" class=\"img-responsive wp-image-65496\" srcset=\"https:\/\/royalfamily.org\/wp-content\/uploads\/2020\/11\/image00007-crop-200x252.jpg 200w, https:\/\/royalfamily.org\/wp-content\/uploads\/2020\/11\/image00007-crop-400x504.jpg 400w, https:\/\/royalfamily.org\/wp-content\/uploads\/2020\/11\/image00007-crop-600x757.jpg 600w, https:\/\/royalfamily.org\/wp-content\/uploads\/2020\/11\/image00007-crop-800x1009.jpg 800w, https:\/\/royalfamily.org\/wp-content\/uploads\/2020\/11\/image00007-crop-1200x1513.jpg 1200w, https:\/\/royalfamily.org\/wp-content\/uploads\/2020\/11\/image00007-crop.jpg 1405w\" sizes=\"(min-width: 2200px) 100vw, (min-width: 1008px) 232px, (min-width: 916px) 290px, (min-width: 824px) 387px, (min-width: 732px) 580px, (min-width: 640px) 732px, \" \/><\/a><\/div><\/div><div style=\"padding:5px;\" class=\"fusion-grid-column fusion-gallery-column fusion-gallery-column-5 hover-type-none\"><div class=\"fusion-gallery-image\"><a href=\"https:\/\/royalfamily.org\/wp-content\/uploads\/2020\/11\/image00009-crop.jpg\" rel=\"noreferrer\" data-rel=\"iLightbox[gallery_image_1]\" class=\"fusion-lightbox\" target=\"_self\"><img decoding=\"async\" src=\"https:\/\/royalfamily.org\/wp-content\/uploads\/2020\/11\/image00009-crop.jpg\" width=\"1402\" height=\"1772\" alt=\"\" title=\"image00009 crop\" aria-label=\"image00009 crop\" class=\"img-responsive wp-image-65499\" srcset=\"https:\/\/royalfamily.org\/wp-content\/uploads\/2020\/11\/image00009-crop-200x253.jpg 200w, https:\/\/royalfamily.org\/wp-content\/uploads\/2020\/11\/image00009-crop-400x506.jpg 400w, https:\/\/royalfamily.org\/wp-content\/uploads\/2020\/11\/image00009-crop-600x758.jpg 600w, https:\/\/royalfamily.org\/wp-content\/uploads\/2020\/11\/image00009-crop-800x1011.jpg 800w, https:\/\/royalfamily.org\/wp-content\/uploads\/2020\/11\/image00009-crop-1200x1517.jpg 1200w, https:\/\/royalfamily.org\/wp-content\/uploads\/2020\/11\/image00009-crop.jpg 1402w\" sizes=\"(min-width: 2200px) 100vw, (min-width: 1008px) 232px, (min-width: 916px) 290px, (min-width: 824px) 387px, (min-width: 732px) 580px, (min-width: 640px) 732px, \" \/><\/a><\/div><\/div><div style=\"padding:5px;\" class=\"fusion-grid-column fusion-gallery-column fusion-gallery-column-5 hover-type-none\"><div class=\"fusion-gallery-image\"><a href=\"https:\/\/royalfamily.org\/wp-content\/uploads\/2020\/11\/Suvi-Do-32-crop-e1604577626525.jpg\" rel=\"noreferrer\" data-rel=\"iLightbox[gallery_image_1]\" class=\"fusion-lightbox\" target=\"_self\"><img decoding=\"async\" src=\"https:\/\/royalfamily.org\/wp-content\/uploads\/2020\/11\/Suvi-Do-32-crop-e1604577626525.jpg\" width=\"740\" height=\"987\" alt=\"\" title=\"Suvi Do 32 crop\" aria-label=\"Suvi Do 32 crop\" class=\"img-responsive wp-image-65502\" srcset=\"https:\/\/royalfamily.org\/wp-content\/uploads\/2020\/11\/Suvi-Do-32-crop-e1604577626525-500x667.jpg 500w, https:\/\/royalfamily.org\/wp-content\/uploads\/2020\/11\/Suvi-Do-32-crop-e1604577626525-700x934.jpg 700w, https:\/\/royalfamily.org\/wp-content\/uploads\/2020\/11\/Suvi-Do-32-crop-e1604577626525.jpg 740w\" sizes=\"(max-width: 740px) 100vw, 740px\" \/><\/a><\/div><\/div><div style=\"padding:5px;\" class=\"fusion-grid-column fusion-gallery-column fusion-gallery-column-5 hover-type-none\"><div class=\"fusion-gallery-image\"><a href=\"https:\/\/royalfamily.org\/wp-content\/uploads\/2020\/11\/Suvi-Do-33-crop.jpg\" rel=\"noreferrer\" data-rel=\"iLightbox[gallery_image_1]\" class=\"fusion-lightbox\" target=\"_self\"><img decoding=\"async\" src=\"https:\/\/royalfamily.org\/wp-content\/uploads\/2020\/11\/Suvi-Do-33-crop.jpg\" width=\"1329\" height=\"1772\" alt=\"\" title=\"Suvi Do 33 crop\" aria-label=\"Suvi Do 33 crop\" class=\"img-responsive wp-image-65505\" srcset=\"https:\/\/royalfamily.org\/wp-content\/uploads\/2020\/11\/Suvi-Do-33-crop-200x267.jpg 200w, https:\/\/royalfamily.org\/wp-content\/uploads\/2020\/11\/Suvi-Do-33-crop-400x533.jpg 400w, https:\/\/royalfamily.org\/wp-content\/uploads\/2020\/11\/Suvi-Do-33-crop-600x800.jpg 600w, https:\/\/royalfamily.org\/wp-content\/uploads\/2020\/11\/Suvi-Do-33-crop-800x1067.jpg 800w, https:\/\/royalfamily.org\/wp-content\/uploads\/2020\/11\/Suvi-Do-33-crop-1200x1600.jpg 1200w, https:\/\/royalfamily.org\/wp-content\/uploads\/2020\/11\/Suvi-Do-33-crop.jpg 1329w\" sizes=\"(min-width: 2200px) 100vw, (min-width: 1008px) 232px, (min-width: 916px) 290px, (min-width: 824px) 387px, (min-width: 732px) 580px, (min-width: 640px) 732px, \" \/><\/a><\/div><\/div><div class=\"clearfix\"><\/div><\/div><\/div><div class=\"fusion-clearfix\"><\/div><\/div><\/div><\/div><\/div>\n","protected":false},"excerpt":{"rendered":"","protected":false},"author":1,"featured_media":65508,"comment_status":"closed","ping_status":"closed","sticky":false,"template":"","format":"standard","meta":{"_acf_changed":false,"footnotes":""},"categories":[22],"tags":[],"class_list":["post-65477","post","type-post","status-publish","format-standard","has-post-thumbnail","hentry","category-vesti"],"acf":[],"yoast_head":"<!-- This site is optimized with the Yoast SEO Premium plugin v27.4 (Yoast SEO v27.4) - https:\/\/yoast.com\/product\/yoast-seo-premium-wordpress\/ -->\n<title>POMO\u0106 U VREDNOSTI OD 22,000 DOLARA \u0160KOLI U SELU SUVI DO OBEZBEDILA JE FONDACIJA PRINCEZE KATARINE I HUMANITARNA ORGANIZACIJA LAJFLAJN \u010cIKAGO - The Royal Family of Serbia<\/title>\n<meta name=\"robots\" content=\"index, follow, max-snippet:-1, max-image-preview:large, max-video-preview:-1\" \/>\n<link rel=\"canonical\" href=\"https:\/\/royalfamily.org\/lat\/pomoc-skoli-u-selu-suvi\/\" \/>\n<meta property=\"og:locale\" content=\"en_US\" \/>\n<meta property=\"og:type\" content=\"article\" \/>\n<meta property=\"og:title\" content=\"POMO\u0106 U VREDNOSTI OD 22,000 DOLARA \u0160KOLI U SELU SUVI DO OBEZBEDILA JE FONDACIJA PRINCEZE KATARINE I HUMANITARNA ORGANIZACIJA LAJFLAJN \u010cIKAGO\" \/>\n<meta property=\"og:url\" content=\"https:\/\/royalfamily.org\/lat\/pomoc-skoli-u-selu-suvi\/\" \/>\n<meta property=\"og:site_name\" content=\"The Royal Family of Serbia\" \/>\n<meta property=\"article:publisher\" content=\"https:\/\/www.facebook.com\/Prestolonaslednik.Aleksandar\" \/>\n<meta property=\"article:published_time\" content=\"2020-11-05T12:08:43+00:00\" \/>\n<meta property=\"og:image\" content=\"https:\/\/royalfamily.org\/wp-content\/uploads\/2020\/11\/naslovna-1.jpg\" \/>\n\t<meta property=\"og:image:width\" content=\"740\" \/>\n\t<meta property=\"og:image:height\" content=\"360\" \/>\n\t<meta property=\"og:image:type\" content=\"image\/jpeg\" \/>\n<meta name=\"author\" content=\"Web Royal\" \/>\n<meta name=\"twitter:card\" content=\"summary_large_image\" \/>\n<meta name=\"twitter:label1\" content=\"Written by\" \/>\n\t<meta name=\"twitter:data1\" content=\"Web Royal\" \/>\n\t<meta name=\"twitter:label2\" content=\"Est. reading time\" \/>\n\t<meta name=\"twitter:data2\" content=\"3 minutes\" \/>\n<script type=\"application\/ld+json\" class=\"yoast-schema-graph\">{\"@context\":\"https:\\\/\\\/schema.org\",\"@graph\":[{\"@type\":\"Article\",\"@id\":\"https:\\\/\\\/royalfamily.org\\\/lat\\\/pomoc-skoli-u-selu-suvi\\\/#article\",\"isPartOf\":{\"@id\":\"https:\\\/\\\/royalfamily.org\\\/lat\\\/pomoc-skoli-u-selu-suvi\\\/\"},\"author\":{\"name\":\"Web Royal\",\"@id\":\"https:\\\/\\\/royalfamily.org\\\/#\\\/schema\\\/person\\\/49383a0c31232a928463939891db1ad5\"},\"headline\":\"POMO\u0106 U VREDNOSTI OD 22,000 DOLARA \u0160KOLI U SELU SUVI DO OBEZBEDILA JE FONDACIJA PRINCEZE KATARINE I HUMANITARNA ORGANIZACIJA LAJFLAJN \u010cIKAGO\",\"datePublished\":\"2020-11-05T12:08:43+00:00\",\"mainEntityOfPage\":{\"@id\":\"https:\\\/\\\/royalfamily.org\\\/lat\\\/pomoc-skoli-u-selu-suvi\\\/\"},\"wordCount\":700,\"publisher\":{\"@id\":\"https:\\\/\\\/royalfamily.org\\\/#organization\"},\"image\":{\"@id\":\"https:\\\/\\\/royalfamily.org\\\/lat\\\/pomoc-skoli-u-selu-suvi\\\/#primaryimage\"},\"thumbnailUrl\":\"https:\\\/\\\/royalfamily.org\\\/wp-content\\\/uploads\\\/2020\\\/11\\\/naslovna-1.jpg\",\"articleSection\":[\"Vesti\"],\"inLanguage\":\"sr-LT\"},{\"@type\":\"WebPage\",\"@id\":\"https:\\\/\\\/royalfamily.org\\\/lat\\\/pomoc-skoli-u-selu-suvi\\\/\",\"url\":\"https:\\\/\\\/royalfamily.org\\\/lat\\\/pomoc-skoli-u-selu-suvi\\\/\",\"name\":\"POMO\u0106 U VREDNOSTI OD 22,000 DOLARA \u0160KOLI U SELU SUVI DO OBEZBEDILA JE FONDACIJA PRINCEZE KATARINE I HUMANITARNA ORGANIZACIJA LAJFLAJN \u010cIKAGO - The Royal Family of Serbia\",\"isPartOf\":{\"@id\":\"https:\\\/\\\/royalfamily.org\\\/#website\"},\"primaryImageOfPage\":{\"@id\":\"https:\\\/\\\/royalfamily.org\\\/lat\\\/pomoc-skoli-u-selu-suvi\\\/#primaryimage\"},\"image\":{\"@id\":\"https:\\\/\\\/royalfamily.org\\\/lat\\\/pomoc-skoli-u-selu-suvi\\\/#primaryimage\"},\"thumbnailUrl\":\"https:\\\/\\\/royalfamily.org\\\/wp-content\\\/uploads\\\/2020\\\/11\\\/naslovna-1.jpg\",\"datePublished\":\"2020-11-05T12:08:43+00:00\",\"breadcrumb\":{\"@id\":\"https:\\\/\\\/royalfamily.org\\\/lat\\\/pomoc-skoli-u-selu-suvi\\\/#breadcrumb\"},\"inLanguage\":\"sr-LT\",\"potentialAction\":[{\"@type\":\"ReadAction\",\"target\":[\"https:\\\/\\\/royalfamily.org\\\/lat\\\/pomoc-skoli-u-selu-suvi\\\/\"]}]},{\"@type\":\"ImageObject\",\"inLanguage\":\"sr-LT\",\"@id\":\"https:\\\/\\\/royalfamily.org\\\/lat\\\/pomoc-skoli-u-selu-suvi\\\/#primaryimage\",\"url\":\"https:\\\/\\\/royalfamily.org\\\/wp-content\\\/uploads\\\/2020\\\/11\\\/naslovna-1.jpg\",\"contentUrl\":\"https:\\\/\\\/royalfamily.org\\\/wp-content\\\/uploads\\\/2020\\\/11\\\/naslovna-1.jpg\",\"width\":740,\"height\":360},{\"@type\":\"BreadcrumbList\",\"@id\":\"https:\\\/\\\/royalfamily.org\\\/lat\\\/pomoc-skoli-u-selu-suvi\\\/#breadcrumb\",\"itemListElement\":[{\"@type\":\"ListItem\",\"position\":1,\"name\":\"Home\",\"item\":\"https:\\\/\\\/royalfamily.org\\\/lat\\\/\"},{\"@type\":\"ListItem\",\"position\":2,\"name\":\"POMO\u0106 U VREDNOSTI OD 22,000 DOLARA \u0160KOLI U SELU SUVI DO OBEZBEDILA JE FONDACIJA PRINCEZE KATARINE I HUMANITARNA ORGANIZACIJA LAJFLAJN \u010cIKAGO\"}]},{\"@type\":\"WebSite\",\"@id\":\"https:\\\/\\\/royalfamily.org\\\/#website\",\"url\":\"https:\\\/\\\/royalfamily.org\\\/\",\"name\":\"The Royal Family of Serbia\",\"description\":\"From the people, for the people\",\"publisher\":{\"@id\":\"https:\\\/\\\/royalfamily.org\\\/#organization\"},\"potentialAction\":[{\"@type\":\"SearchAction\",\"target\":{\"@type\":\"EntryPoint\",\"urlTemplate\":\"https:\\\/\\\/royalfamily.org\\\/?s={search_term_string}\"},\"query-input\":{\"@type\":\"PropertyValueSpecification\",\"valueRequired\":true,\"valueName\":\"search_term_string\"}}],\"inLanguage\":\"sr-LT\"},{\"@type\":\"Organization\",\"@id\":\"https:\\\/\\\/royalfamily.org\\\/#organization\",\"name\":\"Royal Family\",\"url\":\"https:\\\/\\\/royalfamily.org\\\/\",\"logo\":{\"@type\":\"ImageObject\",\"inLanguage\":\"sr-LT\",\"@id\":\"https:\\\/\\\/royalfamily.org\\\/#\\\/schema\\\/logo\\\/image\\\/\",\"url\":\"https:\\\/\\\/royalfamily.org\\\/wp-content\\\/uploads\\\/2019\\\/04\\\/logo-vector-02-V-latinica.png\",\"contentUrl\":\"https:\\\/\\\/royalfamily.org\\\/wp-content\\\/uploads\\\/2019\\\/04\\\/logo-vector-02-V-latinica.png\",\"width\":552,\"height\":99,\"caption\":\"Royal Family\"},\"image\":{\"@id\":\"https:\\\/\\\/royalfamily.org\\\/#\\\/schema\\\/logo\\\/image\\\/\"},\"sameAs\":[\"https:\\\/\\\/www.facebook.com\\\/Prestolonaslednik.Aleksandar\"]},{\"@type\":\"Person\",\"@id\":\"https:\\\/\\\/royalfamily.org\\\/#\\\/schema\\\/person\\\/49383a0c31232a928463939891db1ad5\",\"name\":\"Web Royal\",\"image\":{\"@type\":\"ImageObject\",\"inLanguage\":\"sr-LT\",\"@id\":\"https:\\\/\\\/secure.gravatar.com\\\/avatar\\\/8dbdbae4ed2a898dcf0dcd9d01bf41782c405af026744c66e6a62d6235a20271?s=96&d=mm&r=g\",\"url\":\"https:\\\/\\\/secure.gravatar.com\\\/avatar\\\/8dbdbae4ed2a898dcf0dcd9d01bf41782c405af026744c66e6a62d6235a20271?s=96&d=mm&r=g\",\"contentUrl\":\"https:\\\/\\\/secure.gravatar.com\\\/avatar\\\/8dbdbae4ed2a898dcf0dcd9d01bf41782c405af026744c66e6a62d6235a20271?s=96&d=mm&r=g\",\"caption\":\"Web Royal\"}}]}<\/script>\n<!-- \/ Yoast SEO Premium plugin. -->","yoast_head_json":{"title":"POMO\u0106 U VREDNOSTI OD 22,000 DOLARA \u0160KOLI U SELU SUVI DO OBEZBEDILA JE FONDACIJA PRINCEZE KATARINE I HUMANITARNA ORGANIZACIJA LAJFLAJN \u010cIKAGO - The Royal Family of Serbia","robots":{"index":"index","follow":"follow","max-snippet":"max-snippet:-1","max-image-preview":"max-image-preview:large","max-video-preview":"max-video-preview:-1"},"canonical":"https:\/\/royalfamily.org\/lat\/pomoc-skoli-u-selu-suvi\/","og_locale":"en_US","og_type":"article","og_title":"POMO\u0106 U VREDNOSTI OD 22,000 DOLARA \u0160KOLI U SELU SUVI DO OBEZBEDILA JE FONDACIJA PRINCEZE KATARINE I HUMANITARNA ORGANIZACIJA LAJFLAJN \u010cIKAGO","og_url":"https:\/\/royalfamily.org\/lat\/pomoc-skoli-u-selu-suvi\/","og_site_name":"The Royal Family of Serbia","article_publisher":"https:\/\/www.facebook.com\/Prestolonaslednik.Aleksandar","article_published_time":"2020-11-05T12:08:43+00:00","og_image":[{"width":740,"height":360,"url":"https:\/\/royalfamily.org\/wp-content\/uploads\/2020\/11\/naslovna-1.jpg","type":"image\/jpeg"}],"author":"Web Royal","twitter_card":"summary_large_image","twitter_misc":{"Written by":"Web Royal","Est. reading time":"3 minutes"},"schema":{"@context":"https:\/\/schema.org","@graph":[{"@type":"Article","@id":"https:\/\/royalfamily.org\/lat\/pomoc-skoli-u-selu-suvi\/#article","isPartOf":{"@id":"https:\/\/royalfamily.org\/lat\/pomoc-skoli-u-selu-suvi\/"},"author":{"name":"Web Royal","@id":"https:\/\/royalfamily.org\/#\/schema\/person\/49383a0c31232a928463939891db1ad5"},"headline":"POMO\u0106 U VREDNOSTI OD 22,000 DOLARA \u0160KOLI U SELU SUVI DO OBEZBEDILA JE FONDACIJA PRINCEZE KATARINE I HUMANITARNA ORGANIZACIJA LAJFLAJN \u010cIKAGO","datePublished":"2020-11-05T12:08:43+00:00","mainEntityOfPage":{"@id":"https:\/\/royalfamily.org\/lat\/pomoc-skoli-u-selu-suvi\/"},"wordCount":700,"publisher":{"@id":"https:\/\/royalfamily.org\/#organization"},"image":{"@id":"https:\/\/royalfamily.org\/lat\/pomoc-skoli-u-selu-suvi\/#primaryimage"},"thumbnailUrl":"https:\/\/royalfamily.org\/wp-content\/uploads\/2020\/11\/naslovna-1.jpg","articleSection":["Vesti"],"inLanguage":"sr-LT"},{"@type":"WebPage","@id":"https:\/\/royalfamily.org\/lat\/pomoc-skoli-u-selu-suvi\/","url":"https:\/\/royalfamily.org\/lat\/pomoc-skoli-u-selu-suvi\/","name":"POMO\u0106 U VREDNOSTI OD 22,000 DOLARA \u0160KOLI U SELU SUVI DO OBEZBEDILA JE FONDACIJA PRINCEZE KATARINE I HUMANITARNA ORGANIZACIJA LAJFLAJN \u010cIKAGO - The Royal Family of Serbia","isPartOf":{"@id":"https:\/\/royalfamily.org\/#website"},"primaryImageOfPage":{"@id":"https:\/\/royalfamily.org\/lat\/pomoc-skoli-u-selu-suvi\/#primaryimage"},"image":{"@id":"https:\/\/royalfamily.org\/lat\/pomoc-skoli-u-selu-suvi\/#primaryimage"},"thumbnailUrl":"https:\/\/royalfamily.org\/wp-content\/uploads\/2020\/11\/naslovna-1.jpg","datePublished":"2020-11-05T12:08:43+00:00","breadcrumb":{"@id":"https:\/\/royalfamily.org\/lat\/pomoc-skoli-u-selu-suvi\/#breadcrumb"},"inLanguage":"sr-LT","potentialAction":[{"@type":"ReadAction","target":["https:\/\/royalfamily.org\/lat\/pomoc-skoli-u-selu-suvi\/"]}]},{"@type":"ImageObject","inLanguage":"sr-LT","@id":"https:\/\/royalfamily.org\/lat\/pomoc-skoli-u-selu-suvi\/#primaryimage","url":"https:\/\/royalfamily.org\/wp-content\/uploads\/2020\/11\/naslovna-1.jpg","contentUrl":"https:\/\/royalfamily.org\/wp-content\/uploads\/2020\/11\/naslovna-1.jpg","width":740,"height":360},{"@type":"BreadcrumbList","@id":"https:\/\/royalfamily.org\/lat\/pomoc-skoli-u-selu-suvi\/#breadcrumb","itemListElement":[{"@type":"ListItem","position":1,"name":"Home","item":"https:\/\/royalfamily.org\/lat\/"},{"@type":"ListItem","position":2,"name":"POMO\u0106 U VREDNOSTI OD 22,000 DOLARA \u0160KOLI U SELU SUVI DO OBEZBEDILA JE FONDACIJA PRINCEZE KATARINE I HUMANITARNA ORGANIZACIJA LAJFLAJN \u010cIKAGO"}]},{"@type":"WebSite","@id":"https:\/\/royalfamily.org\/#website","url":"https:\/\/royalfamily.org\/","name":"The Royal Family of Serbia","description":"From the people, for the people","publisher":{"@id":"https:\/\/royalfamily.org\/#organization"},"potentialAction":[{"@type":"SearchAction","target":{"@type":"EntryPoint","urlTemplate":"https:\/\/royalfamily.org\/?s={search_term_string}"},"query-input":{"@type":"PropertyValueSpecification","valueRequired":true,"valueName":"search_term_string"}}],"inLanguage":"sr-LT"},{"@type":"Organization","@id":"https:\/\/royalfamily.org\/#organization","name":"Royal Family","url":"https:\/\/royalfamily.org\/","logo":{"@type":"ImageObject","inLanguage":"sr-LT","@id":"https:\/\/royalfamily.org\/#\/schema\/logo\/image\/","url":"https:\/\/royalfamily.org\/wp-content\/uploads\/2019\/04\/logo-vector-02-V-latinica.png","contentUrl":"https:\/\/royalfamily.org\/wp-content\/uploads\/2019\/04\/logo-vector-02-V-latinica.png","width":552,"height":99,"caption":"Royal Family"},"image":{"@id":"https:\/\/royalfamily.org\/#\/schema\/logo\/image\/"},"sameAs":["https:\/\/www.facebook.com\/Prestolonaslednik.Aleksandar"]},{"@type":"Person","@id":"https:\/\/royalfamily.org\/#\/schema\/person\/49383a0c31232a928463939891db1ad5","name":"Web Royal","image":{"@type":"ImageObject","inLanguage":"sr-LT","@id":"https:\/\/secure.gravatar.com\/avatar\/8dbdbae4ed2a898dcf0dcd9d01bf41782c405af026744c66e6a62d6235a20271?s=96&d=mm&r=g","url":"https:\/\/secure.gravatar.com\/avatar\/8dbdbae4ed2a898dcf0dcd9d01bf41782c405af026744c66e6a62d6235a20271?s=96&d=mm&r=g","contentUrl":"https:\/\/secure.gravatar.com\/avatar\/8dbdbae4ed2a898dcf0dcd9d01bf41782c405af026744c66e6a62d6235a20271?s=96&d=mm&r=g","caption":"Web Royal"}}]}},"_links":{"self":[{"href":"https:\/\/royalfamily.org\/lat\/wp-json\/wp\/v2\/posts\/65477","targetHints":{"allow":["GET"]}}],"collection":[{"href":"https:\/\/royalfamily.org\/lat\/wp-json\/wp\/v2\/posts"}],"about":[{"href":"https:\/\/royalfamily.org\/lat\/wp-json\/wp\/v2\/types\/post"}],"author":[{"embeddable":true,"href":"https:\/\/royalfamily.org\/lat\/wp-json\/wp\/v2\/users\/1"}],"replies":[{"embeddable":true,"href":"https:\/\/royalfamily.org\/lat\/wp-json\/wp\/v2\/comments?post=65477"}],"version-history":[{"count":1,"href":"https:\/\/royalfamily.org\/lat\/wp-json\/wp\/v2\/posts\/65477\/revisions"}],"predecessor-version":[{"id":65511,"href":"https:\/\/royalfamily.org\/lat\/wp-json\/wp\/v2\/posts\/65477\/revisions\/65511"}],"wp:featuredmedia":[{"embeddable":true,"href":"https:\/\/royalfamily.org\/lat\/wp-json\/wp\/v2\/media\/65508"}],"wp:attachment":[{"href":"https:\/\/royalfamily.org\/lat\/wp-json\/wp\/v2\/media?parent=65477"}],"wp:term":[{"taxonomy":"category","embeddable":true,"href":"https:\/\/royalfamily.org\/lat\/wp-json\/wp\/v2\/categories?post=65477"},{"taxonomy":"post_tag","embeddable":true,"href":"https:\/\/royalfamily.org\/lat\/wp-json\/wp\/v2\/tags?post=65477"}],"curies":[{"name":"wp","href":"https:\/\/api.w.org\/{rel}","templated":true}]}}