{"id":65523,"date":"2020-11-13T19:05:09","date_gmt":"2020-11-13T18:05:09","guid":{"rendered":"https:\/\/royalfamily.org\/?p=65523"},"modified":"2020-11-13T19:05:09","modified_gmt":"2020-11-13T18:05:09","slug":"njkv-princeza-katarina-slavi-rodendan1","status":"publish","type":"post","link":"https:\/\/royalfamily.org\/lat\/njkv-princeza-katarina-slavi-rodendan1\/","title":{"rendered":"Nj.K.V. PRINCEZA KATARINA SLAVI RO\u0110ENDAN I IMA SAMO JEDNU \u017dELjU"},"content":{"rendered":"<p>Njeno Kraljevsko Viso\u010danstvo Princeza Katarina slavi ro\u0111endan u krugu u\u017ee porodice. Princeza Katarina se toplo zahvaljuje svima koji su joj poslali ro\u0111endanske \u010destitke i \u017eeli svim ljudima<\/p>\n<p>\u0161irom sveta da ostanu zdravi u ovim te\u0161kim vremenima. Princeza Katarina nastavi\u0107e da poma\u017ee na\u0161oj zemlji i gra\u0111anima Srbije i Republike Srpske sa istim entuzijazmom i snagom koju ima vi\u0161e od 30 godina, naro\u010dito sada kada svet vapi za pomo\u0107i, u borbi protiv virusa korone, i kada je i na\u0161oj otad\u017ebini potrebna pomo\u0107.<\/p>\n<p>&nbsp;<\/p>\n<p>Na slede\u0107em linku mo\u017eete da pogledate godi\u0161nji film o aktivnostima i donacijama Nj.K.V. Princeze Katarine i Kraljevske porodice tokom pandemije KOVID-19: <a href=\"https:\/\/www.youtube.com\/watch?v=GUvzN2KztLA\">https:\/\/www.youtube.com\/watch?v=GUvzN2KztLA<\/a><\/p>\n","protected":false},"excerpt":{"rendered":"<p>Njeno Kraljevsko Viso\u010danstvo Princeza Katarina slavi ro\u0111endan u krugu u\u017ee porodice. Princeza Katarina se toplo  [&#8230;]<\/p>\n","protected":false},"author":1,"featured_media":65189,"comment_status":"closed","ping_status":"closed","sticky":false,"template":"","format":"standard","meta":{"_acf_changed":false,"footnotes":""},"categories":[22],"tags":[],"class_list":["post-65523","post","type-post","status-publish","format-standard","has-post-thumbnail","hentry","category-vesti"],"acf":[],"yoast_head":"<!-- This site is optimized with the Yoast SEO Premium plugin v27.4 (Yoast SEO v27.4) - https:\/\/yoast.com\/product\/yoast-seo-premium-wordpress\/ -->\n<title>Nj.K.V. PRINCEZA KATARINA SLAVI RO\u0110ENDAN I IMA SAMO JEDNU \u017dELjU - The Royal Family of Serbia<\/title>\n<meta name=\"description\" content=\"Njeno Kraljevsko Viso\u010danstvo Princeza Katarina slavi ro\u0111endan u krugu u\u017ee porodice. Princeza Katarina se toplo zahvaljuje svima koji su joj poslali\" \/>\n<meta name=\"robots\" content=\"index, follow, max-snippet:-1, max-image-preview:large, max-video-preview:-1\" \/>\n<link rel=\"canonical\" href=\"https:\/\/royalfamily.org\/lat\/njkv-princeza-katarina-slavi-rodendan1\/\" \/>\n<meta property=\"og:locale\" content=\"en_US\" \/>\n<meta property=\"og:type\" content=\"article\" \/>\n<meta property=\"og:title\" content=\"Nj.K.V. PRINCEZA KATARINA SLAVI RO\u0110ENDAN I IMA SAMO JEDNU \u017dELjU\" \/>\n<meta property=\"og:description\" content=\"Njeno Kraljevsko Viso\u010danstvo Princeza Katarina slavi ro\u0111endan u krugu u\u017ee porodice. Princeza Katarina se toplo zahvaljuje svima koji su joj poslali\" \/>\n<meta property=\"og:url\" content=\"https:\/\/royalfamily.org\/lat\/njkv-princeza-katarina-slavi-rodendan1\/\" \/>\n<meta property=\"og:site_name\" content=\"The Royal Family of Serbia\" \/>\n<meta property=\"article:publisher\" content=\"https:\/\/www.facebook.com\/Prestolonaslednik.Aleksandar\" \/>\n<meta property=\"article:published_time\" content=\"2020-11-13T18:05:09+00:00\" \/>\n<meta property=\"og:image\" content=\"https:\/\/royalfamily.org\/wp-content\/uploads\/2020\/09\/pa-cover-2.jpg\" \/>\n\t<meta property=\"og:image:width\" content=\"740\" \/>\n\t<meta property=\"og:image:height\" content=\"360\" \/>\n\t<meta property=\"og:image:type\" content=\"image\/jpeg\" \/>\n<meta name=\"author\" content=\"Web Royal\" \/>\n<meta name=\"twitter:card\" content=\"summary_large_image\" \/>\n<meta name=\"twitter:label1\" content=\"Written by\" \/>\n\t<meta name=\"twitter:data1\" content=\"Web Royal\" \/>\n\t<meta name=\"twitter:label2\" content=\"Est. reading time\" \/>\n\t<meta name=\"twitter:data2\" content=\"1 minute\" \/>\n<script type=\"application\/ld+json\" class=\"yoast-schema-graph\">{\"@context\":\"https:\\\/\\\/schema.org\",\"@graph\":[{\"@type\":\"Article\",\"@id\":\"https:\\\/\\\/royalfamily.org\\\/lat\\\/njkv-princeza-katarina-slavi-rodendan1\\\/#article\",\"isPartOf\":{\"@id\":\"https:\\\/\\\/royalfamily.org\\\/lat\\\/njkv-princeza-katarina-slavi-rodendan1\\\/\"},\"author\":{\"name\":\"Web Royal\",\"@id\":\"https:\\\/\\\/royalfamily.org\\\/#\\\/schema\\\/person\\\/49383a0c31232a928463939891db1ad5\"},\"headline\":\"Nj.K.V. PRINCEZA KATARINA SLAVI RO\u0110ENDAN I IMA SAMO JEDNU \u017dELjU\",\"datePublished\":\"2020-11-13T18:05:09+00:00\",\"mainEntityOfPage\":{\"@id\":\"https:\\\/\\\/royalfamily.org\\\/lat\\\/njkv-princeza-katarina-slavi-rodendan1\\\/\"},\"wordCount\":141,\"publisher\":{\"@id\":\"https:\\\/\\\/royalfamily.org\\\/#organization\"},\"image\":{\"@id\":\"https:\\\/\\\/royalfamily.org\\\/lat\\\/njkv-princeza-katarina-slavi-rodendan1\\\/#primaryimage\"},\"thumbnailUrl\":\"https:\\\/\\\/royalfamily.org\\\/wp-content\\\/uploads\\\/2020\\\/09\\\/pa-cover-2.jpg\",\"articleSection\":[\"Vesti\"],\"inLanguage\":\"sr-LT\"},{\"@type\":\"WebPage\",\"@id\":\"https:\\\/\\\/royalfamily.org\\\/lat\\\/njkv-princeza-katarina-slavi-rodendan1\\\/\",\"url\":\"https:\\\/\\\/royalfamily.org\\\/lat\\\/njkv-princeza-katarina-slavi-rodendan1\\\/\",\"name\":\"Nj.K.V. PRINCEZA KATARINA SLAVI RO\u0110ENDAN I IMA SAMO JEDNU \u017dELjU - The Royal Family of Serbia\",\"isPartOf\":{\"@id\":\"https:\\\/\\\/royalfamily.org\\\/#website\"},\"primaryImageOfPage\":{\"@id\":\"https:\\\/\\\/royalfamily.org\\\/lat\\\/njkv-princeza-katarina-slavi-rodendan1\\\/#primaryimage\"},\"image\":{\"@id\":\"https:\\\/\\\/royalfamily.org\\\/lat\\\/njkv-princeza-katarina-slavi-rodendan1\\\/#primaryimage\"},\"thumbnailUrl\":\"https:\\\/\\\/royalfamily.org\\\/wp-content\\\/uploads\\\/2020\\\/09\\\/pa-cover-2.jpg\",\"datePublished\":\"2020-11-13T18:05:09+00:00\",\"description\":\"Njeno Kraljevsko Viso\u010danstvo Princeza Katarina slavi ro\u0111endan u krugu u\u017ee porodice. Princeza Katarina se toplo zahvaljuje svima koji su joj poslali\",\"breadcrumb\":{\"@id\":\"https:\\\/\\\/royalfamily.org\\\/lat\\\/njkv-princeza-katarina-slavi-rodendan1\\\/#breadcrumb\"},\"inLanguage\":\"sr-LT\",\"potentialAction\":[{\"@type\":\"ReadAction\",\"target\":[\"https:\\\/\\\/royalfamily.org\\\/lat\\\/njkv-princeza-katarina-slavi-rodendan1\\\/\"]}]},{\"@type\":\"ImageObject\",\"inLanguage\":\"sr-LT\",\"@id\":\"https:\\\/\\\/royalfamily.org\\\/lat\\\/njkv-princeza-katarina-slavi-rodendan1\\\/#primaryimage\",\"url\":\"https:\\\/\\\/royalfamily.org\\\/wp-content\\\/uploads\\\/2020\\\/09\\\/pa-cover-2.jpg\",\"contentUrl\":\"https:\\\/\\\/royalfamily.org\\\/wp-content\\\/uploads\\\/2020\\\/09\\\/pa-cover-2.jpg\",\"width\":740,\"height\":360,\"caption\":\"PRINCEZA KATARINA POVODOM ME\u0110UNARODNE NEDELJE GLUVIH\"},{\"@type\":\"BreadcrumbList\",\"@id\":\"https:\\\/\\\/royalfamily.org\\\/lat\\\/njkv-princeza-katarina-slavi-rodendan1\\\/#breadcrumb\",\"itemListElement\":[{\"@type\":\"ListItem\",\"position\":1,\"name\":\"Home\",\"item\":\"https:\\\/\\\/royalfamily.org\\\/lat\\\/\"},{\"@type\":\"ListItem\",\"position\":2,\"name\":\"Nj.K.V. PRINCEZA KATARINA SLAVI RO\u0110ENDAN I IMA SAMO JEDNU \u017dELjU\"}]},{\"@type\":\"WebSite\",\"@id\":\"https:\\\/\\\/royalfamily.org\\\/#website\",\"url\":\"https:\\\/\\\/royalfamily.org\\\/\",\"name\":\"The Royal Family of Serbia\",\"description\":\"From the people, for the people\",\"publisher\":{\"@id\":\"https:\\\/\\\/royalfamily.org\\\/#organization\"},\"potentialAction\":[{\"@type\":\"SearchAction\",\"target\":{\"@type\":\"EntryPoint\",\"urlTemplate\":\"https:\\\/\\\/royalfamily.org\\\/?s={search_term_string}\"},\"query-input\":{\"@type\":\"PropertyValueSpecification\",\"valueRequired\":true,\"valueName\":\"search_term_string\"}}],\"inLanguage\":\"sr-LT\"},{\"@type\":\"Organization\",\"@id\":\"https:\\\/\\\/royalfamily.org\\\/#organization\",\"name\":\"Royal Family\",\"url\":\"https:\\\/\\\/royalfamily.org\\\/\",\"logo\":{\"@type\":\"ImageObject\",\"inLanguage\":\"sr-LT\",\"@id\":\"https:\\\/\\\/royalfamily.org\\\/#\\\/schema\\\/logo\\\/image\\\/\",\"url\":\"https:\\\/\\\/royalfamily.org\\\/wp-content\\\/uploads\\\/2019\\\/04\\\/logo-vector-02-V-latinica.png\",\"contentUrl\":\"https:\\\/\\\/royalfamily.org\\\/wp-content\\\/uploads\\\/2019\\\/04\\\/logo-vector-02-V-latinica.png\",\"width\":552,\"height\":99,\"caption\":\"Royal Family\"},\"image\":{\"@id\":\"https:\\\/\\\/royalfamily.org\\\/#\\\/schema\\\/logo\\\/image\\\/\"},\"sameAs\":[\"https:\\\/\\\/www.facebook.com\\\/Prestolonaslednik.Aleksandar\"]},{\"@type\":\"Person\",\"@id\":\"https:\\\/\\\/royalfamily.org\\\/#\\\/schema\\\/person\\\/49383a0c31232a928463939891db1ad5\",\"name\":\"Web Royal\",\"image\":{\"@type\":\"ImageObject\",\"inLanguage\":\"sr-LT\",\"@id\":\"https:\\\/\\\/secure.gravatar.com\\\/avatar\\\/8dbdbae4ed2a898dcf0dcd9d01bf41782c405af026744c66e6a62d6235a20271?s=96&d=mm&r=g\",\"url\":\"https:\\\/\\\/secure.gravatar.com\\\/avatar\\\/8dbdbae4ed2a898dcf0dcd9d01bf41782c405af026744c66e6a62d6235a20271?s=96&d=mm&r=g\",\"contentUrl\":\"https:\\\/\\\/secure.gravatar.com\\\/avatar\\\/8dbdbae4ed2a898dcf0dcd9d01bf41782c405af026744c66e6a62d6235a20271?s=96&d=mm&r=g\",\"caption\":\"Web Royal\"}}]}<\/script>\n<!-- \/ Yoast SEO Premium plugin. -->","yoast_head_json":{"title":"Nj.K.V. PRINCEZA KATARINA SLAVI RO\u0110ENDAN I IMA SAMO JEDNU \u017dELjU - The Royal Family of Serbia","description":"Njeno Kraljevsko Viso\u010danstvo Princeza Katarina slavi ro\u0111endan u krugu u\u017ee porodice. Princeza Katarina se toplo zahvaljuje svima koji su joj poslali","robots":{"index":"index","follow":"follow","max-snippet":"max-snippet:-1","max-image-preview":"max-image-preview:large","max-video-preview":"max-video-preview:-1"},"canonical":"https:\/\/royalfamily.org\/lat\/njkv-princeza-katarina-slavi-rodendan1\/","og_locale":"en_US","og_type":"article","og_title":"Nj.K.V. PRINCEZA KATARINA SLAVI RO\u0110ENDAN I IMA SAMO JEDNU \u017dELjU","og_description":"Njeno Kraljevsko Viso\u010danstvo Princeza Katarina slavi ro\u0111endan u krugu u\u017ee porodice. Princeza Katarina se toplo zahvaljuje svima koji su joj poslali","og_url":"https:\/\/royalfamily.org\/lat\/njkv-princeza-katarina-slavi-rodendan1\/","og_site_name":"The Royal Family of Serbia","article_publisher":"https:\/\/www.facebook.com\/Prestolonaslednik.Aleksandar","article_published_time":"2020-11-13T18:05:09+00:00","og_image":[{"width":740,"height":360,"url":"https:\/\/royalfamily.org\/wp-content\/uploads\/2020\/09\/pa-cover-2.jpg","type":"image\/jpeg"}],"author":"Web Royal","twitter_card":"summary_large_image","twitter_misc":{"Written by":"Web Royal","Est. reading time":"1 minute"},"schema":{"@context":"https:\/\/schema.org","@graph":[{"@type":"Article","@id":"https:\/\/royalfamily.org\/lat\/njkv-princeza-katarina-slavi-rodendan1\/#article","isPartOf":{"@id":"https:\/\/royalfamily.org\/lat\/njkv-princeza-katarina-slavi-rodendan1\/"},"author":{"name":"Web Royal","@id":"https:\/\/royalfamily.org\/#\/schema\/person\/49383a0c31232a928463939891db1ad5"},"headline":"Nj.K.V. PRINCEZA KATARINA SLAVI RO\u0110ENDAN I IMA SAMO JEDNU \u017dELjU","datePublished":"2020-11-13T18:05:09+00:00","mainEntityOfPage":{"@id":"https:\/\/royalfamily.org\/lat\/njkv-princeza-katarina-slavi-rodendan1\/"},"wordCount":141,"publisher":{"@id":"https:\/\/royalfamily.org\/#organization"},"image":{"@id":"https:\/\/royalfamily.org\/lat\/njkv-princeza-katarina-slavi-rodendan1\/#primaryimage"},"thumbnailUrl":"https:\/\/royalfamily.org\/wp-content\/uploads\/2020\/09\/pa-cover-2.jpg","articleSection":["Vesti"],"inLanguage":"sr-LT"},{"@type":"WebPage","@id":"https:\/\/royalfamily.org\/lat\/njkv-princeza-katarina-slavi-rodendan1\/","url":"https:\/\/royalfamily.org\/lat\/njkv-princeza-katarina-slavi-rodendan1\/","name":"Nj.K.V. PRINCEZA KATARINA SLAVI RO\u0110ENDAN I IMA SAMO JEDNU \u017dELjU - The Royal Family of Serbia","isPartOf":{"@id":"https:\/\/royalfamily.org\/#website"},"primaryImageOfPage":{"@id":"https:\/\/royalfamily.org\/lat\/njkv-princeza-katarina-slavi-rodendan1\/#primaryimage"},"image":{"@id":"https:\/\/royalfamily.org\/lat\/njkv-princeza-katarina-slavi-rodendan1\/#primaryimage"},"thumbnailUrl":"https:\/\/royalfamily.org\/wp-content\/uploads\/2020\/09\/pa-cover-2.jpg","datePublished":"2020-11-13T18:05:09+00:00","description":"Njeno Kraljevsko Viso\u010danstvo Princeza Katarina slavi ro\u0111endan u krugu u\u017ee porodice. Princeza Katarina se toplo zahvaljuje svima koji su joj poslali","breadcrumb":{"@id":"https:\/\/royalfamily.org\/lat\/njkv-princeza-katarina-slavi-rodendan1\/#breadcrumb"},"inLanguage":"sr-LT","potentialAction":[{"@type":"ReadAction","target":["https:\/\/royalfamily.org\/lat\/njkv-princeza-katarina-slavi-rodendan1\/"]}]},{"@type":"ImageObject","inLanguage":"sr-LT","@id":"https:\/\/royalfamily.org\/lat\/njkv-princeza-katarina-slavi-rodendan1\/#primaryimage","url":"https:\/\/royalfamily.org\/wp-content\/uploads\/2020\/09\/pa-cover-2.jpg","contentUrl":"https:\/\/royalfamily.org\/wp-content\/uploads\/2020\/09\/pa-cover-2.jpg","width":740,"height":360,"caption":"PRINCEZA KATARINA POVODOM ME\u0110UNARODNE NEDELJE GLUVIH"},{"@type":"BreadcrumbList","@id":"https:\/\/royalfamily.org\/lat\/njkv-princeza-katarina-slavi-rodendan1\/#breadcrumb","itemListElement":[{"@type":"ListItem","position":1,"name":"Home","item":"https:\/\/royalfamily.org\/lat\/"},{"@type":"ListItem","position":2,"name":"Nj.K.V. PRINCEZA KATARINA SLAVI RO\u0110ENDAN I IMA SAMO JEDNU \u017dELjU"}]},{"@type":"WebSite","@id":"https:\/\/royalfamily.org\/#website","url":"https:\/\/royalfamily.org\/","name":"The Royal Family of Serbia","description":"From the people, for the people","publisher":{"@id":"https:\/\/royalfamily.org\/#organization"},"potentialAction":[{"@type":"SearchAction","target":{"@type":"EntryPoint","urlTemplate":"https:\/\/royalfamily.org\/?s={search_term_string}"},"query-input":{"@type":"PropertyValueSpecification","valueRequired":true,"valueName":"search_term_string"}}],"inLanguage":"sr-LT"},{"@type":"Organization","@id":"https:\/\/royalfamily.org\/#organization","name":"Royal Family","url":"https:\/\/royalfamily.org\/","logo":{"@type":"ImageObject","inLanguage":"sr-LT","@id":"https:\/\/royalfamily.org\/#\/schema\/logo\/image\/","url":"https:\/\/royalfamily.org\/wp-content\/uploads\/2019\/04\/logo-vector-02-V-latinica.png","contentUrl":"https:\/\/royalfamily.org\/wp-content\/uploads\/2019\/04\/logo-vector-02-V-latinica.png","width":552,"height":99,"caption":"Royal Family"},"image":{"@id":"https:\/\/royalfamily.org\/#\/schema\/logo\/image\/"},"sameAs":["https:\/\/www.facebook.com\/Prestolonaslednik.Aleksandar"]},{"@type":"Person","@id":"https:\/\/royalfamily.org\/#\/schema\/person\/49383a0c31232a928463939891db1ad5","name":"Web Royal","image":{"@type":"ImageObject","inLanguage":"sr-LT","@id":"https:\/\/secure.gravatar.com\/avatar\/8dbdbae4ed2a898dcf0dcd9d01bf41782c405af026744c66e6a62d6235a20271?s=96&d=mm&r=g","url":"https:\/\/secure.gravatar.com\/avatar\/8dbdbae4ed2a898dcf0dcd9d01bf41782c405af026744c66e6a62d6235a20271?s=96&d=mm&r=g","contentUrl":"https:\/\/secure.gravatar.com\/avatar\/8dbdbae4ed2a898dcf0dcd9d01bf41782c405af026744c66e6a62d6235a20271?s=96&d=mm&r=g","caption":"Web Royal"}}]}},"_links":{"self":[{"href":"https:\/\/royalfamily.org\/lat\/wp-json\/wp\/v2\/posts\/65523","targetHints":{"allow":["GET"]}}],"collection":[{"href":"https:\/\/royalfamily.org\/lat\/wp-json\/wp\/v2\/posts"}],"about":[{"href":"https:\/\/royalfamily.org\/lat\/wp-json\/wp\/v2\/types\/post"}],"author":[{"embeddable":true,"href":"https:\/\/royalfamily.org\/lat\/wp-json\/wp\/v2\/users\/1"}],"replies":[{"embeddable":true,"href":"https:\/\/royalfamily.org\/lat\/wp-json\/wp\/v2\/comments?post=65523"}],"version-history":[{"count":1,"href":"https:\/\/royalfamily.org\/lat\/wp-json\/wp\/v2\/posts\/65523\/revisions"}],"predecessor-version":[{"id":65524,"href":"https:\/\/royalfamily.org\/lat\/wp-json\/wp\/v2\/posts\/65523\/revisions\/65524"}],"wp:featuredmedia":[{"embeddable":true,"href":"https:\/\/royalfamily.org\/lat\/wp-json\/wp\/v2\/media\/65189"}],"wp:attachment":[{"href":"https:\/\/royalfamily.org\/lat\/wp-json\/wp\/v2\/media?parent=65523"}],"wp:term":[{"taxonomy":"category","embeddable":true,"href":"https:\/\/royalfamily.org\/lat\/wp-json\/wp\/v2\/categories?post=65523"},{"taxonomy":"post_tag","embeddable":true,"href":"https:\/\/royalfamily.org\/lat\/wp-json\/wp\/v2\/tags?post=65523"}],"curies":[{"name":"wp","href":"https:\/\/api.w.org\/{rel}","templated":true}]}}