{"id":7039,"date":"2013-01-04T00:00:00","date_gmt":"2013-01-04T00:00:00","guid":{"rendered":"https:\/\/royalfamily.org\/bozicna-i-novogodisnja-poruka-prestolonaslednika-aleksandra-ii-gradanima-koji-slave-bozic-i-novu-godinu-po-julijanskom-kalendaru\/"},"modified":"2013-01-04T00:00:00","modified_gmt":"2013-01-04T00:00:00","slug":"bozicna-i-novogodisnja-poruka-prestolonaslednika-aleksandra-ii-gradanima-koji-slave-bozic-i-novu-godinu-po-julijanskom-kalendaru","status":"publish","type":"post","link":"https:\/\/royalfamily.org\/lat\/bozicna-i-novogodisnja-poruka-prestolonaslednika-aleksandra-ii-gradanima-koji-slave-bozic-i-novu-godinu-po-julijanskom-kalendaru\/","title":{"rendered":"Bo\u017ei\u0107na i novogodi\u0161nja poruka Prestolonaslednika Aleksandra II gra\u0111anima koji slave Bo\u017ei\u0107 i Novu godinu po Julijanskom kalendaru"},"content":{"rendered":"<p>Njegovo Kraljevsko Viso\u010danstvo Prestolonaslednik Aleksandar II uputio je gra\u0111anima Srbije koji Bo\u017ei\u0107 slave po Julijanskom kalendaru slede\u0107u Bo\u017ei\u0107nu i Novogodi\u0161nju poruku.\u00a0<\/p>\n<p>Po\u0161tovani gra\u0111ani Srbije,<\/p>\n<p>2012. je bila veoma te\u0161ka godina za Srbiju, iako je ispunila sve svoje me\u0111unarodne obaveze. Jo\u0161 uvek nije zvani\u010dno zatra\u017eeno da Srbija prizna Kosovo, ali joj je nalo\u017eeno da sa njim normalizuje dobrosusedske odnose. Na\u0161 narod koji tamo \u017eivi je izlo\u017een velikom pritisku. To se sve de\u0161avalo u 2012. godini koja je stogodi\u0161njica Prvog balkanskog rata kojim je moj pradeda Kralj Petar Prvi ispunio Kosovski zavet i posle pet vekova oslobodio srpski Jerusalim. I tada, pre 100 godina Srbija je tra\u017eila svoj put izme\u0111u velikih sila koje joj nisu uvek bile naklonjene, ali je imala svoje nacionalne ciljeve, svoju strategiju, i svoje na\u010dine kako da ih ostvari. Neki ka\u017eu da istorija ne sme da bude teret za put u budu\u0107nost, i ja se sa time sla\u017eim, ali istorija mora da nam bude nauk, iz nje moramo da u\u010dimo da ne bismo pravili iste gre\u0161ke.<\/p>\n<p>Ekonomija je tako\u0111e oblast u kojoj smo pro\u017eiveli jo\u0161 jednu te\u0161ku godinu, i to ne samo mi, ve\u0107 \u010ditav svet. Ipak, potrebni su mnogo energi\u010dniji potezi, potrebno je da se sru\u0161e jo\u0161 mnogobrojne birokratske barijere kako bi poslovna klima u Srbiji postala dobra za na\u0161e privrednike i po\u017eeljna za strane investitore.<\/p>\n<p>Izuzetno sam ponosan \u0161to je godina na izmaku donela vi\u0161e svetski zna\u010dajnih rezultata. Na\u0161i mladi matemati\u010dari su ponovo pobe\u0111ivali na svetskim takmi\u010danjima, kao i na\u0161i sportisti koji su doneli medalje sa Olimpijskih igara. Pobednici su tu, me\u0111u nama. Svi ovi rezultati i dostignu\u0107a potvr\u0111uju da je Srbija zemlja sa mnogo talenata i velikim potencijalima.<\/p>\n<p>Upravo zbog toga treba svi da se ujedinimo i gradimo stabilno i prosperitetno dru\u0161tvo, za dobrobit na\u0161e otad\u017ebine, svojih porodica i svih gra\u0111ana Srbije, bez obzira na njihovo poreklo ili versko opredeljenje.<\/p>\n<p>Moja porodica mi se pridru\u017euje u najboljim \u017eeljama svim gra\u0111anima Srbije za sre\u0107nu i beri\u0107etnu Novu 2013. godinu.<\/p>\n<p>Sre\u0107an vam Bo\u017ei\u0107,<\/p>\n<p>Hristos se rodi!<\/p>\n<p>Aleksandar<\/p>\n","protected":false},"excerpt":{"rendered":"<p>Njegovo Kraljevsko Viso\u010danstvo Prestolonaslednik Aleksandar II uputio je gra\u0111anima Srbije koji Bo\u017ei\u0107 slave po Julijanskom  [&#8230;]<\/p>\n","protected":false},"author":1,"featured_media":0,"comment_status":"closed","ping_status":"open","sticky":false,"template":"","format":"standard","meta":{"_acf_changed":false,"footnotes":""},"categories":[22],"tags":[],"class_list":["post-7039","post","type-post","status-publish","format-standard","hentry","category-vesti"],"acf":[],"yoast_head":"<!-- This site is optimized with the Yoast SEO Premium plugin v27.5 (Yoast SEO v27.5) - https:\/\/yoast.com\/product\/yoast-seo-premium-wordpress\/ -->\n<title>Bo\u017ei\u0107na i novogodi\u0161nja poruka Prestolonaslednika Aleksandra II gra\u0111anima koji slave Bo\u017ei\u0107 i Novu godinu po Julijanskom kalendaru - The Royal Family of Serbia<\/title>\n<meta name=\"description\" content=\"Njegovo Kraljevsko Viso\u010danstvo Prestolonaslednik Aleksandar II uputio je gra\u0111anima Srbije koji Bo\u017ei\u0107 slave po Julijanskom kalendaru slede\u0107u Bo\u017ei\u0107nu i\" \/>\n<meta name=\"robots\" content=\"index, follow, max-snippet:-1, max-image-preview:large, max-video-preview:-1\" \/>\n<link rel=\"canonical\" href=\"https:\/\/royalfamily.org\/lat\/bozicna-i-novogodisnja-poruka-prestolonaslednika-aleksandra-ii-gradanima-koji-slave-bozic-i-novu-godinu-po-julijanskom-kalendaru\/\" \/>\n<meta property=\"og:locale\" content=\"en_US\" \/>\n<meta property=\"og:type\" content=\"article\" \/>\n<meta property=\"og:title\" content=\"Bo\u017ei\u0107na i novogodi\u0161nja poruka Prestolonaslednika Aleksandra II gra\u0111anima koji slave Bo\u017ei\u0107 i Novu godinu po Julijanskom kalendaru\" \/>\n<meta property=\"og:description\" content=\"Njegovo Kraljevsko Viso\u010danstvo Prestolonaslednik Aleksandar II uputio je gra\u0111anima Srbije koji Bo\u017ei\u0107 slave po Julijanskom kalendaru slede\u0107u Bo\u017ei\u0107nu i\" \/>\n<meta property=\"og:url\" content=\"https:\/\/royalfamily.org\/lat\/bozicna-i-novogodisnja-poruka-prestolonaslednika-aleksandra-ii-gradanima-koji-slave-bozic-i-novu-godinu-po-julijanskom-kalendaru\/\" \/>\n<meta property=\"og:site_name\" content=\"The Royal Family of Serbia\" \/>\n<meta property=\"article:publisher\" content=\"https:\/\/www.facebook.com\/Prestolonaslednik.Aleksandar\" \/>\n<meta property=\"article:published_time\" content=\"2013-01-04T00:00:00+00:00\" \/>\n<meta name=\"author\" content=\"Web Royal\" \/>\n<meta name=\"twitter:card\" content=\"summary_large_image\" \/>\n<meta name=\"twitter:label1\" content=\"Written by\" \/>\n\t<meta name=\"twitter:data1\" content=\"Web Royal\" \/>\n\t<meta name=\"twitter:label2\" content=\"Est. reading time\" \/>\n\t<meta name=\"twitter:data2\" content=\"2 minutes\" \/>\n<script type=\"application\/ld+json\" class=\"yoast-schema-graph\">{\"@context\":\"https:\\\/\\\/schema.org\",\"@graph\":[{\"@type\":\"Article\",\"@id\":\"https:\\\/\\\/royalfamily.org\\\/lat\\\/bozicna-i-novogodisnja-poruka-prestolonaslednika-aleksandra-ii-gradanima-koji-slave-bozic-i-novu-godinu-po-julijanskom-kalendaru\\\/#article\",\"isPartOf\":{\"@id\":\"https:\\\/\\\/royalfamily.org\\\/lat\\\/bozicna-i-novogodisnja-poruka-prestolonaslednika-aleksandra-ii-gradanima-koji-slave-bozic-i-novu-godinu-po-julijanskom-kalendaru\\\/\"},\"author\":{\"name\":\"Web Royal\",\"@id\":\"https:\\\/\\\/royalfamily.org\\\/#\\\/schema\\\/person\\\/49383a0c31232a928463939891db1ad5\"},\"headline\":\"Bo\u017ei\u0107na i novogodi\u0161nja poruka Prestolonaslednika Aleksandra II gra\u0111anima koji slave Bo\u017ei\u0107 i Novu godinu po Julijanskom kalendaru\",\"datePublished\":\"2013-01-04T00:00:00+00:00\",\"mainEntityOfPage\":{\"@id\":\"https:\\\/\\\/royalfamily.org\\\/lat\\\/bozicna-i-novogodisnja-poruka-prestolonaslednika-aleksandra-ii-gradanima-koji-slave-bozic-i-novu-godinu-po-julijanskom-kalendaru\\\/\"},\"wordCount\":400,\"publisher\":{\"@id\":\"https:\\\/\\\/royalfamily.org\\\/#organization\"},\"articleSection\":[\"Vesti\"],\"inLanguage\":\"sr-LT\"},{\"@type\":\"WebPage\",\"@id\":\"https:\\\/\\\/royalfamily.org\\\/lat\\\/bozicna-i-novogodisnja-poruka-prestolonaslednika-aleksandra-ii-gradanima-koji-slave-bozic-i-novu-godinu-po-julijanskom-kalendaru\\\/\",\"url\":\"https:\\\/\\\/royalfamily.org\\\/lat\\\/bozicna-i-novogodisnja-poruka-prestolonaslednika-aleksandra-ii-gradanima-koji-slave-bozic-i-novu-godinu-po-julijanskom-kalendaru\\\/\",\"name\":\"Bo\u017ei\u0107na i novogodi\u0161nja poruka Prestolonaslednika Aleksandra II gra\u0111anima koji slave Bo\u017ei\u0107 i Novu godinu po Julijanskom kalendaru - The Royal Family of Serbia\",\"isPartOf\":{\"@id\":\"https:\\\/\\\/royalfamily.org\\\/#website\"},\"datePublished\":\"2013-01-04T00:00:00+00:00\",\"description\":\"Njegovo Kraljevsko Viso\u010danstvo Prestolonaslednik Aleksandar II uputio je gra\u0111anima Srbije koji Bo\u017ei\u0107 slave po Julijanskom kalendaru slede\u0107u Bo\u017ei\u0107nu i\",\"breadcrumb\":{\"@id\":\"https:\\\/\\\/royalfamily.org\\\/lat\\\/bozicna-i-novogodisnja-poruka-prestolonaslednika-aleksandra-ii-gradanima-koji-slave-bozic-i-novu-godinu-po-julijanskom-kalendaru\\\/#breadcrumb\"},\"inLanguage\":\"sr-LT\",\"potentialAction\":[{\"@type\":\"ReadAction\",\"target\":[\"https:\\\/\\\/royalfamily.org\\\/lat\\\/bozicna-i-novogodisnja-poruka-prestolonaslednika-aleksandra-ii-gradanima-koji-slave-bozic-i-novu-godinu-po-julijanskom-kalendaru\\\/\"]}]},{\"@type\":\"BreadcrumbList\",\"@id\":\"https:\\\/\\\/royalfamily.org\\\/lat\\\/bozicna-i-novogodisnja-poruka-prestolonaslednika-aleksandra-ii-gradanima-koji-slave-bozic-i-novu-godinu-po-julijanskom-kalendaru\\\/#breadcrumb\",\"itemListElement\":[{\"@type\":\"ListItem\",\"position\":1,\"name\":\"Home\",\"item\":\"https:\\\/\\\/royalfamily.org\\\/lat\\\/\"},{\"@type\":\"ListItem\",\"position\":2,\"name\":\"Bo\u017ei\u0107na i novogodi\u0161nja poruka Prestolonaslednika Aleksandra II gra\u0111anima koji slave Bo\u017ei\u0107 i Novu godinu po Julijanskom kalendaru\"}]},{\"@type\":\"WebSite\",\"@id\":\"https:\\\/\\\/royalfamily.org\\\/#website\",\"url\":\"https:\\\/\\\/royalfamily.org\\\/\",\"name\":\"The Royal Family of Serbia\",\"description\":\"From the people, for the people\",\"publisher\":{\"@id\":\"https:\\\/\\\/royalfamily.org\\\/#organization\"},\"potentialAction\":[{\"@type\":\"SearchAction\",\"target\":{\"@type\":\"EntryPoint\",\"urlTemplate\":\"https:\\\/\\\/royalfamily.org\\\/?s={search_term_string}\"},\"query-input\":{\"@type\":\"PropertyValueSpecification\",\"valueRequired\":true,\"valueName\":\"search_term_string\"}}],\"inLanguage\":\"sr-LT\"},{\"@type\":\"Organization\",\"@id\":\"https:\\\/\\\/royalfamily.org\\\/#organization\",\"name\":\"Royal Family\",\"url\":\"https:\\\/\\\/royalfamily.org\\\/\",\"logo\":{\"@type\":\"ImageObject\",\"inLanguage\":\"sr-LT\",\"@id\":\"https:\\\/\\\/royalfamily.org\\\/#\\\/schema\\\/logo\\\/image\\\/\",\"url\":\"https:\\\/\\\/royalfamily.org\\\/wp-content\\\/uploads\\\/2019\\\/04\\\/logo-vector-02-V-latinica.png\",\"contentUrl\":\"https:\\\/\\\/royalfamily.org\\\/wp-content\\\/uploads\\\/2019\\\/04\\\/logo-vector-02-V-latinica.png\",\"width\":552,\"height\":99,\"caption\":\"Royal Family\"},\"image\":{\"@id\":\"https:\\\/\\\/royalfamily.org\\\/#\\\/schema\\\/logo\\\/image\\\/\"},\"sameAs\":[\"https:\\\/\\\/www.facebook.com\\\/Prestolonaslednik.Aleksandar\"]},{\"@type\":\"Person\",\"@id\":\"https:\\\/\\\/royalfamily.org\\\/#\\\/schema\\\/person\\\/49383a0c31232a928463939891db1ad5\",\"name\":\"Web Royal\",\"image\":{\"@type\":\"ImageObject\",\"inLanguage\":\"sr-LT\",\"@id\":\"https:\\\/\\\/secure.gravatar.com\\\/avatar\\\/8dbdbae4ed2a898dcf0dcd9d01bf41782c405af026744c66e6a62d6235a20271?s=96&d=mm&r=g\",\"url\":\"https:\\\/\\\/secure.gravatar.com\\\/avatar\\\/8dbdbae4ed2a898dcf0dcd9d01bf41782c405af026744c66e6a62d6235a20271?s=96&d=mm&r=g\",\"contentUrl\":\"https:\\\/\\\/secure.gravatar.com\\\/avatar\\\/8dbdbae4ed2a898dcf0dcd9d01bf41782c405af026744c66e6a62d6235a20271?s=96&d=mm&r=g\",\"caption\":\"Web Royal\"}}]}<\/script>\n<!-- \/ Yoast SEO Premium plugin. -->","yoast_head_json":{"title":"Bo\u017ei\u0107na i novogodi\u0161nja poruka Prestolonaslednika Aleksandra II gra\u0111anima koji slave Bo\u017ei\u0107 i Novu godinu po Julijanskom kalendaru - The Royal Family of Serbia","description":"Njegovo Kraljevsko Viso\u010danstvo Prestolonaslednik Aleksandar II uputio je gra\u0111anima Srbije koji Bo\u017ei\u0107 slave po Julijanskom kalendaru slede\u0107u Bo\u017ei\u0107nu i","robots":{"index":"index","follow":"follow","max-snippet":"max-snippet:-1","max-image-preview":"max-image-preview:large","max-video-preview":"max-video-preview:-1"},"canonical":"https:\/\/royalfamily.org\/lat\/bozicna-i-novogodisnja-poruka-prestolonaslednika-aleksandra-ii-gradanima-koji-slave-bozic-i-novu-godinu-po-julijanskom-kalendaru\/","og_locale":"en_US","og_type":"article","og_title":"Bo\u017ei\u0107na i novogodi\u0161nja poruka Prestolonaslednika Aleksandra II gra\u0111anima koji slave Bo\u017ei\u0107 i Novu godinu po Julijanskom kalendaru","og_description":"Njegovo Kraljevsko Viso\u010danstvo Prestolonaslednik Aleksandar II uputio je gra\u0111anima Srbije koji Bo\u017ei\u0107 slave po Julijanskom kalendaru slede\u0107u Bo\u017ei\u0107nu i","og_url":"https:\/\/royalfamily.org\/lat\/bozicna-i-novogodisnja-poruka-prestolonaslednika-aleksandra-ii-gradanima-koji-slave-bozic-i-novu-godinu-po-julijanskom-kalendaru\/","og_site_name":"The Royal Family of Serbia","article_publisher":"https:\/\/www.facebook.com\/Prestolonaslednik.Aleksandar","article_published_time":"2013-01-04T00:00:00+00:00","author":"Web Royal","twitter_card":"summary_large_image","twitter_misc":{"Written by":"Web Royal","Est. reading time":"2 minutes"},"schema":{"@context":"https:\/\/schema.org","@graph":[{"@type":"Article","@id":"https:\/\/royalfamily.org\/lat\/bozicna-i-novogodisnja-poruka-prestolonaslednika-aleksandra-ii-gradanima-koji-slave-bozic-i-novu-godinu-po-julijanskom-kalendaru\/#article","isPartOf":{"@id":"https:\/\/royalfamily.org\/lat\/bozicna-i-novogodisnja-poruka-prestolonaslednika-aleksandra-ii-gradanima-koji-slave-bozic-i-novu-godinu-po-julijanskom-kalendaru\/"},"author":{"name":"Web Royal","@id":"https:\/\/royalfamily.org\/#\/schema\/person\/49383a0c31232a928463939891db1ad5"},"headline":"Bo\u017ei\u0107na i novogodi\u0161nja poruka Prestolonaslednika Aleksandra II gra\u0111anima koji slave Bo\u017ei\u0107 i Novu godinu po Julijanskom kalendaru","datePublished":"2013-01-04T00:00:00+00:00","mainEntityOfPage":{"@id":"https:\/\/royalfamily.org\/lat\/bozicna-i-novogodisnja-poruka-prestolonaslednika-aleksandra-ii-gradanima-koji-slave-bozic-i-novu-godinu-po-julijanskom-kalendaru\/"},"wordCount":400,"publisher":{"@id":"https:\/\/royalfamily.org\/#organization"},"articleSection":["Vesti"],"inLanguage":"sr-LT"},{"@type":"WebPage","@id":"https:\/\/royalfamily.org\/lat\/bozicna-i-novogodisnja-poruka-prestolonaslednika-aleksandra-ii-gradanima-koji-slave-bozic-i-novu-godinu-po-julijanskom-kalendaru\/","url":"https:\/\/royalfamily.org\/lat\/bozicna-i-novogodisnja-poruka-prestolonaslednika-aleksandra-ii-gradanima-koji-slave-bozic-i-novu-godinu-po-julijanskom-kalendaru\/","name":"Bo\u017ei\u0107na i novogodi\u0161nja poruka Prestolonaslednika Aleksandra II gra\u0111anima koji slave Bo\u017ei\u0107 i Novu godinu po Julijanskom kalendaru - The Royal Family of Serbia","isPartOf":{"@id":"https:\/\/royalfamily.org\/#website"},"datePublished":"2013-01-04T00:00:00+00:00","description":"Njegovo Kraljevsko Viso\u010danstvo Prestolonaslednik Aleksandar II uputio je gra\u0111anima Srbije koji Bo\u017ei\u0107 slave po Julijanskom kalendaru slede\u0107u Bo\u017ei\u0107nu i","breadcrumb":{"@id":"https:\/\/royalfamily.org\/lat\/bozicna-i-novogodisnja-poruka-prestolonaslednika-aleksandra-ii-gradanima-koji-slave-bozic-i-novu-godinu-po-julijanskom-kalendaru\/#breadcrumb"},"inLanguage":"sr-LT","potentialAction":[{"@type":"ReadAction","target":["https:\/\/royalfamily.org\/lat\/bozicna-i-novogodisnja-poruka-prestolonaslednika-aleksandra-ii-gradanima-koji-slave-bozic-i-novu-godinu-po-julijanskom-kalendaru\/"]}]},{"@type":"BreadcrumbList","@id":"https:\/\/royalfamily.org\/lat\/bozicna-i-novogodisnja-poruka-prestolonaslednika-aleksandra-ii-gradanima-koji-slave-bozic-i-novu-godinu-po-julijanskom-kalendaru\/#breadcrumb","itemListElement":[{"@type":"ListItem","position":1,"name":"Home","item":"https:\/\/royalfamily.org\/lat\/"},{"@type":"ListItem","position":2,"name":"Bo\u017ei\u0107na i novogodi\u0161nja poruka Prestolonaslednika Aleksandra II gra\u0111anima koji slave Bo\u017ei\u0107 i Novu godinu po Julijanskom kalendaru"}]},{"@type":"WebSite","@id":"https:\/\/royalfamily.org\/#website","url":"https:\/\/royalfamily.org\/","name":"The Royal Family of Serbia","description":"From the people, for the people","publisher":{"@id":"https:\/\/royalfamily.org\/#organization"},"potentialAction":[{"@type":"SearchAction","target":{"@type":"EntryPoint","urlTemplate":"https:\/\/royalfamily.org\/?s={search_term_string}"},"query-input":{"@type":"PropertyValueSpecification","valueRequired":true,"valueName":"search_term_string"}}],"inLanguage":"sr-LT"},{"@type":"Organization","@id":"https:\/\/royalfamily.org\/#organization","name":"Royal Family","url":"https:\/\/royalfamily.org\/","logo":{"@type":"ImageObject","inLanguage":"sr-LT","@id":"https:\/\/royalfamily.org\/#\/schema\/logo\/image\/","url":"https:\/\/royalfamily.org\/wp-content\/uploads\/2019\/04\/logo-vector-02-V-latinica.png","contentUrl":"https:\/\/royalfamily.org\/wp-content\/uploads\/2019\/04\/logo-vector-02-V-latinica.png","width":552,"height":99,"caption":"Royal Family"},"image":{"@id":"https:\/\/royalfamily.org\/#\/schema\/logo\/image\/"},"sameAs":["https:\/\/www.facebook.com\/Prestolonaslednik.Aleksandar"]},{"@type":"Person","@id":"https:\/\/royalfamily.org\/#\/schema\/person\/49383a0c31232a928463939891db1ad5","name":"Web Royal","image":{"@type":"ImageObject","inLanguage":"sr-LT","@id":"https:\/\/secure.gravatar.com\/avatar\/8dbdbae4ed2a898dcf0dcd9d01bf41782c405af026744c66e6a62d6235a20271?s=96&d=mm&r=g","url":"https:\/\/secure.gravatar.com\/avatar\/8dbdbae4ed2a898dcf0dcd9d01bf41782c405af026744c66e6a62d6235a20271?s=96&d=mm&r=g","contentUrl":"https:\/\/secure.gravatar.com\/avatar\/8dbdbae4ed2a898dcf0dcd9d01bf41782c405af026744c66e6a62d6235a20271?s=96&d=mm&r=g","caption":"Web Royal"}}]}},"_links":{"self":[{"href":"https:\/\/royalfamily.org\/lat\/wp-json\/wp\/v2\/posts\/7039","targetHints":{"allow":["GET"]}}],"collection":[{"href":"https:\/\/royalfamily.org\/lat\/wp-json\/wp\/v2\/posts"}],"about":[{"href":"https:\/\/royalfamily.org\/lat\/wp-json\/wp\/v2\/types\/post"}],"author":[{"embeddable":true,"href":"https:\/\/royalfamily.org\/lat\/wp-json\/wp\/v2\/users\/1"}],"replies":[{"embeddable":true,"href":"https:\/\/royalfamily.org\/lat\/wp-json\/wp\/v2\/comments?post=7039"}],"version-history":[{"count":0,"href":"https:\/\/royalfamily.org\/lat\/wp-json\/wp\/v2\/posts\/7039\/revisions"}],"wp:attachment":[{"href":"https:\/\/royalfamily.org\/lat\/wp-json\/wp\/v2\/media?parent=7039"}],"wp:term":[{"taxonomy":"category","embeddable":true,"href":"https:\/\/royalfamily.org\/lat\/wp-json\/wp\/v2\/categories?post=7039"},{"taxonomy":"post_tag","embeddable":true,"href":"https:\/\/royalfamily.org\/lat\/wp-json\/wp\/v2\/tags?post=7039"}],"curies":[{"name":"wp","href":"https:\/\/api.w.org\/{rel}","templated":true}]}}